{"id":2640446,"date":"2025-10-01T04:44:18","date_gmt":"2025-10-01T03:44:18","guid":{"rendered":"https:\/\/www.pressenza.com\/?p=2640446"},"modified":"2025-10-01T04:54:28","modified_gmt":"2025-10-01T03:54:28","slug":"la-verdad-entre-la-luz-y-la-sombra-boicot-cultural-memoria-historica-y-politica-del-sentido","status":"publish","type":"post","link":"https:\/\/www.pressenza.com\/es\/2025\/10\/la-verdad-entre-la-luz-y-la-sombra-boicot-cultural-memoria-historica-y-politica-del-sentido\/","title":{"rendered":"La verdad entre la luz y la sombra: boicot cultural, memoria hist\u00f3rica y pol\u00edtica del sentido"},"content":{"rendered":"<p>La campa\u00f1a \u201cNo Music For Genocide\u201d no es un gesto aislado de indignaci\u00f3n. Es una intervenci\u00f3n cultural que reabre una pregunta antigua y urgente: \u00bfqu\u00e9 hacemos con la verdad cuando aparece ante nosotros? \u00bfLa hacemos crecer como luz, o la instrumentalizamos como sombra? M\u00e1s de 400 artistas y sellos han decidido geobloquear sus cat\u00e1logos en Israel \u2014o retirar por completo su obra de ciertas plataformas\u2014 para negar la normalidad cultural de un Estado acusado de genocidio en Gaza y de pr\u00e1cticas de apartheid contra el pueblo palestino.<\/p>\n<p>No se trata de un castigo arbitrario al p\u00fablico, sino de una decisi\u00f3n pol\u00edtica consciente: colocar la verdad de frente, validarla con radicalidad y actuar en consecuencia, interrumpiendo la circulaci\u00f3n simb\u00f3lica que hace \u201cnormal\u201d lo intolerable. La campa\u00f1a, lanzada a mediados de septiembre de 2025, convoca a aplicar geo-restricci\u00f3n en Israel sobre los cat\u00e1logos musicales, a coordinar acciones de visibilizaci\u00f3n \u2014como la toma de 48 horas de Radio AlHara en Cisjordania\u2014 y a inspirarse en el precedente sudafricano del boicot cultural. Entre los nombres que han adherido o se han alineado p\u00fablicamente figuran Massive Attack, Primal Scream, Bj\u00f6rk, Japanese Breakfast, MIKE, Arca, Faye Webster, Fontaines D.C. y otros cientos, con sellos y colectivos que respaldan el movimiento.<\/p>\n<p>Nombrar las plataformas no es un detalle menor, pues en ellas se materializa el dilema \u00e9tico. El boicot apunta a los \u201cDSPs\u201d (digital service providers) que concentran la escucha global: Spotify, Apple Music, Deezer, Tidal, YouTube Music y Amazon Music. La medida m\u00e1s extendida es el geobloqueo en Israel, una palanca t\u00e9cnica ya conocida por los artistas en otros contextos geopol\u00edticos y que hoy sirve para negar legitimidad cultural mientras dure el crimen. En paralelo, una veta m\u00e1s radical del boicot ha decidido salir de Spotify a nivel global, encendiendo el debate por la ronda cercana a 700 millones de d\u00f3lares liderada por Daniel Ek, CEO de Spotify, en la compa\u00f1\u00eda europea de inteligencia militar Helsing. Para muchos m\u00fasicos, seguir monetizando en Spotify implica que una porci\u00f3n del valor de su arte alimenta tecnolog\u00edas de guerra. Por eso, bandas como Massive Attack han pedido retirar su m\u00fasica de Spotify en todo el mundo y solicitar el geobloqueo en Israel en el resto de plataformas. Otros artistas y sellos denuncian el \u201cgravamen moral\u201d entre la econom\u00eda del streaming y los complejos militares de alta tecnolog\u00eda.<\/p>\n<p>Ser precisos sobre \u201cvinculaciones\u201d es necesario: al momento, no hay evidencia p\u00fablica de que Apple Music, Deezer, Tidal, YouTube Music o Amazon Music financien directamente empresas armament\u00edsticas israel\u00edes; el foco actual recae en Spotify por la inversi\u00f3n de su CEO en defensa europea. En las dem\u00e1s plataformas, el reproche \u00e9tico reside en su operaci\u00f3n comercial en Israel y en la contribuci\u00f3n a la normalizaci\u00f3n cultural de un contexto donde se ha documentado un \u201capartheid digital\u201d que restringe conectividad y circulaci\u00f3n de contenidos palestinos. En Gaza y Cisjordania, apagones, estrangulamientos de red y sesgos de moderaci\u00f3n pedidos por unidades estatales hacen a\u00fan m\u00e1s asim\u00e9trica la esfera p\u00fablica musical. Por eso, la acusaci\u00f3n de \u00abno ser c\u00f3mplices\u00bb tiene dos capas: cortar el flujo econ\u00f3mico\/simb\u00f3lico hacia quienes tienen v\u00ednculos b\u00e9licos, y negarse a decorar con playlists una arquitectura que silencia a las v\u00edctimas.<\/p>\n<p>Aqu\u00ed comienza a enlazarse la discusi\u00f3n filos\u00f3fica: la validaci\u00f3n de la verdad, y la negaci\u00f3n de la complicidad, se articulan en actos que buscan establecer un nuevo sentido en lo p\u00fablico. Cada repetici\u00f3n de la denuncia no es redundante, sino una estrategia para frustrar el olvido, luchar contra la complicidad y forzar a la cultura a pensar sus propios l\u00edmites. As\u00ed, la pregunta sobre la verdad no es abstracta: \u00bfpuede la cultura ser neutral ante el crimen? \u00bfEs posible que la verdad sobreviva a la instrumentalizaci\u00f3n como producto, como cobertura mercantil? El boicot confronta directamente este dilema, apostando por una \u00e9tica en la que la memoria es activa y tomar partido ya no es una opci\u00f3n relegada sino indispensable.<\/p>\n<p>En este punto, el dilema articula una tradici\u00f3n filos\u00f3fica crucial que atraviesa milenios y llega al presente. Si para S\u00f3crates la verdad es emancipaci\u00f3n \u2014la labor de la filosof\u00eda consiste en parir la verdad y no en ocultarla, aun a costa de incomodidad personal y colectiva\u2014, para Maquiavelo la verdad deviene instrumento: lo que importa es el efecto, no la verdad en s\u00ed. S\u00f3crates desaf\u00eda a sus conciudadanos a no temer la incomodidad ni el riesgo de la condena si es en nombre de la b\u00fasqueda justa; el fil\u00f3sofo se convierte en testigo inc\u00f3modo. Frente a ello, Maquiavelo ense\u00f1a a los gobernantes que la verdad puede y debe ser ocultada, simulada, dosificada seg\u00fan la oportunidad, y que la supervivencia del poder justifica la traici\u00f3n y la sombra. Si el gesto de S\u00f3crates es el del artista que boicotea y desaf\u00eda la normalidad, el de Maquiavelo es indicativo del poder que instrumentaliza la cultura para perpetuar el statu quo: ambos vectores chocan en cada acto de geobloqueo, cada playlist retirada, cada decisi\u00f3n de visibilizar o callar.<\/p>\n<p>Sin embargo, la discusi\u00f3n sobre verdad y complicidad se complejiza. Hannah Arendt advierte que la mayor amenaza a la libertad de opinar no radica en la censura declarada, sino en la disoluci\u00f3n y sustituci\u00f3n de los hechos: cuando \u201chechos alternativos\u201d, cuidadosamente editados, se imponen al juicio p\u00fablico, la mentira deja de ser excepcional y funda un mundo opaco donde la memoria es campo de batalla. Para Arendt, el compromiso del intelectual y del creador es con la defensa del espacio factual que permite el juicio. En el contexto del boicot musical, el retiro de obras funciona como afirmaci\u00f3n radical de la existencia de acontecimientos intolerables y como gesto que niega a la cultura funcionar de tel\u00f3n de fondo a la normalizaci\u00f3n del crimen.<\/p>\n<p>Noam Chomsky lleva esta exigencia al terreno de la acci\u00f3n pol\u00edtica e intelectual contempor\u00e1nea: comprometerse con la verdad es, por definici\u00f3n, incomodar al poder y tomar partido. No basta con relatar los hechos, sino que se debe revelar la fabricaci\u00f3n activa de consensos que perpet\u00faan injusticias; el \u201cconsenso manufacturado\u201d es el peligro estructural de nuestros medios globalizados. Al renunciar a la neutralidad, los m\u00fasicos boicoteadores asumen \u2014como pide Chomsky\u2014 la tarea de ensuciar el discurso, manchar la superficialidad confortable del consumo y provocar los interrogantes que la cultura dominante silencia.<\/p>\n<p>Byung-Chul Han suma otra arista indispensable: la positividad y transparencia neoliberal no iguala verdad y visibilidad. Vivimos bajo el paradigma del \u201ctodo debe mostrarse\u201d, pero en ese oc\u00e9ano de datos y accesos, la vida humana, el dolor, la violencia estructural quedan perfectamente disueltos, estetizados, apropiados por las m\u00e9tricas y el flujo mercantil. La cultura, cuando se amolda a esta l\u00f3gica, pierde filo y toda denuncia corre el riesgo de vaciarse en simulacro. El boicot \u2014con su retirada y su gesto estridente de ausencia\u2014 interrumpe ese flujo, restituye la negatividad, la opacidad, el poder de la incomodidad frente a la circulaci\u00f3n acr\u00edtica.<\/p>\n<p>Slavoj \u017di\u017eek dir\u00eda que el verdadero acto \u00e9tico no es la enunciaci\u00f3n sino el corte, la interrupci\u00f3n. No es simplemente cuesti\u00f3n de elegir \u201cqu\u00e9 me gusta o no\u201d; es atreverse, a trav\u00e9s de la incomodidad propia y ajena, a romper el circuito de goce y autojustificaci\u00f3n que perpet\u00faa la violencia sist\u00e9mica. Un boicot musical verdadero produce esa fisura: niega el microplacer, reposa en el gesto negativo y convierte la ausencia \u2014el silencio\u2014 en pregunta pol\u00edtica. El arte, entonces, deja su funci\u00f3n de anestesia y vuelve a inquietar conciencias.<\/p>\n<p>Walter Benjamin trae la advertencia final: toda denuncia, toda memoria, puede ser capturada, estetizada y vuelta mercanc\u00eda, incluso la cr\u00edtica m\u00e1s radical. Si la pol\u00edtica se estetiza, pierde toda capacidad de emancipar y se convierte en espect\u00e1culo. La pedagog\u00eda de \u201cNo Music For Genocide\u201d es, por tanto, tambi\u00e9n una lucha contra su propia cooptaci\u00f3n: busca mantener la fuerza del gesto, obligar a arrastrar el peso de la incomodidad y se\u00f1alar que el arte no es solo \u201cdecoraci\u00f3n\u201d ni su silencio mero producto.<\/p>\n<p>La consistencia \u2014material, discursiva, estrat\u00e9gica\u2014 se vuelve aqu\u00ed el n\u00facleo del valor filos\u00f3fico y pol\u00edtico de la campa\u00f1a. Retirar o bloquear la m\u00fasica donde corresponde; argumentar, sin vaciarse en hashtag, la relaci\u00f3n entre econom\u00eda del streaming, cadenas de inversi\u00f3n y sufrimiento humano; articularse con redes locales de memoria y resistencia. As\u00ed, la verdad deja de ser una f\u00f3rmula y se reencarna como pr\u00e1ctica de intervenci\u00f3n colectiva. Cada reiteraci\u00f3n sobre la complicidad y la legitimidad, lejos de ser una traba o c\u00edrculo, es una nueva cuenta en la trama, una tensi\u00f3n y un recordatorio de que la batalla por la memoria y la verdad requiere insistencia, lentitud, incomodidad y comunidad.<\/p>\n<p>El boicot musical, entendido as\u00ed, no es solo rechazo: es intervenci\u00f3n geneal\u00f3gica, praxis colectiva y disputa viva por la funci\u00f3n de la cultura. No se trata de ganar una guerra, ni de erigir la cultura en juez \u00faltimo de la pol\u00edtica, sino de impedir \u2014en la medida de lo posible\u2014 que el olvido gane la paz. Cuando cientos de m\u00fasicos retiran o bloquean sus obras, cuando el p\u00fablico se queda sin playlists y pregunta \u201c\u00bfpor qu\u00e9?\u201d, cuando las plataformas deben responder por sus flujos y ejecutivos, ocurre algo m\u00e1s que un gesto simb\u00f3lico: la verdad, validada de frente, vuelve a encender luz donde hab\u00eda penumbra. Y esa luz no es una simple met\u00e1fora; es memoria, es pregunta y es el umbral de otra conversaci\u00f3n. La tarea de la cultura, en tiempos de devastaci\u00f3n, es recordarnos que la humanidad no es un algoritmo de repetici\u00f3n infinita, sino la capacidad, siempre fr\u00e1gil y urgente, de elegir la verdad \u2014aunque duela\u2014 sobre la comodidad de la sombra.<\/p>\n","protected":false},"excerpt":{"rendered":"<p>La campa\u00f1a \u201cNo Music For Genocide\u201d no es un gesto aislado de indignaci\u00f3n. Es una intervenci\u00f3n cultural que reabre una pregunta antigua y urgente: \u00bfqu\u00e9 hacemos con la verdad cuando aparece ante nosotros? \u00bfLa hacemos crecer como luz, o la&hellip;<\/p>\n","protected":false},"author":1757,"featured_media":2640454,"comment_status":"closed","ping_status":"closed","sticky":false,"template":"","format":"standard","meta":{"footnotes":""},"categories":[76,11389,75,79,161,1243],"tags":[14757,1495,30867],"class_list":["post-2640446","post","type-post","status-publish","format-standard","has-post-thumbnail","hentry","category-relaciones-exteriores","category-contenido-original","category-cultura-es","category-derechos-humanos","category-opiniones","category-paz-desarme","tag-boicot","tag-gaza-es","tag-movilizaciones-sociales"],"yoast_head":"<!-- This site is optimized with the Yoast SEO plugin v27.1.1 - https:\/\/yoast.com\/product\/yoast-seo-wordpress\/ -->\n<title>La verdad entre la luz y la sombra: boicot cultural, memoria hist\u00f3rica y pol\u00edtica del sentido<\/title>\n<meta name=\"description\" content=\"La campa\u00f1a \u201cNo Music For Genocide\u201d no es un gesto aislado de indignaci\u00f3n. Es una intervenci\u00f3n cultural que reabre una pregunta antigua y urgente: \u00bfqu\u00e9\" \/>\n<meta name=\"robots\" content=\"index, follow, max-snippet:-1, max-image-preview:large, max-video-preview:-1\" \/>\n<link rel=\"canonical\" href=\"https:\/\/www.pressenza.com\/es\/2025\/10\/la-verdad-entre-la-luz-y-la-sombra-boicot-cultural-memoria-historica-y-politica-del-sentido\/\" \/>\n<meta property=\"og:locale\" content=\"es_ES\" \/>\n<meta property=\"og:type\" content=\"article\" \/>\n<meta property=\"og:title\" content=\"La verdad entre la luz y la sombra: boicot cultural, memoria hist\u00f3rica y pol\u00edtica del sentido\" \/>\n<meta property=\"og:description\" content=\"La campa\u00f1a \u201cNo Music For Genocide\u201d no es un gesto aislado de indignaci\u00f3n. Es una intervenci\u00f3n cultural que reabre una pregunta antigua y urgente: \u00bfqu\u00e9\" \/>\n<meta property=\"og:url\" content=\"https:\/\/www.pressenza.com\/es\/2025\/10\/la-verdad-entre-la-luz-y-la-sombra-boicot-cultural-memoria-historica-y-politica-del-sentido\/\" \/>\n<meta property=\"og:site_name\" content=\"Pressenza\" \/>\n<meta property=\"article:publisher\" content=\"https:\/\/www.facebook.com\/PressenzaItalia\" \/>\n<meta property=\"article:published_time\" content=\"2025-10-01T03:44:18+00:00\" \/>\n<meta property=\"article:modified_time\" content=\"2025-10-01T03:54:28+00:00\" \/>\n<meta property=\"og:image\" content=\"https:\/\/www.pressenza.com\/wp-content\/uploads\/2025\/10\/Screen-Shot-2025-09-30-at-22.54.31.png\" \/>\n\t<meta property=\"og:image:width\" content=\"898\" \/>\n\t<meta property=\"og:image:height\" content=\"1028\" \/>\n\t<meta property=\"og:image:type\" content=\"image\/png\" \/>\n<meta name=\"author\" content=\"Claudia Aranda\" \/>\n<meta name=\"twitter:card\" content=\"summary_large_image\" \/>\n<meta name=\"twitter:creator\" content=\"@PressenzaIPA\" \/>\n<meta name=\"twitter:site\" content=\"@PressenzaIPA\" \/>\n<meta name=\"twitter:label1\" content=\"Escrito por\" \/>\n\t<meta name=\"twitter:data1\" content=\"Claudia Aranda\" \/>\n\t<meta name=\"twitter:label2\" content=\"Tiempo de lectura\" \/>\n\t<meta name=\"twitter:data2\" content=\"8 minutos\" \/>\n<script type=\"application\/ld+json\" class=\"yoast-schema-graph\">{\"@context\":\"https:\/\/schema.org\",\"@graph\":[{\"@type\":\"Article\",\"@id\":\"https:\/\/www.pressenza.com\/es\/2025\/10\/la-verdad-entre-la-luz-y-la-sombra-boicot-cultural-memoria-historica-y-politica-del-sentido\/#article\",\"isPartOf\":{\"@id\":\"https:\/\/www.pressenza.com\/es\/2025\/10\/la-verdad-entre-la-luz-y-la-sombra-boicot-cultural-memoria-historica-y-politica-del-sentido\/\"},\"author\":{\"name\":\"Claudia Aranda\",\"@id\":\"https:\/\/www.pressenza.com\/es\/#\/schema\/person\/7c99b7f1e26cb9e5efedc0b26a398fb5\"},\"headline\":\"La verdad entre la luz y la sombra: boicot cultural, memoria hist\u00f3rica y pol\u00edtica del sentido\",\"datePublished\":\"2025-10-01T03:44:18+00:00\",\"dateModified\":\"2025-10-01T03:54:28+00:00\",\"mainEntityOfPage\":{\"@id\":\"https:\/\/www.pressenza.com\/es\/2025\/10\/la-verdad-entre-la-luz-y-la-sombra-boicot-cultural-memoria-historica-y-politica-del-sentido\/\"},\"wordCount\":1739,\"publisher\":{\"@id\":\"https:\/\/www.pressenza.com\/es\/#organization\"},\"image\":{\"@id\":\"https:\/\/www.pressenza.com\/es\/2025\/10\/la-verdad-entre-la-luz-y-la-sombra-boicot-cultural-memoria-historica-y-politica-del-sentido\/#primaryimage\"},\"thumbnailUrl\":\"https:\/\/www.pressenza.com\/wp-content\/uploads\/2025\/10\/Screen-Shot-2025-09-30-at-22.54.31.png\",\"keywords\":[\"boicot\",\"Gaza\",\"movilizaciones sociales\"],\"articleSection\":[\"Asuntos internacionales\",\"Contenido Original\",\"Cultura y Medios\",\"Derechos Humanos\",\"Opiniones\",\"Paz y Desarme\"],\"inLanguage\":\"es\"},{\"@type\":\"WebPage\",\"@id\":\"https:\/\/www.pressenza.com\/es\/2025\/10\/la-verdad-entre-la-luz-y-la-sombra-boicot-cultural-memoria-historica-y-politica-del-sentido\/\",\"url\":\"https:\/\/www.pressenza.com\/es\/2025\/10\/la-verdad-entre-la-luz-y-la-sombra-boicot-cultural-memoria-historica-y-politica-del-sentido\/\",\"name\":\"La verdad entre la luz y la sombra: boicot cultural, memoria hist\u00f3rica y pol\u00edtica del sentido\",\"isPartOf\":{\"@id\":\"https:\/\/www.pressenza.com\/es\/#website\"},\"primaryImageOfPage\":{\"@id\":\"https:\/\/www.pressenza.com\/es\/2025\/10\/la-verdad-entre-la-luz-y-la-sombra-boicot-cultural-memoria-historica-y-politica-del-sentido\/#primaryimage\"},\"image\":{\"@id\":\"https:\/\/www.pressenza.com\/es\/2025\/10\/la-verdad-entre-la-luz-y-la-sombra-boicot-cultural-memoria-historica-y-politica-del-sentido\/#primaryimage\"},\"thumbnailUrl\":\"https:\/\/www.pressenza.com\/wp-content\/uploads\/2025\/10\/Screen-Shot-2025-09-30-at-22.54.31.png\",\"datePublished\":\"2025-10-01T03:44:18+00:00\",\"dateModified\":\"2025-10-01T03:54:28+00:00\",\"description\":\"La campa\u00f1a \u201cNo Music For Genocide\u201d no es un gesto aislado de indignaci\u00f3n. Es una intervenci\u00f3n cultural que reabre una pregunta antigua y urgente: \u00bfqu\u00e9\",\"breadcrumb\":{\"@id\":\"https:\/\/www.pressenza.com\/es\/2025\/10\/la-verdad-entre-la-luz-y-la-sombra-boicot-cultural-memoria-historica-y-politica-del-sentido\/#breadcrumb\"},\"inLanguage\":\"es\",\"potentialAction\":[{\"@type\":\"ReadAction\",\"target\":[\"https:\/\/www.pressenza.com\/es\/2025\/10\/la-verdad-entre-la-luz-y-la-sombra-boicot-cultural-memoria-historica-y-politica-del-sentido\/\"]}]},{\"@type\":\"ImageObject\",\"inLanguage\":\"es\",\"@id\":\"https:\/\/www.pressenza.com\/es\/2025\/10\/la-verdad-entre-la-luz-y-la-sombra-boicot-cultural-memoria-historica-y-politica-del-sentido\/#primaryimage\",\"url\":\"https:\/\/www.pressenza.com\/wp-content\/uploads\/2025\/10\/Screen-Shot-2025-09-30-at-22.54.31.png\",\"contentUrl\":\"https:\/\/www.pressenza.com\/wp-content\/uploads\/2025\/10\/Screen-Shot-2025-09-30-at-22.54.31.png\",\"width\":898,\"height\":1028,\"caption\":\"Car\u00e1tula CD de NoMusicForGenocide.org\"},{\"@type\":\"BreadcrumbList\",\"@id\":\"https:\/\/www.pressenza.com\/es\/2025\/10\/la-verdad-entre-la-luz-y-la-sombra-boicot-cultural-memoria-historica-y-politica-del-sentido\/#breadcrumb\",\"itemListElement\":[{\"@type\":\"ListItem\",\"position\":1,\"name\":\"Accueil\",\"item\":\"https:\/\/www.pressenza.com\/es\/\"},{\"@type\":\"ListItem\",\"position\":2,\"name\":\"La verdad entre la luz y la sombra: boicot cultural, memoria hist\u00f3rica y pol\u00edtica del sentido\"}]},{\"@type\":\"WebSite\",\"@id\":\"https:\/\/www.pressenza.com\/es\/#website\",\"url\":\"https:\/\/www.pressenza.com\/es\/\",\"name\":\"Pressenza\",\"description\":\"International Press Agency\",\"publisher\":{\"@id\":\"https:\/\/www.pressenza.com\/es\/#organization\"},\"potentialAction\":[{\"@type\":\"SearchAction\",\"target\":{\"@type\":\"EntryPoint\",\"urlTemplate\":\"https:\/\/www.pressenza.com\/es\/?s={search_term_string}\"},\"query-input\":{\"@type\":\"PropertyValueSpecification\",\"valueRequired\":true,\"valueName\":\"search_term_string\"}}],\"inLanguage\":\"es\"},{\"@type\":\"Organization\",\"@id\":\"https:\/\/www.pressenza.com\/es\/#organization\",\"name\":\"Pressenza\",\"url\":\"https:\/\/www.pressenza.com\/es\/\",\"logo\":{\"@type\":\"ImageObject\",\"inLanguage\":\"es\",\"@id\":\"https:\/\/www.pressenza.com\/es\/#\/schema\/logo\/image\/\",\"url\":\"https:\/\/www.pressenza.com\/wp-content\/uploads\/2022\/10\/pressenza_logo_200x200.jpg\",\"contentUrl\":\"https:\/\/www.pressenza.com\/wp-content\/uploads\/2022\/10\/pressenza_logo_200x200.jpg\",\"width\":200,\"height\":200,\"caption\":\"Pressenza\"},\"image\":{\"@id\":\"https:\/\/www.pressenza.com\/es\/#\/schema\/logo\/image\/\"},\"sameAs\":[\"https:\/\/www.facebook.com\/PressenzaItalia\",\"https:\/\/x.com\/PressenzaIPA\"]},{\"@type\":\"Person\",\"@id\":\"https:\/\/www.pressenza.com\/es\/#\/schema\/person\/7c99b7f1e26cb9e5efedc0b26a398fb5\",\"name\":\"Claudia Aranda\",\"description\":\"Chilean journalist specializing in Semiotics and Political Analysis. As an international analyst, she focuses on prospective analysis of social processes. Based in Montreal, Quebec, she covers news for Pressenza and explores contemporary philosophical debates within the context of current events. Her work emphasizes human rights, geopolitics, armed conflict, the environment, and technological development. She is a humanist and an activist for social justice causes.\",\"url\":\"https:\/\/www.pressenza.com\/es\/author\/claudia-aranda\/\"}]}<\/script>\n<!-- \/ Yoast SEO plugin. -->","yoast_head_json":{"title":"La verdad entre la luz y la sombra: boicot cultural, memoria hist\u00f3rica y pol\u00edtica del sentido","description":"La campa\u00f1a \u201cNo Music For Genocide\u201d no es un gesto aislado de indignaci\u00f3n. Es una intervenci\u00f3n cultural que reabre una pregunta antigua y urgente: \u00bfqu\u00e9","robots":{"index":"index","follow":"follow","max-snippet":"max-snippet:-1","max-image-preview":"max-image-preview:large","max-video-preview":"max-video-preview:-1"},"canonical":"https:\/\/www.pressenza.com\/es\/2025\/10\/la-verdad-entre-la-luz-y-la-sombra-boicot-cultural-memoria-historica-y-politica-del-sentido\/","og_locale":"es_ES","og_type":"article","og_title":"La verdad entre la luz y la sombra: boicot cultural, memoria hist\u00f3rica y pol\u00edtica del sentido","og_description":"La campa\u00f1a \u201cNo Music For Genocide\u201d no es un gesto aislado de indignaci\u00f3n. Es una intervenci\u00f3n cultural que reabre una pregunta antigua y urgente: \u00bfqu\u00e9","og_url":"https:\/\/www.pressenza.com\/es\/2025\/10\/la-verdad-entre-la-luz-y-la-sombra-boicot-cultural-memoria-historica-y-politica-del-sentido\/","og_site_name":"Pressenza","article_publisher":"https:\/\/www.facebook.com\/PressenzaItalia","article_published_time":"2025-10-01T03:44:18+00:00","article_modified_time":"2025-10-01T03:54:28+00:00","og_image":[{"width":898,"height":1028,"url":"https:\/\/www.pressenza.com\/wp-content\/uploads\/2025\/10\/Screen-Shot-2025-09-30-at-22.54.31.png","type":"image\/png"}],"author":"Claudia Aranda","twitter_card":"summary_large_image","twitter_creator":"@PressenzaIPA","twitter_site":"@PressenzaIPA","twitter_misc":{"Escrito por":"Claudia Aranda","Tiempo de lectura":"8 minutos"},"schema":{"@context":"https:\/\/schema.org","@graph":[{"@type":"Article","@id":"https:\/\/www.pressenza.com\/es\/2025\/10\/la-verdad-entre-la-luz-y-la-sombra-boicot-cultural-memoria-historica-y-politica-del-sentido\/#article","isPartOf":{"@id":"https:\/\/www.pressenza.com\/es\/2025\/10\/la-verdad-entre-la-luz-y-la-sombra-boicot-cultural-memoria-historica-y-politica-del-sentido\/"},"author":{"name":"Claudia Aranda","@id":"https:\/\/www.pressenza.com\/es\/#\/schema\/person\/7c99b7f1e26cb9e5efedc0b26a398fb5"},"headline":"La verdad entre la luz y la sombra: boicot cultural, memoria hist\u00f3rica y pol\u00edtica del sentido","datePublished":"2025-10-01T03:44:18+00:00","dateModified":"2025-10-01T03:54:28+00:00","mainEntityOfPage":{"@id":"https:\/\/www.pressenza.com\/es\/2025\/10\/la-verdad-entre-la-luz-y-la-sombra-boicot-cultural-memoria-historica-y-politica-del-sentido\/"},"wordCount":1739,"publisher":{"@id":"https:\/\/www.pressenza.com\/es\/#organization"},"image":{"@id":"https:\/\/www.pressenza.com\/es\/2025\/10\/la-verdad-entre-la-luz-y-la-sombra-boicot-cultural-memoria-historica-y-politica-del-sentido\/#primaryimage"},"thumbnailUrl":"https:\/\/www.pressenza.com\/wp-content\/uploads\/2025\/10\/Screen-Shot-2025-09-30-at-22.54.31.png","keywords":["boicot","Gaza","movilizaciones sociales"],"articleSection":["Asuntos internacionales","Contenido Original","Cultura y Medios","Derechos Humanos","Opiniones","Paz y Desarme"],"inLanguage":"es"},{"@type":"WebPage","@id":"https:\/\/www.pressenza.com\/es\/2025\/10\/la-verdad-entre-la-luz-y-la-sombra-boicot-cultural-memoria-historica-y-politica-del-sentido\/","url":"https:\/\/www.pressenza.com\/es\/2025\/10\/la-verdad-entre-la-luz-y-la-sombra-boicot-cultural-memoria-historica-y-politica-del-sentido\/","name":"La verdad entre la luz y la sombra: boicot cultural, memoria hist\u00f3rica y pol\u00edtica del sentido","isPartOf":{"@id":"https:\/\/www.pressenza.com\/es\/#website"},"primaryImageOfPage":{"@id":"https:\/\/www.pressenza.com\/es\/2025\/10\/la-verdad-entre-la-luz-y-la-sombra-boicot-cultural-memoria-historica-y-politica-del-sentido\/#primaryimage"},"image":{"@id":"https:\/\/www.pressenza.com\/es\/2025\/10\/la-verdad-entre-la-luz-y-la-sombra-boicot-cultural-memoria-historica-y-politica-del-sentido\/#primaryimage"},"thumbnailUrl":"https:\/\/www.pressenza.com\/wp-content\/uploads\/2025\/10\/Screen-Shot-2025-09-30-at-22.54.31.png","datePublished":"2025-10-01T03:44:18+00:00","dateModified":"2025-10-01T03:54:28+00:00","description":"La campa\u00f1a \u201cNo Music For Genocide\u201d no es un gesto aislado de indignaci\u00f3n. Es una intervenci\u00f3n cultural que reabre una pregunta antigua y urgente: \u00bfqu\u00e9","breadcrumb":{"@id":"https:\/\/www.pressenza.com\/es\/2025\/10\/la-verdad-entre-la-luz-y-la-sombra-boicot-cultural-memoria-historica-y-politica-del-sentido\/#breadcrumb"},"inLanguage":"es","potentialAction":[{"@type":"ReadAction","target":["https:\/\/www.pressenza.com\/es\/2025\/10\/la-verdad-entre-la-luz-y-la-sombra-boicot-cultural-memoria-historica-y-politica-del-sentido\/"]}]},{"@type":"ImageObject","inLanguage":"es","@id":"https:\/\/www.pressenza.com\/es\/2025\/10\/la-verdad-entre-la-luz-y-la-sombra-boicot-cultural-memoria-historica-y-politica-del-sentido\/#primaryimage","url":"https:\/\/www.pressenza.com\/wp-content\/uploads\/2025\/10\/Screen-Shot-2025-09-30-at-22.54.31.png","contentUrl":"https:\/\/www.pressenza.com\/wp-content\/uploads\/2025\/10\/Screen-Shot-2025-09-30-at-22.54.31.png","width":898,"height":1028,"caption":"Car\u00e1tula CD de NoMusicForGenocide.org"},{"@type":"BreadcrumbList","@id":"https:\/\/www.pressenza.com\/es\/2025\/10\/la-verdad-entre-la-luz-y-la-sombra-boicot-cultural-memoria-historica-y-politica-del-sentido\/#breadcrumb","itemListElement":[{"@type":"ListItem","position":1,"name":"Accueil","item":"https:\/\/www.pressenza.com\/es\/"},{"@type":"ListItem","position":2,"name":"La verdad entre la luz y la sombra: boicot cultural, memoria hist\u00f3rica y pol\u00edtica del sentido"}]},{"@type":"WebSite","@id":"https:\/\/www.pressenza.com\/es\/#website","url":"https:\/\/www.pressenza.com\/es\/","name":"Pressenza","description":"International Press Agency","publisher":{"@id":"https:\/\/www.pressenza.com\/es\/#organization"},"potentialAction":[{"@type":"SearchAction","target":{"@type":"EntryPoint","urlTemplate":"https:\/\/www.pressenza.com\/es\/?s={search_term_string}"},"query-input":{"@type":"PropertyValueSpecification","valueRequired":true,"valueName":"search_term_string"}}],"inLanguage":"es"},{"@type":"Organization","@id":"https:\/\/www.pressenza.com\/es\/#organization","name":"Pressenza","url":"https:\/\/www.pressenza.com\/es\/","logo":{"@type":"ImageObject","inLanguage":"es","@id":"https:\/\/www.pressenza.com\/es\/#\/schema\/logo\/image\/","url":"https:\/\/www.pressenza.com\/wp-content\/uploads\/2022\/10\/pressenza_logo_200x200.jpg","contentUrl":"https:\/\/www.pressenza.com\/wp-content\/uploads\/2022\/10\/pressenza_logo_200x200.jpg","width":200,"height":200,"caption":"Pressenza"},"image":{"@id":"https:\/\/www.pressenza.com\/es\/#\/schema\/logo\/image\/"},"sameAs":["https:\/\/www.facebook.com\/PressenzaItalia","https:\/\/x.com\/PressenzaIPA"]},{"@type":"Person","@id":"https:\/\/www.pressenza.com\/es\/#\/schema\/person\/7c99b7f1e26cb9e5efedc0b26a398fb5","name":"Claudia Aranda","description":"Chilean journalist specializing in Semiotics and Political Analysis. As an international analyst, she focuses on prospective analysis of social processes. Based in Montreal, Quebec, she covers news for Pressenza and explores contemporary philosophical debates within the context of current events. Her work emphasizes human rights, geopolitics, armed conflict, the environment, and technological development. She is a humanist and an activist for social justice causes.","url":"https:\/\/www.pressenza.com\/es\/author\/claudia-aranda\/"}]}},"place":"","original_article_url":"","_links":{"self":[{"href":"https:\/\/www.pressenza.com\/es\/wp-json\/wp\/v2\/posts\/2640446","targetHints":{"allow":["GET"]}}],"collection":[{"href":"https:\/\/www.pressenza.com\/es\/wp-json\/wp\/v2\/posts"}],"about":[{"href":"https:\/\/www.pressenza.com\/es\/wp-json\/wp\/v2\/types\/post"}],"author":[{"embeddable":true,"href":"https:\/\/www.pressenza.com\/es\/wp-json\/wp\/v2\/users\/1757"}],"replies":[{"embeddable":true,"href":"https:\/\/www.pressenza.com\/es\/wp-json\/wp\/v2\/comments?post=2640446"}],"version-history":[{"count":2,"href":"https:\/\/www.pressenza.com\/es\/wp-json\/wp\/v2\/posts\/2640446\/revisions"}],"predecessor-version":[{"id":2640456,"href":"https:\/\/www.pressenza.com\/es\/wp-json\/wp\/v2\/posts\/2640446\/revisions\/2640456"}],"wp:featuredmedia":[{"embeddable":true,"href":"https:\/\/www.pressenza.com\/es\/wp-json\/wp\/v2\/media\/2640454"}],"wp:attachment":[{"href":"https:\/\/www.pressenza.com\/es\/wp-json\/wp\/v2\/media?parent=2640446"}],"wp:term":[{"taxonomy":"category","embeddable":true,"href":"https:\/\/www.pressenza.com\/es\/wp-json\/wp\/v2\/categories?post=2640446"},{"taxonomy":"post_tag","embeddable":true,"href":"https:\/\/www.pressenza.com\/es\/wp-json\/wp\/v2\/tags?post=2640446"}],"curies":[{"name":"wp","href":"https:\/\/api.w.org\/{rel}","templated":true}]}}