{"id":2640424,"date":"2025-10-01T00:36:01","date_gmt":"2025-09-30T23:36:01","guid":{"rendered":"https:\/\/www.pressenza.com\/?p=2640424"},"modified":"2025-10-01T07:10:57","modified_gmt":"2025-10-01T06:10:57","slug":"israel-se-prepara-para-interceptar-la-flotilla-sumud-otro-atropello-al-derecho-internacional-ante-la-paralisis-del-mundo","status":"publish","type":"post","link":"https:\/\/www.pressenza.com\/es\/2025\/10\/israel-se-prepara-para-interceptar-la-flotilla-sumud-otro-atropello-al-derecho-internacional-ante-la-paralisis-del-mundo\/","title":{"rendered":"Israel se prepara para interceptar la Flotilla Sumud: Otro atropello al derecho internacional, ante la par\u00e1lisis del mundo"},"content":{"rendered":"<p dir=\"auto\">A tan solo 150 millas n\u00e1uticas de la franja de Gaza, la Flotilla Global Sumud\u2014integrada por cerca de 50 barcos y activistas humanitarios de 44 pa\u00edses\u2014navega bajo m\u00e1xima alerta ante el anuncio oficial de que ser\u00e1 interceptada por la marina israel\u00ed. La misi\u00f3n, que busca entregar ayuda humanitaria y romper el asedio ilegal contra Gaza, representa, una vez m\u00e1s, el choque frontal entre la legalidad internacional y la pol\u00edtica de fuerza de Israel.<\/p>\n<p dir=\"auto\">Ampar\u00e1ndose en una doctrina de seguridad, Israel sostiene la legitimidad de su bloqueo y la prerrogativa de interceptar convoyes civiles en aguas internacionales, a pesar de que esto constituye una violaci\u00f3n expl\u00edcita del derecho mar\u00edtimo y humanitario reconocido por las Naciones Unidas y el derecho consuetudinario internacional. El precedente hist\u00f3rico es claro: las flotillas anteriores han sido abordadas, detenidas y remolcadas por la fuerza, sus tripulantes expuestos al arresto y, en ocasiones, a la violencia.<\/p>\n<p dir=\"auto\">Lo m\u00e1s grave, sin embargo, es el silencio y la par\u00e1lisis c\u00f3mplice del resto de los pa\u00edses. Las llamadas diplom\u00e1ticas de apoyo a la Flotilla Sumud quedan en palabras vac\u00edas frente a la ausencia de medidas concretas para proteger a las embarcaciones, exigir a Israel el respeto a la legalidad internacional, o siquiera enviar observadores independientes. La marina turca y la Media Luna Roja se han erigido en solitarios garantes de la asistencia y la protecci\u00f3n, mientras las potencias de Occidente miran hacia otro lado.<\/p>\n<p dir=\"auto\">El atropello sistem\u00e1tico a la legislaci\u00f3n internacional por parte de Israel no solo vulnera a los activistas y a la poblaci\u00f3n de Gaza, sino que desnuda la crisis de legitimidad y autoridad de un sistema internacional que tolera bloqueos, asedios y violencia contra civiles bajo el pretexto de una \u201cseguridad\u201d eternamente invocada. En el Mediterr\u00e1neo, la Flotilla Sumud documenta su traves\u00eda, denuncia el bloqueo y expone, con cada milla navegada, el esc\u00e1ndalo de una comunidad global paralizada y c\u00f3mplice ante el sufrimiento palestino.<\/p>\n","protected":false},"excerpt":{"rendered":"<p>A tan solo 150 millas n\u00e1uticas de la franja de Gaza, la Flotilla Global Sumud\u2014integrada por cerca de 50 barcos y activistas humanitarios de 44 pa\u00edses\u2014navega bajo m\u00e1xima alerta ante el anuncio oficial de que ser\u00e1 interceptada por la marina&hellip;<\/p>\n","protected":false},"author":1757,"featured_media":2640427,"comment_status":"closed","ping_status":"closed","sticky":false,"template":"","format":"standard","meta":{"footnotes":""},"categories":[76,11389,79,71,1243],"tags":[142180,1495,646,814],"class_list":["post-2640424","post","type-post","status-publish","format-standard","has-post-thumbnail","hentry","category-relaciones-exteriores","category-contenido-original","category-derechos-humanos","category-medio-oriente-es","category-paz-desarme","tag-flotilla-global-sumud","tag-gaza-es","tag-israel-es","tag-palestina-es"],"yoast_head":"<!-- This site is optimized with the Yoast SEO plugin v27.1.1 - https:\/\/yoast.com\/product\/yoast-seo-wordpress\/ -->\n<title>Israel se prepara para interceptar la Flotilla Sumud: Otro atropello al derecho internacional, ante la par\u00e1lisis del mundo<\/title>\n<meta name=\"description\" content=\"A tan solo 150 millas n\u00e1uticas de la franja de Gaza, la Flotilla Global Sumud\u2014integrada por cerca de 50 barcos y activistas humanitarios de 44\" \/>\n<meta name=\"robots\" content=\"index, follow, max-snippet:-1, max-image-preview:large, max-video-preview:-1\" \/>\n<link rel=\"canonical\" href=\"https:\/\/www.pressenza.com\/es\/2025\/10\/israel-se-prepara-para-interceptar-la-flotilla-sumud-otro-atropello-al-derecho-internacional-ante-la-paralisis-del-mundo\/\" \/>\n<meta property=\"og:locale\" content=\"es_ES\" \/>\n<meta property=\"og:type\" content=\"article\" \/>\n<meta property=\"og:title\" content=\"Israel se prepara para interceptar la Flotilla Sumud: Otro atropello al derecho internacional, ante la par\u00e1lisis del mundo\" \/>\n<meta property=\"og:description\" content=\"A tan solo 150 millas n\u00e1uticas de la franja de Gaza, la Flotilla Global Sumud\u2014integrada por cerca de 50 barcos y activistas humanitarios de 44\" \/>\n<meta property=\"og:url\" content=\"https:\/\/www.pressenza.com\/es\/2025\/10\/israel-se-prepara-para-interceptar-la-flotilla-sumud-otro-atropello-al-derecho-internacional-ante-la-paralisis-del-mundo\/\" \/>\n<meta property=\"og:site_name\" content=\"Pressenza\" \/>\n<meta property=\"article:publisher\" content=\"https:\/\/www.facebook.com\/PressenzaItalia\" \/>\n<meta property=\"article:published_time\" content=\"2025-09-30T23:36:01+00:00\" \/>\n<meta property=\"article:modified_time\" content=\"2025-10-01T06:10:57+00:00\" \/>\n<meta property=\"og:image\" content=\"https:\/\/www.pressenza.com\/wp-content\/uploads\/2025\/10\/intercept.jpg\" \/>\n\t<meta property=\"og:image:width\" content=\"1079\" \/>\n\t<meta property=\"og:image:height\" content=\"1433\" \/>\n\t<meta property=\"og:image:type\" content=\"image\/jpeg\" \/>\n<meta name=\"author\" content=\"Claudia Aranda\" \/>\n<meta name=\"twitter:card\" content=\"summary_large_image\" \/>\n<meta name=\"twitter:creator\" content=\"@PressenzaIPA\" \/>\n<meta name=\"twitter:site\" content=\"@PressenzaIPA\" \/>\n<meta name=\"twitter:label1\" content=\"Escrito por\" \/>\n\t<meta name=\"twitter:data1\" content=\"Claudia Aranda\" \/>\n\t<meta name=\"twitter:label2\" content=\"Tiempo de lectura\" \/>\n\t<meta name=\"twitter:data2\" content=\"2 minutos\" \/>\n<script type=\"application\/ld+json\" class=\"yoast-schema-graph\">{\"@context\":\"https:\/\/schema.org\",\"@graph\":[{\"@type\":\"Article\",\"@id\":\"https:\/\/www.pressenza.com\/es\/2025\/10\/israel-se-prepara-para-interceptar-la-flotilla-sumud-otro-atropello-al-derecho-internacional-ante-la-paralisis-del-mundo\/#article\",\"isPartOf\":{\"@id\":\"https:\/\/www.pressenza.com\/es\/2025\/10\/israel-se-prepara-para-interceptar-la-flotilla-sumud-otro-atropello-al-derecho-internacional-ante-la-paralisis-del-mundo\/\"},\"author\":{\"name\":\"Claudia Aranda\",\"@id\":\"https:\/\/www.pressenza.com\/es\/#\/schema\/person\/7c99b7f1e26cb9e5efedc0b26a398fb5\"},\"headline\":\"Israel se prepara para interceptar la Flotilla Sumud: Otro atropello al derecho internacional, ante la par\u00e1lisis del mundo\",\"datePublished\":\"2025-09-30T23:36:01+00:00\",\"dateModified\":\"2025-10-01T06:10:57+00:00\",\"mainEntityOfPage\":{\"@id\":\"https:\/\/www.pressenza.com\/es\/2025\/10\/israel-se-prepara-para-interceptar-la-flotilla-sumud-otro-atropello-al-derecho-internacional-ante-la-paralisis-del-mundo\/\"},\"wordCount\":359,\"publisher\":{\"@id\":\"https:\/\/www.pressenza.com\/es\/#organization\"},\"image\":{\"@id\":\"https:\/\/www.pressenza.com\/es\/2025\/10\/israel-se-prepara-para-interceptar-la-flotilla-sumud-otro-atropello-al-derecho-internacional-ante-la-paralisis-del-mundo\/#primaryimage\"},\"thumbnailUrl\":\"https:\/\/www.pressenza.com\/wp-content\/uploads\/2025\/10\/intercept.jpg\",\"keywords\":[\"Flotilla Global Sumud\",\"Gaza\",\"Israel\",\"Palestina\"],\"articleSection\":[\"Asuntos internacionales\",\"Contenido Original\",\"Derechos Humanos\",\"Medio Oriente\",\"Paz y Desarme\"],\"inLanguage\":\"es\"},{\"@type\":\"WebPage\",\"@id\":\"https:\/\/www.pressenza.com\/es\/2025\/10\/israel-se-prepara-para-interceptar-la-flotilla-sumud-otro-atropello-al-derecho-internacional-ante-la-paralisis-del-mundo\/\",\"url\":\"https:\/\/www.pressenza.com\/es\/2025\/10\/israel-se-prepara-para-interceptar-la-flotilla-sumud-otro-atropello-al-derecho-internacional-ante-la-paralisis-del-mundo\/\",\"name\":\"Israel se prepara para interceptar la Flotilla Sumud: Otro atropello al derecho internacional, ante la par\u00e1lisis del mundo\",\"isPartOf\":{\"@id\":\"https:\/\/www.pressenza.com\/es\/#website\"},\"primaryImageOfPage\":{\"@id\":\"https:\/\/www.pressenza.com\/es\/2025\/10\/israel-se-prepara-para-interceptar-la-flotilla-sumud-otro-atropello-al-derecho-internacional-ante-la-paralisis-del-mundo\/#primaryimage\"},\"image\":{\"@id\":\"https:\/\/www.pressenza.com\/es\/2025\/10\/israel-se-prepara-para-interceptar-la-flotilla-sumud-otro-atropello-al-derecho-internacional-ante-la-paralisis-del-mundo\/#primaryimage\"},\"thumbnailUrl\":\"https:\/\/www.pressenza.com\/wp-content\/uploads\/2025\/10\/intercept.jpg\",\"datePublished\":\"2025-09-30T23:36:01+00:00\",\"dateModified\":\"2025-10-01T06:10:57+00:00\",\"description\":\"A tan solo 150 millas n\u00e1uticas de la franja de Gaza, la Flotilla Global Sumud\u2014integrada por cerca de 50 barcos y activistas humanitarios de 44\",\"breadcrumb\":{\"@id\":\"https:\/\/www.pressenza.com\/es\/2025\/10\/israel-se-prepara-para-interceptar-la-flotilla-sumud-otro-atropello-al-derecho-internacional-ante-la-paralisis-del-mundo\/#breadcrumb\"},\"inLanguage\":\"es\",\"potentialAction\":[{\"@type\":\"ReadAction\",\"target\":[\"https:\/\/www.pressenza.com\/es\/2025\/10\/israel-se-prepara-para-interceptar-la-flotilla-sumud-otro-atropello-al-derecho-internacional-ante-la-paralisis-del-mundo\/\"]}]},{\"@type\":\"ImageObject\",\"inLanguage\":\"es\",\"@id\":\"https:\/\/www.pressenza.com\/es\/2025\/10\/israel-se-prepara-para-interceptar-la-flotilla-sumud-otro-atropello-al-derecho-internacional-ante-la-paralisis-del-mundo\/#primaryimage\",\"url\":\"https:\/\/www.pressenza.com\/wp-content\/uploads\/2025\/10\/intercept.jpg\",\"contentUrl\":\"https:\/\/www.pressenza.com\/wp-content\/uploads\/2025\/10\/intercept.jpg\",\"width\":1079,\"height\":1433},{\"@type\":\"BreadcrumbList\",\"@id\":\"https:\/\/www.pressenza.com\/es\/2025\/10\/israel-se-prepara-para-interceptar-la-flotilla-sumud-otro-atropello-al-derecho-internacional-ante-la-paralisis-del-mundo\/#breadcrumb\",\"itemListElement\":[{\"@type\":\"ListItem\",\"position\":1,\"name\":\"Accueil\",\"item\":\"https:\/\/www.pressenza.com\/es\/\"},{\"@type\":\"ListItem\",\"position\":2,\"name\":\"Israel se prepara para interceptar la Flotilla Sumud: Otro atropello al derecho internacional, ante la par\u00e1lisis del mundo\"}]},{\"@type\":\"WebSite\",\"@id\":\"https:\/\/www.pressenza.com\/es\/#website\",\"url\":\"https:\/\/www.pressenza.com\/es\/\",\"name\":\"Pressenza\",\"description\":\"International Press Agency\",\"publisher\":{\"@id\":\"https:\/\/www.pressenza.com\/es\/#organization\"},\"potentialAction\":[{\"@type\":\"SearchAction\",\"target\":{\"@type\":\"EntryPoint\",\"urlTemplate\":\"https:\/\/www.pressenza.com\/es\/?s={search_term_string}\"},\"query-input\":{\"@type\":\"PropertyValueSpecification\",\"valueRequired\":true,\"valueName\":\"search_term_string\"}}],\"inLanguage\":\"es\"},{\"@type\":\"Organization\",\"@id\":\"https:\/\/www.pressenza.com\/es\/#organization\",\"name\":\"Pressenza\",\"url\":\"https:\/\/www.pressenza.com\/es\/\",\"logo\":{\"@type\":\"ImageObject\",\"inLanguage\":\"es\",\"@id\":\"https:\/\/www.pressenza.com\/es\/#\/schema\/logo\/image\/\",\"url\":\"https:\/\/www.pressenza.com\/wp-content\/uploads\/2022\/10\/pressenza_logo_200x200.jpg\",\"contentUrl\":\"https:\/\/www.pressenza.com\/wp-content\/uploads\/2022\/10\/pressenza_logo_200x200.jpg\",\"width\":200,\"height\":200,\"caption\":\"Pressenza\"},\"image\":{\"@id\":\"https:\/\/www.pressenza.com\/es\/#\/schema\/logo\/image\/\"},\"sameAs\":[\"https:\/\/www.facebook.com\/PressenzaItalia\",\"https:\/\/x.com\/PressenzaIPA\"]},{\"@type\":\"Person\",\"@id\":\"https:\/\/www.pressenza.com\/es\/#\/schema\/person\/7c99b7f1e26cb9e5efedc0b26a398fb5\",\"name\":\"Claudia Aranda\",\"description\":\"Chilean journalist specializing in Semiotics and Political Analysis. As an international analyst, she focuses on prospective analysis of social processes. Based in Montreal, Quebec, she covers news for Pressenza and explores contemporary philosophical debates within the context of current events. Her work emphasizes human rights, geopolitics, armed conflict, the environment, and technological development. She is a humanist and an activist for social justice causes.\",\"url\":\"https:\/\/www.pressenza.com\/es\/author\/claudia-aranda\/\"}]}<\/script>\n<!-- \/ Yoast SEO plugin. -->","yoast_head_json":{"title":"Israel se prepara para interceptar la Flotilla Sumud: Otro atropello al derecho internacional, ante la par\u00e1lisis del mundo","description":"A tan solo 150 millas n\u00e1uticas de la franja de Gaza, la Flotilla Global Sumud\u2014integrada por cerca de 50 barcos y activistas humanitarios de 44","robots":{"index":"index","follow":"follow","max-snippet":"max-snippet:-1","max-image-preview":"max-image-preview:large","max-video-preview":"max-video-preview:-1"},"canonical":"https:\/\/www.pressenza.com\/es\/2025\/10\/israel-se-prepara-para-interceptar-la-flotilla-sumud-otro-atropello-al-derecho-internacional-ante-la-paralisis-del-mundo\/","og_locale":"es_ES","og_type":"article","og_title":"Israel se prepara para interceptar la Flotilla Sumud: Otro atropello al derecho internacional, ante la par\u00e1lisis del mundo","og_description":"A tan solo 150 millas n\u00e1uticas de la franja de Gaza, la Flotilla Global Sumud\u2014integrada por cerca de 50 barcos y activistas humanitarios de 44","og_url":"https:\/\/www.pressenza.com\/es\/2025\/10\/israel-se-prepara-para-interceptar-la-flotilla-sumud-otro-atropello-al-derecho-internacional-ante-la-paralisis-del-mundo\/","og_site_name":"Pressenza","article_publisher":"https:\/\/www.facebook.com\/PressenzaItalia","article_published_time":"2025-09-30T23:36:01+00:00","article_modified_time":"2025-10-01T06:10:57+00:00","og_image":[{"width":1079,"height":1433,"url":"https:\/\/www.pressenza.com\/wp-content\/uploads\/2025\/10\/intercept.jpg","type":"image\/jpeg"}],"author":"Claudia Aranda","twitter_card":"summary_large_image","twitter_creator":"@PressenzaIPA","twitter_site":"@PressenzaIPA","twitter_misc":{"Escrito por":"Claudia Aranda","Tiempo de lectura":"2 minutos"},"schema":{"@context":"https:\/\/schema.org","@graph":[{"@type":"Article","@id":"https:\/\/www.pressenza.com\/es\/2025\/10\/israel-se-prepara-para-interceptar-la-flotilla-sumud-otro-atropello-al-derecho-internacional-ante-la-paralisis-del-mundo\/#article","isPartOf":{"@id":"https:\/\/www.pressenza.com\/es\/2025\/10\/israel-se-prepara-para-interceptar-la-flotilla-sumud-otro-atropello-al-derecho-internacional-ante-la-paralisis-del-mundo\/"},"author":{"name":"Claudia Aranda","@id":"https:\/\/www.pressenza.com\/es\/#\/schema\/person\/7c99b7f1e26cb9e5efedc0b26a398fb5"},"headline":"Israel se prepara para interceptar la Flotilla Sumud: Otro atropello al derecho internacional, ante la par\u00e1lisis del mundo","datePublished":"2025-09-30T23:36:01+00:00","dateModified":"2025-10-01T06:10:57+00:00","mainEntityOfPage":{"@id":"https:\/\/www.pressenza.com\/es\/2025\/10\/israel-se-prepara-para-interceptar-la-flotilla-sumud-otro-atropello-al-derecho-internacional-ante-la-paralisis-del-mundo\/"},"wordCount":359,"publisher":{"@id":"https:\/\/www.pressenza.com\/es\/#organization"},"image":{"@id":"https:\/\/www.pressenza.com\/es\/2025\/10\/israel-se-prepara-para-interceptar-la-flotilla-sumud-otro-atropello-al-derecho-internacional-ante-la-paralisis-del-mundo\/#primaryimage"},"thumbnailUrl":"https:\/\/www.pressenza.com\/wp-content\/uploads\/2025\/10\/intercept.jpg","keywords":["Flotilla Global Sumud","Gaza","Israel","Palestina"],"articleSection":["Asuntos internacionales","Contenido Original","Derechos Humanos","Medio Oriente","Paz y Desarme"],"inLanguage":"es"},{"@type":"WebPage","@id":"https:\/\/www.pressenza.com\/es\/2025\/10\/israel-se-prepara-para-interceptar-la-flotilla-sumud-otro-atropello-al-derecho-internacional-ante-la-paralisis-del-mundo\/","url":"https:\/\/www.pressenza.com\/es\/2025\/10\/israel-se-prepara-para-interceptar-la-flotilla-sumud-otro-atropello-al-derecho-internacional-ante-la-paralisis-del-mundo\/","name":"Israel se prepara para interceptar la Flotilla Sumud: Otro atropello al derecho internacional, ante la par\u00e1lisis del mundo","isPartOf":{"@id":"https:\/\/www.pressenza.com\/es\/#website"},"primaryImageOfPage":{"@id":"https:\/\/www.pressenza.com\/es\/2025\/10\/israel-se-prepara-para-interceptar-la-flotilla-sumud-otro-atropello-al-derecho-internacional-ante-la-paralisis-del-mundo\/#primaryimage"},"image":{"@id":"https:\/\/www.pressenza.com\/es\/2025\/10\/israel-se-prepara-para-interceptar-la-flotilla-sumud-otro-atropello-al-derecho-internacional-ante-la-paralisis-del-mundo\/#primaryimage"},"thumbnailUrl":"https:\/\/www.pressenza.com\/wp-content\/uploads\/2025\/10\/intercept.jpg","datePublished":"2025-09-30T23:36:01+00:00","dateModified":"2025-10-01T06:10:57+00:00","description":"A tan solo 150 millas n\u00e1uticas de la franja de Gaza, la Flotilla Global Sumud\u2014integrada por cerca de 50 barcos y activistas humanitarios de 44","breadcrumb":{"@id":"https:\/\/www.pressenza.com\/es\/2025\/10\/israel-se-prepara-para-interceptar-la-flotilla-sumud-otro-atropello-al-derecho-internacional-ante-la-paralisis-del-mundo\/#breadcrumb"},"inLanguage":"es","potentialAction":[{"@type":"ReadAction","target":["https:\/\/www.pressenza.com\/es\/2025\/10\/israel-se-prepara-para-interceptar-la-flotilla-sumud-otro-atropello-al-derecho-internacional-ante-la-paralisis-del-mundo\/"]}]},{"@type":"ImageObject","inLanguage":"es","@id":"https:\/\/www.pressenza.com\/es\/2025\/10\/israel-se-prepara-para-interceptar-la-flotilla-sumud-otro-atropello-al-derecho-internacional-ante-la-paralisis-del-mundo\/#primaryimage","url":"https:\/\/www.pressenza.com\/wp-content\/uploads\/2025\/10\/intercept.jpg","contentUrl":"https:\/\/www.pressenza.com\/wp-content\/uploads\/2025\/10\/intercept.jpg","width":1079,"height":1433},{"@type":"BreadcrumbList","@id":"https:\/\/www.pressenza.com\/es\/2025\/10\/israel-se-prepara-para-interceptar-la-flotilla-sumud-otro-atropello-al-derecho-internacional-ante-la-paralisis-del-mundo\/#breadcrumb","itemListElement":[{"@type":"ListItem","position":1,"name":"Accueil","item":"https:\/\/www.pressenza.com\/es\/"},{"@type":"ListItem","position":2,"name":"Israel se prepara para interceptar la Flotilla Sumud: Otro atropello al derecho internacional, ante la par\u00e1lisis del mundo"}]},{"@type":"WebSite","@id":"https:\/\/www.pressenza.com\/es\/#website","url":"https:\/\/www.pressenza.com\/es\/","name":"Pressenza","description":"International Press Agency","publisher":{"@id":"https:\/\/www.pressenza.com\/es\/#organization"},"potentialAction":[{"@type":"SearchAction","target":{"@type":"EntryPoint","urlTemplate":"https:\/\/www.pressenza.com\/es\/?s={search_term_string}"},"query-input":{"@type":"PropertyValueSpecification","valueRequired":true,"valueName":"search_term_string"}}],"inLanguage":"es"},{"@type":"Organization","@id":"https:\/\/www.pressenza.com\/es\/#organization","name":"Pressenza","url":"https:\/\/www.pressenza.com\/es\/","logo":{"@type":"ImageObject","inLanguage":"es","@id":"https:\/\/www.pressenza.com\/es\/#\/schema\/logo\/image\/","url":"https:\/\/www.pressenza.com\/wp-content\/uploads\/2022\/10\/pressenza_logo_200x200.jpg","contentUrl":"https:\/\/www.pressenza.com\/wp-content\/uploads\/2022\/10\/pressenza_logo_200x200.jpg","width":200,"height":200,"caption":"Pressenza"},"image":{"@id":"https:\/\/www.pressenza.com\/es\/#\/schema\/logo\/image\/"},"sameAs":["https:\/\/www.facebook.com\/PressenzaItalia","https:\/\/x.com\/PressenzaIPA"]},{"@type":"Person","@id":"https:\/\/www.pressenza.com\/es\/#\/schema\/person\/7c99b7f1e26cb9e5efedc0b26a398fb5","name":"Claudia Aranda","description":"Chilean journalist specializing in Semiotics and Political Analysis. As an international analyst, she focuses on prospective analysis of social processes. Based in Montreal, Quebec, she covers news for Pressenza and explores contemporary philosophical debates within the context of current events. Her work emphasizes human rights, geopolitics, armed conflict, the environment, and technological development. She is a humanist and an activist for social justice causes.","url":"https:\/\/www.pressenza.com\/es\/author\/claudia-aranda\/"}]}},"place":"Aguas internacionales, Mar Mediterr\u00e1neo","original_article_url":"","_links":{"self":[{"href":"https:\/\/www.pressenza.com\/es\/wp-json\/wp\/v2\/posts\/2640424","targetHints":{"allow":["GET"]}}],"collection":[{"href":"https:\/\/www.pressenza.com\/es\/wp-json\/wp\/v2\/posts"}],"about":[{"href":"https:\/\/www.pressenza.com\/es\/wp-json\/wp\/v2\/types\/post"}],"author":[{"embeddable":true,"href":"https:\/\/www.pressenza.com\/es\/wp-json\/wp\/v2\/users\/1757"}],"replies":[{"embeddable":true,"href":"https:\/\/www.pressenza.com\/es\/wp-json\/wp\/v2\/comments?post=2640424"}],"version-history":[{"count":2,"href":"https:\/\/www.pressenza.com\/es\/wp-json\/wp\/v2\/posts\/2640424\/revisions"}],"predecessor-version":[{"id":2640476,"href":"https:\/\/www.pressenza.com\/es\/wp-json\/wp\/v2\/posts\/2640424\/revisions\/2640476"}],"wp:featuredmedia":[{"embeddable":true,"href":"https:\/\/www.pressenza.com\/es\/wp-json\/wp\/v2\/media\/2640427"}],"wp:attachment":[{"href":"https:\/\/www.pressenza.com\/es\/wp-json\/wp\/v2\/media?parent=2640424"}],"wp:term":[{"taxonomy":"category","embeddable":true,"href":"https:\/\/www.pressenza.com\/es\/wp-json\/wp\/v2\/categories?post=2640424"},{"taxonomy":"post_tag","embeddable":true,"href":"https:\/\/www.pressenza.com\/es\/wp-json\/wp\/v2\/tags?post=2640424"}],"curies":[{"name":"wp","href":"https:\/\/api.w.org\/{rel}","templated":true}]}}