{"id":2639791,"date":"2025-09-28T23:51:11","date_gmt":"2025-09-28T22:51:11","guid":{"rendered":"https:\/\/www.pressenza.com\/?p=2639791"},"modified":"2025-09-28T23:51:11","modified_gmt":"2025-09-28T22:51:11","slug":"israel-prepara-operacion-militar-para-interceptar-la-global-sumud-flotilla-en-aguas-internacionales","status":"publish","type":"post","link":"https:\/\/www.pressenza.com\/es\/2025\/09\/israel-prepara-operacion-militar-para-interceptar-la-global-sumud-flotilla-en-aguas-internacionales\/","title":{"rendered":"Israel prepara operaci\u00f3n militar para interceptar la Global Sumud Flotilla en aguas internacionales"},"content":{"rendered":"<p>Seg\u00fan reportes de medios israel\u00edes y testimonios de voluntarios, el ej\u00e9rcito israel\u00ed planea interceptar la Global Sumud Flotilla la noche del martes 30 de septiembre, a unos 180 kil\u00f3metros de la costa de Gaza. La operaci\u00f3n involucrar\u00eda el despliegue de comandos desde un gran buque de guerra para abordar las m\u00e1s de 40 embarcaciones de la flotilla humanitaria, secuestrar a sus tripulaciones y retenerlas en prisiones militares durante 4 o 5 d\u00edas antes de su deportaci\u00f3n. Se informa que este periodo podr\u00eda reducirse si los activistas firman un documento admitiendo entrada ilegal en Israel y reconociendo la soberan\u00eda israel\u00ed sobre Gaza, algo que los organizadores rechazan como falso.<\/p>\n<p>Dr. Thomas Gu\u00e9nol\u00e9, profesor de relaciones internacionales y voluntario franc\u00e9s a bordo, advierte que interceptar a la flotilla humanitaria y pac\u00edfica en aguas internacionales constituye una serie de violaciones al derecho internacional, incluyendo cr\u00edmenes de guerra por obstrucci\u00f3n de ayuda humanitaria y detenci\u00f3n ilegal de voluntarios humanitarios. Gu\u00e9nol\u00e9 anuncia que, de ejecutarse este m\u00e9todo, iniciar\u00e1 una huelga de hambre indefinida tras la interceptaci\u00f3n, hasta su liberaci\u00f3n y la de sus compa\u00f1eros.<\/p>\n<p>La coordenada del posible abordaje y la naturaleza no violenta de la flotilla refuerzan las alertas sobre la criminalizaci\u00f3n de la ayuda civil y la represi\u00f3n de la solidaridad internacional con Gaza en aguas internacionales, donde el derecho mar\u00edtimo y humanitario estar\u00edan siendo infringidos seg\u00fan expertos y activistas.<\/p>\n","protected":false},"excerpt":{"rendered":"<p>Seg\u00fan reportes de medios israel\u00edes y testimonios de voluntarios, el ej\u00e9rcito israel\u00ed planea interceptar la Global Sumud Flotilla la noche del martes 30 de septiembre, a unos 180 kil\u00f3metros de la costa de Gaza. La operaci\u00f3n involucrar\u00eda el despliegue de&hellip;<\/p>\n","protected":false},"author":1757,"featured_media":2639792,"comment_status":"closed","ping_status":"closed","sticky":false,"template":"","format":"standard","meta":{"footnotes":""},"categories":[11389,71,106739,1243],"tags":[142863,1495],"class_list":["post-2639791","post","type-post","status-publish","format-standard","has-post-thumbnail","hentry","category-contenido-original","category-medio-oriente-es","category-noticia","category-paz-desarme","tag-globalsumudflotilla","tag-gaza-es"],"yoast_head":"<!-- This site is optimized with the Yoast SEO plugin v27.1.1 - https:\/\/yoast.com\/product\/yoast-seo-wordpress\/ -->\n<title>Israel prepara operaci\u00f3n militar para interceptar la Global Sumud Flotilla en aguas internacionales<\/title>\n<meta name=\"description\" content=\"Seg\u00fan reportes de medios israel\u00edes y testimonios de voluntarios, el ej\u00e9rcito israel\u00ed planea interceptar la Global Sumud Flotilla la noche del martes 30 de\" \/>\n<meta name=\"robots\" content=\"index, follow, max-snippet:-1, max-image-preview:large, max-video-preview:-1\" \/>\n<link rel=\"canonical\" href=\"https:\/\/www.pressenza.com\/es\/2025\/09\/israel-prepara-operacion-militar-para-interceptar-la-global-sumud-flotilla-en-aguas-internacionales\/\" \/>\n<meta property=\"og:locale\" content=\"es_ES\" \/>\n<meta property=\"og:type\" content=\"article\" \/>\n<meta property=\"og:title\" content=\"Israel prepara operaci\u00f3n militar para interceptar la Global Sumud Flotilla en aguas internacionales\" \/>\n<meta property=\"og:description\" content=\"Seg\u00fan reportes de medios israel\u00edes y testimonios de voluntarios, el ej\u00e9rcito israel\u00ed planea interceptar la Global Sumud Flotilla la noche del martes 30 de\" \/>\n<meta property=\"og:url\" content=\"https:\/\/www.pressenza.com\/es\/2025\/09\/israel-prepara-operacion-militar-para-interceptar-la-global-sumud-flotilla-en-aguas-internacionales\/\" \/>\n<meta property=\"og:site_name\" content=\"Pressenza\" \/>\n<meta property=\"article:publisher\" content=\"https:\/\/www.facebook.com\/PressenzaItalia\" \/>\n<meta property=\"article:published_time\" content=\"2025-09-28T22:51:11+00:00\" \/>\n<meta property=\"og:image\" content=\"https:\/\/www.pressenza.com\/wp-content\/uploads\/2025\/09\/WhatsApp-Image-2025-09-28-at-7.10.34-PM.jpeg\" \/>\n\t<meta property=\"og:image:width\" content=\"1536\" \/>\n\t<meta property=\"og:image:height\" content=\"1920\" \/>\n\t<meta property=\"og:image:type\" content=\"image\/jpeg\" \/>\n<meta name=\"author\" content=\"Claudia Aranda\" \/>\n<meta name=\"twitter:card\" content=\"summary_large_image\" \/>\n<meta name=\"twitter:creator\" content=\"@PressenzaIPA\" \/>\n<meta name=\"twitter:site\" content=\"@PressenzaIPA\" \/>\n<meta name=\"twitter:label1\" content=\"Escrito por\" \/>\n\t<meta name=\"twitter:data1\" content=\"Claudia Aranda\" \/>\n\t<meta name=\"twitter:label2\" content=\"Tiempo de lectura\" \/>\n\t<meta name=\"twitter:data2\" content=\"2 minutos\" \/>\n<script type=\"application\/ld+json\" class=\"yoast-schema-graph\">{\"@context\":\"https:\/\/schema.org\",\"@graph\":[{\"@type\":\"Article\",\"@id\":\"https:\/\/www.pressenza.com\/es\/2025\/09\/israel-prepara-operacion-militar-para-interceptar-la-global-sumud-flotilla-en-aguas-internacionales\/#article\",\"isPartOf\":{\"@id\":\"https:\/\/www.pressenza.com\/es\/2025\/09\/israel-prepara-operacion-militar-para-interceptar-la-global-sumud-flotilla-en-aguas-internacionales\/\"},\"author\":{\"name\":\"Claudia Aranda\",\"@id\":\"https:\/\/www.pressenza.com\/es\/#\/schema\/person\/7c99b7f1e26cb9e5efedc0b26a398fb5\"},\"headline\":\"Israel prepara operaci\u00f3n militar para interceptar la Global Sumud Flotilla en aguas internacionales\",\"datePublished\":\"2025-09-28T22:51:11+00:00\",\"mainEntityOfPage\":{\"@id\":\"https:\/\/www.pressenza.com\/es\/2025\/09\/israel-prepara-operacion-militar-para-interceptar-la-global-sumud-flotilla-en-aguas-internacionales\/\"},\"wordCount\":263,\"publisher\":{\"@id\":\"https:\/\/www.pressenza.com\/es\/#organization\"},\"image\":{\"@id\":\"https:\/\/www.pressenza.com\/es\/2025\/09\/israel-prepara-operacion-militar-para-interceptar-la-global-sumud-flotilla-en-aguas-internacionales\/#primaryimage\"},\"thumbnailUrl\":\"https:\/\/www.pressenza.com\/wp-content\/uploads\/2025\/09\/WhatsApp-Image-2025-09-28-at-7.10.34-PM.jpeg\",\"keywords\":[\"#GlobalSumudFlotilla\",\"Gaza\"],\"articleSection\":[\"Contenido Original\",\"Medio Oriente\",\"Noticia\",\"Paz y Desarme\"],\"inLanguage\":\"es\"},{\"@type\":\"WebPage\",\"@id\":\"https:\/\/www.pressenza.com\/es\/2025\/09\/israel-prepara-operacion-militar-para-interceptar-la-global-sumud-flotilla-en-aguas-internacionales\/\",\"url\":\"https:\/\/www.pressenza.com\/es\/2025\/09\/israel-prepara-operacion-militar-para-interceptar-la-global-sumud-flotilla-en-aguas-internacionales\/\",\"name\":\"Israel prepara operaci\u00f3n militar para interceptar la Global Sumud Flotilla en aguas internacionales\",\"isPartOf\":{\"@id\":\"https:\/\/www.pressenza.com\/es\/#website\"},\"primaryImageOfPage\":{\"@id\":\"https:\/\/www.pressenza.com\/es\/2025\/09\/israel-prepara-operacion-militar-para-interceptar-la-global-sumud-flotilla-en-aguas-internacionales\/#primaryimage\"},\"image\":{\"@id\":\"https:\/\/www.pressenza.com\/es\/2025\/09\/israel-prepara-operacion-militar-para-interceptar-la-global-sumud-flotilla-en-aguas-internacionales\/#primaryimage\"},\"thumbnailUrl\":\"https:\/\/www.pressenza.com\/wp-content\/uploads\/2025\/09\/WhatsApp-Image-2025-09-28-at-7.10.34-PM.jpeg\",\"datePublished\":\"2025-09-28T22:51:11+00:00\",\"description\":\"Seg\u00fan reportes de medios israel\u00edes y testimonios de voluntarios, el ej\u00e9rcito israel\u00ed planea interceptar la Global Sumud Flotilla la noche del martes 30 de\",\"breadcrumb\":{\"@id\":\"https:\/\/www.pressenza.com\/es\/2025\/09\/israel-prepara-operacion-militar-para-interceptar-la-global-sumud-flotilla-en-aguas-internacionales\/#breadcrumb\"},\"inLanguage\":\"es\",\"potentialAction\":[{\"@type\":\"ReadAction\",\"target\":[\"https:\/\/www.pressenza.com\/es\/2025\/09\/israel-prepara-operacion-militar-para-interceptar-la-global-sumud-flotilla-en-aguas-internacionales\/\"]}]},{\"@type\":\"ImageObject\",\"inLanguage\":\"es\",\"@id\":\"https:\/\/www.pressenza.com\/es\/2025\/09\/israel-prepara-operacion-militar-para-interceptar-la-global-sumud-flotilla-en-aguas-internacionales\/#primaryimage\",\"url\":\"https:\/\/www.pressenza.com\/wp-content\/uploads\/2025\/09\/WhatsApp-Image-2025-09-28-at-7.10.34-PM.jpeg\",\"contentUrl\":\"https:\/\/www.pressenza.com\/wp-content\/uploads\/2025\/09\/WhatsApp-Image-2025-09-28-at-7.10.34-PM.jpeg\",\"width\":1536,\"height\":1920},{\"@type\":\"BreadcrumbList\",\"@id\":\"https:\/\/www.pressenza.com\/es\/2025\/09\/israel-prepara-operacion-militar-para-interceptar-la-global-sumud-flotilla-en-aguas-internacionales\/#breadcrumb\",\"itemListElement\":[{\"@type\":\"ListItem\",\"position\":1,\"name\":\"Accueil\",\"item\":\"https:\/\/www.pressenza.com\/es\/\"},{\"@type\":\"ListItem\",\"position\":2,\"name\":\"Israel prepara operaci\u00f3n militar para interceptar la Global Sumud Flotilla en aguas internacionales\"}]},{\"@type\":\"WebSite\",\"@id\":\"https:\/\/www.pressenza.com\/es\/#website\",\"url\":\"https:\/\/www.pressenza.com\/es\/\",\"name\":\"Pressenza\",\"description\":\"International Press Agency\",\"publisher\":{\"@id\":\"https:\/\/www.pressenza.com\/es\/#organization\"},\"potentialAction\":[{\"@type\":\"SearchAction\",\"target\":{\"@type\":\"EntryPoint\",\"urlTemplate\":\"https:\/\/www.pressenza.com\/es\/?s={search_term_string}\"},\"query-input\":{\"@type\":\"PropertyValueSpecification\",\"valueRequired\":true,\"valueName\":\"search_term_string\"}}],\"inLanguage\":\"es\"},{\"@type\":\"Organization\",\"@id\":\"https:\/\/www.pressenza.com\/es\/#organization\",\"name\":\"Pressenza\",\"url\":\"https:\/\/www.pressenza.com\/es\/\",\"logo\":{\"@type\":\"ImageObject\",\"inLanguage\":\"es\",\"@id\":\"https:\/\/www.pressenza.com\/es\/#\/schema\/logo\/image\/\",\"url\":\"https:\/\/www.pressenza.com\/wp-content\/uploads\/2022\/10\/pressenza_logo_200x200.jpg\",\"contentUrl\":\"https:\/\/www.pressenza.com\/wp-content\/uploads\/2022\/10\/pressenza_logo_200x200.jpg\",\"width\":200,\"height\":200,\"caption\":\"Pressenza\"},\"image\":{\"@id\":\"https:\/\/www.pressenza.com\/es\/#\/schema\/logo\/image\/\"},\"sameAs\":[\"https:\/\/www.facebook.com\/PressenzaItalia\",\"https:\/\/x.com\/PressenzaIPA\"]},{\"@type\":\"Person\",\"@id\":\"https:\/\/www.pressenza.com\/es\/#\/schema\/person\/7c99b7f1e26cb9e5efedc0b26a398fb5\",\"name\":\"Claudia Aranda\",\"description\":\"Chilean journalist specializing in Semiotics and Political Analysis. As an international analyst, she focuses on prospective analysis of social processes. Based in Montreal, Quebec, she covers news for Pressenza and explores contemporary philosophical debates within the context of current events. Her work emphasizes human rights, geopolitics, armed conflict, the environment, and technological development. She is a humanist and an activist for social justice causes.\",\"url\":\"https:\/\/www.pressenza.com\/es\/author\/claudia-aranda\/\"}]}<\/script>\n<!-- \/ Yoast SEO plugin. -->","yoast_head_json":{"title":"Israel prepara operaci\u00f3n militar para interceptar la Global Sumud Flotilla en aguas internacionales","description":"Seg\u00fan reportes de medios israel\u00edes y testimonios de voluntarios, el ej\u00e9rcito israel\u00ed planea interceptar la Global Sumud Flotilla la noche del martes 30 de","robots":{"index":"index","follow":"follow","max-snippet":"max-snippet:-1","max-image-preview":"max-image-preview:large","max-video-preview":"max-video-preview:-1"},"canonical":"https:\/\/www.pressenza.com\/es\/2025\/09\/israel-prepara-operacion-militar-para-interceptar-la-global-sumud-flotilla-en-aguas-internacionales\/","og_locale":"es_ES","og_type":"article","og_title":"Israel prepara operaci\u00f3n militar para interceptar la Global Sumud Flotilla en aguas internacionales","og_description":"Seg\u00fan reportes de medios israel\u00edes y testimonios de voluntarios, el ej\u00e9rcito israel\u00ed planea interceptar la Global Sumud Flotilla la noche del martes 30 de","og_url":"https:\/\/www.pressenza.com\/es\/2025\/09\/israel-prepara-operacion-militar-para-interceptar-la-global-sumud-flotilla-en-aguas-internacionales\/","og_site_name":"Pressenza","article_publisher":"https:\/\/www.facebook.com\/PressenzaItalia","article_published_time":"2025-09-28T22:51:11+00:00","og_image":[{"width":1536,"height":1920,"url":"https:\/\/www.pressenza.com\/wp-content\/uploads\/2025\/09\/WhatsApp-Image-2025-09-28-at-7.10.34-PM.jpeg","type":"image\/jpeg"}],"author":"Claudia Aranda","twitter_card":"summary_large_image","twitter_creator":"@PressenzaIPA","twitter_site":"@PressenzaIPA","twitter_misc":{"Escrito por":"Claudia Aranda","Tiempo de lectura":"2 minutos"},"schema":{"@context":"https:\/\/schema.org","@graph":[{"@type":"Article","@id":"https:\/\/www.pressenza.com\/es\/2025\/09\/israel-prepara-operacion-militar-para-interceptar-la-global-sumud-flotilla-en-aguas-internacionales\/#article","isPartOf":{"@id":"https:\/\/www.pressenza.com\/es\/2025\/09\/israel-prepara-operacion-militar-para-interceptar-la-global-sumud-flotilla-en-aguas-internacionales\/"},"author":{"name":"Claudia Aranda","@id":"https:\/\/www.pressenza.com\/es\/#\/schema\/person\/7c99b7f1e26cb9e5efedc0b26a398fb5"},"headline":"Israel prepara operaci\u00f3n militar para interceptar la Global Sumud Flotilla en aguas internacionales","datePublished":"2025-09-28T22:51:11+00:00","mainEntityOfPage":{"@id":"https:\/\/www.pressenza.com\/es\/2025\/09\/israel-prepara-operacion-militar-para-interceptar-la-global-sumud-flotilla-en-aguas-internacionales\/"},"wordCount":263,"publisher":{"@id":"https:\/\/www.pressenza.com\/es\/#organization"},"image":{"@id":"https:\/\/www.pressenza.com\/es\/2025\/09\/israel-prepara-operacion-militar-para-interceptar-la-global-sumud-flotilla-en-aguas-internacionales\/#primaryimage"},"thumbnailUrl":"https:\/\/www.pressenza.com\/wp-content\/uploads\/2025\/09\/WhatsApp-Image-2025-09-28-at-7.10.34-PM.jpeg","keywords":["#GlobalSumudFlotilla","Gaza"],"articleSection":["Contenido Original","Medio Oriente","Noticia","Paz y Desarme"],"inLanguage":"es"},{"@type":"WebPage","@id":"https:\/\/www.pressenza.com\/es\/2025\/09\/israel-prepara-operacion-militar-para-interceptar-la-global-sumud-flotilla-en-aguas-internacionales\/","url":"https:\/\/www.pressenza.com\/es\/2025\/09\/israel-prepara-operacion-militar-para-interceptar-la-global-sumud-flotilla-en-aguas-internacionales\/","name":"Israel prepara operaci\u00f3n militar para interceptar la Global Sumud Flotilla en aguas internacionales","isPartOf":{"@id":"https:\/\/www.pressenza.com\/es\/#website"},"primaryImageOfPage":{"@id":"https:\/\/www.pressenza.com\/es\/2025\/09\/israel-prepara-operacion-militar-para-interceptar-la-global-sumud-flotilla-en-aguas-internacionales\/#primaryimage"},"image":{"@id":"https:\/\/www.pressenza.com\/es\/2025\/09\/israel-prepara-operacion-militar-para-interceptar-la-global-sumud-flotilla-en-aguas-internacionales\/#primaryimage"},"thumbnailUrl":"https:\/\/www.pressenza.com\/wp-content\/uploads\/2025\/09\/WhatsApp-Image-2025-09-28-at-7.10.34-PM.jpeg","datePublished":"2025-09-28T22:51:11+00:00","description":"Seg\u00fan reportes de medios israel\u00edes y testimonios de voluntarios, el ej\u00e9rcito israel\u00ed planea interceptar la Global Sumud Flotilla la noche del martes 30 de","breadcrumb":{"@id":"https:\/\/www.pressenza.com\/es\/2025\/09\/israel-prepara-operacion-militar-para-interceptar-la-global-sumud-flotilla-en-aguas-internacionales\/#breadcrumb"},"inLanguage":"es","potentialAction":[{"@type":"ReadAction","target":["https:\/\/www.pressenza.com\/es\/2025\/09\/israel-prepara-operacion-militar-para-interceptar-la-global-sumud-flotilla-en-aguas-internacionales\/"]}]},{"@type":"ImageObject","inLanguage":"es","@id":"https:\/\/www.pressenza.com\/es\/2025\/09\/israel-prepara-operacion-militar-para-interceptar-la-global-sumud-flotilla-en-aguas-internacionales\/#primaryimage","url":"https:\/\/www.pressenza.com\/wp-content\/uploads\/2025\/09\/WhatsApp-Image-2025-09-28-at-7.10.34-PM.jpeg","contentUrl":"https:\/\/www.pressenza.com\/wp-content\/uploads\/2025\/09\/WhatsApp-Image-2025-09-28-at-7.10.34-PM.jpeg","width":1536,"height":1920},{"@type":"BreadcrumbList","@id":"https:\/\/www.pressenza.com\/es\/2025\/09\/israel-prepara-operacion-militar-para-interceptar-la-global-sumud-flotilla-en-aguas-internacionales\/#breadcrumb","itemListElement":[{"@type":"ListItem","position":1,"name":"Accueil","item":"https:\/\/www.pressenza.com\/es\/"},{"@type":"ListItem","position":2,"name":"Israel prepara operaci\u00f3n militar para interceptar la Global Sumud Flotilla en aguas internacionales"}]},{"@type":"WebSite","@id":"https:\/\/www.pressenza.com\/es\/#website","url":"https:\/\/www.pressenza.com\/es\/","name":"Pressenza","description":"International Press Agency","publisher":{"@id":"https:\/\/www.pressenza.com\/es\/#organization"},"potentialAction":[{"@type":"SearchAction","target":{"@type":"EntryPoint","urlTemplate":"https:\/\/www.pressenza.com\/es\/?s={search_term_string}"},"query-input":{"@type":"PropertyValueSpecification","valueRequired":true,"valueName":"search_term_string"}}],"inLanguage":"es"},{"@type":"Organization","@id":"https:\/\/www.pressenza.com\/es\/#organization","name":"Pressenza","url":"https:\/\/www.pressenza.com\/es\/","logo":{"@type":"ImageObject","inLanguage":"es","@id":"https:\/\/www.pressenza.com\/es\/#\/schema\/logo\/image\/","url":"https:\/\/www.pressenza.com\/wp-content\/uploads\/2022\/10\/pressenza_logo_200x200.jpg","contentUrl":"https:\/\/www.pressenza.com\/wp-content\/uploads\/2022\/10\/pressenza_logo_200x200.jpg","width":200,"height":200,"caption":"Pressenza"},"image":{"@id":"https:\/\/www.pressenza.com\/es\/#\/schema\/logo\/image\/"},"sameAs":["https:\/\/www.facebook.com\/PressenzaItalia","https:\/\/x.com\/PressenzaIPA"]},{"@type":"Person","@id":"https:\/\/www.pressenza.com\/es\/#\/schema\/person\/7c99b7f1e26cb9e5efedc0b26a398fb5","name":"Claudia Aranda","description":"Chilean journalist specializing in Semiotics and Political Analysis. As an international analyst, she focuses on prospective analysis of social processes. Based in Montreal, Quebec, she covers news for Pressenza and explores contemporary philosophical debates within the context of current events. Her work emphasizes human rights, geopolitics, armed conflict, the environment, and technological development. She is a humanist and an activist for social justice causes.","url":"https:\/\/www.pressenza.com\/es\/author\/claudia-aranda\/"}]}},"place":"Montreal, Canad\u00e1","original_article_url":"","_links":{"self":[{"href":"https:\/\/www.pressenza.com\/es\/wp-json\/wp\/v2\/posts\/2639791","targetHints":{"allow":["GET"]}}],"collection":[{"href":"https:\/\/www.pressenza.com\/es\/wp-json\/wp\/v2\/posts"}],"about":[{"href":"https:\/\/www.pressenza.com\/es\/wp-json\/wp\/v2\/types\/post"}],"author":[{"embeddable":true,"href":"https:\/\/www.pressenza.com\/es\/wp-json\/wp\/v2\/users\/1757"}],"replies":[{"embeddable":true,"href":"https:\/\/www.pressenza.com\/es\/wp-json\/wp\/v2\/comments?post=2639791"}],"version-history":[{"count":1,"href":"https:\/\/www.pressenza.com\/es\/wp-json\/wp\/v2\/posts\/2639791\/revisions"}],"predecessor-version":[{"id":2639793,"href":"https:\/\/www.pressenza.com\/es\/wp-json\/wp\/v2\/posts\/2639791\/revisions\/2639793"}],"wp:featuredmedia":[{"embeddable":true,"href":"https:\/\/www.pressenza.com\/es\/wp-json\/wp\/v2\/media\/2639792"}],"wp:attachment":[{"href":"https:\/\/www.pressenza.com\/es\/wp-json\/wp\/v2\/media?parent=2639791"}],"wp:term":[{"taxonomy":"category","embeddable":true,"href":"https:\/\/www.pressenza.com\/es\/wp-json\/wp\/v2\/categories?post=2639791"},{"taxonomy":"post_tag","embeddable":true,"href":"https:\/\/www.pressenza.com\/es\/wp-json\/wp\/v2\/tags?post=2639791"}],"curies":[{"name":"wp","href":"https:\/\/api.w.org\/{rel}","templated":true}]}}