{"id":2636970,"date":"2025-09-20T14:43:32","date_gmt":"2025-09-20T13:43:32","guid":{"rendered":"https:\/\/www.pressenza.com\/?p=2636970"},"modified":"2025-09-20T14:43:32","modified_gmt":"2025-09-20T13:43:32","slug":"el-grito-de-claudia","status":"publish","type":"post","link":"https:\/\/www.pressenza.com\/es\/2025\/09\/el-grito-de-claudia\/","title":{"rendered":"El grito de Claudia"},"content":{"rendered":"<p>El pasado 15 de septiembre de 2025, M\u00e9xico vivi\u00f3 una noche hist\u00f3rica con el primer Grito de Independencia presidido por Claudia Sheinbaum, un discurso que no solo reson\u00f3 por la solemnidad del acto protocolario sino tambi\u00e9n por su clara impronta feminista que redefine el papel de la mujer en la historia y el presente nacional.<\/p>\n<p>El Grito de Independencia, ese emblem\u00e1tico ritual que rememora el llamado a la lucha contra el dominio colonial espa\u00f1ol inaugurado en 1810 por Miguel Hidalgo, cobra cada a\u00f1o un sitial central en la memoria y la identidad mexicana. Se celebra la gesta heroica que culminar\u00eda en la formaci\u00f3n de la naci\u00f3n libre y soberana, un momento emblem\u00e1tico de reafirmaci\u00f3n patri\u00f3tica. Tradicionalmente, el discurso lo ha pronunciado el presidente o la presidenta, marcando un acto de conexi\u00f3n directa con el pueblo y la historia.<\/p>\n<p>Este 2025, Sheinbaum rompi\u00f3 un techo al convertirse en la primera mujer en dar el Grito, un gesto que ella misma calific\u00f3 como un \u201cs\u00edmbolo de inclusi\u00f3n, igualdad y justicia\u201d. En su discurso, la presidenta reivindic\u00f3 la dignidad y el valor de todas las mexicanas, enfoc\u00e1ndose especialmente en las mujeres ind\u00edgenas y las hero\u00ednas de la independencia. Mencion\u00f3 con especial reverencia a figuras ic\u00f3nicas como Josefa Ortiz de Dom\u00ednguez, Leona Vicario y Gertrudis Bocanegra, quienes en las sombras y frentes de batalla tejieron la resistencia que llev\u00f3 a M\u00e9xico a la libertad.<\/p>\n<p>Sheinbaum expres\u00f3 textualmente: \u201cDamos homenaje a las mujeres que hicieron posible nuestra independencia, mujeres valientes que fueron doblando la historia con su presencia, compromiso y ejemplo. Mujeres ind\u00edgenas, nuestras primeras cuidadoras de la tierra, guardianas de la lengua y la cultura, pilar indispensable en la construcci\u00f3n de M\u00e9xico\u201d. Este reconocimiento signific\u00f3 un sitial de honor para las mujeres tradicionalmente silenciadas en los relatos patri\u00f3ticos, releva su protagonismo y reivindica su legado inmarcesible.<\/p>\n<p>Adem\u00e1s, el protocolo acompa\u00f1\u00f3 el momento con s\u00edmbolos feministas: el vestido morado que visti\u00f3 la presidenta y la guardia de honor frente al retrato de Leona Vicario, primera mujer dentro del pante\u00f3n nacional de h\u00e9roes, brindaron en conjunto una lectura pol\u00edtica que subray\u00f3 la urgencia de abrir caminos para la igualdad y el respeto de los derechos de la mujer en M\u00e9xico.<\/p>\n<p>Este acto no solo fue un ejercicio de memoria hist\u00f3rica, sino una declaraci\u00f3n contempor\u00e1nea: en tiempos de feminicidio y lucha por los derechos de las mujeres, el Grito de Sheinbaum representa un llamado a la justicia y a la reparaci\u00f3n del tejido social desde la perspectiva de g\u00e9nero, otorgando esa dimensi\u00f3n inclusiva a uno de los mayores s\u00edmbolos nacionales.<\/p>\n<p>As\u00ed, el discurso y el acto protocolario de 2025 constituyen un hito que enmarca a M\u00e9xico en un tr\u00e1nsito hacia la igualdad, haciendo visible a las mujeres como agentes activos de la historia y no solo como testigos. Este compromiso expl\u00edcito de la presidenta abre puertas para la reconstrucci\u00f3n de un relato nacional m\u00e1s plural y justo, donde la soberan\u00eda tambi\u00e9n se ejerce desde la igualdad de g\u00e9nero y el respeto a la diversidad cultural e hist\u00f3rica del pa\u00eds.<\/p>\n","protected":false},"excerpt":{"rendered":"<p>El pasado 15 de septiembre de 2025, M\u00e9xico vivi\u00f3 una noche hist\u00f3rica con el primer Grito de Independencia presidido por Claudia Sheinbaum, un discurso que no solo reson\u00f3 por la solemnidad del acto protocolario sino tambi\u00e9n por su clara impronta&hellip;<\/p>\n","protected":false},"author":1757,"featured_media":2636971,"comment_status":"closed","ping_status":"closed","sticky":false,"template":"","format":"standard","meta":{"footnotes":""},"categories":[11389,68,106739,74],"tags":[122491,143048,1321],"class_list":["post-2636970","post","type-post","status-publish","format-standard","has-post-thumbnail","hentry","category-contenido-original","category-norteamerica","category-noticia","category-politica-es","tag-claudia-sheinbaum-es","tag-grito-de-la-independencia","tag-mexico"],"yoast_head":"<!-- This site is optimized with the Yoast SEO plugin v27.1.1 - https:\/\/yoast.com\/product\/yoast-seo-wordpress\/ -->\n<title>El grito de Claudia<\/title>\n<meta name=\"description\" content=\"El pasado 15 de septiembre de 2025, M\u00e9xico vivi\u00f3 una noche hist\u00f3rica con el primer Grito de Independencia presidido por Claudia Sheinbaum, un discurso que\" \/>\n<meta name=\"robots\" content=\"index, follow, max-snippet:-1, max-image-preview:large, max-video-preview:-1\" \/>\n<link rel=\"canonical\" href=\"https:\/\/www.pressenza.com\/es\/2025\/09\/el-grito-de-claudia\/\" \/>\n<meta property=\"og:locale\" content=\"es_ES\" \/>\n<meta property=\"og:type\" content=\"article\" \/>\n<meta property=\"og:title\" content=\"El grito de Claudia\" \/>\n<meta property=\"og:description\" content=\"El pasado 15 de septiembre de 2025, M\u00e9xico vivi\u00f3 una noche hist\u00f3rica con el primer Grito de Independencia presidido por Claudia Sheinbaum, un discurso que\" \/>\n<meta property=\"og:url\" content=\"https:\/\/www.pressenza.com\/es\/2025\/09\/el-grito-de-claudia\/\" \/>\n<meta property=\"og:site_name\" content=\"Pressenza\" \/>\n<meta property=\"article:publisher\" content=\"https:\/\/www.facebook.com\/PressenzaItalia\" \/>\n<meta property=\"article:published_time\" content=\"2025-09-20T13:43:32+00:00\" \/>\n<meta property=\"og:image\" content=\"https:\/\/www.pressenza.com\/wp-content\/uploads\/2025\/09\/unnamed-7.jpg\" \/>\n\t<meta property=\"og:image:width\" content=\"512\" \/>\n\t<meta property=\"og:image:height\" content=\"288\" \/>\n\t<meta property=\"og:image:type\" content=\"image\/jpeg\" \/>\n<meta name=\"author\" content=\"Claudia Aranda\" \/>\n<meta name=\"twitter:card\" content=\"summary_large_image\" \/>\n<meta name=\"twitter:creator\" content=\"@PressenzaIPA\" \/>\n<meta name=\"twitter:site\" content=\"@PressenzaIPA\" \/>\n<meta name=\"twitter:label1\" content=\"Escrito por\" \/>\n\t<meta name=\"twitter:data1\" content=\"Claudia Aranda\" \/>\n\t<meta name=\"twitter:label2\" content=\"Tiempo de lectura\" \/>\n\t<meta name=\"twitter:data2\" content=\"3 minutos\" \/>\n<script type=\"application\/ld+json\" class=\"yoast-schema-graph\">{\"@context\":\"https:\/\/schema.org\",\"@graph\":[{\"@type\":\"Article\",\"@id\":\"https:\/\/www.pressenza.com\/es\/2025\/09\/el-grito-de-claudia\/#article\",\"isPartOf\":{\"@id\":\"https:\/\/www.pressenza.com\/es\/2025\/09\/el-grito-de-claudia\/\"},\"author\":{\"name\":\"Claudia Aranda\",\"@id\":\"https:\/\/www.pressenza.com\/es\/#\/schema\/person\/7c99b7f1e26cb9e5efedc0b26a398fb5\"},\"headline\":\"El grito de Claudia\",\"datePublished\":\"2025-09-20T13:43:32+00:00\",\"mainEntityOfPage\":{\"@id\":\"https:\/\/www.pressenza.com\/es\/2025\/09\/el-grito-de-claudia\/\"},\"wordCount\":549,\"publisher\":{\"@id\":\"https:\/\/www.pressenza.com\/es\/#organization\"},\"image\":{\"@id\":\"https:\/\/www.pressenza.com\/es\/2025\/09\/el-grito-de-claudia\/#primaryimage\"},\"thumbnailUrl\":\"https:\/\/www.pressenza.com\/wp-content\/uploads\/2025\/09\/unnamed-7.jpg\",\"keywords\":[\"Claudia Sheinbaum\",\"grito de la independencia\",\"M\u00e9xico\"],\"articleSection\":[\"Contenido Original\",\"Norteam\u00e9rica\",\"Noticia\",\"Pol\u00edtica\"],\"inLanguage\":\"es\"},{\"@type\":\"WebPage\",\"@id\":\"https:\/\/www.pressenza.com\/es\/2025\/09\/el-grito-de-claudia\/\",\"url\":\"https:\/\/www.pressenza.com\/es\/2025\/09\/el-grito-de-claudia\/\",\"name\":\"El grito de Claudia\",\"isPartOf\":{\"@id\":\"https:\/\/www.pressenza.com\/es\/#website\"},\"primaryImageOfPage\":{\"@id\":\"https:\/\/www.pressenza.com\/es\/2025\/09\/el-grito-de-claudia\/#primaryimage\"},\"image\":{\"@id\":\"https:\/\/www.pressenza.com\/es\/2025\/09\/el-grito-de-claudia\/#primaryimage\"},\"thumbnailUrl\":\"https:\/\/www.pressenza.com\/wp-content\/uploads\/2025\/09\/unnamed-7.jpg\",\"datePublished\":\"2025-09-20T13:43:32+00:00\",\"description\":\"El pasado 15 de septiembre de 2025, M\u00e9xico vivi\u00f3 una noche hist\u00f3rica con el primer Grito de Independencia presidido por Claudia Sheinbaum, un discurso que\",\"breadcrumb\":{\"@id\":\"https:\/\/www.pressenza.com\/es\/2025\/09\/el-grito-de-claudia\/#breadcrumb\"},\"inLanguage\":\"es\",\"potentialAction\":[{\"@type\":\"ReadAction\",\"target\":[\"https:\/\/www.pressenza.com\/es\/2025\/09\/el-grito-de-claudia\/\"]}]},{\"@type\":\"ImageObject\",\"inLanguage\":\"es\",\"@id\":\"https:\/\/www.pressenza.com\/es\/2025\/09\/el-grito-de-claudia\/#primaryimage\",\"url\":\"https:\/\/www.pressenza.com\/wp-content\/uploads\/2025\/09\/unnamed-7.jpg\",\"contentUrl\":\"https:\/\/www.pressenza.com\/wp-content\/uploads\/2025\/09\/unnamed-7.jpg\",\"width\":512,\"height\":288},{\"@type\":\"BreadcrumbList\",\"@id\":\"https:\/\/www.pressenza.com\/es\/2025\/09\/el-grito-de-claudia\/#breadcrumb\",\"itemListElement\":[{\"@type\":\"ListItem\",\"position\":1,\"name\":\"Accueil\",\"item\":\"https:\/\/www.pressenza.com\/es\/\"},{\"@type\":\"ListItem\",\"position\":2,\"name\":\"El grito de Claudia\"}]},{\"@type\":\"WebSite\",\"@id\":\"https:\/\/www.pressenza.com\/es\/#website\",\"url\":\"https:\/\/www.pressenza.com\/es\/\",\"name\":\"Pressenza\",\"description\":\"International Press Agency\",\"publisher\":{\"@id\":\"https:\/\/www.pressenza.com\/es\/#organization\"},\"potentialAction\":[{\"@type\":\"SearchAction\",\"target\":{\"@type\":\"EntryPoint\",\"urlTemplate\":\"https:\/\/www.pressenza.com\/es\/?s={search_term_string}\"},\"query-input\":{\"@type\":\"PropertyValueSpecification\",\"valueRequired\":true,\"valueName\":\"search_term_string\"}}],\"inLanguage\":\"es\"},{\"@type\":\"Organization\",\"@id\":\"https:\/\/www.pressenza.com\/es\/#organization\",\"name\":\"Pressenza\",\"url\":\"https:\/\/www.pressenza.com\/es\/\",\"logo\":{\"@type\":\"ImageObject\",\"inLanguage\":\"es\",\"@id\":\"https:\/\/www.pressenza.com\/es\/#\/schema\/logo\/image\/\",\"url\":\"https:\/\/www.pressenza.com\/wp-content\/uploads\/2022\/10\/pressenza_logo_200x200.jpg\",\"contentUrl\":\"https:\/\/www.pressenza.com\/wp-content\/uploads\/2022\/10\/pressenza_logo_200x200.jpg\",\"width\":200,\"height\":200,\"caption\":\"Pressenza\"},\"image\":{\"@id\":\"https:\/\/www.pressenza.com\/es\/#\/schema\/logo\/image\/\"},\"sameAs\":[\"https:\/\/www.facebook.com\/PressenzaItalia\",\"https:\/\/x.com\/PressenzaIPA\"]},{\"@type\":\"Person\",\"@id\":\"https:\/\/www.pressenza.com\/es\/#\/schema\/person\/7c99b7f1e26cb9e5efedc0b26a398fb5\",\"name\":\"Claudia Aranda\",\"description\":\"Chilean journalist specializing in Semiotics and Political Analysis. As an international analyst, she focuses on prospective analysis of social processes. Based in Montreal, Quebec, she covers news for Pressenza and explores contemporary philosophical debates within the context of current events. Her work emphasizes human rights, geopolitics, armed conflict, the environment, and technological development. She is a humanist and an activist for social justice causes.\",\"url\":\"https:\/\/www.pressenza.com\/es\/author\/claudia-aranda\/\"}]}<\/script>\n<!-- \/ Yoast SEO plugin. -->","yoast_head_json":{"title":"El grito de Claudia","description":"El pasado 15 de septiembre de 2025, M\u00e9xico vivi\u00f3 una noche hist\u00f3rica con el primer Grito de Independencia presidido por Claudia Sheinbaum, un discurso que","robots":{"index":"index","follow":"follow","max-snippet":"max-snippet:-1","max-image-preview":"max-image-preview:large","max-video-preview":"max-video-preview:-1"},"canonical":"https:\/\/www.pressenza.com\/es\/2025\/09\/el-grito-de-claudia\/","og_locale":"es_ES","og_type":"article","og_title":"El grito de Claudia","og_description":"El pasado 15 de septiembre de 2025, M\u00e9xico vivi\u00f3 una noche hist\u00f3rica con el primer Grito de Independencia presidido por Claudia Sheinbaum, un discurso que","og_url":"https:\/\/www.pressenza.com\/es\/2025\/09\/el-grito-de-claudia\/","og_site_name":"Pressenza","article_publisher":"https:\/\/www.facebook.com\/PressenzaItalia","article_published_time":"2025-09-20T13:43:32+00:00","og_image":[{"width":512,"height":288,"url":"https:\/\/www.pressenza.com\/wp-content\/uploads\/2025\/09\/unnamed-7.jpg","type":"image\/jpeg"}],"author":"Claudia Aranda","twitter_card":"summary_large_image","twitter_creator":"@PressenzaIPA","twitter_site":"@PressenzaIPA","twitter_misc":{"Escrito por":"Claudia Aranda","Tiempo de lectura":"3 minutos"},"schema":{"@context":"https:\/\/schema.org","@graph":[{"@type":"Article","@id":"https:\/\/www.pressenza.com\/es\/2025\/09\/el-grito-de-claudia\/#article","isPartOf":{"@id":"https:\/\/www.pressenza.com\/es\/2025\/09\/el-grito-de-claudia\/"},"author":{"name":"Claudia Aranda","@id":"https:\/\/www.pressenza.com\/es\/#\/schema\/person\/7c99b7f1e26cb9e5efedc0b26a398fb5"},"headline":"El grito de Claudia","datePublished":"2025-09-20T13:43:32+00:00","mainEntityOfPage":{"@id":"https:\/\/www.pressenza.com\/es\/2025\/09\/el-grito-de-claudia\/"},"wordCount":549,"publisher":{"@id":"https:\/\/www.pressenza.com\/es\/#organization"},"image":{"@id":"https:\/\/www.pressenza.com\/es\/2025\/09\/el-grito-de-claudia\/#primaryimage"},"thumbnailUrl":"https:\/\/www.pressenza.com\/wp-content\/uploads\/2025\/09\/unnamed-7.jpg","keywords":["Claudia Sheinbaum","grito de la independencia","M\u00e9xico"],"articleSection":["Contenido Original","Norteam\u00e9rica","Noticia","Pol\u00edtica"],"inLanguage":"es"},{"@type":"WebPage","@id":"https:\/\/www.pressenza.com\/es\/2025\/09\/el-grito-de-claudia\/","url":"https:\/\/www.pressenza.com\/es\/2025\/09\/el-grito-de-claudia\/","name":"El grito de Claudia","isPartOf":{"@id":"https:\/\/www.pressenza.com\/es\/#website"},"primaryImageOfPage":{"@id":"https:\/\/www.pressenza.com\/es\/2025\/09\/el-grito-de-claudia\/#primaryimage"},"image":{"@id":"https:\/\/www.pressenza.com\/es\/2025\/09\/el-grito-de-claudia\/#primaryimage"},"thumbnailUrl":"https:\/\/www.pressenza.com\/wp-content\/uploads\/2025\/09\/unnamed-7.jpg","datePublished":"2025-09-20T13:43:32+00:00","description":"El pasado 15 de septiembre de 2025, M\u00e9xico vivi\u00f3 una noche hist\u00f3rica con el primer Grito de Independencia presidido por Claudia Sheinbaum, un discurso que","breadcrumb":{"@id":"https:\/\/www.pressenza.com\/es\/2025\/09\/el-grito-de-claudia\/#breadcrumb"},"inLanguage":"es","potentialAction":[{"@type":"ReadAction","target":["https:\/\/www.pressenza.com\/es\/2025\/09\/el-grito-de-claudia\/"]}]},{"@type":"ImageObject","inLanguage":"es","@id":"https:\/\/www.pressenza.com\/es\/2025\/09\/el-grito-de-claudia\/#primaryimage","url":"https:\/\/www.pressenza.com\/wp-content\/uploads\/2025\/09\/unnamed-7.jpg","contentUrl":"https:\/\/www.pressenza.com\/wp-content\/uploads\/2025\/09\/unnamed-7.jpg","width":512,"height":288},{"@type":"BreadcrumbList","@id":"https:\/\/www.pressenza.com\/es\/2025\/09\/el-grito-de-claudia\/#breadcrumb","itemListElement":[{"@type":"ListItem","position":1,"name":"Accueil","item":"https:\/\/www.pressenza.com\/es\/"},{"@type":"ListItem","position":2,"name":"El grito de Claudia"}]},{"@type":"WebSite","@id":"https:\/\/www.pressenza.com\/es\/#website","url":"https:\/\/www.pressenza.com\/es\/","name":"Pressenza","description":"International Press Agency","publisher":{"@id":"https:\/\/www.pressenza.com\/es\/#organization"},"potentialAction":[{"@type":"SearchAction","target":{"@type":"EntryPoint","urlTemplate":"https:\/\/www.pressenza.com\/es\/?s={search_term_string}"},"query-input":{"@type":"PropertyValueSpecification","valueRequired":true,"valueName":"search_term_string"}}],"inLanguage":"es"},{"@type":"Organization","@id":"https:\/\/www.pressenza.com\/es\/#organization","name":"Pressenza","url":"https:\/\/www.pressenza.com\/es\/","logo":{"@type":"ImageObject","inLanguage":"es","@id":"https:\/\/www.pressenza.com\/es\/#\/schema\/logo\/image\/","url":"https:\/\/www.pressenza.com\/wp-content\/uploads\/2022\/10\/pressenza_logo_200x200.jpg","contentUrl":"https:\/\/www.pressenza.com\/wp-content\/uploads\/2022\/10\/pressenza_logo_200x200.jpg","width":200,"height":200,"caption":"Pressenza"},"image":{"@id":"https:\/\/www.pressenza.com\/es\/#\/schema\/logo\/image\/"},"sameAs":["https:\/\/www.facebook.com\/PressenzaItalia","https:\/\/x.com\/PressenzaIPA"]},{"@type":"Person","@id":"https:\/\/www.pressenza.com\/es\/#\/schema\/person\/7c99b7f1e26cb9e5efedc0b26a398fb5","name":"Claudia Aranda","description":"Chilean journalist specializing in Semiotics and Political Analysis. As an international analyst, she focuses on prospective analysis of social processes. Based in Montreal, Quebec, she covers news for Pressenza and explores contemporary philosophical debates within the context of current events. Her work emphasizes human rights, geopolitics, armed conflict, the environment, and technological development. She is a humanist and an activist for social justice causes.","url":"https:\/\/www.pressenza.com\/es\/author\/claudia-aranda\/"}]}},"place":"Montreal, Canad\u00e1","original_article_url":"","_links":{"self":[{"href":"https:\/\/www.pressenza.com\/es\/wp-json\/wp\/v2\/posts\/2636970","targetHints":{"allow":["GET"]}}],"collection":[{"href":"https:\/\/www.pressenza.com\/es\/wp-json\/wp\/v2\/posts"}],"about":[{"href":"https:\/\/www.pressenza.com\/es\/wp-json\/wp\/v2\/types\/post"}],"author":[{"embeddable":true,"href":"https:\/\/www.pressenza.com\/es\/wp-json\/wp\/v2\/users\/1757"}],"replies":[{"embeddable":true,"href":"https:\/\/www.pressenza.com\/es\/wp-json\/wp\/v2\/comments?post=2636970"}],"version-history":[{"count":1,"href":"https:\/\/www.pressenza.com\/es\/wp-json\/wp\/v2\/posts\/2636970\/revisions"}],"predecessor-version":[{"id":2636972,"href":"https:\/\/www.pressenza.com\/es\/wp-json\/wp\/v2\/posts\/2636970\/revisions\/2636972"}],"wp:featuredmedia":[{"embeddable":true,"href":"https:\/\/www.pressenza.com\/es\/wp-json\/wp\/v2\/media\/2636971"}],"wp:attachment":[{"href":"https:\/\/www.pressenza.com\/es\/wp-json\/wp\/v2\/media?parent=2636970"}],"wp:term":[{"taxonomy":"category","embeddable":true,"href":"https:\/\/www.pressenza.com\/es\/wp-json\/wp\/v2\/categories?post=2636970"},{"taxonomy":"post_tag","embeddable":true,"href":"https:\/\/www.pressenza.com\/es\/wp-json\/wp\/v2\/tags?post=2636970"}],"curies":[{"name":"wp","href":"https:\/\/api.w.org\/{rel}","templated":true}]}}