{"id":2636358,"date":"2025-09-17T16:02:56","date_gmt":"2025-09-17T15:02:56","guid":{"rendered":"https:\/\/www.pressenza.com\/2025\/09\/melissa-park-i-epikirosi-tis-sinthikis-katargisis-ton-pirinikon-oplon-apo-tin-ellada-tha-tin-ferei-sti-sosti-plevra-tis-istorias\/"},"modified":"2025-09-17T22:38:18","modified_gmt":"2025-09-17T21:38:18","slug":"melissa-park-i-epikirosi-tis-sinthikis-katargisis-ton-pirinikon-oplon-apo-tin-ellada-tha-tin-ferei-sti-sosti-plevra-tis-istorias","status":"publish","type":"post","link":"https:\/\/www.pressenza.com\/es\/2025\/09\/melissa-park-i-epikirosi-tis-sinthikis-katargisis-ton-pirinikon-oplon-apo-tin-ellada-tha-tin-ferei-sti-sosti-plevra-tis-istorias\/","title":{"rendered":"Melissa Park: \u00abLa ratificaci\u00f3n del Tratado sobre la Prohibici\u00f3n de las Armas Nucleares por parte de Grecia la situar\u00e1 en el lado correcto de la historia\u00bb"},"content":{"rendered":"<p>Miembros de ICAN y de la Alianza Antinuclear Griega invitaron a Grecia a la directora ejecutiva de ICAN, Melissa Parke. Con una dilatada trayectoria como ministra de Desarrollo Interior de Australia y experta de la ONU en Kosovo, Gaza, Yemen y L\u00edbano y Nueva York, mantuvo una serie de reuniones con miembros del Parlamento griego y con el alcalde de Atenas durante su estancia en nuestro pa\u00eds. El objetivo principal de la reuni\u00f3n era reforzar la Alianza Antinuclear con el fin de que el Parlamento griego votara y ratificara el Tratado de la ONU para la Prohibici\u00f3n de las Armas Nucleares.<\/p>\n<p>Con motivo del 80 aniversario del uso de bombas nucleares por parte de los Estados Unidos en las ciudades japonesas de Hiroshima y Nagasaki, el 16 de septiembre se celebr\u00f3 una rueda de prensa con el tema: \u00abGuerra, amenazas y conflictos: El Tratado de Prohibici\u00f3n de las Armas Nucleares como herramienta para la paz\u00bb. Melissa Park tuvo la oportunidad de referirse a los avances internacionales relacionados con la ratificaci\u00f3n del Tratado y su uso como medio para ejercer presi\u00f3n sobre los pa\u00edses que poseen armas nucleares.<\/p>\n<p>Confirm\u00f3 que, en todas las ocasiones en que tuvo la oportunidad de reunirse con funcionarios griegos, hubo una respuesta positiva a la creaci\u00f3n de una comisi\u00f3n multipartidista dentro del Parlamento griego con el fin de abrir el debate en la C\u00e1mara. Tanto <b>el representante del presidente de la C\u00e1mara, Michail Livanos, como los representantes del PASOK y de la Nueva Izquierda<\/b>, con quienes se reuni\u00f3, se mostraron dispuestos a participar. Explic\u00f3 que, dentro de las obligaciones de Grecia en el marco de la OTAN, no existe ning\u00fan compromiso para que el pa\u00eds no firme el tratado en cuesti\u00f3n, suponiendo que una de las principales razones para no hacerlo sea la impresi\u00f3n de que provocar\u00eda a sus socios. La opci\u00f3n de la diplomacia y la paz debe fomentarse por todos los medios, especialmente en este momento en que las amenazas de un conflicto con potencias nucleares son grandes, teniendo en cuenta que cinco de los nueve pa\u00edses que poseen armas nucleares est\u00e1n involucrados en conflictos b\u00e9licos (Rusia, EE. UU., India, Pakist\u00e1n e Israel).<\/p>\n<div id=\"attachment_2636110\" class=\"wp-caption aligncenter\"><img loading=\"lazy\" decoding=\"async\" aria-describedby=\"caption-attachment-2636110\" class=\"size-full wp-image-2636110\" src=\"https:\/\/www.pressenza.com\/wp-content\/uploads\/2025\/09\/Michalis-Livanos.jpg\" alt=\"\" width=\"1542\" height=\"2047\" srcset=\"https:\/\/www.pressenza.com\/wp-content\/uploads\/2025\/09\/Michalis-Livanos.jpg 1542w, https:\/\/www.pressenza.com\/wp-content\/uploads\/2025\/09\/Michalis-Livanos-226x300.jpg 226w, https:\/\/www.pressenza.com\/wp-content\/uploads\/2025\/09\/Michalis-Livanos-771x1024.jpg 771w\" sizes=\"auto, (max-width: 1542px) 100vw, 1542px\" \/><p id=\"caption-attachment-2636110\" class=\"wp-caption-text\">El presidente de la C\u00e1mara de Diputados, Nikitas Kaklamanis, fue representado en la reuni\u00f3n con la Sra. Park por Michail Livanos.<\/p><\/div>\n<p>&nbsp;<\/p>\n<p>Con motivo de la campa\u00f1a <em># salvadlaciudad<\/em>, llevada a cabo por la secci\u00f3n griega de la organizaci\u00f3n Mundo sin Guerras ni Violencia y que hasta la fecha han firmado 93 municipios, la Sra. Park se reuni\u00f3 con el<b> alcalde de Atenas, Haris Doukas<\/b>, a quien agradeci\u00f3 su apoyo. Melissa Park destac\u00f3 en la rueda de prensa que <b><i>Atenas es la duod\u00e9cima capital que firma una resoluci\u00f3n a favor del Tratado de Prohibici\u00f3n de Armas Nucleares<\/i><\/b>, situ\u00e1ndose as\u00ed entre Washington, Par\u00eds, Berl\u00edn, Roma, Ottawa, \u00c1msterdam y otras.<\/p>\n<div id=\"attachment_2636108\" class=\"wp-caption aligncenter\"><img loading=\"lazy\" decoding=\"async\" aria-describedby=\"caption-attachment-2636108\" class=\"size-full wp-image-2636108\" src=\"https:\/\/www.pressenza.com\/wp-content\/uploads\/2025\/09\/Charis-Doukas.jpg\" alt=\"\" width=\"2048\" height=\"1537\" srcset=\"https:\/\/www.pressenza.com\/wp-content\/uploads\/2025\/09\/Charis-Doukas.jpg 2048w, https:\/\/www.pressenza.com\/wp-content\/uploads\/2025\/09\/Charis-Doukas-300x225.jpg 300w, https:\/\/www.pressenza.com\/wp-content\/uploads\/2025\/09\/Charis-Doukas-820x615.jpg 820w\" sizes=\"auto, (max-width: 2048px) 100vw, 2048px\" \/><p id=\"caption-attachment-2636108\" class=\"wp-caption-text\">Melissa Park y los miembros de la Alianza Antinuclear se reunieron con el alcalde de Atenas, Haris Doukas.<\/p><\/div>\n<p>En el mismo contexto de la posibilidad de que la administraci\u00f3n local impulse iniciativas, tambi\u00e9n se reuni\u00f3 con el secretario general de la KEDE, Dimitris Kafantaris, quien se comprometi\u00f3 a organizar una sesi\u00f3n paralela en la pr\u00f3xima conferencia de la KEDE en 2026, con invitados de la Alianza Antinuclear Griega, con el fin de informar y movilizar mejor a los alcaldes.<\/p>\n<div id=\"attachment_2636127\" class=\"wp-caption aligncenter\"><img loading=\"lazy\" decoding=\"async\" aria-describedby=\"caption-attachment-2636127\" class=\"wp-image-2636127 size-full\" src=\"https:\/\/www.pressenza.com\/wp-content\/uploads\/2025\/09\/Kyrizoglou-Park.png\" alt=\"\" width=\"850\" height=\"450\" srcset=\"https:\/\/www.pressenza.com\/wp-content\/uploads\/2025\/09\/Kyrizoglou-Park.png 850w, https:\/\/www.pressenza.com\/wp-content\/uploads\/2025\/09\/Kyrizoglou-Park-300x159.png 300w, https:\/\/www.pressenza.com\/wp-content\/uploads\/2025\/09\/Kyrizoglou-Park-820x434.png 820w\" sizes=\"auto, (max-width: 850px) 100vw, 850px\" \/><p id=\"caption-attachment-2636127\" class=\"wp-caption-text\">El secretario general de la KEDE, Dimitris Kafantaris, recibi\u00f3 a Melissa Park.<\/p><\/div>\n<p>&nbsp;<\/p>\n<p>A continuaci\u00f3n, reproducimos el discurso de <b>Melissa Park<\/b> en ingl\u00e9s:<\/p>\n<p><iframe loading=\"lazy\" title=\"\u039c\u03b5\u03bb\u03af\u03c3\u03c3\u03b1 \u03a0\u03b1\u03c1\u03ba, ICAN: \u03a3\u03c5\u03bd\u03b8\u03ae\u03ba\u03b7 \u0391\u03c0\u03b1\u03b3\u03cc\u03c1\u03b5\u03c5\u03c3\u03b7\u03c2 \u03c4\u03c9\u03bd \u03a0\u03c5\u03c1\u03b7\u03bd\u03b9\u03ba\u03ce\u03bd \u038c\u03c0\u03bb\u03c9\u03bd \u03c9\u03c2 \u03b5\u03c1\u03b3\u03b1\u03bb\u03b5\u03af\u03bf \u03b5\u03b9\u03c1\u03ae\u03bd\u03b7\u03c2\" width=\"500\" height=\"281\" src=\"https:\/\/www.youtube.com\/embed\/gIvFcu_uCQE?feature=oembed\" frameborder=\"0\" allow=\"accelerometer; autoplay; clipboard-write; encrypted-media; gyroscope; picture-in-picture; web-share\" referrerpolicy=\"strict-origin-when-cross-origin\" allowfullscreen><\/iframe><\/p>\n<p>&nbsp;<\/p>\n<h3>Alianza Antinuclear en Grecia<\/h3>\n<p>Anteriormente, en la rueda de prensa, los representantes de las organizaciones miembros de la Alianza Antinuclear Griega hicieron unas breves declaraciones.<\/p>\n<p><b>Kostas Fotinakis<\/b>, <b>presidente de la Red Griega Amigos de la Naturaleza<\/b>, record\u00f3, entre otras cosas, la iniciativa para la paz de las seis naciones, creada entre 1984 y 1989 con la participaci\u00f3n de seis primeros ministros de los cinco continentes y del entonces primer ministro griego, Andreas Papandreou.<\/p>\n<p><iframe loading=\"lazy\" title=\"\u039a\u03ce\u03c3\u03c4\u03b1\u03c2 \u03a6\u03c9\u03c4\u03b5\u03b9\u03bd\u03ac\u03ba\u03b7\u03c2, \u03a6\u03af\u03bb\u03bf\u03b9 \u03c4\u03b7\u03c2 \u03a6\u03cd\u03c3\u03b7\u03c2 - \u03a3\u03c5\u03bd\u03b8\u03ae\u03ba\u03b7 \u0391\u03c0\u03b1\u03b3\u03cc\u03c1\u03b5\u03c5\u03c3\u03b7\u03c2 \u03c4\u03c9\u03bd \u03a0\u03c5\u03c1\u03b7\u03bd\u03b9\u03ba\u03ce\u03bd \u038c\u03c0\u03bb\u03c9\u03bd \u03c9\u03c2 \u03b5\u03c1\u03b3\u03b1\u03bb\u03b5\u03af\u03bf \u03b5\u03b9\u03c1\u03ae\u03bd\u03b7\u03c2\" width=\"500\" height=\"281\" src=\"https:\/\/www.youtube.com\/embed\/p0XLkQpL-Xw?feature=oembed\" frameborder=\"0\" allow=\"accelerometer; autoplay; clipboard-write; encrypted-media; gyroscope; picture-in-picture; web-share\" referrerpolicy=\"strict-origin-when-cross-origin\" allowfullscreen><\/iframe><\/p>\n<p>&nbsp;<\/p>\n<p><b>Karen Hallows<\/b>, del <b>Barco de la Paz<\/b>, en el que viajan chibakusa, personas que sobrevivieron a la cat\u00e1strofe nuclear de Hiroshima y Nagasaki, y que recorre puertos de todo el mundo con el objetivo de informar y sensibilizar sobre la amenaza nuclear, subray\u00f3 la necesidad de unir el frente antinuclear con el movimiento por la justicia clim\u00e1tica.<\/p>\n<p><iframe loading=\"lazy\" title=\"\u039a\u03ac\u03c1\u03b5\u03bd \u03a7\u03ac\u03bb\u03bf\u03bf\u03c5\u03c2, \u03a0\u03bb\u03bf\u03af\u03bf \u03c4\u03b7\u03c2 \u03b5\u03b9\u03c1\u03ae\u03bd\u03b7\u03c2 - \u03a3\u03c5\u03bd\u03b8\u03ae\u03ba\u03b7 \u0391\u03c0\u03b1\u03b3\u03cc\u03c1\u03b5\u03c5\u03c3\u03b7\u03c2 \u03c4\u03c9\u03bd \u03a0\u03c5\u03c1\u03b7\u03bd\u03b9\u03ba\u03ce\u03bd \u038c\u03c0\u03bb\u03c9\u03bd \u03c9\u03c2 \u03b5\u03c1\u03b3\u03b1\u03bb\u03b5\u03af\u03bf \u03b5\u03b9\u03c1\u03ae\u03bd\u03b7\u03c2\" width=\"500\" height=\"281\" src=\"https:\/\/www.youtube.com\/embed\/jTL6xiCIB2g?feature=oembed\" frameborder=\"0\" allow=\"accelerometer; autoplay; clipboard-write; encrypted-media; gyroscope; picture-in-picture; web-share\" referrerpolicy=\"strict-origin-when-cross-origin\" allowfullscreen><\/iframe><\/p>\n<p><b>Mar\u00eda Arvaniti Sotiropoulou<\/b>, <b>m\u00e9dica, escritora y presidenta de la secci\u00f3n griega de la IPPNW<\/b>, invit\u00f3 a todas las organizaciones sensibles a la amenaza nuclear a afiliarse a la Alianza Antinuclear y a coordinarse con el objetivo fundamental de lograr la aprobaci\u00f3n y ratificaci\u00f3n del Tratado de la ONU por parte del Parlamento griego.<\/p>\n<p><iframe loading=\"lazy\" title=\"\u039c\u03b1\u03c1\u03af\u03b1 \u0391\u03c1\u03b2\u03b1\u03bd\u03af\u03c4\u03b7 \u03a3\u03c9\u03c4\u03b7\u03c1\u03bf\u03c0\u03bf\u03cd\u03bb\u03bf\u03c5, \u0395\u03bb\u03bb. \u039a\u03bb\u03ac\u03b4\u03bf\u03c2 IPPNW: \u03a3\u03c5\u03bd\u03b8\u03ae\u03ba\u03b7 \u0391\u03c0\u03b1\u03b3\u03cc\u03c1\u03b5\u03c5\u03c3\u03b7\u03c2 \u03a0\u03c5\u03c1\u03b7\u03bd\u03b9\u03ba\u03ce\u03bd \u038c\u03c0\u03bb\u03c9\u03bd-\u03b5\u03c1\u03b3\u03b1\u03bb\u03b5\u03af\u03bf \u03b5\u03b9\u03c1\u03ae\u03bd\u03b7\u03c2\" width=\"500\" height=\"281\" src=\"https:\/\/www.youtube.com\/embed\/8TxyqKXiHrU?feature=oembed\" frameborder=\"0\" allow=\"accelerometer; autoplay; clipboard-write; encrypted-media; gyroscope; picture-in-picture; web-share\" referrerpolicy=\"strict-origin-when-cross-origin\" allowfullscreen><\/iframe><\/p>\n<p><b>Nikos Stergiou, presidente de la secci\u00f3n griega de la organizaci\u00f3n internacional Mundo sin Guerras ni Violencia<\/b>, inform\u00f3 sobre la campa\u00f1a # salvadlaciudad, una resoluci\u00f3n que se pide a los ayuntamientos griegos que apoyen y a la que, como hemos mencionado anteriormente, han respondido 93 municipios.<\/p>\n<p><iframe loading=\"lazy\" title=\"\u039d. \u03a3\u03c4\u03b5\u03c1\u03b3\u03af\u03bf\u03c5, \u039a\u03cc\u03c3\u03bc\u03bf\u03c2 \u03c7\u03c9\u03c1\u03af\u03c2 \u03c0\u03bf\u03bb\u03ad\u03bc\u03bf\u03c5\u03c2 &amp; \u03b2\u03af\u03b1 - \u03a3\u03c5\u03bd\u03b8\u03ae\u03ba\u03b7 \u0391\u03c0\u03b1\u03b3\u03cc\u03c1\u03b5\u03c5\u03c3\u03b7\u03c2 \u03c4\u03c9\u03bd \u03a0\u03c5\u03c1\u03b7\u03bd\u03b9\u03ba\u03ce\u03bd \u038c\u03c0\u03bb\u03c9\u03bd-\u03b5\u03c1\u03b3\u03b1\u03bb\u03b5\u03af\u03bf \u03b5\u03b9\u03c1\u03ae\u03bd\u03b7\u03c2\" width=\"500\" height=\"281\" src=\"https:\/\/www.youtube.com\/embed\/EyeimEAehfE?feature=oembed\" frameborder=\"0\" allow=\"accelerometer; autoplay; clipboard-write; encrypted-media; gyroscope; picture-in-picture; web-share\" referrerpolicy=\"strict-origin-when-cross-origin\" allowfullscreen><\/iframe><\/p>\n<p>&nbsp;<\/p>\n<p>La discusi\u00f3n fue coordinada por <b>Marianella Kloka<\/b>, en nombre de la <b>agencia internacional de noticias Pressenza para la paz y la no violencia<\/b>, quien destac\u00f3 al principio la estrecha colaboraci\u00f3n que mantuvo la agencia con ICAN durante el rodaje del documental \u00abEl principio del fin de las armas nucleares\u00bb, que <a href=\"https:\/\/www.youtube.com\/watch?v=juZE8nyDGD4\">est\u00e1 disponible gratuitamente en Internet<\/a>. Para terminar, transmiti\u00f3 al p\u00fablico su deseo de paz en todas las zonas en conflicto del planeta, buen viento y saludos cordiales a los barcos de la Flotilla Global Sumud, que con su traves\u00eda transmiten de manera inquebrantable el mensaje del fin del genocidio en Gaza y de la libertad en Palestina.<\/p>\n<p>Adem\u00e1s de los periodistas, tambi\u00e9n estuvieron presentes Panos Trigazis (PADOP), Vasilina Stamatopoulou (Fundaci\u00f3n Marangopoulou), Efthymios Rafael Angelis (International Young Nature Friends), amigos y miembros de las organizaciones que organizaron la visita de Melissa Park a Grecia.<\/p>\n<p>&nbsp;<\/p>\n","protected":false},"excerpt":{"rendered":"<p>Miembros de ICAN y de la Alianza Antinuclear Griega invitaron a Grecia a la directora ejecutiva de ICAN, Melissa Parke. Con una dilatada trayectoria como ministra de Desarrollo Interior de Australia y experta de la ONU en Kosovo, Gaza, Yemen&hellip;<\/p>\n","protected":false},"author":1220,"featured_media":2636366,"comment_status":"closed","ping_status":"closed","sticky":false,"template":"","format":"standard","meta":{"footnotes":""},"categories":[11389,78,66,106739,1243,25678],"tags":[],"class_list":["post-2636358","post","type-post","status-publish","format-standard","has-post-thumbnail","hentry","category-contenido-original","category-medio-ambiente-ecologia","category-europa-es","category-noticia","category-paz-desarme","category-video-es"],"yoast_head":"<!-- This site is optimized with the Yoast SEO plugin v27.1.1 - https:\/\/yoast.com\/product\/yoast-seo-wordpress\/ -->\n<title>Melissa Park: \u00abLa ratificaci\u00f3n del Tratado sobre la Prohibici\u00f3n de las Armas Nucleares por parte de Grecia la situar\u00e1 en el lado correcto de la historia\u00bb<\/title>\n<meta name=\"description\" content=\"Miembros de ICAN y de la Alianza Antinuclear Griega invitaron a Grecia a la directora ejecutiva de ICAN, Melissa Parke. Con una dilatada trayectoria como\" \/>\n<meta name=\"robots\" content=\"index, follow, max-snippet:-1, max-image-preview:large, max-video-preview:-1\" \/>\n<link rel=\"canonical\" href=\"https:\/\/www.pressenza.com\/es\/2025\/09\/melissa-park-i-epikirosi-tis-sinthikis-katargisis-ton-pirinikon-oplon-apo-tin-ellada-tha-tin-ferei-sti-sosti-plevra-tis-istorias\/\" \/>\n<meta property=\"og:locale\" content=\"es_ES\" \/>\n<meta property=\"og:type\" content=\"article\" \/>\n<meta property=\"og:title\" content=\"Melissa Park: \u00abLa ratificaci\u00f3n del Tratado sobre la Prohibici\u00f3n de las Armas Nucleares por parte de Grecia la situar\u00e1 en el lado correcto de la historia\u00bb\" \/>\n<meta property=\"og:description\" content=\"Miembros de ICAN y de la Alianza Antinuclear Griega invitaron a Grecia a la directora ejecutiva de ICAN, Melissa Parke. Con una dilatada trayectoria como\" \/>\n<meta property=\"og:url\" content=\"https:\/\/www.pressenza.com\/es\/2025\/09\/melissa-park-i-epikirosi-tis-sinthikis-katargisis-ton-pirinikon-oplon-apo-tin-ellada-tha-tin-ferei-sti-sosti-plevra-tis-istorias\/\" \/>\n<meta property=\"og:site_name\" content=\"Pressenza\" \/>\n<meta property=\"article:publisher\" content=\"https:\/\/www.facebook.com\/PressenzaItalia\" \/>\n<meta property=\"article:author\" content=\"https:\/\/www.facebook.com\/pressenzagr\/\" \/>\n<meta property=\"article:published_time\" content=\"2025-09-17T15:02:56+00:00\" \/>\n<meta property=\"article:modified_time\" content=\"2025-09-17T21:38:18+00:00\" \/>\n<meta property=\"og:image\" content=\"https:\/\/www.pressenza.com\/wp-content\/uploads\/2025\/09\/Antipiriniki-symmaxia-melissa-park-photo-pressenza.png\" \/>\n\t<meta property=\"og:image:width\" content=\"850\" \/>\n\t<meta property=\"og:image:height\" content=\"450\" \/>\n\t<meta property=\"og:image:type\" content=\"image\/png\" \/>\n<meta name=\"author\" content=\"Pressenza Athens\" \/>\n<meta name=\"twitter:card\" content=\"summary_large_image\" \/>\n<meta name=\"twitter:creator\" content=\"@Pressenza_ath\" \/>\n<meta name=\"twitter:site\" content=\"@PressenzaIPA\" \/>\n<meta name=\"twitter:label1\" content=\"Escrito por\" \/>\n\t<meta name=\"twitter:data1\" content=\"Pressenza Athens\" \/>\n\t<meta name=\"twitter:label2\" content=\"Tiempo de lectura\" \/>\n\t<meta name=\"twitter:data2\" content=\"5 minutos\" \/>\n<script type=\"application\/ld+json\" class=\"yoast-schema-graph\">{\"@context\":\"https:\/\/schema.org\",\"@graph\":[{\"@type\":\"Article\",\"@id\":\"https:\/\/www.pressenza.com\/es\/2025\/09\/melissa-park-i-epikirosi-tis-sinthikis-katargisis-ton-pirinikon-oplon-apo-tin-ellada-tha-tin-ferei-sti-sosti-plevra-tis-istorias\/#article\",\"isPartOf\":{\"@id\":\"https:\/\/www.pressenza.com\/es\/2025\/09\/melissa-park-i-epikirosi-tis-sinthikis-katargisis-ton-pirinikon-oplon-apo-tin-ellada-tha-tin-ferei-sti-sosti-plevra-tis-istorias\/\"},\"author\":{\"name\":\"Pressenza Athens\",\"@id\":\"https:\/\/www.pressenza.com\/es\/#\/schema\/person\/9eae8d7f0aad5ec6a7f6f21ec94480fb\"},\"headline\":\"Melissa Park: \u00abLa ratificaci\u00f3n del Tratado sobre la Prohibici\u00f3n de las Armas Nucleares por parte de Grecia la situar\u00e1 en el lado correcto de la historia\u00bb\",\"datePublished\":\"2025-09-17T15:02:56+00:00\",\"dateModified\":\"2025-09-17T21:38:18+00:00\",\"mainEntityOfPage\":{\"@id\":\"https:\/\/www.pressenza.com\/es\/2025\/09\/melissa-park-i-epikirosi-tis-sinthikis-katargisis-ton-pirinikon-oplon-apo-tin-ellada-tha-tin-ferei-sti-sosti-plevra-tis-istorias\/\"},\"wordCount\":1066,\"publisher\":{\"@id\":\"https:\/\/www.pressenza.com\/es\/#organization\"},\"image\":{\"@id\":\"https:\/\/www.pressenza.com\/es\/2025\/09\/melissa-park-i-epikirosi-tis-sinthikis-katargisis-ton-pirinikon-oplon-apo-tin-ellada-tha-tin-ferei-sti-sosti-plevra-tis-istorias\/#primaryimage\"},\"thumbnailUrl\":\"https:\/\/www.pressenza.com\/wp-content\/uploads\/2025\/09\/Antipiriniki-symmaxia-melissa-park-photo-pressenza.png\",\"articleSection\":[\"Contenido Original\",\"Ecolog\u00eda y Medio Ambiente\",\"Europa\",\"Noticia\",\"Paz y Desarme\",\"Video\"],\"inLanguage\":\"es\"},{\"@type\":\"WebPage\",\"@id\":\"https:\/\/www.pressenza.com\/es\/2025\/09\/melissa-park-i-epikirosi-tis-sinthikis-katargisis-ton-pirinikon-oplon-apo-tin-ellada-tha-tin-ferei-sti-sosti-plevra-tis-istorias\/\",\"url\":\"https:\/\/www.pressenza.com\/es\/2025\/09\/melissa-park-i-epikirosi-tis-sinthikis-katargisis-ton-pirinikon-oplon-apo-tin-ellada-tha-tin-ferei-sti-sosti-plevra-tis-istorias\/\",\"name\":\"Melissa Park: \u00abLa ratificaci\u00f3n del Tratado sobre la Prohibici\u00f3n de las Armas Nucleares por parte de Grecia la situar\u00e1 en el lado correcto de la historia\u00bb\",\"isPartOf\":{\"@id\":\"https:\/\/www.pressenza.com\/es\/#website\"},\"primaryImageOfPage\":{\"@id\":\"https:\/\/www.pressenza.com\/es\/2025\/09\/melissa-park-i-epikirosi-tis-sinthikis-katargisis-ton-pirinikon-oplon-apo-tin-ellada-tha-tin-ferei-sti-sosti-plevra-tis-istorias\/#primaryimage\"},\"image\":{\"@id\":\"https:\/\/www.pressenza.com\/es\/2025\/09\/melissa-park-i-epikirosi-tis-sinthikis-katargisis-ton-pirinikon-oplon-apo-tin-ellada-tha-tin-ferei-sti-sosti-plevra-tis-istorias\/#primaryimage\"},\"thumbnailUrl\":\"https:\/\/www.pressenza.com\/wp-content\/uploads\/2025\/09\/Antipiriniki-symmaxia-melissa-park-photo-pressenza.png\",\"datePublished\":\"2025-09-17T15:02:56+00:00\",\"dateModified\":\"2025-09-17T21:38:18+00:00\",\"description\":\"Miembros de ICAN y de la Alianza Antinuclear Griega invitaron a Grecia a la directora ejecutiva de ICAN, Melissa Parke. Con una dilatada trayectoria como\",\"breadcrumb\":{\"@id\":\"https:\/\/www.pressenza.com\/es\/2025\/09\/melissa-park-i-epikirosi-tis-sinthikis-katargisis-ton-pirinikon-oplon-apo-tin-ellada-tha-tin-ferei-sti-sosti-plevra-tis-istorias\/#breadcrumb\"},\"inLanguage\":\"es\",\"potentialAction\":[{\"@type\":\"ReadAction\",\"target\":[\"https:\/\/www.pressenza.com\/es\/2025\/09\/melissa-park-i-epikirosi-tis-sinthikis-katargisis-ton-pirinikon-oplon-apo-tin-ellada-tha-tin-ferei-sti-sosti-plevra-tis-istorias\/\"]}]},{\"@type\":\"ImageObject\",\"inLanguage\":\"es\",\"@id\":\"https:\/\/www.pressenza.com\/es\/2025\/09\/melissa-park-i-epikirosi-tis-sinthikis-katargisis-ton-pirinikon-oplon-apo-tin-ellada-tha-tin-ferei-sti-sosti-plevra-tis-istorias\/#primaryimage\",\"url\":\"https:\/\/www.pressenza.com\/wp-content\/uploads\/2025\/09\/Antipiriniki-symmaxia-melissa-park-photo-pressenza.png\",\"contentUrl\":\"https:\/\/www.pressenza.com\/wp-content\/uploads\/2025\/09\/Antipiriniki-symmaxia-melissa-park-photo-pressenza.png\",\"width\":850,\"height\":450,\"caption\":\"\u039c\u03ad\u03bb\u03b7 \u03c4\u03b7\u03c2 \u0391\u03bd\u03c4\u03b9\u03c0\u03c5\u03c1\u03b7\u03bd\u03b9\u03ba\u03ae\u03c2 \u03a3\u03c5\u03bc\u03bc\u03b1\u03c7\u03af\u03b1\u03c2 \u03c5\u03c0\u03bf\u03b4\u03ad\u03c7\u03b8\u03b7\u03ba\u03b1\u03bd \u03c3\u03c4\u03b7\u03bd \u0391\u03b8\u03ae\u03bd\u03b1 \u03c4\u03b7\u03bd \u0395\u03ba\u03c4\u03b5\u03bb\u03b5\u03c3\u03c4\u03b9\u03ba\u03ae \u0394\u03b9\u03b5\u03c5\u03b8\u03cd\u03bd\u03c4\u03c1\u03b9\u03b1 \u03c4\u03b7\u03c2 ICAN, \u039c\u03b5\u03bb\u03af\u03c3\u03c3\u03b1 \u03a0\u03b1\u03c1\u03ba.\"},{\"@type\":\"BreadcrumbList\",\"@id\":\"https:\/\/www.pressenza.com\/es\/2025\/09\/melissa-park-i-epikirosi-tis-sinthikis-katargisis-ton-pirinikon-oplon-apo-tin-ellada-tha-tin-ferei-sti-sosti-plevra-tis-istorias\/#breadcrumb\",\"itemListElement\":[{\"@type\":\"ListItem\",\"position\":1,\"name\":\"Accueil\",\"item\":\"https:\/\/www.pressenza.com\/es\/\"},{\"@type\":\"ListItem\",\"position\":2,\"name\":\"Melissa Park: \u00abLa ratificaci\u00f3n del Tratado sobre la Prohibici\u00f3n de las Armas Nucleares por parte de Grecia la situar\u00e1 en el lado correcto de la historia\u00bb\"}]},{\"@type\":\"WebSite\",\"@id\":\"https:\/\/www.pressenza.com\/es\/#website\",\"url\":\"https:\/\/www.pressenza.com\/es\/\",\"name\":\"Pressenza\",\"description\":\"International Press Agency\",\"publisher\":{\"@id\":\"https:\/\/www.pressenza.com\/es\/#organization\"},\"potentialAction\":[{\"@type\":\"SearchAction\",\"target\":{\"@type\":\"EntryPoint\",\"urlTemplate\":\"https:\/\/www.pressenza.com\/es\/?s={search_term_string}\"},\"query-input\":{\"@type\":\"PropertyValueSpecification\",\"valueRequired\":true,\"valueName\":\"search_term_string\"}}],\"inLanguage\":\"es\"},{\"@type\":\"Organization\",\"@id\":\"https:\/\/www.pressenza.com\/es\/#organization\",\"name\":\"Pressenza\",\"url\":\"https:\/\/www.pressenza.com\/es\/\",\"logo\":{\"@type\":\"ImageObject\",\"inLanguage\":\"es\",\"@id\":\"https:\/\/www.pressenza.com\/es\/#\/schema\/logo\/image\/\",\"url\":\"https:\/\/www.pressenza.com\/wp-content\/uploads\/2022\/10\/pressenza_logo_200x200.jpg\",\"contentUrl\":\"https:\/\/www.pressenza.com\/wp-content\/uploads\/2022\/10\/pressenza_logo_200x200.jpg\",\"width\":200,\"height\":200,\"caption\":\"Pressenza\"},\"image\":{\"@id\":\"https:\/\/www.pressenza.com\/es\/#\/schema\/logo\/image\/\"},\"sameAs\":[\"https:\/\/www.facebook.com\/PressenzaItalia\",\"https:\/\/x.com\/PressenzaIPA\"]},{\"@type\":\"Person\",\"@id\":\"https:\/\/www.pressenza.com\/es\/#\/schema\/person\/9eae8d7f0aad5ec6a7f6f21ec94480fb\",\"name\":\"Pressenza Athens\",\"description\":\"News from the Pressenza Bureau in Athens, Greece\",\"sameAs\":[\"https:\/\/www.facebook.com\/pressenzagr\/\",\"https:\/\/x.com\/Pressenza_ath\"],\"url\":\"https:\/\/www.pressenza.com\/es\/author\/pressenza-athens\/\"}]}<\/script>\n<!-- \/ Yoast SEO plugin. -->","yoast_head_json":{"title":"Melissa Park: \u00abLa ratificaci\u00f3n del Tratado sobre la Prohibici\u00f3n de las Armas Nucleares por parte de Grecia la situar\u00e1 en el lado correcto de la historia\u00bb","description":"Miembros de ICAN y de la Alianza Antinuclear Griega invitaron a Grecia a la directora ejecutiva de ICAN, Melissa Parke. Con una dilatada trayectoria como","robots":{"index":"index","follow":"follow","max-snippet":"max-snippet:-1","max-image-preview":"max-image-preview:large","max-video-preview":"max-video-preview:-1"},"canonical":"https:\/\/www.pressenza.com\/es\/2025\/09\/melissa-park-i-epikirosi-tis-sinthikis-katargisis-ton-pirinikon-oplon-apo-tin-ellada-tha-tin-ferei-sti-sosti-plevra-tis-istorias\/","og_locale":"es_ES","og_type":"article","og_title":"Melissa Park: \u00abLa ratificaci\u00f3n del Tratado sobre la Prohibici\u00f3n de las Armas Nucleares por parte de Grecia la situar\u00e1 en el lado correcto de la historia\u00bb","og_description":"Miembros de ICAN y de la Alianza Antinuclear Griega invitaron a Grecia a la directora ejecutiva de ICAN, Melissa Parke. Con una dilatada trayectoria como","og_url":"https:\/\/www.pressenza.com\/es\/2025\/09\/melissa-park-i-epikirosi-tis-sinthikis-katargisis-ton-pirinikon-oplon-apo-tin-ellada-tha-tin-ferei-sti-sosti-plevra-tis-istorias\/","og_site_name":"Pressenza","article_publisher":"https:\/\/www.facebook.com\/PressenzaItalia","article_author":"https:\/\/www.facebook.com\/pressenzagr\/","article_published_time":"2025-09-17T15:02:56+00:00","article_modified_time":"2025-09-17T21:38:18+00:00","og_image":[{"width":850,"height":450,"url":"https:\/\/www.pressenza.com\/wp-content\/uploads\/2025\/09\/Antipiriniki-symmaxia-melissa-park-photo-pressenza.png","type":"image\/png"}],"author":"Pressenza Athens","twitter_card":"summary_large_image","twitter_creator":"@Pressenza_ath","twitter_site":"@PressenzaIPA","twitter_misc":{"Escrito por":"Pressenza Athens","Tiempo de lectura":"5 minutos"},"schema":{"@context":"https:\/\/schema.org","@graph":[{"@type":"Article","@id":"https:\/\/www.pressenza.com\/es\/2025\/09\/melissa-park-i-epikirosi-tis-sinthikis-katargisis-ton-pirinikon-oplon-apo-tin-ellada-tha-tin-ferei-sti-sosti-plevra-tis-istorias\/#article","isPartOf":{"@id":"https:\/\/www.pressenza.com\/es\/2025\/09\/melissa-park-i-epikirosi-tis-sinthikis-katargisis-ton-pirinikon-oplon-apo-tin-ellada-tha-tin-ferei-sti-sosti-plevra-tis-istorias\/"},"author":{"name":"Pressenza Athens","@id":"https:\/\/www.pressenza.com\/es\/#\/schema\/person\/9eae8d7f0aad5ec6a7f6f21ec94480fb"},"headline":"Melissa Park: \u00abLa ratificaci\u00f3n del Tratado sobre la Prohibici\u00f3n de las Armas Nucleares por parte de Grecia la situar\u00e1 en el lado correcto de la historia\u00bb","datePublished":"2025-09-17T15:02:56+00:00","dateModified":"2025-09-17T21:38:18+00:00","mainEntityOfPage":{"@id":"https:\/\/www.pressenza.com\/es\/2025\/09\/melissa-park-i-epikirosi-tis-sinthikis-katargisis-ton-pirinikon-oplon-apo-tin-ellada-tha-tin-ferei-sti-sosti-plevra-tis-istorias\/"},"wordCount":1066,"publisher":{"@id":"https:\/\/www.pressenza.com\/es\/#organization"},"image":{"@id":"https:\/\/www.pressenza.com\/es\/2025\/09\/melissa-park-i-epikirosi-tis-sinthikis-katargisis-ton-pirinikon-oplon-apo-tin-ellada-tha-tin-ferei-sti-sosti-plevra-tis-istorias\/#primaryimage"},"thumbnailUrl":"https:\/\/www.pressenza.com\/wp-content\/uploads\/2025\/09\/Antipiriniki-symmaxia-melissa-park-photo-pressenza.png","articleSection":["Contenido Original","Ecolog\u00eda y Medio Ambiente","Europa","Noticia","Paz y Desarme","Video"],"inLanguage":"es"},{"@type":"WebPage","@id":"https:\/\/www.pressenza.com\/es\/2025\/09\/melissa-park-i-epikirosi-tis-sinthikis-katargisis-ton-pirinikon-oplon-apo-tin-ellada-tha-tin-ferei-sti-sosti-plevra-tis-istorias\/","url":"https:\/\/www.pressenza.com\/es\/2025\/09\/melissa-park-i-epikirosi-tis-sinthikis-katargisis-ton-pirinikon-oplon-apo-tin-ellada-tha-tin-ferei-sti-sosti-plevra-tis-istorias\/","name":"Melissa Park: \u00abLa ratificaci\u00f3n del Tratado sobre la Prohibici\u00f3n de las Armas Nucleares por parte de Grecia la situar\u00e1 en el lado correcto de la historia\u00bb","isPartOf":{"@id":"https:\/\/www.pressenza.com\/es\/#website"},"primaryImageOfPage":{"@id":"https:\/\/www.pressenza.com\/es\/2025\/09\/melissa-park-i-epikirosi-tis-sinthikis-katargisis-ton-pirinikon-oplon-apo-tin-ellada-tha-tin-ferei-sti-sosti-plevra-tis-istorias\/#primaryimage"},"image":{"@id":"https:\/\/www.pressenza.com\/es\/2025\/09\/melissa-park-i-epikirosi-tis-sinthikis-katargisis-ton-pirinikon-oplon-apo-tin-ellada-tha-tin-ferei-sti-sosti-plevra-tis-istorias\/#primaryimage"},"thumbnailUrl":"https:\/\/www.pressenza.com\/wp-content\/uploads\/2025\/09\/Antipiriniki-symmaxia-melissa-park-photo-pressenza.png","datePublished":"2025-09-17T15:02:56+00:00","dateModified":"2025-09-17T21:38:18+00:00","description":"Miembros de ICAN y de la Alianza Antinuclear Griega invitaron a Grecia a la directora ejecutiva de ICAN, Melissa Parke. Con una dilatada trayectoria como","breadcrumb":{"@id":"https:\/\/www.pressenza.com\/es\/2025\/09\/melissa-park-i-epikirosi-tis-sinthikis-katargisis-ton-pirinikon-oplon-apo-tin-ellada-tha-tin-ferei-sti-sosti-plevra-tis-istorias\/#breadcrumb"},"inLanguage":"es","potentialAction":[{"@type":"ReadAction","target":["https:\/\/www.pressenza.com\/es\/2025\/09\/melissa-park-i-epikirosi-tis-sinthikis-katargisis-ton-pirinikon-oplon-apo-tin-ellada-tha-tin-ferei-sti-sosti-plevra-tis-istorias\/"]}]},{"@type":"ImageObject","inLanguage":"es","@id":"https:\/\/www.pressenza.com\/es\/2025\/09\/melissa-park-i-epikirosi-tis-sinthikis-katargisis-ton-pirinikon-oplon-apo-tin-ellada-tha-tin-ferei-sti-sosti-plevra-tis-istorias\/#primaryimage","url":"https:\/\/www.pressenza.com\/wp-content\/uploads\/2025\/09\/Antipiriniki-symmaxia-melissa-park-photo-pressenza.png","contentUrl":"https:\/\/www.pressenza.com\/wp-content\/uploads\/2025\/09\/Antipiriniki-symmaxia-melissa-park-photo-pressenza.png","width":850,"height":450,"caption":"\u039c\u03ad\u03bb\u03b7 \u03c4\u03b7\u03c2 \u0391\u03bd\u03c4\u03b9\u03c0\u03c5\u03c1\u03b7\u03bd\u03b9\u03ba\u03ae\u03c2 \u03a3\u03c5\u03bc\u03bc\u03b1\u03c7\u03af\u03b1\u03c2 \u03c5\u03c0\u03bf\u03b4\u03ad\u03c7\u03b8\u03b7\u03ba\u03b1\u03bd \u03c3\u03c4\u03b7\u03bd \u0391\u03b8\u03ae\u03bd\u03b1 \u03c4\u03b7\u03bd \u0395\u03ba\u03c4\u03b5\u03bb\u03b5\u03c3\u03c4\u03b9\u03ba\u03ae \u0394\u03b9\u03b5\u03c5\u03b8\u03cd\u03bd\u03c4\u03c1\u03b9\u03b1 \u03c4\u03b7\u03c2 ICAN, \u039c\u03b5\u03bb\u03af\u03c3\u03c3\u03b1 \u03a0\u03b1\u03c1\u03ba."},{"@type":"BreadcrumbList","@id":"https:\/\/www.pressenza.com\/es\/2025\/09\/melissa-park-i-epikirosi-tis-sinthikis-katargisis-ton-pirinikon-oplon-apo-tin-ellada-tha-tin-ferei-sti-sosti-plevra-tis-istorias\/#breadcrumb","itemListElement":[{"@type":"ListItem","position":1,"name":"Accueil","item":"https:\/\/www.pressenza.com\/es\/"},{"@type":"ListItem","position":2,"name":"Melissa Park: \u00abLa ratificaci\u00f3n del Tratado sobre la Prohibici\u00f3n de las Armas Nucleares por parte de Grecia la situar\u00e1 en el lado correcto de la historia\u00bb"}]},{"@type":"WebSite","@id":"https:\/\/www.pressenza.com\/es\/#website","url":"https:\/\/www.pressenza.com\/es\/","name":"Pressenza","description":"International Press Agency","publisher":{"@id":"https:\/\/www.pressenza.com\/es\/#organization"},"potentialAction":[{"@type":"SearchAction","target":{"@type":"EntryPoint","urlTemplate":"https:\/\/www.pressenza.com\/es\/?s={search_term_string}"},"query-input":{"@type":"PropertyValueSpecification","valueRequired":true,"valueName":"search_term_string"}}],"inLanguage":"es"},{"@type":"Organization","@id":"https:\/\/www.pressenza.com\/es\/#organization","name":"Pressenza","url":"https:\/\/www.pressenza.com\/es\/","logo":{"@type":"ImageObject","inLanguage":"es","@id":"https:\/\/www.pressenza.com\/es\/#\/schema\/logo\/image\/","url":"https:\/\/www.pressenza.com\/wp-content\/uploads\/2022\/10\/pressenza_logo_200x200.jpg","contentUrl":"https:\/\/www.pressenza.com\/wp-content\/uploads\/2022\/10\/pressenza_logo_200x200.jpg","width":200,"height":200,"caption":"Pressenza"},"image":{"@id":"https:\/\/www.pressenza.com\/es\/#\/schema\/logo\/image\/"},"sameAs":["https:\/\/www.facebook.com\/PressenzaItalia","https:\/\/x.com\/PressenzaIPA"]},{"@type":"Person","@id":"https:\/\/www.pressenza.com\/es\/#\/schema\/person\/9eae8d7f0aad5ec6a7f6f21ec94480fb","name":"Pressenza Athens","description":"News from the Pressenza Bureau in Athens, Greece","sameAs":["https:\/\/www.facebook.com\/pressenzagr\/","https:\/\/x.com\/Pressenza_ath"],"url":"https:\/\/www.pressenza.com\/es\/author\/pressenza-athens\/"}]}},"place":"","original_article_url":"","_links":{"self":[{"href":"https:\/\/www.pressenza.com\/es\/wp-json\/wp\/v2\/posts\/2636358","targetHints":{"allow":["GET"]}}],"collection":[{"href":"https:\/\/www.pressenza.com\/es\/wp-json\/wp\/v2\/posts"}],"about":[{"href":"https:\/\/www.pressenza.com\/es\/wp-json\/wp\/v2\/types\/post"}],"author":[{"embeddable":true,"href":"https:\/\/www.pressenza.com\/es\/wp-json\/wp\/v2\/users\/1220"}],"replies":[{"embeddable":true,"href":"https:\/\/www.pressenza.com\/es\/wp-json\/wp\/v2\/comments?post=2636358"}],"version-history":[{"count":3,"href":"https:\/\/www.pressenza.com\/es\/wp-json\/wp\/v2\/posts\/2636358\/revisions"}],"predecessor-version":[{"id":2636368,"href":"https:\/\/www.pressenza.com\/es\/wp-json\/wp\/v2\/posts\/2636358\/revisions\/2636368"}],"wp:featuredmedia":[{"embeddable":true,"href":"https:\/\/www.pressenza.com\/es\/wp-json\/wp\/v2\/media\/2636366"}],"wp:attachment":[{"href":"https:\/\/www.pressenza.com\/es\/wp-json\/wp\/v2\/media?parent=2636358"}],"wp:term":[{"taxonomy":"category","embeddable":true,"href":"https:\/\/www.pressenza.com\/es\/wp-json\/wp\/v2\/categories?post=2636358"},{"taxonomy":"post_tag","embeddable":true,"href":"https:\/\/www.pressenza.com\/es\/wp-json\/wp\/v2\/tags?post=2636358"}],"curies":[{"name":"wp","href":"https:\/\/api.w.org\/{rel}","templated":true}]}}