{"id":263496,"date":"2016-01-01T22:40:07","date_gmt":"2016-01-01T22:40:07","guid":{"rendered":"http:\/\/www.pressenza.com\/es\/?p=263496"},"modified":"2016-01-01T22:40:07","modified_gmt":"2016-01-01T22:40:07","slug":"263496","status":"publish","type":"post","link":"https:\/\/www.pressenza.com\/es\/2016\/01\/263496\/","title":{"rendered":"Nuevo episodio de \u201cRegional y Popular\u201d: Entre oscuros nubarrones, se encienden algunas luces de paz en Am\u00e9rica Latina"},"content":{"rendered":"<p><iframe loading=\"lazy\" id=\"audio_9850979\" style=\"border: 1px solid #EEE; box-sizing: border-box; width: 100%;\" src=\"http:\/\/www.ivoox.com\/player_ej_9850979_4_1.html?c1=5bbd2c\" width=\"300\" height=\"200\" frameborder=\"0\" scrolling=\"no\" allowfullscreen=\"allowfullscreen\"><\/iframe><\/p>\n<p>El 15 de Diciembre pasado las delegaciones de paz de las Fuerzas Armadas Revolucionarias de Colombia -FARC- y del Gobierno Nacional, ante la presencia de diez representantes de las v\u00edctimas del conflicto, dieron a conocer en un comunicado conjunto el acuerdo sobre el quinto y \u00faltimo punto de la agenda de los di\u00e1logos de paz: los derechos de las v\u00edctimas. Las partes indicaron: \u201cHemos dado un paso fundamental de avance para la construcci\u00f3n de la paz estable y duradera y la finalizaci\u00f3n de una guerra de m\u00e1s de medio siglo que ha desangrado al pa\u00eds\u201d.<br \/>\nMientras tanto &#8211; y significativamente el mismo d\u00eda -, la Asamblea Nacional de la Rep\u00fablica de Ecuador aprob\u00f3 una resoluci\u00f3n en la que se posiciona claramente por la urgencia de impulsar un tratado internacional de prohibici\u00f3n de las armas nucleares.<\/p>\n<p>La resoluci\u00f3n, presentada por la asamble\u00edsta Mar\u00eda Augusta Calle, fue preparada en colaboraci\u00f3n con la campa\u00f1a internacional para abolir las armas nucleares (ICAN), el organismo humanista Mundo Sin Guerras y sin Violencia y la Agencia Internacional de Noticias de Paz y No Violencia Pressenza.<\/p>\n<p>Entre los nubarrones que parecen oscurecer el corto plazo de varias naciones latinoamericanas, es bueno se\u00f1alar las luces de paz que anuncian los nuevos tiempos. De eso trata el presente segmento radiof\u00f3nico.<\/p>\n<p>\u201cRegional y Popular\u201d es un segmento de aproximadamente quince minutos, pensado para poder ser incluido en cualquier programa o programaci\u00f3n radial sin costo alguno. Si una emisora quiere recibir regularmente nuestros programas, puede enviarnos un correo de contacto a nuestro correo de referencia.<\/p>\n<p>Querid@s amigas y amigos, que tengan un comienzo de a\u00f1o colmado de los mejores prop\u00f3sitos. Nos encontramos en nuestro pr\u00f3ximo \u201cRegional y Popular\u201d<\/p>\n","protected":false},"excerpt":{"rendered":"<p>El 15 de Diciembre pasado las delegaciones de paz de las Fuerzas Armadas Revolucionarias de Colombia -FARC- y del Gobierno Nacional, ante la presencia de diez representantes de las v\u00edctimas del conflicto, dieron a conocer en un comunicado conjunto el&hellip;<\/p>\n","protected":false},"author":87,"featured_media":263497,"comment_status":"closed","ping_status":"open","sticky":false,"template":"","format":"standard","meta":{"footnotes":""},"categories":[69,76,11389,79,39,68,1243,22754,67],"tags":[26,14640,419,4495,20208,22885],"class_list":["post-263496","post","type-post","status-publish","format-standard","has-post-thumbnail","hentry","category-america-central","category-relaciones-exteriores","category-contenido-original","category-derechos-humanos","category-internacional","category-norteamerica","category-paz-desarme","category-radio-es","category-sudamerica","tag-argentina","tag-integracion-latinoamericana","tag-paz","tag-radio-it","tag-radio-comunitaria","tag-ranchada"],"yoast_head":"<!-- This site is optimized with the Yoast SEO plugin v27.1.1 - https:\/\/yoast.com\/product\/yoast-seo-wordpress\/ -->\n<title>Nuevo episodio de \u201cRegional y Popular\u201d: Entre oscuros nubarrones, se encienden algunas luces de paz en Am\u00e9rica Latina<\/title>\n<meta name=\"description\" content=\"El 15 de Diciembre pasado las delegaciones de paz de las Fuerzas Armadas Revolucionarias de Colombia -FARC- y del Gobierno Nacional, ante la presencia de\" \/>\n<meta name=\"robots\" content=\"index, follow, max-snippet:-1, max-image-preview:large, max-video-preview:-1\" \/>\n<link rel=\"canonical\" href=\"https:\/\/www.pressenza.com\/es\/2016\/01\/263496\/\" \/>\n<meta property=\"og:locale\" content=\"es_ES\" \/>\n<meta property=\"og:type\" content=\"article\" \/>\n<meta property=\"og:title\" content=\"Nuevo episodio de \u201cRegional y Popular\u201d: Entre oscuros nubarrones, se encienden algunas luces de paz en Am\u00e9rica Latina\" \/>\n<meta property=\"og:description\" content=\"El 15 de Diciembre pasado las delegaciones de paz de las Fuerzas Armadas Revolucionarias de Colombia -FARC- y del Gobierno Nacional, ante la presencia de\" \/>\n<meta property=\"og:url\" content=\"https:\/\/www.pressenza.com\/es\/2016\/01\/263496\/\" \/>\n<meta property=\"og:site_name\" content=\"Pressenza\" \/>\n<meta property=\"article:publisher\" content=\"https:\/\/www.facebook.com\/PressenzaItalia\" \/>\n<meta property=\"article:published_time\" content=\"2016-01-01T22:40:07+00:00\" \/>\n<meta property=\"og:image\" content=\"https:\/\/www.pressenza.com\/wp-content\/uploads\/2016\/01\/pazco13.jpg\" \/>\n\t<meta property=\"og:image:width\" content=\"618\" \/>\n\t<meta property=\"og:image:height\" content=\"399\" \/>\n\t<meta property=\"og:image:type\" content=\"image\/jpeg\" \/>\n<meta name=\"author\" content=\"Redacci\u00f3n Argentina\" \/>\n<meta name=\"twitter:card\" content=\"summary_large_image\" \/>\n<meta name=\"twitter:creator\" content=\"@pressenza\" \/>\n<meta name=\"twitter:site\" content=\"@PressenzaIPA\" \/>\n<meta name=\"twitter:label1\" content=\"Escrito por\" \/>\n\t<meta name=\"twitter:data1\" content=\"Redacci\u00f3n Argentina\" \/>\n\t<meta name=\"twitter:label2\" content=\"Tiempo de lectura\" \/>\n\t<meta name=\"twitter:data2\" content=\"1 minuto\" \/>\n<script type=\"application\/ld+json\" class=\"yoast-schema-graph\">{\"@context\":\"https:\/\/schema.org\",\"@graph\":[{\"@type\":\"Article\",\"@id\":\"https:\/\/www.pressenza.com\/es\/2016\/01\/263496\/#article\",\"isPartOf\":{\"@id\":\"https:\/\/www.pressenza.com\/es\/2016\/01\/263496\/\"},\"author\":{\"name\":\"Redacci\u00f3n Argentina\",\"@id\":\"https:\/\/www.pressenza.com\/es\/#\/schema\/person\/0dda7d1b68267ad95b1e1d83abc98c89\"},\"headline\":\"Nuevo episodio de \u201cRegional y Popular\u201d: Entre oscuros nubarrones, se encienden algunas luces de paz en Am\u00e9rica Latina\",\"datePublished\":\"2016-01-01T22:40:07+00:00\",\"mainEntityOfPage\":{\"@id\":\"https:\/\/www.pressenza.com\/es\/2016\/01\/263496\/\"},\"wordCount\":318,\"publisher\":{\"@id\":\"https:\/\/www.pressenza.com\/es\/#organization\"},\"image\":{\"@id\":\"https:\/\/www.pressenza.com\/es\/2016\/01\/263496\/#primaryimage\"},\"thumbnailUrl\":\"https:\/\/www.pressenza.com\/wp-content\/uploads\/2016\/01\/pazco13.jpg\",\"keywords\":[\"Argentina\",\"Integraci\u00f3n latinoamericana\",\"Paz\",\"radio\",\"radio comunitaria\",\"Ranchada\"],\"articleSection\":[\"Am\u00e9rica Central\",\"Asuntos internacionales\",\"Contenido Original\",\"Derechos Humanos\",\"Internacional\",\"Norteam\u00e9rica\",\"Paz y Desarme\",\"Radio\",\"Sudam\u00e9rica\"],\"inLanguage\":\"es\"},{\"@type\":\"WebPage\",\"@id\":\"https:\/\/www.pressenza.com\/es\/2016\/01\/263496\/\",\"url\":\"https:\/\/www.pressenza.com\/es\/2016\/01\/263496\/\",\"name\":\"Nuevo episodio de \u201cRegional y Popular\u201d: Entre oscuros nubarrones, se encienden algunas luces de paz en Am\u00e9rica Latina\",\"isPartOf\":{\"@id\":\"https:\/\/www.pressenza.com\/es\/#website\"},\"primaryImageOfPage\":{\"@id\":\"https:\/\/www.pressenza.com\/es\/2016\/01\/263496\/#primaryimage\"},\"image\":{\"@id\":\"https:\/\/www.pressenza.com\/es\/2016\/01\/263496\/#primaryimage\"},\"thumbnailUrl\":\"https:\/\/www.pressenza.com\/wp-content\/uploads\/2016\/01\/pazco13.jpg\",\"datePublished\":\"2016-01-01T22:40:07+00:00\",\"description\":\"El 15 de Diciembre pasado las delegaciones de paz de las Fuerzas Armadas Revolucionarias de Colombia -FARC- y del Gobierno Nacional, ante la presencia de\",\"breadcrumb\":{\"@id\":\"https:\/\/www.pressenza.com\/es\/2016\/01\/263496\/#breadcrumb\"},\"inLanguage\":\"es\",\"potentialAction\":[{\"@type\":\"ReadAction\",\"target\":[\"https:\/\/www.pressenza.com\/es\/2016\/01\/263496\/\"]}]},{\"@type\":\"ImageObject\",\"inLanguage\":\"es\",\"@id\":\"https:\/\/www.pressenza.com\/es\/2016\/01\/263496\/#primaryimage\",\"url\":\"https:\/\/www.pressenza.com\/wp-content\/uploads\/2016\/01\/pazco13.jpg\",\"contentUrl\":\"https:\/\/www.pressenza.com\/wp-content\/uploads\/2016\/01\/pazco13.jpg\",\"width\":618,\"height\":399},{\"@type\":\"BreadcrumbList\",\"@id\":\"https:\/\/www.pressenza.com\/es\/2016\/01\/263496\/#breadcrumb\",\"itemListElement\":[{\"@type\":\"ListItem\",\"position\":1,\"name\":\"Accueil\",\"item\":\"https:\/\/www.pressenza.com\/es\/\"},{\"@type\":\"ListItem\",\"position\":2,\"name\":\"Nuevo episodio de \u201cRegional y Popular\u201d: Entre oscuros nubarrones, se encienden algunas luces de paz en Am\u00e9rica Latina\"}]},{\"@type\":\"WebSite\",\"@id\":\"https:\/\/www.pressenza.com\/es\/#website\",\"url\":\"https:\/\/www.pressenza.com\/es\/\",\"name\":\"Pressenza\",\"description\":\"International Press Agency\",\"publisher\":{\"@id\":\"https:\/\/www.pressenza.com\/es\/#organization\"},\"potentialAction\":[{\"@type\":\"SearchAction\",\"target\":{\"@type\":\"EntryPoint\",\"urlTemplate\":\"https:\/\/www.pressenza.com\/es\/?s={search_term_string}\"},\"query-input\":{\"@type\":\"PropertyValueSpecification\",\"valueRequired\":true,\"valueName\":\"search_term_string\"}}],\"inLanguage\":\"es\"},{\"@type\":\"Organization\",\"@id\":\"https:\/\/www.pressenza.com\/es\/#organization\",\"name\":\"Pressenza\",\"url\":\"https:\/\/www.pressenza.com\/es\/\",\"logo\":{\"@type\":\"ImageObject\",\"inLanguage\":\"es\",\"@id\":\"https:\/\/www.pressenza.com\/es\/#\/schema\/logo\/image\/\",\"url\":\"https:\/\/www.pressenza.com\/wp-content\/uploads\/2022\/10\/pressenza_logo_200x200.jpg\",\"contentUrl\":\"https:\/\/www.pressenza.com\/wp-content\/uploads\/2022\/10\/pressenza_logo_200x200.jpg\",\"width\":200,\"height\":200,\"caption\":\"Pressenza\"},\"image\":{\"@id\":\"https:\/\/www.pressenza.com\/es\/#\/schema\/logo\/image\/\"},\"sameAs\":[\"https:\/\/www.facebook.com\/PressenzaItalia\",\"https:\/\/x.com\/PressenzaIPA\"]},{\"@type\":\"Person\",\"@id\":\"https:\/\/www.pressenza.com\/es\/#\/schema\/person\/0dda7d1b68267ad95b1e1d83abc98c89\",\"name\":\"Redacci\u00f3n Argentina\",\"description\":\"News from the Pressenza Bureau in Argentina.\",\"sameAs\":[\"https:\/\/x.com\/pressenza\"],\"url\":\"https:\/\/www.pressenza.com\/es\/author\/redaccion-argentina\/\"}]}<\/script>\n<!-- \/ Yoast SEO plugin. -->","yoast_head_json":{"title":"Nuevo episodio de \u201cRegional y Popular\u201d: Entre oscuros nubarrones, se encienden algunas luces de paz en Am\u00e9rica Latina","description":"El 15 de Diciembre pasado las delegaciones de paz de las Fuerzas Armadas Revolucionarias de Colombia -FARC- y del Gobierno Nacional, ante la presencia de","robots":{"index":"index","follow":"follow","max-snippet":"max-snippet:-1","max-image-preview":"max-image-preview:large","max-video-preview":"max-video-preview:-1"},"canonical":"https:\/\/www.pressenza.com\/es\/2016\/01\/263496\/","og_locale":"es_ES","og_type":"article","og_title":"Nuevo episodio de \u201cRegional y Popular\u201d: Entre oscuros nubarrones, se encienden algunas luces de paz en Am\u00e9rica Latina","og_description":"El 15 de Diciembre pasado las delegaciones de paz de las Fuerzas Armadas Revolucionarias de Colombia -FARC- y del Gobierno Nacional, ante la presencia de","og_url":"https:\/\/www.pressenza.com\/es\/2016\/01\/263496\/","og_site_name":"Pressenza","article_publisher":"https:\/\/www.facebook.com\/PressenzaItalia","article_published_time":"2016-01-01T22:40:07+00:00","og_image":[{"width":618,"height":399,"url":"https:\/\/www.pressenza.com\/wp-content\/uploads\/2016\/01\/pazco13.jpg","type":"image\/jpeg"}],"author":"Redacci\u00f3n Argentina","twitter_card":"summary_large_image","twitter_creator":"@pressenza","twitter_site":"@PressenzaIPA","twitter_misc":{"Escrito por":"Redacci\u00f3n Argentina","Tiempo de lectura":"1 minuto"},"schema":{"@context":"https:\/\/schema.org","@graph":[{"@type":"Article","@id":"https:\/\/www.pressenza.com\/es\/2016\/01\/263496\/#article","isPartOf":{"@id":"https:\/\/www.pressenza.com\/es\/2016\/01\/263496\/"},"author":{"name":"Redacci\u00f3n Argentina","@id":"https:\/\/www.pressenza.com\/es\/#\/schema\/person\/0dda7d1b68267ad95b1e1d83abc98c89"},"headline":"Nuevo episodio de \u201cRegional y Popular\u201d: Entre oscuros nubarrones, se encienden algunas luces de paz en Am\u00e9rica Latina","datePublished":"2016-01-01T22:40:07+00:00","mainEntityOfPage":{"@id":"https:\/\/www.pressenza.com\/es\/2016\/01\/263496\/"},"wordCount":318,"publisher":{"@id":"https:\/\/www.pressenza.com\/es\/#organization"},"image":{"@id":"https:\/\/www.pressenza.com\/es\/2016\/01\/263496\/#primaryimage"},"thumbnailUrl":"https:\/\/www.pressenza.com\/wp-content\/uploads\/2016\/01\/pazco13.jpg","keywords":["Argentina","Integraci\u00f3n latinoamericana","Paz","radio","radio comunitaria","Ranchada"],"articleSection":["Am\u00e9rica Central","Asuntos internacionales","Contenido Original","Derechos Humanos","Internacional","Norteam\u00e9rica","Paz y Desarme","Radio","Sudam\u00e9rica"],"inLanguage":"es"},{"@type":"WebPage","@id":"https:\/\/www.pressenza.com\/es\/2016\/01\/263496\/","url":"https:\/\/www.pressenza.com\/es\/2016\/01\/263496\/","name":"Nuevo episodio de \u201cRegional y Popular\u201d: Entre oscuros nubarrones, se encienden algunas luces de paz en Am\u00e9rica Latina","isPartOf":{"@id":"https:\/\/www.pressenza.com\/es\/#website"},"primaryImageOfPage":{"@id":"https:\/\/www.pressenza.com\/es\/2016\/01\/263496\/#primaryimage"},"image":{"@id":"https:\/\/www.pressenza.com\/es\/2016\/01\/263496\/#primaryimage"},"thumbnailUrl":"https:\/\/www.pressenza.com\/wp-content\/uploads\/2016\/01\/pazco13.jpg","datePublished":"2016-01-01T22:40:07+00:00","description":"El 15 de Diciembre pasado las delegaciones de paz de las Fuerzas Armadas Revolucionarias de Colombia -FARC- y del Gobierno Nacional, ante la presencia de","breadcrumb":{"@id":"https:\/\/www.pressenza.com\/es\/2016\/01\/263496\/#breadcrumb"},"inLanguage":"es","potentialAction":[{"@type":"ReadAction","target":["https:\/\/www.pressenza.com\/es\/2016\/01\/263496\/"]}]},{"@type":"ImageObject","inLanguage":"es","@id":"https:\/\/www.pressenza.com\/es\/2016\/01\/263496\/#primaryimage","url":"https:\/\/www.pressenza.com\/wp-content\/uploads\/2016\/01\/pazco13.jpg","contentUrl":"https:\/\/www.pressenza.com\/wp-content\/uploads\/2016\/01\/pazco13.jpg","width":618,"height":399},{"@type":"BreadcrumbList","@id":"https:\/\/www.pressenza.com\/es\/2016\/01\/263496\/#breadcrumb","itemListElement":[{"@type":"ListItem","position":1,"name":"Accueil","item":"https:\/\/www.pressenza.com\/es\/"},{"@type":"ListItem","position":2,"name":"Nuevo episodio de \u201cRegional y Popular\u201d: Entre oscuros nubarrones, se encienden algunas luces de paz en Am\u00e9rica Latina"}]},{"@type":"WebSite","@id":"https:\/\/www.pressenza.com\/es\/#website","url":"https:\/\/www.pressenza.com\/es\/","name":"Pressenza","description":"International Press Agency","publisher":{"@id":"https:\/\/www.pressenza.com\/es\/#organization"},"potentialAction":[{"@type":"SearchAction","target":{"@type":"EntryPoint","urlTemplate":"https:\/\/www.pressenza.com\/es\/?s={search_term_string}"},"query-input":{"@type":"PropertyValueSpecification","valueRequired":true,"valueName":"search_term_string"}}],"inLanguage":"es"},{"@type":"Organization","@id":"https:\/\/www.pressenza.com\/es\/#organization","name":"Pressenza","url":"https:\/\/www.pressenza.com\/es\/","logo":{"@type":"ImageObject","inLanguage":"es","@id":"https:\/\/www.pressenza.com\/es\/#\/schema\/logo\/image\/","url":"https:\/\/www.pressenza.com\/wp-content\/uploads\/2022\/10\/pressenza_logo_200x200.jpg","contentUrl":"https:\/\/www.pressenza.com\/wp-content\/uploads\/2022\/10\/pressenza_logo_200x200.jpg","width":200,"height":200,"caption":"Pressenza"},"image":{"@id":"https:\/\/www.pressenza.com\/es\/#\/schema\/logo\/image\/"},"sameAs":["https:\/\/www.facebook.com\/PressenzaItalia","https:\/\/x.com\/PressenzaIPA"]},{"@type":"Person","@id":"https:\/\/www.pressenza.com\/es\/#\/schema\/person\/0dda7d1b68267ad95b1e1d83abc98c89","name":"Redacci\u00f3n Argentina","description":"News from the Pressenza Bureau in Argentina.","sameAs":["https:\/\/x.com\/pressenza"],"url":"https:\/\/www.pressenza.com\/es\/author\/redaccion-argentina\/"}]}},"place":"C\u00f3rdoba","original_article_url":"","_links":{"self":[{"href":"https:\/\/www.pressenza.com\/es\/wp-json\/wp\/v2\/posts\/263496","targetHints":{"allow":["GET"]}}],"collection":[{"href":"https:\/\/www.pressenza.com\/es\/wp-json\/wp\/v2\/posts"}],"about":[{"href":"https:\/\/www.pressenza.com\/es\/wp-json\/wp\/v2\/types\/post"}],"author":[{"embeddable":true,"href":"https:\/\/www.pressenza.com\/es\/wp-json\/wp\/v2\/users\/87"}],"replies":[{"embeddable":true,"href":"https:\/\/www.pressenza.com\/es\/wp-json\/wp\/v2\/comments?post=263496"}],"version-history":[{"count":0,"href":"https:\/\/www.pressenza.com\/es\/wp-json\/wp\/v2\/posts\/263496\/revisions"}],"wp:featuredmedia":[{"embeddable":true,"href":"https:\/\/www.pressenza.com\/es\/wp-json\/wp\/v2\/media\/263497"}],"wp:attachment":[{"href":"https:\/\/www.pressenza.com\/es\/wp-json\/wp\/v2\/media?parent=263496"}],"wp:term":[{"taxonomy":"category","embeddable":true,"href":"https:\/\/www.pressenza.com\/es\/wp-json\/wp\/v2\/categories?post=263496"},{"taxonomy":"post_tag","embeddable":true,"href":"https:\/\/www.pressenza.com\/es\/wp-json\/wp\/v2\/tags?post=263496"}],"curies":[{"name":"wp","href":"https:\/\/api.w.org\/{rel}","templated":true}]}}