{"id":2634711,"date":"2025-09-11T20:31:47","date_gmt":"2025-09-11T19:31:47","guid":{"rendered":"https:\/\/www.pressenza.com\/?p=2634711"},"modified":"2025-09-11T20:31:47","modified_gmt":"2025-09-11T19:31:47","slug":"israel-como-estado-terrorista-3-4","status":"publish","type":"post","link":"https:\/\/www.pressenza.com\/es\/2025\/09\/israel-como-estado-terrorista-3-4\/","title":{"rendered":"Israel como Estado terrorista (3\/4)"},"content":{"rendered":"<p><em>Contenido: Cap\u00edtulos 6 a 7 &#8211; Incluye an\u00e1lisis de la ocupaci\u00f3n militar, escaladas recientes, violencia y represi\u00f3n en Gaza y Cisjordania.<\/em><\/p>\n<p><strong>6. Criminalizaci\u00f3n de la disidencia interna en Israel y el caso Ofer Cassif<\/strong><\/p>\n<p>La represi\u00f3n de la disidencia interna en Israel constituye un componente central de la doctrina de seguridad transformada en doctrina de control social y exterminio simb\u00f3lico. No solo los palestinos en Gaza y Cisjordania son objeto de persecuci\u00f3n, sino tambi\u00e9n sectores ciudadanos y pol\u00edticos dentro de Israel que denuncian la violencia estatal o se oponen al proyecto sionista. Este cap\u00edtulo examina los mecanismos de censura y represi\u00f3n interna, centr\u00e1ndose en el caso paradigm\u00e1tico del diputado Ofer Cassif, as\u00ed como en la represi\u00f3n a manifestaciones pac\u00edficas y comunidades jud\u00edas ortodoxas antisionistas.<\/p>\n<p>6.1. Represi\u00f3n a la protesta pac\u00edfica y a la disidencia ortodoxa<\/p>\n<p>Desde el inicio de la ofensiva contra Gaza en octubre de 2023, Israel ha vivido olas masivas de protestas internas. En Tel Aviv, Jerusal\u00e9n y Haifa, cientos de miles de personas exigieron el fin de la guerra, denunciando la devastaci\u00f3n en Gaza. Sin embargo, estas manifestaciones fueron reprimidas con cargas policiales, arrestos masivos y ca\u00f1ones de agua. La Asociaci\u00f3n por los Derechos Civiles en Israel (ACRI) document\u00f3 la dispersi\u00f3n inmediata de vigilias pac\u00edficas y el hostigamiento a activistas (ACRI, 2024).<\/p>\n<p>La represi\u00f3n se extendi\u00f3 tambi\u00e9n a sectores de la comunidad ortodoxa jud\u00eda antisionista, como Neturei Karta, que hist\u00f3ricamente rechazan la legitimidad del Estado de Israel. En barrios como Mea Shearim (Jerusal\u00e9n), las protestas contra la guerra fueron respondidas con allanamientos policiales, confiscaci\u00f3n de banderas palestinas y arrestos violentos. La doctrina de seguridad, por tanto, no distingue entre palestinos y jud\u00edos: cualquiera que cuestione la narrativa oficial es convertido en enemigo interno.<\/p>\n<p>6.2. El caso de Ofer Cassif y la denuncia del genocidio en Gaza<\/p>\n<p>El 4 de agosto de 2025, durante una sesi\u00f3n de la Kn\u00e9set, el diputado Ofer Cassif (Hadash\u2013Ta\u2019al), representante de un bloque de comunistas jud\u00edos y \u00e1rabes, fue expulsado violentamente del podio tras denunciar en un discurso que Israel comet\u00eda genocidio en Gaza. En su intervenci\u00f3n cit\u00f3 al reconocido escritor israel\u00ed David Grossman, quien hab\u00eda declarado:<\/p>\n<p>\u201cDurante a\u00f1os me negu\u00e9 a usar el t\u00e9rmino genocidio. Pero ahora, despu\u00e9s de las im\u00e1genes, despu\u00e9s de hablar con las personas que estuvieron all\u00ed, ya no puedo evitarlo.\u201d<\/p>\n<p>La cita desat\u00f3 la furia de los diputados del partido gobernante Likud. La diputada Tali Gottlieb lo interrumpi\u00f3 gritando: \u201c\u00a1\u00c9l no dir\u00e1 genocidio aqu\u00ed!\u201d, y el presidente de la sesi\u00f3n orden\u00f3 su desalojo. Agentes de seguridad lo sacaron a la fuerza frente a las c\u00e1maras.<\/p>\n<p>Este episodio no fue aislado. Cassif hab\u00eda sido suspendido seis meses en noviembre de 2024 por el Comit\u00e9 de \u00c9tica, y dos meses m\u00e1s en julio de 2025, siempre por denuncias p\u00fablicas de genocidio contra Gaza. En febrero de 2024, un intento de expulsarlo formalmente fracas\u00f3 por falta de mayor\u00eda. El patr\u00f3n revela un cerco pol\u00edtico sistem\u00e1tico contra las voces cr\u00edticas dentro del parlamento, particularmente contra diputados jud\u00edos y \u00e1rabes que denuncian violaciones del derecho internacional.<\/p>\n<p>6.3. La masacre de Shefar\u2019am (2005) como memoria de violencia interna<\/p>\n<p>El 4 de agosto de 2005, el soldado israel\u00ed Eden Natan-Zada, vestido de uniforme pero fuera de servicio, abri\u00f3 fuego dentro de un autob\u00fas en Shefar\u2019am (Shefa-Amr), ciudad \u00e1rabe del norte de Israel. Asesin\u00f3 a cuatro civiles \u00e1rabes \u2014entre ellos las hermanas Hazar Turki (23) y Dina Turki (21)\u2014 e hiri\u00f3 a m\u00e1s de una veintena de personas, antes de ser reducido y linchado por la multitud en el lugar. El ataque dej\u00f3 una herida profunda en la comunidad \u00e1rabe israel\u00ed y se convirti\u00f3 en s\u00edmbolo de la violencia racista incubada dentro del propio Estado.<\/p>\n<p>El tratamiento institucional del caso reforz\u00f3 esa percepci\u00f3n: a\u00f1os despu\u00e9s, la Fiscal\u00eda se resisti\u00f3 a calificar a Natan-Zada como terrorista, pese a la naturaleza del ataque y a su motivaci\u00f3n pol\u00edtica. Este sesgo en la tipificaci\u00f3n penal aliment\u00f3 la percepci\u00f3n de discriminaci\u00f3n entre la ciudadan\u00eda \u00e1rabe israel\u00ed, que vio c\u00f3mo los cr\u00edmenes perpetrados contra ella recib\u00edan un trato legal diferenciado.<\/p>\n<p>El 4 de agosto de 2025, en el aniversario de la masacre, Cassif evoc\u00f3 Shefar\u2019am durante su discurso en la Kn\u00e9set y vincul\u00f3 la memoria de esa tragedia con las atrocidades contempor\u00e1neas en Gaza, citando a David Grossman. La censura de su intervenci\u00f3n y su expulsi\u00f3n violenta muestran c\u00f3mo la evocaci\u00f3n de la memoria de la violencia interna israel\u00ed se convierte en tab\u00fa pol\u00edtico cuando se conecta con la denuncia del genocidio en curso.<\/p>\n<p>Este episodio guarda adem\u00e1s un paralelismo anal\u00edtico \u2014planteado desde la cr\u00edtica period\u00edstica y acad\u00e9mica\u2014 con el atentado en un paradero de autobuses en Jerusal\u00e9n en septiembre de 2025, que dej\u00f3 varias v\u00edctimas civiles. Ambas escenas evidencian un ciclo de violencia que atraviesa las fronteras entre \u201cenemigo interno\u201d y \u201cenemigo externo\u201d, subrayando la normalizaci\u00f3n del terror como m\u00e9todo pol\u00edtico y social.<\/p>\n<p>6.4. Un discurso de denuncia radical<\/p>\n<p>En su intervenci\u00f3n del 4 de agosto, Cassif fue m\u00e1s all\u00e1 de la denuncia ret\u00f3rica. Se\u00f1al\u00f3 que el genocidio en Gaza deb\u00eda entenderse como parte de un proyecto hist\u00f3rico de limpieza \u00e9tnica y colonizaci\u00f3n sionista, denunciando la hipocres\u00eda internacional que condena en abstracto pero evita sancionar a Israel. Exigi\u00f3 sanciones efectivas: embargo de armas, sanciones econ\u00f3micas y \u00f3rdenes de arresto internacional contra Netanyahu y altos mandos militares. Subray\u00f3, adem\u00e1s, que antisionismo no es antisemitismo, y que cuestionar el proyecto pol\u00edtico de Israel es leg\u00edtimo desde una perspectiva democr\u00e1tica y de derechos humanos.<\/p>\n<p>Este discurso y su violenta censura revelan la contradicci\u00f3n de una democracia que se autoproclama pluralista, pero que silencia a sus representantes electos cuando rompen el consenso militarista. La expulsi\u00f3n de Cassif simboliza la creciente intolerancia dentro de la Kn\u00e9set y confirma que la cr\u00edtica a la guerra y al genocidio palestino no tiene espacio institucional.<\/p>\n<p>6.5. S\u00edntesis de una pol\u00edtica de criminalizaci\u00f3n de la disidencia<\/p>\n<p>La represi\u00f3n de las manifestaciones ciudadanas, el hostigamiento a comunidades jud\u00edas ortodoxas antisionistas y la persecuci\u00f3n contra diputados como Ofer Cassif muestran que el Estado israel\u00ed aplica la misma l\u00f3gica de criminalizaci\u00f3n interna que en los territorios ocupados. La protesta pac\u00edfica se convierte en amenaza; el disenso pol\u00edtico, en traici\u00f3n; y la denuncia del genocidio, en motivo de censura violenta.<\/p>\n<p>El caso Cassif, en particular, concentra todas las aristas de este proceso: el intento de silenciar la palabra \u201cgenocidio\u201d en el parlamento, la memoria de masacres pasadas como Shefar\u2019am y su conexi\u00f3n con la violencia presente, y el llamado a la comunidad internacional a actuar. Todo ello confirma que la doctrina de seguridad israel\u00ed no solo opera hacia afuera, sino tambi\u00e9n hacia adentro, configurando un sistema pol\u00edtico donde la disidencia cr\u00edtica es tratada como enemigo interno.<\/p>\n<p><strong>7. El paralelo hist\u00f3rico con el Pa\u00eds Vasco y la criminalizaci\u00f3n global de la resistencia<\/strong><br \/>\nLa criminalizaci\u00f3n de la disidencia palestina por parte de Israel no puede comprenderse de manera aislada. Encuentra resonancias en otros contextos donde Estados reconocidos internacionalmente emplearon la violencia planificada para eliminar oposiciones pol\u00edticas, encubri\u00e9ndola bajo el discurso de la seguridad. Esta perspectiva comparada permite situar el caso palestino en una geograf\u00eda global del terrorismo de Estado que incluye episodios en Europa, Am\u00e9rica Latina y Estados Unidos.<\/p>\n<p>7.1. El Pa\u00eds Vasco bajo Franco: identidad prohibida y resistencia armada<\/p>\n<p>Durante la dictadura de Francisco Franco (1939\u20131975), el pueblo vasco fue objeto de represi\u00f3n cultural, ling\u00fc\u00edstica y pol\u00edtica. El uso del euskera en la educaci\u00f3n, los medios y la administraci\u00f3n fue prohibido; las organizaciones nacionalistas fueron disueltas; y los activistas encarcelados o ejecutados. En ese contexto naci\u00f3 en 1959 Euskadi Ta Askatasuna (ETA), inicialmente como un movimiento juvenil de resistencia cultural. Con el tiempo, la represi\u00f3n prolongada y la negativa del r\u00e9gimen a reconocer derechos b\u00e1sicos alimentaron una espiral de violencia.<\/p>\n<p>El paralelismo con Palestina es evidente: as\u00ed como el franquismo neg\u00f3 la identidad nacional vasca, Israel niega la identidad palestina, presentando su mera existencia como amenaza. En ambos casos, la represi\u00f3n del Estado empuj\u00f3 a sectores de la poblaci\u00f3n a la resistencia armada, que luego fue utilizada para justificar una represi\u00f3n a\u00fan mayor.<\/p>\n<p>7.2. Si el modelo Netanyahu hubiera operado en la Espa\u00f1a franquista<\/p>\n<p>Si la l\u00f3gica de seguridad-expansi\u00f3n que rige en Israel se hubiese aplicado en el Pa\u00eds Vasco de los a\u00f1os sesenta o setenta, el resultado habr\u00eda sido la expulsi\u00f3n o eliminaci\u00f3n masiva de la poblaci\u00f3n vasca. La doctrina israel\u00ed \u2014seg\u00fan la cual \u201ccada ni\u00f1o palestino es una bala contra Israel\u201d\u2014 trasladada a ese contexto habr\u00eda significado que cada joven vasco era un terrorista en potencia, legitimando su encarcelamiento, expulsi\u00f3n o eliminaci\u00f3n f\u00edsica.<\/p>\n<p>La comparaci\u00f3n subraya la tesis de que la criminalizaci\u00f3n de una identidad colectiva conduce a la justificaci\u00f3n de la violencia masiva. A pesar de la brutalidad del franquismo, Espa\u00f1a no lleg\u00f3 a aplicar una estrategia de limpieza \u00e9tnica. Israel, en cambio, avanza en esa direcci\u00f3n en Palestina.<\/p>\n<p>7.3. La criminalizaci\u00f3n de la juventud en Chile: de la dictadura a la democracia incompleta<\/p>\n<p>Chile ofrece otro espejo hist\u00f3rico. Durante la dictadura de Augusto Pinochet (1973\u20131990), el aparato represivo \u2014encabezado por la Direcci\u00f3n de Inteligencia Nacional (DINA) y luego por la Central Nacional de Informaciones (CNI)\u2014 cometi\u00f3 ejecuciones extrajudiciales, desapariciones y atentados en el extranjero. Uno de los casos m\u00e1s emblem\u00e1ticos fue el asesinato del ex canciller Orlando Letelier, ejecutado con un coche bomba en Washington D. C. el 21 de septiembre de 1976, en plena capital de Estados Unidos, en coordinaci\u00f3n con la Operaci\u00f3n C\u00f3ndor.<\/p>\n<p>Incluso en democracia, la Ley Antiterrorista heredada de Pinochet ha sido usada para criminalizar protestas estudiantiles y mapuche. J\u00f3venes que arrojaron piedras o cortaron caminos fueron juzgados bajo figuras legales concebidas para combatir el terrorismo, en una evidente desproporci\u00f3n que recuerda \u2014en escala menor\u2014 a la pr\u00e1ctica israel\u00ed de condenar con cadena perpetua a adolescentes palestinos por lanzar piedras contra tanques.<\/p>\n<p>7.4. Estados Unidos y el terrorismo de Estado encubierto<\/p>\n<p>El caso estadounidense aporta un \u00e1ngulo fundamental. Durante d\u00e9cadas, EE. UU. ha llevado a cabo operaciones clandestinas de asesinato selectivo, sabotaje y vigilancia masiva, amparadas en la seguridad nacional:<\/p>\n<p>Operaciones encubiertas de la CIA en Am\u00e9rica Latina, como el derrocamiento de Jacobo \u00c1rbenz en Guatemala (1954) o la invasi\u00f3n de Bah\u00eda de Cochinos en Cuba (1961), y la participaci\u00f3n en la Operaci\u00f3n C\u00f3ndor que coordin\u00f3 las dictaduras del Cono Sur.<\/p>\n<p>Programas de asesinatos selectivos y ataques con drones en Yemen, Pakist\u00e1n, Afganist\u00e1n y Somalia, documentados en parte por Julian Assange a trav\u00e9s de WikiLeaks, que revel\u00f3 miles de cables diplom\u00e1ticos y registros de ataques a civiles.<\/p>\n<p>Espionaje masivo de la NSA, denunciado por Edward Snowden en 2013, que mostr\u00f3 una arquitectura de vigilancia global que viola derechos fundamentales de privacidad y libre asociaci\u00f3n.<\/p>\n<p>Estos episodios demuestran que el terrorismo de Estado no es patrimonio de reg\u00edmenes autoritarios del Sur Global: tambi\u00e9n las democracias occidentales han recurrido a la violencia y el espionaje sistem\u00e1tico, muchas veces fuera de todo control judicial.<\/p>\n<p>7.5. El concepto de Terrorismo de Estado en derecho internacional<\/p>\n<p>En el marco del derecho internacional, terrorismo de Estado designa el uso deliberado y sistem\u00e1tico de la violencia, incluidos asesinatos selectivos, desapariciones forzadas y ataques contra civiles, por parte de agentes estatales o paraestatales, con el objetivo de infundir terror y controlar poblaciones. Instrumentos como la Convenci\u00f3n Interamericana sobre Desaparici\u00f3n Forzada de Personas (1994) y resoluciones de la Asamblea General de la ONU han condenado estas pr\u00e1cticas, aunque no exista una definici\u00f3n \u00fanica en un tratado global.<\/p>\n<p>Aplicada al caso israel\u00ed, esta categor\u00eda permite comprender que no estamos ante excesos puntuales, sino ante una estrategia estructural de dominaci\u00f3n y exterminio, que combina el despojo territorial, la criminalizaci\u00f3n de la resistencia y la proyecci\u00f3n de la violencia fuera de sus fronteras.<\/p>\n<p>En s\u00edntesis, el examen comparativo revela que la violencia de Estado como m\u00e9todo de gobierno no es una anomal\u00eda exclusiva de Oriente Medio. El franquismo en Espa\u00f1a, la dictadura de Pinochet en Chile \u2014con el asesinato de Orlando Letelier en Washington\u2014 y las operaciones encubiertas de Estados Unidos documentadas por Julian Assange y Edward Snowden, son ejemplos occidentales de terrorismo de Estado.<\/p>\n<p>El caso israel\u00ed, sin embargo, presenta una singularidad: su continuidad en el tiempo bajo un r\u00e9gimen que se define como democr\u00e1tico, su capacidad de proyectar el terror m\u00e1s all\u00e1 de sus fronteras y su prop\u00f3sito expl\u00edcito de eliminar una naci\u00f3n entera.<\/p>\n<p>Lejos de ser un exceso coyuntural, se trata de una doctrina de Estado que combina limpieza \u00e9tnica, colonizaci\u00f3n permanente y represi\u00f3n interna de toda voz disidente, situ\u00e1ndose en el extremo m\u00e1s radical de la experiencia hist\u00f3rica contempor\u00e1nea.<\/p>\n<div id=\"attachment_2634753\" class=\"wp-caption alignnone\"><img loading=\"lazy\" decoding=\"async\" aria-describedby=\"caption-attachment-2634753\" class=\"wp-image-2634753 size-full\" src=\"https:\/\/www.pressenza.com\/wp-content\/uploads\/2025\/09\/1000103248.jpg\" alt=\"\" width=\"800\" height=\"600\" srcset=\"https:\/\/www.pressenza.com\/wp-content\/uploads\/2025\/09\/1000103248.jpg 800w, https:\/\/www.pressenza.com\/wp-content\/uploads\/2025\/09\/1000103248-300x225.jpg 300w\" sizes=\"auto, (max-width: 800px) 100vw, 800px\" \/><p id=\"caption-attachment-2634753\" class=\"wp-caption-text\">Gaza City. Dominio p\u00fablico (autor: Grauesel \u2013 Wikivoyage shared), v\u00eda Wikimedia Commons<\/p><\/div>\n<p>&nbsp;<\/p>\n","protected":false},"excerpt":{"rendered":"<p>Contenido: Cap\u00edtulos 6 a 7 &#8211; Incluye an\u00e1lisis de la ocupaci\u00f3n militar, escaladas recientes, violencia y represi\u00f3n en Gaza y Cisjordania. 6. Criminalizaci\u00f3n de la disidencia interna en Israel y el caso Ofer Cassif La represi\u00f3n de la disidencia interna&hellip;<\/p>\n","protected":false},"author":1757,"featured_media":2634736,"comment_status":"closed","ping_status":"closed","sticky":false,"template":"","format":"standard","meta":{"footnotes":""},"categories":[76,11389,71,1243,106740],"tags":[54016,646,15037,814,4234],"class_list":["post-2634711","post","type-post","status-publish","format-standard","has-post-thumbnail","hentry","category-relaciones-exteriores","category-contenido-original","category-medio-oriente-es","category-paz-desarme","category-reportaje","tag-estados-unidos-es","tag-israel-es","tag-pais-vasco","tag-palestina-es","tag-terrorismo-de-estado"],"yoast_head":"<!-- This site is optimized with the Yoast SEO plugin v27.1.1 - https:\/\/yoast.com\/product\/yoast-seo-wordpress\/ -->\n<title>Israel como Estado terrorista (3\/4)<\/title>\n<meta name=\"description\" content=\"Contenido: Cap\u00edtulos 6 a 7 - Incluye an\u00e1lisis de la ocupaci\u00f3n militar, escaladas recientes, violencia y represi\u00f3n en Gaza y Cisjordania. 6.\" \/>\n<meta name=\"robots\" content=\"index, follow, max-snippet:-1, max-image-preview:large, max-video-preview:-1\" \/>\n<link rel=\"canonical\" href=\"https:\/\/www.pressenza.com\/es\/2025\/09\/israel-como-estado-terrorista-3-4\/\" \/>\n<meta property=\"og:locale\" content=\"es_ES\" \/>\n<meta property=\"og:type\" content=\"article\" \/>\n<meta property=\"og:title\" content=\"Israel como Estado terrorista (3\/4)\" \/>\n<meta property=\"og:description\" content=\"Contenido: Cap\u00edtulos 6 a 7 - Incluye an\u00e1lisis de la ocupaci\u00f3n militar, escaladas recientes, violencia y represi\u00f3n en Gaza y Cisjordania. 6.\" \/>\n<meta property=\"og:url\" content=\"https:\/\/www.pressenza.com\/es\/2025\/09\/israel-como-estado-terrorista-3-4\/\" \/>\n<meta property=\"og:site_name\" content=\"Pressenza\" \/>\n<meta property=\"article:publisher\" content=\"https:\/\/www.facebook.com\/PressenzaItalia\" \/>\n<meta property=\"article:published_time\" content=\"2025-09-11T19:31:47+00:00\" \/>\n<meta property=\"og:image\" content=\"https:\/\/www.pressenza.com\/wp-content\/uploads\/2025\/09\/3unnamed.jpg\" \/>\n\t<meta property=\"og:image:width\" content=\"1079\" \/>\n\t<meta property=\"og:image:height\" content=\"638\" \/>\n\t<meta property=\"og:image:type\" content=\"image\/jpeg\" \/>\n<meta name=\"author\" content=\"Claudia Aranda\" \/>\n<meta name=\"twitter:card\" content=\"summary_large_image\" \/>\n<meta name=\"twitter:creator\" content=\"@PressenzaIPA\" \/>\n<meta name=\"twitter:site\" content=\"@PressenzaIPA\" \/>\n<meta name=\"twitter:label1\" content=\"Escrito por\" \/>\n\t<meta name=\"twitter:data1\" content=\"Claudia Aranda\" \/>\n\t<meta name=\"twitter:label2\" content=\"Tiempo de lectura\" \/>\n\t<meta name=\"twitter:data2\" content=\"10 minutos\" \/>\n<script type=\"application\/ld+json\" class=\"yoast-schema-graph\">{\"@context\":\"https:\/\/schema.org\",\"@graph\":[{\"@type\":\"Article\",\"@id\":\"https:\/\/www.pressenza.com\/es\/2025\/09\/israel-como-estado-terrorista-3-4\/#article\",\"isPartOf\":{\"@id\":\"https:\/\/www.pressenza.com\/es\/2025\/09\/israel-como-estado-terrorista-3-4\/\"},\"author\":{\"name\":\"Claudia Aranda\",\"@id\":\"https:\/\/www.pressenza.com\/es\/#\/schema\/person\/7c99b7f1e26cb9e5efedc0b26a398fb5\"},\"headline\":\"Israel como Estado terrorista (3\/4)\",\"datePublished\":\"2025-09-11T19:31:47+00:00\",\"mainEntityOfPage\":{\"@id\":\"https:\/\/www.pressenza.com\/es\/2025\/09\/israel-como-estado-terrorista-3-4\/\"},\"wordCount\":2268,\"publisher\":{\"@id\":\"https:\/\/www.pressenza.com\/es\/#organization\"},\"image\":{\"@id\":\"https:\/\/www.pressenza.com\/es\/2025\/09\/israel-como-estado-terrorista-3-4\/#primaryimage\"},\"thumbnailUrl\":\"https:\/\/www.pressenza.com\/wp-content\/uploads\/2025\/09\/3unnamed.jpg\",\"keywords\":[\"Estados Unidos\",\"Israel\",\"Pa\u00eds Vasco\",\"Palestina\",\"Terrorismo de Estado\"],\"articleSection\":[\"Asuntos internacionales\",\"Contenido Original\",\"Medio Oriente\",\"Paz y Desarme\",\"Reportaje\"],\"inLanguage\":\"es\"},{\"@type\":\"WebPage\",\"@id\":\"https:\/\/www.pressenza.com\/es\/2025\/09\/israel-como-estado-terrorista-3-4\/\",\"url\":\"https:\/\/www.pressenza.com\/es\/2025\/09\/israel-como-estado-terrorista-3-4\/\",\"name\":\"Israel como Estado terrorista (3\/4)\",\"isPartOf\":{\"@id\":\"https:\/\/www.pressenza.com\/es\/#website\"},\"primaryImageOfPage\":{\"@id\":\"https:\/\/www.pressenza.com\/es\/2025\/09\/israel-como-estado-terrorista-3-4\/#primaryimage\"},\"image\":{\"@id\":\"https:\/\/www.pressenza.com\/es\/2025\/09\/israel-como-estado-terrorista-3-4\/#primaryimage\"},\"thumbnailUrl\":\"https:\/\/www.pressenza.com\/wp-content\/uploads\/2025\/09\/3unnamed.jpg\",\"datePublished\":\"2025-09-11T19:31:47+00:00\",\"description\":\"Contenido: Cap\u00edtulos 6 a 7 - Incluye an\u00e1lisis de la ocupaci\u00f3n militar, escaladas recientes, violencia y represi\u00f3n en Gaza y Cisjordania. 6.\",\"breadcrumb\":{\"@id\":\"https:\/\/www.pressenza.com\/es\/2025\/09\/israel-como-estado-terrorista-3-4\/#breadcrumb\"},\"inLanguage\":\"es\",\"potentialAction\":[{\"@type\":\"ReadAction\",\"target\":[\"https:\/\/www.pressenza.com\/es\/2025\/09\/israel-como-estado-terrorista-3-4\/\"]}]},{\"@type\":\"ImageObject\",\"inLanguage\":\"es\",\"@id\":\"https:\/\/www.pressenza.com\/es\/2025\/09\/israel-como-estado-terrorista-3-4\/#primaryimage\",\"url\":\"https:\/\/www.pressenza.com\/wp-content\/uploads\/2025\/09\/3unnamed.jpg\",\"contentUrl\":\"https:\/\/www.pressenza.com\/wp-content\/uploads\/2025\/09\/3unnamed.jpg\",\"width\":1079,\"height\":638},{\"@type\":\"BreadcrumbList\",\"@id\":\"https:\/\/www.pressenza.com\/es\/2025\/09\/israel-como-estado-terrorista-3-4\/#breadcrumb\",\"itemListElement\":[{\"@type\":\"ListItem\",\"position\":1,\"name\":\"Accueil\",\"item\":\"https:\/\/www.pressenza.com\/es\/\"},{\"@type\":\"ListItem\",\"position\":2,\"name\":\"Israel como Estado terrorista (3\/4)\"}]},{\"@type\":\"WebSite\",\"@id\":\"https:\/\/www.pressenza.com\/es\/#website\",\"url\":\"https:\/\/www.pressenza.com\/es\/\",\"name\":\"Pressenza\",\"description\":\"International Press Agency\",\"publisher\":{\"@id\":\"https:\/\/www.pressenza.com\/es\/#organization\"},\"potentialAction\":[{\"@type\":\"SearchAction\",\"target\":{\"@type\":\"EntryPoint\",\"urlTemplate\":\"https:\/\/www.pressenza.com\/es\/?s={search_term_string}\"},\"query-input\":{\"@type\":\"PropertyValueSpecification\",\"valueRequired\":true,\"valueName\":\"search_term_string\"}}],\"inLanguage\":\"es\"},{\"@type\":\"Organization\",\"@id\":\"https:\/\/www.pressenza.com\/es\/#organization\",\"name\":\"Pressenza\",\"url\":\"https:\/\/www.pressenza.com\/es\/\",\"logo\":{\"@type\":\"ImageObject\",\"inLanguage\":\"es\",\"@id\":\"https:\/\/www.pressenza.com\/es\/#\/schema\/logo\/image\/\",\"url\":\"https:\/\/www.pressenza.com\/wp-content\/uploads\/2022\/10\/pressenza_logo_200x200.jpg\",\"contentUrl\":\"https:\/\/www.pressenza.com\/wp-content\/uploads\/2022\/10\/pressenza_logo_200x200.jpg\",\"width\":200,\"height\":200,\"caption\":\"Pressenza\"},\"image\":{\"@id\":\"https:\/\/www.pressenza.com\/es\/#\/schema\/logo\/image\/\"},\"sameAs\":[\"https:\/\/www.facebook.com\/PressenzaItalia\",\"https:\/\/x.com\/PressenzaIPA\"]},{\"@type\":\"Person\",\"@id\":\"https:\/\/www.pressenza.com\/es\/#\/schema\/person\/7c99b7f1e26cb9e5efedc0b26a398fb5\",\"name\":\"Claudia Aranda\",\"description\":\"Chilean journalist specializing in Semiotics and Political Analysis. As an international analyst, she focuses on prospective analysis of social processes. Based in Montreal, Quebec, she covers news for Pressenza and explores contemporary philosophical debates within the context of current events. Her work emphasizes human rights, geopolitics, armed conflict, the environment, and technological development. She is a humanist and an activist for social justice causes.\",\"url\":\"https:\/\/www.pressenza.com\/es\/author\/claudia-aranda\/\"}]}<\/script>\n<!-- \/ Yoast SEO plugin. -->","yoast_head_json":{"title":"Israel como Estado terrorista (3\/4)","description":"Contenido: Cap\u00edtulos 6 a 7 - Incluye an\u00e1lisis de la ocupaci\u00f3n militar, escaladas recientes, violencia y represi\u00f3n en Gaza y Cisjordania. 6.","robots":{"index":"index","follow":"follow","max-snippet":"max-snippet:-1","max-image-preview":"max-image-preview:large","max-video-preview":"max-video-preview:-1"},"canonical":"https:\/\/www.pressenza.com\/es\/2025\/09\/israel-como-estado-terrorista-3-4\/","og_locale":"es_ES","og_type":"article","og_title":"Israel como Estado terrorista (3\/4)","og_description":"Contenido: Cap\u00edtulos 6 a 7 - Incluye an\u00e1lisis de la ocupaci\u00f3n militar, escaladas recientes, violencia y represi\u00f3n en Gaza y Cisjordania. 6.","og_url":"https:\/\/www.pressenza.com\/es\/2025\/09\/israel-como-estado-terrorista-3-4\/","og_site_name":"Pressenza","article_publisher":"https:\/\/www.facebook.com\/PressenzaItalia","article_published_time":"2025-09-11T19:31:47+00:00","og_image":[{"width":1079,"height":638,"url":"https:\/\/www.pressenza.com\/wp-content\/uploads\/2025\/09\/3unnamed.jpg","type":"image\/jpeg"}],"author":"Claudia Aranda","twitter_card":"summary_large_image","twitter_creator":"@PressenzaIPA","twitter_site":"@PressenzaIPA","twitter_misc":{"Escrito por":"Claudia Aranda","Tiempo de lectura":"10 minutos"},"schema":{"@context":"https:\/\/schema.org","@graph":[{"@type":"Article","@id":"https:\/\/www.pressenza.com\/es\/2025\/09\/israel-como-estado-terrorista-3-4\/#article","isPartOf":{"@id":"https:\/\/www.pressenza.com\/es\/2025\/09\/israel-como-estado-terrorista-3-4\/"},"author":{"name":"Claudia Aranda","@id":"https:\/\/www.pressenza.com\/es\/#\/schema\/person\/7c99b7f1e26cb9e5efedc0b26a398fb5"},"headline":"Israel como Estado terrorista (3\/4)","datePublished":"2025-09-11T19:31:47+00:00","mainEntityOfPage":{"@id":"https:\/\/www.pressenza.com\/es\/2025\/09\/israel-como-estado-terrorista-3-4\/"},"wordCount":2268,"publisher":{"@id":"https:\/\/www.pressenza.com\/es\/#organization"},"image":{"@id":"https:\/\/www.pressenza.com\/es\/2025\/09\/israel-como-estado-terrorista-3-4\/#primaryimage"},"thumbnailUrl":"https:\/\/www.pressenza.com\/wp-content\/uploads\/2025\/09\/3unnamed.jpg","keywords":["Estados Unidos","Israel","Pa\u00eds Vasco","Palestina","Terrorismo de Estado"],"articleSection":["Asuntos internacionales","Contenido Original","Medio Oriente","Paz y Desarme","Reportaje"],"inLanguage":"es"},{"@type":"WebPage","@id":"https:\/\/www.pressenza.com\/es\/2025\/09\/israel-como-estado-terrorista-3-4\/","url":"https:\/\/www.pressenza.com\/es\/2025\/09\/israel-como-estado-terrorista-3-4\/","name":"Israel como Estado terrorista (3\/4)","isPartOf":{"@id":"https:\/\/www.pressenza.com\/es\/#website"},"primaryImageOfPage":{"@id":"https:\/\/www.pressenza.com\/es\/2025\/09\/israel-como-estado-terrorista-3-4\/#primaryimage"},"image":{"@id":"https:\/\/www.pressenza.com\/es\/2025\/09\/israel-como-estado-terrorista-3-4\/#primaryimage"},"thumbnailUrl":"https:\/\/www.pressenza.com\/wp-content\/uploads\/2025\/09\/3unnamed.jpg","datePublished":"2025-09-11T19:31:47+00:00","description":"Contenido: Cap\u00edtulos 6 a 7 - Incluye an\u00e1lisis de la ocupaci\u00f3n militar, escaladas recientes, violencia y represi\u00f3n en Gaza y Cisjordania. 6.","breadcrumb":{"@id":"https:\/\/www.pressenza.com\/es\/2025\/09\/israel-como-estado-terrorista-3-4\/#breadcrumb"},"inLanguage":"es","potentialAction":[{"@type":"ReadAction","target":["https:\/\/www.pressenza.com\/es\/2025\/09\/israel-como-estado-terrorista-3-4\/"]}]},{"@type":"ImageObject","inLanguage":"es","@id":"https:\/\/www.pressenza.com\/es\/2025\/09\/israel-como-estado-terrorista-3-4\/#primaryimage","url":"https:\/\/www.pressenza.com\/wp-content\/uploads\/2025\/09\/3unnamed.jpg","contentUrl":"https:\/\/www.pressenza.com\/wp-content\/uploads\/2025\/09\/3unnamed.jpg","width":1079,"height":638},{"@type":"BreadcrumbList","@id":"https:\/\/www.pressenza.com\/es\/2025\/09\/israel-como-estado-terrorista-3-4\/#breadcrumb","itemListElement":[{"@type":"ListItem","position":1,"name":"Accueil","item":"https:\/\/www.pressenza.com\/es\/"},{"@type":"ListItem","position":2,"name":"Israel como Estado terrorista (3\/4)"}]},{"@type":"WebSite","@id":"https:\/\/www.pressenza.com\/es\/#website","url":"https:\/\/www.pressenza.com\/es\/","name":"Pressenza","description":"International Press Agency","publisher":{"@id":"https:\/\/www.pressenza.com\/es\/#organization"},"potentialAction":[{"@type":"SearchAction","target":{"@type":"EntryPoint","urlTemplate":"https:\/\/www.pressenza.com\/es\/?s={search_term_string}"},"query-input":{"@type":"PropertyValueSpecification","valueRequired":true,"valueName":"search_term_string"}}],"inLanguage":"es"},{"@type":"Organization","@id":"https:\/\/www.pressenza.com\/es\/#organization","name":"Pressenza","url":"https:\/\/www.pressenza.com\/es\/","logo":{"@type":"ImageObject","inLanguage":"es","@id":"https:\/\/www.pressenza.com\/es\/#\/schema\/logo\/image\/","url":"https:\/\/www.pressenza.com\/wp-content\/uploads\/2022\/10\/pressenza_logo_200x200.jpg","contentUrl":"https:\/\/www.pressenza.com\/wp-content\/uploads\/2022\/10\/pressenza_logo_200x200.jpg","width":200,"height":200,"caption":"Pressenza"},"image":{"@id":"https:\/\/www.pressenza.com\/es\/#\/schema\/logo\/image\/"},"sameAs":["https:\/\/www.facebook.com\/PressenzaItalia","https:\/\/x.com\/PressenzaIPA"]},{"@type":"Person","@id":"https:\/\/www.pressenza.com\/es\/#\/schema\/person\/7c99b7f1e26cb9e5efedc0b26a398fb5","name":"Claudia Aranda","description":"Chilean journalist specializing in Semiotics and Political Analysis. As an international analyst, she focuses on prospective analysis of social processes. Based in Montreal, Quebec, she covers news for Pressenza and explores contemporary philosophical debates within the context of current events. Her work emphasizes human rights, geopolitics, armed conflict, the environment, and technological development. She is a humanist and an activist for social justice causes.","url":"https:\/\/www.pressenza.com\/es\/author\/claudia-aranda\/"}]}},"place":"Montreal, Canad\u00e1","original_article_url":"","_links":{"self":[{"href":"https:\/\/www.pressenza.com\/es\/wp-json\/wp\/v2\/posts\/2634711","targetHints":{"allow":["GET"]}}],"collection":[{"href":"https:\/\/www.pressenza.com\/es\/wp-json\/wp\/v2\/posts"}],"about":[{"href":"https:\/\/www.pressenza.com\/es\/wp-json\/wp\/v2\/types\/post"}],"author":[{"embeddable":true,"href":"https:\/\/www.pressenza.com\/es\/wp-json\/wp\/v2\/users\/1757"}],"replies":[{"embeddable":true,"href":"https:\/\/www.pressenza.com\/es\/wp-json\/wp\/v2\/comments?post=2634711"}],"version-history":[{"count":3,"href":"https:\/\/www.pressenza.com\/es\/wp-json\/wp\/v2\/posts\/2634711\/revisions"}],"predecessor-version":[{"id":2634755,"href":"https:\/\/www.pressenza.com\/es\/wp-json\/wp\/v2\/posts\/2634711\/revisions\/2634755"}],"wp:featuredmedia":[{"embeddable":true,"href":"https:\/\/www.pressenza.com\/es\/wp-json\/wp\/v2\/media\/2634736"}],"wp:attachment":[{"href":"https:\/\/www.pressenza.com\/es\/wp-json\/wp\/v2\/media?parent=2634711"}],"wp:term":[{"taxonomy":"category","embeddable":true,"href":"https:\/\/www.pressenza.com\/es\/wp-json\/wp\/v2\/categories?post=2634711"},{"taxonomy":"post_tag","embeddable":true,"href":"https:\/\/www.pressenza.com\/es\/wp-json\/wp\/v2\/tags?post=2634711"}],"curies":[{"name":"wp","href":"https:\/\/api.w.org\/{rel}","templated":true}]}}