{"id":2634086,"date":"2025-09-09T06:57:15","date_gmt":"2025-09-09T05:57:15","guid":{"rendered":"https:\/\/www.pressenza.com\/?p=2634086"},"modified":"2025-09-09T21:44:28","modified_gmt":"2025-09-09T20:44:28","slug":"la-global-sumud-flotilla-atacada-por-un-dron-en-tunez","status":"publish","type":"post","link":"https:\/\/www.pressenza.com\/es\/2025\/09\/la-global-sumud-flotilla-atacada-por-un-dron-en-tunez\/","title":{"rendered":"La Global Sumud Flotilla atacada por un dron en Tunez"},"content":{"rendered":"<p>La Global Sumud Flotilla (GSF) Ha sido atacada con un dron en aguas de T\u00fanez. La embarcaci\u00f3n afectada, conocida como Family Boat o Familia Madeira, navegaba bajo bandera portuguesa y transportaba miembros del comit\u00e9 de direcci\u00f3n como Greta Thunberg o Thiago \u00c1vila entre otros.<\/p>\n<p>Seg\u00fan los organizadores, el veh\u00edculo fue impactado por un dron que dej\u00f3 una explosi\u00f3n e incendi\u00f3 la cubierta principal y el \u00e1rea de almacenamiento bajo cubierta. Afortunadamente, los seis ocupantes\u2014tripulaci\u00f3n y activistas\u2014resultaron ilesos.<\/p>\n<p>La activista y tripulante, Yasemin Acar \u2014quien firma como @yaseminacr_ en Instagram,\u2014 comparti\u00f3 mensajes dram\u00e1ticos registrados durante el incidente. En un video explic\u00f3:<\/p>\n<p>\u201cA drone came right above it, released a bomb and it exploded and \u2026\u201d <a href=\"https:\/\/www.instagram.com\/reel\/DOXBqK5iNB6\/?igsh=Zms1eDkxNGNycDR1\">Instagram<\/a><\/p>\n<p>Este testimonio se suma a otros registros publicados por ella, donde describe la intensidad del momento:<br \/>\n\u201cThe drone is right above us.\u201d<\/p>\n<p>\u201cWe have been bombed by a drone in Tunis.\u201d<img class=\"alignnone size-large wp-image-2634092\" alt=\"\" \/><\/p>\n<p><img loading=\"lazy\" decoding=\"async\" class=\"alignnone size-large wp-image-2634101\" src=\"https:\/\/www.pressenza.com\/wp-content\/uploads\/2025\/09\/IMG_2759-820x832.jpeg\" alt=\"\" width=\"820\" height=\"832\" srcset=\"https:\/\/www.pressenza.com\/wp-content\/uploads\/2025\/09\/IMG_2759-820x832.jpeg 820w, https:\/\/www.pressenza.com\/wp-content\/uploads\/2025\/09\/IMG_2759-296x300.jpeg 296w, https:\/\/www.pressenza.com\/wp-content\/uploads\/2025\/09\/IMG_2759.jpeg 1179w\" sizes=\"auto, (max-width: 820px) 100vw, 820px\" \/><\/p>\n<p>Asimismo, desde su cuenta expres\u00f3 la importancia de difundir la noticia, la importancia de que los gobiernos se impliquen y protejan esta misi\u00f3n de paz, para finalizar con el exterminio que se est\u00e1 llevando acabo en Gaza, puntualizando bloqueo de alimentos como arma genocida.<\/p>\n<p>Tras el incidente, decenas de personas se concentraron en el puerto de Sidi Bou Said, agitando banderas palestinas y coreando consignas como \u201cFree Palestine\u201d.<\/p>\n<p dir=\"ltr\">La GSF reafirm\u00f3 que \u201cactos agresivos destinados a intimidar y desviar nuestra misi\u00f3n no nos disuadir\u00e1n\u201d, y confirm\u00f3 que abrir\u00e1n una investigaci\u00f3n para esclarecer lo ocurrido. As\u00ed mismo ha emitido el siguiente comunicado:<\/p>\n<blockquote><p>T\u00fanez &#8211; La Flotilla Global Sumud celebrar\u00e1 hoy una conferencia de prensa para actualizar a los medios de comunicaci\u00f3n y al p\u00fablico sobre el ataque con drones sufrido por uno de sus barcos, el barco familiar.<\/p>\n<p>Si bien todos los participantes est\u00e1n a salvo, los detalles sobre el ataque siguen siendo limitados. La conferencia de prensa incluir\u00e1 declaraciones de Francesca Albanese, miembros del comit\u00e9 directivo y l\u00edderes de la sociedad civil y testimonios de primera mano de los que estuvieron a bordo del barco familiar durante el ataque, as\u00ed como actualizaciones sobre la misi\u00f3n en curso de la flotilla de romper el asedio ilegal de Israel en Gaza a trav\u00e9s de una acci\u00f3n pac\u00edfica y no violenta.<\/p><\/blockquote>\n<p>Este episodio se enmarca en un momento cr\u00edtico: la flotilla sali\u00f3 de Barcelona a finales de agosto, con un convoy de unos 20 barcos provenientes de m\u00e1s de 44 pa\u00edses, en lo que se considera la mayor misi\u00f3n civil de solidaridad con Gaza en la historia reciente.<\/p>\n","protected":false},"excerpt":{"rendered":"<p>La Global Sumud Flotilla (GSF) Ha sido atacada con un dron en aguas de T\u00fanez. La embarcaci\u00f3n afectada, conocida como Family Boat o Familia Madeira, navegaba bajo bandera portuguesa y transportaba miembros del comit\u00e9 de direcci\u00f3n como Greta Thunberg o&hellip;<\/p>\n","protected":false},"author":647,"featured_media":2634087,"comment_status":"closed","ping_status":"closed","sticky":false,"template":"","format":"standard","meta":{"footnotes":""},"categories":[11389,1243],"tags":[1495,82657,141885,646],"class_list":["post-2634086","post","type-post","status-publish","format-standard","has-post-thumbnail","hentry","category-contenido-original","category-paz-desarme","tag-gaza-es","tag-genicidio","tag-global-sumud-flotilla-es","tag-israel-es"],"yoast_head":"<!-- This site is optimized with the Yoast SEO plugin v27.1.1 - https:\/\/yoast.com\/product\/yoast-seo-wordpress\/ -->\n<title>La Global Sumud Flotilla atacada por un dron en Tunez<\/title>\n<meta name=\"description\" content=\"La Global Sumud Flotilla (GSF) Ha sido atacada con un dron en aguas de T\u00fanez. La embarcaci\u00f3n afectada, conocida como Family Boat o Familia Madeira,\" \/>\n<meta name=\"robots\" content=\"index, follow, max-snippet:-1, max-image-preview:large, max-video-preview:-1\" \/>\n<link rel=\"canonical\" href=\"https:\/\/www.pressenza.com\/es\/2025\/09\/la-global-sumud-flotilla-atacada-por-un-dron-en-tunez\/\" \/>\n<meta property=\"og:locale\" content=\"es_ES\" \/>\n<meta property=\"og:type\" content=\"article\" \/>\n<meta property=\"og:title\" content=\"La Global Sumud Flotilla atacada por un dron en Tunez\" \/>\n<meta property=\"og:description\" content=\"La Global Sumud Flotilla (GSF) Ha sido atacada con un dron en aguas de T\u00fanez. La embarcaci\u00f3n afectada, conocida como Family Boat o Familia Madeira,\" \/>\n<meta property=\"og:url\" content=\"https:\/\/www.pressenza.com\/es\/2025\/09\/la-global-sumud-flotilla-atacada-por-un-dron-en-tunez\/\" \/>\n<meta property=\"og:site_name\" content=\"Pressenza\" \/>\n<meta property=\"article:publisher\" content=\"https:\/\/www.facebook.com\/PressenzaItalia\" \/>\n<meta property=\"article:published_time\" content=\"2025-09-09T05:57:15+00:00\" \/>\n<meta property=\"article:modified_time\" content=\"2025-09-09T20:44:28+00:00\" \/>\n<meta property=\"og:image\" content=\"https:\/\/www.pressenza.com\/wp-content\/uploads\/2025\/09\/IMG_2758.jpeg\" \/>\n\t<meta property=\"og:image:width\" content=\"1179\" \/>\n\t<meta property=\"og:image:height\" content=\"1398\" \/>\n\t<meta property=\"og:image:type\" content=\"image\/jpeg\" \/>\n<meta name=\"author\" content=\"Raquel Paricio\" \/>\n<meta name=\"twitter:card\" content=\"summary_large_image\" \/>\n<meta name=\"twitter:creator\" content=\"@PressenzaIPA\" \/>\n<meta name=\"twitter:site\" content=\"@PressenzaIPA\" \/>\n<meta name=\"twitter:label1\" content=\"Escrito por\" \/>\n\t<meta name=\"twitter:data1\" content=\"Raquel Paricio\" \/>\n\t<meta name=\"twitter:label2\" content=\"Tiempo de lectura\" \/>\n\t<meta name=\"twitter:data2\" content=\"2 minutos\" \/>\n<script type=\"application\/ld+json\" class=\"yoast-schema-graph\">{\"@context\":\"https:\/\/schema.org\",\"@graph\":[{\"@type\":\"Article\",\"@id\":\"https:\/\/www.pressenza.com\/es\/2025\/09\/la-global-sumud-flotilla-atacada-por-un-dron-en-tunez\/#article\",\"isPartOf\":{\"@id\":\"https:\/\/www.pressenza.com\/es\/2025\/09\/la-global-sumud-flotilla-atacada-por-un-dron-en-tunez\/\"},\"author\":{\"name\":\"Raquel Paricio\",\"@id\":\"https:\/\/www.pressenza.com\/es\/#\/schema\/person\/7104466338f7b188aedd367b5e15c977\"},\"headline\":\"La Global Sumud Flotilla atacada por un dron en Tunez\",\"datePublished\":\"2025-09-09T05:57:15+00:00\",\"dateModified\":\"2025-09-09T20:44:28+00:00\",\"mainEntityOfPage\":{\"@id\":\"https:\/\/www.pressenza.com\/es\/2025\/09\/la-global-sumud-flotilla-atacada-por-un-dron-en-tunez\/\"},\"wordCount\":446,\"publisher\":{\"@id\":\"https:\/\/www.pressenza.com\/es\/#organization\"},\"image\":{\"@id\":\"https:\/\/www.pressenza.com\/es\/2025\/09\/la-global-sumud-flotilla-atacada-por-un-dron-en-tunez\/#primaryimage\"},\"thumbnailUrl\":\"https:\/\/www.pressenza.com\/wp-content\/uploads\/2025\/09\/IMG_2758.jpeg\",\"keywords\":[\"Gaza\",\"Genicidio\",\"Global Sumud Flotilla\",\"Israel\"],\"articleSection\":[\"Contenido Original\",\"Paz y Desarme\"],\"inLanguage\":\"es\"},{\"@type\":\"WebPage\",\"@id\":\"https:\/\/www.pressenza.com\/es\/2025\/09\/la-global-sumud-flotilla-atacada-por-un-dron-en-tunez\/\",\"url\":\"https:\/\/www.pressenza.com\/es\/2025\/09\/la-global-sumud-flotilla-atacada-por-un-dron-en-tunez\/\",\"name\":\"La Global Sumud Flotilla atacada por un dron en Tunez\",\"isPartOf\":{\"@id\":\"https:\/\/www.pressenza.com\/es\/#website\"},\"primaryImageOfPage\":{\"@id\":\"https:\/\/www.pressenza.com\/es\/2025\/09\/la-global-sumud-flotilla-atacada-por-un-dron-en-tunez\/#primaryimage\"},\"image\":{\"@id\":\"https:\/\/www.pressenza.com\/es\/2025\/09\/la-global-sumud-flotilla-atacada-por-un-dron-en-tunez\/#primaryimage\"},\"thumbnailUrl\":\"https:\/\/www.pressenza.com\/wp-content\/uploads\/2025\/09\/IMG_2758.jpeg\",\"datePublished\":\"2025-09-09T05:57:15+00:00\",\"dateModified\":\"2025-09-09T20:44:28+00:00\",\"description\":\"La Global Sumud Flotilla (GSF) Ha sido atacada con un dron en aguas de T\u00fanez. La embarcaci\u00f3n afectada, conocida como Family Boat o Familia Madeira,\",\"breadcrumb\":{\"@id\":\"https:\/\/www.pressenza.com\/es\/2025\/09\/la-global-sumud-flotilla-atacada-por-un-dron-en-tunez\/#breadcrumb\"},\"inLanguage\":\"es\",\"potentialAction\":[{\"@type\":\"ReadAction\",\"target\":[\"https:\/\/www.pressenza.com\/es\/2025\/09\/la-global-sumud-flotilla-atacada-por-un-dron-en-tunez\/\"]}]},{\"@type\":\"ImageObject\",\"inLanguage\":\"es\",\"@id\":\"https:\/\/www.pressenza.com\/es\/2025\/09\/la-global-sumud-flotilla-atacada-por-un-dron-en-tunez\/#primaryimage\",\"url\":\"https:\/\/www.pressenza.com\/wp-content\/uploads\/2025\/09\/IMG_2758.jpeg\",\"contentUrl\":\"https:\/\/www.pressenza.com\/wp-content\/uploads\/2025\/09\/IMG_2758.jpeg\",\"width\":1179,\"height\":1398},{\"@type\":\"BreadcrumbList\",\"@id\":\"https:\/\/www.pressenza.com\/es\/2025\/09\/la-global-sumud-flotilla-atacada-por-un-dron-en-tunez\/#breadcrumb\",\"itemListElement\":[{\"@type\":\"ListItem\",\"position\":1,\"name\":\"Accueil\",\"item\":\"https:\/\/www.pressenza.com\/es\/\"},{\"@type\":\"ListItem\",\"position\":2,\"name\":\"La Global Sumud Flotilla atacada por un dron en Tunez\"}]},{\"@type\":\"WebSite\",\"@id\":\"https:\/\/www.pressenza.com\/es\/#website\",\"url\":\"https:\/\/www.pressenza.com\/es\/\",\"name\":\"Pressenza\",\"description\":\"International Press Agency\",\"publisher\":{\"@id\":\"https:\/\/www.pressenza.com\/es\/#organization\"},\"potentialAction\":[{\"@type\":\"SearchAction\",\"target\":{\"@type\":\"EntryPoint\",\"urlTemplate\":\"https:\/\/www.pressenza.com\/es\/?s={search_term_string}\"},\"query-input\":{\"@type\":\"PropertyValueSpecification\",\"valueRequired\":true,\"valueName\":\"search_term_string\"}}],\"inLanguage\":\"es\"},{\"@type\":\"Organization\",\"@id\":\"https:\/\/www.pressenza.com\/es\/#organization\",\"name\":\"Pressenza\",\"url\":\"https:\/\/www.pressenza.com\/es\/\",\"logo\":{\"@type\":\"ImageObject\",\"inLanguage\":\"es\",\"@id\":\"https:\/\/www.pressenza.com\/es\/#\/schema\/logo\/image\/\",\"url\":\"https:\/\/www.pressenza.com\/wp-content\/uploads\/2022\/10\/pressenza_logo_200x200.jpg\",\"contentUrl\":\"https:\/\/www.pressenza.com\/wp-content\/uploads\/2022\/10\/pressenza_logo_200x200.jpg\",\"width\":200,\"height\":200,\"caption\":\"Pressenza\"},\"image\":{\"@id\":\"https:\/\/www.pressenza.com\/es\/#\/schema\/logo\/image\/\"},\"sameAs\":[\"https:\/\/www.facebook.com\/PressenzaItalia\",\"https:\/\/x.com\/PressenzaIPA\"]},{\"@type\":\"Person\",\"@id\":\"https:\/\/www.pressenza.com\/es\/#\/schema\/person\/7104466338f7b188aedd367b5e15c977\",\"name\":\"Raquel Paricio\",\"description\":\"Docente. Artista. Humanista. Doctora en Arte y Tecnolog\u00eda. Investiga en las diferentes escuelas de meditaci\u00f3n de diferentes culturas.\",\"url\":\"https:\/\/www.pressenza.com\/es\/author\/raquel-paricio\/\"}]}<\/script>\n<!-- \/ Yoast SEO plugin. -->","yoast_head_json":{"title":"La Global Sumud Flotilla atacada por un dron en Tunez","description":"La Global Sumud Flotilla (GSF) Ha sido atacada con un dron en aguas de T\u00fanez. La embarcaci\u00f3n afectada, conocida como Family Boat o Familia Madeira,","robots":{"index":"index","follow":"follow","max-snippet":"max-snippet:-1","max-image-preview":"max-image-preview:large","max-video-preview":"max-video-preview:-1"},"canonical":"https:\/\/www.pressenza.com\/es\/2025\/09\/la-global-sumud-flotilla-atacada-por-un-dron-en-tunez\/","og_locale":"es_ES","og_type":"article","og_title":"La Global Sumud Flotilla atacada por un dron en Tunez","og_description":"La Global Sumud Flotilla (GSF) Ha sido atacada con un dron en aguas de T\u00fanez. La embarcaci\u00f3n afectada, conocida como Family Boat o Familia Madeira,","og_url":"https:\/\/www.pressenza.com\/es\/2025\/09\/la-global-sumud-flotilla-atacada-por-un-dron-en-tunez\/","og_site_name":"Pressenza","article_publisher":"https:\/\/www.facebook.com\/PressenzaItalia","article_published_time":"2025-09-09T05:57:15+00:00","article_modified_time":"2025-09-09T20:44:28+00:00","og_image":[{"width":1179,"height":1398,"url":"https:\/\/www.pressenza.com\/wp-content\/uploads\/2025\/09\/IMG_2758.jpeg","type":"image\/jpeg"}],"author":"Raquel Paricio","twitter_card":"summary_large_image","twitter_creator":"@PressenzaIPA","twitter_site":"@PressenzaIPA","twitter_misc":{"Escrito por":"Raquel Paricio","Tiempo de lectura":"2 minutos"},"schema":{"@context":"https:\/\/schema.org","@graph":[{"@type":"Article","@id":"https:\/\/www.pressenza.com\/es\/2025\/09\/la-global-sumud-flotilla-atacada-por-un-dron-en-tunez\/#article","isPartOf":{"@id":"https:\/\/www.pressenza.com\/es\/2025\/09\/la-global-sumud-flotilla-atacada-por-un-dron-en-tunez\/"},"author":{"name":"Raquel Paricio","@id":"https:\/\/www.pressenza.com\/es\/#\/schema\/person\/7104466338f7b188aedd367b5e15c977"},"headline":"La Global Sumud Flotilla atacada por un dron en Tunez","datePublished":"2025-09-09T05:57:15+00:00","dateModified":"2025-09-09T20:44:28+00:00","mainEntityOfPage":{"@id":"https:\/\/www.pressenza.com\/es\/2025\/09\/la-global-sumud-flotilla-atacada-por-un-dron-en-tunez\/"},"wordCount":446,"publisher":{"@id":"https:\/\/www.pressenza.com\/es\/#organization"},"image":{"@id":"https:\/\/www.pressenza.com\/es\/2025\/09\/la-global-sumud-flotilla-atacada-por-un-dron-en-tunez\/#primaryimage"},"thumbnailUrl":"https:\/\/www.pressenza.com\/wp-content\/uploads\/2025\/09\/IMG_2758.jpeg","keywords":["Gaza","Genicidio","Global Sumud Flotilla","Israel"],"articleSection":["Contenido Original","Paz y Desarme"],"inLanguage":"es"},{"@type":"WebPage","@id":"https:\/\/www.pressenza.com\/es\/2025\/09\/la-global-sumud-flotilla-atacada-por-un-dron-en-tunez\/","url":"https:\/\/www.pressenza.com\/es\/2025\/09\/la-global-sumud-flotilla-atacada-por-un-dron-en-tunez\/","name":"La Global Sumud Flotilla atacada por un dron en Tunez","isPartOf":{"@id":"https:\/\/www.pressenza.com\/es\/#website"},"primaryImageOfPage":{"@id":"https:\/\/www.pressenza.com\/es\/2025\/09\/la-global-sumud-flotilla-atacada-por-un-dron-en-tunez\/#primaryimage"},"image":{"@id":"https:\/\/www.pressenza.com\/es\/2025\/09\/la-global-sumud-flotilla-atacada-por-un-dron-en-tunez\/#primaryimage"},"thumbnailUrl":"https:\/\/www.pressenza.com\/wp-content\/uploads\/2025\/09\/IMG_2758.jpeg","datePublished":"2025-09-09T05:57:15+00:00","dateModified":"2025-09-09T20:44:28+00:00","description":"La Global Sumud Flotilla (GSF) Ha sido atacada con un dron en aguas de T\u00fanez. La embarcaci\u00f3n afectada, conocida como Family Boat o Familia Madeira,","breadcrumb":{"@id":"https:\/\/www.pressenza.com\/es\/2025\/09\/la-global-sumud-flotilla-atacada-por-un-dron-en-tunez\/#breadcrumb"},"inLanguage":"es","potentialAction":[{"@type":"ReadAction","target":["https:\/\/www.pressenza.com\/es\/2025\/09\/la-global-sumud-flotilla-atacada-por-un-dron-en-tunez\/"]}]},{"@type":"ImageObject","inLanguage":"es","@id":"https:\/\/www.pressenza.com\/es\/2025\/09\/la-global-sumud-flotilla-atacada-por-un-dron-en-tunez\/#primaryimage","url":"https:\/\/www.pressenza.com\/wp-content\/uploads\/2025\/09\/IMG_2758.jpeg","contentUrl":"https:\/\/www.pressenza.com\/wp-content\/uploads\/2025\/09\/IMG_2758.jpeg","width":1179,"height":1398},{"@type":"BreadcrumbList","@id":"https:\/\/www.pressenza.com\/es\/2025\/09\/la-global-sumud-flotilla-atacada-por-un-dron-en-tunez\/#breadcrumb","itemListElement":[{"@type":"ListItem","position":1,"name":"Accueil","item":"https:\/\/www.pressenza.com\/es\/"},{"@type":"ListItem","position":2,"name":"La Global Sumud Flotilla atacada por un dron en Tunez"}]},{"@type":"WebSite","@id":"https:\/\/www.pressenza.com\/es\/#website","url":"https:\/\/www.pressenza.com\/es\/","name":"Pressenza","description":"International Press Agency","publisher":{"@id":"https:\/\/www.pressenza.com\/es\/#organization"},"potentialAction":[{"@type":"SearchAction","target":{"@type":"EntryPoint","urlTemplate":"https:\/\/www.pressenza.com\/es\/?s={search_term_string}"},"query-input":{"@type":"PropertyValueSpecification","valueRequired":true,"valueName":"search_term_string"}}],"inLanguage":"es"},{"@type":"Organization","@id":"https:\/\/www.pressenza.com\/es\/#organization","name":"Pressenza","url":"https:\/\/www.pressenza.com\/es\/","logo":{"@type":"ImageObject","inLanguage":"es","@id":"https:\/\/www.pressenza.com\/es\/#\/schema\/logo\/image\/","url":"https:\/\/www.pressenza.com\/wp-content\/uploads\/2022\/10\/pressenza_logo_200x200.jpg","contentUrl":"https:\/\/www.pressenza.com\/wp-content\/uploads\/2022\/10\/pressenza_logo_200x200.jpg","width":200,"height":200,"caption":"Pressenza"},"image":{"@id":"https:\/\/www.pressenza.com\/es\/#\/schema\/logo\/image\/"},"sameAs":["https:\/\/www.facebook.com\/PressenzaItalia","https:\/\/x.com\/PressenzaIPA"]},{"@type":"Person","@id":"https:\/\/www.pressenza.com\/es\/#\/schema\/person\/7104466338f7b188aedd367b5e15c977","name":"Raquel Paricio","description":"Docente. Artista. Humanista. Doctora en Arte y Tecnolog\u00eda. Investiga en las diferentes escuelas de meditaci\u00f3n de diferentes culturas.","url":"https:\/\/www.pressenza.com\/es\/author\/raquel-paricio\/"}]}},"place":"","original_article_url":"","_links":{"self":[{"href":"https:\/\/www.pressenza.com\/es\/wp-json\/wp\/v2\/posts\/2634086","targetHints":{"allow":["GET"]}}],"collection":[{"href":"https:\/\/www.pressenza.com\/es\/wp-json\/wp\/v2\/posts"}],"about":[{"href":"https:\/\/www.pressenza.com\/es\/wp-json\/wp\/v2\/types\/post"}],"author":[{"embeddable":true,"href":"https:\/\/www.pressenza.com\/es\/wp-json\/wp\/v2\/users\/647"}],"replies":[{"embeddable":true,"href":"https:\/\/www.pressenza.com\/es\/wp-json\/wp\/v2\/comments?post=2634086"}],"version-history":[{"count":8,"href":"https:\/\/www.pressenza.com\/es\/wp-json\/wp\/v2\/posts\/2634086\/revisions"}],"predecessor-version":[{"id":2634278,"href":"https:\/\/www.pressenza.com\/es\/wp-json\/wp\/v2\/posts\/2634086\/revisions\/2634278"}],"wp:featuredmedia":[{"embeddable":true,"href":"https:\/\/www.pressenza.com\/es\/wp-json\/wp\/v2\/media\/2634087"}],"wp:attachment":[{"href":"https:\/\/www.pressenza.com\/es\/wp-json\/wp\/v2\/media?parent=2634086"}],"wp:term":[{"taxonomy":"category","embeddable":true,"href":"https:\/\/www.pressenza.com\/es\/wp-json\/wp\/v2\/categories?post=2634086"},{"taxonomy":"post_tag","embeddable":true,"href":"https:\/\/www.pressenza.com\/es\/wp-json\/wp\/v2\/tags?post=2634086"}],"curies":[{"name":"wp","href":"https:\/\/api.w.org\/{rel}","templated":true}]}}