{"id":2633959,"date":"2025-09-08T17:51:32","date_gmt":"2025-09-08T16:51:32","guid":{"rendered":"https:\/\/www.pressenza.com\/?p=2633959"},"modified":"2025-09-08T17:51:32","modified_gmt":"2025-09-08T16:51:32","slug":"ebano-africa-herida-pero-viva","status":"publish","type":"post","link":"https:\/\/www.pressenza.com\/es\/2025\/09\/ebano-africa-herida-pero-viva\/","title":{"rendered":"\u00c9bano, \u00c1frica herida pero viva"},"content":{"rendered":"<blockquote><p>Kapuscinski lo escribi\u00f3 con polvo y sangre: \u00c1frica no es un mapa, es un grito que a\u00fan retumba contra el saqueo.<\/p><\/blockquote>\n<p>\u00c1frica es la cuna de la humanidad, all\u00ed caminaron los primeros hombres, ardi\u00f3 la chispa de la vida que se expandi\u00f3 por el planeta. Pero tambi\u00e9n es el continente m\u00e1s saqueado de la historia. Desde hace quinientos a\u00f1os el mundo la mira no como origen sino como bot\u00edn. Sus monta\u00f1as de oro, sus r\u00edos de diamantes, sus bosques de \u00e9bano y sus cuerpos convertidos en mercanc\u00eda marcaron la riqueza de otros y la ruina propia.<\/p>\n<p>Kapu\u015bci\u0144ski lo cont\u00f3 en <em>\u00c9bano<\/em>. \u00c1frica no es un mapa, es un grito, un continente desgarrado por guerras, dictaduras, hambrunas, migraciones y saqueos interminables. Su relato no es historia lejana, es la memoria viva de un continente convertido en campo de pruebas del colonialismo m\u00e1s brutal. Europa la dividi\u00f3 con regla y comp\u00e1s en Berl\u00edn. Estados Unidos y la Uni\u00f3n Sovi\u00e9tica la usaron como tablero en la Guerra Fr\u00eda. Hoy China, Rusia y las corporaciones globales la exprimen con contratos, deudas y bases militares.<\/p>\n<p>\u00c1frica es la paradoja perfecta. Posee m\u00e1s del treinta por ciento de los recursos naturales del planeta pero concentra a los m\u00e1s pobres del mundo. Es un continente que sostiene la modernidad ajena con su miseria propia.<\/p>\n<p>La denuncia queda expuesta: \u00c1frica no fue descubierta, fue traicionada. No fue liberada, fue encadenada de nuevo con deudas y tratados. No fue olvidada, fue silenciada en discursos que llaman ayuda a lo que siempre fue saqueo.<\/p>\n<p><em>\u00c9bano<\/em>. Dec\u00eda Kapu\u015bci\u0144ski que \u00c1frica no es un lugar que se observa desde lejos, es un espacio que obliga a vivirlo con el cuerpo entero. All\u00ed el periodista dej\u00f3 de ser testigo para convertirse en parte de la historia. No era solo un escritor, era un ser humano entre millones de seres humanos que luchaban por sobrevivir cada d\u00eda.<\/p>\n<p>\u00c1frica no fue conquistada por el destino, fue saqueada por la codicia.<\/p>\n<p><strong>El \u00c1frica antes del saqueo<\/strong><\/p>\n<p>Antes de que los barcos europeos aparecieran en sus costas, \u00c1frica ya era un continente lleno de historia, comercio y poder. El Imperio de Mal\u00ed hizo de Tombuct\u00fa un faro de conocimiento con bibliotecas y universidades que atra\u00edan a sabios de todo el mundo. Ghana y Zimbabue hab\u00edan levantado reinos de oro y piedra que demostraban organizaci\u00f3n y riqueza. Egipto y Etiop\u00eda guardaban siglos de civilizaci\u00f3n que influ\u00edan en el Mediterr\u00e1neo y en Asia.<\/p>\n<p>\u00c1frica no esperaba ser descubierta porque ya estaba conectada al planeta, sus caravanas cruzaban el Sahara y un\u00edan el interior del continente con el comercio \u00e1rabe, sus puertos se relacionaban con la India, China y el Medio Oriente. Desde oro hasta sal, desde marfil hasta especias, las rutas africanas mov\u00edan riquezas mucho antes de que Europa so\u00f1ara con cruzar el Atl\u00e1ntico.<\/p>\n<p>Las cifras lo confirman: antes del siglo XV el continente ten\u00eda m\u00e1s de cien millones de habitantes y centros urbanos que superaban a muchas ciudades europeas, la vida florec\u00eda con diversidad de lenguas, religiones y sistemas de gobierno.<\/p>\n<p>\u00c1frica era abundancia y creatividad pero tambi\u00e9n era codicia a los ojos de quienes vendr\u00edan despu\u00e9s.<\/p>\n<p>No hab\u00eda tierras vac\u00edas, hab\u00eda pueblos plenos que ser\u00edan convertidos en bot\u00edn.<\/p>\n<p><em>\u00c9bano<\/em>. \u00c1frica no era un vac\u00edo esperando a alguien, era un lugar rebosante de vida. Hab\u00eda mercados donde el ruido de la gente ahogaba a los tambores y hab\u00eda voces en cien lenguas distintas que hablaban de comercio, de amor y de guerra. El mito del continente deshabitado lo inventaron los invasores para justificar su saqueo.<\/p>\n<p><strong>La llegada de los barcos<\/strong><\/p>\n<p>El saqueo comenz\u00f3 en el mar. A finales del siglo XV los barcos portugueses llegaron a las costas de \u00c1frica occidental y abrieron la ruta del dolor. Primero fueron marfil y oro, despu\u00e9s fueron cuerpos humanos arrancados de sus aldeas. La trata de esclavos se convirti\u00f3 en la mayor sangr\u00eda de la historia, m\u00e1s de doce millones de africanos fueron capturados y transportados hacia Am\u00e9rica, millones murieron en las traves\u00edas. El Atl\u00e1ntico se volvi\u00f3 un cementerio sin tumbas.<\/p>\n<p>Cada puerto se transform\u00f3 en una jaula, las cadenas hicieron del cuerpo una mercanc\u00eda y del dolor una moneda. Familias enteras fueron separadas, ni\u00f1os vendidos como bestias de carga, mujeres convertidas en bot\u00edn, hombres marcados a hierro y subastados en plazas que levantaron la riqueza de Europa. El tr\u00e1fico de esclavos no fue un error del pasado, fue un negocio organizado con bulas papales, con reyes que firmaban contratos y con mercaderes que convirtieron a seres humanos en columnas contables.<\/p>\n<p>Las cifras son duras y fr\u00edas: doce millones de esclavos cruzaron el Atl\u00e1ntico en cuatro siglos. Cada uno representaba un hogar destruido, una comunidad desmembrada, una lengua perdida. \u00c1frica qued\u00f3 mutilada en su demograf\u00eda y en su memoria.\u00a0El Atl\u00e1ntico no uni\u00f3 culturas, enterr\u00f3 pueblos. \u00c9bano y barcos, la memoria rota.<\/p>\n<p><em>\u00c9bano<\/em>. Los barcos llegaban como sombras y se llevaban todo lo que encontraban, no hab\u00eda tiempo para despedidas. A veces quedaban aldeas enteras vac\u00edas, con los fuegos apagados y los perros aullando solos en la noche. El mar ol\u00eda a muerte porque llevaba encima el peso de millones de cuerpos encadenados.<\/p>\n<p><strong>El reparto colonial<\/strong><\/p>\n<p>En 1884 las potencias europeas se reunieron en Berl\u00edn para repartirse \u00c1frica como si fuera un pastel servido en la mesa, ning\u00fan africano estuvo invitado a esa conferencia que sell\u00f3 su destino. Con regla y comp\u00e1s trazaron l\u00edneas en mapas que nunca hab\u00edan pisado. As\u00ed nacieron fronteras artificiales que dividieron pueblos y unieron enemigos. La herencia de esas fronteras a\u00fan arde en guerras y conflictos que recorren el continente.<\/p>\n<p>El saqueo se institucionaliz\u00f3. Inglaterra, Francia, B\u00e9lgica, Alemania y Portugal se asignaron territorios como concesiones privadas. El Congo fue entregado a Leopoldo II como si fuera su hacienda personal. El caucho, los diamantes, el caf\u00e9, el cacao y el cobre se convirtieron en cadenas invisibles que alimentaron las f\u00e1bricas de Europa y la miseria de \u00c1frica. La colonizaci\u00f3n no solo rob\u00f3 recursos, tambi\u00e9n destruy\u00f3 econom\u00edas locales, impuso lenguas extranjeras y convirti\u00f3 el poder pol\u00edtico en caricatura de virreinatos europeos.<\/p>\n<p>Las cifras son irrefutables: en 1914, al borde de la Primera Guerra Mundial, solo dos pa\u00edses segu\u00edan sin bandera extranjera, Etiop\u00eda y Liberia. El resto del continente hab\u00eda sido colonizado en su totalidad. \u00c1frica qued\u00f3 reducida a un tablero donde las potencias mov\u00edan piezas humanas y materiales para sostener su riqueza.<\/p>\n<p>\u00c1frica no fue conquistada por la espada, fue rematada en subasta.<\/p>\n<p><em>\u00c9bano<\/em>. En Berl\u00edn no hubo disparos ni marchas militares, solo hubo plumas que dibujaban l\u00edneas y borraban pueblos. En un sal\u00f3n iluminado por l\u00e1mparas de gas se decidi\u00f3 el destino de millones de personas que no sab\u00edan que esa noche hab\u00edan cambiado de amo.<\/p>\n<p><strong>La independencia que nunca lleg\u00f3<\/strong><\/p>\n<p>Entre las d\u00e9cadas de 1950 y 1970 \u00c1frica vivi\u00f3 la gran ola de independencias, se izaron nuevas banderas, se escribieron constituciones y se cantaron himnos que hablaban de libertad pero la independencia fue m\u00e1s s\u00edmbolo que sustancia. Europa se retir\u00f3 formalmente de muchas colonias, aunque dej\u00f3 atadas econom\u00edas, ej\u00e9rcitos y bancos.<\/p>\n<p>Francia impuso el franco CFA en catorce pa\u00edses de \u00c1frica occidental y central. Una moneda que hasta hoy depende del Tesoro franc\u00e9s. Inglaterra y B\u00e9lgica mantuvieron contratos mineros y petroleros que aseguraban el flujo de recursos. Portugal sali\u00f3 de Angola y Mozambique pero dej\u00f3 guerras civiles incubadas. El neocolonialismo sustituy\u00f3 al colonialismo con traje y corbata.<\/p>\n<p>Los l\u00edderes africanos que intentaron romper las cadenas fueron silenciados, Patrice Lumumba en el Congo fue asesinado con complicidad europea y estadounidense, Kwame Nkrumah en Ghana fue derrocado tras desafiar a Occidente, La CIA y las antiguas metr\u00f3polis movieron gobiernos como fichas de ajedrez.<\/p>\n<p>Las cifras lo revelan: en 1970 la deuda externa africana era de once mil millones de d\u00f3lares. Tres d\u00e9cadas despu\u00e9s superaba los doscientos mil millones. La independencia trajo himnos y banderas, pero tambi\u00e9n nuevas cadenas en forma de deudas impagables.<\/p>\n<p>\u00c1frica cambi\u00f3 de bandera pero no de amo.<\/p>\n<p><em>\u00c9bano<\/em>. Vi a multitudes celebrar bajo el sol ardiente el fin del dominio colonial, hab\u00eda l\u00e1grimas en los ojos y esperanza en las voces pero detr\u00e1s del j\u00fabilo se ocultaban contratos firmados en secreto y acuerdos que aseguraban que los antiguos due\u00f1os siguieran cobrando en silencio.<\/p>\n<p><strong>El \u00c1frica del hambre y la guerra<\/strong><\/p>\n<p>La independencia trajo banderas pero no trajo pan. Desde la d\u00e9cada de 1970 \u00c1frica qued\u00f3 atrapada en un ciclo de hambre, guerras y desarraigo. Etiop\u00eda se convirti\u00f3 en el s\u00edmbolo de la hambruna mundial con im\u00e1genes de ni\u00f1os esquel\u00e9ticos que recorrieron la televisi\u00f3n planetaria. Ruanda fue escenario del genocidio de 1994 donde cerca de ochocientas mil personas fueron asesinadas en cien d\u00edas mientras el mundo miraba para otro lado. En el Congo se vive la guerra m\u00e1s larga y sangrienta desde la Segunda Guerra Mundial financiada por el colt\u00e1n que sostiene los celulares y computadores del norte.<\/p>\n<p>El hambre se transform\u00f3 en arma pol\u00edtica, gobiernos corruptos desviaron ayuda internacional mientras millones mor\u00edan de desnutrici\u00f3n. Las potencias usaron la escasez como herramienta de presi\u00f3n para mantener contratos y aliados. El Mediterr\u00e1neo se convirti\u00f3 en la nueva fosa com\u00fan donde miles de migrantes africanos pierden la vida cada a\u00f1o intentando llegar a Europa.<\/p>\n<p>Las cifras son demoledoras: m\u00e1s de treinta millones de africanos son hoy refugiados o desplazados internos seg\u00fan ACNUR. Doscientos ochenta millones sufren inseguridad alimentaria cr\u00f3nica seg\u00fan la FAO. El continente que produce minerales y alimentos para el mundo no puede alimentar a sus propios hijos.<\/p>\n<p>\u00c1frica sangra petr\u00f3leo y colt\u00e1n pero sus hijos mueren de hambre.<\/p>\n<p><em>\u00c9bano<\/em>. En los campos de refugiados el aire ol\u00eda a polvo y desesperanza, hab\u00eda ni\u00f1os que no hab\u00edan conocido otra cosa que tiendas de campa\u00f1a y madres que cocinaban agua con piedras para enga\u00f1ar el est\u00f3mago vac\u00edo. El hambre no era accidente de la naturaleza, era decisi\u00f3n de los hombres.<\/p>\n<p><strong>\u00c1frica de la dignidad<\/strong><\/p>\n<p>Kapu\u015bci\u0144ski escrib\u00eda que en \u00c1frica la dignidad sobreviv\u00eda incluso en los lugares m\u00e1s devastados. Entre ruinas y campos de refugiados siempre aparec\u00eda una sonrisa, un gesto de hospitalidad, una resistencia silenciosa. Esa dignidad se transform\u00f3 en la fuerza que permiti\u00f3 que el continente siguiera de pie a pesar de todo.<\/p>\n<p>Hoy esa dignidad se expresa en movimientos juveniles que marchan contra el franco CFA y que exigen soberan\u00eda monetaria. En pa\u00edses que buscan caminos propios como Etiop\u00eda, que construy\u00f3 su Gran Presa del Renacimiento enfrentando presiones de Egipto y de Occidente. En Sud\u00e1frica que, pese a sus fracturas, sigue siendo el mayor polo industrial del continente. En Tanzania que nacionaliz\u00f3 parte de sus recursos naturales.<\/p>\n<p>La Uni\u00f3n Africana intenta articular la voz del continente. La CEDEAO en \u00c1frica occidental y la SADC en el sur representan los primeros pasos hacia una integraci\u00f3n que rompa la fragmentaci\u00f3n heredada de Berl\u00edn. No es un camino f\u00e1cil pero es un camino que los j\u00f3venes africanos est\u00e1n empujando con fuerza.<\/p>\n<p>Las cifras muestran esa vitalidad: m\u00e1s del sesenta por ciento de la poblaci\u00f3n africana tiene menos de veinticinco a\u00f1os. Esa juventud es al mismo tiempo el mayor desaf\u00edo y la mayor esperanza del continente.<\/p>\n<p>\u00c1frica no quiere caridad, quiere dignidad.<\/p>\n<p><em>\u00c9bano<\/em>. En las aldeas donde faltaba todo siempre hab\u00eda un ritual de bienvenida, un vaso de agua compartido, un trozo de pan partido en silencio. El mensaje era claro. Podr\u00e1n robarnos el oro, el petr\u00f3leo y la tierra pero nunca podr\u00e1n robarnos la dignidad.<\/p>\n<p><strong>Lo que se juega hacia 2030\u20132050<\/strong><\/p>\n<p>\u00c1frica ser\u00e1 el coraz\u00f3n del mundo en las pr\u00f3ximas d\u00e9cadas. La ONU proyecta que en 2050 el continente tendr\u00e1 dos mil quinientos millones de habitantes, uno de cada cuatro seres humanos del planeta. M\u00e1s de la mitad de esa poblaci\u00f3n ser\u00e1 menor de veinticinco a\u00f1os. Esa fuerza demogr\u00e1fica puede ser motor de desarrollo o campo de esclavitud moderna seg\u00fan c\u00f3mo se escriba la historia.<\/p>\n<p>El continente concentra recursos clave para la transici\u00f3n energ\u00e9tica. N\u00edger posee uranio que alimenta las plantas nucleares de Francia. El Congo tiene el setenta por ciento del cobalto mundial, esencial para bater\u00edas. Zimbabue y Malaui guardan litio, Sud\u00e1frica platino, Guinea bauxita. El norte de \u00c1frica es escenario de megaproyectos de hidr\u00f3geno verde financiados por Europa. Los recursos que antes hicieron posible la revoluci\u00f3n industrial hoy sostendr\u00e1n la revoluci\u00f3n digital y energ\u00e9tica.<\/p>\n<p>Pero esa riqueza tambi\u00e9n abre nuevas cadenas. Estados Unidos despliega bases militares en el Sahel, China firma contratos de infraestructura a cambio de minerales, Rusia env\u00eda mercenarios del grupo Wagner. Europa sigue dependiendo de la extracci\u00f3n africana. El tablero geopol\u00edtico se llena de jugadores que miran a \u00c1frica como bot\u00edn y no como aliado.<\/p>\n<p>Las cifras son claras: \u00c1frica representa m\u00e1s del treinta por ciento de los recursos naturales globales y apenas el tres por ciento de la econom\u00eda mundial. Si esa brecha no cambia, el colonialismo del futuro ser\u00e1 a\u00fan m\u00e1s invisible y cruel.<\/p>\n<p>El colonialismo del ma\u00f1ana no traer\u00e1 ca\u00f1ones ni velas, se infiltrar\u00e1 en cl\u00e1usulas y algoritmos que pretenden gobernar la vida.<\/p>\n<p><em>\u00c9bano<\/em>. Miraba a los j\u00f3venes en los mercados y pensaba que eran el verdadero tesoro del continente, no eran los diamantes ni el petr\u00f3leo, eran esos rostros impacientes que sab\u00edan que la historia les deb\u00eda demasiado y que ya no estaban dispuestos a esperar.<\/p>\n<p><strong>Africa es un continente<\/strong><\/p>\n<p>\u00c1frica no es un escenario ex\u00f3tico ni un mapa de recursos. Es un continente donde cada d\u00eda es una prueba de resistencia y de dignidad. Kapu\u015bci\u0144ski lo supo y lo escribi\u00f3 en <em>\u00c9bano<\/em>. No se present\u00f3 como observador neutral, sino como alguien que tambi\u00e9n tuvo sed, que tambi\u00e9n pas\u00f3 noches enteras escuchando disparos, que tambi\u00e9n se enferm\u00f3 en aldeas sin m\u00e9dicos y que tambi\u00e9n se maravill\u00f3 con la hospitalidad de quienes no ten\u00edan nada y lo compart\u00edan todo.<\/p>\n<p>En esas p\u00e1ginas qued\u00f3 el testimonio de un hombre que no separ\u00f3 la pluma del coraz\u00f3n. Que no se escondi\u00f3 en la distancia del periodista sino que se hundi\u00f3 en el barro, en la arena y en el dolor compartido. Que mir\u00f3 a los africanos no como objetos de estudio sino como hermanos de destino.<\/p>\n<p>Al final de su viaje escribi\u00f3 que pod\u00eda haber sido cronista, corresponsal o testigo pero siempre fue primero un ser humano. Y ese es el legado m\u00e1s profundo.<\/p>\n<p><em>\u00c9bano<\/em>. \u00c1frica saqueada pero en pie y que quien escribe sobre ella, quien habla de su historia de saqueo y esperanza, no puede olvidar que lo hace desde la misma condici\u00f3n humana que lo une a quienes la habitan.<\/p>\n<p>\u00c1frica nos recuerda que antes de ser periodistas somos seres humanos y que la dignidad com\u00fan es la \u00fanica riqueza imposible de robar.<\/p>\n<p>\u00c1frica nos ense\u00f1a que antes de cualquier palabra somos hombres y mujeres y que la dignidad compartida es el tesoro que jam\u00e1s podr\u00e1n saquear.<\/p>\n<p>&nbsp;<\/p>\n","protected":false},"excerpt":{"rendered":"<p>Kapuscinski lo escribi\u00f3 con polvo y sangre: \u00c1frica no es un mapa, es un grito que a\u00fan retumba contra el saqueo. \u00c1frica es la cuna de la humanidad, all\u00ed caminaron los primeros hombres, ardi\u00f3 la chispa de la vida que&hellip;<\/p>\n","protected":false},"author":2493,"featured_media":2633968,"comment_status":"closed","ping_status":"closed","sticky":false,"template":"","format":"standard","meta":{"footnotes":""},"categories":[64,76,11389,81,106740],"tags":[16510,88962,142495,142494],"class_list":["post-2633959","post","type-post","status-publish","format-standard","has-post-thumbnail","hentry","category-africa-es","category-relaciones-exteriores","category-contenido-original","category-economia-es","category-reportaje","tag-africa-es","tag-colonialismos","tag-ebano","tag-kapuscinski"],"yoast_head":"<!-- This site is optimized with the Yoast SEO plugin v27.1.1 - https:\/\/yoast.com\/product\/yoast-seo-wordpress\/ -->\n<title>\u00c9bano, \u00c1frica herida pero viva<\/title>\n<meta name=\"description\" content=\"Kapuscinski lo escribi\u00f3 con polvo y sangre: \u00c1frica no es un mapa, es un grito que a\u00fan retumba contra el saqueo. \u00c1frica es la cuna de la humanidad, all\u00ed\" \/>\n<meta name=\"robots\" content=\"index, follow, max-snippet:-1, max-image-preview:large, max-video-preview:-1\" \/>\n<link rel=\"canonical\" href=\"https:\/\/www.pressenza.com\/es\/2025\/09\/ebano-africa-herida-pero-viva\/\" \/>\n<meta property=\"og:locale\" content=\"es_ES\" \/>\n<meta property=\"og:type\" content=\"article\" \/>\n<meta property=\"og:title\" content=\"\u00c9bano, \u00c1frica herida pero viva\" \/>\n<meta property=\"og:description\" content=\"Kapuscinski lo escribi\u00f3 con polvo y sangre: \u00c1frica no es un mapa, es un grito que a\u00fan retumba contra el saqueo. \u00c1frica es la cuna de la humanidad, all\u00ed\" \/>\n<meta property=\"og:url\" content=\"https:\/\/www.pressenza.com\/es\/2025\/09\/ebano-africa-herida-pero-viva\/\" \/>\n<meta property=\"og:site_name\" content=\"Pressenza\" \/>\n<meta property=\"article:publisher\" content=\"https:\/\/www.facebook.com\/PressenzaItalia\" \/>\n<meta property=\"article:published_time\" content=\"2025-09-08T16:51:32+00:00\" \/>\n<meta property=\"og:image\" content=\"https:\/\/www.pressenza.com\/wp-content\/uploads\/2025\/09\/Ebenopsis_Ebano_Matamoros.jpg\" \/>\n\t<meta property=\"og:image:width\" content=\"500\" \/>\n\t<meta property=\"og:image:height\" content=\"375\" \/>\n\t<meta property=\"og:image:type\" content=\"image\/jpeg\" \/>\n<meta name=\"author\" content=\"Mauricio Herrera Kahn\" \/>\n<meta name=\"twitter:card\" content=\"summary_large_image\" \/>\n<meta name=\"twitter:creator\" content=\"@PressenzaIPA\" \/>\n<meta name=\"twitter:site\" content=\"@PressenzaIPA\" \/>\n<meta name=\"twitter:label1\" content=\"Escrito por\" \/>\n\t<meta name=\"twitter:data1\" content=\"Mauricio Herrera Kahn\" \/>\n\t<meta name=\"twitter:label2\" content=\"Tiempo de lectura\" \/>\n\t<meta name=\"twitter:data2\" content=\"12 minutos\" \/>\n<script type=\"application\/ld+json\" class=\"yoast-schema-graph\">{\"@context\":\"https:\/\/schema.org\",\"@graph\":[{\"@type\":\"Article\",\"@id\":\"https:\/\/www.pressenza.com\/es\/2025\/09\/ebano-africa-herida-pero-viva\/#article\",\"isPartOf\":{\"@id\":\"https:\/\/www.pressenza.com\/es\/2025\/09\/ebano-africa-herida-pero-viva\/\"},\"author\":{\"name\":\"Mauricio Herrera Kahn\",\"@id\":\"https:\/\/www.pressenza.com\/es\/#\/schema\/person\/1d64caef2c28d4b0cae6de277a77d314\"},\"headline\":\"\u00c9bano, \u00c1frica herida pero viva\",\"datePublished\":\"2025-09-08T16:51:32+00:00\",\"mainEntityOfPage\":{\"@id\":\"https:\/\/www.pressenza.com\/es\/2025\/09\/ebano-africa-herida-pero-viva\/\"},\"wordCount\":2643,\"publisher\":{\"@id\":\"https:\/\/www.pressenza.com\/es\/#organization\"},\"image\":{\"@id\":\"https:\/\/www.pressenza.com\/es\/2025\/09\/ebano-africa-herida-pero-viva\/#primaryimage\"},\"thumbnailUrl\":\"https:\/\/www.pressenza.com\/wp-content\/uploads\/2025\/09\/Ebenopsis_Ebano_Matamoros.jpg\",\"keywords\":[\"Africa\",\"colonialismos\",\"Ebano\",\"Kapuscinski\"],\"articleSection\":[\"Africa\",\"Asuntos internacionales\",\"Contenido Original\",\"Econom\u00eda\",\"Reportaje\"],\"inLanguage\":\"es\"},{\"@type\":\"WebPage\",\"@id\":\"https:\/\/www.pressenza.com\/es\/2025\/09\/ebano-africa-herida-pero-viva\/\",\"url\":\"https:\/\/www.pressenza.com\/es\/2025\/09\/ebano-africa-herida-pero-viva\/\",\"name\":\"\u00c9bano, \u00c1frica herida pero viva\",\"isPartOf\":{\"@id\":\"https:\/\/www.pressenza.com\/es\/#website\"},\"primaryImageOfPage\":{\"@id\":\"https:\/\/www.pressenza.com\/es\/2025\/09\/ebano-africa-herida-pero-viva\/#primaryimage\"},\"image\":{\"@id\":\"https:\/\/www.pressenza.com\/es\/2025\/09\/ebano-africa-herida-pero-viva\/#primaryimage\"},\"thumbnailUrl\":\"https:\/\/www.pressenza.com\/wp-content\/uploads\/2025\/09\/Ebenopsis_Ebano_Matamoros.jpg\",\"datePublished\":\"2025-09-08T16:51:32+00:00\",\"description\":\"Kapuscinski lo escribi\u00f3 con polvo y sangre: \u00c1frica no es un mapa, es un grito que a\u00fan retumba contra el saqueo. \u00c1frica es la cuna de la humanidad, all\u00ed\",\"breadcrumb\":{\"@id\":\"https:\/\/www.pressenza.com\/es\/2025\/09\/ebano-africa-herida-pero-viva\/#breadcrumb\"},\"inLanguage\":\"es\",\"potentialAction\":[{\"@type\":\"ReadAction\",\"target\":[\"https:\/\/www.pressenza.com\/es\/2025\/09\/ebano-africa-herida-pero-viva\/\"]}]},{\"@type\":\"ImageObject\",\"inLanguage\":\"es\",\"@id\":\"https:\/\/www.pressenza.com\/es\/2025\/09\/ebano-africa-herida-pero-viva\/#primaryimage\",\"url\":\"https:\/\/www.pressenza.com\/wp-content\/uploads\/2025\/09\/Ebenopsis_Ebano_Matamoros.jpg\",\"contentUrl\":\"https:\/\/www.pressenza.com\/wp-content\/uploads\/2025\/09\/Ebenopsis_Ebano_Matamoros.jpg\",\"width\":500,\"height\":375,\"caption\":\"KODAK Digital Still Camera\"},{\"@type\":\"BreadcrumbList\",\"@id\":\"https:\/\/www.pressenza.com\/es\/2025\/09\/ebano-africa-herida-pero-viva\/#breadcrumb\",\"itemListElement\":[{\"@type\":\"ListItem\",\"position\":1,\"name\":\"Accueil\",\"item\":\"https:\/\/www.pressenza.com\/es\/\"},{\"@type\":\"ListItem\",\"position\":2,\"name\":\"\u00c9bano, \u00c1frica herida pero viva\"}]},{\"@type\":\"WebSite\",\"@id\":\"https:\/\/www.pressenza.com\/es\/#website\",\"url\":\"https:\/\/www.pressenza.com\/es\/\",\"name\":\"Pressenza\",\"description\":\"International Press Agency\",\"publisher\":{\"@id\":\"https:\/\/www.pressenza.com\/es\/#organization\"},\"potentialAction\":[{\"@type\":\"SearchAction\",\"target\":{\"@type\":\"EntryPoint\",\"urlTemplate\":\"https:\/\/www.pressenza.com\/es\/?s={search_term_string}\"},\"query-input\":{\"@type\":\"PropertyValueSpecification\",\"valueRequired\":true,\"valueName\":\"search_term_string\"}}],\"inLanguage\":\"es\"},{\"@type\":\"Organization\",\"@id\":\"https:\/\/www.pressenza.com\/es\/#organization\",\"name\":\"Pressenza\",\"url\":\"https:\/\/www.pressenza.com\/es\/\",\"logo\":{\"@type\":\"ImageObject\",\"inLanguage\":\"es\",\"@id\":\"https:\/\/www.pressenza.com\/es\/#\/schema\/logo\/image\/\",\"url\":\"https:\/\/www.pressenza.com\/wp-content\/uploads\/2022\/10\/pressenza_logo_200x200.jpg\",\"contentUrl\":\"https:\/\/www.pressenza.com\/wp-content\/uploads\/2022\/10\/pressenza_logo_200x200.jpg\",\"width\":200,\"height\":200,\"caption\":\"Pressenza\"},\"image\":{\"@id\":\"https:\/\/www.pressenza.com\/es\/#\/schema\/logo\/image\/\"},\"sameAs\":[\"https:\/\/www.facebook.com\/PressenzaItalia\",\"https:\/\/x.com\/PressenzaIPA\"]},{\"@type\":\"Person\",\"@id\":\"https:\/\/www.pressenza.com\/es\/#\/schema\/person\/1d64caef2c28d4b0cae6de277a77d314\",\"name\":\"Mauricio Herrera Kahn\",\"description\":\"Mauricio Herrera Kahn, Mechanical Engineer graduated from the Technical University of Ecuador (UTE) in 1975, with more than 45 years of experience in the mining engineering and project development sector. He has held positions such as General Manager, Project Manager, and Head of Engineering at national and international companies, where he led studies and project execution under the EPCM (Engineering, Procurement, and Construction Management) model. He is currently General Manager at HyB Ingenieros, developing studies and analyses of new plants and processes with Capex and Opex at the engineering profile level. For several years, he has been writing articles and columns on national and international social, political, and economic analysis.\",\"url\":\"https:\/\/www.pressenza.com\/es\/author\/mauricio-herrera-kahn\/\"}]}<\/script>\n<!-- \/ Yoast SEO plugin. -->","yoast_head_json":{"title":"\u00c9bano, \u00c1frica herida pero viva","description":"Kapuscinski lo escribi\u00f3 con polvo y sangre: \u00c1frica no es un mapa, es un grito que a\u00fan retumba contra el saqueo. \u00c1frica es la cuna de la humanidad, all\u00ed","robots":{"index":"index","follow":"follow","max-snippet":"max-snippet:-1","max-image-preview":"max-image-preview:large","max-video-preview":"max-video-preview:-1"},"canonical":"https:\/\/www.pressenza.com\/es\/2025\/09\/ebano-africa-herida-pero-viva\/","og_locale":"es_ES","og_type":"article","og_title":"\u00c9bano, \u00c1frica herida pero viva","og_description":"Kapuscinski lo escribi\u00f3 con polvo y sangre: \u00c1frica no es un mapa, es un grito que a\u00fan retumba contra el saqueo. \u00c1frica es la cuna de la humanidad, all\u00ed","og_url":"https:\/\/www.pressenza.com\/es\/2025\/09\/ebano-africa-herida-pero-viva\/","og_site_name":"Pressenza","article_publisher":"https:\/\/www.facebook.com\/PressenzaItalia","article_published_time":"2025-09-08T16:51:32+00:00","og_image":[{"width":500,"height":375,"url":"https:\/\/www.pressenza.com\/wp-content\/uploads\/2025\/09\/Ebenopsis_Ebano_Matamoros.jpg","type":"image\/jpeg"}],"author":"Mauricio Herrera Kahn","twitter_card":"summary_large_image","twitter_creator":"@PressenzaIPA","twitter_site":"@PressenzaIPA","twitter_misc":{"Escrito por":"Mauricio Herrera Kahn","Tiempo de lectura":"12 minutos"},"schema":{"@context":"https:\/\/schema.org","@graph":[{"@type":"Article","@id":"https:\/\/www.pressenza.com\/es\/2025\/09\/ebano-africa-herida-pero-viva\/#article","isPartOf":{"@id":"https:\/\/www.pressenza.com\/es\/2025\/09\/ebano-africa-herida-pero-viva\/"},"author":{"name":"Mauricio Herrera Kahn","@id":"https:\/\/www.pressenza.com\/es\/#\/schema\/person\/1d64caef2c28d4b0cae6de277a77d314"},"headline":"\u00c9bano, \u00c1frica herida pero viva","datePublished":"2025-09-08T16:51:32+00:00","mainEntityOfPage":{"@id":"https:\/\/www.pressenza.com\/es\/2025\/09\/ebano-africa-herida-pero-viva\/"},"wordCount":2643,"publisher":{"@id":"https:\/\/www.pressenza.com\/es\/#organization"},"image":{"@id":"https:\/\/www.pressenza.com\/es\/2025\/09\/ebano-africa-herida-pero-viva\/#primaryimage"},"thumbnailUrl":"https:\/\/www.pressenza.com\/wp-content\/uploads\/2025\/09\/Ebenopsis_Ebano_Matamoros.jpg","keywords":["Africa","colonialismos","Ebano","Kapuscinski"],"articleSection":["Africa","Asuntos internacionales","Contenido Original","Econom\u00eda","Reportaje"],"inLanguage":"es"},{"@type":"WebPage","@id":"https:\/\/www.pressenza.com\/es\/2025\/09\/ebano-africa-herida-pero-viva\/","url":"https:\/\/www.pressenza.com\/es\/2025\/09\/ebano-africa-herida-pero-viva\/","name":"\u00c9bano, \u00c1frica herida pero viva","isPartOf":{"@id":"https:\/\/www.pressenza.com\/es\/#website"},"primaryImageOfPage":{"@id":"https:\/\/www.pressenza.com\/es\/2025\/09\/ebano-africa-herida-pero-viva\/#primaryimage"},"image":{"@id":"https:\/\/www.pressenza.com\/es\/2025\/09\/ebano-africa-herida-pero-viva\/#primaryimage"},"thumbnailUrl":"https:\/\/www.pressenza.com\/wp-content\/uploads\/2025\/09\/Ebenopsis_Ebano_Matamoros.jpg","datePublished":"2025-09-08T16:51:32+00:00","description":"Kapuscinski lo escribi\u00f3 con polvo y sangre: \u00c1frica no es un mapa, es un grito que a\u00fan retumba contra el saqueo. \u00c1frica es la cuna de la humanidad, all\u00ed","breadcrumb":{"@id":"https:\/\/www.pressenza.com\/es\/2025\/09\/ebano-africa-herida-pero-viva\/#breadcrumb"},"inLanguage":"es","potentialAction":[{"@type":"ReadAction","target":["https:\/\/www.pressenza.com\/es\/2025\/09\/ebano-africa-herida-pero-viva\/"]}]},{"@type":"ImageObject","inLanguage":"es","@id":"https:\/\/www.pressenza.com\/es\/2025\/09\/ebano-africa-herida-pero-viva\/#primaryimage","url":"https:\/\/www.pressenza.com\/wp-content\/uploads\/2025\/09\/Ebenopsis_Ebano_Matamoros.jpg","contentUrl":"https:\/\/www.pressenza.com\/wp-content\/uploads\/2025\/09\/Ebenopsis_Ebano_Matamoros.jpg","width":500,"height":375,"caption":"KODAK Digital Still Camera"},{"@type":"BreadcrumbList","@id":"https:\/\/www.pressenza.com\/es\/2025\/09\/ebano-africa-herida-pero-viva\/#breadcrumb","itemListElement":[{"@type":"ListItem","position":1,"name":"Accueil","item":"https:\/\/www.pressenza.com\/es\/"},{"@type":"ListItem","position":2,"name":"\u00c9bano, \u00c1frica herida pero viva"}]},{"@type":"WebSite","@id":"https:\/\/www.pressenza.com\/es\/#website","url":"https:\/\/www.pressenza.com\/es\/","name":"Pressenza","description":"International Press Agency","publisher":{"@id":"https:\/\/www.pressenza.com\/es\/#organization"},"potentialAction":[{"@type":"SearchAction","target":{"@type":"EntryPoint","urlTemplate":"https:\/\/www.pressenza.com\/es\/?s={search_term_string}"},"query-input":{"@type":"PropertyValueSpecification","valueRequired":true,"valueName":"search_term_string"}}],"inLanguage":"es"},{"@type":"Organization","@id":"https:\/\/www.pressenza.com\/es\/#organization","name":"Pressenza","url":"https:\/\/www.pressenza.com\/es\/","logo":{"@type":"ImageObject","inLanguage":"es","@id":"https:\/\/www.pressenza.com\/es\/#\/schema\/logo\/image\/","url":"https:\/\/www.pressenza.com\/wp-content\/uploads\/2022\/10\/pressenza_logo_200x200.jpg","contentUrl":"https:\/\/www.pressenza.com\/wp-content\/uploads\/2022\/10\/pressenza_logo_200x200.jpg","width":200,"height":200,"caption":"Pressenza"},"image":{"@id":"https:\/\/www.pressenza.com\/es\/#\/schema\/logo\/image\/"},"sameAs":["https:\/\/www.facebook.com\/PressenzaItalia","https:\/\/x.com\/PressenzaIPA"]},{"@type":"Person","@id":"https:\/\/www.pressenza.com\/es\/#\/schema\/person\/1d64caef2c28d4b0cae6de277a77d314","name":"Mauricio Herrera Kahn","description":"Mauricio Herrera Kahn, Mechanical Engineer graduated from the Technical University of Ecuador (UTE) in 1975, with more than 45 years of experience in the mining engineering and project development sector. He has held positions such as General Manager, Project Manager, and Head of Engineering at national and international companies, where he led studies and project execution under the EPCM (Engineering, Procurement, and Construction Management) model. He is currently General Manager at HyB Ingenieros, developing studies and analyses of new plants and processes with Capex and Opex at the engineering profile level. For several years, he has been writing articles and columns on national and international social, political, and economic analysis.","url":"https:\/\/www.pressenza.com\/es\/author\/mauricio-herrera-kahn\/"}]}},"place":"Santiago de Chile","original_article_url":"","_links":{"self":[{"href":"https:\/\/www.pressenza.com\/es\/wp-json\/wp\/v2\/posts\/2633959","targetHints":{"allow":["GET"]}}],"collection":[{"href":"https:\/\/www.pressenza.com\/es\/wp-json\/wp\/v2\/posts"}],"about":[{"href":"https:\/\/www.pressenza.com\/es\/wp-json\/wp\/v2\/types\/post"}],"author":[{"embeddable":true,"href":"https:\/\/www.pressenza.com\/es\/wp-json\/wp\/v2\/users\/2493"}],"replies":[{"embeddable":true,"href":"https:\/\/www.pressenza.com\/es\/wp-json\/wp\/v2\/comments?post=2633959"}],"version-history":[{"count":2,"href":"https:\/\/www.pressenza.com\/es\/wp-json\/wp\/v2\/posts\/2633959\/revisions"}],"predecessor-version":[{"id":2649114,"href":"https:\/\/www.pressenza.com\/es\/wp-json\/wp\/v2\/posts\/2633959\/revisions\/2649114"}],"wp:featuredmedia":[{"embeddable":true,"href":"https:\/\/www.pressenza.com\/es\/wp-json\/wp\/v2\/media\/2633968"}],"wp:attachment":[{"href":"https:\/\/www.pressenza.com\/es\/wp-json\/wp\/v2\/media?parent=2633959"}],"wp:term":[{"taxonomy":"category","embeddable":true,"href":"https:\/\/www.pressenza.com\/es\/wp-json\/wp\/v2\/categories?post=2633959"},{"taxonomy":"post_tag","embeddable":true,"href":"https:\/\/www.pressenza.com\/es\/wp-json\/wp\/v2\/tags?post=2633959"}],"curies":[{"name":"wp","href":"https:\/\/api.w.org\/{rel}","templated":true}]}}