{"id":263325,"date":"2015-12-31T10:26:38","date_gmt":"2015-12-31T10:26:38","guid":{"rendered":"http:\/\/www.pressenza.com\/es\/?p=263325"},"modified":"2015-12-31T10:26:38","modified_gmt":"2015-12-31T10:26:38","slug":"renta-basica-preferencia-y-necesidad","status":"publish","type":"post","link":"https:\/\/www.pressenza.com\/es\/2015\/12\/renta-basica-preferencia-y-necesidad\/","title":{"rendered":"Renta b\u00e1sica, preferencia y necesidad"},"content":{"rendered":"<p>Por Francisco Jurado Gilabert<\/p>\n<p>Dec\u00eda Foucault que, tras los \u201csaberes\u201d aceptados y anclados en una sociedad, se encontraban determinadas relaciones de poder. Dicho de otro modo, los valores, las pr\u00e1cticas sociales o los conocimientos que se imparten en colegios y universidades \u2013entre otras cosas\u2013 conforman una realidad social que nos ordena, que nos predetermina a trav\u00e9s de unas estructuras donde siempre habr\u00e1 quienes ostenten una posici\u00f3n de dominio sobre los dem\u00e1s.<\/p>\n<p>En relaci\u00f3n con el mundo laboral, rige en nuestras sociedades el principio del equilibrio de mercado, donde los puestos de trabajo y los salarios se determinan a trav\u00e9s del juego de la oferta y la demanda, y donde el Estado tiene la capacidad de intervenir para corregir las disfunciones de este modelo. Eso s\u00ed, esta capacidad est\u00e1 ya bastante condicionada por la voluntad de los cargos electos, por los recursos p\u00fablicos y por el conocimiento que, desde el Estado, se pueda tener de la realidad laboral para planificar e intervenir sobre ella. Esto \u00faltimo implica, por ejemplo, la calificaci\u00f3n de qu\u00e9 es y qu\u00e9 no es trabajo, con el riesgo de excluir actividades que no encajen en los par\u00e1metros tradicionales (cuidados, activismo social, creaci\u00f3n cultural, trabajo dom\u00e9stico, etc.).<\/p>\n<p>Esta concepci\u00f3n del funcionamiento del mercado laboral, y de la sociedad en torno a \u00e9l, tiene dos grandes consecuencias que, a su vez, son dos grandes peligros. El primero es la vinculaci\u00f3n de los derechos subjetivos, los que tenemos como ciudadanos, a la obtenci\u00f3n de un puesto de trabajo remunerado. La sanidad, la educaci\u00f3n, la vivienda, la alimentaci\u00f3n, el transporte, el acceso a la justicia, etc., dependen, cada vez m\u00e1s, de la realizaci\u00f3n de un trabajo asalariado, donde lo importante, m\u00e1s que el propio trabajo, es la obtenci\u00f3n de una renta.<\/p>\n<p>El segundo problema, sobre el que poco se debate, lo analiza a la perfecci\u00f3n Franz Hinkelammert en su\u00a0<em>Cr\u00edtica de la raz\u00f3n ut\u00f3pica,<\/em>\u00a0cuando entra a desgranar las fallas del marco te\u00f3rico neoliberal. Seg\u00fan las teor\u00eda del equilibrio de mercado, la determinaci\u00f3n de los precios de los bienes y servicios que consumimos viene dada por sus costes de producci\u00f3n. Para poder competir en el mercado, los precios deben ser relativos y depender de la variabilidad de los costes de los recursos que se utilizan para producir esos bienes y servicios.<\/p>\n<p>Como los salarios forman parte de esos factores productivos, se tiene que aceptar su variabilidad entre 0 y alguna cifra positiva. De hecho, todo el discurso sobre la necesidad de ser competitivos con otros Estados, donde el coste de la mano de obra es m\u00e1s barato, deriva de este planteamiento de precios relativos y costes variables. Esto significa que el elemento del que depende la subsistencia total de una persona, incluidos sus derechos fundamentales, puede tender\u00a0<a href=\"http:\/\/es.wikipedia.org\/wiki\/As%EDntota\">asint\u00f3ticamente<\/a>\u00a0a cero, en esa pugna por establecer precios cada vez m\u00e1s competitivos. Dicho de otro modo, este planteamiento dibuja una trayectoria que nos lleva de vuelta, tambi\u00e9n asint\u00f3ticamente, hacia la esclavitud.<\/p>\n<p>Toda esta teor\u00eda se complementa, como bien indica Hinkelammert, con esa narrativa que se puede resumir en el slogan de Milton Friedman de ser \u201clibres para elegir\u201d, donde las personas no tienen necesidades, sino gustos, una afirmaci\u00f3n necesaria para cuadrar las ecuaciones sobre las que reposa todo el marco te\u00f3rico neoliberal.<\/p>\n<p>Pero, \u00bfpuede una visi\u00f3n m\u00e1s socialdem\u00f3crata corregir esta deriva esclavista? \u00bfpuede el objetivo del pleno empleo cambiar todo el marco cognitivo neoliberal? \u00bfPuede, a su vez, conseguir desvincular las necesidades y derechos b\u00e1sicos de un salario ligado a concepciones muy cl\u00e1sicas y restrictivas del trabajo? En el caso espec\u00edfico de Espa\u00f1a, como ya se\u00a0<a href=\"http:\/\/blogs.publico.es\/contraparte\/2014\/12\/02\/un-proyecto-economico-pero-para-que-sociedad\/\">\u00a0cuestionaban Isidro L\u00f3pez y Emmanuel Rodr\u00edguez,<\/a>\u00a0\u00bfson viables las soluciones en esa l\u00ednea?<\/p>\n<p>Durante estos meses, a ra\u00edz de su aparici\u00f3n entre los primeros objetivos de Podemos, la Renta B\u00e1sica Universal (en adelante RBU) ha empezado a ocupar espacio en los medios y en las redes, present\u00e1ndose como posible soluci\u00f3n para mitigar las consecuencias de las alarmantes cifras de paro, o como un mecanismo m\u00e1s eficaz que los sindicatos a la hora de forzar mejores condiciones laborales (con una RBU, una persona no aceptar\u00eda cualquier condici\u00f3n de trabajo apretada por sus necesidades vitales).<\/p>\n<p>Las cr\u00edticas que se hacen a la RBU se pueden reducir b\u00e1sicamente a dos. La primera, de car\u00e1cter \u00e9tico, se basa en c\u00f3mo se percibe que a una persona se le otorgue una cantidad de dinero sin exigirle, a priori, ninguna actividad laboral a cambio. La segunda, de corte m\u00e1s material, hace hincapi\u00e9 en el alto coste que tendr\u00eda para el Estado la provisi\u00f3n de esta RBU, su capacidad para financiarla.<\/p>\n<p>Ambas cr\u00edticas parten de esos valores, esos saberes y esas pr\u00e1cticas sociales sobre las que hemos construido el marco cognitivo \u2013la \u201crealidad\u201d\u2013 de nuestra sociedad. Ambas cr\u00edticas obvian cuestiones vitales (humanas) fundamentales, como que el derecho al salario no puede anticiparse a otros derechos fundamentales, empezando por el de una vida digna. Y digo derecho al salario, y no al trabajo, porque ya hemos visto que hay muchos trabajos que no tienen tal consideraci\u00f3n por el mero hecho de no estar remunerados o de producir una actividad econ\u00f3mica.<\/p>\n<p>Establecer las garant\u00edas m\u00ednimas para que una persona pueda subsistir dignamente, independientemente de las condiciones del mercado laboral o de las concepciones tradicionales del trabajo remunerado, a parte de ser un buen primer paso para revertir la correlaci\u00f3n de fuerzas para con el 1% m\u00e1s poderoso, supone establecer la vida humana como elemento central de cualquier sociedad justa y democr\u00e1tica. Si no nos conformamos con llenar de parches este sistema cruel, si lo que queremos es destruir las relaciones de dominaci\u00f3n que nos atenazan, hay que apostar por la Renta B\u00e1sica Universal, porque vivir dignamente no es un gusto o una preferencia, es una necesidad.<\/p>\n","protected":false},"excerpt":{"rendered":"<p>Por Francisco Jurado Gilabert Dec\u00eda Foucault que, tras los \u201csaberes\u201d aceptados y anclados en una sociedad, se encontraban determinadas relaciones de poder. Dicho de otro modo, los valores, las pr\u00e1cticas sociales o los conocimientos que se imparten en colegios y&hellip;<\/p>\n","protected":false},"author":1170,"featured_media":119224,"comment_status":"closed","ping_status":"open","sticky":false,"template":"","format":"standard","meta":{"footnotes":""},"categories":[66,161,74],"tags":[22863,1044,11929,9451,1406],"class_list":["post-263325","post","type-post","status-publish","format-standard","has-post-thumbnail","hentry","category-europa-es","category-opiniones","category-politica-es","tag-derechos-fundamentales","tag-esclavitud","tag-renta-basica-universal","tag-salario","tag-trabajo"],"yoast_head":"<!-- This site is optimized with the Yoast SEO plugin v27.1.1 - https:\/\/yoast.com\/product\/yoast-seo-wordpress\/ -->\n<title>Renta b\u00e1sica, preferencia y necesidad<\/title>\n<meta name=\"description\" content=\"Por Francisco Jurado Gilabert Dec\u00eda Foucault que, tras los \u201csaberes\u201d aceptados y anclados en una sociedad, se encontraban determinadas relaciones de\" \/>\n<meta name=\"robots\" content=\"index, follow, max-snippet:-1, max-image-preview:large, max-video-preview:-1\" \/>\n<link rel=\"canonical\" href=\"https:\/\/www.pressenza.com\/es\/2015\/12\/renta-basica-preferencia-y-necesidad\/\" \/>\n<meta property=\"og:locale\" content=\"es_ES\" \/>\n<meta property=\"og:type\" content=\"article\" \/>\n<meta property=\"og:title\" content=\"Renta b\u00e1sica, preferencia y necesidad\" \/>\n<meta property=\"og:description\" content=\"Por Francisco Jurado Gilabert Dec\u00eda Foucault que, tras los \u201csaberes\u201d aceptados y anclados en una sociedad, se encontraban determinadas relaciones de\" \/>\n<meta property=\"og:url\" content=\"https:\/\/www.pressenza.com\/es\/2015\/12\/renta-basica-preferencia-y-necesidad\/\" \/>\n<meta property=\"og:site_name\" content=\"Pressenza\" \/>\n<meta property=\"article:publisher\" content=\"https:\/\/www.facebook.com\/PressenzaItalia\" \/>\n<meta property=\"article:published_time\" content=\"2015-12-31T10:26:38+00:00\" \/>\n<meta property=\"og:image\" content=\"https:\/\/www.pressenza.com\/wp-content\/uploads\/2014\/07\/Pobreza-desigualdad-econ\u00f3mica-econom\u00eda-riqueza.jpg\" \/>\n\t<meta property=\"og:image:width\" content=\"600\" \/>\n\t<meta property=\"og:image:height\" content=\"380\" \/>\n\t<meta property=\"og:image:type\" content=\"image\/jpeg\" \/>\n<meta name=\"author\" content=\"eldiario.es\" \/>\n<meta name=\"twitter:card\" content=\"summary_large_image\" \/>\n<meta name=\"twitter:creator\" content=\"@PressenzaIPA\" \/>\n<meta name=\"twitter:site\" content=\"@PressenzaIPA\" \/>\n<meta name=\"twitter:label1\" content=\"Escrito por\" \/>\n\t<meta name=\"twitter:data1\" content=\"eldiario.es\" \/>\n\t<meta name=\"twitter:label2\" content=\"Tiempo de lectura\" \/>\n\t<meta name=\"twitter:data2\" content=\"5 minutos\" \/>\n<script type=\"application\/ld+json\" class=\"yoast-schema-graph\">{\"@context\":\"https:\/\/schema.org\",\"@graph\":[{\"@type\":\"Article\",\"@id\":\"https:\/\/www.pressenza.com\/es\/2015\/12\/renta-basica-preferencia-y-necesidad\/#article\",\"isPartOf\":{\"@id\":\"https:\/\/www.pressenza.com\/es\/2015\/12\/renta-basica-preferencia-y-necesidad\/\"},\"author\":{\"name\":\"eldiario.es\",\"@id\":\"https:\/\/www.pressenza.com\/es\/#\/schema\/person\/35221cfd7eeca947b184bfc91172e541\"},\"headline\":\"Renta b\u00e1sica, preferencia y necesidad\",\"datePublished\":\"2015-12-31T10:26:38+00:00\",\"mainEntityOfPage\":{\"@id\":\"https:\/\/www.pressenza.com\/es\/2015\/12\/renta-basica-preferencia-y-necesidad\/\"},\"wordCount\":1029,\"publisher\":{\"@id\":\"https:\/\/www.pressenza.com\/es\/#organization\"},\"image\":{\"@id\":\"https:\/\/www.pressenza.com\/es\/2015\/12\/renta-basica-preferencia-y-necesidad\/#primaryimage\"},\"thumbnailUrl\":\"https:\/\/www.pressenza.com\/wp-content\/uploads\/2014\/07\/Pobreza-desigualdad-econ\u00f3mica-econom\u00eda-riqueza.jpg\",\"keywords\":[\"derechos fundamentales\",\"esclavitud\",\"Renta B\u00e1sica Universal\",\"salario\",\"trabajo\"],\"articleSection\":[\"Europa\",\"Opiniones\",\"Pol\u00edtica\"],\"inLanguage\":\"es\"},{\"@type\":\"WebPage\",\"@id\":\"https:\/\/www.pressenza.com\/es\/2015\/12\/renta-basica-preferencia-y-necesidad\/\",\"url\":\"https:\/\/www.pressenza.com\/es\/2015\/12\/renta-basica-preferencia-y-necesidad\/\",\"name\":\"Renta b\u00e1sica, preferencia y necesidad\",\"isPartOf\":{\"@id\":\"https:\/\/www.pressenza.com\/es\/#website\"},\"primaryImageOfPage\":{\"@id\":\"https:\/\/www.pressenza.com\/es\/2015\/12\/renta-basica-preferencia-y-necesidad\/#primaryimage\"},\"image\":{\"@id\":\"https:\/\/www.pressenza.com\/es\/2015\/12\/renta-basica-preferencia-y-necesidad\/#primaryimage\"},\"thumbnailUrl\":\"https:\/\/www.pressenza.com\/wp-content\/uploads\/2014\/07\/Pobreza-desigualdad-econ\u00f3mica-econom\u00eda-riqueza.jpg\",\"datePublished\":\"2015-12-31T10:26:38+00:00\",\"description\":\"Por Francisco Jurado Gilabert Dec\u00eda Foucault que, tras los \u201csaberes\u201d aceptados y anclados en una sociedad, se encontraban determinadas relaciones de\",\"breadcrumb\":{\"@id\":\"https:\/\/www.pressenza.com\/es\/2015\/12\/renta-basica-preferencia-y-necesidad\/#breadcrumb\"},\"inLanguage\":\"es\",\"potentialAction\":[{\"@type\":\"ReadAction\",\"target\":[\"https:\/\/www.pressenza.com\/es\/2015\/12\/renta-basica-preferencia-y-necesidad\/\"]}]},{\"@type\":\"ImageObject\",\"inLanguage\":\"es\",\"@id\":\"https:\/\/www.pressenza.com\/es\/2015\/12\/renta-basica-preferencia-y-necesidad\/#primaryimage\",\"url\":\"https:\/\/www.pressenza.com\/wp-content\/uploads\/2014\/07\/Pobreza-desigualdad-econ\u00f3mica-econom\u00eda-riqueza.jpg\",\"contentUrl\":\"https:\/\/www.pressenza.com\/wp-content\/uploads\/2014\/07\/Pobreza-desigualdad-econ\u00f3mica-econom\u00eda-riqueza.jpg\",\"width\":600,\"height\":380},{\"@type\":\"BreadcrumbList\",\"@id\":\"https:\/\/www.pressenza.com\/es\/2015\/12\/renta-basica-preferencia-y-necesidad\/#breadcrumb\",\"itemListElement\":[{\"@type\":\"ListItem\",\"position\":1,\"name\":\"Accueil\",\"item\":\"https:\/\/www.pressenza.com\/es\/\"},{\"@type\":\"ListItem\",\"position\":2,\"name\":\"Renta b\u00e1sica, preferencia y necesidad\"}]},{\"@type\":\"WebSite\",\"@id\":\"https:\/\/www.pressenza.com\/es\/#website\",\"url\":\"https:\/\/www.pressenza.com\/es\/\",\"name\":\"Pressenza\",\"description\":\"International Press Agency\",\"publisher\":{\"@id\":\"https:\/\/www.pressenza.com\/es\/#organization\"},\"potentialAction\":[{\"@type\":\"SearchAction\",\"target\":{\"@type\":\"EntryPoint\",\"urlTemplate\":\"https:\/\/www.pressenza.com\/es\/?s={search_term_string}\"},\"query-input\":{\"@type\":\"PropertyValueSpecification\",\"valueRequired\":true,\"valueName\":\"search_term_string\"}}],\"inLanguage\":\"es\"},{\"@type\":\"Organization\",\"@id\":\"https:\/\/www.pressenza.com\/es\/#organization\",\"name\":\"Pressenza\",\"url\":\"https:\/\/www.pressenza.com\/es\/\",\"logo\":{\"@type\":\"ImageObject\",\"inLanguage\":\"es\",\"@id\":\"https:\/\/www.pressenza.com\/es\/#\/schema\/logo\/image\/\",\"url\":\"https:\/\/www.pressenza.com\/wp-content\/uploads\/2022\/10\/pressenza_logo_200x200.jpg\",\"contentUrl\":\"https:\/\/www.pressenza.com\/wp-content\/uploads\/2022\/10\/pressenza_logo_200x200.jpg\",\"width\":200,\"height\":200,\"caption\":\"Pressenza\"},\"image\":{\"@id\":\"https:\/\/www.pressenza.com\/es\/#\/schema\/logo\/image\/\"},\"sameAs\":[\"https:\/\/www.facebook.com\/PressenzaItalia\",\"https:\/\/x.com\/PressenzaIPA\"]},{\"@type\":\"Person\",\"@id\":\"https:\/\/www.pressenza.com\/es\/#\/schema\/person\/35221cfd7eeca947b184bfc91172e541\",\"name\":\"eldiario.es\",\"description\":\"eldiario.es is a new digital media with information and analysis focussing on politics and economics in its broadest sense: what affects people more than parties or markets. eldiario.es\",\"url\":\"https:\/\/www.pressenza.com\/es\/author\/eldiario-es\/\"}]}<\/script>\n<!-- \/ Yoast SEO plugin. -->","yoast_head_json":{"title":"Renta b\u00e1sica, preferencia y necesidad","description":"Por Francisco Jurado Gilabert Dec\u00eda Foucault que, tras los \u201csaberes\u201d aceptados y anclados en una sociedad, se encontraban determinadas relaciones de","robots":{"index":"index","follow":"follow","max-snippet":"max-snippet:-1","max-image-preview":"max-image-preview:large","max-video-preview":"max-video-preview:-1"},"canonical":"https:\/\/www.pressenza.com\/es\/2015\/12\/renta-basica-preferencia-y-necesidad\/","og_locale":"es_ES","og_type":"article","og_title":"Renta b\u00e1sica, preferencia y necesidad","og_description":"Por Francisco Jurado Gilabert Dec\u00eda Foucault que, tras los \u201csaberes\u201d aceptados y anclados en una sociedad, se encontraban determinadas relaciones de","og_url":"https:\/\/www.pressenza.com\/es\/2015\/12\/renta-basica-preferencia-y-necesidad\/","og_site_name":"Pressenza","article_publisher":"https:\/\/www.facebook.com\/PressenzaItalia","article_published_time":"2015-12-31T10:26:38+00:00","og_image":[{"width":600,"height":380,"url":"https:\/\/www.pressenza.com\/wp-content\/uploads\/2014\/07\/Pobreza-desigualdad-econ\u00f3mica-econom\u00eda-riqueza.jpg","type":"image\/jpeg"}],"author":"eldiario.es","twitter_card":"summary_large_image","twitter_creator":"@PressenzaIPA","twitter_site":"@PressenzaIPA","twitter_misc":{"Escrito por":"eldiario.es","Tiempo de lectura":"5 minutos"},"schema":{"@context":"https:\/\/schema.org","@graph":[{"@type":"Article","@id":"https:\/\/www.pressenza.com\/es\/2015\/12\/renta-basica-preferencia-y-necesidad\/#article","isPartOf":{"@id":"https:\/\/www.pressenza.com\/es\/2015\/12\/renta-basica-preferencia-y-necesidad\/"},"author":{"name":"eldiario.es","@id":"https:\/\/www.pressenza.com\/es\/#\/schema\/person\/35221cfd7eeca947b184bfc91172e541"},"headline":"Renta b\u00e1sica, preferencia y necesidad","datePublished":"2015-12-31T10:26:38+00:00","mainEntityOfPage":{"@id":"https:\/\/www.pressenza.com\/es\/2015\/12\/renta-basica-preferencia-y-necesidad\/"},"wordCount":1029,"publisher":{"@id":"https:\/\/www.pressenza.com\/es\/#organization"},"image":{"@id":"https:\/\/www.pressenza.com\/es\/2015\/12\/renta-basica-preferencia-y-necesidad\/#primaryimage"},"thumbnailUrl":"https:\/\/www.pressenza.com\/wp-content\/uploads\/2014\/07\/Pobreza-desigualdad-econ\u00f3mica-econom\u00eda-riqueza.jpg","keywords":["derechos fundamentales","esclavitud","Renta B\u00e1sica Universal","salario","trabajo"],"articleSection":["Europa","Opiniones","Pol\u00edtica"],"inLanguage":"es"},{"@type":"WebPage","@id":"https:\/\/www.pressenza.com\/es\/2015\/12\/renta-basica-preferencia-y-necesidad\/","url":"https:\/\/www.pressenza.com\/es\/2015\/12\/renta-basica-preferencia-y-necesidad\/","name":"Renta b\u00e1sica, preferencia y necesidad","isPartOf":{"@id":"https:\/\/www.pressenza.com\/es\/#website"},"primaryImageOfPage":{"@id":"https:\/\/www.pressenza.com\/es\/2015\/12\/renta-basica-preferencia-y-necesidad\/#primaryimage"},"image":{"@id":"https:\/\/www.pressenza.com\/es\/2015\/12\/renta-basica-preferencia-y-necesidad\/#primaryimage"},"thumbnailUrl":"https:\/\/www.pressenza.com\/wp-content\/uploads\/2014\/07\/Pobreza-desigualdad-econ\u00f3mica-econom\u00eda-riqueza.jpg","datePublished":"2015-12-31T10:26:38+00:00","description":"Por Francisco Jurado Gilabert Dec\u00eda Foucault que, tras los \u201csaberes\u201d aceptados y anclados en una sociedad, se encontraban determinadas relaciones de","breadcrumb":{"@id":"https:\/\/www.pressenza.com\/es\/2015\/12\/renta-basica-preferencia-y-necesidad\/#breadcrumb"},"inLanguage":"es","potentialAction":[{"@type":"ReadAction","target":["https:\/\/www.pressenza.com\/es\/2015\/12\/renta-basica-preferencia-y-necesidad\/"]}]},{"@type":"ImageObject","inLanguage":"es","@id":"https:\/\/www.pressenza.com\/es\/2015\/12\/renta-basica-preferencia-y-necesidad\/#primaryimage","url":"https:\/\/www.pressenza.com\/wp-content\/uploads\/2014\/07\/Pobreza-desigualdad-econ\u00f3mica-econom\u00eda-riqueza.jpg","contentUrl":"https:\/\/www.pressenza.com\/wp-content\/uploads\/2014\/07\/Pobreza-desigualdad-econ\u00f3mica-econom\u00eda-riqueza.jpg","width":600,"height":380},{"@type":"BreadcrumbList","@id":"https:\/\/www.pressenza.com\/es\/2015\/12\/renta-basica-preferencia-y-necesidad\/#breadcrumb","itemListElement":[{"@type":"ListItem","position":1,"name":"Accueil","item":"https:\/\/www.pressenza.com\/es\/"},{"@type":"ListItem","position":2,"name":"Renta b\u00e1sica, preferencia y necesidad"}]},{"@type":"WebSite","@id":"https:\/\/www.pressenza.com\/es\/#website","url":"https:\/\/www.pressenza.com\/es\/","name":"Pressenza","description":"International Press Agency","publisher":{"@id":"https:\/\/www.pressenza.com\/es\/#organization"},"potentialAction":[{"@type":"SearchAction","target":{"@type":"EntryPoint","urlTemplate":"https:\/\/www.pressenza.com\/es\/?s={search_term_string}"},"query-input":{"@type":"PropertyValueSpecification","valueRequired":true,"valueName":"search_term_string"}}],"inLanguage":"es"},{"@type":"Organization","@id":"https:\/\/www.pressenza.com\/es\/#organization","name":"Pressenza","url":"https:\/\/www.pressenza.com\/es\/","logo":{"@type":"ImageObject","inLanguage":"es","@id":"https:\/\/www.pressenza.com\/es\/#\/schema\/logo\/image\/","url":"https:\/\/www.pressenza.com\/wp-content\/uploads\/2022\/10\/pressenza_logo_200x200.jpg","contentUrl":"https:\/\/www.pressenza.com\/wp-content\/uploads\/2022\/10\/pressenza_logo_200x200.jpg","width":200,"height":200,"caption":"Pressenza"},"image":{"@id":"https:\/\/www.pressenza.com\/es\/#\/schema\/logo\/image\/"},"sameAs":["https:\/\/www.facebook.com\/PressenzaItalia","https:\/\/x.com\/PressenzaIPA"]},{"@type":"Person","@id":"https:\/\/www.pressenza.com\/es\/#\/schema\/person\/35221cfd7eeca947b184bfc91172e541","name":"eldiario.es","description":"eldiario.es is a new digital media with information and analysis focussing on politics and economics in its broadest sense: what affects people more than parties or markets. eldiario.es","url":"https:\/\/www.pressenza.com\/es\/author\/eldiario-es\/"}]}},"place":"Espa\u00f1a","original_article_url":"","_links":{"self":[{"href":"https:\/\/www.pressenza.com\/es\/wp-json\/wp\/v2\/posts\/263325","targetHints":{"allow":["GET"]}}],"collection":[{"href":"https:\/\/www.pressenza.com\/es\/wp-json\/wp\/v2\/posts"}],"about":[{"href":"https:\/\/www.pressenza.com\/es\/wp-json\/wp\/v2\/types\/post"}],"author":[{"embeddable":true,"href":"https:\/\/www.pressenza.com\/es\/wp-json\/wp\/v2\/users\/1170"}],"replies":[{"embeddable":true,"href":"https:\/\/www.pressenza.com\/es\/wp-json\/wp\/v2\/comments?post=263325"}],"version-history":[{"count":0,"href":"https:\/\/www.pressenza.com\/es\/wp-json\/wp\/v2\/posts\/263325\/revisions"}],"wp:featuredmedia":[{"embeddable":true,"href":"https:\/\/www.pressenza.com\/es\/wp-json\/wp\/v2\/media\/119224"}],"wp:attachment":[{"href":"https:\/\/www.pressenza.com\/es\/wp-json\/wp\/v2\/media?parent=263325"}],"wp:term":[{"taxonomy":"category","embeddable":true,"href":"https:\/\/www.pressenza.com\/es\/wp-json\/wp\/v2\/categories?post=263325"},{"taxonomy":"post_tag","embeddable":true,"href":"https:\/\/www.pressenza.com\/es\/wp-json\/wp\/v2\/tags?post=263325"}],"curies":[{"name":"wp","href":"https:\/\/api.w.org\/{rel}","templated":true}]}}