{"id":2632427,"date":"2025-09-02T21:56:56","date_gmt":"2025-09-02T20:56:56","guid":{"rendered":"https:\/\/www.pressenza.com\/?p=2632427"},"modified":"2025-09-02T21:56:56","modified_gmt":"2025-09-02T20:56:56","slug":"celac-se-pronuncia-contra-avanzada-militar-de-ee-uu-en-mar-caribe","status":"publish","type":"post","link":"https:\/\/www.pressenza.com\/es\/2025\/09\/celac-se-pronuncia-contra-avanzada-militar-de-ee-uu-en-mar-caribe\/","title":{"rendered":"Celac se pronuncia contra avanzada militar de EE. UU. en mar Caribe"},"content":{"rendered":"<p>Colombia, que ostenta la presidencia pro tempore de la Comunidad de Estados Latinoamericanos y Caribe\u00f1os (Celac), lider\u00f3 este lunes una reuni\u00f3n virtual extraordinaria de cancilleres en defensa de la Zona de Paz en Am\u00e9rica Latina y el Caribe, dada la preocupaci\u00f3n por la presencia de buques militares de Estados Unidos en el mar Caribe.<\/p>\n<p>La ministra colombiana de Relaciones Exteriores, Yolanda Villavicencio, explic\u00f3 que este encuentro con 23 pa\u00edses logr\u00f3 unificar la voz regional en favor de la convivencia pac\u00edfica y el compromiso con la Proclama de Am\u00e9rica Latina y el Caribe como una Zona de Paz, rechazando la amenaza de injerencia de cualquier naci\u00f3n extranjera.<\/p>\n<p>\u00abEso nos llama la atenci\u00f3n para pronunciarnos respecto a la necesidad de mantener a Am\u00e9rica Latina como una tierra de paz, fuera de cualquier intervenci\u00f3n y en estricto respeto a las declaraciones de Naciones Unidas y al mantenimiento de la paz y de la soberan\u00eda de los pa\u00edses\u00bb, se\u00f1al\u00f3.<\/p>\n<p>La alta funcionaria agreg\u00f3 que toda acci\u00f3n en la regi\u00f3n se debe ajustar a los principios del Derecho Internacional, el respeto de la soberan\u00eda, la integridad territorial y la no injerencia en los asuntos internos de los Estados.<\/p>\n<p>Asimismo, evoc\u00f3 las directrices del presidente colombiano, Gustavo Petro, quien se\u00f1al\u00f3 que \u00abning\u00fan Gobierno latinoamericano que se respete debe solicitar ni celebrar una invasi\u00f3n extranjera\u00bb.<\/p>\n<p>La ministra reiter\u00f3 que los pa\u00edses de la Celac que acudieron a la reuni\u00f3n de emergencia coincidieron en afirmar que cualquier acci\u00f3n armada sin autorizaci\u00f3n de los Estados involucrados constituye una agresi\u00f3n en contra de toda la regi\u00f3n.<\/p>\n<p>\u00abEstas no son frases de coyuntura. Son una defensa expl\u00edcita de la no intervenci\u00f3n y del continuo fortalecimiento del multilateralismo\u00bb, advirti\u00f3.<\/p>\n<p>Por su parte, el canciller venezolano, Yvan Gil, agradeci\u00f3 a Colombia por convocar la reuni\u00f3n y asegur\u00f3 que Estados Unidos est\u00e1 violando la Zona de Paz y el Tratado de Tlatelolco, al desplegar ocho barcos con m\u00e1s de 1.200 misiles y amenazar con armas nucleares al Caribe venezolano.<\/p>\n<p>\u00ab4.200 tropas entrenadas que han anunciado que est\u00e1n listas y preparadas para invadir el suelo sagrado de nuestra patria, la Rep\u00fablica Bolivariana de Venezuela, pero m\u00e1s grave a\u00fan (&#8230;) la presencia de un submarino nuclear con posibilidades de lanzamiento de armas nucleares\u00bb, sostuvo Gil.<\/p>\n<p>De otro lado, Petro escribi\u00f3 en X que, si hay una agresi\u00f3n violenta contra Venezuela, todos los Estados de la regi\u00f3n se debilitar\u00e1n.<\/p>\n<p>\u00abEn la patria grande de Bol\u00edvar no puede haber sino soberan\u00eda nacional. Ni en Panam\u00e1, ni en Ecuador ni en Colombia ni en Venezuela deben haber sujeciones serviles a extranjeros\u00bb, afirm\u00f3.<\/p>\n<p>Petro reconoci\u00f3 la necesidad de cooperar con pa\u00edses del mundo en la lucha contra el narcotr\u00e1fico \u00abpues se trata de un problema de la humanidad, pero en t\u00e9rminos de igualdad, no de sumisi\u00f3n\u00bb.<\/p>\n<p>De acuerdo con el presidente de EE. UU., Donald Trump, la avanzada militar en aguas del Caribe venezolano obedece a una operaci\u00f3n antinarc\u00f3ticos reforzada en contra de los carteles que operan en Am\u00e9rica Latina.<\/p>\n","protected":false},"excerpt":{"rendered":"<p>Colombia, que ostenta la presidencia pro tempore de la Comunidad de Estados Latinoamericanos y Caribe\u00f1os (Celac), lider\u00f3 este lunes una reuni\u00f3n virtual extraordinaria de cancilleres en defensa de la Zona de Paz en Am\u00e9rica Latina y el Caribe, dada la&hellip;<\/p>\n","protected":false},"author":2266,"featured_media":2632429,"comment_status":"closed","ping_status":"closed","sticky":false,"template":"","format":"standard","meta":{"footnotes":""},"categories":[69,76,106739],"tags":[8798,73391],"class_list":["post-2632427","post","type-post","status-publish","format-standard","has-post-thumbnail","hentry","category-america-central","category-relaciones-exteriores","category-noticia","tag-celac-es","tag-mar-caribe"],"yoast_head":"<!-- This site is optimized with the Yoast SEO plugin v27.1.1 - https:\/\/yoast.com\/product\/yoast-seo-wordpress\/ -->\n<title>Celac se pronuncia contra avanzada militar de EE. UU. en mar Caribe<\/title>\n<meta name=\"description\" content=\"Colombia, que ostenta la presidencia pro tempore de la Comunidad de Estados Latinoamericanos y Caribe\u00f1os (Celac), lider\u00f3 este lunes una reuni\u00f3n virtual\" \/>\n<meta name=\"robots\" content=\"index, follow, max-snippet:-1, max-image-preview:large, max-video-preview:-1\" \/>\n<link rel=\"canonical\" href=\"https:\/\/www.pressenza.com\/es\/2025\/09\/celac-se-pronuncia-contra-avanzada-militar-de-ee-uu-en-mar-caribe\/\" \/>\n<meta property=\"og:locale\" content=\"es_ES\" \/>\n<meta property=\"og:type\" content=\"article\" \/>\n<meta property=\"og:title\" content=\"Celac se pronuncia contra avanzada militar de EE. UU. en mar Caribe\" \/>\n<meta property=\"og:description\" content=\"Colombia, que ostenta la presidencia pro tempore de la Comunidad de Estados Latinoamericanos y Caribe\u00f1os (Celac), lider\u00f3 este lunes una reuni\u00f3n virtual\" \/>\n<meta property=\"og:url\" content=\"https:\/\/www.pressenza.com\/es\/2025\/09\/celac-se-pronuncia-contra-avanzada-militar-de-ee-uu-en-mar-caribe\/\" \/>\n<meta property=\"og:site_name\" content=\"Pressenza\" \/>\n<meta property=\"article:publisher\" content=\"https:\/\/www.facebook.com\/PressenzaItalia\" \/>\n<meta property=\"article:published_time\" content=\"2025-09-02T20:56:56+00:00\" \/>\n<meta property=\"og:image\" content=\"https:\/\/www.pressenza.com\/wp-content\/uploads\/2025\/09\/10b57c4d487389f50f2c544685410f22.webp\" \/>\n\t<meta property=\"og:image:width\" content=\"1242\" \/>\n\t<meta property=\"og:image:height\" content=\"828\" \/>\n\t<meta property=\"og:image:type\" content=\"image\/webp\" \/>\n<meta name=\"author\" content=\"Xinhua\" \/>\n<meta name=\"twitter:card\" content=\"summary_large_image\" \/>\n<meta name=\"twitter:creator\" content=\"@PressenzaIPA\" \/>\n<meta name=\"twitter:site\" content=\"@PressenzaIPA\" \/>\n<meta name=\"twitter:label1\" content=\"Escrito por\" \/>\n\t<meta name=\"twitter:data1\" content=\"Xinhua\" \/>\n\t<meta name=\"twitter:label2\" content=\"Tiempo de lectura\" \/>\n\t<meta name=\"twitter:data2\" content=\"3 minutos\" \/>\n<script type=\"application\/ld+json\" class=\"yoast-schema-graph\">{\"@context\":\"https:\/\/schema.org\",\"@graph\":[{\"@type\":\"Article\",\"@id\":\"https:\/\/www.pressenza.com\/es\/2025\/09\/celac-se-pronuncia-contra-avanzada-militar-de-ee-uu-en-mar-caribe\/#article\",\"isPartOf\":{\"@id\":\"https:\/\/www.pressenza.com\/es\/2025\/09\/celac-se-pronuncia-contra-avanzada-militar-de-ee-uu-en-mar-caribe\/\"},\"author\":{\"name\":\"Xinhua\",\"@id\":\"https:\/\/www.pressenza.com\/es\/#\/schema\/person\/f7d16a80c42ebb5aefb3b4c8b32b6c2e\"},\"headline\":\"Celac se pronuncia contra avanzada militar de EE. UU. en mar Caribe\",\"datePublished\":\"2025-09-02T20:56:56+00:00\",\"mainEntityOfPage\":{\"@id\":\"https:\/\/www.pressenza.com\/es\/2025\/09\/celac-se-pronuncia-contra-avanzada-militar-de-ee-uu-en-mar-caribe\/\"},\"wordCount\":544,\"publisher\":{\"@id\":\"https:\/\/www.pressenza.com\/es\/#organization\"},\"image\":{\"@id\":\"https:\/\/www.pressenza.com\/es\/2025\/09\/celac-se-pronuncia-contra-avanzada-militar-de-ee-uu-en-mar-caribe\/#primaryimage\"},\"thumbnailUrl\":\"https:\/\/www.pressenza.com\/wp-content\/uploads\/2025\/09\/10b57c4d487389f50f2c544685410f22.webp\",\"keywords\":[\"CELAC\",\"mar Caribe\"],\"articleSection\":[\"Am\u00e9rica Central\",\"Asuntos internacionales\",\"Noticia\"],\"inLanguage\":\"es\"},{\"@type\":\"WebPage\",\"@id\":\"https:\/\/www.pressenza.com\/es\/2025\/09\/celac-se-pronuncia-contra-avanzada-militar-de-ee-uu-en-mar-caribe\/\",\"url\":\"https:\/\/www.pressenza.com\/es\/2025\/09\/celac-se-pronuncia-contra-avanzada-militar-de-ee-uu-en-mar-caribe\/\",\"name\":\"Celac se pronuncia contra avanzada militar de EE. UU. en mar Caribe\",\"isPartOf\":{\"@id\":\"https:\/\/www.pressenza.com\/es\/#website\"},\"primaryImageOfPage\":{\"@id\":\"https:\/\/www.pressenza.com\/es\/2025\/09\/celac-se-pronuncia-contra-avanzada-militar-de-ee-uu-en-mar-caribe\/#primaryimage\"},\"image\":{\"@id\":\"https:\/\/www.pressenza.com\/es\/2025\/09\/celac-se-pronuncia-contra-avanzada-militar-de-ee-uu-en-mar-caribe\/#primaryimage\"},\"thumbnailUrl\":\"https:\/\/www.pressenza.com\/wp-content\/uploads\/2025\/09\/10b57c4d487389f50f2c544685410f22.webp\",\"datePublished\":\"2025-09-02T20:56:56+00:00\",\"description\":\"Colombia, que ostenta la presidencia pro tempore de la Comunidad de Estados Latinoamericanos y Caribe\u00f1os (Celac), lider\u00f3 este lunes una reuni\u00f3n virtual\",\"breadcrumb\":{\"@id\":\"https:\/\/www.pressenza.com\/es\/2025\/09\/celac-se-pronuncia-contra-avanzada-militar-de-ee-uu-en-mar-caribe\/#breadcrumb\"},\"inLanguage\":\"es\",\"potentialAction\":[{\"@type\":\"ReadAction\",\"target\":[\"https:\/\/www.pressenza.com\/es\/2025\/09\/celac-se-pronuncia-contra-avanzada-militar-de-ee-uu-en-mar-caribe\/\"]}]},{\"@type\":\"ImageObject\",\"inLanguage\":\"es\",\"@id\":\"https:\/\/www.pressenza.com\/es\/2025\/09\/celac-se-pronuncia-contra-avanzada-militar-de-ee-uu-en-mar-caribe\/#primaryimage\",\"url\":\"https:\/\/www.pressenza.com\/wp-content\/uploads\/2025\/09\/10b57c4d487389f50f2c544685410f22.webp\",\"contentUrl\":\"https:\/\/www.pressenza.com\/wp-content\/uploads\/2025\/09\/10b57c4d487389f50f2c544685410f22.webp\",\"width\":1242,\"height\":828},{\"@type\":\"BreadcrumbList\",\"@id\":\"https:\/\/www.pressenza.com\/es\/2025\/09\/celac-se-pronuncia-contra-avanzada-militar-de-ee-uu-en-mar-caribe\/#breadcrumb\",\"itemListElement\":[{\"@type\":\"ListItem\",\"position\":1,\"name\":\"Accueil\",\"item\":\"https:\/\/www.pressenza.com\/es\/\"},{\"@type\":\"ListItem\",\"position\":2,\"name\":\"Celac se pronuncia contra avanzada militar de EE. UU. en mar Caribe\"}]},{\"@type\":\"WebSite\",\"@id\":\"https:\/\/www.pressenza.com\/es\/#website\",\"url\":\"https:\/\/www.pressenza.com\/es\/\",\"name\":\"Pressenza\",\"description\":\"International Press Agency\",\"publisher\":{\"@id\":\"https:\/\/www.pressenza.com\/es\/#organization\"},\"potentialAction\":[{\"@type\":\"SearchAction\",\"target\":{\"@type\":\"EntryPoint\",\"urlTemplate\":\"https:\/\/www.pressenza.com\/es\/?s={search_term_string}\"},\"query-input\":{\"@type\":\"PropertyValueSpecification\",\"valueRequired\":true,\"valueName\":\"search_term_string\"}}],\"inLanguage\":\"es\"},{\"@type\":\"Organization\",\"@id\":\"https:\/\/www.pressenza.com\/es\/#organization\",\"name\":\"Pressenza\",\"url\":\"https:\/\/www.pressenza.com\/es\/\",\"logo\":{\"@type\":\"ImageObject\",\"inLanguage\":\"es\",\"@id\":\"https:\/\/www.pressenza.com\/es\/#\/schema\/logo\/image\/\",\"url\":\"https:\/\/www.pressenza.com\/wp-content\/uploads\/2022\/10\/pressenza_logo_200x200.jpg\",\"contentUrl\":\"https:\/\/www.pressenza.com\/wp-content\/uploads\/2022\/10\/pressenza_logo_200x200.jpg\",\"width\":200,\"height\":200,\"caption\":\"Pressenza\"},\"image\":{\"@id\":\"https:\/\/www.pressenza.com\/es\/#\/schema\/logo\/image\/\"},\"sameAs\":[\"https:\/\/www.facebook.com\/PressenzaItalia\",\"https:\/\/x.com\/PressenzaIPA\"]},{\"@type\":\"Person\",\"@id\":\"https:\/\/www.pressenza.com\/es\/#\/schema\/person\/f7d16a80c42ebb5aefb3b4c8b32b6c2e\",\"name\":\"Xinhua\",\"description\":\"Official State news agency of the People's Republic of China. http:\/\/www.xinhuanet.com\/. \u00a0 \u00a0Xinhua articles and photos published on Pressenza are free to reproduce, provided that the source and author are clearly mentioned.\",\"url\":\"https:\/\/www.pressenza.com\/es\/author\/xinhua\/\"}]}<\/script>\n<!-- \/ Yoast SEO plugin. -->","yoast_head_json":{"title":"Celac se pronuncia contra avanzada militar de EE. UU. en mar Caribe","description":"Colombia, que ostenta la presidencia pro tempore de la Comunidad de Estados Latinoamericanos y Caribe\u00f1os (Celac), lider\u00f3 este lunes una reuni\u00f3n virtual","robots":{"index":"index","follow":"follow","max-snippet":"max-snippet:-1","max-image-preview":"max-image-preview:large","max-video-preview":"max-video-preview:-1"},"canonical":"https:\/\/www.pressenza.com\/es\/2025\/09\/celac-se-pronuncia-contra-avanzada-militar-de-ee-uu-en-mar-caribe\/","og_locale":"es_ES","og_type":"article","og_title":"Celac se pronuncia contra avanzada militar de EE. UU. en mar Caribe","og_description":"Colombia, que ostenta la presidencia pro tempore de la Comunidad de Estados Latinoamericanos y Caribe\u00f1os (Celac), lider\u00f3 este lunes una reuni\u00f3n virtual","og_url":"https:\/\/www.pressenza.com\/es\/2025\/09\/celac-se-pronuncia-contra-avanzada-militar-de-ee-uu-en-mar-caribe\/","og_site_name":"Pressenza","article_publisher":"https:\/\/www.facebook.com\/PressenzaItalia","article_published_time":"2025-09-02T20:56:56+00:00","og_image":[{"width":1242,"height":828,"url":"https:\/\/www.pressenza.com\/wp-content\/uploads\/2025\/09\/10b57c4d487389f50f2c544685410f22.webp","type":"image\/webp"}],"author":"Xinhua","twitter_card":"summary_large_image","twitter_creator":"@PressenzaIPA","twitter_site":"@PressenzaIPA","twitter_misc":{"Escrito por":"Xinhua","Tiempo de lectura":"3 minutos"},"schema":{"@context":"https:\/\/schema.org","@graph":[{"@type":"Article","@id":"https:\/\/www.pressenza.com\/es\/2025\/09\/celac-se-pronuncia-contra-avanzada-militar-de-ee-uu-en-mar-caribe\/#article","isPartOf":{"@id":"https:\/\/www.pressenza.com\/es\/2025\/09\/celac-se-pronuncia-contra-avanzada-militar-de-ee-uu-en-mar-caribe\/"},"author":{"name":"Xinhua","@id":"https:\/\/www.pressenza.com\/es\/#\/schema\/person\/f7d16a80c42ebb5aefb3b4c8b32b6c2e"},"headline":"Celac se pronuncia contra avanzada militar de EE. UU. en mar Caribe","datePublished":"2025-09-02T20:56:56+00:00","mainEntityOfPage":{"@id":"https:\/\/www.pressenza.com\/es\/2025\/09\/celac-se-pronuncia-contra-avanzada-militar-de-ee-uu-en-mar-caribe\/"},"wordCount":544,"publisher":{"@id":"https:\/\/www.pressenza.com\/es\/#organization"},"image":{"@id":"https:\/\/www.pressenza.com\/es\/2025\/09\/celac-se-pronuncia-contra-avanzada-militar-de-ee-uu-en-mar-caribe\/#primaryimage"},"thumbnailUrl":"https:\/\/www.pressenza.com\/wp-content\/uploads\/2025\/09\/10b57c4d487389f50f2c544685410f22.webp","keywords":["CELAC","mar Caribe"],"articleSection":["Am\u00e9rica Central","Asuntos internacionales","Noticia"],"inLanguage":"es"},{"@type":"WebPage","@id":"https:\/\/www.pressenza.com\/es\/2025\/09\/celac-se-pronuncia-contra-avanzada-militar-de-ee-uu-en-mar-caribe\/","url":"https:\/\/www.pressenza.com\/es\/2025\/09\/celac-se-pronuncia-contra-avanzada-militar-de-ee-uu-en-mar-caribe\/","name":"Celac se pronuncia contra avanzada militar de EE. UU. en mar Caribe","isPartOf":{"@id":"https:\/\/www.pressenza.com\/es\/#website"},"primaryImageOfPage":{"@id":"https:\/\/www.pressenza.com\/es\/2025\/09\/celac-se-pronuncia-contra-avanzada-militar-de-ee-uu-en-mar-caribe\/#primaryimage"},"image":{"@id":"https:\/\/www.pressenza.com\/es\/2025\/09\/celac-se-pronuncia-contra-avanzada-militar-de-ee-uu-en-mar-caribe\/#primaryimage"},"thumbnailUrl":"https:\/\/www.pressenza.com\/wp-content\/uploads\/2025\/09\/10b57c4d487389f50f2c544685410f22.webp","datePublished":"2025-09-02T20:56:56+00:00","description":"Colombia, que ostenta la presidencia pro tempore de la Comunidad de Estados Latinoamericanos y Caribe\u00f1os (Celac), lider\u00f3 este lunes una reuni\u00f3n virtual","breadcrumb":{"@id":"https:\/\/www.pressenza.com\/es\/2025\/09\/celac-se-pronuncia-contra-avanzada-militar-de-ee-uu-en-mar-caribe\/#breadcrumb"},"inLanguage":"es","potentialAction":[{"@type":"ReadAction","target":["https:\/\/www.pressenza.com\/es\/2025\/09\/celac-se-pronuncia-contra-avanzada-militar-de-ee-uu-en-mar-caribe\/"]}]},{"@type":"ImageObject","inLanguage":"es","@id":"https:\/\/www.pressenza.com\/es\/2025\/09\/celac-se-pronuncia-contra-avanzada-militar-de-ee-uu-en-mar-caribe\/#primaryimage","url":"https:\/\/www.pressenza.com\/wp-content\/uploads\/2025\/09\/10b57c4d487389f50f2c544685410f22.webp","contentUrl":"https:\/\/www.pressenza.com\/wp-content\/uploads\/2025\/09\/10b57c4d487389f50f2c544685410f22.webp","width":1242,"height":828},{"@type":"BreadcrumbList","@id":"https:\/\/www.pressenza.com\/es\/2025\/09\/celac-se-pronuncia-contra-avanzada-militar-de-ee-uu-en-mar-caribe\/#breadcrumb","itemListElement":[{"@type":"ListItem","position":1,"name":"Accueil","item":"https:\/\/www.pressenza.com\/es\/"},{"@type":"ListItem","position":2,"name":"Celac se pronuncia contra avanzada militar de EE. UU. en mar Caribe"}]},{"@type":"WebSite","@id":"https:\/\/www.pressenza.com\/es\/#website","url":"https:\/\/www.pressenza.com\/es\/","name":"Pressenza","description":"International Press Agency","publisher":{"@id":"https:\/\/www.pressenza.com\/es\/#organization"},"potentialAction":[{"@type":"SearchAction","target":{"@type":"EntryPoint","urlTemplate":"https:\/\/www.pressenza.com\/es\/?s={search_term_string}"},"query-input":{"@type":"PropertyValueSpecification","valueRequired":true,"valueName":"search_term_string"}}],"inLanguage":"es"},{"@type":"Organization","@id":"https:\/\/www.pressenza.com\/es\/#organization","name":"Pressenza","url":"https:\/\/www.pressenza.com\/es\/","logo":{"@type":"ImageObject","inLanguage":"es","@id":"https:\/\/www.pressenza.com\/es\/#\/schema\/logo\/image\/","url":"https:\/\/www.pressenza.com\/wp-content\/uploads\/2022\/10\/pressenza_logo_200x200.jpg","contentUrl":"https:\/\/www.pressenza.com\/wp-content\/uploads\/2022\/10\/pressenza_logo_200x200.jpg","width":200,"height":200,"caption":"Pressenza"},"image":{"@id":"https:\/\/www.pressenza.com\/es\/#\/schema\/logo\/image\/"},"sameAs":["https:\/\/www.facebook.com\/PressenzaItalia","https:\/\/x.com\/PressenzaIPA"]},{"@type":"Person","@id":"https:\/\/www.pressenza.com\/es\/#\/schema\/person\/f7d16a80c42ebb5aefb3b4c8b32b6c2e","name":"Xinhua","description":"Official State news agency of the People's Republic of China. http:\/\/www.xinhuanet.com\/. \u00a0 \u00a0Xinhua articles and photos published on Pressenza are free to reproduce, provided that the source and author are clearly mentioned.","url":"https:\/\/www.pressenza.com\/es\/author\/xinhua\/"}]}},"place":"Bogot\u00e1, Colombia","original_article_url":"https:\/\/spanish.xinhuanet.com\/20250902\/19dcbe21b1524d45918baef8b5fadb4a\/c.html","_links":{"self":[{"href":"https:\/\/www.pressenza.com\/es\/wp-json\/wp\/v2\/posts\/2632427","targetHints":{"allow":["GET"]}}],"collection":[{"href":"https:\/\/www.pressenza.com\/es\/wp-json\/wp\/v2\/posts"}],"about":[{"href":"https:\/\/www.pressenza.com\/es\/wp-json\/wp\/v2\/types\/post"}],"author":[{"embeddable":true,"href":"https:\/\/www.pressenza.com\/es\/wp-json\/wp\/v2\/users\/2266"}],"replies":[{"embeddable":true,"href":"https:\/\/www.pressenza.com\/es\/wp-json\/wp\/v2\/comments?post=2632427"}],"version-history":[{"count":1,"href":"https:\/\/www.pressenza.com\/es\/wp-json\/wp\/v2\/posts\/2632427\/revisions"}],"predecessor-version":[{"id":2632430,"href":"https:\/\/www.pressenza.com\/es\/wp-json\/wp\/v2\/posts\/2632427\/revisions\/2632430"}],"wp:featuredmedia":[{"embeddable":true,"href":"https:\/\/www.pressenza.com\/es\/wp-json\/wp\/v2\/media\/2632429"}],"wp:attachment":[{"href":"https:\/\/www.pressenza.com\/es\/wp-json\/wp\/v2\/media?parent=2632427"}],"wp:term":[{"taxonomy":"category","embeddable":true,"href":"https:\/\/www.pressenza.com\/es\/wp-json\/wp\/v2\/categories?post=2632427"},{"taxonomy":"post_tag","embeddable":true,"href":"https:\/\/www.pressenza.com\/es\/wp-json\/wp\/v2\/tags?post=2632427"}],"curies":[{"name":"wp","href":"https:\/\/api.w.org\/{rel}","templated":true}]}}