{"id":263209,"date":"2015-12-30T16:46:55","date_gmt":"2015-12-30T16:46:55","guid":{"rendered":"http:\/\/www.pressenza.com\/es\/?p=263209"},"modified":"2015-12-30T16:46:55","modified_gmt":"2015-12-30T16:46:55","slug":"los-medios-bajo-decreto-en-argentina","status":"publish","type":"post","link":"https:\/\/www.pressenza.com\/es\/2015\/12\/los-medios-bajo-decreto-en-argentina\/","title":{"rendered":"Los medios bajo decreto en Argentina"},"content":{"rendered":"<p>El gobierno nacional argentino acaba de disolver la Autoridad Federal de Servicios de Comunicaci\u00f3n Audiovisual (AFSCA) y la Autoridad Federal de Tecnolog\u00edas de la Informaci\u00f3n y las Comunicaciones (AFTIC) mediante un Decreto de Necesidad y Urgencia. Con esta acci\u00f3n se pasa por encima a la Ley de Medios, debatida y elaborada por amplios sectores sociales, culturales, pol\u00edticos, medios de comunicaci\u00f3n comunitarios, alternativos, populares,  profesionales de la comunicaci\u00f3n, estudiantes de periodismo, comunicadores populares, que durante 2009 participaron en audiencias p\u00fablicas a lo largo y ancho de todo el pa\u00eds y numerosos aportes fueron incluidos para la elaboraci\u00f3n de la Ley de Servicios de Comunicaci\u00f3n Audiovisual que reemplazo a la Ley de Radiodifusi\u00f3n de la dictadura. En tanto que la AFTIC tambi\u00e9n es un \u00f3rgano democr\u00e1tico creado mediante la Ley Argentina Digital aprobada por ambas c\u00e1maras del Congreso en 2014.  <\/p>\n<p>La Ley de Medios es claramente una ley democr\u00e1tica, aprobada por mayor\u00eda en el Congreso y que garantiza la desconcentraci\u00f3n de los monopolios medi\u00e1ticos y el acceso a licencias en partes iguales tanto para el sector privado-comercial como para medios p\u00fablicos y para sectores sociales no comerciales. Es verdad que a\u00fan faltaba much\u00edsimo para su plena aplicaci\u00f3n, pero con este nuevo Decreto de Necesidad y Urgencia Macri disolvi\u00f3 el ente que regula la aplicaci\u00f3n de dicha Ley. Todo un gesto de la anti-democracia.<\/p>\n<p>El macrismo anunci\u00f3 que elaborar\u00e1 una nueva Ley para regular los medios de comunicaci\u00f3n, por supuesto en favor de los grupos concentrados que garanticen un discurso \u00fanico, el control de las grandes empresas medi\u00e1ticas y del enorme negocio que son las telecomunicaciones (telefon\u00eda celular, televisi\u00f3n por cable, Internet). Aunque los neoliberales hablen de libertad de expresi\u00f3n, \u00abpluralidad\u00bb y dem\u00e1s significantes vaciados de significados desde su \u00f3ptica, hay que observar lo que hacen y no lo que dicen. Adem\u00e1s nos dan la bienvenida al Siglo XXI para la modernizaci\u00f3n de los medios de comunicaci\u00f3n \u00a1Gracias! <\/p>\n<p>Ya tienen un nuevo Ente Nacional de Comunicaciones (Enacom) que fusiona AFSCA Y AFTIC y un titular, Miguel De Godoy encargado de medios ya durante el gobierno de la Ciudad. A partir de ahora entonces todos los medios, no solo los masivos y comerciales, sino las radios y tv populares, alternativas, comunitarias, que se fueron forjando con mucho esfuerzo militante durante m\u00e1s de una d\u00e9cada quedar\u00e1n bajo el control de la Enacom.  Quedar\u00e1n entonces bajo decreto. El jefe de Gabinete Marcos Pe\u00f1a dijo que podr\u00e1n expresarse y continuar todos los medios, incluso los comunitarios. Pero a estas alturas cuesta tanto observar una coherencia entre el discurso y la acci\u00f3n, que los medios de comunicaci\u00f3n y los comunicadores tendremos que estar muy atentos y alertas.<\/p>\n<p>Se evidencian claramente las direcciones pol\u00edticas, ideol\u00f3gicas y sociales que llevar\u00e1 adelante esta nueva derecha en ascenso en la regi\u00f3n sudamericana. Los que auguramos por un futuro verdaderamente humanista para nuestros pueblos, estaremos marcando el camino de la democracia real, de la desconcentraci\u00f3n de los monopolios, de la no violencia no solo f\u00edsica, sino psicol\u00f3gica y econ\u00f3mica mediante la que acechan los grupos concentrados del poder. Porque los que queremos al ser humano, no perdemos la fe en que hay en el futuro un elevado destino para los hombres y mujeres forjadores de los mejores ideales. <\/p>\n","protected":false},"excerpt":{"rendered":"<p>El gobierno nacional argentino acaba de disolver la Autoridad Federal de Servicios de Comunicaci\u00f3n Audiovisual (AFSCA) y la Autoridad Federal de Tecnolog\u00edas de la Informaci\u00f3n y las Comunicaciones (AFTIC) mediante un Decreto de Necesidad y Urgencia. Con esta acci\u00f3n se&hellip;<\/p>\n","protected":false},"author":20,"featured_media":258061,"comment_status":"closed","ping_status":"open","sticky":false,"template":"","format":"standard","meta":{"footnotes":""},"categories":[75,161,67],"tags":[26,696,22731,523],"class_list":["post-263209","post","type-post","status-publish","format-standard","has-post-thumbnail","hentry","category-cultura-es","category-opiniones","category-sudamerica","tag-argentina","tag-democracia","tag-ley-de-servicios-de-comunicacion-audiovisual","tag-medios-de-comunicacion"],"yoast_head":"<!-- This site is optimized with the Yoast SEO plugin v27.1.1 - https:\/\/yoast.com\/product\/yoast-seo-wordpress\/ -->\n<title>Los medios bajo decreto en Argentina<\/title>\n<meta name=\"description\" content=\"El gobierno nacional argentino acaba de disolver la Autoridad Federal de Servicios de Comunicaci\u00f3n Audiovisual (AFSCA) y la Autoridad Federal de\" \/>\n<meta name=\"robots\" content=\"index, follow, max-snippet:-1, max-image-preview:large, max-video-preview:-1\" \/>\n<link rel=\"canonical\" href=\"https:\/\/www.pressenza.com\/es\/2015\/12\/los-medios-bajo-decreto-en-argentina\/\" \/>\n<meta property=\"og:locale\" content=\"es_ES\" \/>\n<meta property=\"og:type\" content=\"article\" \/>\n<meta property=\"og:title\" content=\"Los medios bajo decreto en Argentina\" \/>\n<meta property=\"og:description\" content=\"El gobierno nacional argentino acaba de disolver la Autoridad Federal de Servicios de Comunicaci\u00f3n Audiovisual (AFSCA) y la Autoridad Federal de\" \/>\n<meta property=\"og:url\" content=\"https:\/\/www.pressenza.com\/es\/2015\/12\/los-medios-bajo-decreto-en-argentina\/\" \/>\n<meta property=\"og:site_name\" content=\"Pressenza\" \/>\n<meta property=\"article:publisher\" content=\"https:\/\/www.facebook.com\/PressenzaItalia\" \/>\n<meta property=\"article:published_time\" content=\"2015-12-30T16:46:55+00:00\" \/>\n<meta property=\"og:image\" content=\"https:\/\/www.pressenza.com\/wp-content\/uploads\/2015\/12\/leymedios.jpg\" \/>\n\t<meta property=\"og:image:width\" content=\"327\" \/>\n\t<meta property=\"og:image:height\" content=\"250\" \/>\n\t<meta property=\"og:image:type\" content=\"image\/jpeg\" \/>\n<meta name=\"author\" content=\"ivan novotny\" \/>\n<meta name=\"twitter:card\" content=\"summary_large_image\" \/>\n<meta name=\"twitter:creator\" content=\"@ivanovotny\" \/>\n<meta name=\"twitter:site\" content=\"@PressenzaIPA\" \/>\n<meta name=\"twitter:label1\" content=\"Escrito por\" \/>\n\t<meta name=\"twitter:data1\" content=\"ivan novotny\" \/>\n\t<meta name=\"twitter:label2\" content=\"Tiempo de lectura\" \/>\n\t<meta name=\"twitter:data2\" content=\"3 minutos\" \/>\n<script type=\"application\/ld+json\" class=\"yoast-schema-graph\">{\"@context\":\"https:\/\/schema.org\",\"@graph\":[{\"@type\":\"Article\",\"@id\":\"https:\/\/www.pressenza.com\/es\/2015\/12\/los-medios-bajo-decreto-en-argentina\/#article\",\"isPartOf\":{\"@id\":\"https:\/\/www.pressenza.com\/es\/2015\/12\/los-medios-bajo-decreto-en-argentina\/\"},\"author\":{\"name\":\"ivan novotny\",\"@id\":\"https:\/\/www.pressenza.com\/es\/#\/schema\/person\/074b2cdde387af1b7a93f788a03ec37a\"},\"headline\":\"Los medios bajo decreto en Argentina\",\"datePublished\":\"2015-12-30T16:46:55+00:00\",\"mainEntityOfPage\":{\"@id\":\"https:\/\/www.pressenza.com\/es\/2015\/12\/los-medios-bajo-decreto-en-argentina\/\"},\"wordCount\":587,\"publisher\":{\"@id\":\"https:\/\/www.pressenza.com\/es\/#organization\"},\"image\":{\"@id\":\"https:\/\/www.pressenza.com\/es\/2015\/12\/los-medios-bajo-decreto-en-argentina\/#primaryimage\"},\"thumbnailUrl\":\"https:\/\/www.pressenza.com\/wp-content\/uploads\/2015\/12\/leymedios.jpg\",\"keywords\":[\"Argentina\",\"Democracia\",\"Ley de Servicios de Comunicaci\u00f3n Audiovisual\",\"medios de comunicaci\u00f3n\"],\"articleSection\":[\"Cultura y Medios\",\"Opiniones\",\"Sudam\u00e9rica\"],\"inLanguage\":\"es\"},{\"@type\":\"WebPage\",\"@id\":\"https:\/\/www.pressenza.com\/es\/2015\/12\/los-medios-bajo-decreto-en-argentina\/\",\"url\":\"https:\/\/www.pressenza.com\/es\/2015\/12\/los-medios-bajo-decreto-en-argentina\/\",\"name\":\"Los medios bajo decreto en Argentina\",\"isPartOf\":{\"@id\":\"https:\/\/www.pressenza.com\/es\/#website\"},\"primaryImageOfPage\":{\"@id\":\"https:\/\/www.pressenza.com\/es\/2015\/12\/los-medios-bajo-decreto-en-argentina\/#primaryimage\"},\"image\":{\"@id\":\"https:\/\/www.pressenza.com\/es\/2015\/12\/los-medios-bajo-decreto-en-argentina\/#primaryimage\"},\"thumbnailUrl\":\"https:\/\/www.pressenza.com\/wp-content\/uploads\/2015\/12\/leymedios.jpg\",\"datePublished\":\"2015-12-30T16:46:55+00:00\",\"description\":\"El gobierno nacional argentino acaba de disolver la Autoridad Federal de Servicios de Comunicaci\u00f3n Audiovisual (AFSCA) y la Autoridad Federal de\",\"breadcrumb\":{\"@id\":\"https:\/\/www.pressenza.com\/es\/2015\/12\/los-medios-bajo-decreto-en-argentina\/#breadcrumb\"},\"inLanguage\":\"es\",\"potentialAction\":[{\"@type\":\"ReadAction\",\"target\":[\"https:\/\/www.pressenza.com\/es\/2015\/12\/los-medios-bajo-decreto-en-argentina\/\"]}]},{\"@type\":\"ImageObject\",\"inLanguage\":\"es\",\"@id\":\"https:\/\/www.pressenza.com\/es\/2015\/12\/los-medios-bajo-decreto-en-argentina\/#primaryimage\",\"url\":\"https:\/\/www.pressenza.com\/wp-content\/uploads\/2015\/12\/leymedios.jpg\",\"contentUrl\":\"https:\/\/www.pressenza.com\/wp-content\/uploads\/2015\/12\/leymedios.jpg\",\"width\":327,\"height\":250},{\"@type\":\"BreadcrumbList\",\"@id\":\"https:\/\/www.pressenza.com\/es\/2015\/12\/los-medios-bajo-decreto-en-argentina\/#breadcrumb\",\"itemListElement\":[{\"@type\":\"ListItem\",\"position\":1,\"name\":\"Accueil\",\"item\":\"https:\/\/www.pressenza.com\/es\/\"},{\"@type\":\"ListItem\",\"position\":2,\"name\":\"Los medios bajo decreto en Argentina\"}]},{\"@type\":\"WebSite\",\"@id\":\"https:\/\/www.pressenza.com\/es\/#website\",\"url\":\"https:\/\/www.pressenza.com\/es\/\",\"name\":\"Pressenza\",\"description\":\"International Press Agency\",\"publisher\":{\"@id\":\"https:\/\/www.pressenza.com\/es\/#organization\"},\"potentialAction\":[{\"@type\":\"SearchAction\",\"target\":{\"@type\":\"EntryPoint\",\"urlTemplate\":\"https:\/\/www.pressenza.com\/es\/?s={search_term_string}\"},\"query-input\":{\"@type\":\"PropertyValueSpecification\",\"valueRequired\":true,\"valueName\":\"search_term_string\"}}],\"inLanguage\":\"es\"},{\"@type\":\"Organization\",\"@id\":\"https:\/\/www.pressenza.com\/es\/#organization\",\"name\":\"Pressenza\",\"url\":\"https:\/\/www.pressenza.com\/es\/\",\"logo\":{\"@type\":\"ImageObject\",\"inLanguage\":\"es\",\"@id\":\"https:\/\/www.pressenza.com\/es\/#\/schema\/logo\/image\/\",\"url\":\"https:\/\/www.pressenza.com\/wp-content\/uploads\/2022\/10\/pressenza_logo_200x200.jpg\",\"contentUrl\":\"https:\/\/www.pressenza.com\/wp-content\/uploads\/2022\/10\/pressenza_logo_200x200.jpg\",\"width\":200,\"height\":200,\"caption\":\"Pressenza\"},\"image\":{\"@id\":\"https:\/\/www.pressenza.com\/es\/#\/schema\/logo\/image\/\"},\"sameAs\":[\"https:\/\/www.facebook.com\/PressenzaItalia\",\"https:\/\/x.com\/PressenzaIPA\"]},{\"@type\":\"Person\",\"@id\":\"https:\/\/www.pressenza.com\/es\/#\/schema\/person\/074b2cdde387af1b7a93f788a03ec37a\",\"name\":\"ivan novotny\",\"description\":\"A graduate in Communication Science from the University of Buenos Aires.\",\"sameAs\":[\"https:\/\/www.instagram.com\/inovotny\",\"https:\/\/x.com\/ivanovotny\"],\"url\":\"https:\/\/www.pressenza.com\/es\/author\/ivan-novotny\/\"}]}<\/script>\n<!-- \/ Yoast SEO plugin. -->","yoast_head_json":{"title":"Los medios bajo decreto en Argentina","description":"El gobierno nacional argentino acaba de disolver la Autoridad Federal de Servicios de Comunicaci\u00f3n Audiovisual (AFSCA) y la Autoridad Federal de","robots":{"index":"index","follow":"follow","max-snippet":"max-snippet:-1","max-image-preview":"max-image-preview:large","max-video-preview":"max-video-preview:-1"},"canonical":"https:\/\/www.pressenza.com\/es\/2015\/12\/los-medios-bajo-decreto-en-argentina\/","og_locale":"es_ES","og_type":"article","og_title":"Los medios bajo decreto en Argentina","og_description":"El gobierno nacional argentino acaba de disolver la Autoridad Federal de Servicios de Comunicaci\u00f3n Audiovisual (AFSCA) y la Autoridad Federal de","og_url":"https:\/\/www.pressenza.com\/es\/2015\/12\/los-medios-bajo-decreto-en-argentina\/","og_site_name":"Pressenza","article_publisher":"https:\/\/www.facebook.com\/PressenzaItalia","article_published_time":"2015-12-30T16:46:55+00:00","og_image":[{"width":327,"height":250,"url":"https:\/\/www.pressenza.com\/wp-content\/uploads\/2015\/12\/leymedios.jpg","type":"image\/jpeg"}],"author":"ivan novotny","twitter_card":"summary_large_image","twitter_creator":"@ivanovotny","twitter_site":"@PressenzaIPA","twitter_misc":{"Escrito por":"ivan novotny","Tiempo de lectura":"3 minutos"},"schema":{"@context":"https:\/\/schema.org","@graph":[{"@type":"Article","@id":"https:\/\/www.pressenza.com\/es\/2015\/12\/los-medios-bajo-decreto-en-argentina\/#article","isPartOf":{"@id":"https:\/\/www.pressenza.com\/es\/2015\/12\/los-medios-bajo-decreto-en-argentina\/"},"author":{"name":"ivan novotny","@id":"https:\/\/www.pressenza.com\/es\/#\/schema\/person\/074b2cdde387af1b7a93f788a03ec37a"},"headline":"Los medios bajo decreto en Argentina","datePublished":"2015-12-30T16:46:55+00:00","mainEntityOfPage":{"@id":"https:\/\/www.pressenza.com\/es\/2015\/12\/los-medios-bajo-decreto-en-argentina\/"},"wordCount":587,"publisher":{"@id":"https:\/\/www.pressenza.com\/es\/#organization"},"image":{"@id":"https:\/\/www.pressenza.com\/es\/2015\/12\/los-medios-bajo-decreto-en-argentina\/#primaryimage"},"thumbnailUrl":"https:\/\/www.pressenza.com\/wp-content\/uploads\/2015\/12\/leymedios.jpg","keywords":["Argentina","Democracia","Ley de Servicios de Comunicaci\u00f3n Audiovisual","medios de comunicaci\u00f3n"],"articleSection":["Cultura y Medios","Opiniones","Sudam\u00e9rica"],"inLanguage":"es"},{"@type":"WebPage","@id":"https:\/\/www.pressenza.com\/es\/2015\/12\/los-medios-bajo-decreto-en-argentina\/","url":"https:\/\/www.pressenza.com\/es\/2015\/12\/los-medios-bajo-decreto-en-argentina\/","name":"Los medios bajo decreto en Argentina","isPartOf":{"@id":"https:\/\/www.pressenza.com\/es\/#website"},"primaryImageOfPage":{"@id":"https:\/\/www.pressenza.com\/es\/2015\/12\/los-medios-bajo-decreto-en-argentina\/#primaryimage"},"image":{"@id":"https:\/\/www.pressenza.com\/es\/2015\/12\/los-medios-bajo-decreto-en-argentina\/#primaryimage"},"thumbnailUrl":"https:\/\/www.pressenza.com\/wp-content\/uploads\/2015\/12\/leymedios.jpg","datePublished":"2015-12-30T16:46:55+00:00","description":"El gobierno nacional argentino acaba de disolver la Autoridad Federal de Servicios de Comunicaci\u00f3n Audiovisual (AFSCA) y la Autoridad Federal de","breadcrumb":{"@id":"https:\/\/www.pressenza.com\/es\/2015\/12\/los-medios-bajo-decreto-en-argentina\/#breadcrumb"},"inLanguage":"es","potentialAction":[{"@type":"ReadAction","target":["https:\/\/www.pressenza.com\/es\/2015\/12\/los-medios-bajo-decreto-en-argentina\/"]}]},{"@type":"ImageObject","inLanguage":"es","@id":"https:\/\/www.pressenza.com\/es\/2015\/12\/los-medios-bajo-decreto-en-argentina\/#primaryimage","url":"https:\/\/www.pressenza.com\/wp-content\/uploads\/2015\/12\/leymedios.jpg","contentUrl":"https:\/\/www.pressenza.com\/wp-content\/uploads\/2015\/12\/leymedios.jpg","width":327,"height":250},{"@type":"BreadcrumbList","@id":"https:\/\/www.pressenza.com\/es\/2015\/12\/los-medios-bajo-decreto-en-argentina\/#breadcrumb","itemListElement":[{"@type":"ListItem","position":1,"name":"Accueil","item":"https:\/\/www.pressenza.com\/es\/"},{"@type":"ListItem","position":2,"name":"Los medios bajo decreto en Argentina"}]},{"@type":"WebSite","@id":"https:\/\/www.pressenza.com\/es\/#website","url":"https:\/\/www.pressenza.com\/es\/","name":"Pressenza","description":"International Press Agency","publisher":{"@id":"https:\/\/www.pressenza.com\/es\/#organization"},"potentialAction":[{"@type":"SearchAction","target":{"@type":"EntryPoint","urlTemplate":"https:\/\/www.pressenza.com\/es\/?s={search_term_string}"},"query-input":{"@type":"PropertyValueSpecification","valueRequired":true,"valueName":"search_term_string"}}],"inLanguage":"es"},{"@type":"Organization","@id":"https:\/\/www.pressenza.com\/es\/#organization","name":"Pressenza","url":"https:\/\/www.pressenza.com\/es\/","logo":{"@type":"ImageObject","inLanguage":"es","@id":"https:\/\/www.pressenza.com\/es\/#\/schema\/logo\/image\/","url":"https:\/\/www.pressenza.com\/wp-content\/uploads\/2022\/10\/pressenza_logo_200x200.jpg","contentUrl":"https:\/\/www.pressenza.com\/wp-content\/uploads\/2022\/10\/pressenza_logo_200x200.jpg","width":200,"height":200,"caption":"Pressenza"},"image":{"@id":"https:\/\/www.pressenza.com\/es\/#\/schema\/logo\/image\/"},"sameAs":["https:\/\/www.facebook.com\/PressenzaItalia","https:\/\/x.com\/PressenzaIPA"]},{"@type":"Person","@id":"https:\/\/www.pressenza.com\/es\/#\/schema\/person\/074b2cdde387af1b7a93f788a03ec37a","name":"ivan novotny","description":"A graduate in Communication Science from the University of Buenos Aires.","sameAs":["https:\/\/www.instagram.com\/inovotny","https:\/\/x.com\/ivanovotny"],"url":"https:\/\/www.pressenza.com\/es\/author\/ivan-novotny\/"}]}},"place":"Buenos Aires","original_article_url":"","_links":{"self":[{"href":"https:\/\/www.pressenza.com\/es\/wp-json\/wp\/v2\/posts\/263209","targetHints":{"allow":["GET"]}}],"collection":[{"href":"https:\/\/www.pressenza.com\/es\/wp-json\/wp\/v2\/posts"}],"about":[{"href":"https:\/\/www.pressenza.com\/es\/wp-json\/wp\/v2\/types\/post"}],"author":[{"embeddable":true,"href":"https:\/\/www.pressenza.com\/es\/wp-json\/wp\/v2\/users\/20"}],"replies":[{"embeddable":true,"href":"https:\/\/www.pressenza.com\/es\/wp-json\/wp\/v2\/comments?post=263209"}],"version-history":[{"count":0,"href":"https:\/\/www.pressenza.com\/es\/wp-json\/wp\/v2\/posts\/263209\/revisions"}],"wp:featuredmedia":[{"embeddable":true,"href":"https:\/\/www.pressenza.com\/es\/wp-json\/wp\/v2\/media\/258061"}],"wp:attachment":[{"href":"https:\/\/www.pressenza.com\/es\/wp-json\/wp\/v2\/media?parent=263209"}],"wp:term":[{"taxonomy":"category","embeddable":true,"href":"https:\/\/www.pressenza.com\/es\/wp-json\/wp\/v2\/categories?post=263209"},{"taxonomy":"post_tag","embeddable":true,"href":"https:\/\/www.pressenza.com\/es\/wp-json\/wp\/v2\/tags?post=263209"}],"curies":[{"name":"wp","href":"https:\/\/api.w.org\/{rel}","templated":true}]}}