{"id":2631843,"date":"2025-09-01T16:21:36","date_gmt":"2025-09-01T15:21:36","guid":{"rendered":"https:\/\/www.pressenza.com\/?p=2631843"},"modified":"2025-09-01T16:21:36","modified_gmt":"2025-09-01T15:21:36","slug":"desde-el-estado-a-las-empresas-extractivistas-los-grandes-responsables-tras-los-16-casos-de-desapariciones-forzadas-en-chile-postdictadura","status":"publish","type":"post","link":"https:\/\/www.pressenza.com\/es\/2025\/09\/desde-el-estado-a-las-empresas-extractivistas-los-grandes-responsables-tras-los-16-casos-de-desapariciones-forzadas-en-chile-postdictadura\/","title":{"rendered":"Desde el Estado a las empresas extractivistas: los grandes responsables tras los 16 casos de desapariciones forzadas en Chile postdictadura"},"content":{"rendered":"<p>En el marco del D\u00eda Internacional de las V\u00edctimas de Desapariciones Forzadas, el Movimiento contra la Tortura Sebasti\u00e1n Acevedo denunci\u00f3 los casos de diecis\u00e9is personas en una acci\u00f3n que<br \/>\nse desarroll\u00f3 el s\u00e1bado 30 de agosto en la explanada de la Catedral de Santiago, frente a la Plaza de Armas, donde los activistas desplegaron un lienzo y pancartas con los nombres e historias de las v\u00edctimas de este flagelo durante los gobiernos de postdictadura en Chile.<\/p>\n<p>En su denuncia, el Movimiento destac\u00f3 que tal como antes lo hizo la dictadura c\u00edvico militar que se impuso en Chile tras el golpe de Estado de 1973 y que traspas\u00f3 el mando de la naci\u00f3n a gobiernos civiles en 1990, los que consolidaron y profundizaron el modelo neoliberal impuesto, hoy las Fuerzas Armadas y de Orden, as\u00ed como la gran industria extractivista -forestal, pesquera, salmonera y minera-, est\u00e1n detr\u00e1s de las desapariciones forzadas ante las cuales el Poder Judicial act\u00faa en forma indolente mientras los medios de comunicaci\u00f3n masivos callan.<\/p>\n<p>Reiterando su denuncia de los \u00faltimos meses sobre las desapariciones forzadas de Hugo Arispe Carvajal, Ricardo Harex Gonz\u00e1lez (ambos en 2001); Jos\u00e9 Huenante Huenante (2005), Ram\u00f3n<br \/>\nPacheco Giacomozzi (2008), Jos\u00e9 Vergara Espinoza (2015), Geraldo Monarez Pe\u00f1a (2019), y Jean Fedor Louis (2020). En todos estos casos testigos presenciales o investigaciones judiciales han comprobado la participaci\u00f3n por acci\u00f3n u omisi\u00f3n de las fuerzas policiales, la de prisiones &#8211; Gendarmer\u00eda-, as\u00ed como la tard\u00eda o deficiente acci\u00f3n del Poder Judicial.<\/p>\n<p>El Movimiento no solo apunt\u00f3 a los poderes y agentes del Estado. En su denuncia del s\u00e1bado 30 tambi\u00e9n se\u00f1al\u00f3 a las industrias extractivistas que, en un modelo de explotaci\u00f3n salvaje, envenenan la tierra, el aire, los mares y desprecian la vida. En este escenario, se mencion\u00f3 a los siete pescadores desaparecidos el 30 de marzo de este a\u00f1o cuando el barco pesquero industrial Cobra \u2013de la empresa Blumar SA-, arroll\u00f3 a la lancha pesquera artesanal Bruma seg\u00fan se ha ido estableciendo en las investigaciones en curso. Producto del impacto, la embarcaci\u00f3n menor<br \/>\npr\u00e1cticamente se pulveriz\u00f3 perdi\u00e9ndose el rastro de sus ocupantes: el armador y patr\u00f3n Jos\u00e9 Luis Medel Gonz\u00e1lez y los tripulantes Jos\u00e9 Fernando Carrasco Gonz\u00e1lez, Carlos Hugo Esc\u00e1rate Ram\u00edrez, Julio Eduardo Gallardo D\u00edaz, Jos\u00e9 Luis Medel Sep\u00falveda, Juan Jorge Mu\u00f1oz Balladares y Jonathan Daniel Torres Salda\u00f1a.<\/p>\n<p>A ellos se suman dos mujeres: la lamngen mapuche Julia Chu\u00f1il, cuyo rastro se perdi\u00f3 el 8 de noviembre de 2024 en la Regi\u00f3n de los R\u00edos, al sur del pa\u00eds. Antes de su desaparici\u00f3n forzada, la<br \/>\ndefensora del bosque nativo recibi\u00f3 amenazas y hostigamientos por parte de empresarios dedicados a la explotaci\u00f3n forestal. El segundo caso corresponde a la concejala Mar\u00eda Ignacia<br \/>\nGonz\u00e1lez, desaparecida desde el 15 de junio de este a\u00f1o cuando se dirig\u00eda a participar en labores de ayuda a vecinos afectados por los temporales en la Regi\u00f3n del Maule. En este caso el reproche al Gobierno es por no haber iniciado acciones judiciales tendientes a esclarecer los hechos ante la desaparici\u00f3n forzada de una representante electa por la ciudadan\u00eda para el gobierno local.<\/p>\n<p>Tras su proclama frente a la Plaza de Armas de Santiago, los integrantes del Movimiento contra la Tortura Sebasti\u00e1n Acevedo enfilaron por las c\u00e9ntricas calles de Santiago exhibiendo el lienzo y pancartas, adem\u00e1s de repartir librillos con las historias de estas diecis\u00e9is v\u00edctimas de desaparici\u00f3n forzada, buscando generar en la ciudadan\u00eda conciencia de esta oscura realidad que los grandes medios de comunicaci\u00f3n callan.<\/p>\n","protected":false},"excerpt":{"rendered":"<p>En el marco del D\u00eda Internacional de las V\u00edctimas de Desapariciones Forzadas, el Movimiento contra la Tortura Sebasti\u00e1n Acevedo denunci\u00f3 los casos de diecis\u00e9is personas en una acci\u00f3n que se desarroll\u00f3 el s\u00e1bado 30 de agosto en la explanada de&hellip;<\/p>\n","protected":false},"author":43,"featured_media":2631845,"comment_status":"closed","ping_status":"closed","sticky":false,"template":"","format":"standard","meta":{"footnotes":""},"categories":[149,11389,79,67],"tags":[29,441,39648,120119],"class_list":["post-2631843","post","type-post","status-publish","format-standard","has-post-thumbnail","hentry","category-comunicados-de-prensa","category-contenido-original","category-derechos-humanos","category-sudamerica","tag-chile","tag-derechos-humanos","tag-desapariciones-forzadas","tag-movimiento-contra-la-tortura-sebastian-acevedo"],"yoast_head":"<!-- This site is optimized with the Yoast SEO plugin v27.1.1 - https:\/\/yoast.com\/product\/yoast-seo-wordpress\/ -->\n<title>Desde el Estado a las empresas extractivistas: los grandes responsables tras los 16 casos de desapariciones forzadas en Chile postdictadura<\/title>\n<meta name=\"description\" content=\"En el marco del D\u00eda Internacional de las V\u00edctimas de Desapariciones Forzadas, el Movimiento contra la Tortura Sebasti\u00e1n Acevedo denunci\u00f3 los casos de\" \/>\n<meta name=\"robots\" content=\"index, follow, max-snippet:-1, max-image-preview:large, max-video-preview:-1\" \/>\n<link rel=\"canonical\" href=\"https:\/\/www.pressenza.com\/es\/2025\/09\/desde-el-estado-a-las-empresas-extractivistas-los-grandes-responsables-tras-los-16-casos-de-desapariciones-forzadas-en-chile-postdictadura\/\" \/>\n<meta property=\"og:locale\" content=\"es_ES\" \/>\n<meta property=\"og:type\" content=\"article\" \/>\n<meta property=\"og:title\" content=\"Desde el Estado a las empresas extractivistas: los grandes responsables tras los 16 casos de desapariciones forzadas en Chile postdictadura\" \/>\n<meta property=\"og:description\" content=\"En el marco del D\u00eda Internacional de las V\u00edctimas de Desapariciones Forzadas, el Movimiento contra la Tortura Sebasti\u00e1n Acevedo denunci\u00f3 los casos de\" \/>\n<meta property=\"og:url\" content=\"https:\/\/www.pressenza.com\/es\/2025\/09\/desde-el-estado-a-las-empresas-extractivistas-los-grandes-responsables-tras-los-16-casos-de-desapariciones-forzadas-en-chile-postdictadura\/\" \/>\n<meta property=\"og:site_name\" content=\"Pressenza\" \/>\n<meta property=\"article:publisher\" content=\"https:\/\/www.facebook.com\/PressenzaItalia\" \/>\n<meta property=\"article:author\" content=\"https:\/\/www.facebook.com\/pressenza\" \/>\n<meta property=\"article:published_time\" content=\"2025-09-01T15:21:36+00:00\" \/>\n<meta property=\"og:image\" content=\"https:\/\/www.pressenza.com\/wp-content\/uploads\/2025\/09\/desapariciones-forzadas-2025.jpg\" \/>\n\t<meta property=\"og:image:width\" content=\"1365\" \/>\n\t<meta property=\"og:image:height\" content=\"426\" \/>\n\t<meta property=\"og:image:type\" content=\"image\/jpeg\" \/>\n<meta name=\"author\" content=\"Redacci\u00f3n Chile\" \/>\n<meta name=\"twitter:card\" content=\"summary_large_image\" \/>\n<meta name=\"twitter:creator\" content=\"@pressenza\" \/>\n<meta name=\"twitter:site\" content=\"@PressenzaIPA\" \/>\n<meta name=\"twitter:label1\" content=\"Escrito por\" \/>\n\t<meta name=\"twitter:data1\" content=\"Redacci\u00f3n Chile\" \/>\n\t<meta name=\"twitter:label2\" content=\"Tiempo de lectura\" \/>\n\t<meta name=\"twitter:data2\" content=\"3 minutos\" \/>\n<script type=\"application\/ld+json\" class=\"yoast-schema-graph\">{\"@context\":\"https:\/\/schema.org\",\"@graph\":[{\"@type\":\"Article\",\"@id\":\"https:\/\/www.pressenza.com\/es\/2025\/09\/desde-el-estado-a-las-empresas-extractivistas-los-grandes-responsables-tras-los-16-casos-de-desapariciones-forzadas-en-chile-postdictadura\/#article\",\"isPartOf\":{\"@id\":\"https:\/\/www.pressenza.com\/es\/2025\/09\/desde-el-estado-a-las-empresas-extractivistas-los-grandes-responsables-tras-los-16-casos-de-desapariciones-forzadas-en-chile-postdictadura\/\"},\"author\":{\"name\":\"Redacci\u00f3n Chile\",\"@id\":\"https:\/\/www.pressenza.com\/es\/#\/schema\/person\/d7db40df35d6698ba69ba9ee260944ed\"},\"headline\":\"Desde el Estado a las empresas extractivistas: los grandes responsables tras los 16 casos de desapariciones forzadas en Chile postdictadura\",\"datePublished\":\"2025-09-01T15:21:36+00:00\",\"mainEntityOfPage\":{\"@id\":\"https:\/\/www.pressenza.com\/es\/2025\/09\/desde-el-estado-a-las-empresas-extractivistas-los-grandes-responsables-tras-los-16-casos-de-desapariciones-forzadas-en-chile-postdictadura\/\"},\"wordCount\":639,\"publisher\":{\"@id\":\"https:\/\/www.pressenza.com\/es\/#organization\"},\"image\":{\"@id\":\"https:\/\/www.pressenza.com\/es\/2025\/09\/desde-el-estado-a-las-empresas-extractivistas-los-grandes-responsables-tras-los-16-casos-de-desapariciones-forzadas-en-chile-postdictadura\/#primaryimage\"},\"thumbnailUrl\":\"https:\/\/www.pressenza.com\/wp-content\/uploads\/2025\/09\/desapariciones-forzadas-2025.jpg\",\"keywords\":[\"Chile\",\"Derechos humanos\",\"desapariciones forzadas\",\"Movimiento contra la tortura Sebasti\u00e1n Acevedo\"],\"articleSection\":[\"Comunicados de Prensa\",\"Contenido Original\",\"Derechos Humanos\",\"Sudam\u00e9rica\"],\"inLanguage\":\"es\"},{\"@type\":\"WebPage\",\"@id\":\"https:\/\/www.pressenza.com\/es\/2025\/09\/desde-el-estado-a-las-empresas-extractivistas-los-grandes-responsables-tras-los-16-casos-de-desapariciones-forzadas-en-chile-postdictadura\/\",\"url\":\"https:\/\/www.pressenza.com\/es\/2025\/09\/desde-el-estado-a-las-empresas-extractivistas-los-grandes-responsables-tras-los-16-casos-de-desapariciones-forzadas-en-chile-postdictadura\/\",\"name\":\"Desde el Estado a las empresas extractivistas: los grandes responsables tras los 16 casos de desapariciones forzadas en Chile postdictadura\",\"isPartOf\":{\"@id\":\"https:\/\/www.pressenza.com\/es\/#website\"},\"primaryImageOfPage\":{\"@id\":\"https:\/\/www.pressenza.com\/es\/2025\/09\/desde-el-estado-a-las-empresas-extractivistas-los-grandes-responsables-tras-los-16-casos-de-desapariciones-forzadas-en-chile-postdictadura\/#primaryimage\"},\"image\":{\"@id\":\"https:\/\/www.pressenza.com\/es\/2025\/09\/desde-el-estado-a-las-empresas-extractivistas-los-grandes-responsables-tras-los-16-casos-de-desapariciones-forzadas-en-chile-postdictadura\/#primaryimage\"},\"thumbnailUrl\":\"https:\/\/www.pressenza.com\/wp-content\/uploads\/2025\/09\/desapariciones-forzadas-2025.jpg\",\"datePublished\":\"2025-09-01T15:21:36+00:00\",\"description\":\"En el marco del D\u00eda Internacional de las V\u00edctimas de Desapariciones Forzadas, el Movimiento contra la Tortura Sebasti\u00e1n Acevedo denunci\u00f3 los casos de\",\"breadcrumb\":{\"@id\":\"https:\/\/www.pressenza.com\/es\/2025\/09\/desde-el-estado-a-las-empresas-extractivistas-los-grandes-responsables-tras-los-16-casos-de-desapariciones-forzadas-en-chile-postdictadura\/#breadcrumb\"},\"inLanguage\":\"es\",\"potentialAction\":[{\"@type\":\"ReadAction\",\"target\":[\"https:\/\/www.pressenza.com\/es\/2025\/09\/desde-el-estado-a-las-empresas-extractivistas-los-grandes-responsables-tras-los-16-casos-de-desapariciones-forzadas-en-chile-postdictadura\/\"]}]},{\"@type\":\"ImageObject\",\"inLanguage\":\"es\",\"@id\":\"https:\/\/www.pressenza.com\/es\/2025\/09\/desde-el-estado-a-las-empresas-extractivistas-los-grandes-responsables-tras-los-16-casos-de-desapariciones-forzadas-en-chile-postdictadura\/#primaryimage\",\"url\":\"https:\/\/www.pressenza.com\/wp-content\/uploads\/2025\/09\/desapariciones-forzadas-2025.jpg\",\"contentUrl\":\"https:\/\/www.pressenza.com\/wp-content\/uploads\/2025\/09\/desapariciones-forzadas-2025.jpg\",\"width\":1365,\"height\":426},{\"@type\":\"BreadcrumbList\",\"@id\":\"https:\/\/www.pressenza.com\/es\/2025\/09\/desde-el-estado-a-las-empresas-extractivistas-los-grandes-responsables-tras-los-16-casos-de-desapariciones-forzadas-en-chile-postdictadura\/#breadcrumb\",\"itemListElement\":[{\"@type\":\"ListItem\",\"position\":1,\"name\":\"Accueil\",\"item\":\"https:\/\/www.pressenza.com\/es\/\"},{\"@type\":\"ListItem\",\"position\":2,\"name\":\"Desde el Estado a las empresas extractivistas: los grandes responsables tras los 16 casos de desapariciones forzadas en Chile postdictadura\"}]},{\"@type\":\"WebSite\",\"@id\":\"https:\/\/www.pressenza.com\/es\/#website\",\"url\":\"https:\/\/www.pressenza.com\/es\/\",\"name\":\"Pressenza\",\"description\":\"International Press Agency\",\"publisher\":{\"@id\":\"https:\/\/www.pressenza.com\/es\/#organization\"},\"potentialAction\":[{\"@type\":\"SearchAction\",\"target\":{\"@type\":\"EntryPoint\",\"urlTemplate\":\"https:\/\/www.pressenza.com\/es\/?s={search_term_string}\"},\"query-input\":{\"@type\":\"PropertyValueSpecification\",\"valueRequired\":true,\"valueName\":\"search_term_string\"}}],\"inLanguage\":\"es\"},{\"@type\":\"Organization\",\"@id\":\"https:\/\/www.pressenza.com\/es\/#organization\",\"name\":\"Pressenza\",\"url\":\"https:\/\/www.pressenza.com\/es\/\",\"logo\":{\"@type\":\"ImageObject\",\"inLanguage\":\"es\",\"@id\":\"https:\/\/www.pressenza.com\/es\/#\/schema\/logo\/image\/\",\"url\":\"https:\/\/www.pressenza.com\/wp-content\/uploads\/2022\/10\/pressenza_logo_200x200.jpg\",\"contentUrl\":\"https:\/\/www.pressenza.com\/wp-content\/uploads\/2022\/10\/pressenza_logo_200x200.jpg\",\"width\":200,\"height\":200,\"caption\":\"Pressenza\"},\"image\":{\"@id\":\"https:\/\/www.pressenza.com\/es\/#\/schema\/logo\/image\/\"},\"sameAs\":[\"https:\/\/www.facebook.com\/PressenzaItalia\",\"https:\/\/x.com\/PressenzaIPA\"]},{\"@type\":\"Person\",\"@id\":\"https:\/\/www.pressenza.com\/es\/#\/schema\/person\/d7db40df35d6698ba69ba9ee260944ed\",\"name\":\"Redacci\u00f3n Chile\",\"description\":\"News from the Pressenza Bureau in Chile\",\"sameAs\":[\"https:\/\/www.facebook.com\/pressenza\",\"https:\/\/x.com\/pressenza\"],\"url\":\"https:\/\/www.pressenza.com\/es\/author\/redaccion-chile\/\"}]}<\/script>\n<!-- \/ Yoast SEO plugin. -->","yoast_head_json":{"title":"Desde el Estado a las empresas extractivistas: los grandes responsables tras los 16 casos de desapariciones forzadas en Chile postdictadura","description":"En el marco del D\u00eda Internacional de las V\u00edctimas de Desapariciones Forzadas, el Movimiento contra la Tortura Sebasti\u00e1n Acevedo denunci\u00f3 los casos de","robots":{"index":"index","follow":"follow","max-snippet":"max-snippet:-1","max-image-preview":"max-image-preview:large","max-video-preview":"max-video-preview:-1"},"canonical":"https:\/\/www.pressenza.com\/es\/2025\/09\/desde-el-estado-a-las-empresas-extractivistas-los-grandes-responsables-tras-los-16-casos-de-desapariciones-forzadas-en-chile-postdictadura\/","og_locale":"es_ES","og_type":"article","og_title":"Desde el Estado a las empresas extractivistas: los grandes responsables tras los 16 casos de desapariciones forzadas en Chile postdictadura","og_description":"En el marco del D\u00eda Internacional de las V\u00edctimas de Desapariciones Forzadas, el Movimiento contra la Tortura Sebasti\u00e1n Acevedo denunci\u00f3 los casos de","og_url":"https:\/\/www.pressenza.com\/es\/2025\/09\/desde-el-estado-a-las-empresas-extractivistas-los-grandes-responsables-tras-los-16-casos-de-desapariciones-forzadas-en-chile-postdictadura\/","og_site_name":"Pressenza","article_publisher":"https:\/\/www.facebook.com\/PressenzaItalia","article_author":"https:\/\/www.facebook.com\/pressenza","article_published_time":"2025-09-01T15:21:36+00:00","og_image":[{"width":1365,"height":426,"url":"https:\/\/www.pressenza.com\/wp-content\/uploads\/2025\/09\/desapariciones-forzadas-2025.jpg","type":"image\/jpeg"}],"author":"Redacci\u00f3n Chile","twitter_card":"summary_large_image","twitter_creator":"@pressenza","twitter_site":"@PressenzaIPA","twitter_misc":{"Escrito por":"Redacci\u00f3n Chile","Tiempo de lectura":"3 minutos"},"schema":{"@context":"https:\/\/schema.org","@graph":[{"@type":"Article","@id":"https:\/\/www.pressenza.com\/es\/2025\/09\/desde-el-estado-a-las-empresas-extractivistas-los-grandes-responsables-tras-los-16-casos-de-desapariciones-forzadas-en-chile-postdictadura\/#article","isPartOf":{"@id":"https:\/\/www.pressenza.com\/es\/2025\/09\/desde-el-estado-a-las-empresas-extractivistas-los-grandes-responsables-tras-los-16-casos-de-desapariciones-forzadas-en-chile-postdictadura\/"},"author":{"name":"Redacci\u00f3n Chile","@id":"https:\/\/www.pressenza.com\/es\/#\/schema\/person\/d7db40df35d6698ba69ba9ee260944ed"},"headline":"Desde el Estado a las empresas extractivistas: los grandes responsables tras los 16 casos de desapariciones forzadas en Chile postdictadura","datePublished":"2025-09-01T15:21:36+00:00","mainEntityOfPage":{"@id":"https:\/\/www.pressenza.com\/es\/2025\/09\/desde-el-estado-a-las-empresas-extractivistas-los-grandes-responsables-tras-los-16-casos-de-desapariciones-forzadas-en-chile-postdictadura\/"},"wordCount":639,"publisher":{"@id":"https:\/\/www.pressenza.com\/es\/#organization"},"image":{"@id":"https:\/\/www.pressenza.com\/es\/2025\/09\/desde-el-estado-a-las-empresas-extractivistas-los-grandes-responsables-tras-los-16-casos-de-desapariciones-forzadas-en-chile-postdictadura\/#primaryimage"},"thumbnailUrl":"https:\/\/www.pressenza.com\/wp-content\/uploads\/2025\/09\/desapariciones-forzadas-2025.jpg","keywords":["Chile","Derechos humanos","desapariciones forzadas","Movimiento contra la tortura Sebasti\u00e1n Acevedo"],"articleSection":["Comunicados de Prensa","Contenido Original","Derechos Humanos","Sudam\u00e9rica"],"inLanguage":"es"},{"@type":"WebPage","@id":"https:\/\/www.pressenza.com\/es\/2025\/09\/desde-el-estado-a-las-empresas-extractivistas-los-grandes-responsables-tras-los-16-casos-de-desapariciones-forzadas-en-chile-postdictadura\/","url":"https:\/\/www.pressenza.com\/es\/2025\/09\/desde-el-estado-a-las-empresas-extractivistas-los-grandes-responsables-tras-los-16-casos-de-desapariciones-forzadas-en-chile-postdictadura\/","name":"Desde el Estado a las empresas extractivistas: los grandes responsables tras los 16 casos de desapariciones forzadas en Chile postdictadura","isPartOf":{"@id":"https:\/\/www.pressenza.com\/es\/#website"},"primaryImageOfPage":{"@id":"https:\/\/www.pressenza.com\/es\/2025\/09\/desde-el-estado-a-las-empresas-extractivistas-los-grandes-responsables-tras-los-16-casos-de-desapariciones-forzadas-en-chile-postdictadura\/#primaryimage"},"image":{"@id":"https:\/\/www.pressenza.com\/es\/2025\/09\/desde-el-estado-a-las-empresas-extractivistas-los-grandes-responsables-tras-los-16-casos-de-desapariciones-forzadas-en-chile-postdictadura\/#primaryimage"},"thumbnailUrl":"https:\/\/www.pressenza.com\/wp-content\/uploads\/2025\/09\/desapariciones-forzadas-2025.jpg","datePublished":"2025-09-01T15:21:36+00:00","description":"En el marco del D\u00eda Internacional de las V\u00edctimas de Desapariciones Forzadas, el Movimiento contra la Tortura Sebasti\u00e1n Acevedo denunci\u00f3 los casos de","breadcrumb":{"@id":"https:\/\/www.pressenza.com\/es\/2025\/09\/desde-el-estado-a-las-empresas-extractivistas-los-grandes-responsables-tras-los-16-casos-de-desapariciones-forzadas-en-chile-postdictadura\/#breadcrumb"},"inLanguage":"es","potentialAction":[{"@type":"ReadAction","target":["https:\/\/www.pressenza.com\/es\/2025\/09\/desde-el-estado-a-las-empresas-extractivistas-los-grandes-responsables-tras-los-16-casos-de-desapariciones-forzadas-en-chile-postdictadura\/"]}]},{"@type":"ImageObject","inLanguage":"es","@id":"https:\/\/www.pressenza.com\/es\/2025\/09\/desde-el-estado-a-las-empresas-extractivistas-los-grandes-responsables-tras-los-16-casos-de-desapariciones-forzadas-en-chile-postdictadura\/#primaryimage","url":"https:\/\/www.pressenza.com\/wp-content\/uploads\/2025\/09\/desapariciones-forzadas-2025.jpg","contentUrl":"https:\/\/www.pressenza.com\/wp-content\/uploads\/2025\/09\/desapariciones-forzadas-2025.jpg","width":1365,"height":426},{"@type":"BreadcrumbList","@id":"https:\/\/www.pressenza.com\/es\/2025\/09\/desde-el-estado-a-las-empresas-extractivistas-los-grandes-responsables-tras-los-16-casos-de-desapariciones-forzadas-en-chile-postdictadura\/#breadcrumb","itemListElement":[{"@type":"ListItem","position":1,"name":"Accueil","item":"https:\/\/www.pressenza.com\/es\/"},{"@type":"ListItem","position":2,"name":"Desde el Estado a las empresas extractivistas: los grandes responsables tras los 16 casos de desapariciones forzadas en Chile postdictadura"}]},{"@type":"WebSite","@id":"https:\/\/www.pressenza.com\/es\/#website","url":"https:\/\/www.pressenza.com\/es\/","name":"Pressenza","description":"International Press Agency","publisher":{"@id":"https:\/\/www.pressenza.com\/es\/#organization"},"potentialAction":[{"@type":"SearchAction","target":{"@type":"EntryPoint","urlTemplate":"https:\/\/www.pressenza.com\/es\/?s={search_term_string}"},"query-input":{"@type":"PropertyValueSpecification","valueRequired":true,"valueName":"search_term_string"}}],"inLanguage":"es"},{"@type":"Organization","@id":"https:\/\/www.pressenza.com\/es\/#organization","name":"Pressenza","url":"https:\/\/www.pressenza.com\/es\/","logo":{"@type":"ImageObject","inLanguage":"es","@id":"https:\/\/www.pressenza.com\/es\/#\/schema\/logo\/image\/","url":"https:\/\/www.pressenza.com\/wp-content\/uploads\/2022\/10\/pressenza_logo_200x200.jpg","contentUrl":"https:\/\/www.pressenza.com\/wp-content\/uploads\/2022\/10\/pressenza_logo_200x200.jpg","width":200,"height":200,"caption":"Pressenza"},"image":{"@id":"https:\/\/www.pressenza.com\/es\/#\/schema\/logo\/image\/"},"sameAs":["https:\/\/www.facebook.com\/PressenzaItalia","https:\/\/x.com\/PressenzaIPA"]},{"@type":"Person","@id":"https:\/\/www.pressenza.com\/es\/#\/schema\/person\/d7db40df35d6698ba69ba9ee260944ed","name":"Redacci\u00f3n Chile","description":"News from the Pressenza Bureau in Chile","sameAs":["https:\/\/www.facebook.com\/pressenza","https:\/\/x.com\/pressenza"],"url":"https:\/\/www.pressenza.com\/es\/author\/redaccion-chile\/"}]}},"place":"Santiago de Chile","original_article_url":"","_links":{"self":[{"href":"https:\/\/www.pressenza.com\/es\/wp-json\/wp\/v2\/posts\/2631843","targetHints":{"allow":["GET"]}}],"collection":[{"href":"https:\/\/www.pressenza.com\/es\/wp-json\/wp\/v2\/posts"}],"about":[{"href":"https:\/\/www.pressenza.com\/es\/wp-json\/wp\/v2\/types\/post"}],"author":[{"embeddable":true,"href":"https:\/\/www.pressenza.com\/es\/wp-json\/wp\/v2\/users\/43"}],"replies":[{"embeddable":true,"href":"https:\/\/www.pressenza.com\/es\/wp-json\/wp\/v2\/comments?post=2631843"}],"version-history":[{"count":1,"href":"https:\/\/www.pressenza.com\/es\/wp-json\/wp\/v2\/posts\/2631843\/revisions"}],"predecessor-version":[{"id":2631849,"href":"https:\/\/www.pressenza.com\/es\/wp-json\/wp\/v2\/posts\/2631843\/revisions\/2631849"}],"wp:featuredmedia":[{"embeddable":true,"href":"https:\/\/www.pressenza.com\/es\/wp-json\/wp\/v2\/media\/2631845"}],"wp:attachment":[{"href":"https:\/\/www.pressenza.com\/es\/wp-json\/wp\/v2\/media?parent=2631843"}],"wp:term":[{"taxonomy":"category","embeddable":true,"href":"https:\/\/www.pressenza.com\/es\/wp-json\/wp\/v2\/categories?post=2631843"},{"taxonomy":"post_tag","embeddable":true,"href":"https:\/\/www.pressenza.com\/es\/wp-json\/wp\/v2\/tags?post=2631843"}],"curies":[{"name":"wp","href":"https:\/\/api.w.org\/{rel}","templated":true}]}}