{"id":2630531,"date":"2025-08-27T19:56:15","date_gmt":"2025-08-27T18:56:15","guid":{"rendered":"https:\/\/www.pressenza.com\/?p=2630531"},"modified":"2025-08-27T19:56:56","modified_gmt":"2025-08-27T18:56:56","slug":"poesia-en-memoria-de-detenidas-desaparecidas-embarazas-este-sabado-30-en-santiago","status":"publish","type":"post","link":"https:\/\/www.pressenza.com\/es\/2025\/08\/poesia-en-memoria-de-detenidas-desaparecidas-embarazas-este-sabado-30-en-santiago\/","title":{"rendered":"Poes\u00eda en memoria de detenidas desaparecidas embarazas, este s\u00e1bado 30 en Santiago"},"content":{"rendered":"<p dir=\"ltr\"><strong>\u00bfD\u00f3nde andar\u00e1s hoy, Carmencita, acunando\u00a0a ese hijo nonato que quer\u00eda defenderte del\u00a0espanto?<\/strong><\/p>\n<p dir=\"ltr\"><strong>(Texto de Eva D\u00e9bia para Reinalda del Carmen Pereira)<\/strong><\/p>\n<p dir=\"ltr\">El pr\u00f3ximo s\u00e1bado 30 de agosto, en el marco del\u00a0<strong>D\u00eda Internacional de las Personas Detenidas Desaparecidas<\/strong>, la colectiva Autoras Chilenas AUCH+ realizar\u00e1 un recorrido po\u00e9tico en el Museo de la Memoria y los Derechos Humanos.<\/p>\n<p>La lectura se desarrollar\u00e1 en siete puntos significativos del\u00a0<strong>Museo de la Memoria y los Derechos Humanos<\/strong>.\u00a0Un homenaje a mujeres embarazadas al momento de su detenci\u00f3n y\/o ejecuci\u00f3n pol\u00edtica, as\u00ed como a las infancias asesinadas, desaparecidas o violentadas durante la dictadura.<\/p>\n<p dir=\"ltr\">En cada estaci\u00f3n, las escritoras de\u00a0<strong>AUCH+<\/strong>\u00a0leer\u00e1n textos breves \u2014poemas, relatos y cartas\u2014 creados especialmente para estas mujeres y sus hijas e hijos, como un gesto de reparaci\u00f3n simb\u00f3lica.<\/p>\n<p>En la oportunidad se recordar\u00e1\u00a0a\u00a0los beb\u00e9s que estaban en el \u00fatero de sus madres detenidas, desaparecidas y ejecutadas pol\u00edticas; a infancias a quienes se les arrebat\u00f3 el derecho de vivir en paz; a una adolescente que nunca pudo regresar a casa; y a mujeres y ni\u00f1eces violentadas en dictadura.<\/p>\n<p dir=\"ltr\">El proyecto Todas Vivas en la Memoria se inici\u00f3 en 2024 con la convicci\u00f3n de que la escritura puede ser un aporte a las familias que a\u00fan buscan\u00a0<strong>verdad y justicia<\/strong>. Hasta la fecha, se han creado 50 textos, de los cuales 15 est\u00e1n dedicados a mujeres embarazadas al momento de su detenci\u00f3n y\/o desaparici\u00f3n.<\/p>\n<p>Estos relatos, cartas y poemas comenzaron a difundirse en septiembre del a\u00f1o pasado a trav\u00e9s de\u00a0<strong>La Voz de los que Sobran.\u00a0<\/strong>La segunda temporada se iniciar\u00e1 el 30 de agosto, D\u00eda internacional de la desaparici\u00f3n forzada.<\/p>\n<p dir=\"ltr\"><a href=\"https:\/\/www.pressenza.com\/es\/2025\/08\/poesia-en-memoria-de-detenidas-desaparecidas-embarazas-este-sabado-30-en-santiago\/a-elizabeth-rekas_2025\/\" rel=\"attachment wp-att-2630532\"><img loading=\"lazy\" decoding=\"async\" class=\"alignnone size-large wp-image-2630532\" src=\"https:\/\/www.pressenza.com\/wp-content\/uploads\/2025\/08\/A-Elizabeth-Rekas_2025-820x461.jpg\" alt=\"\" width=\"820\" height=\"461\" srcset=\"https:\/\/www.pressenza.com\/wp-content\/uploads\/2025\/08\/A-Elizabeth-Rekas_2025-820x461.jpg 820w, https:\/\/www.pressenza.com\/wp-content\/uploads\/2025\/08\/A-Elizabeth-Rekas_2025-300x169.jpg 300w, https:\/\/www.pressenza.com\/wp-content\/uploads\/2025\/08\/A-Elizabeth-Rekas_2025.jpg 1200w\" sizes=\"auto, (max-width: 820px) 100vw, 820px\" \/><\/a><\/p>\n<p dir=\"ltr\">En el recorrido presencial de este 30 de agosto participar\u00e1n las escritoras de Auch+: Ana Mar\u00eda Del R\u00edo, Elisa Clark, Hilda Carrera, Eva D\u00e9bia, Carolina Gonz\u00e1lez, Cristina Wormull, P\u00eda Gonz\u00e1lez, Viviana \u00c1vila, Cecilia Aretio y\u00a0Mal\u00fa Ortega.<\/p>\n<p dir=\"ltr\">Al finalizar el recorrido, se abrir\u00e1 un espacio de di\u00e1logo con las y los participantes.<\/p>\n<p dir=\"ltr\"><strong>Fecha: S\u00e1bado 30 de agosto de 2025, a las 12:00 h.<br \/>\nPunto de reuni\u00f3n: Explanada de acceso al Museo de la Memoria y los Derechos Humanos<\/strong><\/p>\n<p dir=\"ltr\"><strong>Cupos limitados: 30 personas, con inscripci\u00f3n previa<\/strong><\/p>\n<p dir=\"ltr\"><strong>Link de inscripci\u00f3n:\u00a0<a href=\"https:\/\/l1nk.dev\/todasvivas\">https:\/\/l1nk.dev\/todasvivas<\/a><\/strong><\/p>\n<p dir=\"ltr\"><strong>Galer\u00eda de fotos<\/strong><\/p>\n<div class=\"post-gallery\">\n\t\t\t<figure class=\"post-gallery-item\">\n\t\t\t\t<img decoding=\"async\" src=\"https:\/\/www.pressenza.com\/wp-content\/uploads\/2025\/08\/A-Gloria_2025-820x461.jpg\" loading=\"lazy\">\n\t\t\t\t<figcaption>\n\t\t\t\t\tA Gloria L\u00f3pez \n\t\t\t\t<\/figcaption>\n\t\t\t<\/figure>\n\t\t\t<figure class=\"post-gallery-item\">\n\t\t\t\t<img decoding=\"async\" src=\"https:\/\/www.pressenza.com\/wp-content\/uploads\/2025\/08\/A-Ines-Alvarado_2025-820x461.jpg\" loading=\"lazy\">\n\t\t\t\t<figcaption>\n\t\t\t\t\tA In\u00e9s Alvarado\n\t\t\t\t<\/figcaption>\n\t\t\t<\/figure><\/div>\n","protected":false},"excerpt":{"rendered":"<p>\u00bfD\u00f3nde andar\u00e1s hoy, Carmencita, acunando\u00a0a ese hijo nonato que quer\u00eda defenderte del\u00a0espanto? (Texto de Eva D\u00e9bia para Reinalda del Carmen Pereira) El pr\u00f3ximo s\u00e1bado 30 de agosto, en el marco del\u00a0D\u00eda Internacional de las Personas Detenidas Desaparecidas, la colectiva Autoras&hellip;<\/p>\n","protected":false},"author":1770,"featured_media":2630539,"comment_status":"closed","ping_status":"closed","sticky":false,"template":"","format":"standard","meta":{"footnotes":""},"categories":[11389,75,79,54515,67],"tags":[141949,141950,141951,44195,141948,141945],"class_list":["post-2630531","post","type-post","status-publish","format-standard","has-post-thumbnail","hentry","category-contenido-original","category-cultura-es","category-derechos-humanos","category-genero-y-feminismos","category-sudamerica","tag-colectiva-autoras-chilenas-auch","tag-gloria-lopez","tag-ines-alvarado","tag-museo-de-la-memoria","tag-reinalda-pereira","tag-todas-vivas-en-la-memoria"],"yoast_head":"<!-- This site is optimized with the Yoast SEO plugin v27.1.1 - https:\/\/yoast.com\/product\/yoast-seo-wordpress\/ -->\n<title>Poes\u00eda en memoria de detenidas desaparecidas embarazas, este s\u00e1bado 30 en Santiago<\/title>\n<meta name=\"description\" content=\"\u00bfD\u00f3nde andar\u00e1s hoy, Carmencita, acunando\u00a0a ese hijo nonato que quer\u00eda defenderte del\u00a0espanto? (Texto de Eva D\u00e9bia para Reinalda del Carmen Pereira) El\" \/>\n<meta name=\"robots\" content=\"index, follow, max-snippet:-1, max-image-preview:large, max-video-preview:-1\" \/>\n<link rel=\"canonical\" href=\"https:\/\/www.pressenza.com\/es\/2025\/08\/poesia-en-memoria-de-detenidas-desaparecidas-embarazas-este-sabado-30-en-santiago\/\" \/>\n<meta property=\"og:locale\" content=\"es_ES\" \/>\n<meta property=\"og:type\" content=\"article\" \/>\n<meta property=\"og:title\" content=\"Poes\u00eda en memoria de detenidas desaparecidas embarazas, este s\u00e1bado 30 en Santiago\" \/>\n<meta property=\"og:description\" content=\"\u00bfD\u00f3nde andar\u00e1s hoy, Carmencita, acunando\u00a0a ese hijo nonato que quer\u00eda defenderte del\u00a0espanto? (Texto de Eva D\u00e9bia para Reinalda del Carmen Pereira) El\" \/>\n<meta property=\"og:url\" content=\"https:\/\/www.pressenza.com\/es\/2025\/08\/poesia-en-memoria-de-detenidas-desaparecidas-embarazas-este-sabado-30-en-santiago\/\" \/>\n<meta property=\"og:site_name\" content=\"Pressenza\" \/>\n<meta property=\"article:publisher\" content=\"https:\/\/www.facebook.com\/PressenzaItalia\" \/>\n<meta property=\"article:published_time\" content=\"2025-08-27T18:56:15+00:00\" \/>\n<meta property=\"article:modified_time\" content=\"2025-08-27T18:56:56+00:00\" \/>\n<meta property=\"og:image\" content=\"https:\/\/www.pressenza.com\/wp-content\/uploads\/2025\/08\/Todas-vivas.jpg\" \/>\n\t<meta property=\"og:image:width\" content=\"1131\" \/>\n\t<meta property=\"og:image:height\" content=\"1600\" \/>\n\t<meta property=\"og:image:type\" content=\"image\/jpeg\" \/>\n<meta name=\"author\" content=\"Eva D\u00e9bia\" \/>\n<meta name=\"twitter:card\" content=\"summary_large_image\" \/>\n<meta name=\"twitter:creator\" content=\"@PressenzaIPA\" \/>\n<meta name=\"twitter:site\" content=\"@PressenzaIPA\" \/>\n<meta name=\"twitter:label1\" content=\"Escrito por\" \/>\n\t<meta name=\"twitter:data1\" content=\"Eva D\u00e9bia\" \/>\n\t<meta name=\"twitter:label2\" content=\"Tiempo de lectura\" \/>\n\t<meta name=\"twitter:data2\" content=\"3 minutos\" \/>\n<script type=\"application\/ld+json\" class=\"yoast-schema-graph\">{\"@context\":\"https:\/\/schema.org\",\"@graph\":[{\"@type\":\"Article\",\"@id\":\"https:\/\/www.pressenza.com\/es\/2025\/08\/poesia-en-memoria-de-detenidas-desaparecidas-embarazas-este-sabado-30-en-santiago\/#article\",\"isPartOf\":{\"@id\":\"https:\/\/www.pressenza.com\/es\/2025\/08\/poesia-en-memoria-de-detenidas-desaparecidas-embarazas-este-sabado-30-en-santiago\/\"},\"author\":{\"name\":\"Eva D\u00e9bia\",\"@id\":\"https:\/\/www.pressenza.com\/es\/#\/schema\/person\/4d02a243fb01414a0004dca51b4e54a7\"},\"headline\":\"Poes\u00eda en memoria de detenidas desaparecidas embarazas, este s\u00e1bado 30 en Santiago\",\"datePublished\":\"2025-08-27T18:56:15+00:00\",\"dateModified\":\"2025-08-27T18:56:56+00:00\",\"mainEntityOfPage\":{\"@id\":\"https:\/\/www.pressenza.com\/es\/2025\/08\/poesia-en-memoria-de-detenidas-desaparecidas-embarazas-este-sabado-30-en-santiago\/\"},\"wordCount\":417,\"publisher\":{\"@id\":\"https:\/\/www.pressenza.com\/es\/#organization\"},\"image\":{\"@id\":\"https:\/\/www.pressenza.com\/es\/2025\/08\/poesia-en-memoria-de-detenidas-desaparecidas-embarazas-este-sabado-30-en-santiago\/#primaryimage\"},\"thumbnailUrl\":\"https:\/\/www.pressenza.com\/wp-content\/uploads\/2025\/08\/Todas-vivas.jpg\",\"keywords\":[\"colectiva Autoras Chilenas AUCH+\",\"Gloria L\u00f3pez\",\"In\u00e9s Alvarado\",\"MUSEO DE LA MEMORIA\",\"Reinalda Pereira\",\"Todas vivas en la memoria\"],\"articleSection\":[\"Contenido Original\",\"Cultura y Medios\",\"Derechos Humanos\",\"G\u00e9nero y Feminismos\",\"Sudam\u00e9rica\"],\"inLanguage\":\"es\"},{\"@type\":\"WebPage\",\"@id\":\"https:\/\/www.pressenza.com\/es\/2025\/08\/poesia-en-memoria-de-detenidas-desaparecidas-embarazas-este-sabado-30-en-santiago\/\",\"url\":\"https:\/\/www.pressenza.com\/es\/2025\/08\/poesia-en-memoria-de-detenidas-desaparecidas-embarazas-este-sabado-30-en-santiago\/\",\"name\":\"Poes\u00eda en memoria de detenidas desaparecidas embarazas, este s\u00e1bado 30 en Santiago\",\"isPartOf\":{\"@id\":\"https:\/\/www.pressenza.com\/es\/#website\"},\"primaryImageOfPage\":{\"@id\":\"https:\/\/www.pressenza.com\/es\/2025\/08\/poesia-en-memoria-de-detenidas-desaparecidas-embarazas-este-sabado-30-en-santiago\/#primaryimage\"},\"image\":{\"@id\":\"https:\/\/www.pressenza.com\/es\/2025\/08\/poesia-en-memoria-de-detenidas-desaparecidas-embarazas-este-sabado-30-en-santiago\/#primaryimage\"},\"thumbnailUrl\":\"https:\/\/www.pressenza.com\/wp-content\/uploads\/2025\/08\/Todas-vivas.jpg\",\"datePublished\":\"2025-08-27T18:56:15+00:00\",\"dateModified\":\"2025-08-27T18:56:56+00:00\",\"description\":\"\u00bfD\u00f3nde andar\u00e1s hoy, Carmencita, acunando\u00a0a ese hijo nonato que quer\u00eda defenderte del\u00a0espanto? (Texto de Eva D\u00e9bia para Reinalda del Carmen Pereira) El\",\"breadcrumb\":{\"@id\":\"https:\/\/www.pressenza.com\/es\/2025\/08\/poesia-en-memoria-de-detenidas-desaparecidas-embarazas-este-sabado-30-en-santiago\/#breadcrumb\"},\"inLanguage\":\"es\",\"potentialAction\":[{\"@type\":\"ReadAction\",\"target\":[\"https:\/\/www.pressenza.com\/es\/2025\/08\/poesia-en-memoria-de-detenidas-desaparecidas-embarazas-este-sabado-30-en-santiago\/\"]}]},{\"@type\":\"ImageObject\",\"inLanguage\":\"es\",\"@id\":\"https:\/\/www.pressenza.com\/es\/2025\/08\/poesia-en-memoria-de-detenidas-desaparecidas-embarazas-este-sabado-30-en-santiago\/#primaryimage\",\"url\":\"https:\/\/www.pressenza.com\/wp-content\/uploads\/2025\/08\/Todas-vivas.jpg\",\"contentUrl\":\"https:\/\/www.pressenza.com\/wp-content\/uploads\/2025\/08\/Todas-vivas.jpg\",\"width\":1131,\"height\":1600},{\"@type\":\"BreadcrumbList\",\"@id\":\"https:\/\/www.pressenza.com\/es\/2025\/08\/poesia-en-memoria-de-detenidas-desaparecidas-embarazas-este-sabado-30-en-santiago\/#breadcrumb\",\"itemListElement\":[{\"@type\":\"ListItem\",\"position\":1,\"name\":\"Accueil\",\"item\":\"https:\/\/www.pressenza.com\/es\/\"},{\"@type\":\"ListItem\",\"position\":2,\"name\":\"Poes\u00eda en memoria de detenidas desaparecidas embarazas, este s\u00e1bado 30 en Santiago\"}]},{\"@type\":\"WebSite\",\"@id\":\"https:\/\/www.pressenza.com\/es\/#website\",\"url\":\"https:\/\/www.pressenza.com\/es\/\",\"name\":\"Pressenza\",\"description\":\"International Press Agency\",\"publisher\":{\"@id\":\"https:\/\/www.pressenza.com\/es\/#organization\"},\"potentialAction\":[{\"@type\":\"SearchAction\",\"target\":{\"@type\":\"EntryPoint\",\"urlTemplate\":\"https:\/\/www.pressenza.com\/es\/?s={search_term_string}\"},\"query-input\":{\"@type\":\"PropertyValueSpecification\",\"valueRequired\":true,\"valueName\":\"search_term_string\"}}],\"inLanguage\":\"es\"},{\"@type\":\"Organization\",\"@id\":\"https:\/\/www.pressenza.com\/es\/#organization\",\"name\":\"Pressenza\",\"url\":\"https:\/\/www.pressenza.com\/es\/\",\"logo\":{\"@type\":\"ImageObject\",\"inLanguage\":\"es\",\"@id\":\"https:\/\/www.pressenza.com\/es\/#\/schema\/logo\/image\/\",\"url\":\"https:\/\/www.pressenza.com\/wp-content\/uploads\/2022\/10\/pressenza_logo_200x200.jpg\",\"contentUrl\":\"https:\/\/www.pressenza.com\/wp-content\/uploads\/2022\/10\/pressenza_logo_200x200.jpg\",\"width\":200,\"height\":200,\"caption\":\"Pressenza\"},\"image\":{\"@id\":\"https:\/\/www.pressenza.com\/es\/#\/schema\/logo\/image\/\"},\"sameAs\":[\"https:\/\/www.facebook.com\/PressenzaItalia\",\"https:\/\/x.com\/PressenzaIPA\"]},{\"@type\":\"Person\",\"@id\":\"https:\/\/www.pressenza.com\/es\/#\/schema\/person\/4d02a243fb01414a0004dca51b4e54a7\",\"name\":\"Eva D\u00e9bia\",\"description\":\"Periodista y escritora, forma parte del colectivo AUCH! Autoras Chilenas\",\"url\":\"https:\/\/www.pressenza.com\/es\/author\/eva-debia\/\"}]}<\/script>\n<!-- \/ Yoast SEO plugin. -->","yoast_head_json":{"title":"Poes\u00eda en memoria de detenidas desaparecidas embarazas, este s\u00e1bado 30 en Santiago","description":"\u00bfD\u00f3nde andar\u00e1s hoy, Carmencita, acunando\u00a0a ese hijo nonato que quer\u00eda defenderte del\u00a0espanto? (Texto de Eva D\u00e9bia para Reinalda del Carmen Pereira) El","robots":{"index":"index","follow":"follow","max-snippet":"max-snippet:-1","max-image-preview":"max-image-preview:large","max-video-preview":"max-video-preview:-1"},"canonical":"https:\/\/www.pressenza.com\/es\/2025\/08\/poesia-en-memoria-de-detenidas-desaparecidas-embarazas-este-sabado-30-en-santiago\/","og_locale":"es_ES","og_type":"article","og_title":"Poes\u00eda en memoria de detenidas desaparecidas embarazas, este s\u00e1bado 30 en Santiago","og_description":"\u00bfD\u00f3nde andar\u00e1s hoy, Carmencita, acunando\u00a0a ese hijo nonato que quer\u00eda defenderte del\u00a0espanto? (Texto de Eva D\u00e9bia para Reinalda del Carmen Pereira) El","og_url":"https:\/\/www.pressenza.com\/es\/2025\/08\/poesia-en-memoria-de-detenidas-desaparecidas-embarazas-este-sabado-30-en-santiago\/","og_site_name":"Pressenza","article_publisher":"https:\/\/www.facebook.com\/PressenzaItalia","article_published_time":"2025-08-27T18:56:15+00:00","article_modified_time":"2025-08-27T18:56:56+00:00","og_image":[{"width":1131,"height":1600,"url":"https:\/\/www.pressenza.com\/wp-content\/uploads\/2025\/08\/Todas-vivas.jpg","type":"image\/jpeg"}],"author":"Eva D\u00e9bia","twitter_card":"summary_large_image","twitter_creator":"@PressenzaIPA","twitter_site":"@PressenzaIPA","twitter_misc":{"Escrito por":"Eva D\u00e9bia","Tiempo de lectura":"3 minutos"},"schema":{"@context":"https:\/\/schema.org","@graph":[{"@type":"Article","@id":"https:\/\/www.pressenza.com\/es\/2025\/08\/poesia-en-memoria-de-detenidas-desaparecidas-embarazas-este-sabado-30-en-santiago\/#article","isPartOf":{"@id":"https:\/\/www.pressenza.com\/es\/2025\/08\/poesia-en-memoria-de-detenidas-desaparecidas-embarazas-este-sabado-30-en-santiago\/"},"author":{"name":"Eva D\u00e9bia","@id":"https:\/\/www.pressenza.com\/es\/#\/schema\/person\/4d02a243fb01414a0004dca51b4e54a7"},"headline":"Poes\u00eda en memoria de detenidas desaparecidas embarazas, este s\u00e1bado 30 en Santiago","datePublished":"2025-08-27T18:56:15+00:00","dateModified":"2025-08-27T18:56:56+00:00","mainEntityOfPage":{"@id":"https:\/\/www.pressenza.com\/es\/2025\/08\/poesia-en-memoria-de-detenidas-desaparecidas-embarazas-este-sabado-30-en-santiago\/"},"wordCount":417,"publisher":{"@id":"https:\/\/www.pressenza.com\/es\/#organization"},"image":{"@id":"https:\/\/www.pressenza.com\/es\/2025\/08\/poesia-en-memoria-de-detenidas-desaparecidas-embarazas-este-sabado-30-en-santiago\/#primaryimage"},"thumbnailUrl":"https:\/\/www.pressenza.com\/wp-content\/uploads\/2025\/08\/Todas-vivas.jpg","keywords":["colectiva Autoras Chilenas AUCH+","Gloria L\u00f3pez","In\u00e9s Alvarado","MUSEO DE LA MEMORIA","Reinalda Pereira","Todas vivas en la memoria"],"articleSection":["Contenido Original","Cultura y Medios","Derechos Humanos","G\u00e9nero y Feminismos","Sudam\u00e9rica"],"inLanguage":"es"},{"@type":"WebPage","@id":"https:\/\/www.pressenza.com\/es\/2025\/08\/poesia-en-memoria-de-detenidas-desaparecidas-embarazas-este-sabado-30-en-santiago\/","url":"https:\/\/www.pressenza.com\/es\/2025\/08\/poesia-en-memoria-de-detenidas-desaparecidas-embarazas-este-sabado-30-en-santiago\/","name":"Poes\u00eda en memoria de detenidas desaparecidas embarazas, este s\u00e1bado 30 en Santiago","isPartOf":{"@id":"https:\/\/www.pressenza.com\/es\/#website"},"primaryImageOfPage":{"@id":"https:\/\/www.pressenza.com\/es\/2025\/08\/poesia-en-memoria-de-detenidas-desaparecidas-embarazas-este-sabado-30-en-santiago\/#primaryimage"},"image":{"@id":"https:\/\/www.pressenza.com\/es\/2025\/08\/poesia-en-memoria-de-detenidas-desaparecidas-embarazas-este-sabado-30-en-santiago\/#primaryimage"},"thumbnailUrl":"https:\/\/www.pressenza.com\/wp-content\/uploads\/2025\/08\/Todas-vivas.jpg","datePublished":"2025-08-27T18:56:15+00:00","dateModified":"2025-08-27T18:56:56+00:00","description":"\u00bfD\u00f3nde andar\u00e1s hoy, Carmencita, acunando\u00a0a ese hijo nonato que quer\u00eda defenderte del\u00a0espanto? (Texto de Eva D\u00e9bia para Reinalda del Carmen Pereira) El","breadcrumb":{"@id":"https:\/\/www.pressenza.com\/es\/2025\/08\/poesia-en-memoria-de-detenidas-desaparecidas-embarazas-este-sabado-30-en-santiago\/#breadcrumb"},"inLanguage":"es","potentialAction":[{"@type":"ReadAction","target":["https:\/\/www.pressenza.com\/es\/2025\/08\/poesia-en-memoria-de-detenidas-desaparecidas-embarazas-este-sabado-30-en-santiago\/"]}]},{"@type":"ImageObject","inLanguage":"es","@id":"https:\/\/www.pressenza.com\/es\/2025\/08\/poesia-en-memoria-de-detenidas-desaparecidas-embarazas-este-sabado-30-en-santiago\/#primaryimage","url":"https:\/\/www.pressenza.com\/wp-content\/uploads\/2025\/08\/Todas-vivas.jpg","contentUrl":"https:\/\/www.pressenza.com\/wp-content\/uploads\/2025\/08\/Todas-vivas.jpg","width":1131,"height":1600},{"@type":"BreadcrumbList","@id":"https:\/\/www.pressenza.com\/es\/2025\/08\/poesia-en-memoria-de-detenidas-desaparecidas-embarazas-este-sabado-30-en-santiago\/#breadcrumb","itemListElement":[{"@type":"ListItem","position":1,"name":"Accueil","item":"https:\/\/www.pressenza.com\/es\/"},{"@type":"ListItem","position":2,"name":"Poes\u00eda en memoria de detenidas desaparecidas embarazas, este s\u00e1bado 30 en Santiago"}]},{"@type":"WebSite","@id":"https:\/\/www.pressenza.com\/es\/#website","url":"https:\/\/www.pressenza.com\/es\/","name":"Pressenza","description":"International Press Agency","publisher":{"@id":"https:\/\/www.pressenza.com\/es\/#organization"},"potentialAction":[{"@type":"SearchAction","target":{"@type":"EntryPoint","urlTemplate":"https:\/\/www.pressenza.com\/es\/?s={search_term_string}"},"query-input":{"@type":"PropertyValueSpecification","valueRequired":true,"valueName":"search_term_string"}}],"inLanguage":"es"},{"@type":"Organization","@id":"https:\/\/www.pressenza.com\/es\/#organization","name":"Pressenza","url":"https:\/\/www.pressenza.com\/es\/","logo":{"@type":"ImageObject","inLanguage":"es","@id":"https:\/\/www.pressenza.com\/es\/#\/schema\/logo\/image\/","url":"https:\/\/www.pressenza.com\/wp-content\/uploads\/2022\/10\/pressenza_logo_200x200.jpg","contentUrl":"https:\/\/www.pressenza.com\/wp-content\/uploads\/2022\/10\/pressenza_logo_200x200.jpg","width":200,"height":200,"caption":"Pressenza"},"image":{"@id":"https:\/\/www.pressenza.com\/es\/#\/schema\/logo\/image\/"},"sameAs":["https:\/\/www.facebook.com\/PressenzaItalia","https:\/\/x.com\/PressenzaIPA"]},{"@type":"Person","@id":"https:\/\/www.pressenza.com\/es\/#\/schema\/person\/4d02a243fb01414a0004dca51b4e54a7","name":"Eva D\u00e9bia","description":"Periodista y escritora, forma parte del colectivo AUCH! Autoras Chilenas","url":"https:\/\/www.pressenza.com\/es\/author\/eva-debia\/"}]}},"place":"Santiago de Chile","original_article_url":"","_links":{"self":[{"href":"https:\/\/www.pressenza.com\/es\/wp-json\/wp\/v2\/posts\/2630531","targetHints":{"allow":["GET"]}}],"collection":[{"href":"https:\/\/www.pressenza.com\/es\/wp-json\/wp\/v2\/posts"}],"about":[{"href":"https:\/\/www.pressenza.com\/es\/wp-json\/wp\/v2\/types\/post"}],"author":[{"embeddable":true,"href":"https:\/\/www.pressenza.com\/es\/wp-json\/wp\/v2\/users\/1770"}],"replies":[{"embeddable":true,"href":"https:\/\/www.pressenza.com\/es\/wp-json\/wp\/v2\/comments?post=2630531"}],"version-history":[{"count":3,"href":"https:\/\/www.pressenza.com\/es\/wp-json\/wp\/v2\/posts\/2630531\/revisions"}],"predecessor-version":[{"id":2630541,"href":"https:\/\/www.pressenza.com\/es\/wp-json\/wp\/v2\/posts\/2630531\/revisions\/2630541"}],"wp:featuredmedia":[{"embeddable":true,"href":"https:\/\/www.pressenza.com\/es\/wp-json\/wp\/v2\/media\/2630539"}],"wp:attachment":[{"href":"https:\/\/www.pressenza.com\/es\/wp-json\/wp\/v2\/media?parent=2630531"}],"wp:term":[{"taxonomy":"category","embeddable":true,"href":"https:\/\/www.pressenza.com\/es\/wp-json\/wp\/v2\/categories?post=2630531"},{"taxonomy":"post_tag","embeddable":true,"href":"https:\/\/www.pressenza.com\/es\/wp-json\/wp\/v2\/tags?post=2630531"}],"curies":[{"name":"wp","href":"https:\/\/api.w.org\/{rel}","templated":true}]}}