{"id":2624842,"date":"2025-08-06T10:59:46","date_gmt":"2025-08-06T09:59:46","guid":{"rendered":"https:\/\/www.pressenza.com\/2025\/08\/80-anni-da-hiroshima-e-nagasaki-chiediamo-verita-giustizia-denuclearizzazione-pace\/"},"modified":"2025-08-06T11:51:02","modified_gmt":"2025-08-06T10:51:02","slug":"80-anos-desde-hiroshima-y-nagasaki-exigimos-verdad-justicia-desnuclearizacion-y-paz","status":"publish","type":"post","link":"https:\/\/www.pressenza.com\/es\/2025\/08\/80-anos-desde-hiroshima-y-nagasaki-exigimos-verdad-justicia-desnuclearizacion-y-paz\/","title":{"rendered":"80 a\u00f1os desde Hiroshima y Nagasaki: exigimos verdad, justicia, desnuclearizaci\u00f3n y paz"},"content":{"rendered":"<p>Cada a\u00f1o, entre el <strong>6<\/strong> y el <strong>9 de agosto<\/strong>, la humanidad se enfrenta a un recuerdo doloroso. Hiroshima y Nagasaki no son solo dos ciudades japonesas: son s\u00edmbolos globales de los horrores de la guerra, de la destrucci\u00f3n causada por el uso de armas nucleares y de la amenaza constante que a\u00fan hoy representan.<\/p>\n<p>Cerremos los ojos y contemos hasta cinco. Ese es el tiempo que tardaron en perderse m\u00e1s de 140 000 vidas aquella ma\u00f1ana de agosto de 1945. <strong>Recordemos las mentiras que se contaron para justificar el exterminio masivo. Abramos los ojos y veamos que la misma propaganda contin\u00faa.<\/strong> M\u00e1s de 15 000 ojivas nucleares siguen activas hoy en d\u00eda, de las cuales 1800 se encuentran en estado de alerta constante.<\/p>\n<p>La enorme inversi\u00f3n financiera en armas nucleares \u2014m\u00e1s de 100 000 millones de d\u00f3lares al a\u00f1o\u2014 revela unas prioridades que sacrifican vidas humanas en aras del poder militar. Los gobiernos, respaldados por intereses industriales y geopol\u00edticos, mantienen el miedo y el terror como medios de control, siempre con el objetivo de perpetuar la energ\u00eda nuclear.<\/p>\n<p>Al mismo tiempo, la tecnolog\u00eda nuclear sigue amenazando tanto la paz como el medio ambiente. Desde Chern\u00f3bil hasta Fukushima, las consecuencias son duraderas y globales: la radiactividad se escapa, contamina y destruye. <strong>Las promesas de \u00abusos pac\u00edficos\u00bb de la energ\u00eda nuclear se revelan fr\u00e1giles ante la realidad de las fugas, la contaminaci\u00f3n y el riesgo de proliferaci\u00f3n<\/strong>.<\/p>\n<p>Pero hay esperanza y acci\u00f3n. <strong>El Tratado sobre la Prohibici\u00f3n de las Armas Nucleares (TPAN)<\/strong>, adoptado en 2017, es un hito para el derecho internacional humanitario y para la conciencia colectiva humana. No es solo un acto jur\u00eddico: es una declaraci\u00f3n de que la humanidad puede y debe rechazar la destrucci\u00f3n masiva como medio de coacci\u00f3n.<\/p>\n<p>Pero el desarme nuclear no es suficiente. La protecci\u00f3n de los civiles, la prohibici\u00f3n de la violencia indiscriminada y la responsabilidad por los cr\u00edmenes de guerra deben ser principios no negociables, ya sea en Hiroshima, Gaza o cualquier otro rinc\u00f3n del planeta. No podemos honrar la memoria de las v\u00edctimas de las armas nucleares permaneciendo en silencio ante los cr\u00edmenes cometidos hoy en d\u00eda con armas convencionales.<\/p>\n<p><strong>Desde las cenizas de Hiroshima hasta las llamas de Gaza, el dolor es com\u00fan. El dolor es universal.<\/strong> La injusticia, innegable. Una madre que enterr\u00f3 a su hijo en Jap\u00f3n en 1945 siente el mismo dolor que una madre en Palestina en 2025.<\/p>\n<p>Hoy, en el 80.\u00ba aniversario de los ataques nucleares, no nos levantamos solo para recordar. Nos levantamos para pedir. Para pedir verdad, justicia, desnuclearizaci\u00f3n, paz.<\/p>\n<p>Este d\u00eda no pertenece al pasado. Pertenece al presente y da forma al futuro.\u00a0No cerremos los ojos. Abr\u00e1moslos. Y actuemos.<\/p>\n<p><strong>En Grecia, ya son 93 los municipios, desde el m\u00e1s peque\u00f1o (municipio de Gavdos) hasta el m\u00e1s grande (municipio de Atenas), adem\u00e1s de la KEDE (Asociaci\u00f3n de Municipios Griegos), los que apoyan la campa\u00f1a #savethecity, adoptando la resoluci\u00f3n ICAN e invitando al Gobierno griego a firmar y ratificar el Tratado sobre la Prohibici\u00f3n de las Armas Nucleares.<\/strong> La campa\u00f1a ya ha recabado el apoyo de m\u00e1s de 1000 municipios y 12 capitales que a\u00fan no se han adherido al Tratado.<\/p>\n<p>Decimos <strong>NO a las armas nucleares<\/strong>, decimos <strong>S\u00cd a la paz y a la no violencia<\/strong>.<\/p>\n","protected":false},"excerpt":{"rendered":"<p>Cada a\u00f1o, entre el 6 y el 9 de agosto, la humanidad se enfrenta a un recuerdo doloroso. Hiroshima y Nagasaki no son solo dos ciudades japonesas: son s\u00edmbolos globales de los horrores de la guerra, de la destrucci\u00f3n causada&hellip;<\/p>\n","protected":false},"author":634,"featured_media":2624843,"comment_status":"closed","ping_status":"closed","sticky":false,"template":"","format":"standard","meta":{"footnotes":""},"categories":[11389,1242,1243],"tags":[82063,56376,45676],"class_list":["post-2624842","post","type-post","status-publish","format-standard","has-post-thumbnail","hentry","category-contenido-original","category-noviolencia-tema","category-paz-desarme","tag-armas-nucleares-es","tag-tpan-es","tag-tratado-para-la-prohibicion-de-las-armas-nucleares"],"yoast_head":"<!-- This site is optimized with the Yoast SEO plugin v27.1.1 - https:\/\/yoast.com\/product\/yoast-seo-wordpress\/ -->\n<title>80 a\u00f1os desde Hiroshima y Nagasaki: exigimos verdad, justicia, desnuclearizaci\u00f3n y paz<\/title>\n<meta name=\"description\" content=\"Cada a\u00f1o, entre el 6 y el 9 de agosto, la humanidad se enfrenta a un recuerdo doloroso. Hiroshima y Nagasaki no son solo dos ciudades japonesas: son\" \/>\n<meta name=\"robots\" content=\"index, follow, max-snippet:-1, max-image-preview:large, max-video-preview:-1\" \/>\n<link rel=\"canonical\" href=\"https:\/\/www.pressenza.com\/es\/2025\/08\/80-anos-desde-hiroshima-y-nagasaki-exigimos-verdad-justicia-desnuclearizacion-y-paz\/\" \/>\n<meta property=\"og:locale\" content=\"es_ES\" \/>\n<meta property=\"og:type\" content=\"article\" \/>\n<meta property=\"og:title\" content=\"80 a\u00f1os desde Hiroshima y Nagasaki: exigimos verdad, justicia, desnuclearizaci\u00f3n y paz\" \/>\n<meta property=\"og:description\" content=\"Cada a\u00f1o, entre el 6 y el 9 de agosto, la humanidad se enfrenta a un recuerdo doloroso. Hiroshima y Nagasaki no son solo dos ciudades japonesas: son\" \/>\n<meta property=\"og:url\" content=\"https:\/\/www.pressenza.com\/es\/2025\/08\/80-anos-desde-hiroshima-y-nagasaki-exigimos-verdad-justicia-desnuclearizacion-y-paz\/\" \/>\n<meta property=\"og:site_name\" content=\"Pressenza\" \/>\n<meta property=\"article:publisher\" content=\"https:\/\/www.facebook.com\/PressenzaItalia\" \/>\n<meta property=\"article:author\" content=\"https:\/\/www.facebook.com\/MundoSinGuerrasYSinViolencia\" \/>\n<meta property=\"article:published_time\" content=\"2025-08-06T09:59:46+00:00\" \/>\n<meta property=\"article:modified_time\" content=\"2025-08-06T10:51:02+00:00\" \/>\n<meta property=\"og:image\" content=\"https:\/\/www.pressenza.com\/wp-content\/uploads\/2025\/08\/1080px-20181111_Hiroshima_Memorial_Cenotaph-1.jpg\" \/>\n\t<meta property=\"og:image:width\" content=\"1080\" \/>\n\t<meta property=\"og:image:height\" content=\"720\" \/>\n\t<meta property=\"og:image:type\" content=\"image\/jpeg\" \/>\n<meta name=\"author\" content=\"Mundo sin Guerras y sin Violencia\" \/>\n<meta name=\"twitter:card\" content=\"summary_large_image\" \/>\n<meta name=\"twitter:creator\" content=\"@msgysv\" \/>\n<meta name=\"twitter:site\" content=\"@PressenzaIPA\" \/>\n<meta name=\"twitter:label1\" content=\"Escrito por\" \/>\n\t<meta name=\"twitter:data1\" content=\"Mundo sin Guerras y sin Violencia\" \/>\n\t<meta name=\"twitter:label2\" content=\"Tiempo de lectura\" \/>\n\t<meta name=\"twitter:data2\" content=\"3 minutos\" \/>\n<script type=\"application\/ld+json\" class=\"yoast-schema-graph\">{\"@context\":\"https:\/\/schema.org\",\"@graph\":[{\"@type\":\"Article\",\"@id\":\"https:\/\/www.pressenza.com\/es\/2025\/08\/80-anos-desde-hiroshima-y-nagasaki-exigimos-verdad-justicia-desnuclearizacion-y-paz\/#article\",\"isPartOf\":{\"@id\":\"https:\/\/www.pressenza.com\/es\/2025\/08\/80-anos-desde-hiroshima-y-nagasaki-exigimos-verdad-justicia-desnuclearizacion-y-paz\/\"},\"author\":{\"name\":\"Mundo sin Guerras y sin Violencia\",\"@id\":\"https:\/\/www.pressenza.com\/es\/#\/schema\/person\/d47d804d04b08f58c790fbabcbbf9670\"},\"headline\":\"80 a\u00f1os desde Hiroshima y Nagasaki: exigimos verdad, justicia, desnuclearizaci\u00f3n y paz\",\"datePublished\":\"2025-08-06T09:59:46+00:00\",\"dateModified\":\"2025-08-06T10:51:02+00:00\",\"mainEntityOfPage\":{\"@id\":\"https:\/\/www.pressenza.com\/es\/2025\/08\/80-anos-desde-hiroshima-y-nagasaki-exigimos-verdad-justicia-desnuclearizacion-y-paz\/\"},\"wordCount\":591,\"publisher\":{\"@id\":\"https:\/\/www.pressenza.com\/es\/#organization\"},\"image\":{\"@id\":\"https:\/\/www.pressenza.com\/es\/2025\/08\/80-anos-desde-hiroshima-y-nagasaki-exigimos-verdad-justicia-desnuclearizacion-y-paz\/#primaryimage\"},\"thumbnailUrl\":\"https:\/\/www.pressenza.com\/wp-content\/uploads\/2025\/08\/1080px-20181111_Hiroshima_Memorial_Cenotaph-1.jpg\",\"keywords\":[\"armas nucleares\",\"TPAN\",\"Tratado para la Prohibici\u00f3n de las Armas Nucleares\"],\"articleSection\":[\"Contenido Original\",\"Noviolencia\",\"Paz y Desarme\"],\"inLanguage\":\"es\"},{\"@type\":\"WebPage\",\"@id\":\"https:\/\/www.pressenza.com\/es\/2025\/08\/80-anos-desde-hiroshima-y-nagasaki-exigimos-verdad-justicia-desnuclearizacion-y-paz\/\",\"url\":\"https:\/\/www.pressenza.com\/es\/2025\/08\/80-anos-desde-hiroshima-y-nagasaki-exigimos-verdad-justicia-desnuclearizacion-y-paz\/\",\"name\":\"80 a\u00f1os desde Hiroshima y Nagasaki: exigimos verdad, justicia, desnuclearizaci\u00f3n y paz\",\"isPartOf\":{\"@id\":\"https:\/\/www.pressenza.com\/es\/#website\"},\"primaryImageOfPage\":{\"@id\":\"https:\/\/www.pressenza.com\/es\/2025\/08\/80-anos-desde-hiroshima-y-nagasaki-exigimos-verdad-justicia-desnuclearizacion-y-paz\/#primaryimage\"},\"image\":{\"@id\":\"https:\/\/www.pressenza.com\/es\/2025\/08\/80-anos-desde-hiroshima-y-nagasaki-exigimos-verdad-justicia-desnuclearizacion-y-paz\/#primaryimage\"},\"thumbnailUrl\":\"https:\/\/www.pressenza.com\/wp-content\/uploads\/2025\/08\/1080px-20181111_Hiroshima_Memorial_Cenotaph-1.jpg\",\"datePublished\":\"2025-08-06T09:59:46+00:00\",\"dateModified\":\"2025-08-06T10:51:02+00:00\",\"description\":\"Cada a\u00f1o, entre el 6 y el 9 de agosto, la humanidad se enfrenta a un recuerdo doloroso. Hiroshima y Nagasaki no son solo dos ciudades japonesas: son\",\"breadcrumb\":{\"@id\":\"https:\/\/www.pressenza.com\/es\/2025\/08\/80-anos-desde-hiroshima-y-nagasaki-exigimos-verdad-justicia-desnuclearizacion-y-paz\/#breadcrumb\"},\"inLanguage\":\"es\",\"potentialAction\":[{\"@type\":\"ReadAction\",\"target\":[\"https:\/\/www.pressenza.com\/es\/2025\/08\/80-anos-desde-hiroshima-y-nagasaki-exigimos-verdad-justicia-desnuclearizacion-y-paz\/\"]}]},{\"@type\":\"ImageObject\",\"inLanguage\":\"es\",\"@id\":\"https:\/\/www.pressenza.com\/es\/2025\/08\/80-anos-desde-hiroshima-y-nagasaki-exigimos-verdad-justicia-desnuclearizacion-y-paz\/#primaryimage\",\"url\":\"https:\/\/www.pressenza.com\/wp-content\/uploads\/2025\/08\/1080px-20181111_Hiroshima_Memorial_Cenotaph-1.jpg\",\"contentUrl\":\"https:\/\/www.pressenza.com\/wp-content\/uploads\/2025\/08\/1080px-20181111_Hiroshima_Memorial_Cenotaph-1.jpg\",\"width\":1080,\"height\":720,\"caption\":\"\u039c\u03bd\u03b7\u03bc\u03b5\u03af\u03bf \u03b3\u03b9\u03b1 \u03c4\u03b7 \u03a7\u03b9\u03c1\u03bf\u03c3\u03af\u03bc\u03b1,, \u03c6\u03c9\u03c4\u03bf\u03b3\u03c1\u03b1\u03c6\u03af\u03b1 Balon Greyjoy - Own work, CC0, https:\/\/commons.wikimedia.org\/w\/index.php?curid=109246076.\"},{\"@type\":\"BreadcrumbList\",\"@id\":\"https:\/\/www.pressenza.com\/es\/2025\/08\/80-anos-desde-hiroshima-y-nagasaki-exigimos-verdad-justicia-desnuclearizacion-y-paz\/#breadcrumb\",\"itemListElement\":[{\"@type\":\"ListItem\",\"position\":1,\"name\":\"Accueil\",\"item\":\"https:\/\/www.pressenza.com\/es\/\"},{\"@type\":\"ListItem\",\"position\":2,\"name\":\"80 a\u00f1os desde Hiroshima y Nagasaki: exigimos verdad, justicia, desnuclearizaci\u00f3n y paz\"}]},{\"@type\":\"WebSite\",\"@id\":\"https:\/\/www.pressenza.com\/es\/#website\",\"url\":\"https:\/\/www.pressenza.com\/es\/\",\"name\":\"Pressenza\",\"description\":\"International Press Agency\",\"publisher\":{\"@id\":\"https:\/\/www.pressenza.com\/es\/#organization\"},\"potentialAction\":[{\"@type\":\"SearchAction\",\"target\":{\"@type\":\"EntryPoint\",\"urlTemplate\":\"https:\/\/www.pressenza.com\/es\/?s={search_term_string}\"},\"query-input\":{\"@type\":\"PropertyValueSpecification\",\"valueRequired\":true,\"valueName\":\"search_term_string\"}}],\"inLanguage\":\"es\"},{\"@type\":\"Organization\",\"@id\":\"https:\/\/www.pressenza.com\/es\/#organization\",\"name\":\"Pressenza\",\"url\":\"https:\/\/www.pressenza.com\/es\/\",\"logo\":{\"@type\":\"ImageObject\",\"inLanguage\":\"es\",\"@id\":\"https:\/\/www.pressenza.com\/es\/#\/schema\/logo\/image\/\",\"url\":\"https:\/\/www.pressenza.com\/wp-content\/uploads\/2022\/10\/pressenza_logo_200x200.jpg\",\"contentUrl\":\"https:\/\/www.pressenza.com\/wp-content\/uploads\/2022\/10\/pressenza_logo_200x200.jpg\",\"width\":200,\"height\":200,\"caption\":\"Pressenza\"},\"image\":{\"@id\":\"https:\/\/www.pressenza.com\/es\/#\/schema\/logo\/image\/\"},\"sameAs\":[\"https:\/\/www.facebook.com\/PressenzaItalia\",\"https:\/\/x.com\/PressenzaIPA\"]},{\"@type\":\"Person\",\"@id\":\"https:\/\/www.pressenza.com\/es\/#\/schema\/person\/d47d804d04b08f58c790fbabcbbf9670\",\"name\":\"Mundo sin Guerras y sin Violencia\",\"description\":\"World without Wars and Violence has been a non-profit organisation for more than 20 years and receives no funding from any government. It has \\\"Special Consultative Status\\\" with the UN Economic and Social Council. https:\/\/worldwwars.org\/\",\"sameAs\":[\"https:\/\/worldwwars.org\/\",\"https:\/\/www.facebook.com\/MundoSinGuerrasYSinViolencia\",\"https:\/\/x.com\/msgysv\"],\"url\":\"https:\/\/www.pressenza.com\/es\/author\/mundo-sin-guerras\/\"}]}<\/script>\n<!-- \/ Yoast SEO plugin. -->","yoast_head_json":{"title":"80 a\u00f1os desde Hiroshima y Nagasaki: exigimos verdad, justicia, desnuclearizaci\u00f3n y paz","description":"Cada a\u00f1o, entre el 6 y el 9 de agosto, la humanidad se enfrenta a un recuerdo doloroso. Hiroshima y Nagasaki no son solo dos ciudades japonesas: son","robots":{"index":"index","follow":"follow","max-snippet":"max-snippet:-1","max-image-preview":"max-image-preview:large","max-video-preview":"max-video-preview:-1"},"canonical":"https:\/\/www.pressenza.com\/es\/2025\/08\/80-anos-desde-hiroshima-y-nagasaki-exigimos-verdad-justicia-desnuclearizacion-y-paz\/","og_locale":"es_ES","og_type":"article","og_title":"80 a\u00f1os desde Hiroshima y Nagasaki: exigimos verdad, justicia, desnuclearizaci\u00f3n y paz","og_description":"Cada a\u00f1o, entre el 6 y el 9 de agosto, la humanidad se enfrenta a un recuerdo doloroso. Hiroshima y Nagasaki no son solo dos ciudades japonesas: son","og_url":"https:\/\/www.pressenza.com\/es\/2025\/08\/80-anos-desde-hiroshima-y-nagasaki-exigimos-verdad-justicia-desnuclearizacion-y-paz\/","og_site_name":"Pressenza","article_publisher":"https:\/\/www.facebook.com\/PressenzaItalia","article_author":"https:\/\/www.facebook.com\/MundoSinGuerrasYSinViolencia","article_published_time":"2025-08-06T09:59:46+00:00","article_modified_time":"2025-08-06T10:51:02+00:00","og_image":[{"width":1080,"height":720,"url":"https:\/\/www.pressenza.com\/wp-content\/uploads\/2025\/08\/1080px-20181111_Hiroshima_Memorial_Cenotaph-1.jpg","type":"image\/jpeg"}],"author":"Mundo sin Guerras y sin Violencia","twitter_card":"summary_large_image","twitter_creator":"@msgysv","twitter_site":"@PressenzaIPA","twitter_misc":{"Escrito por":"Mundo sin Guerras y sin Violencia","Tiempo de lectura":"3 minutos"},"schema":{"@context":"https:\/\/schema.org","@graph":[{"@type":"Article","@id":"https:\/\/www.pressenza.com\/es\/2025\/08\/80-anos-desde-hiroshima-y-nagasaki-exigimos-verdad-justicia-desnuclearizacion-y-paz\/#article","isPartOf":{"@id":"https:\/\/www.pressenza.com\/es\/2025\/08\/80-anos-desde-hiroshima-y-nagasaki-exigimos-verdad-justicia-desnuclearizacion-y-paz\/"},"author":{"name":"Mundo sin Guerras y sin Violencia","@id":"https:\/\/www.pressenza.com\/es\/#\/schema\/person\/d47d804d04b08f58c790fbabcbbf9670"},"headline":"80 a\u00f1os desde Hiroshima y Nagasaki: exigimos verdad, justicia, desnuclearizaci\u00f3n y paz","datePublished":"2025-08-06T09:59:46+00:00","dateModified":"2025-08-06T10:51:02+00:00","mainEntityOfPage":{"@id":"https:\/\/www.pressenza.com\/es\/2025\/08\/80-anos-desde-hiroshima-y-nagasaki-exigimos-verdad-justicia-desnuclearizacion-y-paz\/"},"wordCount":591,"publisher":{"@id":"https:\/\/www.pressenza.com\/es\/#organization"},"image":{"@id":"https:\/\/www.pressenza.com\/es\/2025\/08\/80-anos-desde-hiroshima-y-nagasaki-exigimos-verdad-justicia-desnuclearizacion-y-paz\/#primaryimage"},"thumbnailUrl":"https:\/\/www.pressenza.com\/wp-content\/uploads\/2025\/08\/1080px-20181111_Hiroshima_Memorial_Cenotaph-1.jpg","keywords":["armas nucleares","TPAN","Tratado para la Prohibici\u00f3n de las Armas Nucleares"],"articleSection":["Contenido Original","Noviolencia","Paz y Desarme"],"inLanguage":"es"},{"@type":"WebPage","@id":"https:\/\/www.pressenza.com\/es\/2025\/08\/80-anos-desde-hiroshima-y-nagasaki-exigimos-verdad-justicia-desnuclearizacion-y-paz\/","url":"https:\/\/www.pressenza.com\/es\/2025\/08\/80-anos-desde-hiroshima-y-nagasaki-exigimos-verdad-justicia-desnuclearizacion-y-paz\/","name":"80 a\u00f1os desde Hiroshima y Nagasaki: exigimos verdad, justicia, desnuclearizaci\u00f3n y paz","isPartOf":{"@id":"https:\/\/www.pressenza.com\/es\/#website"},"primaryImageOfPage":{"@id":"https:\/\/www.pressenza.com\/es\/2025\/08\/80-anos-desde-hiroshima-y-nagasaki-exigimos-verdad-justicia-desnuclearizacion-y-paz\/#primaryimage"},"image":{"@id":"https:\/\/www.pressenza.com\/es\/2025\/08\/80-anos-desde-hiroshima-y-nagasaki-exigimos-verdad-justicia-desnuclearizacion-y-paz\/#primaryimage"},"thumbnailUrl":"https:\/\/www.pressenza.com\/wp-content\/uploads\/2025\/08\/1080px-20181111_Hiroshima_Memorial_Cenotaph-1.jpg","datePublished":"2025-08-06T09:59:46+00:00","dateModified":"2025-08-06T10:51:02+00:00","description":"Cada a\u00f1o, entre el 6 y el 9 de agosto, la humanidad se enfrenta a un recuerdo doloroso. Hiroshima y Nagasaki no son solo dos ciudades japonesas: son","breadcrumb":{"@id":"https:\/\/www.pressenza.com\/es\/2025\/08\/80-anos-desde-hiroshima-y-nagasaki-exigimos-verdad-justicia-desnuclearizacion-y-paz\/#breadcrumb"},"inLanguage":"es","potentialAction":[{"@type":"ReadAction","target":["https:\/\/www.pressenza.com\/es\/2025\/08\/80-anos-desde-hiroshima-y-nagasaki-exigimos-verdad-justicia-desnuclearizacion-y-paz\/"]}]},{"@type":"ImageObject","inLanguage":"es","@id":"https:\/\/www.pressenza.com\/es\/2025\/08\/80-anos-desde-hiroshima-y-nagasaki-exigimos-verdad-justicia-desnuclearizacion-y-paz\/#primaryimage","url":"https:\/\/www.pressenza.com\/wp-content\/uploads\/2025\/08\/1080px-20181111_Hiroshima_Memorial_Cenotaph-1.jpg","contentUrl":"https:\/\/www.pressenza.com\/wp-content\/uploads\/2025\/08\/1080px-20181111_Hiroshima_Memorial_Cenotaph-1.jpg","width":1080,"height":720,"caption":"\u039c\u03bd\u03b7\u03bc\u03b5\u03af\u03bf \u03b3\u03b9\u03b1 \u03c4\u03b7 \u03a7\u03b9\u03c1\u03bf\u03c3\u03af\u03bc\u03b1,, \u03c6\u03c9\u03c4\u03bf\u03b3\u03c1\u03b1\u03c6\u03af\u03b1 Balon Greyjoy - Own work, CC0, https:\/\/commons.wikimedia.org\/w\/index.php?curid=109246076."},{"@type":"BreadcrumbList","@id":"https:\/\/www.pressenza.com\/es\/2025\/08\/80-anos-desde-hiroshima-y-nagasaki-exigimos-verdad-justicia-desnuclearizacion-y-paz\/#breadcrumb","itemListElement":[{"@type":"ListItem","position":1,"name":"Accueil","item":"https:\/\/www.pressenza.com\/es\/"},{"@type":"ListItem","position":2,"name":"80 a\u00f1os desde Hiroshima y Nagasaki: exigimos verdad, justicia, desnuclearizaci\u00f3n y paz"}]},{"@type":"WebSite","@id":"https:\/\/www.pressenza.com\/es\/#website","url":"https:\/\/www.pressenza.com\/es\/","name":"Pressenza","description":"International Press Agency","publisher":{"@id":"https:\/\/www.pressenza.com\/es\/#organization"},"potentialAction":[{"@type":"SearchAction","target":{"@type":"EntryPoint","urlTemplate":"https:\/\/www.pressenza.com\/es\/?s={search_term_string}"},"query-input":{"@type":"PropertyValueSpecification","valueRequired":true,"valueName":"search_term_string"}}],"inLanguage":"es"},{"@type":"Organization","@id":"https:\/\/www.pressenza.com\/es\/#organization","name":"Pressenza","url":"https:\/\/www.pressenza.com\/es\/","logo":{"@type":"ImageObject","inLanguage":"es","@id":"https:\/\/www.pressenza.com\/es\/#\/schema\/logo\/image\/","url":"https:\/\/www.pressenza.com\/wp-content\/uploads\/2022\/10\/pressenza_logo_200x200.jpg","contentUrl":"https:\/\/www.pressenza.com\/wp-content\/uploads\/2022\/10\/pressenza_logo_200x200.jpg","width":200,"height":200,"caption":"Pressenza"},"image":{"@id":"https:\/\/www.pressenza.com\/es\/#\/schema\/logo\/image\/"},"sameAs":["https:\/\/www.facebook.com\/PressenzaItalia","https:\/\/x.com\/PressenzaIPA"]},{"@type":"Person","@id":"https:\/\/www.pressenza.com\/es\/#\/schema\/person\/d47d804d04b08f58c790fbabcbbf9670","name":"Mundo sin Guerras y sin Violencia","description":"World without Wars and Violence has been a non-profit organisation for more than 20 years and receives no funding from any government. It has \"Special Consultative Status\" with the UN Economic and Social Council. https:\/\/worldwwars.org\/","sameAs":["https:\/\/worldwwars.org\/","https:\/\/www.facebook.com\/MundoSinGuerrasYSinViolencia","https:\/\/x.com\/msgysv"],"url":"https:\/\/www.pressenza.com\/es\/author\/mundo-sin-guerras\/"}]}},"place":"Atenas","original_article_url":"","_links":{"self":[{"href":"https:\/\/www.pressenza.com\/es\/wp-json\/wp\/v2\/posts\/2624842","targetHints":{"allow":["GET"]}}],"collection":[{"href":"https:\/\/www.pressenza.com\/es\/wp-json\/wp\/v2\/posts"}],"about":[{"href":"https:\/\/www.pressenza.com\/es\/wp-json\/wp\/v2\/types\/post"}],"author":[{"embeddable":true,"href":"https:\/\/www.pressenza.com\/es\/wp-json\/wp\/v2\/users\/634"}],"replies":[{"embeddable":true,"href":"https:\/\/www.pressenza.com\/es\/wp-json\/wp\/v2\/comments?post=2624842"}],"version-history":[{"count":3,"href":"https:\/\/www.pressenza.com\/es\/wp-json\/wp\/v2\/posts\/2624842\/revisions"}],"predecessor-version":[{"id":2624851,"href":"https:\/\/www.pressenza.com\/es\/wp-json\/wp\/v2\/posts\/2624842\/revisions\/2624851"}],"wp:featuredmedia":[{"embeddable":true,"href":"https:\/\/www.pressenza.com\/es\/wp-json\/wp\/v2\/media\/2624843"}],"wp:attachment":[{"href":"https:\/\/www.pressenza.com\/es\/wp-json\/wp\/v2\/media?parent=2624842"}],"wp:term":[{"taxonomy":"category","embeddable":true,"href":"https:\/\/www.pressenza.com\/es\/wp-json\/wp\/v2\/categories?post=2624842"},{"taxonomy":"post_tag","embeddable":true,"href":"https:\/\/www.pressenza.com\/es\/wp-json\/wp\/v2\/tags?post=2624842"}],"curies":[{"name":"wp","href":"https:\/\/api.w.org\/{rel}","templated":true}]}}