{"id":2624531,"date":"2025-08-04T22:28:16","date_gmt":"2025-08-04T21:28:16","guid":{"rendered":"https:\/\/www.pressenza.com\/?p=2624531"},"modified":"2025-08-04T22:28:16","modified_gmt":"2025-08-04T21:28:16","slug":"ei-caribe-saqueado-parte-ii","status":"publish","type":"post","link":"https:\/\/www.pressenza.com\/es\/2025\/08\/ei-caribe-saqueado-parte-ii\/","title":{"rendered":"EI Caribe saqueado &#8211; Parte II"},"content":{"rendered":"<blockquote><p>Vinieron por el az\u00facar, se llevaron el oro, dejaron cadenas<\/p><\/blockquote>\n<p><strong>El Caribe no fue una escala, fue un bot\u00edn<\/strong><\/p>\n<p>Lo que narramos en la Parte I fue el origen brutal del despojo. La conquista, la esclavitud, el oro robado, el az\u00facar ensangrentada y el saqueo colonial construyeron las bases de un modelo econ\u00f3mico que nunca fue desmantelado. Los imperios se replegaron, las banderas cambiaron, pero el saqueo sigui\u00f3, solo mut\u00f3 de forma. Pas\u00f3 del gale\u00f3n al banco, del esclavista al empresario, de la encomienda al contrato de zona franca. Y as\u00ed, el Caribe entr\u00f3 al siglo XX no como regi\u00f3n libre, sino como laboratorio del saqueo moderno.<\/p>\n<p>Esta segunda parte no habla de galeones, sino de corporaciones. No de virreyes, sino de dictadores puestos por embajadas. Aqu\u00ed veremos c\u00f3mo el Caribe fue convertido en para\u00edso fiscal, en centro tur\u00edstico sin alma, en frontera militarizada, en zona de sacrificio ambiental. C\u00f3mo se destruyeron econom\u00edas campesinas, se reprimieron movimientos sociales, se blanque\u00f3 dinero a escala global y se blind\u00f3 la pobreza bajo tratados internacionales. Esta es la otra cara del saqueo, la m\u00e1s reciente y tambi\u00e9n la m\u00e1s invisible.<\/p>\n<p><strong>1900\u20131950<\/strong><br \/>\nEl siglo de las corporaciones y la geopol\u00edtica del Caribe<\/p>\n<p>La primera mitad del siglo XX no trajo independencia econ\u00f3mica, fue el tiempo en que las potencias extranjeras sobre todo Estados Unidos, convirtieron al Caribe en su patio trasero. Las compa\u00f1\u00edas bananeras, azucareras y mineras tomaron el control respaldadas por marines, ca\u00f1oneras y tratados desiguales. El oro ya no era el \u00fanico bot\u00edn pero segu\u00eda fluyendo en peque\u00f1as cantidades mientras se consolidaban otras formas de saqueo.<\/p>\n<p>En Cuba tras la intervenci\u00f3n estadounidense de 1898 y la enmienda Platt de 1901, la isla qued\u00f3 atada a Washington. Entre 1900 y 1950 se extrajeron unas 7 toneladas de oro en yacimientos de Oriente y Pinar del R\u00edo, por un valor estimado de 490 millones de d\u00f3lares actuales, pero el negocio principal fue el az\u00facar: m\u00e1s del 70% de la producci\u00f3n azucarera estaba en manos de compa\u00f1\u00edas estadounidenses como United Fruit y American Sugar Refining. La riqueza sal\u00eda en barcos, los jornaleros quedaban con hambre.<\/p>\n<p>En Hait\u00ed la ocupaci\u00f3n estadounidense de 1915 a 1934 vaci\u00f3 lo que quedaba del pa\u00eds, no hubo una producci\u00f3n aur\u00edfera relevante pero s\u00ed una sangr\u00eda financiera. Los impuestos del caf\u00e9 y las aduanas eran recaudados por bancos de Nueva York que tambi\u00e9n controlaban el Banco Nacional de Hait\u00ed. El equivalente a 1.500 millones de d\u00f3lares actuales en ingresos fiscales desapareci\u00f3 en pagos de deuda y comisiones bancarias.<\/p>\n<p>Rep\u00fablica Dominicana ocupada por Estados Unidos entre 1916 y 1924, entreg\u00f3 concesiones mineras a empresas extranjeras. En Cotu\u00ed y S\u00e1nchez Ram\u00edrez se extrajeron cerca de 4 toneladas de oro entre 1910 y 1945, equivalentes a 280 millones de d\u00f3lares actuales. Al mismo tiempo la United Fruit Company y Gulf &amp; Western controlaban el banano y el az\u00facar, dejando poco o nada para la econom\u00eda local.<\/p>\n<p>Puerto Rico convertido en territorio estadounidense en 1898, fue usado como base militar y agr\u00edcola. El oro se redujo a una extracci\u00f3n marginal de 0,5 toneladas, por unos 35 millones de d\u00f3lares actuales, mientras el resto de la econom\u00eda qued\u00f3 en manos de corporaciones de tabaco y ca\u00f1a. Las leyes de cabotaje (Jones Act) amarraron toda su econom\u00eda al comercio exclusivo con EE.UU.<\/p>\n<p>Jamaica a\u00fan colonia brit\u00e1nica, fue explotada por la Crown Corporation y las primeras mineras de bauxita, que comenzar\u00edan su expansi\u00f3n en los a\u00f1os 40. El oro fue casi simb\u00f3lico, apenas 0,7 toneladas entre 1900 y 1950, con un valor de 49 millones de d\u00f3lares actuales, mientras las reservas de aluminio eran evaluadas y pr\u00e1cticamente regaladas a compa\u00f1\u00edas brit\u00e1nicas y estadounidenses.<\/p>\n<p>El Caribe en esta etapa fue un laboratorio de control corporativo. Las tropas se retiraban pero los contratos permanec\u00edan. Los pueblos eran due\u00f1os del sudor, no de la riqueza. Y el oro, aunque en vol\u00famenes menores, segu\u00eda cruzando el Atl\u00e1ntico en cofres discretos.<\/p>\n<p><strong>1950 a la fecha<\/strong><br \/>\nTurismo, deuda, para\u00edsos fiscales y saqueo con sonrisa<\/p>\n<p>El Caribe no fue liberado, fue redise\u00f1ado. Ya no era necesario ocuparlo con soldados si se pod\u00eda controlarlo con bancos, cruceros, deuda externa, acuerdos comerciales y consultor\u00edas del FMI. Las rep\u00fablicas independientes fueron convertidas en rep\u00fablicas dependientes. El saqueo cambi\u00f3 de forma pero no de objetivo. Y el oro sigui\u00f3 saliendo, ahora como parte de megaproyectos mineros, muchas veces sin prensa ni registros p\u00fablicos.<\/p>\n<p>Cuba tras la revoluci\u00f3n de 1959 nacionaliz\u00f3 todos los recursos y expuls\u00f3 a las compa\u00f1\u00edas estadounidenses. El oro dej\u00f3 de salir pero lleg\u00f3 el bloqueo. Entre 1960 y 2020 Cuba perdi\u00f3 m\u00e1s de 144.000 millones de d\u00f3lares en ingresos potenciales por restricciones comerciales impuestas por Estados Unidos, seg\u00fan la ONU. El oro no se llev\u00f3 en lingotes, se bloque\u00f3 en puertos, cuentas, patentes y alimentos.<\/p>\n<p>Hait\u00ed arrasado por dictaduras, terremotos y misiones extranjeras, fue convertido en un experimento de intervenci\u00f3n humanitaria. Desde 1950 se han extra\u00eddo al menos 8 toneladas de oro en proyectos como Morne Bossa, con contratos opacos que dejaron menos del 2 % para el Estado. Se estima un saqueo de m\u00e1s de 520 millones de d\u00f3lares actuales solo en ese rubro. Pero el robo principal fue la deuda: entre 1970 y 2020, Hait\u00ed pag\u00f3 m\u00e1s de 2.000 millones de d\u00f3lares a bancos internacionales por cr\u00e9ditos que nunca se transformaron en escuelas ni hospitales.<\/p>\n<p>Rep\u00fablica Dominicana vivi\u00f3 un boom tur\u00edstico y minero. Desde 1970 la mina de Pueblo Viejo se convirti\u00f3 en una de las mayores fuentes de oro del hemisferio. Barrick Gold y otras firmas extrajeron m\u00e1s de 160 toneladas de oro, por un valor superior a 10.400 millones de d\u00f3lares actuales. El Estado apenas captur\u00f3 una fracci\u00f3n, debido a contratos firmados en dictadura y ratificados por gobiernos democr\u00e1ticos. A eso se suma el turismo que enriqueci\u00f3 a cadenas hoteleras espa\u00f1olas, estadounidenses y canadienses pero dej\u00f3 salarios m\u00ednimos y costas privatizadas.<\/p>\n<p>Puerto Rico no logr\u00f3 zafarse de su condici\u00f3n colonial. Sufri\u00f3 una crisis de deuda impagable, con una quiebra t\u00e9cnica declarada en 2015. El oro pr\u00e1cticamente desapareci\u00f3 de su subsuelo pero apareci\u00f3 en forma de evasi\u00f3n: m\u00e1s de 35.000 millones de d\u00f3lares en exenciones tributarias a farmac\u00e9uticas, tecnol\u00f3gicas y fondos de inversi\u00f3n. Un saqueo silencioso disfrazado de incentivos y todo bajo administraci\u00f3n federal.<\/p>\n<p>Jamaica desarroll\u00f3 su industria minera de bauxita, pero sin controlar los precios ni las empresas. Entre 1950 y 2020 se extrajeron m\u00e1s de 20 toneladas de oro, concentradas en los \u00faltimos 30 a\u00f1os, por un valor superior a 1.300 millones de d\u00f3lares actuales. Pero la gran riqueza fue la bauxita: m\u00e1s de 80 millones de toneladas, procesadas por Alcoa, Kaiser y otras firmas, generaron m\u00e1s de 20.000 millones de d\u00f3lares en ingresos brutos, de los cuales Jamaica solo recibi\u00f3 el 10 %. La miner\u00eda dej\u00f3 pozos, deudas y pueblos desplazados.<\/p>\n<p><strong>Las cifras del saque\u00f3 y el exterminio<\/strong><\/p>\n<p>1) Antes de 1500<br \/>\nAntes de la llegada de Col\u00f3n el Caribe estaba habitado por al menos 5 a 6 millones de personas originarias, pertenecientes a las culturas ta\u00edno, arawak, caribe, ciguayo y lucaya. Las principales materias primas extra\u00eddas por los pueblos originarios eran algod\u00f3n, tabaco, mandioca, sal marina, perlas, peces ornamentales y oro de aluvi\u00f3n pero a escala local y sostenible. No exist\u00eda el concepto de extracci\u00f3n masiva ni de exportaci\u00f3n industrial. El oro se utilizaba para ornamentaci\u00f3n ceremonial. Se calcula que en total, en los siglos previos al 1500, no se extrajeron m\u00e1s de 10 toneladas de oro de los r\u00edos y playas del Caribe, con un valor estimado de 700 millones de d\u00f3lares actuales. No hubo saqueo externo pero hubo civilizaci\u00f3n viva.<\/p>\n<p>Poblaci\u00f3n originaria previa a 1500 fue entre 5 y 6 millones. Poblaci\u00f3n originaria en 1500 era intacta. Genocidio a\u00fan no comenzaba.<\/p>\n<p>2) 1500 a 1600<br \/>\nDurante el primer siglo de colonizaci\u00f3n espa\u00f1ola el oro fue el principal objetivo. Se estima que m\u00e1s de 120 toneladas de oro fueron extra\u00eddas de las islas mayores (Hispaniola, Cuba, Puerto Rico y Jamaica) a trav\u00e9s de lavado fluvial y esclavitud ind\u00edgena, con un valor estimado de 8.400 millones de d\u00f3lares actuales. Tambi\u00e9n se exportaron entre 20.000 y 30.000 toneladas de algod\u00f3n, 500 toneladas de perlas desde Cubagua y Margarita y al menos 2.000 toneladas de madera tropical. Esta fue la etapa m\u00e1s brutal del exterminio.<br \/>\nEl 90% de los pueblos originarios del Caribe fueron asesinados, esclavizados o murieron por enfermedades.<br \/>\nDe 5 a 6 millones de habitantes, quedaron menos de 500.000 hacia 1600.<\/p>\n<p>3) 1600 a 1700<br \/>\nCon la extinci\u00f3n casi total de los pueblos originarios el Caribe pas\u00f3 a ser zona de explotaci\u00f3n esclavista y agr\u00edcola. Se estima que al menos 300.000 africanos fueron esclavizados en el Caribe en este siglo. En materias primas, las exportaciones fueron: 200.000 toneladas de az\u00facar, 80.000 toneladas de tabaco, 40.000 toneladas de algod\u00f3n, 6.000 toneladas de \u00edndigo, y madera tropical y caoba por m\u00e1s de 100.000 toneladas, con un valor conjunto que supera los 21.000 millones de d\u00f3lares actuales.<br \/>\nLa poblaci\u00f3n originaria qued\u00f3 reducida a zonas marginales o totalmente extinta en muchas islas. Hacia 1700, menos de 100.000 ind\u00edgenas sobreviv\u00edan en todo el Caribe.<\/p>\n<p>4) 1700 a 1800<br \/>\nSiglo del m\u00e1ximo rendimiento esclavista. M\u00e1s de 1,5 millones de personas africanas fueron importadas al Caribe como mano de obra para las plantaciones de az\u00facar. Exportaciones: m\u00e1s de 1.500.000 toneladas de az\u00facar, 200.000 toneladas de tabaco, 60.000 toneladas de caf\u00e9, 50.000 toneladas de algod\u00f3n, y m\u00e1s de 200.000 toneladas de maderas nobles y caoba, por un valor econ\u00f3mico que se estima en m\u00e1s de 75.000 millones de d\u00f3lares actuales.<br \/>\nLa poblaci\u00f3n originaria qued\u00f3 reducida a menos del 0,5% del total en las islas. En Hait\u00ed, Jamaica y Barbados, los pueblos ind\u00edgenas eran considerados extintos por los censos coloniales.<\/p>\n<p>5) 1800 a 1900<br \/>\nCon la abolici\u00f3n progresiva de la esclavitud el modelo cambi\u00f3 pero el saqueo continu\u00f3. Se estima que entre todas las islas se exportaron en ese siglo: 2 millones de toneladas de az\u00facar, 300.000 toneladas de ron, 100.000 toneladas de caf\u00e9, 120.000 toneladas de frutas tropicales (pi\u00f1a, pl\u00e1tano, c\u00edtricos) y m\u00e1s de 350.000 toneladas de maderas tropicales, con un valor estimado de 130.000 millones de d\u00f3lares actuales.<br \/>\nLa poblaci\u00f3n ind\u00edgena fue sustituida casi por completo por africanos esclavizados y sus descendientes. Pueblos originarios supervivientes en el Caribe insular: menos de 10.000 personas.<\/p>\n<p>6) 1900 a 1950<br \/>\nEtapa de control estadounidense, neocolonialismo y expansi\u00f3n de empresas bananeras, azucareras y navieras. Exportaciones clave: 5 millones de toneladas de az\u00facar, 1 mill\u00f3n de toneladas de frutas tropicales, caf\u00e9 y tabaco por m\u00e1s de 400.000 toneladas, adem\u00e1s de bauxita en Jamaica (desde 1940) y manganeso en Cuba, todo con un valor estimado de m\u00e1s de 180.000 millones de d\u00f3lares actuales. El Caribe pas\u00f3 a ser zona de reserva estrat\u00e9gica para EE.UU. y Europa.<br \/>\nLa poblaci\u00f3n originaria era ya simb\u00f3lica: sobreviv\u00edan algunos grupos en Dominica, Santa Luc\u00eda y partes del Caribe continental. Total: menos de 5.000 personas reconocidas oficialmente como ind\u00edgenas.<\/p>\n<p>7) 1950 a la actualidad<br \/>\nLos \u00faltimos 75 a\u00f1os han sido a\u00f1os de turismo, miner\u00eda, deuda y extractivismo moderno. Exportaciones acumuladas: m\u00e1s de 12 millones de toneladas de bauxita (Jamaica, Guyana, Surinam), petr\u00f3leo en Trinidad y Tobago, n\u00edquel en Cuba, y m\u00e1s de 25 millones de toneladas de az\u00facar, frutas y derivados agr\u00edcolas. Valor total estimado es de USD 700.000 millones actuales.<\/p>\n<p>Hoy las reservas estrat\u00e9gicas, los puertos, las bases militares y las rutas mar\u00edtimas siguen bajo control extranjero. La poblaci\u00f3n originaria sobrevive con menos de 3.000 personas reconocidas oficialmente como descendientes ta\u00ednos o caribes y solo un pu\u00f1ado de lenguas en peligro de extinci\u00f3n.<\/p>\n<p><strong>Las cifras que nunca deben olvidarse y repetiremos en esta columna<\/strong><\/p>\n<p>1) Antes de 1500 \u2013 Materias primas: 10 toneladas de oro ceremonial. Valor estimado: 700 millones USD actuales. Poblaci\u00f3n originaria: 5 a 6 millones. Poblaci\u00f3n final del per\u00edodo: 5 a 6 millones (pre-genocidio).<\/p>\n<p>2) 1500\u20131600 \u2013 Materias primas: 120 t oro, 30.000 t algod\u00f3n, 500 t perlas, 2.000 t maderas tropicales. Valor estimado: 8.400 millones USD. Poblaci\u00f3n originaria: 5\u20136 millones. Poblaci\u00f3n final: menos de 500.000.<\/p>\n<p>3) 1600\u20131700 \u2013 Materias primas: 200.000 t az\u00facar, 80.000 t tabaco, 40.000 t algod\u00f3n, 6.000 t \u00edndigo, 100.000 t madera. Valor estimado: 21.000 millones USD. Poblaci\u00f3n originaria: menos de 500.000. Poblaci\u00f3n final: menos de 100.000.<\/p>\n<p>4) 1700\u20131800 \u2013 Materias primas: 1.500.000 t az\u00facar, 200.000 t tabaco, 60.000 t caf\u00e9, 50.000 t algod\u00f3n, 200.000 t maderas nobles. Valor estimado: 75.000 millones USD. Poblaci\u00f3n originaria: menos de 100.000. Poblaci\u00f3n final: virtualmente extinta.<\/p>\n<p>5) 1800\u20131900 \u2013 Materias primas: 2.000.000 t az\u00facar, 300.000 t ron, 100.000 t caf\u00e9, 120.000 t frutas tropicales, 350.000 t maderas. Valor estimado: 130.000 millones USD. Poblaci\u00f3n originaria: menos de 10.000 sobrevivientes dispersos.<\/p>\n<p>6) 1900\u20131950 \u2013 Materias primas: 5.000.000 t az\u00facar, 1.000.000 t frutas, 400.000 t caf\u00e9\/tabaco, bauxita y manganeso (tonelaje menor). Valor estimado: 180.000 millones USD. Poblaci\u00f3n originaria: menos de 5.000 personas reconocidas.<\/p>\n<p>7) 1950\u20132025 \u2013 Materias primas: 12.000.000 t bauxita, petr\u00f3leo (sin cifra precisa), 25.000.000 t az\u00facar y frutas. Valor estimado: 700.000 millones USD. Poblaci\u00f3n originaria: menos de 3.000 personas reconocidas oficialmente, la mayor\u00eda sin lengua materna viva<\/p>\n<p><strong>Un continente reducido a plantaci\u00f3n, un pueblo borrado del mapa<\/strong><\/p>\n<p>No fue solo saqueo, fue exterminio. Antes de la llegada de los imperios europeos, el Caribe era un mosaico de culturas, lenguas, pueblos y creencias que viv\u00edan de la tierra, del mar y de la memoria. En menos de un siglo el 90% de su poblaci\u00f3n originaria desapareci\u00f3. Y en menos de cinco siglos desapareci\u00f3 todo rastro f\u00edsico, ling\u00fc\u00edstico y espiritual de millones de personas que hab\u00edan habitado esas islas por miles de a\u00f1os.\u00a0Se rob\u00f3 el oro, se tal\u00f3 la selva, se extingui\u00f3 la lengua, se quemaron los dioses, se erradic\u00f3 un continente vivo y se reemplaz\u00f3 por una plantaci\u00f3n.<\/p>\n<p>Las cifras no mienten:<br \/>\n\u2022 M\u00e1s de 70 millones de toneladas de materias primas extra\u00eddas del Caribe desde 1500.<br \/>\n\u2022 Valor estimado: m\u00e1s de 1,1 billones de d\u00f3lares actuales.<br \/>\n\u2022 M\u00e1s de 2 millones de personas africanas esclavizadas y usadas como maquinaria de producci\u00f3n.<br \/>\n\u2022 Y una poblaci\u00f3n originaria que pas\u00f3 de 6 millones a menos de 3.000 sobrevivientes oficiales.<br \/>\nTodo esto mucho antes de Hitler, mucho antes de los campos de concentraci\u00f3n, mucho antes de Nuremberg. El genocidio en el Caribe fue el primero, fue el modelo y Europa jam\u00e1s lo juzg\u00f3.<\/p>\n<p>Los museos se llenaron, las universidades se enriquecieron, las metr\u00f3polis crecieron y el Caribe qued\u00f3 pobre, tur\u00edstico y endeudado. El saqueo no es parte del pasado, es el sistema. Y a\u00fan sigue operando, con nuevas banderas, con nuevos contratos.<\/p>\n<p>El Caribe moderno es un para\u00edso para el capital, no para sus pueblos. El oro sigue saliendo, ahora m\u00e1s disimulado, convertido en cuentas offshore, contratos mineros, deuda externa y megaproyectos tur\u00edsticos. Y las estad\u00edsticas muestran que los pa\u00edses que fueron esclavizados, saqueados y despojados hoy encabezan los rankings de pobreza, desigualdad y dependencia. Porque cuando el oro deja de salir en barcos, empieza a salir en planillas.<\/p>\n<p>Y cuando no se lleva el oro, se llevan la esperanza.<\/p>\n","protected":false},"excerpt":{"rendered":"<p>Vinieron por el az\u00facar, se llevaron el oro, dejaron cadenas El Caribe no fue una escala, fue un bot\u00edn Lo que narramos en la Parte I fue el origen brutal del despojo. La conquista, la esclavitud, el oro robado, el&hellip;<\/p>\n","protected":false},"author":2493,"featured_media":2624533,"comment_status":"closed","ping_status":"closed","sticky":false,"template":"","format":"standard","meta":{"footnotes":""},"categories":[69,11389,81,106740],"tags":[88962,110593,1544],"class_list":["post-2624531","post","type-post","status-publish","format-standard","has-post-thumbnail","hentry","category-america-central","category-contenido-original","category-economia-es","category-reportaje","tag-colonialismos","tag-el-caribe","tag-extractivismo"],"yoast_head":"<!-- This site is optimized with the Yoast SEO plugin v27.1.1 - https:\/\/yoast.com\/product\/yoast-seo-wordpress\/ -->\n<title>EI Caribe saqueado - Parte II<\/title>\n<meta name=\"description\" content=\"Vinieron por el az\u00facar, se llevaron el oro, dejaron cadenas El Caribe no fue una escala, fue un bot\u00edn Lo que narramos en la Parte I fue el origen brutal\" \/>\n<meta name=\"robots\" content=\"index, follow, max-snippet:-1, max-image-preview:large, max-video-preview:-1\" \/>\n<link rel=\"canonical\" href=\"https:\/\/www.pressenza.com\/es\/2025\/08\/ei-caribe-saqueado-parte-ii\/\" \/>\n<meta property=\"og:locale\" content=\"es_ES\" \/>\n<meta property=\"og:type\" content=\"article\" \/>\n<meta property=\"og:title\" content=\"EI Caribe saqueado - Parte II\" \/>\n<meta property=\"og:description\" content=\"Vinieron por el az\u00facar, se llevaron el oro, dejaron cadenas El Caribe no fue una escala, fue un bot\u00edn Lo que narramos en la Parte I fue el origen brutal\" \/>\n<meta property=\"og:url\" content=\"https:\/\/www.pressenza.com\/es\/2025\/08\/ei-caribe-saqueado-parte-ii\/\" \/>\n<meta property=\"og:site_name\" content=\"Pressenza\" \/>\n<meta property=\"article:publisher\" content=\"https:\/\/www.facebook.com\/PressenzaItalia\" \/>\n<meta property=\"article:published_time\" content=\"2025-08-04T21:28:16+00:00\" \/>\n<meta property=\"og:image\" content=\"https:\/\/www.pressenza.com\/wp-content\/uploads\/2025\/08\/palmeras.jpg\" \/>\n\t<meta property=\"og:image:width\" content=\"960\" \/>\n\t<meta property=\"og:image:height\" content=\"500\" \/>\n\t<meta property=\"og:image:type\" content=\"image\/jpeg\" \/>\n<meta name=\"author\" content=\"Mauricio Herrera Kahn\" \/>\n<meta name=\"twitter:card\" content=\"summary_large_image\" \/>\n<meta name=\"twitter:creator\" content=\"@PressenzaIPA\" \/>\n<meta name=\"twitter:site\" content=\"@PressenzaIPA\" \/>\n<meta name=\"twitter:label1\" content=\"Escrito por\" \/>\n\t<meta name=\"twitter:data1\" content=\"Mauricio Herrera Kahn\" \/>\n\t<meta name=\"twitter:label2\" content=\"Tiempo de lectura\" \/>\n\t<meta name=\"twitter:data2\" content=\"12 minutos\" \/>\n<script type=\"application\/ld+json\" class=\"yoast-schema-graph\">{\"@context\":\"https:\/\/schema.org\",\"@graph\":[{\"@type\":\"Article\",\"@id\":\"https:\/\/www.pressenza.com\/es\/2025\/08\/ei-caribe-saqueado-parte-ii\/#article\",\"isPartOf\":{\"@id\":\"https:\/\/www.pressenza.com\/es\/2025\/08\/ei-caribe-saqueado-parte-ii\/\"},\"author\":{\"name\":\"Mauricio Herrera Kahn\",\"@id\":\"https:\/\/www.pressenza.com\/es\/#\/schema\/person\/1d64caef2c28d4b0cae6de277a77d314\"},\"headline\":\"EI Caribe saqueado &#8211; Parte II\",\"datePublished\":\"2025-08-04T21:28:16+00:00\",\"mainEntityOfPage\":{\"@id\":\"https:\/\/www.pressenza.com\/es\/2025\/08\/ei-caribe-saqueado-parte-ii\/\"},\"wordCount\":2519,\"publisher\":{\"@id\":\"https:\/\/www.pressenza.com\/es\/#organization\"},\"image\":{\"@id\":\"https:\/\/www.pressenza.com\/es\/2025\/08\/ei-caribe-saqueado-parte-ii\/#primaryimage\"},\"thumbnailUrl\":\"https:\/\/www.pressenza.com\/wp-content\/uploads\/2025\/08\/palmeras.jpg\",\"keywords\":[\"colonialismos\",\"El Caribe\",\"extractivismo\"],\"articleSection\":[\"Am\u00e9rica Central\",\"Contenido Original\",\"Econom\u00eda\",\"Reportaje\"],\"inLanguage\":\"es\"},{\"@type\":\"WebPage\",\"@id\":\"https:\/\/www.pressenza.com\/es\/2025\/08\/ei-caribe-saqueado-parte-ii\/\",\"url\":\"https:\/\/www.pressenza.com\/es\/2025\/08\/ei-caribe-saqueado-parte-ii\/\",\"name\":\"EI Caribe saqueado - Parte II\",\"isPartOf\":{\"@id\":\"https:\/\/www.pressenza.com\/es\/#website\"},\"primaryImageOfPage\":{\"@id\":\"https:\/\/www.pressenza.com\/es\/2025\/08\/ei-caribe-saqueado-parte-ii\/#primaryimage\"},\"image\":{\"@id\":\"https:\/\/www.pressenza.com\/es\/2025\/08\/ei-caribe-saqueado-parte-ii\/#primaryimage\"},\"thumbnailUrl\":\"https:\/\/www.pressenza.com\/wp-content\/uploads\/2025\/08\/palmeras.jpg\",\"datePublished\":\"2025-08-04T21:28:16+00:00\",\"description\":\"Vinieron por el az\u00facar, se llevaron el oro, dejaron cadenas El Caribe no fue una escala, fue un bot\u00edn Lo que narramos en la Parte I fue el origen brutal\",\"breadcrumb\":{\"@id\":\"https:\/\/www.pressenza.com\/es\/2025\/08\/ei-caribe-saqueado-parte-ii\/#breadcrumb\"},\"inLanguage\":\"es\",\"potentialAction\":[{\"@type\":\"ReadAction\",\"target\":[\"https:\/\/www.pressenza.com\/es\/2025\/08\/ei-caribe-saqueado-parte-ii\/\"]}]},{\"@type\":\"ImageObject\",\"inLanguage\":\"es\",\"@id\":\"https:\/\/www.pressenza.com\/es\/2025\/08\/ei-caribe-saqueado-parte-ii\/#primaryimage\",\"url\":\"https:\/\/www.pressenza.com\/wp-content\/uploads\/2025\/08\/palmeras.jpg\",\"contentUrl\":\"https:\/\/www.pressenza.com\/wp-content\/uploads\/2025\/08\/palmeras.jpg\",\"width\":960,\"height\":500},{\"@type\":\"BreadcrumbList\",\"@id\":\"https:\/\/www.pressenza.com\/es\/2025\/08\/ei-caribe-saqueado-parte-ii\/#breadcrumb\",\"itemListElement\":[{\"@type\":\"ListItem\",\"position\":1,\"name\":\"Accueil\",\"item\":\"https:\/\/www.pressenza.com\/es\/\"},{\"@type\":\"ListItem\",\"position\":2,\"name\":\"EI Caribe saqueado &#8211; Parte II\"}]},{\"@type\":\"WebSite\",\"@id\":\"https:\/\/www.pressenza.com\/es\/#website\",\"url\":\"https:\/\/www.pressenza.com\/es\/\",\"name\":\"Pressenza\",\"description\":\"International Press Agency\",\"publisher\":{\"@id\":\"https:\/\/www.pressenza.com\/es\/#organization\"},\"potentialAction\":[{\"@type\":\"SearchAction\",\"target\":{\"@type\":\"EntryPoint\",\"urlTemplate\":\"https:\/\/www.pressenza.com\/es\/?s={search_term_string}\"},\"query-input\":{\"@type\":\"PropertyValueSpecification\",\"valueRequired\":true,\"valueName\":\"search_term_string\"}}],\"inLanguage\":\"es\"},{\"@type\":\"Organization\",\"@id\":\"https:\/\/www.pressenza.com\/es\/#organization\",\"name\":\"Pressenza\",\"url\":\"https:\/\/www.pressenza.com\/es\/\",\"logo\":{\"@type\":\"ImageObject\",\"inLanguage\":\"es\",\"@id\":\"https:\/\/www.pressenza.com\/es\/#\/schema\/logo\/image\/\",\"url\":\"https:\/\/www.pressenza.com\/wp-content\/uploads\/2022\/10\/pressenza_logo_200x200.jpg\",\"contentUrl\":\"https:\/\/www.pressenza.com\/wp-content\/uploads\/2022\/10\/pressenza_logo_200x200.jpg\",\"width\":200,\"height\":200,\"caption\":\"Pressenza\"},\"image\":{\"@id\":\"https:\/\/www.pressenza.com\/es\/#\/schema\/logo\/image\/\"},\"sameAs\":[\"https:\/\/www.facebook.com\/PressenzaItalia\",\"https:\/\/x.com\/PressenzaIPA\"]},{\"@type\":\"Person\",\"@id\":\"https:\/\/www.pressenza.com\/es\/#\/schema\/person\/1d64caef2c28d4b0cae6de277a77d314\",\"name\":\"Mauricio Herrera Kahn\",\"description\":\"Mauricio Herrera Kahn, Mechanical Engineer graduated from the Technical University of Ecuador (UTE) in 1975, with more than 45 years of experience in the mining engineering and project development sector. He has held positions such as General Manager, Project Manager, and Head of Engineering at national and international companies, where he led studies and project execution under the EPCM (Engineering, Procurement, and Construction Management) model. He is currently General Manager at HyB Ingenieros, developing studies and analyses of new plants and processes with Capex and Opex at the engineering profile level. For several years, he has been writing articles and columns on national and international social, political, and economic analysis.\",\"url\":\"https:\/\/www.pressenza.com\/es\/author\/mauricio-herrera-kahn\/\"}]}<\/script>\n<!-- \/ Yoast SEO plugin. -->","yoast_head_json":{"title":"EI Caribe saqueado - Parte II","description":"Vinieron por el az\u00facar, se llevaron el oro, dejaron cadenas El Caribe no fue una escala, fue un bot\u00edn Lo que narramos en la Parte I fue el origen brutal","robots":{"index":"index","follow":"follow","max-snippet":"max-snippet:-1","max-image-preview":"max-image-preview:large","max-video-preview":"max-video-preview:-1"},"canonical":"https:\/\/www.pressenza.com\/es\/2025\/08\/ei-caribe-saqueado-parte-ii\/","og_locale":"es_ES","og_type":"article","og_title":"EI Caribe saqueado - Parte II","og_description":"Vinieron por el az\u00facar, se llevaron el oro, dejaron cadenas El Caribe no fue una escala, fue un bot\u00edn Lo que narramos en la Parte I fue el origen brutal","og_url":"https:\/\/www.pressenza.com\/es\/2025\/08\/ei-caribe-saqueado-parte-ii\/","og_site_name":"Pressenza","article_publisher":"https:\/\/www.facebook.com\/PressenzaItalia","article_published_time":"2025-08-04T21:28:16+00:00","og_image":[{"width":960,"height":500,"url":"https:\/\/www.pressenza.com\/wp-content\/uploads\/2025\/08\/palmeras.jpg","type":"image\/jpeg"}],"author":"Mauricio Herrera Kahn","twitter_card":"summary_large_image","twitter_creator":"@PressenzaIPA","twitter_site":"@PressenzaIPA","twitter_misc":{"Escrito por":"Mauricio Herrera Kahn","Tiempo de lectura":"12 minutos"},"schema":{"@context":"https:\/\/schema.org","@graph":[{"@type":"Article","@id":"https:\/\/www.pressenza.com\/es\/2025\/08\/ei-caribe-saqueado-parte-ii\/#article","isPartOf":{"@id":"https:\/\/www.pressenza.com\/es\/2025\/08\/ei-caribe-saqueado-parte-ii\/"},"author":{"name":"Mauricio Herrera Kahn","@id":"https:\/\/www.pressenza.com\/es\/#\/schema\/person\/1d64caef2c28d4b0cae6de277a77d314"},"headline":"EI Caribe saqueado &#8211; Parte II","datePublished":"2025-08-04T21:28:16+00:00","mainEntityOfPage":{"@id":"https:\/\/www.pressenza.com\/es\/2025\/08\/ei-caribe-saqueado-parte-ii\/"},"wordCount":2519,"publisher":{"@id":"https:\/\/www.pressenza.com\/es\/#organization"},"image":{"@id":"https:\/\/www.pressenza.com\/es\/2025\/08\/ei-caribe-saqueado-parte-ii\/#primaryimage"},"thumbnailUrl":"https:\/\/www.pressenza.com\/wp-content\/uploads\/2025\/08\/palmeras.jpg","keywords":["colonialismos","El Caribe","extractivismo"],"articleSection":["Am\u00e9rica Central","Contenido Original","Econom\u00eda","Reportaje"],"inLanguage":"es"},{"@type":"WebPage","@id":"https:\/\/www.pressenza.com\/es\/2025\/08\/ei-caribe-saqueado-parte-ii\/","url":"https:\/\/www.pressenza.com\/es\/2025\/08\/ei-caribe-saqueado-parte-ii\/","name":"EI Caribe saqueado - Parte II","isPartOf":{"@id":"https:\/\/www.pressenza.com\/es\/#website"},"primaryImageOfPage":{"@id":"https:\/\/www.pressenza.com\/es\/2025\/08\/ei-caribe-saqueado-parte-ii\/#primaryimage"},"image":{"@id":"https:\/\/www.pressenza.com\/es\/2025\/08\/ei-caribe-saqueado-parte-ii\/#primaryimage"},"thumbnailUrl":"https:\/\/www.pressenza.com\/wp-content\/uploads\/2025\/08\/palmeras.jpg","datePublished":"2025-08-04T21:28:16+00:00","description":"Vinieron por el az\u00facar, se llevaron el oro, dejaron cadenas El Caribe no fue una escala, fue un bot\u00edn Lo que narramos en la Parte I fue el origen brutal","breadcrumb":{"@id":"https:\/\/www.pressenza.com\/es\/2025\/08\/ei-caribe-saqueado-parte-ii\/#breadcrumb"},"inLanguage":"es","potentialAction":[{"@type":"ReadAction","target":["https:\/\/www.pressenza.com\/es\/2025\/08\/ei-caribe-saqueado-parte-ii\/"]}]},{"@type":"ImageObject","inLanguage":"es","@id":"https:\/\/www.pressenza.com\/es\/2025\/08\/ei-caribe-saqueado-parte-ii\/#primaryimage","url":"https:\/\/www.pressenza.com\/wp-content\/uploads\/2025\/08\/palmeras.jpg","contentUrl":"https:\/\/www.pressenza.com\/wp-content\/uploads\/2025\/08\/palmeras.jpg","width":960,"height":500},{"@type":"BreadcrumbList","@id":"https:\/\/www.pressenza.com\/es\/2025\/08\/ei-caribe-saqueado-parte-ii\/#breadcrumb","itemListElement":[{"@type":"ListItem","position":1,"name":"Accueil","item":"https:\/\/www.pressenza.com\/es\/"},{"@type":"ListItem","position":2,"name":"EI Caribe saqueado &#8211; Parte II"}]},{"@type":"WebSite","@id":"https:\/\/www.pressenza.com\/es\/#website","url":"https:\/\/www.pressenza.com\/es\/","name":"Pressenza","description":"International Press Agency","publisher":{"@id":"https:\/\/www.pressenza.com\/es\/#organization"},"potentialAction":[{"@type":"SearchAction","target":{"@type":"EntryPoint","urlTemplate":"https:\/\/www.pressenza.com\/es\/?s={search_term_string}"},"query-input":{"@type":"PropertyValueSpecification","valueRequired":true,"valueName":"search_term_string"}}],"inLanguage":"es"},{"@type":"Organization","@id":"https:\/\/www.pressenza.com\/es\/#organization","name":"Pressenza","url":"https:\/\/www.pressenza.com\/es\/","logo":{"@type":"ImageObject","inLanguage":"es","@id":"https:\/\/www.pressenza.com\/es\/#\/schema\/logo\/image\/","url":"https:\/\/www.pressenza.com\/wp-content\/uploads\/2022\/10\/pressenza_logo_200x200.jpg","contentUrl":"https:\/\/www.pressenza.com\/wp-content\/uploads\/2022\/10\/pressenza_logo_200x200.jpg","width":200,"height":200,"caption":"Pressenza"},"image":{"@id":"https:\/\/www.pressenza.com\/es\/#\/schema\/logo\/image\/"},"sameAs":["https:\/\/www.facebook.com\/PressenzaItalia","https:\/\/x.com\/PressenzaIPA"]},{"@type":"Person","@id":"https:\/\/www.pressenza.com\/es\/#\/schema\/person\/1d64caef2c28d4b0cae6de277a77d314","name":"Mauricio Herrera Kahn","description":"Mauricio Herrera Kahn, Mechanical Engineer graduated from the Technical University of Ecuador (UTE) in 1975, with more than 45 years of experience in the mining engineering and project development sector. He has held positions such as General Manager, Project Manager, and Head of Engineering at national and international companies, where he led studies and project execution under the EPCM (Engineering, Procurement, and Construction Management) model. He is currently General Manager at HyB Ingenieros, developing studies and analyses of new plants and processes with Capex and Opex at the engineering profile level. For several years, he has been writing articles and columns on national and international social, political, and economic analysis.","url":"https:\/\/www.pressenza.com\/es\/author\/mauricio-herrera-kahn\/"}]}},"place":"Santiago de Chile","original_article_url":"","_links":{"self":[{"href":"https:\/\/www.pressenza.com\/es\/wp-json\/wp\/v2\/posts\/2624531","targetHints":{"allow":["GET"]}}],"collection":[{"href":"https:\/\/www.pressenza.com\/es\/wp-json\/wp\/v2\/posts"}],"about":[{"href":"https:\/\/www.pressenza.com\/es\/wp-json\/wp\/v2\/types\/post"}],"author":[{"embeddable":true,"href":"https:\/\/www.pressenza.com\/es\/wp-json\/wp\/v2\/users\/2493"}],"replies":[{"embeddable":true,"href":"https:\/\/www.pressenza.com\/es\/wp-json\/wp\/v2\/comments?post=2624531"}],"version-history":[{"count":4,"href":"https:\/\/www.pressenza.com\/es\/wp-json\/wp\/v2\/posts\/2624531\/revisions"}],"predecessor-version":[{"id":2639242,"href":"https:\/\/www.pressenza.com\/es\/wp-json\/wp\/v2\/posts\/2624531\/revisions\/2639242"}],"wp:featuredmedia":[{"embeddable":true,"href":"https:\/\/www.pressenza.com\/es\/wp-json\/wp\/v2\/media\/2624533"}],"wp:attachment":[{"href":"https:\/\/www.pressenza.com\/es\/wp-json\/wp\/v2\/media?parent=2624531"}],"wp:term":[{"taxonomy":"category","embeddable":true,"href":"https:\/\/www.pressenza.com\/es\/wp-json\/wp\/v2\/categories?post=2624531"},{"taxonomy":"post_tag","embeddable":true,"href":"https:\/\/www.pressenza.com\/es\/wp-json\/wp\/v2\/tags?post=2624531"}],"curies":[{"name":"wp","href":"https:\/\/api.w.org\/{rel}","templated":true}]}}