{"id":2623599,"date":"2025-07-31T22:33:30","date_gmt":"2025-07-31T21:33:30","guid":{"rendered":"https:\/\/www.pressenza.com\/?p=2623599"},"modified":"2025-07-31T22:33:30","modified_gmt":"2025-07-31T21:33:30","slug":"mentacion-direccion-y-accion","status":"publish","type":"post","link":"https:\/\/www.pressenza.com\/es\/2025\/07\/mentacion-direccion-y-accion\/","title":{"rendered":"Mentaci\u00f3n, direcci\u00f3n y acci\u00f3n"},"content":{"rendered":"<p>Este\u00a0 art\u00edculo comienza con deficiencias. En su t\u00edtulo, la palabra \u201cmentaci\u00f3n\u201d tiene un car\u00e1cter absolutamente cr\u00edptico, cuando no inexistente. \u00bfSe refiere el autor a alg\u00fan sabor o aroma producido por la planta hom\u00f3nima o a una cualidad parapsicol\u00f3gica tan cara a los mentalistas de todos los tiempos?<\/p>\n<p>Pues nada de ello. La mentaci\u00f3n, seg\u00fan es usada aqu\u00ed, se refiere a un escenario de im\u00e1genes en la propia conciencia que predispone a dirigir la atenci\u00f3n y las acciones a determinados fen\u00f3menos. Esa predisposici\u00f3n puede hacer surgir o subrayar la importancia de ciertos acontecimientos que coinciden con ella, pero lo esencial es que uno traza as\u00ed determinadas prioridades para sus acciones.<\/p>\n<p>Por ejemplo, si imagino qu\u00e9 bueno ser\u00eda encontrar a viejos amigos que no veo hace tiempo y, de repente, aparece alguno de ellos. O estoy tratando de resolver alg\u00fan tema que me produce inquietud,\u00a0 y poco despu\u00e9s, sin forzar, se presentan nuevas posibilidades para lograrlo.<\/p>\n<p>Los ejemplos cotidianos son incontables, y cada uno puede encontrar en s\u00ed mismo experiencias que lo afirmen.<\/p>\n<p>Este auto-esclarecimiento sobre la jerarqu\u00eda que uno se propone dar a ciertas acciones o advenimientos\u00a0 a trav\u00e9s de sus im\u00e1genes, es ya en s\u00ed mismo y m\u00e1s all\u00e1 de cualquier resultado emergente, un beneficio significativo.<\/p>\n<p>A la inversa, la falta de definici\u00f3n sobre \u201cen lo que uno est\u00e1\u201d mentalmente, puede hacer desperdiciar un sinn\u00famero de experiencias y oportunidades. Como un tren que pasa de largo porque uno lleg\u00f3 muy tarde a la estaci\u00f3n por alguna distracci\u00f3n.<\/p>\n<p>Por otro lado, comprender la potencia de \u201cmentar\u201d en algo, evidencia la \u00edntima relaci\u00f3n existente entre la conciencia humana y el mundo externo, aspecto este poco ponderado en las corrientes que pretenden solo la existencia de un mundo \u201cobjetivo\u201d, exclusivamente objetal o material.<\/p>\n<p>Negar la excelencia de la conciencia humana y el direccionamiento que genera en su producci\u00f3n de im\u00e1genes es no solo absurdo, sino contraproducente. Condena al ser humano a ser apenas un esclavo de condiciones mec\u00e1nicas externas y lo que es aun m\u00e1s preocupante, lo exime de su acci\u00f3n transformadora.<\/p>\n<p><strong>Aforismos y pedidos<\/strong><\/p>\n<p>Existen, desde tiempos remotos, \u201cacciones mentales\u201d envueltas en mantos culturales diversos que ayudan en la direcci\u00f3n comentada.<\/p>\n<p>Es el caso de los aforismos, m\u00e1ximas que configuran situaciones o aconsejan conductas y, que en su repetici\u00f3n atraen acciones en ese sentido. M\u00e1s poderosos son aun esos aforismos cuando se repiten con la fuerza emocional de la convicci\u00f3n o la fe.<\/p>\n<p>Muchos de estos mecanismos de conciencia pueden encontrarse en los refranes, moralejas y proverbios, hasta llegar a los f\u00e9rreos preceptos instalados por las distintas religiones en diferentes espacios y tiempos hist\u00f3ricos.<\/p>\n<p>Otro tanto ocurre con los pedidos, oraciones, plegarias o invocaciones, que imbuidos de devoci\u00f3n, necesidad o ambas a la vez, las personas dirigen hacia determinadas im\u00e1genes. Estas pueden corresponderse con entidades consideradas sagradas o simplemente en actos de solidaridad y compasi\u00f3n hacia otros seres humanos en situaci\u00f3n de dificultad. En ambos casos, la expresa formulaci\u00f3n de lo que \u00edntimamente se desea, concentra y dirige la energ\u00eda psicof\u00edsica de manera precisa.<\/p>\n<p><strong>De la mentaci\u00f3n a la acci\u00f3n \u00a0<\/strong><\/p>\n<p>Para evitar malentendidos habituales, no se sugiere con estas reflexiones simplemente \u201cmentar\u201d y quedarse inm\u00f3vil esperando que las situaciones mejoren o se resuelvan por solo representarlas en la propia conciencia. Dicha interpretaci\u00f3n err\u00f3nea es generada por ciertos h\u00e1bitos maniqueos instalados \u2013 tambi\u00e9n desde antiguo \u2013 que promueven la idea de la exclusi\u00f3n o el antagonismo entre proposiciones diferentes, que pueden perfectamente complementarse.<\/p>\n<p>Para ser m\u00e1s claros, lo que se dice aqu\u00ed es que \u201cmentar\u201d en ciertas im\u00e1genes, es facilitar, \u00a0habilitar, colocarse en situaci\u00f3n propensa a que determinadas condiciones ocurran, para entonces resolverse a actuar decididamente en la direcci\u00f3n anhelada.<\/p>\n<p>Pasar a la acci\u00f3n, hacer atenta- y cuidadosamente lo necesario, poniendo lo mejor de s\u00ed, es finalmente imprescindible.<\/p>\n<p>Tal como las dificultades no desaparecen de forma autom\u00e1tica o m\u00e1gica, tampoco es absolutamente predecible el efecto final de la acci\u00f3n. Por lo que lo m\u00e1s aconsejable puede ser abocarse a la existencia mentando y actuando con direcci\u00f3n en la vida, sin encadenarse al resultado que se obtenga.<\/p>\n<p><strong>Mentaci\u00f3n, direcci\u00f3n y acci\u00f3n colectiva<\/strong><\/p>\n<p>Tremendamente poderoso es el impacto que produce la mentaci\u00f3n y la acci\u00f3n de un conjunto en una direcci\u00f3n determinada. Cuanto m\u00e1s definida y brillante sea la claridad, fuerte y profunda la convicci\u00f3n y permanente la persistencia del colectivo, mayor ser\u00e1 la magnitud en sus efectos.<\/p>\n<p>Queda a las claras que no es en lo m\u00e1s m\u00ednimo indiferente el tipo de imagen que se proponga socialmente. Por el contrario, es de fundamental importancia.<\/p>\n<p>Si por ejemplo lo que se promueve es el individualismo, la competencia, el r\u00e9dito personal e inmediato como \u00fanico objetivo de vida, lo que se obtiene es un mundo cruel. Si, a la inversa, la mentaci\u00f3n de una colectividad se dirige hacia la cooperaci\u00f3n, la colaboraci\u00f3n y la compasi\u00f3n entre las personas, entonces parte del camino hacia un entorno m\u00e1s favorable para la evoluci\u00f3n humana, estar\u00e1 sembrado adecuadamente.<\/p>\n<p>Incidir persuasivamente y no cejar en ese intento es hoy una tarea primordial.<\/p>\n","protected":false},"excerpt":{"rendered":"<p>Este\u00a0 art\u00edculo comienza con deficiencias. En su t\u00edtulo, la palabra \u201cmentaci\u00f3n\u201d tiene un car\u00e1cter absolutamente cr\u00edptico, cuando no inexistente. \u00bfSe refiere el autor a alg\u00fan sabor o aroma producido por la planta hom\u00f3nima o a una cualidad parapsicol\u00f3gica tan cara&hellip;<\/p>\n","protected":false},"author":970,"featured_media":2623606,"comment_status":"closed","ping_status":"closed","sticky":false,"template":"","format":"standard","meta":{"footnotes":""},"categories":[11389,1240],"tags":[140672,140671,18519,59944,81867],"class_list":["post-2623599","post","type-post","status-publish","format-standard","has-post-thumbnail","hentry","category-contenido-original","category-humanismo-espiritualidad","tag-conjuntos","tag-conviccion","tag-humanizacion","tag-imagenes","tag-representacion"],"yoast_head":"<!-- This site is optimized with the Yoast SEO plugin v27.1.1 - https:\/\/yoast.com\/product\/yoast-seo-wordpress\/ -->\n<title>Mentaci\u00f3n, direcci\u00f3n y acci\u00f3n<\/title>\n<meta name=\"description\" content=\"Este\u00a0 art\u00edculo comienza con deficiencias. En su t\u00edtulo, la palabra \u201cmentaci\u00f3n\u201d tiene un car\u00e1cter absolutamente cr\u00edptico, cuando no inexistente. \u00bfSe\" \/>\n<meta name=\"robots\" content=\"index, follow, max-snippet:-1, max-image-preview:large, max-video-preview:-1\" \/>\n<link rel=\"canonical\" href=\"https:\/\/www.pressenza.com\/es\/2025\/07\/mentacion-direccion-y-accion\/\" \/>\n<meta property=\"og:locale\" content=\"es_ES\" \/>\n<meta property=\"og:type\" content=\"article\" \/>\n<meta property=\"og:title\" content=\"Mentaci\u00f3n, direcci\u00f3n y acci\u00f3n\" \/>\n<meta property=\"og:description\" content=\"Este\u00a0 art\u00edculo comienza con deficiencias. En su t\u00edtulo, la palabra \u201cmentaci\u00f3n\u201d tiene un car\u00e1cter absolutamente cr\u00edptico, cuando no inexistente. \u00bfSe\" \/>\n<meta property=\"og:url\" content=\"https:\/\/www.pressenza.com\/es\/2025\/07\/mentacion-direccion-y-accion\/\" \/>\n<meta property=\"og:site_name\" content=\"Pressenza\" \/>\n<meta property=\"article:publisher\" content=\"https:\/\/www.facebook.com\/PressenzaItalia\" \/>\n<meta property=\"article:author\" content=\"https:\/\/www.facebook.com\/javier.tolcachier?fref=ts\" \/>\n<meta property=\"article:published_time\" content=\"2025-07-31T21:33:30+00:00\" \/>\n<meta property=\"og:image\" content=\"https:\/\/www.pressenza.com\/wp-content\/uploads\/2025\/07\/aerospace-680509_1280.jpg\" \/>\n\t<meta property=\"og:image:width\" content=\"1280\" \/>\n\t<meta property=\"og:image:height\" content=\"852\" \/>\n\t<meta property=\"og:image:type\" content=\"image\/jpeg\" \/>\n<meta name=\"author\" content=\"Javier Tolcachier\" \/>\n<meta name=\"twitter:card\" content=\"summary_large_image\" \/>\n<meta name=\"twitter:creator\" content=\"@jtolcachier\" \/>\n<meta name=\"twitter:site\" content=\"@PressenzaIPA\" \/>\n<meta name=\"twitter:label1\" content=\"Escrito por\" \/>\n\t<meta name=\"twitter:data1\" content=\"Javier Tolcachier\" \/>\n\t<meta name=\"twitter:label2\" content=\"Tiempo de lectura\" \/>\n\t<meta name=\"twitter:data2\" content=\"4 minutos\" \/>\n<script type=\"application\/ld+json\" class=\"yoast-schema-graph\">{\"@context\":\"https:\/\/schema.org\",\"@graph\":[{\"@type\":\"Article\",\"@id\":\"https:\/\/www.pressenza.com\/es\/2025\/07\/mentacion-direccion-y-accion\/#article\",\"isPartOf\":{\"@id\":\"https:\/\/www.pressenza.com\/es\/2025\/07\/mentacion-direccion-y-accion\/\"},\"author\":{\"name\":\"Javier Tolcachier\",\"@id\":\"https:\/\/www.pressenza.com\/es\/#\/schema\/person\/f353f6d4eed144101dedba60e6227564\"},\"headline\":\"Mentaci\u00f3n, direcci\u00f3n y acci\u00f3n\",\"datePublished\":\"2025-07-31T21:33:30+00:00\",\"mainEntityOfPage\":{\"@id\":\"https:\/\/www.pressenza.com\/es\/2025\/07\/mentacion-direccion-y-accion\/\"},\"wordCount\":916,\"publisher\":{\"@id\":\"https:\/\/www.pressenza.com\/es\/#organization\"},\"image\":{\"@id\":\"https:\/\/www.pressenza.com\/es\/2025\/07\/mentacion-direccion-y-accion\/#primaryimage\"},\"thumbnailUrl\":\"https:\/\/www.pressenza.com\/wp-content\/uploads\/2025\/07\/aerospace-680509_1280.jpg\",\"keywords\":[\"conjuntos\",\"convicci\u00f3n\",\"humanizaci\u00f3n\",\"imagenes\",\"representaci\u00f3n\"],\"articleSection\":[\"Contenido Original\",\"Humanismo y Espiritualidad\"],\"inLanguage\":\"es\"},{\"@type\":\"WebPage\",\"@id\":\"https:\/\/www.pressenza.com\/es\/2025\/07\/mentacion-direccion-y-accion\/\",\"url\":\"https:\/\/www.pressenza.com\/es\/2025\/07\/mentacion-direccion-y-accion\/\",\"name\":\"Mentaci\u00f3n, direcci\u00f3n y acci\u00f3n\",\"isPartOf\":{\"@id\":\"https:\/\/www.pressenza.com\/es\/#website\"},\"primaryImageOfPage\":{\"@id\":\"https:\/\/www.pressenza.com\/es\/2025\/07\/mentacion-direccion-y-accion\/#primaryimage\"},\"image\":{\"@id\":\"https:\/\/www.pressenza.com\/es\/2025\/07\/mentacion-direccion-y-accion\/#primaryimage\"},\"thumbnailUrl\":\"https:\/\/www.pressenza.com\/wp-content\/uploads\/2025\/07\/aerospace-680509_1280.jpg\",\"datePublished\":\"2025-07-31T21:33:30+00:00\",\"description\":\"Este\u00a0 art\u00edculo comienza con deficiencias. En su t\u00edtulo, la palabra \u201cmentaci\u00f3n\u201d tiene un car\u00e1cter absolutamente cr\u00edptico, cuando no inexistente. \u00bfSe\",\"breadcrumb\":{\"@id\":\"https:\/\/www.pressenza.com\/es\/2025\/07\/mentacion-direccion-y-accion\/#breadcrumb\"},\"inLanguage\":\"es\",\"potentialAction\":[{\"@type\":\"ReadAction\",\"target\":[\"https:\/\/www.pressenza.com\/es\/2025\/07\/mentacion-direccion-y-accion\/\"]}]},{\"@type\":\"ImageObject\",\"inLanguage\":\"es\",\"@id\":\"https:\/\/www.pressenza.com\/es\/2025\/07\/mentacion-direccion-y-accion\/#primaryimage\",\"url\":\"https:\/\/www.pressenza.com\/wp-content\/uploads\/2025\/07\/aerospace-680509_1280.jpg\",\"contentUrl\":\"https:\/\/www.pressenza.com\/wp-content\/uploads\/2025\/07\/aerospace-680509_1280.jpg\",\"width\":1280,\"height\":852},{\"@type\":\"BreadcrumbList\",\"@id\":\"https:\/\/www.pressenza.com\/es\/2025\/07\/mentacion-direccion-y-accion\/#breadcrumb\",\"itemListElement\":[{\"@type\":\"ListItem\",\"position\":1,\"name\":\"Accueil\",\"item\":\"https:\/\/www.pressenza.com\/es\/\"},{\"@type\":\"ListItem\",\"position\":2,\"name\":\"Mentaci\u00f3n, direcci\u00f3n y acci\u00f3n\"}]},{\"@type\":\"WebSite\",\"@id\":\"https:\/\/www.pressenza.com\/es\/#website\",\"url\":\"https:\/\/www.pressenza.com\/es\/\",\"name\":\"Pressenza\",\"description\":\"International Press Agency\",\"publisher\":{\"@id\":\"https:\/\/www.pressenza.com\/es\/#organization\"},\"potentialAction\":[{\"@type\":\"SearchAction\",\"target\":{\"@type\":\"EntryPoint\",\"urlTemplate\":\"https:\/\/www.pressenza.com\/es\/?s={search_term_string}\"},\"query-input\":{\"@type\":\"PropertyValueSpecification\",\"valueRequired\":true,\"valueName\":\"search_term_string\"}}],\"inLanguage\":\"es\"},{\"@type\":\"Organization\",\"@id\":\"https:\/\/www.pressenza.com\/es\/#organization\",\"name\":\"Pressenza\",\"url\":\"https:\/\/www.pressenza.com\/es\/\",\"logo\":{\"@type\":\"ImageObject\",\"inLanguage\":\"es\",\"@id\":\"https:\/\/www.pressenza.com\/es\/#\/schema\/logo\/image\/\",\"url\":\"https:\/\/www.pressenza.com\/wp-content\/uploads\/2022\/10\/pressenza_logo_200x200.jpg\",\"contentUrl\":\"https:\/\/www.pressenza.com\/wp-content\/uploads\/2022\/10\/pressenza_logo_200x200.jpg\",\"width\":200,\"height\":200,\"caption\":\"Pressenza\"},\"image\":{\"@id\":\"https:\/\/www.pressenza.com\/es\/#\/schema\/logo\/image\/\"},\"sameAs\":[\"https:\/\/www.facebook.com\/PressenzaItalia\",\"https:\/\/x.com\/PressenzaIPA\"]},{\"@type\":\"Person\",\"@id\":\"https:\/\/www.pressenza.com\/es\/#\/schema\/person\/f353f6d4eed144101dedba60e6227564\",\"name\":\"Javier Tolcachier\",\"description\":\"Javier Tolcachier is a researcher from the World Centre of Humanist Studies, an organism of the Humanist Movement. Mail: javiertolcachier@disroot.org Twitter: @jtolcachier\",\"sameAs\":[\"https:\/\/www.facebook.com\/javier.tolcachier?fref=ts\",\"https:\/\/x.com\/jtolcachier\"],\"url\":\"https:\/\/www.pressenza.com\/es\/author\/javier-tolcachier\/\"}]}<\/script>\n<!-- \/ Yoast SEO plugin. -->","yoast_head_json":{"title":"Mentaci\u00f3n, direcci\u00f3n y acci\u00f3n","description":"Este\u00a0 art\u00edculo comienza con deficiencias. En su t\u00edtulo, la palabra \u201cmentaci\u00f3n\u201d tiene un car\u00e1cter absolutamente cr\u00edptico, cuando no inexistente. \u00bfSe","robots":{"index":"index","follow":"follow","max-snippet":"max-snippet:-1","max-image-preview":"max-image-preview:large","max-video-preview":"max-video-preview:-1"},"canonical":"https:\/\/www.pressenza.com\/es\/2025\/07\/mentacion-direccion-y-accion\/","og_locale":"es_ES","og_type":"article","og_title":"Mentaci\u00f3n, direcci\u00f3n y acci\u00f3n","og_description":"Este\u00a0 art\u00edculo comienza con deficiencias. En su t\u00edtulo, la palabra \u201cmentaci\u00f3n\u201d tiene un car\u00e1cter absolutamente cr\u00edptico, cuando no inexistente. \u00bfSe","og_url":"https:\/\/www.pressenza.com\/es\/2025\/07\/mentacion-direccion-y-accion\/","og_site_name":"Pressenza","article_publisher":"https:\/\/www.facebook.com\/PressenzaItalia","article_author":"https:\/\/www.facebook.com\/javier.tolcachier?fref=ts","article_published_time":"2025-07-31T21:33:30+00:00","og_image":[{"width":1280,"height":852,"url":"https:\/\/www.pressenza.com\/wp-content\/uploads\/2025\/07\/aerospace-680509_1280.jpg","type":"image\/jpeg"}],"author":"Javier Tolcachier","twitter_card":"summary_large_image","twitter_creator":"@jtolcachier","twitter_site":"@PressenzaIPA","twitter_misc":{"Escrito por":"Javier Tolcachier","Tiempo de lectura":"4 minutos"},"schema":{"@context":"https:\/\/schema.org","@graph":[{"@type":"Article","@id":"https:\/\/www.pressenza.com\/es\/2025\/07\/mentacion-direccion-y-accion\/#article","isPartOf":{"@id":"https:\/\/www.pressenza.com\/es\/2025\/07\/mentacion-direccion-y-accion\/"},"author":{"name":"Javier Tolcachier","@id":"https:\/\/www.pressenza.com\/es\/#\/schema\/person\/f353f6d4eed144101dedba60e6227564"},"headline":"Mentaci\u00f3n, direcci\u00f3n y acci\u00f3n","datePublished":"2025-07-31T21:33:30+00:00","mainEntityOfPage":{"@id":"https:\/\/www.pressenza.com\/es\/2025\/07\/mentacion-direccion-y-accion\/"},"wordCount":916,"publisher":{"@id":"https:\/\/www.pressenza.com\/es\/#organization"},"image":{"@id":"https:\/\/www.pressenza.com\/es\/2025\/07\/mentacion-direccion-y-accion\/#primaryimage"},"thumbnailUrl":"https:\/\/www.pressenza.com\/wp-content\/uploads\/2025\/07\/aerospace-680509_1280.jpg","keywords":["conjuntos","convicci\u00f3n","humanizaci\u00f3n","imagenes","representaci\u00f3n"],"articleSection":["Contenido Original","Humanismo y Espiritualidad"],"inLanguage":"es"},{"@type":"WebPage","@id":"https:\/\/www.pressenza.com\/es\/2025\/07\/mentacion-direccion-y-accion\/","url":"https:\/\/www.pressenza.com\/es\/2025\/07\/mentacion-direccion-y-accion\/","name":"Mentaci\u00f3n, direcci\u00f3n y acci\u00f3n","isPartOf":{"@id":"https:\/\/www.pressenza.com\/es\/#website"},"primaryImageOfPage":{"@id":"https:\/\/www.pressenza.com\/es\/2025\/07\/mentacion-direccion-y-accion\/#primaryimage"},"image":{"@id":"https:\/\/www.pressenza.com\/es\/2025\/07\/mentacion-direccion-y-accion\/#primaryimage"},"thumbnailUrl":"https:\/\/www.pressenza.com\/wp-content\/uploads\/2025\/07\/aerospace-680509_1280.jpg","datePublished":"2025-07-31T21:33:30+00:00","description":"Este\u00a0 art\u00edculo comienza con deficiencias. En su t\u00edtulo, la palabra \u201cmentaci\u00f3n\u201d tiene un car\u00e1cter absolutamente cr\u00edptico, cuando no inexistente. \u00bfSe","breadcrumb":{"@id":"https:\/\/www.pressenza.com\/es\/2025\/07\/mentacion-direccion-y-accion\/#breadcrumb"},"inLanguage":"es","potentialAction":[{"@type":"ReadAction","target":["https:\/\/www.pressenza.com\/es\/2025\/07\/mentacion-direccion-y-accion\/"]}]},{"@type":"ImageObject","inLanguage":"es","@id":"https:\/\/www.pressenza.com\/es\/2025\/07\/mentacion-direccion-y-accion\/#primaryimage","url":"https:\/\/www.pressenza.com\/wp-content\/uploads\/2025\/07\/aerospace-680509_1280.jpg","contentUrl":"https:\/\/www.pressenza.com\/wp-content\/uploads\/2025\/07\/aerospace-680509_1280.jpg","width":1280,"height":852},{"@type":"BreadcrumbList","@id":"https:\/\/www.pressenza.com\/es\/2025\/07\/mentacion-direccion-y-accion\/#breadcrumb","itemListElement":[{"@type":"ListItem","position":1,"name":"Accueil","item":"https:\/\/www.pressenza.com\/es\/"},{"@type":"ListItem","position":2,"name":"Mentaci\u00f3n, direcci\u00f3n y acci\u00f3n"}]},{"@type":"WebSite","@id":"https:\/\/www.pressenza.com\/es\/#website","url":"https:\/\/www.pressenza.com\/es\/","name":"Pressenza","description":"International Press Agency","publisher":{"@id":"https:\/\/www.pressenza.com\/es\/#organization"},"potentialAction":[{"@type":"SearchAction","target":{"@type":"EntryPoint","urlTemplate":"https:\/\/www.pressenza.com\/es\/?s={search_term_string}"},"query-input":{"@type":"PropertyValueSpecification","valueRequired":true,"valueName":"search_term_string"}}],"inLanguage":"es"},{"@type":"Organization","@id":"https:\/\/www.pressenza.com\/es\/#organization","name":"Pressenza","url":"https:\/\/www.pressenza.com\/es\/","logo":{"@type":"ImageObject","inLanguage":"es","@id":"https:\/\/www.pressenza.com\/es\/#\/schema\/logo\/image\/","url":"https:\/\/www.pressenza.com\/wp-content\/uploads\/2022\/10\/pressenza_logo_200x200.jpg","contentUrl":"https:\/\/www.pressenza.com\/wp-content\/uploads\/2022\/10\/pressenza_logo_200x200.jpg","width":200,"height":200,"caption":"Pressenza"},"image":{"@id":"https:\/\/www.pressenza.com\/es\/#\/schema\/logo\/image\/"},"sameAs":["https:\/\/www.facebook.com\/PressenzaItalia","https:\/\/x.com\/PressenzaIPA"]},{"@type":"Person","@id":"https:\/\/www.pressenza.com\/es\/#\/schema\/person\/f353f6d4eed144101dedba60e6227564","name":"Javier Tolcachier","description":"Javier Tolcachier is a researcher from the World Centre of Humanist Studies, an organism of the Humanist Movement. Mail: javiertolcachier@disroot.org Twitter: @jtolcachier","sameAs":["https:\/\/www.facebook.com\/javier.tolcachier?fref=ts","https:\/\/x.com\/jtolcachier"],"url":"https:\/\/www.pressenza.com\/es\/author\/javier-tolcachier\/"}]}},"place":"","original_article_url":"","_links":{"self":[{"href":"https:\/\/www.pressenza.com\/es\/wp-json\/wp\/v2\/posts\/2623599","targetHints":{"allow":["GET"]}}],"collection":[{"href":"https:\/\/www.pressenza.com\/es\/wp-json\/wp\/v2\/posts"}],"about":[{"href":"https:\/\/www.pressenza.com\/es\/wp-json\/wp\/v2\/types\/post"}],"author":[{"embeddable":true,"href":"https:\/\/www.pressenza.com\/es\/wp-json\/wp\/v2\/users\/970"}],"replies":[{"embeddable":true,"href":"https:\/\/www.pressenza.com\/es\/wp-json\/wp\/v2\/comments?post=2623599"}],"version-history":[{"count":2,"href":"https:\/\/www.pressenza.com\/es\/wp-json\/wp\/v2\/posts\/2623599\/revisions"}],"predecessor-version":[{"id":2625538,"href":"https:\/\/www.pressenza.com\/es\/wp-json\/wp\/v2\/posts\/2623599\/revisions\/2625538"}],"wp:featuredmedia":[{"embeddable":true,"href":"https:\/\/www.pressenza.com\/es\/wp-json\/wp\/v2\/media\/2623606"}],"wp:attachment":[{"href":"https:\/\/www.pressenza.com\/es\/wp-json\/wp\/v2\/media?parent=2623599"}],"wp:term":[{"taxonomy":"category","embeddable":true,"href":"https:\/\/www.pressenza.com\/es\/wp-json\/wp\/v2\/categories?post=2623599"},{"taxonomy":"post_tag","embeddable":true,"href":"https:\/\/www.pressenza.com\/es\/wp-json\/wp\/v2\/tags?post=2623599"}],"curies":[{"name":"wp","href":"https:\/\/api.w.org\/{rel}","templated":true}]}}