{"id":2623449,"date":"2025-07-31T04:41:49","date_gmt":"2025-07-31T03:41:49","guid":{"rendered":"https:\/\/www.pressenza.com\/?p=2623449"},"modified":"2025-07-31T04:44:07","modified_gmt":"2025-07-31T03:44:07","slug":"del-desarrollo-personal-al-desarrollo-humano-2","status":"publish","type":"post","link":"https:\/\/www.pressenza.com\/es\/2025\/07\/del-desarrollo-personal-al-desarrollo-humano-2\/","title":{"rendered":"Del desarrollo personal al desarrollo humano"},"content":{"rendered":"<p>En la tercera asamblea del <a href=\"https:\/\/worldhumanistforum.org\/\">Foro Humanista Mundial el 19 de julio<\/a>, Antonio Carvallo propuso crear una nueva <em>mesa de trabajo sobre Desarrollo Personal<\/em>. Durante su presentaci\u00f3n, una chispa capt\u00f3 mi atenci\u00f3n. Se\u00f1al\u00f3 que, durante los \u00faltimos 5.000 a\u00f1os, la humanidad ha dedicado casi toda su energ\u00eda a comprender y desarrollar el mundo exterior, mientras descuidaba nuestro propio desarrollo interno como seres humanos.<\/p>\n<p>Hoy estamos aqu\u00ed, con capacidades tecnol\u00f3gicas, cient\u00edficas, intelectuales y sociales asombrosas. Podemos dividir \u00e1tomos, mapear genomas y comunicarnos al instante a trav\u00e9s del planeta. Sin embargo, en comparaci\u00f3n, nuestra comprensi\u00f3n de c\u00f3mo funcionamos internamente como seres humanos sigue siendo dolorosamente limitada. Con demasiada frecuencia, los seres humanos siguen siendo tratados demasiado a menudo solo como herramientas, valorados principalmente por su capacidad para producir y consumir.<\/p>\n<p>Preg\u00fantale a un adolescente qu\u00e9 planea hacer con su vida, y esta pregunta t\u00edpicamente la entender\u00e1 como: \u00bfA que profesi\u00f3n te dedicar\u00e1s? La vida se ha vuelto sin\u00f3nimo de trabajo. Uno estudia para trabajar, trabajar\u00e1s la mayor parte de tu vida y finalmente te jubilar\u00e1s \u2014a menudo exhausto y desilusionado. La realizaci\u00f3n se vincula al \u00e9xito profesional, incluso dentro de una sociedad disfuncional o un entorno laboral t\u00f3xico.<\/p>\n<p>Entre tanto, las estad\u00edsticas de salud mental en la sociedad occidental alertan de que una crisis profunda y creciente est\u00e1 en curso:<\/p>\n<ul>\n<li>En 2022, unos <strong>59,3 millones de adultos estadounidenses<\/strong> (\u224823,1%) experimentaron alguna forma de enfermedad mental.<\/li>\n<li>En 2022, <strong>15,4 millones de adultos<\/strong> (6%) experimentaron una enfermedad mental grave.<\/li>\n<li>En 2022, los CDC (<em>Centros para el Control y la Prevenci\u00f3n de Enfermedades<\/em>) reportaron <strong>49.449<\/strong> muertes por suicidio en Estados Unidos \u2014un aumento de aproximadamente el 3% respecto a los <strong>48.183<\/strong> registrados de 2021, marcando un r\u00e9cord hist\u00f3rico.<\/li>\n<\/ul>\n<p><strong>\u00bf<\/strong>Acaso no es \u00e9sta una expresi\u00f3n dram\u00e1tica de un conflicto interno sin resolver?<\/p>\n<p>\u00bfPor qu\u00e9 se ha subvalorado tanto el desarrollo interno? Casi parece que hubiera una conspiraci\u00f3n global en su contra. La mayor\u00eda de las religiones comienzan con una cierta experiencia interna, pero con el tiempo se vuelven cada vez m\u00e1s externas \u2014 colocando a Dios en el cielo, centr\u00e1ndose en rituales externos, obsesion\u00e1ndose con la comida o las reglas. Las ideolog\u00edas pol\u00edticas como el marxismo a menudo fracasan en la exploraci\u00f3n del papel de la violencia, el miedo y en el significado en c\u00f3mo nos organizamos a nosotros mismos. Incluso en la moderna industria de la \u201cautoayuda\u201d o \u00absuperaci\u00f3n personal\u00bb, el crecimiento personal suele concebirse como una forma de \u00aboptimizar el rendimiento\u00bb dentro de las mismas estructuras deshumanizantes que causan sufrimiento.<\/p>\n<p>Preg\u00fantale a alguien: \u00ab\u00bfC\u00f3mo manejas el miedo?\u00bb. A la mayor\u00eda le costar\u00e1 mucho responder. Las personas no tienen herramientas internas ni lenguaje para enfrentar y transformar sus miedos (temores). En esta ausencia el miedo se convierte en la herramienta que el Sistema usa para controlar la vida cotidiana: tememos que nos despidan, a no tener suficiente dinero, o no ser amados, miedo a ser \u00abdemasiado\u00bb o \u00abno lo suficiente\u00bb.<\/p>\n<p>\u00bfPor qu\u00e9 tanta gente se siente exhausta? \u00bfQu\u00e9 sabemos realmente sobre nuestra propia energ\u00eda interna \u2014 c\u00f3mo cultivarla, renovarla, dirigirla? Son preguntas fundamentales y centrales para nuestra supervivencia y evoluci\u00f3n y, sin embargo, la sociedad rara vez las aborda.<\/p>\n<p>Seamos claros: no proponemos el desarrollo personal solo para que las personas funcionen mejor en este sistema deshumanizado. El verdadero desarrollo personal consiste en cambiar por completo el enfoque de nuestras vidas. Nada significativo puede transformarse en el mundo hasta que internalicemos nuestro conocimiento de lo que significa ser humano, que reconozcamos que la vida tiene un significado m\u00e1s all\u00e1 del trabajo y el consumo, y nos liberemos de la ilusi\u00f3n del miedo.<\/p>\n<p>La paz no es la ausencia de guerra. Es un estado interno del ser.<\/p>\n<p>Imaginen lo que significar\u00eda que 8.000 millones de personas emprendieran un camino de autoconocimiento, aprendiendo a superar el dolor y el sufrimiento, viendo el dinero no como un fin en s\u00ed mismo sino como una herramienta para humanizar la Tierra. Imaginen si el autoconocimiento se abordara del mismo modo en que un m\u00fasico practica con su instrumento \u2014 con disciplina, cuidado y pasi\u00f3n.<\/p>\n<p>La educaci\u00f3n debe evolucionar. Debe estar arraigada en el desarrollo del ser humano completo. Reconciliarnos con nosotros mismos deber\u00eda ser el primer paso. El mundo que anhelamos debe echar ra\u00edces primero dentro de nosotros mismos; solo entonces podremos co-crearlo con los dem\u00e1s.<\/p>\n","protected":false},"excerpt":{"rendered":"<p>En la tercera asamblea del Foro Humanista Mundial el 19 de julio, Antonio Carvallo propuso crear una nueva mesa de trabajo sobre Desarrollo Personal. Durante su presentaci\u00f3n, una chispa capt\u00f3 mi atenci\u00f3n. Se\u00f1al\u00f3 que, durante los \u00faltimos 5.000 a\u00f1os, la&hellip;<\/p>\n","protected":false},"author":33,"featured_media":2623450,"comment_status":"closed","ping_status":"closed","sticky":false,"template":"","format":"standard","meta":{"footnotes":""},"categories":[11389,1240,68,161],"tags":[58415,26078,140627,121182],"class_list":["post-2623449","post","type-post","status-publish","format-standard","has-post-thumbnail","hentry","category-contenido-original","category-humanismo-espiritualidad","category-norteamerica","category-opiniones","tag-antonio-carvallo-es","tag-desarrollo-humano","tag-desarrollo-persona","tag-foro-humanista-mundial"],"yoast_head":"<!-- This site is optimized with the Yoast SEO plugin v27.1.1 - https:\/\/yoast.com\/product\/yoast-seo-wordpress\/ -->\n<title>Del desarrollo personal al desarrollo humano<\/title>\n<meta name=\"description\" content=\"En la tercera asamblea del Foro Humanista Mundial el 19 de julio, Antonio Carvallo propuso crear una nueva mesa de trabajo sobre Desarrollo Personal.\" \/>\n<meta name=\"robots\" content=\"index, follow, max-snippet:-1, max-image-preview:large, max-video-preview:-1\" \/>\n<link rel=\"canonical\" href=\"https:\/\/www.pressenza.com\/es\/2025\/07\/del-desarrollo-personal-al-desarrollo-humano-2\/\" \/>\n<meta property=\"og:locale\" content=\"es_ES\" \/>\n<meta property=\"og:type\" content=\"article\" \/>\n<meta property=\"og:title\" content=\"Del desarrollo personal al desarrollo humano\" \/>\n<meta property=\"og:description\" content=\"En la tercera asamblea del Foro Humanista Mundial el 19 de julio, Antonio Carvallo propuso crear una nueva mesa de trabajo sobre Desarrollo Personal.\" \/>\n<meta property=\"og:url\" content=\"https:\/\/www.pressenza.com\/es\/2025\/07\/del-desarrollo-personal-al-desarrollo-humano-2\/\" \/>\n<meta property=\"og:site_name\" content=\"Pressenza\" \/>\n<meta property=\"article:publisher\" content=\"https:\/\/www.facebook.com\/PressenzaItalia\" \/>\n<meta property=\"article:author\" content=\"https:\/\/www.facebook.com\/DavidAnderssonNYC\" \/>\n<meta property=\"article:published_time\" content=\"2025-07-31T03:41:49+00:00\" \/>\n<meta property=\"article:modified_time\" content=\"2025-07-31T03:44:07+00:00\" \/>\n<meta property=\"og:image\" content=\"https:\/\/www.pressenza.com\/wp-content\/uploads\/2025\/07\/LeonardoHero.width-2000.jpg\" \/>\n\t<meta property=\"og:image:width\" content=\"1920\" \/>\n\t<meta property=\"og:image:height\" content=\"1080\" \/>\n\t<meta property=\"og:image:type\" content=\"image\/jpeg\" \/>\n<meta name=\"author\" content=\"David Andersson\" \/>\n<meta name=\"twitter:card\" content=\"summary_large_image\" \/>\n<meta name=\"twitter:creator\" content=\"@davidandersson\" \/>\n<meta name=\"twitter:site\" content=\"@PressenzaIPA\" \/>\n<meta name=\"twitter:label1\" content=\"Escrito por\" \/>\n\t<meta name=\"twitter:data1\" content=\"David Andersson\" \/>\n\t<meta name=\"twitter:label2\" content=\"Tiempo de lectura\" \/>\n\t<meta name=\"twitter:data2\" content=\"4 minutos\" \/>\n<script type=\"application\/ld+json\" class=\"yoast-schema-graph\">{\"@context\":\"https:\/\/schema.org\",\"@graph\":[{\"@type\":\"Article\",\"@id\":\"https:\/\/www.pressenza.com\/es\/2025\/07\/del-desarrollo-personal-al-desarrollo-humano-2\/#article\",\"isPartOf\":{\"@id\":\"https:\/\/www.pressenza.com\/es\/2025\/07\/del-desarrollo-personal-al-desarrollo-humano-2\/\"},\"author\":{\"name\":\"David Andersson\",\"@id\":\"https:\/\/www.pressenza.com\/es\/#\/schema\/person\/ab79c1a9145b1ddd71272b5a4c0816d1\"},\"headline\":\"Del desarrollo personal al desarrollo humano\",\"datePublished\":\"2025-07-31T03:41:49+00:00\",\"dateModified\":\"2025-07-31T03:44:07+00:00\",\"mainEntityOfPage\":{\"@id\":\"https:\/\/www.pressenza.com\/es\/2025\/07\/del-desarrollo-personal-al-desarrollo-humano-2\/\"},\"wordCount\":756,\"publisher\":{\"@id\":\"https:\/\/www.pressenza.com\/es\/#organization\"},\"image\":{\"@id\":\"https:\/\/www.pressenza.com\/es\/2025\/07\/del-desarrollo-personal-al-desarrollo-humano-2\/#primaryimage\"},\"thumbnailUrl\":\"https:\/\/www.pressenza.com\/wp-content\/uploads\/2025\/07\/LeonardoHero.width-2000.jpg\",\"keywords\":[\"Antonio Carvallo\",\"desarrollo humano\",\"desarrollo persona\",\"Foro Humanista Mundial\"],\"articleSection\":[\"Contenido Original\",\"Humanismo y Espiritualidad\",\"Norteam\u00e9rica\",\"Opiniones\"],\"inLanguage\":\"es\"},{\"@type\":\"WebPage\",\"@id\":\"https:\/\/www.pressenza.com\/es\/2025\/07\/del-desarrollo-personal-al-desarrollo-humano-2\/\",\"url\":\"https:\/\/www.pressenza.com\/es\/2025\/07\/del-desarrollo-personal-al-desarrollo-humano-2\/\",\"name\":\"Del desarrollo personal al desarrollo humano\",\"isPartOf\":{\"@id\":\"https:\/\/www.pressenza.com\/es\/#website\"},\"primaryImageOfPage\":{\"@id\":\"https:\/\/www.pressenza.com\/es\/2025\/07\/del-desarrollo-personal-al-desarrollo-humano-2\/#primaryimage\"},\"image\":{\"@id\":\"https:\/\/www.pressenza.com\/es\/2025\/07\/del-desarrollo-personal-al-desarrollo-humano-2\/#primaryimage\"},\"thumbnailUrl\":\"https:\/\/www.pressenza.com\/wp-content\/uploads\/2025\/07\/LeonardoHero.width-2000.jpg\",\"datePublished\":\"2025-07-31T03:41:49+00:00\",\"dateModified\":\"2025-07-31T03:44:07+00:00\",\"description\":\"En la tercera asamblea del Foro Humanista Mundial el 19 de julio, Antonio Carvallo propuso crear una nueva mesa de trabajo sobre Desarrollo Personal.\",\"breadcrumb\":{\"@id\":\"https:\/\/www.pressenza.com\/es\/2025\/07\/del-desarrollo-personal-al-desarrollo-humano-2\/#breadcrumb\"},\"inLanguage\":\"es\",\"potentialAction\":[{\"@type\":\"ReadAction\",\"target\":[\"https:\/\/www.pressenza.com\/es\/2025\/07\/del-desarrollo-personal-al-desarrollo-humano-2\/\"]}]},{\"@type\":\"ImageObject\",\"inLanguage\":\"es\",\"@id\":\"https:\/\/www.pressenza.com\/es\/2025\/07\/del-desarrollo-personal-al-desarrollo-humano-2\/#primaryimage\",\"url\":\"https:\/\/www.pressenza.com\/wp-content\/uploads\/2025\/07\/LeonardoHero.width-2000.jpg\",\"contentUrl\":\"https:\/\/www.pressenza.com\/wp-content\/uploads\/2025\/07\/LeonardoHero.width-2000.jpg\",\"width\":1920,\"height\":1080,\"caption\":\"Los extensos estudios de anatom\u00eda humana de Leonardo da Vinci estaban cientos de a\u00f1os adelantados a su tiempo. (Imagen de Wikimedia Commons, Leonardo da Vinci.)\"},{\"@type\":\"BreadcrumbList\",\"@id\":\"https:\/\/www.pressenza.com\/es\/2025\/07\/del-desarrollo-personal-al-desarrollo-humano-2\/#breadcrumb\",\"itemListElement\":[{\"@type\":\"ListItem\",\"position\":1,\"name\":\"Accueil\",\"item\":\"https:\/\/www.pressenza.com\/es\/\"},{\"@type\":\"ListItem\",\"position\":2,\"name\":\"Del desarrollo personal al desarrollo humano\"}]},{\"@type\":\"WebSite\",\"@id\":\"https:\/\/www.pressenza.com\/es\/#website\",\"url\":\"https:\/\/www.pressenza.com\/es\/\",\"name\":\"Pressenza\",\"description\":\"International Press Agency\",\"publisher\":{\"@id\":\"https:\/\/www.pressenza.com\/es\/#organization\"},\"potentialAction\":[{\"@type\":\"SearchAction\",\"target\":{\"@type\":\"EntryPoint\",\"urlTemplate\":\"https:\/\/www.pressenza.com\/es\/?s={search_term_string}\"},\"query-input\":{\"@type\":\"PropertyValueSpecification\",\"valueRequired\":true,\"valueName\":\"search_term_string\"}}],\"inLanguage\":\"es\"},{\"@type\":\"Organization\",\"@id\":\"https:\/\/www.pressenza.com\/es\/#organization\",\"name\":\"Pressenza\",\"url\":\"https:\/\/www.pressenza.com\/es\/\",\"logo\":{\"@type\":\"ImageObject\",\"inLanguage\":\"es\",\"@id\":\"https:\/\/www.pressenza.com\/es\/#\/schema\/logo\/image\/\",\"url\":\"https:\/\/www.pressenza.com\/wp-content\/uploads\/2022\/10\/pressenza_logo_200x200.jpg\",\"contentUrl\":\"https:\/\/www.pressenza.com\/wp-content\/uploads\/2022\/10\/pressenza_logo_200x200.jpg\",\"width\":200,\"height\":200,\"caption\":\"Pressenza\"},\"image\":{\"@id\":\"https:\/\/www.pressenza.com\/es\/#\/schema\/logo\/image\/\"},\"sameAs\":[\"https:\/\/www.facebook.com\/PressenzaItalia\",\"https:\/\/x.com\/PressenzaIPA\"]},{\"@type\":\"Person\",\"@id\":\"https:\/\/www.pressenza.com\/es\/#\/schema\/person\/ab79c1a9145b1ddd71272b5a4c0816d1\",\"name\":\"David Andersson\",\"description\":\"David Andersson is a writer and humanist based in New York City. He focuses on issues of global justice, collective consciousness, and nonviolent transformation. English Editor with Pressenza International Press Agency and is the author of The White-West: A Look in the Mirror, a collection of op-eds examining the dynamics of Western identity and its global impact. CounterPunch, denikreferendum.cz, Mobilized News, Countercurrents, LA Progressive, and Dissident Voice have published his recent work. Many of his articles have been translated into more than five languages.\",\"sameAs\":[\"https:\/\/www.facebook.com\/DavidAnderssonNYC\",\"https:\/\/www.instagram.com\/davidanderssonnyc\/\",\"https:\/\/www.linkedin.com\/in\/david-andersson-269724232\/\",\"https:\/\/x.com\/davidandersson\"],\"url\":\"https:\/\/www.pressenza.com\/es\/author\/david-andersson\/\"}]}<\/script>\n<!-- \/ Yoast SEO plugin. -->","yoast_head_json":{"title":"Del desarrollo personal al desarrollo humano","description":"En la tercera asamblea del Foro Humanista Mundial el 19 de julio, Antonio Carvallo propuso crear una nueva mesa de trabajo sobre Desarrollo Personal.","robots":{"index":"index","follow":"follow","max-snippet":"max-snippet:-1","max-image-preview":"max-image-preview:large","max-video-preview":"max-video-preview:-1"},"canonical":"https:\/\/www.pressenza.com\/es\/2025\/07\/del-desarrollo-personal-al-desarrollo-humano-2\/","og_locale":"es_ES","og_type":"article","og_title":"Del desarrollo personal al desarrollo humano","og_description":"En la tercera asamblea del Foro Humanista Mundial el 19 de julio, Antonio Carvallo propuso crear una nueva mesa de trabajo sobre Desarrollo Personal.","og_url":"https:\/\/www.pressenza.com\/es\/2025\/07\/del-desarrollo-personal-al-desarrollo-humano-2\/","og_site_name":"Pressenza","article_publisher":"https:\/\/www.facebook.com\/PressenzaItalia","article_author":"https:\/\/www.facebook.com\/DavidAnderssonNYC","article_published_time":"2025-07-31T03:41:49+00:00","article_modified_time":"2025-07-31T03:44:07+00:00","og_image":[{"width":1920,"height":1080,"url":"https:\/\/www.pressenza.com\/wp-content\/uploads\/2025\/07\/LeonardoHero.width-2000.jpg","type":"image\/jpeg"}],"author":"David Andersson","twitter_card":"summary_large_image","twitter_creator":"@davidandersson","twitter_site":"@PressenzaIPA","twitter_misc":{"Escrito por":"David Andersson","Tiempo de lectura":"4 minutos"},"schema":{"@context":"https:\/\/schema.org","@graph":[{"@type":"Article","@id":"https:\/\/www.pressenza.com\/es\/2025\/07\/del-desarrollo-personal-al-desarrollo-humano-2\/#article","isPartOf":{"@id":"https:\/\/www.pressenza.com\/es\/2025\/07\/del-desarrollo-personal-al-desarrollo-humano-2\/"},"author":{"name":"David Andersson","@id":"https:\/\/www.pressenza.com\/es\/#\/schema\/person\/ab79c1a9145b1ddd71272b5a4c0816d1"},"headline":"Del desarrollo personal al desarrollo humano","datePublished":"2025-07-31T03:41:49+00:00","dateModified":"2025-07-31T03:44:07+00:00","mainEntityOfPage":{"@id":"https:\/\/www.pressenza.com\/es\/2025\/07\/del-desarrollo-personal-al-desarrollo-humano-2\/"},"wordCount":756,"publisher":{"@id":"https:\/\/www.pressenza.com\/es\/#organization"},"image":{"@id":"https:\/\/www.pressenza.com\/es\/2025\/07\/del-desarrollo-personal-al-desarrollo-humano-2\/#primaryimage"},"thumbnailUrl":"https:\/\/www.pressenza.com\/wp-content\/uploads\/2025\/07\/LeonardoHero.width-2000.jpg","keywords":["Antonio Carvallo","desarrollo humano","desarrollo persona","Foro Humanista Mundial"],"articleSection":["Contenido Original","Humanismo y Espiritualidad","Norteam\u00e9rica","Opiniones"],"inLanguage":"es"},{"@type":"WebPage","@id":"https:\/\/www.pressenza.com\/es\/2025\/07\/del-desarrollo-personal-al-desarrollo-humano-2\/","url":"https:\/\/www.pressenza.com\/es\/2025\/07\/del-desarrollo-personal-al-desarrollo-humano-2\/","name":"Del desarrollo personal al desarrollo humano","isPartOf":{"@id":"https:\/\/www.pressenza.com\/es\/#website"},"primaryImageOfPage":{"@id":"https:\/\/www.pressenza.com\/es\/2025\/07\/del-desarrollo-personal-al-desarrollo-humano-2\/#primaryimage"},"image":{"@id":"https:\/\/www.pressenza.com\/es\/2025\/07\/del-desarrollo-personal-al-desarrollo-humano-2\/#primaryimage"},"thumbnailUrl":"https:\/\/www.pressenza.com\/wp-content\/uploads\/2025\/07\/LeonardoHero.width-2000.jpg","datePublished":"2025-07-31T03:41:49+00:00","dateModified":"2025-07-31T03:44:07+00:00","description":"En la tercera asamblea del Foro Humanista Mundial el 19 de julio, Antonio Carvallo propuso crear una nueva mesa de trabajo sobre Desarrollo Personal.","breadcrumb":{"@id":"https:\/\/www.pressenza.com\/es\/2025\/07\/del-desarrollo-personal-al-desarrollo-humano-2\/#breadcrumb"},"inLanguage":"es","potentialAction":[{"@type":"ReadAction","target":["https:\/\/www.pressenza.com\/es\/2025\/07\/del-desarrollo-personal-al-desarrollo-humano-2\/"]}]},{"@type":"ImageObject","inLanguage":"es","@id":"https:\/\/www.pressenza.com\/es\/2025\/07\/del-desarrollo-personal-al-desarrollo-humano-2\/#primaryimage","url":"https:\/\/www.pressenza.com\/wp-content\/uploads\/2025\/07\/LeonardoHero.width-2000.jpg","contentUrl":"https:\/\/www.pressenza.com\/wp-content\/uploads\/2025\/07\/LeonardoHero.width-2000.jpg","width":1920,"height":1080,"caption":"Los extensos estudios de anatom\u00eda humana de Leonardo da Vinci estaban cientos de a\u00f1os adelantados a su tiempo. (Imagen de Wikimedia Commons, Leonardo da Vinci.)"},{"@type":"BreadcrumbList","@id":"https:\/\/www.pressenza.com\/es\/2025\/07\/del-desarrollo-personal-al-desarrollo-humano-2\/#breadcrumb","itemListElement":[{"@type":"ListItem","position":1,"name":"Accueil","item":"https:\/\/www.pressenza.com\/es\/"},{"@type":"ListItem","position":2,"name":"Del desarrollo personal al desarrollo humano"}]},{"@type":"WebSite","@id":"https:\/\/www.pressenza.com\/es\/#website","url":"https:\/\/www.pressenza.com\/es\/","name":"Pressenza","description":"International Press Agency","publisher":{"@id":"https:\/\/www.pressenza.com\/es\/#organization"},"potentialAction":[{"@type":"SearchAction","target":{"@type":"EntryPoint","urlTemplate":"https:\/\/www.pressenza.com\/es\/?s={search_term_string}"},"query-input":{"@type":"PropertyValueSpecification","valueRequired":true,"valueName":"search_term_string"}}],"inLanguage":"es"},{"@type":"Organization","@id":"https:\/\/www.pressenza.com\/es\/#organization","name":"Pressenza","url":"https:\/\/www.pressenza.com\/es\/","logo":{"@type":"ImageObject","inLanguage":"es","@id":"https:\/\/www.pressenza.com\/es\/#\/schema\/logo\/image\/","url":"https:\/\/www.pressenza.com\/wp-content\/uploads\/2022\/10\/pressenza_logo_200x200.jpg","contentUrl":"https:\/\/www.pressenza.com\/wp-content\/uploads\/2022\/10\/pressenza_logo_200x200.jpg","width":200,"height":200,"caption":"Pressenza"},"image":{"@id":"https:\/\/www.pressenza.com\/es\/#\/schema\/logo\/image\/"},"sameAs":["https:\/\/www.facebook.com\/PressenzaItalia","https:\/\/x.com\/PressenzaIPA"]},{"@type":"Person","@id":"https:\/\/www.pressenza.com\/es\/#\/schema\/person\/ab79c1a9145b1ddd71272b5a4c0816d1","name":"David Andersson","description":"David Andersson is a writer and humanist based in New York City. He focuses on issues of global justice, collective consciousness, and nonviolent transformation. English Editor with Pressenza International Press Agency and is the author of The White-West: A Look in the Mirror, a collection of op-eds examining the dynamics of Western identity and its global impact. CounterPunch, denikreferendum.cz, Mobilized News, Countercurrents, LA Progressive, and Dissident Voice have published his recent work. Many of his articles have been translated into more than five languages.","sameAs":["https:\/\/www.facebook.com\/DavidAnderssonNYC","https:\/\/www.instagram.com\/davidanderssonnyc\/","https:\/\/www.linkedin.com\/in\/david-andersson-269724232\/","https:\/\/x.com\/davidandersson"],"url":"https:\/\/www.pressenza.com\/es\/author\/david-andersson\/"}]}},"place":"Nueva York","original_article_url":"","_links":{"self":[{"href":"https:\/\/www.pressenza.com\/es\/wp-json\/wp\/v2\/posts\/2623449","targetHints":{"allow":["GET"]}}],"collection":[{"href":"https:\/\/www.pressenza.com\/es\/wp-json\/wp\/v2\/posts"}],"about":[{"href":"https:\/\/www.pressenza.com\/es\/wp-json\/wp\/v2\/types\/post"}],"author":[{"embeddable":true,"href":"https:\/\/www.pressenza.com\/es\/wp-json\/wp\/v2\/users\/33"}],"replies":[{"embeddable":true,"href":"https:\/\/www.pressenza.com\/es\/wp-json\/wp\/v2\/comments?post=2623449"}],"version-history":[{"count":1,"href":"https:\/\/www.pressenza.com\/es\/wp-json\/wp\/v2\/posts\/2623449\/revisions"}],"predecessor-version":[{"id":2623451,"href":"https:\/\/www.pressenza.com\/es\/wp-json\/wp\/v2\/posts\/2623449\/revisions\/2623451"}],"wp:featuredmedia":[{"embeddable":true,"href":"https:\/\/www.pressenza.com\/es\/wp-json\/wp\/v2\/media\/2623450"}],"wp:attachment":[{"href":"https:\/\/www.pressenza.com\/es\/wp-json\/wp\/v2\/media?parent=2623449"}],"wp:term":[{"taxonomy":"category","embeddable":true,"href":"https:\/\/www.pressenza.com\/es\/wp-json\/wp\/v2\/categories?post=2623449"},{"taxonomy":"post_tag","embeddable":true,"href":"https:\/\/www.pressenza.com\/es\/wp-json\/wp\/v2\/tags?post=2623449"}],"curies":[{"name":"wp","href":"https:\/\/api.w.org\/{rel}","templated":true}]}}