{"id":2621908,"date":"2025-07-25T18:00:20","date_gmt":"2025-07-25T17:00:20","guid":{"rendered":"https:\/\/www.pressenza.com\/?p=2621908"},"modified":"2025-07-26T15:50:21","modified_gmt":"2025-07-26T14:50:21","slug":"cuando-es-la-fiscalia-la-que-delinque-el-caso-munoz-y-la-falsa-acusacion-contra-daniel-jadue","status":"publish","type":"post","link":"https:\/\/www.pressenza.com\/es\/2025\/07\/cuando-es-la-fiscalia-la-que-delinque-el-caso-munoz-y-la-falsa-acusacion-contra-daniel-jadue\/","title":{"rendered":"Cuando es la Fiscal\u00eda la que delinque: el caso Mu\u00f1oz y la falsa acusaci\u00f3n contra Daniel Jadue"},"content":{"rendered":"<p>En Chile, ya no basta con denunciar un delito. Si el crimen lo comete una fiscal y el objetivo es destruir pol\u00edticamente a un opositor, todo el aparato institucional guarda silencio. No hay sumario. No hay investigaci\u00f3n. No hay consecuencias. Solo una frase c\u00ednica y vac\u00eda: \u201cla denuncia contin\u00faa siendo testimonial\u201d. Y el pa\u00eds sigue como si nada.<\/p>\n<p>Eso es lo que est\u00e1 ocurriendo hoy con la acusaci\u00f3n hecha por Mat\u00edas Mu\u00f1oz, exsecretario ejecutivo de la Asociaci\u00f3n Chilena de Farmacias Populares (Achifarp), quien confes\u00f3 p\u00fablicamente haber mentido en su declaraci\u00f3n judicial contra Daniel Jadue. Dijo haber sido presionado para inventar una reuni\u00f3n que nunca ocurri\u00f3. Dijo que le ofrecieron su libertad si cooperaba. Dijo la verdad. Y nadie ha hecho nada.<\/p>\n<p>Daniel Jadue, exalcalde de la comuna de Recoleta, en Santiago de Chile, y figura destacada del Partido Comunista, ha sido uno de los blancos m\u00e1s visibles de la persecuci\u00f3n penal y medi\u00e1tica desde que lider\u00f3 pol\u00edticas p\u00fablicas disruptivas como las farmacias populares, las inmobiliarias municipales y otras iniciativas que desafiaron abiertamente el modelo neoliberal. Hoy enfrenta procesos judiciales graves, pero una parte fundamental de esas causas \u2014seg\u00fan ha confesado uno de los imputados\u2014 se habr\u00eda sostenido en testimonios falsos inducidos por la fiscal\u00eda.<\/p>\n<p>El 23 de julio de 2025, en entrevista con Radio B\u00edo\u2011B\u00edo, Mat\u00edas Mu\u00f1oz declar\u00f3 que fue presionado directamente por la fiscal del caso, Giovanna Herrera, para entregar una versi\u00f3n falsa que comprometiera a Jadue con un supuesto soborno en una reuni\u00f3n que, seg\u00fan \u00e9l mismo admiti\u00f3, jam\u00e1s existi\u00f3. Dijo haber pasado 120 d\u00edas en prisi\u00f3n preventiva antes de aceptar la oferta de mentir a cambio de beneficios judiciales. Y lo dijo con claridad: \u201cLo primordial era cagarse a Jadue\u201d.<\/p>\n<p>No se trata de una declaraci\u00f3n cualquiera. Se trata de una confesi\u00f3n penal voluntaria, emitida por un imputado ya formalizado, que reconoce haber alterado la verdad judicial a petici\u00f3n de una funcionaria del Ministerio P\u00fablico. La gravedad de esta denuncia \u2014de ser cierta\u2014 no solo anula la validez de los cargos, sino que pone en cuesti\u00f3n la legitimidad de todo el proceso. Y, hasta hoy, el Estado chileno no ha hecho absolutamente nada.<\/p>\n<p>\u00bfQui\u00e9n es la fiscal Giovanna Herrera? No es una fiscal subalterna ni una operadora externa. Es la persecutora titular de la Fiscal\u00eda Metropolitana Oriente y la funcionaria responsable del expediente contra Jadue. Su rol no es accesorio: es la autoridad que dirige la investigaci\u00f3n penal, decide a qui\u00e9n se formaliza, qu\u00e9 evidencia se valida, qu\u00e9 cautelares se solicitan. Y lo que se le imputa \u2014inducir a un testigo a mentir para incriminar a un pol\u00edtico de izquierda\u2014 no es una irregularidad. Es un delito. Es prevaricaci\u00f3n, es abuso de poder, es coacci\u00f3n. Y si se confirma, estamos ante uno de los actos m\u00e1s graves de corrupci\u00f3n institucional del sistema judicial chileno desde el retorno a la democracia.<\/p>\n<p>Y eso lo cambia todo.<\/p>\n<p>Porque si una fiscal del Estado presiona a un imputado para mentir en contra de un adversario pol\u00edtico, estamos frente a una perversi\u00f3n estructural del Derecho penal. El problema ya no es la imparcialidad, sino la existencia misma del Estado de derecho. \u00bfQu\u00e9 justicia puede garantizarse cuando quien representa la legalidad es quien la viola desde dentro?<\/p>\n<p>La respuesta institucional ha sido escandalosa por su indiferencia. La Fiscal\u00eda no ha abierto investigaci\u00f3n interna, ni sumario disciplinario, ni ha suspendido a la fiscal Herrera. Al contrario: declar\u00f3 p\u00fablicamente que el testigo declar\u00f3 \u201ccon asistencia legal\u201d y \u201clibertad de expresi\u00f3n\u201d, como si eso anulara el contenido confesional de una denuncia explosiva. Como si no importara que un ciudadano dijera: \u201cment\u00ed porque me lo pidi\u00f3 la fiscal\u201d.<\/p>\n<p>La prensa ha sido c\u00f3mplice. Los principales medios han silenciado el caso, lo han relegado a las notas secundarias o lo han omitido por completo. Ning\u00fan editorial ha exigido la remoci\u00f3n de Herrera. Ning\u00fan canal ha cuestionado al Ministerio P\u00fablico. Como si una operaci\u00f3n judicial contra un pol\u00edtico opositor fuera parte aceptada del juego institucional. Como si el lawfare ya se hubiera naturalizado.<\/p>\n<p>Y ah\u00ed est\u00e1 el verdadero problema: cuando el poder comete delitos, la democracia chilena no sabe qu\u00e9 hacer. O peor a\u00fan: sabe, pero prefiere no actuar. Porque si el imputado no pertenece al mundo empresarial, si el fiscal representa al Estado, y si el acusado es un dirigente comunista, el sistema se permite todo. Incluso el crimen impune. Incluso el montaje judicial.<\/p>\n<p>La calificaci\u00f3n de nuestra justicia no baja por las encuestas. Baja porque la denuncia m\u00e1s grave del a\u00f1o ha sido ignorada por completo por quienes deber\u00edan garantizar la legalidad. Porque hasta ahora, nadie en el Consejo de Fiscales, en la Corte Suprema ni en el Ministerio P\u00fablico ha asumido la responsabilidad de actuar. Porque cada d\u00eda que pasa sin que se interrogue o se aparte a Giovanna Herrera es una confirmaci\u00f3n t\u00e1cita de que en Chile, delinquir desde la fiscal\u00eda es tolerable cuando el objetivo es pol\u00edtico.<\/p>\n<p>Y cuando eso ocurre, el problema no es Jadue. El problema es que la justicia ha dejado de ser justicia. Y lo que queda es cart\u00f3n. Y el cart\u00f3n arde.<\/p>\n<p>&nbsp;<\/p>\n","protected":false},"excerpt":{"rendered":"<p>En Chile, ya no basta con denunciar un delito. Si el crimen lo comete una fiscal y el objetivo es destruir pol\u00edticamente a un opositor, todo el aparato institucional guarda silencio. No hay sumario. No hay investigaci\u00f3n. No hay consecuencias.&hellip;<\/p>\n","protected":false},"author":1757,"featured_media":2622222,"comment_status":"closed","ping_status":"closed","sticky":false,"template":"","format":"standard","meta":{"footnotes":""},"categories":[11389,79,161,74,67],"tags":[29,86319,82773,398],"class_list":["post-2621908","post","type-post","status-publish","format-standard","has-post-thumbnail","hentry","category-contenido-original","category-derechos-humanos","category-opiniones","category-politica-es","category-sudamerica","tag-chile","tag-daniel-jadue","tag-fiscalia-es","tag-justicia"],"yoast_head":"<!-- This site is optimized with the Yoast SEO plugin v27.1.1 - https:\/\/yoast.com\/product\/yoast-seo-wordpress\/ -->\n<title>Cuando es la Fiscal\u00eda la que delinque: el caso Mu\u00f1oz y la falsa acusaci\u00f3n contra Daniel Jadue<\/title>\n<meta name=\"description\" content=\"En Chile, ya no basta con denunciar un delito. Si el crimen lo comete una fiscal y el objetivo es destruir pol\u00edticamente a un opositor, todo el aparato\" \/>\n<meta name=\"robots\" content=\"index, follow, max-snippet:-1, max-image-preview:large, max-video-preview:-1\" \/>\n<link rel=\"canonical\" href=\"https:\/\/www.pressenza.com\/es\/2025\/07\/cuando-es-la-fiscalia-la-que-delinque-el-caso-munoz-y-la-falsa-acusacion-contra-daniel-jadue\/\" \/>\n<meta property=\"og:locale\" content=\"es_ES\" \/>\n<meta property=\"og:type\" content=\"article\" \/>\n<meta property=\"og:title\" content=\"Cuando es la Fiscal\u00eda la que delinque: el caso Mu\u00f1oz y la falsa acusaci\u00f3n contra Daniel Jadue\" \/>\n<meta property=\"og:description\" content=\"En Chile, ya no basta con denunciar un delito. Si el crimen lo comete una fiscal y el objetivo es destruir pol\u00edticamente a un opositor, todo el aparato\" \/>\n<meta property=\"og:url\" content=\"https:\/\/www.pressenza.com\/es\/2025\/07\/cuando-es-la-fiscalia-la-que-delinque-el-caso-munoz-y-la-falsa-acusacion-contra-daniel-jadue\/\" \/>\n<meta property=\"og:site_name\" content=\"Pressenza\" \/>\n<meta property=\"article:publisher\" content=\"https:\/\/www.facebook.com\/PressenzaItalia\" \/>\n<meta property=\"article:published_time\" content=\"2025-07-25T17:00:20+00:00\" \/>\n<meta property=\"article:modified_time\" content=\"2025-07-26T14:50:21+00:00\" \/>\n<meta property=\"og:image\" content=\"https:\/\/www.pressenza.com\/wp-content\/uploads\/2025\/07\/Sin-titulo-1.jpeg\" \/>\n\t<meta property=\"og:image:width\" content=\"275\" \/>\n\t<meta property=\"og:image:height\" content=\"183\" \/>\n\t<meta property=\"og:image:type\" content=\"image\/jpeg\" \/>\n<meta name=\"author\" content=\"Claudia Aranda\" \/>\n<meta name=\"twitter:card\" content=\"summary_large_image\" \/>\n<meta name=\"twitter:creator\" content=\"@PressenzaIPA\" \/>\n<meta name=\"twitter:site\" content=\"@PressenzaIPA\" \/>\n<meta name=\"twitter:label1\" content=\"Escrito por\" \/>\n\t<meta name=\"twitter:data1\" content=\"Claudia Aranda\" \/>\n\t<meta name=\"twitter:label2\" content=\"Tiempo de lectura\" \/>\n\t<meta name=\"twitter:data2\" content=\"4 minutos\" \/>\n<script type=\"application\/ld+json\" class=\"yoast-schema-graph\">{\"@context\":\"https:\/\/schema.org\",\"@graph\":[{\"@type\":\"Article\",\"@id\":\"https:\/\/www.pressenza.com\/es\/2025\/07\/cuando-es-la-fiscalia-la-que-delinque-el-caso-munoz-y-la-falsa-acusacion-contra-daniel-jadue\/#article\",\"isPartOf\":{\"@id\":\"https:\/\/www.pressenza.com\/es\/2025\/07\/cuando-es-la-fiscalia-la-que-delinque-el-caso-munoz-y-la-falsa-acusacion-contra-daniel-jadue\/\"},\"author\":{\"name\":\"Claudia Aranda\",\"@id\":\"https:\/\/www.pressenza.com\/es\/#\/schema\/person\/7c99b7f1e26cb9e5efedc0b26a398fb5\"},\"headline\":\"Cuando es la Fiscal\u00eda la que delinque: el caso Mu\u00f1oz y la falsa acusaci\u00f3n contra Daniel Jadue\",\"datePublished\":\"2025-07-25T17:00:20+00:00\",\"dateModified\":\"2025-07-26T14:50:21+00:00\",\"mainEntityOfPage\":{\"@id\":\"https:\/\/www.pressenza.com\/es\/2025\/07\/cuando-es-la-fiscalia-la-que-delinque-el-caso-munoz-y-la-falsa-acusacion-contra-daniel-jadue\/\"},\"wordCount\":934,\"publisher\":{\"@id\":\"https:\/\/www.pressenza.com\/es\/#organization\"},\"image\":{\"@id\":\"https:\/\/www.pressenza.com\/es\/2025\/07\/cuando-es-la-fiscalia-la-que-delinque-el-caso-munoz-y-la-falsa-acusacion-contra-daniel-jadue\/#primaryimage\"},\"thumbnailUrl\":\"https:\/\/www.pressenza.com\/wp-content\/uploads\/2025\/07\/Sin-titulo-1.jpeg\",\"keywords\":[\"Chile\",\"Daniel Jadue\",\"Fiscalia\",\"justicia\"],\"articleSection\":[\"Contenido Original\",\"Derechos Humanos\",\"Opiniones\",\"Pol\u00edtica\",\"Sudam\u00e9rica\"],\"inLanguage\":\"es\"},{\"@type\":\"WebPage\",\"@id\":\"https:\/\/www.pressenza.com\/es\/2025\/07\/cuando-es-la-fiscalia-la-que-delinque-el-caso-munoz-y-la-falsa-acusacion-contra-daniel-jadue\/\",\"url\":\"https:\/\/www.pressenza.com\/es\/2025\/07\/cuando-es-la-fiscalia-la-que-delinque-el-caso-munoz-y-la-falsa-acusacion-contra-daniel-jadue\/\",\"name\":\"Cuando es la Fiscal\u00eda la que delinque: el caso Mu\u00f1oz y la falsa acusaci\u00f3n contra Daniel Jadue\",\"isPartOf\":{\"@id\":\"https:\/\/www.pressenza.com\/es\/#website\"},\"primaryImageOfPage\":{\"@id\":\"https:\/\/www.pressenza.com\/es\/2025\/07\/cuando-es-la-fiscalia-la-que-delinque-el-caso-munoz-y-la-falsa-acusacion-contra-daniel-jadue\/#primaryimage\"},\"image\":{\"@id\":\"https:\/\/www.pressenza.com\/es\/2025\/07\/cuando-es-la-fiscalia-la-que-delinque-el-caso-munoz-y-la-falsa-acusacion-contra-daniel-jadue\/#primaryimage\"},\"thumbnailUrl\":\"https:\/\/www.pressenza.com\/wp-content\/uploads\/2025\/07\/Sin-titulo-1.jpeg\",\"datePublished\":\"2025-07-25T17:00:20+00:00\",\"dateModified\":\"2025-07-26T14:50:21+00:00\",\"description\":\"En Chile, ya no basta con denunciar un delito. Si el crimen lo comete una fiscal y el objetivo es destruir pol\u00edticamente a un opositor, todo el aparato\",\"breadcrumb\":{\"@id\":\"https:\/\/www.pressenza.com\/es\/2025\/07\/cuando-es-la-fiscalia-la-que-delinque-el-caso-munoz-y-la-falsa-acusacion-contra-daniel-jadue\/#breadcrumb\"},\"inLanguage\":\"es\",\"potentialAction\":[{\"@type\":\"ReadAction\",\"target\":[\"https:\/\/www.pressenza.com\/es\/2025\/07\/cuando-es-la-fiscalia-la-que-delinque-el-caso-munoz-y-la-falsa-acusacion-contra-daniel-jadue\/\"]}]},{\"@type\":\"ImageObject\",\"inLanguage\":\"es\",\"@id\":\"https:\/\/www.pressenza.com\/es\/2025\/07\/cuando-es-la-fiscalia-la-que-delinque-el-caso-munoz-y-la-falsa-acusacion-contra-daniel-jadue\/#primaryimage\",\"url\":\"https:\/\/www.pressenza.com\/wp-content\/uploads\/2025\/07\/Sin-titulo-1.jpeg\",\"contentUrl\":\"https:\/\/www.pressenza.com\/wp-content\/uploads\/2025\/07\/Sin-titulo-1.jpeg\",\"width\":275,\"height\":183},{\"@type\":\"BreadcrumbList\",\"@id\":\"https:\/\/www.pressenza.com\/es\/2025\/07\/cuando-es-la-fiscalia-la-que-delinque-el-caso-munoz-y-la-falsa-acusacion-contra-daniel-jadue\/#breadcrumb\",\"itemListElement\":[{\"@type\":\"ListItem\",\"position\":1,\"name\":\"Accueil\",\"item\":\"https:\/\/www.pressenza.com\/es\/\"},{\"@type\":\"ListItem\",\"position\":2,\"name\":\"Cuando es la Fiscal\u00eda la que delinque: el caso Mu\u00f1oz y la falsa acusaci\u00f3n contra Daniel Jadue\"}]},{\"@type\":\"WebSite\",\"@id\":\"https:\/\/www.pressenza.com\/es\/#website\",\"url\":\"https:\/\/www.pressenza.com\/es\/\",\"name\":\"Pressenza\",\"description\":\"International Press Agency\",\"publisher\":{\"@id\":\"https:\/\/www.pressenza.com\/es\/#organization\"},\"potentialAction\":[{\"@type\":\"SearchAction\",\"target\":{\"@type\":\"EntryPoint\",\"urlTemplate\":\"https:\/\/www.pressenza.com\/es\/?s={search_term_string}\"},\"query-input\":{\"@type\":\"PropertyValueSpecification\",\"valueRequired\":true,\"valueName\":\"search_term_string\"}}],\"inLanguage\":\"es\"},{\"@type\":\"Organization\",\"@id\":\"https:\/\/www.pressenza.com\/es\/#organization\",\"name\":\"Pressenza\",\"url\":\"https:\/\/www.pressenza.com\/es\/\",\"logo\":{\"@type\":\"ImageObject\",\"inLanguage\":\"es\",\"@id\":\"https:\/\/www.pressenza.com\/es\/#\/schema\/logo\/image\/\",\"url\":\"https:\/\/www.pressenza.com\/wp-content\/uploads\/2022\/10\/pressenza_logo_200x200.jpg\",\"contentUrl\":\"https:\/\/www.pressenza.com\/wp-content\/uploads\/2022\/10\/pressenza_logo_200x200.jpg\",\"width\":200,\"height\":200,\"caption\":\"Pressenza\"},\"image\":{\"@id\":\"https:\/\/www.pressenza.com\/es\/#\/schema\/logo\/image\/\"},\"sameAs\":[\"https:\/\/www.facebook.com\/PressenzaItalia\",\"https:\/\/x.com\/PressenzaIPA\"]},{\"@type\":\"Person\",\"@id\":\"https:\/\/www.pressenza.com\/es\/#\/schema\/person\/7c99b7f1e26cb9e5efedc0b26a398fb5\",\"name\":\"Claudia Aranda\",\"description\":\"Chilean journalist specializing in Semiotics and Political Analysis. As an international analyst, she focuses on prospective analysis of social processes. Based in Montreal, Quebec, she covers news for Pressenza and explores contemporary philosophical debates within the context of current events. Her work emphasizes human rights, geopolitics, armed conflict, the environment, and technological development. She is a humanist and an activist for social justice causes.\",\"url\":\"https:\/\/www.pressenza.com\/es\/author\/claudia-aranda\/\"}]}<\/script>\n<!-- \/ Yoast SEO plugin. -->","yoast_head_json":{"title":"Cuando es la Fiscal\u00eda la que delinque: el caso Mu\u00f1oz y la falsa acusaci\u00f3n contra Daniel Jadue","description":"En Chile, ya no basta con denunciar un delito. Si el crimen lo comete una fiscal y el objetivo es destruir pol\u00edticamente a un opositor, todo el aparato","robots":{"index":"index","follow":"follow","max-snippet":"max-snippet:-1","max-image-preview":"max-image-preview:large","max-video-preview":"max-video-preview:-1"},"canonical":"https:\/\/www.pressenza.com\/es\/2025\/07\/cuando-es-la-fiscalia-la-que-delinque-el-caso-munoz-y-la-falsa-acusacion-contra-daniel-jadue\/","og_locale":"es_ES","og_type":"article","og_title":"Cuando es la Fiscal\u00eda la que delinque: el caso Mu\u00f1oz y la falsa acusaci\u00f3n contra Daniel Jadue","og_description":"En Chile, ya no basta con denunciar un delito. Si el crimen lo comete una fiscal y el objetivo es destruir pol\u00edticamente a un opositor, todo el aparato","og_url":"https:\/\/www.pressenza.com\/es\/2025\/07\/cuando-es-la-fiscalia-la-que-delinque-el-caso-munoz-y-la-falsa-acusacion-contra-daniel-jadue\/","og_site_name":"Pressenza","article_publisher":"https:\/\/www.facebook.com\/PressenzaItalia","article_published_time":"2025-07-25T17:00:20+00:00","article_modified_time":"2025-07-26T14:50:21+00:00","og_image":[{"width":275,"height":183,"url":"https:\/\/www.pressenza.com\/wp-content\/uploads\/2025\/07\/Sin-titulo-1.jpeg","type":"image\/jpeg"}],"author":"Claudia Aranda","twitter_card":"summary_large_image","twitter_creator":"@PressenzaIPA","twitter_site":"@PressenzaIPA","twitter_misc":{"Escrito por":"Claudia Aranda","Tiempo de lectura":"4 minutos"},"schema":{"@context":"https:\/\/schema.org","@graph":[{"@type":"Article","@id":"https:\/\/www.pressenza.com\/es\/2025\/07\/cuando-es-la-fiscalia-la-que-delinque-el-caso-munoz-y-la-falsa-acusacion-contra-daniel-jadue\/#article","isPartOf":{"@id":"https:\/\/www.pressenza.com\/es\/2025\/07\/cuando-es-la-fiscalia-la-que-delinque-el-caso-munoz-y-la-falsa-acusacion-contra-daniel-jadue\/"},"author":{"name":"Claudia Aranda","@id":"https:\/\/www.pressenza.com\/es\/#\/schema\/person\/7c99b7f1e26cb9e5efedc0b26a398fb5"},"headline":"Cuando es la Fiscal\u00eda la que delinque: el caso Mu\u00f1oz y la falsa acusaci\u00f3n contra Daniel Jadue","datePublished":"2025-07-25T17:00:20+00:00","dateModified":"2025-07-26T14:50:21+00:00","mainEntityOfPage":{"@id":"https:\/\/www.pressenza.com\/es\/2025\/07\/cuando-es-la-fiscalia-la-que-delinque-el-caso-munoz-y-la-falsa-acusacion-contra-daniel-jadue\/"},"wordCount":934,"publisher":{"@id":"https:\/\/www.pressenza.com\/es\/#organization"},"image":{"@id":"https:\/\/www.pressenza.com\/es\/2025\/07\/cuando-es-la-fiscalia-la-que-delinque-el-caso-munoz-y-la-falsa-acusacion-contra-daniel-jadue\/#primaryimage"},"thumbnailUrl":"https:\/\/www.pressenza.com\/wp-content\/uploads\/2025\/07\/Sin-titulo-1.jpeg","keywords":["Chile","Daniel Jadue","Fiscalia","justicia"],"articleSection":["Contenido Original","Derechos Humanos","Opiniones","Pol\u00edtica","Sudam\u00e9rica"],"inLanguage":"es"},{"@type":"WebPage","@id":"https:\/\/www.pressenza.com\/es\/2025\/07\/cuando-es-la-fiscalia-la-que-delinque-el-caso-munoz-y-la-falsa-acusacion-contra-daniel-jadue\/","url":"https:\/\/www.pressenza.com\/es\/2025\/07\/cuando-es-la-fiscalia-la-que-delinque-el-caso-munoz-y-la-falsa-acusacion-contra-daniel-jadue\/","name":"Cuando es la Fiscal\u00eda la que delinque: el caso Mu\u00f1oz y la falsa acusaci\u00f3n contra Daniel Jadue","isPartOf":{"@id":"https:\/\/www.pressenza.com\/es\/#website"},"primaryImageOfPage":{"@id":"https:\/\/www.pressenza.com\/es\/2025\/07\/cuando-es-la-fiscalia-la-que-delinque-el-caso-munoz-y-la-falsa-acusacion-contra-daniel-jadue\/#primaryimage"},"image":{"@id":"https:\/\/www.pressenza.com\/es\/2025\/07\/cuando-es-la-fiscalia-la-que-delinque-el-caso-munoz-y-la-falsa-acusacion-contra-daniel-jadue\/#primaryimage"},"thumbnailUrl":"https:\/\/www.pressenza.com\/wp-content\/uploads\/2025\/07\/Sin-titulo-1.jpeg","datePublished":"2025-07-25T17:00:20+00:00","dateModified":"2025-07-26T14:50:21+00:00","description":"En Chile, ya no basta con denunciar un delito. Si el crimen lo comete una fiscal y el objetivo es destruir pol\u00edticamente a un opositor, todo el aparato","breadcrumb":{"@id":"https:\/\/www.pressenza.com\/es\/2025\/07\/cuando-es-la-fiscalia-la-que-delinque-el-caso-munoz-y-la-falsa-acusacion-contra-daniel-jadue\/#breadcrumb"},"inLanguage":"es","potentialAction":[{"@type":"ReadAction","target":["https:\/\/www.pressenza.com\/es\/2025\/07\/cuando-es-la-fiscalia-la-que-delinque-el-caso-munoz-y-la-falsa-acusacion-contra-daniel-jadue\/"]}]},{"@type":"ImageObject","inLanguage":"es","@id":"https:\/\/www.pressenza.com\/es\/2025\/07\/cuando-es-la-fiscalia-la-que-delinque-el-caso-munoz-y-la-falsa-acusacion-contra-daniel-jadue\/#primaryimage","url":"https:\/\/www.pressenza.com\/wp-content\/uploads\/2025\/07\/Sin-titulo-1.jpeg","contentUrl":"https:\/\/www.pressenza.com\/wp-content\/uploads\/2025\/07\/Sin-titulo-1.jpeg","width":275,"height":183},{"@type":"BreadcrumbList","@id":"https:\/\/www.pressenza.com\/es\/2025\/07\/cuando-es-la-fiscalia-la-que-delinque-el-caso-munoz-y-la-falsa-acusacion-contra-daniel-jadue\/#breadcrumb","itemListElement":[{"@type":"ListItem","position":1,"name":"Accueil","item":"https:\/\/www.pressenza.com\/es\/"},{"@type":"ListItem","position":2,"name":"Cuando es la Fiscal\u00eda la que delinque: el caso Mu\u00f1oz y la falsa acusaci\u00f3n contra Daniel Jadue"}]},{"@type":"WebSite","@id":"https:\/\/www.pressenza.com\/es\/#website","url":"https:\/\/www.pressenza.com\/es\/","name":"Pressenza","description":"International Press Agency","publisher":{"@id":"https:\/\/www.pressenza.com\/es\/#organization"},"potentialAction":[{"@type":"SearchAction","target":{"@type":"EntryPoint","urlTemplate":"https:\/\/www.pressenza.com\/es\/?s={search_term_string}"},"query-input":{"@type":"PropertyValueSpecification","valueRequired":true,"valueName":"search_term_string"}}],"inLanguage":"es"},{"@type":"Organization","@id":"https:\/\/www.pressenza.com\/es\/#organization","name":"Pressenza","url":"https:\/\/www.pressenza.com\/es\/","logo":{"@type":"ImageObject","inLanguage":"es","@id":"https:\/\/www.pressenza.com\/es\/#\/schema\/logo\/image\/","url":"https:\/\/www.pressenza.com\/wp-content\/uploads\/2022\/10\/pressenza_logo_200x200.jpg","contentUrl":"https:\/\/www.pressenza.com\/wp-content\/uploads\/2022\/10\/pressenza_logo_200x200.jpg","width":200,"height":200,"caption":"Pressenza"},"image":{"@id":"https:\/\/www.pressenza.com\/es\/#\/schema\/logo\/image\/"},"sameAs":["https:\/\/www.facebook.com\/PressenzaItalia","https:\/\/x.com\/PressenzaIPA"]},{"@type":"Person","@id":"https:\/\/www.pressenza.com\/es\/#\/schema\/person\/7c99b7f1e26cb9e5efedc0b26a398fb5","name":"Claudia Aranda","description":"Chilean journalist specializing in Semiotics and Political Analysis. As an international analyst, she focuses on prospective analysis of social processes. Based in Montreal, Quebec, she covers news for Pressenza and explores contemporary philosophical debates within the context of current events. Her work emphasizes human rights, geopolitics, armed conflict, the environment, and technological development. She is a humanist and an activist for social justice causes.","url":"https:\/\/www.pressenza.com\/es\/author\/claudia-aranda\/"}]}},"place":"Montreal, Canad\u00e1","original_article_url":"","_links":{"self":[{"href":"https:\/\/www.pressenza.com\/es\/wp-json\/wp\/v2\/posts\/2621908","targetHints":{"allow":["GET"]}}],"collection":[{"href":"https:\/\/www.pressenza.com\/es\/wp-json\/wp\/v2\/posts"}],"about":[{"href":"https:\/\/www.pressenza.com\/es\/wp-json\/wp\/v2\/types\/post"}],"author":[{"embeddable":true,"href":"https:\/\/www.pressenza.com\/es\/wp-json\/wp\/v2\/users\/1757"}],"replies":[{"embeddable":true,"href":"https:\/\/www.pressenza.com\/es\/wp-json\/wp\/v2\/comments?post=2621908"}],"version-history":[{"count":2,"href":"https:\/\/www.pressenza.com\/es\/wp-json\/wp\/v2\/posts\/2621908\/revisions"}],"predecessor-version":[{"id":2622223,"href":"https:\/\/www.pressenza.com\/es\/wp-json\/wp\/v2\/posts\/2621908\/revisions\/2622223"}],"wp:featuredmedia":[{"embeddable":true,"href":"https:\/\/www.pressenza.com\/es\/wp-json\/wp\/v2\/media\/2622222"}],"wp:attachment":[{"href":"https:\/\/www.pressenza.com\/es\/wp-json\/wp\/v2\/media?parent=2621908"}],"wp:term":[{"taxonomy":"category","embeddable":true,"href":"https:\/\/www.pressenza.com\/es\/wp-json\/wp\/v2\/categories?post=2621908"},{"taxonomy":"post_tag","embeddable":true,"href":"https:\/\/www.pressenza.com\/es\/wp-json\/wp\/v2\/tags?post=2621908"}],"curies":[{"name":"wp","href":"https:\/\/api.w.org\/{rel}","templated":true}]}}