{"id":2621758,"date":"2025-07-25T00:53:55","date_gmt":"2025-07-24T23:53:55","guid":{"rendered":"https:\/\/www.pressenza.com\/?p=2621758"},"modified":"2025-07-25T00:53:55","modified_gmt":"2025-07-24T23:53:55","slug":"hambre-como-sentencia-la-solucion-final-del-asunto-palestino-el-genocidio-que-el-mundo-dejo-que-ocurriera","status":"publish","type":"post","link":"https:\/\/www.pressenza.com\/es\/2025\/07\/hambre-como-sentencia-la-solucion-final-del-asunto-palestino-el-genocidio-que-el-mundo-dejo-que-ocurriera\/","title":{"rendered":"Hambre como sentencia: la \u201csoluci\u00f3n final del asunto Palestino\u00bb, el genocidio que el mundo dej\u00f3 que ocurriera"},"content":{"rendered":"<p>La imagen de un ni\u00f1o de diez a\u00f1os que pesa apenas 4,2 kilos no puede discutirse. No es una opini\u00f3n. No es un s\u00edmbolo. Es una prueba. Una prueba tan brutal, tan simple, tan definitiva, que convierte en mentira todo lo que la diplomacia y los gobiernos del mundo han dicho durante estos nueve meses.<\/p>\n<p>Cuando un ni\u00f1o pesa lo que un reci\u00e9n nacido, lo que ocurre ya no es una crisis humanitaria. Es una sentencia. Y cuando esa sentencia es compartida por miles, cuando ocurre mientras se impide la entrada de ayuda, cuando se bloquea el agua, el alimento y el ox\u00edgeno, estamos frente al crimen m\u00e1s antiguo y m\u00e1s infame: matar de hambre.<\/p>\n<p>El 24 de julio de 2025, UNICEF y la Oficina de Coordinaci\u00f3n de Asuntos Humanitarios de Naciones Unidas (OCHA) publicaron una actualizaci\u00f3n demoledora: m\u00e1s de 34.000 ni\u00f1os en Gaza presentan desnutrici\u00f3n severa aguda. En muchos de ellos, el cuerpo ha comenzado a consumir su propia masa muscular para intentar mantenerse con vida. En otros, el da\u00f1o ya es irreversible. M\u00e9dicos sin Fronteras ha documentado casos de atrofia neurol\u00f3gica por inanici\u00f3n prolongada. El Hospital Al-Awda, en el norte, confirm\u00f3 la muerte de siete menores por caquexia en las \u00faltimas 72 horas.<\/p>\n<p>Esta no es una guerra. Esto es hambre como arma. Esto es genocidio por goteo.<\/p>\n<p>Y el mundo lo ha permitido. Lo ha sostenido. Lo ha alimentado.<\/p>\n<p>Porque a diferencia de los hornos del nazismo, esta vez no hay c\u00f3mo decir \u201cno lo sab\u00edamos\u201d. Todo ha sido documentado. Todo ha sido publicado. Todo ha sido mostrado.<\/p>\n<p>Las fotos. Los huesos. Las madres gritando frente a las bolsas blancas. Los beb\u00e9s sin incubadoras. Las morgues sin espacio. Los campamentos sin arroz. Las listas de espera para morir.<\/p>\n<p>Esto es una Soluci\u00f3n Final en versi\u00f3n siglo XXI: lenta, televisada, justificada por los grandes medios, ejecutada con drones y con veto en el Consejo de Seguridad.<\/p>\n<p>Cuando el ej\u00e9rcito israel\u00ed bombardea un silo de trigo, no combate al terrorismo. Cuando bloquea la entrada de harina, no se defiende. Cuando destruye los pozos, no responde a Hamas. Cuando deja morir de hambre a los ni\u00f1os, est\u00e1 cumpliendo un objetivo.<\/p>\n<p>\u201cCada ni\u00f1o palestino es una bala contra Israel\u201d, escuch\u00e9 en 1994, en voz de j\u00f3venes israel\u00edes reci\u00e9n salidos del servicio militar. Yo ten\u00eda 24 a\u00f1os, tres hijos peque\u00f1os, y jam\u00e1s olvid\u00e9 esa frase. Porque era clara. Porque no era una met\u00e1fora. Porque era una doctrina.<\/p>\n<p>Han pasado m\u00e1s de treinta a\u00f1os. Y hoy la veo ejecutarse en vivo.<\/p>\n<p>\u00bfQui\u00e9n responde por esto? \u00bfQui\u00e9n permite esto? \u00bfQu\u00e9 red de intereses, de cobard\u00edas, de culpas y complicidades ha hecho posible que se torture as\u00ed a un pueblo entero sin que el mundo act\u00fae? \u00bfC\u00f3mo puede Alemania enviar armas y dinero al mismo r\u00e9gimen que deja morir de inanici\u00f3n a ni\u00f1os, despu\u00e9s de haber prometido que el horror no se repetir\u00eda jam\u00e1s? \u00bfQu\u00e9 justifica que Estados Unidos siga vetando toda resoluci\u00f3n que busque un alto al fuego? \u00bfD\u00f3nde est\u00e1n los juristas del mundo, los tratados, las sanciones, la Corte Penal Internacional, el Estatuto de Roma?<\/p>\n<p>\u00bfQu\u00e9 se necesita para que el mundo diga basta? \u00bfUn Auschwitz con c\u00e1maras en vivo? \u00bfUna fosa com\u00fan transmitida por sat\u00e9lite? \u00bfUn ni\u00f1o muerto por falta de aire con el logo de la ONU estampado en la frente?<\/p>\n<p>Gaza hoy no es un conflicto. Es un espejo. Un espejo sucio y real, donde la humanidad entera se est\u00e1 mirando sin maquillaje. Y no se gusta.<\/p>\n<p>Y t\u00fa, que est\u00e1s leyendo esto, no puedes mirar a otro lado.<\/p>\n<p>Porque ya lo viste.<\/p>\n","protected":false},"excerpt":{"rendered":"<p>La imagen de un ni\u00f1o de diez a\u00f1os que pesa apenas 4,2 kilos no puede discutirse. No es una opini\u00f3n. No es un s\u00edmbolo. Es una prueba. Una prueba tan brutal, tan simple, tan definitiva, que convierte en mentira todo&hellip;<\/p>\n","protected":false},"author":1757,"featured_media":2621760,"comment_status":"closed","ping_status":"closed","sticky":false,"template":"","format":"standard","meta":{"footnotes":""},"categories":[11389,79,71,106739],"tags":[1495,1833,793],"class_list":["post-2621758","post","type-post","status-publish","format-standard","has-post-thumbnail","hentry","category-contenido-original","category-derechos-humanos","category-medio-oriente-es","category-noticia","tag-gaza-es","tag-hambre","tag-infancia"],"yoast_head":"<!-- This site is optimized with the Yoast SEO plugin v27.1.1 - https:\/\/yoast.com\/product\/yoast-seo-wordpress\/ -->\n<title>Hambre como sentencia: la \u201csoluci\u00f3n final del asunto Palestino&quot;, el genocidio que el mundo dej\u00f3 que ocurriera<\/title>\n<meta name=\"description\" content=\"La imagen de un ni\u00f1o de diez a\u00f1os que pesa apenas 4,2 kilos no puede discutirse. No es una opini\u00f3n. No es un s\u00edmbolo. Es una prueba. Una prueba tan\" \/>\n<meta name=\"robots\" content=\"index, follow, max-snippet:-1, max-image-preview:large, max-video-preview:-1\" \/>\n<link rel=\"canonical\" href=\"https:\/\/www.pressenza.com\/es\/2025\/07\/hambre-como-sentencia-la-solucion-final-del-asunto-palestino-el-genocidio-que-el-mundo-dejo-que-ocurriera\/\" \/>\n<meta property=\"og:locale\" content=\"es_ES\" \/>\n<meta property=\"og:type\" content=\"article\" \/>\n<meta property=\"og:title\" content=\"Hambre como sentencia: la \u201csoluci\u00f3n final del asunto Palestino&quot;, el genocidio que el mundo dej\u00f3 que ocurriera\" \/>\n<meta property=\"og:description\" content=\"La imagen de un ni\u00f1o de diez a\u00f1os que pesa apenas 4,2 kilos no puede discutirse. No es una opini\u00f3n. No es un s\u00edmbolo. Es una prueba. Una prueba tan\" \/>\n<meta property=\"og:url\" content=\"https:\/\/www.pressenza.com\/es\/2025\/07\/hambre-como-sentencia-la-solucion-final-del-asunto-palestino-el-genocidio-que-el-mundo-dejo-que-ocurriera\/\" \/>\n<meta property=\"og:site_name\" content=\"Pressenza\" \/>\n<meta property=\"article:publisher\" content=\"https:\/\/www.facebook.com\/PressenzaItalia\" \/>\n<meta property=\"article:published_time\" content=\"2025-07-24T23:53:55+00:00\" \/>\n<meta property=\"og:image\" content=\"https:\/\/www.pressenza.com\/wp-content\/uploads\/2025\/07\/UNI463724_Med-Res.jpg.webp\" \/>\n\t<meta property=\"og:image:width\" content=\"770\" \/>\n\t<meta property=\"og:image:height\" content=\"513\" \/>\n\t<meta property=\"og:image:type\" content=\"image\/webp\" \/>\n<meta name=\"author\" content=\"Claudia Aranda\" \/>\n<meta name=\"twitter:card\" content=\"summary_large_image\" \/>\n<meta name=\"twitter:creator\" content=\"@PressenzaIPA\" \/>\n<meta name=\"twitter:site\" content=\"@PressenzaIPA\" \/>\n<meta name=\"twitter:label1\" content=\"Escrito por\" \/>\n\t<meta name=\"twitter:data1\" content=\"Claudia Aranda\" \/>\n\t<meta name=\"twitter:label2\" content=\"Tiempo de lectura\" \/>\n\t<meta name=\"twitter:data2\" content=\"3 minutos\" \/>\n<script type=\"application\/ld+json\" class=\"yoast-schema-graph\">{\"@context\":\"https:\/\/schema.org\",\"@graph\":[{\"@type\":\"Article\",\"@id\":\"https:\/\/www.pressenza.com\/es\/2025\/07\/hambre-como-sentencia-la-solucion-final-del-asunto-palestino-el-genocidio-que-el-mundo-dejo-que-ocurriera\/#article\",\"isPartOf\":{\"@id\":\"https:\/\/www.pressenza.com\/es\/2025\/07\/hambre-como-sentencia-la-solucion-final-del-asunto-palestino-el-genocidio-que-el-mundo-dejo-que-ocurriera\/\"},\"author\":{\"name\":\"Claudia Aranda\",\"@id\":\"https:\/\/www.pressenza.com\/es\/#\/schema\/person\/7c99b7f1e26cb9e5efedc0b26a398fb5\"},\"headline\":\"Hambre como sentencia: la \u201csoluci\u00f3n final del asunto Palestino\u00bb, el genocidio que el mundo dej\u00f3 que ocurriera\",\"datePublished\":\"2025-07-24T23:53:55+00:00\",\"mainEntityOfPage\":{\"@id\":\"https:\/\/www.pressenza.com\/es\/2025\/07\/hambre-como-sentencia-la-solucion-final-del-asunto-palestino-el-genocidio-que-el-mundo-dejo-que-ocurriera\/\"},\"wordCount\":659,\"publisher\":{\"@id\":\"https:\/\/www.pressenza.com\/es\/#organization\"},\"image\":{\"@id\":\"https:\/\/www.pressenza.com\/es\/2025\/07\/hambre-como-sentencia-la-solucion-final-del-asunto-palestino-el-genocidio-que-el-mundo-dejo-que-ocurriera\/#primaryimage\"},\"thumbnailUrl\":\"https:\/\/www.pressenza.com\/wp-content\/uploads\/2025\/07\/UNI463724_Med-Res.jpg.webp\",\"keywords\":[\"Gaza\",\"hambre\",\"Infancia\"],\"articleSection\":[\"Contenido Original\",\"Derechos Humanos\",\"Medio Oriente\",\"Noticia\"],\"inLanguage\":\"es\"},{\"@type\":\"WebPage\",\"@id\":\"https:\/\/www.pressenza.com\/es\/2025\/07\/hambre-como-sentencia-la-solucion-final-del-asunto-palestino-el-genocidio-que-el-mundo-dejo-que-ocurriera\/\",\"url\":\"https:\/\/www.pressenza.com\/es\/2025\/07\/hambre-como-sentencia-la-solucion-final-del-asunto-palestino-el-genocidio-que-el-mundo-dejo-que-ocurriera\/\",\"name\":\"Hambre como sentencia: la \u201csoluci\u00f3n final del asunto Palestino\\\", el genocidio que el mundo dej\u00f3 que ocurriera\",\"isPartOf\":{\"@id\":\"https:\/\/www.pressenza.com\/es\/#website\"},\"primaryImageOfPage\":{\"@id\":\"https:\/\/www.pressenza.com\/es\/2025\/07\/hambre-como-sentencia-la-solucion-final-del-asunto-palestino-el-genocidio-que-el-mundo-dejo-que-ocurriera\/#primaryimage\"},\"image\":{\"@id\":\"https:\/\/www.pressenza.com\/es\/2025\/07\/hambre-como-sentencia-la-solucion-final-del-asunto-palestino-el-genocidio-que-el-mundo-dejo-que-ocurriera\/#primaryimage\"},\"thumbnailUrl\":\"https:\/\/www.pressenza.com\/wp-content\/uploads\/2025\/07\/UNI463724_Med-Res.jpg.webp\",\"datePublished\":\"2025-07-24T23:53:55+00:00\",\"description\":\"La imagen de un ni\u00f1o de diez a\u00f1os que pesa apenas 4,2 kilos no puede discutirse. No es una opini\u00f3n. No es un s\u00edmbolo. Es una prueba. Una prueba tan\",\"breadcrumb\":{\"@id\":\"https:\/\/www.pressenza.com\/es\/2025\/07\/hambre-como-sentencia-la-solucion-final-del-asunto-palestino-el-genocidio-que-el-mundo-dejo-que-ocurriera\/#breadcrumb\"},\"inLanguage\":\"es\",\"potentialAction\":[{\"@type\":\"ReadAction\",\"target\":[\"https:\/\/www.pressenza.com\/es\/2025\/07\/hambre-como-sentencia-la-solucion-final-del-asunto-palestino-el-genocidio-que-el-mundo-dejo-que-ocurriera\/\"]}]},{\"@type\":\"ImageObject\",\"inLanguage\":\"es\",\"@id\":\"https:\/\/www.pressenza.com\/es\/2025\/07\/hambre-como-sentencia-la-solucion-final-del-asunto-palestino-el-genocidio-que-el-mundo-dejo-que-ocurriera\/#primaryimage\",\"url\":\"https:\/\/www.pressenza.com\/wp-content\/uploads\/2025\/07\/UNI463724_Med-Res.jpg.webp\",\"contentUrl\":\"https:\/\/www.pressenza.com\/wp-content\/uploads\/2025\/07\/UNI463724_Med-Res.jpg.webp\",\"width\":770,\"height\":513},{\"@type\":\"BreadcrumbList\",\"@id\":\"https:\/\/www.pressenza.com\/es\/2025\/07\/hambre-como-sentencia-la-solucion-final-del-asunto-palestino-el-genocidio-que-el-mundo-dejo-que-ocurriera\/#breadcrumb\",\"itemListElement\":[{\"@type\":\"ListItem\",\"position\":1,\"name\":\"Accueil\",\"item\":\"https:\/\/www.pressenza.com\/es\/\"},{\"@type\":\"ListItem\",\"position\":2,\"name\":\"Hambre como sentencia: la \u201csoluci\u00f3n final del asunto Palestino\u00bb, el genocidio que el mundo dej\u00f3 que ocurriera\"}]},{\"@type\":\"WebSite\",\"@id\":\"https:\/\/www.pressenza.com\/es\/#website\",\"url\":\"https:\/\/www.pressenza.com\/es\/\",\"name\":\"Pressenza\",\"description\":\"International Press Agency\",\"publisher\":{\"@id\":\"https:\/\/www.pressenza.com\/es\/#organization\"},\"potentialAction\":[{\"@type\":\"SearchAction\",\"target\":{\"@type\":\"EntryPoint\",\"urlTemplate\":\"https:\/\/www.pressenza.com\/es\/?s={search_term_string}\"},\"query-input\":{\"@type\":\"PropertyValueSpecification\",\"valueRequired\":true,\"valueName\":\"search_term_string\"}}],\"inLanguage\":\"es\"},{\"@type\":\"Organization\",\"@id\":\"https:\/\/www.pressenza.com\/es\/#organization\",\"name\":\"Pressenza\",\"url\":\"https:\/\/www.pressenza.com\/es\/\",\"logo\":{\"@type\":\"ImageObject\",\"inLanguage\":\"es\",\"@id\":\"https:\/\/www.pressenza.com\/es\/#\/schema\/logo\/image\/\",\"url\":\"https:\/\/www.pressenza.com\/wp-content\/uploads\/2022\/10\/pressenza_logo_200x200.jpg\",\"contentUrl\":\"https:\/\/www.pressenza.com\/wp-content\/uploads\/2022\/10\/pressenza_logo_200x200.jpg\",\"width\":200,\"height\":200,\"caption\":\"Pressenza\"},\"image\":{\"@id\":\"https:\/\/www.pressenza.com\/es\/#\/schema\/logo\/image\/\"},\"sameAs\":[\"https:\/\/www.facebook.com\/PressenzaItalia\",\"https:\/\/x.com\/PressenzaIPA\"]},{\"@type\":\"Person\",\"@id\":\"https:\/\/www.pressenza.com\/es\/#\/schema\/person\/7c99b7f1e26cb9e5efedc0b26a398fb5\",\"name\":\"Claudia Aranda\",\"description\":\"Chilean journalist specializing in Semiotics and Political Analysis. As an international analyst, she focuses on prospective analysis of social processes. Based in Montreal, Quebec, she covers news for Pressenza and explores contemporary philosophical debates within the context of current events. Her work emphasizes human rights, geopolitics, armed conflict, the environment, and technological development. She is a humanist and an activist for social justice causes.\",\"url\":\"https:\/\/www.pressenza.com\/es\/author\/claudia-aranda\/\"}]}<\/script>\n<!-- \/ Yoast SEO plugin. -->","yoast_head_json":{"title":"Hambre como sentencia: la \u201csoluci\u00f3n final del asunto Palestino\", el genocidio que el mundo dej\u00f3 que ocurriera","description":"La imagen de un ni\u00f1o de diez a\u00f1os que pesa apenas 4,2 kilos no puede discutirse. No es una opini\u00f3n. No es un s\u00edmbolo. Es una prueba. Una prueba tan","robots":{"index":"index","follow":"follow","max-snippet":"max-snippet:-1","max-image-preview":"max-image-preview:large","max-video-preview":"max-video-preview:-1"},"canonical":"https:\/\/www.pressenza.com\/es\/2025\/07\/hambre-como-sentencia-la-solucion-final-del-asunto-palestino-el-genocidio-que-el-mundo-dejo-que-ocurriera\/","og_locale":"es_ES","og_type":"article","og_title":"Hambre como sentencia: la \u201csoluci\u00f3n final del asunto Palestino\", el genocidio que el mundo dej\u00f3 que ocurriera","og_description":"La imagen de un ni\u00f1o de diez a\u00f1os que pesa apenas 4,2 kilos no puede discutirse. No es una opini\u00f3n. No es un s\u00edmbolo. Es una prueba. Una prueba tan","og_url":"https:\/\/www.pressenza.com\/es\/2025\/07\/hambre-como-sentencia-la-solucion-final-del-asunto-palestino-el-genocidio-que-el-mundo-dejo-que-ocurriera\/","og_site_name":"Pressenza","article_publisher":"https:\/\/www.facebook.com\/PressenzaItalia","article_published_time":"2025-07-24T23:53:55+00:00","og_image":[{"width":770,"height":513,"url":"https:\/\/www.pressenza.com\/wp-content\/uploads\/2025\/07\/UNI463724_Med-Res.jpg.webp","type":"image\/webp"}],"author":"Claudia Aranda","twitter_card":"summary_large_image","twitter_creator":"@PressenzaIPA","twitter_site":"@PressenzaIPA","twitter_misc":{"Escrito por":"Claudia Aranda","Tiempo de lectura":"3 minutos"},"schema":{"@context":"https:\/\/schema.org","@graph":[{"@type":"Article","@id":"https:\/\/www.pressenza.com\/es\/2025\/07\/hambre-como-sentencia-la-solucion-final-del-asunto-palestino-el-genocidio-que-el-mundo-dejo-que-ocurriera\/#article","isPartOf":{"@id":"https:\/\/www.pressenza.com\/es\/2025\/07\/hambre-como-sentencia-la-solucion-final-del-asunto-palestino-el-genocidio-que-el-mundo-dejo-que-ocurriera\/"},"author":{"name":"Claudia Aranda","@id":"https:\/\/www.pressenza.com\/es\/#\/schema\/person\/7c99b7f1e26cb9e5efedc0b26a398fb5"},"headline":"Hambre como sentencia: la \u201csoluci\u00f3n final del asunto Palestino\u00bb, el genocidio que el mundo dej\u00f3 que ocurriera","datePublished":"2025-07-24T23:53:55+00:00","mainEntityOfPage":{"@id":"https:\/\/www.pressenza.com\/es\/2025\/07\/hambre-como-sentencia-la-solucion-final-del-asunto-palestino-el-genocidio-que-el-mundo-dejo-que-ocurriera\/"},"wordCount":659,"publisher":{"@id":"https:\/\/www.pressenza.com\/es\/#organization"},"image":{"@id":"https:\/\/www.pressenza.com\/es\/2025\/07\/hambre-como-sentencia-la-solucion-final-del-asunto-palestino-el-genocidio-que-el-mundo-dejo-que-ocurriera\/#primaryimage"},"thumbnailUrl":"https:\/\/www.pressenza.com\/wp-content\/uploads\/2025\/07\/UNI463724_Med-Res.jpg.webp","keywords":["Gaza","hambre","Infancia"],"articleSection":["Contenido Original","Derechos Humanos","Medio Oriente","Noticia"],"inLanguage":"es"},{"@type":"WebPage","@id":"https:\/\/www.pressenza.com\/es\/2025\/07\/hambre-como-sentencia-la-solucion-final-del-asunto-palestino-el-genocidio-que-el-mundo-dejo-que-ocurriera\/","url":"https:\/\/www.pressenza.com\/es\/2025\/07\/hambre-como-sentencia-la-solucion-final-del-asunto-palestino-el-genocidio-que-el-mundo-dejo-que-ocurriera\/","name":"Hambre como sentencia: la \u201csoluci\u00f3n final del asunto Palestino\", el genocidio que el mundo dej\u00f3 que ocurriera","isPartOf":{"@id":"https:\/\/www.pressenza.com\/es\/#website"},"primaryImageOfPage":{"@id":"https:\/\/www.pressenza.com\/es\/2025\/07\/hambre-como-sentencia-la-solucion-final-del-asunto-palestino-el-genocidio-que-el-mundo-dejo-que-ocurriera\/#primaryimage"},"image":{"@id":"https:\/\/www.pressenza.com\/es\/2025\/07\/hambre-como-sentencia-la-solucion-final-del-asunto-palestino-el-genocidio-que-el-mundo-dejo-que-ocurriera\/#primaryimage"},"thumbnailUrl":"https:\/\/www.pressenza.com\/wp-content\/uploads\/2025\/07\/UNI463724_Med-Res.jpg.webp","datePublished":"2025-07-24T23:53:55+00:00","description":"La imagen de un ni\u00f1o de diez a\u00f1os que pesa apenas 4,2 kilos no puede discutirse. No es una opini\u00f3n. No es un s\u00edmbolo. Es una prueba. Una prueba tan","breadcrumb":{"@id":"https:\/\/www.pressenza.com\/es\/2025\/07\/hambre-como-sentencia-la-solucion-final-del-asunto-palestino-el-genocidio-que-el-mundo-dejo-que-ocurriera\/#breadcrumb"},"inLanguage":"es","potentialAction":[{"@type":"ReadAction","target":["https:\/\/www.pressenza.com\/es\/2025\/07\/hambre-como-sentencia-la-solucion-final-del-asunto-palestino-el-genocidio-que-el-mundo-dejo-que-ocurriera\/"]}]},{"@type":"ImageObject","inLanguage":"es","@id":"https:\/\/www.pressenza.com\/es\/2025\/07\/hambre-como-sentencia-la-solucion-final-del-asunto-palestino-el-genocidio-que-el-mundo-dejo-que-ocurriera\/#primaryimage","url":"https:\/\/www.pressenza.com\/wp-content\/uploads\/2025\/07\/UNI463724_Med-Res.jpg.webp","contentUrl":"https:\/\/www.pressenza.com\/wp-content\/uploads\/2025\/07\/UNI463724_Med-Res.jpg.webp","width":770,"height":513},{"@type":"BreadcrumbList","@id":"https:\/\/www.pressenza.com\/es\/2025\/07\/hambre-como-sentencia-la-solucion-final-del-asunto-palestino-el-genocidio-que-el-mundo-dejo-que-ocurriera\/#breadcrumb","itemListElement":[{"@type":"ListItem","position":1,"name":"Accueil","item":"https:\/\/www.pressenza.com\/es\/"},{"@type":"ListItem","position":2,"name":"Hambre como sentencia: la \u201csoluci\u00f3n final del asunto Palestino\u00bb, el genocidio que el mundo dej\u00f3 que ocurriera"}]},{"@type":"WebSite","@id":"https:\/\/www.pressenza.com\/es\/#website","url":"https:\/\/www.pressenza.com\/es\/","name":"Pressenza","description":"International Press Agency","publisher":{"@id":"https:\/\/www.pressenza.com\/es\/#organization"},"potentialAction":[{"@type":"SearchAction","target":{"@type":"EntryPoint","urlTemplate":"https:\/\/www.pressenza.com\/es\/?s={search_term_string}"},"query-input":{"@type":"PropertyValueSpecification","valueRequired":true,"valueName":"search_term_string"}}],"inLanguage":"es"},{"@type":"Organization","@id":"https:\/\/www.pressenza.com\/es\/#organization","name":"Pressenza","url":"https:\/\/www.pressenza.com\/es\/","logo":{"@type":"ImageObject","inLanguage":"es","@id":"https:\/\/www.pressenza.com\/es\/#\/schema\/logo\/image\/","url":"https:\/\/www.pressenza.com\/wp-content\/uploads\/2022\/10\/pressenza_logo_200x200.jpg","contentUrl":"https:\/\/www.pressenza.com\/wp-content\/uploads\/2022\/10\/pressenza_logo_200x200.jpg","width":200,"height":200,"caption":"Pressenza"},"image":{"@id":"https:\/\/www.pressenza.com\/es\/#\/schema\/logo\/image\/"},"sameAs":["https:\/\/www.facebook.com\/PressenzaItalia","https:\/\/x.com\/PressenzaIPA"]},{"@type":"Person","@id":"https:\/\/www.pressenza.com\/es\/#\/schema\/person\/7c99b7f1e26cb9e5efedc0b26a398fb5","name":"Claudia Aranda","description":"Chilean journalist specializing in Semiotics and Political Analysis. As an international analyst, she focuses on prospective analysis of social processes. Based in Montreal, Quebec, she covers news for Pressenza and explores contemporary philosophical debates within the context of current events. Her work emphasizes human rights, geopolitics, armed conflict, the environment, and technological development. She is a humanist and an activist for social justice causes.","url":"https:\/\/www.pressenza.com\/es\/author\/claudia-aranda\/"}]}},"place":"Montreal, Canad\u00e1","original_article_url":"","_links":{"self":[{"href":"https:\/\/www.pressenza.com\/es\/wp-json\/wp\/v2\/posts\/2621758","targetHints":{"allow":["GET"]}}],"collection":[{"href":"https:\/\/www.pressenza.com\/es\/wp-json\/wp\/v2\/posts"}],"about":[{"href":"https:\/\/www.pressenza.com\/es\/wp-json\/wp\/v2\/types\/post"}],"author":[{"embeddable":true,"href":"https:\/\/www.pressenza.com\/es\/wp-json\/wp\/v2\/users\/1757"}],"replies":[{"embeddable":true,"href":"https:\/\/www.pressenza.com\/es\/wp-json\/wp\/v2\/comments?post=2621758"}],"version-history":[{"count":1,"href":"https:\/\/www.pressenza.com\/es\/wp-json\/wp\/v2\/posts\/2621758\/revisions"}],"predecessor-version":[{"id":2621761,"href":"https:\/\/www.pressenza.com\/es\/wp-json\/wp\/v2\/posts\/2621758\/revisions\/2621761"}],"wp:featuredmedia":[{"embeddable":true,"href":"https:\/\/www.pressenza.com\/es\/wp-json\/wp\/v2\/media\/2621760"}],"wp:attachment":[{"href":"https:\/\/www.pressenza.com\/es\/wp-json\/wp\/v2\/media?parent=2621758"}],"wp:term":[{"taxonomy":"category","embeddable":true,"href":"https:\/\/www.pressenza.com\/es\/wp-json\/wp\/v2\/categories?post=2621758"},{"taxonomy":"post_tag","embeddable":true,"href":"https:\/\/www.pressenza.com\/es\/wp-json\/wp\/v2\/tags?post=2621758"}],"curies":[{"name":"wp","href":"https:\/\/api.w.org\/{rel}","templated":true}]}}