{"id":2621692,"date":"2025-07-24T19:02:24","date_gmt":"2025-07-24T18:02:24","guid":{"rendered":"https:\/\/www.pressenza.com\/?p=2621692"},"modified":"2025-07-24T19:06:26","modified_gmt":"2025-07-24T18:06:26","slug":"la-flotilla-de-la-libertad-sigue-navegando-para-romper-el-bloqueo-israeli-a-gaza","status":"publish","type":"post","link":"https:\/\/www.pressenza.com\/es\/2025\/07\/la-flotilla-de-la-libertad-sigue-navegando-para-romper-el-bloqueo-israeli-a-gaza\/","title":{"rendered":"La Flotilla de la libertad sigue navegando para romper el bloqueo israel\u00ed a Gaza"},"content":{"rendered":"<p style=\"padding-left: 40px;\">19 Tripulantes y 2 Periodistas Navegan a Bordo del Handala<\/p>\n<p>El domingo 20 de julio, diecinueve defensores internacionales de derechos humanos y dos periodistas zarparon en el barco Handala de la Coalici\u00f3n de la Flotilla de la Libertad en una audaz misi\u00f3n para desafiar el bloqueo ilegal e inhumano de Israel al pueblo palestino en Gaza. Esta variada tripulaci\u00f3n de activistas, acad\u00e9micos, trabajadores, artistas, miembros del parlamento, funcionarios electos y periodistas, provienen de 12 pa\u00edses. Llevan los sue\u00f1os de millones de personas en todo el mundo y traen consigo un poderoso mensaje de solidaridad internacional: que romperemos el asedio ilegal de Israel a Gaza. El Handala, ahora en el mar, lleva ayuda humanitaria vital y un mensaje pol\u00edtico directo: el bloqueo debe terminar.<\/p>\n<p><strong>Defensores de derechos humanos a bordo:<\/strong> Christian Smalls (Estados Unidos), fundador del Sindicato de Trabajadores de Amazon; Huwaida Arraf (Palestina\/Estados Unidos), abogada de derechos humanos, miembro del comit\u00e9 directivo de la Coalici\u00f3n de la Flotilla de la Libertad; Emma Fourreau (Francia\/Suecia), miembro del Parlamento Europeo y activista de derechos humanos; Gabrielle Cathala (Francia), parlamentaria y ex trabajadora humanitaria; Dr. Frank Romano (Francia\/Estados Unidos), abogado internacional y actor; Robert Martin (Australia), activista de derechos humanos; Jacob Berger (Estados Unidos), activista jud\u00edo-estadounidense y creador de contenido; Bob Suberi (Estados Unidos), veterano de guerra jud\u00edo estadounidense; Antonio Mazzeo (Italia), profesor, investigador de paz y periodista; Santiago Gonz\u00e1lez Vallejo (Espa\u00f1a), economista y activista de derechos humanos; Sergio Toribio (Espa\u00f1a), ingeniero y activista ambiental; Justine Kempf (Francia), enfermera de M\u00e9dicos del Mundo; Ange Sahuquet (Francia), ingeniera y activista de derechos humanos; Antonio La Picirella (Italia), organizador de justicia social y clim\u00e1tica; Braedon Peluso (Estados Unidos), marinero experimentado y activista de acci\u00f3n directa; Chlo\u00e9 Fiona Ludden (Reino Unido\/Francia), ex miembro del personal de las Naciones Unidas y cient\u00edfica; Hatem Aouini (T\u00fanez), sindicalista y activista internacionalista; Tania \u201cTan\u201d Safi (Australia); periodista y organizadora nacida de refugiados libaneses; Vigdis Bjorvand (Noruega), activista de 70 a\u00f1os con un compromiso inquebrantable con la justicia que abarca casi cinco d\u00e9cadas.<\/p>\n<p><strong>Periodistas a bordo:<\/strong> Mohamed El Bakkali (Marruecos), periodista s\u00e9nior de Al Jazeera, con sede en Par\u00eds; Waad Al Musa (Irak\/Estados Unidos), camar\u00f3grafo y reportero de campo de Al Jazeera.<\/p>\n<p>Estos participantes se unen al Handala con un mensaje claro: la solidaridad no es simb\u00f3lica. Es una acci\u00f3n f\u00edsica, moral y pol\u00edtica contra el apartheid, el genocidio y la ocupaci\u00f3n.<\/p>\n<h3>Sospecha de sabotaje apenas horas antes de la partida<\/h3>\n<p>Apenas horas antes de la botadura, Handala fue objeto de dos incidentes profundamente alarmantes que parecen ser un sabotaje deliberado destinado a obstruir nuestra misi\u00f3n y da\u00f1ar a nuestra tripulaci\u00f3n. En la noche del 19 de julio o la madrugada del 20 de julio, se descubri\u00f3 una cuerda enrollada firmemente alrededor de la h\u00e9lice del barco. Esto no pudo haber ocurrido por uso normal ni por accidente. Era una amenaza directa para la seguridad de nuestra embarcaci\u00f3n y su capacidad de navegar.<\/p>\n<p>A\u00fan m\u00e1s peligroso, en la ma\u00f1ana del 20 de julio, el cami\u00f3n enviado para entregar agua fresca a nuestro barco para lavarnos y cocinar durante el viaje no transportaba agua, sino \u00e1cido sulf\u00farico. Este salpic\u00f3 la pierna de un tripulante , caus\u00e1ndole quemaduras qu\u00edmicas. Otro tripulante que oli\u00f3 la sustancia y abri\u00f3 el contenedor sufri\u00f3 quemaduras en la mano. Disponemos de im\u00e1genes de video de las personas que entregaron esta peligrosa sustancia. Exigimos una investigaci\u00f3n inmediata y la rendici\u00f3n de cuentas por estos actos. A pesar de este presunto sabotaje, nos mantenemos firmes. El intento de perjudicar a nuestro equipo y silenciar esta misi\u00f3n no tendr\u00e1 \u00e9xito.<\/p>\n<div id=\"attachment_2621694\" class=\"wp-caption alignnone\"><img loading=\"lazy\" decoding=\"async\" aria-describedby=\"caption-attachment-2621694\" class=\"wp-image-2621694 size-full\" src=\"https:\/\/www.pressenza.com\/wp-content\/uploads\/2025\/07\/HANDALA-GRAFFITI-BY-YASEMIN-ACAR-10-JULY-TAN-SAFI.jpg\" alt=\"\" width=\"1024\" height=\"576\" srcset=\"https:\/\/www.pressenza.com\/wp-content\/uploads\/2025\/07\/HANDALA-GRAFFITI-BY-YASEMIN-ACAR-10-JULY-TAN-SAFI.jpg 1024w, https:\/\/www.pressenza.com\/wp-content\/uploads\/2025\/07\/HANDALA-GRAFFITI-BY-YASEMIN-ACAR-10-JULY-TAN-SAFI-300x169.jpg 300w, https:\/\/www.pressenza.com\/wp-content\/uploads\/2025\/07\/HANDALA-GRAFFITI-BY-YASEMIN-ACAR-10-JULY-TAN-SAFI-820x461.jpg 820w\" sizes=\"auto, (max-width: 1024px) 100vw, 1024px\" \/><p id=\"caption-attachment-2621694\" class=\"wp-caption-text\">Graffiti en el Handala, por Yasemin Acar. Tan Safi\/freedomflotilla<\/p><\/div>\n<p>Esta misi\u00f3n se lleva a cabo pocas semanas despu\u00e9s del ataque ilegal de Israel contra \u00a0Madleen, otra embarcaci\u00f3n de la Flotilla de la Libertad, secuestrada violentamente en aguas internacionales. Doce civiles desarmados \u2014entre ellos un miembro del Parlamento Europeo, un m\u00e9dico, periodistas y defensores de los derechos humanos\u2014 fueron secuestrados por comandos israel\u00edes y llevados a la fuerza a Israel, donde fueron interrogados, maltratados y deportados. \u00bfSu \u00fanico \u00abdelito\u00bb? Intentar llevar alimentos, medicinas y solidaridad a los palestinos sitiados.<\/p>\n<p>Handala forma parte de la Coalici\u00f3n de la Flotilla de la Libertad, una red internacional de base que ha luchado contra el bloqueo desde 2010. A bordo hay m\u00e9dicos voluntarios, abogados, activistas por la justicia social, periodistas y organizadores comunitarios. No somos gobierno. Somos personas que actuamos donde las instituciones han fallado.<\/p>\n<blockquote><p>\u00abLa Flotilla es un acto colectivo de conciencia\u00bb, declar\u00f3 Huwaida Arraf, abogada de derechos humanos, cofundadora del Movimiento de Solidaridad Internacional y miembro del comit\u00e9 directivo de la Flotilla de la Libertad. Somos personas comunes de todo el mundo que nos unimos para enfrentar los continuos cr\u00edmenes de guerra de Israel y afirmar el derecho de los palestinos en Gaza a vivir con libertad y dignidad.<\/p><\/blockquote>\n<h3>Por los Ni\u00f1os de Gaza<\/h3>\n<p>Bautizado con el nombre de Handala, el personaje de caricatura palestino, un ni\u00f1o refugiado descalzo que le dio la espalda a la injusticia y jur\u00f3 no volver atr\u00e1s hasta que Palestina sea libre, este barco lleva su esp\u00edritu y el de cada ni\u00f1o en Gaza a quien se le ha negado seguridad, dignidad y alegr\u00eda. En 2023 y 2024, Handala naveg\u00f3 a puertos de toda Europa y el Reino Unido, rompiendo el bloqueo medi\u00e1tico y construyendo solidaridad global a trav\u00e9s de eventos p\u00fablicos, instalaciones art\u00edsticas y educaci\u00f3n pol\u00edtica. Los ni\u00f1os de Gaza, que representan m\u00e1s de la mitad de la poblaci\u00f3n, han vivido toda su vida bajo bloqueo. Desde octubre de 2023, m\u00e1s de 50.000 ni\u00f1os han muerto o resultado heridos, decenas de miles han quedado hu\u00e9rfanos y casi un mill\u00f3n han sido desplazados y sin hogar. Ahora, la hambruna, la enfermedad y el trauma amenazan cada aspecto de su supervivencia. Esta misi\u00f3n es para ellos.<\/p>\n<div id=\"attachment_2621695\" class=\"wp-caption alignnone\"><img loading=\"lazy\" decoding=\"async\" aria-describedby=\"caption-attachment-2621695\" class=\"wp-image-2621695 size-full\" src=\"https:\/\/www.pressenza.com\/wp-content\/uploads\/2025\/07\/Handala-10-July-Sign-1.jpg\" alt=\"\" width=\"1024\" height=\"576\" srcset=\"https:\/\/www.pressenza.com\/wp-content\/uploads\/2025\/07\/Handala-10-July-Sign-1.jpg 1024w, https:\/\/www.pressenza.com\/wp-content\/uploads\/2025\/07\/Handala-10-July-Sign-1-300x169.jpg 300w, https:\/\/www.pressenza.com\/wp-content\/uploads\/2025\/07\/Handala-10-July-Sign-1-820x461.jpg 820w\" sizes=\"auto, (max-width: 1024px) 100vw, 1024px\" \/><p id=\"caption-attachment-2621695\" class=\"wp-caption-text\">Foto freedomflotilla<\/p><\/div>\n<h3>No Seremos Silenciados<\/h3>\n<p>Navegamos por los Ni\u00f1os de Gaza, por las familias que sufren asedio, hambre y masacre mientras los gobiernos del mundo participan o no hacen nada. Navegamos para romper el bloqueo ilegal de Israel y brindar ayuda vital, solidaridad y esperanza a un pueblo abandonado por nuestros gobiernos, pero nunca olvidado por nosotros, el pueblo, que cree en la justicia y nunca dejar\u00e1 de luchar por ella. Hacemos un llamamiento a la comunidad internacional, a las organizaciones de derechos humanos y a las personas de conciencia de todo el mundo para que condenen estos actos, exijan rendici\u00f3n de cuentas y garanticen un paso seguro para el Handala, un barco civil que transporta medicamentos, f\u00f3rmula infantil y peluches para los ni\u00f1os de Gaza.<\/p>\n","protected":false},"excerpt":{"rendered":"<p>19 Tripulantes y 2 Periodistas Navegan a Bordo del Handala El domingo 20 de julio, diecinueve defensores internacionales de derechos humanos y dos periodistas zarparon en el barco Handala de la Coalici\u00f3n de la Flotilla de la Libertad en una&hellip;<\/p>\n","protected":false},"author":1254,"featured_media":2621696,"comment_status":"closed","ping_status":"closed","sticky":false,"template":"","format":"standard","meta":{"footnotes":""},"categories":[149,79,71,1242,1243],"tags":[88921,1495,140266,138345],"class_list":["post-2621692","post","type-post","status-publish","format-standard","has-post-thumbnail","hentry","category-comunicados-de-prensa","category-derechos-humanos","category-medio-oriente-es","category-noviolencia-tema","category-paz-desarme","tag-flotilla-de-la-libertad","tag-gaza-es","tag-handala-es","tag-madleen-es"],"yoast_head":"<!-- This site is optimized with the Yoast SEO plugin v27.1.1 - https:\/\/yoast.com\/product\/yoast-seo-wordpress\/ -->\n<title>La Flotilla de la libertad sigue navegando para romper el bloqueo israel\u00ed a Gaza<\/title>\n<meta name=\"description\" content=\"19 Tripulantes y 2 Periodistas Navegan a Bordo del Handala El domingo 20 de julio, diecinueve defensores internacionales de derechos humanos y dos\" \/>\n<meta name=\"robots\" content=\"index, follow, max-snippet:-1, max-image-preview:large, max-video-preview:-1\" \/>\n<link rel=\"canonical\" href=\"https:\/\/www.pressenza.com\/es\/2025\/07\/la-flotilla-de-la-libertad-sigue-navegando-para-romper-el-bloqueo-israeli-a-gaza\/\" \/>\n<meta property=\"og:locale\" content=\"es_ES\" \/>\n<meta property=\"og:type\" content=\"article\" \/>\n<meta property=\"og:title\" content=\"La Flotilla de la libertad sigue navegando para romper el bloqueo israel\u00ed a Gaza\" \/>\n<meta property=\"og:description\" content=\"19 Tripulantes y 2 Periodistas Navegan a Bordo del Handala El domingo 20 de julio, diecinueve defensores internacionales de derechos humanos y dos\" \/>\n<meta property=\"og:url\" content=\"https:\/\/www.pressenza.com\/es\/2025\/07\/la-flotilla-de-la-libertad-sigue-navegando-para-romper-el-bloqueo-israeli-a-gaza\/\" \/>\n<meta property=\"og:site_name\" content=\"Pressenza\" \/>\n<meta property=\"article:publisher\" content=\"https:\/\/www.facebook.com\/PressenzaItalia\" \/>\n<meta property=\"article:author\" content=\"https:\/\/www.facebook.com\/pressenza\" \/>\n<meta property=\"article:published_time\" content=\"2025-07-24T18:02:24+00:00\" \/>\n<meta property=\"article:modified_time\" content=\"2025-07-24T18:06:26+00:00\" \/>\n<meta property=\"og:image\" content=\"https:\/\/www.pressenza.com\/wp-content\/uploads\/2025\/07\/HANDALA-DOCKED-IN-SIRACUSA-JULY-10-TAN-SAFI.jpg\" \/>\n\t<meta property=\"og:image:width\" content=\"1024\" \/>\n\t<meta property=\"og:image:height\" content=\"576\" \/>\n\t<meta property=\"og:image:type\" content=\"image\/jpeg\" \/>\n<meta name=\"author\" content=\"Redacci\u00f3n Mar del Plata\" \/>\n<meta name=\"twitter:card\" content=\"summary_large_image\" \/>\n<meta name=\"twitter:creator\" content=\"@Pressenza\" \/>\n<meta name=\"twitter:site\" content=\"@PressenzaIPA\" \/>\n<meta name=\"twitter:label1\" content=\"Escrito por\" \/>\n\t<meta name=\"twitter:data1\" content=\"Redacci\u00f3n Mar del Plata\" \/>\n\t<meta name=\"twitter:label2\" content=\"Tiempo de lectura\" \/>\n\t<meta name=\"twitter:data2\" content=\"6 minutos\" \/>\n<script type=\"application\/ld+json\" class=\"yoast-schema-graph\">{\"@context\":\"https:\/\/schema.org\",\"@graph\":[{\"@type\":\"Article\",\"@id\":\"https:\/\/www.pressenza.com\/es\/2025\/07\/la-flotilla-de-la-libertad-sigue-navegando-para-romper-el-bloqueo-israeli-a-gaza\/#article\",\"isPartOf\":{\"@id\":\"https:\/\/www.pressenza.com\/es\/2025\/07\/la-flotilla-de-la-libertad-sigue-navegando-para-romper-el-bloqueo-israeli-a-gaza\/\"},\"author\":{\"name\":\"Redacci\u00f3n Mar del Plata\",\"@id\":\"https:\/\/www.pressenza.com\/es\/#\/schema\/person\/738658b5125ecea661a8a0b96dba8b69\"},\"headline\":\"La Flotilla de la libertad sigue navegando para romper el bloqueo israel\u00ed a Gaza\",\"datePublished\":\"2025-07-24T18:02:24+00:00\",\"dateModified\":\"2025-07-24T18:06:26+00:00\",\"mainEntityOfPage\":{\"@id\":\"https:\/\/www.pressenza.com\/es\/2025\/07\/la-flotilla-de-la-libertad-sigue-navegando-para-romper-el-bloqueo-israeli-a-gaza\/\"},\"wordCount\":1178,\"publisher\":{\"@id\":\"https:\/\/www.pressenza.com\/es\/#organization\"},\"image\":{\"@id\":\"https:\/\/www.pressenza.com\/es\/2025\/07\/la-flotilla-de-la-libertad-sigue-navegando-para-romper-el-bloqueo-israeli-a-gaza\/#primaryimage\"},\"thumbnailUrl\":\"https:\/\/www.pressenza.com\/wp-content\/uploads\/2025\/07\/HANDALA-DOCKED-IN-SIRACUSA-JULY-10-TAN-SAFI.jpg\",\"keywords\":[\"Flotilla de la Libertad\",\"Gaza\",\"Handala\",\"Madleen\"],\"articleSection\":[\"Comunicados de Prensa\",\"Derechos Humanos\",\"Medio Oriente\",\"Noviolencia\",\"Paz y Desarme\"],\"inLanguage\":\"es\"},{\"@type\":\"WebPage\",\"@id\":\"https:\/\/www.pressenza.com\/es\/2025\/07\/la-flotilla-de-la-libertad-sigue-navegando-para-romper-el-bloqueo-israeli-a-gaza\/\",\"url\":\"https:\/\/www.pressenza.com\/es\/2025\/07\/la-flotilla-de-la-libertad-sigue-navegando-para-romper-el-bloqueo-israeli-a-gaza\/\",\"name\":\"La Flotilla de la libertad sigue navegando para romper el bloqueo israel\u00ed a Gaza\",\"isPartOf\":{\"@id\":\"https:\/\/www.pressenza.com\/es\/#website\"},\"primaryImageOfPage\":{\"@id\":\"https:\/\/www.pressenza.com\/es\/2025\/07\/la-flotilla-de-la-libertad-sigue-navegando-para-romper-el-bloqueo-israeli-a-gaza\/#primaryimage\"},\"image\":{\"@id\":\"https:\/\/www.pressenza.com\/es\/2025\/07\/la-flotilla-de-la-libertad-sigue-navegando-para-romper-el-bloqueo-israeli-a-gaza\/#primaryimage\"},\"thumbnailUrl\":\"https:\/\/www.pressenza.com\/wp-content\/uploads\/2025\/07\/HANDALA-DOCKED-IN-SIRACUSA-JULY-10-TAN-SAFI.jpg\",\"datePublished\":\"2025-07-24T18:02:24+00:00\",\"dateModified\":\"2025-07-24T18:06:26+00:00\",\"description\":\"19 Tripulantes y 2 Periodistas Navegan a Bordo del Handala El domingo 20 de julio, diecinueve defensores internacionales de derechos humanos y dos\",\"breadcrumb\":{\"@id\":\"https:\/\/www.pressenza.com\/es\/2025\/07\/la-flotilla-de-la-libertad-sigue-navegando-para-romper-el-bloqueo-israeli-a-gaza\/#breadcrumb\"},\"inLanguage\":\"es\",\"potentialAction\":[{\"@type\":\"ReadAction\",\"target\":[\"https:\/\/www.pressenza.com\/es\/2025\/07\/la-flotilla-de-la-libertad-sigue-navegando-para-romper-el-bloqueo-israeli-a-gaza\/\"]}]},{\"@type\":\"ImageObject\",\"inLanguage\":\"es\",\"@id\":\"https:\/\/www.pressenza.com\/es\/2025\/07\/la-flotilla-de-la-libertad-sigue-navegando-para-romper-el-bloqueo-israeli-a-gaza\/#primaryimage\",\"url\":\"https:\/\/www.pressenza.com\/wp-content\/uploads\/2025\/07\/HANDALA-DOCKED-IN-SIRACUSA-JULY-10-TAN-SAFI.jpg\",\"contentUrl\":\"https:\/\/www.pressenza.com\/wp-content\/uploads\/2025\/07\/HANDALA-DOCKED-IN-SIRACUSA-JULY-10-TAN-SAFI.jpg\",\"width\":1024,\"height\":576,\"caption\":\"El Handala anclado en Siracusa, el 10 de julio. Tan Safi, freedomflotilla\"},{\"@type\":\"BreadcrumbList\",\"@id\":\"https:\/\/www.pressenza.com\/es\/2025\/07\/la-flotilla-de-la-libertad-sigue-navegando-para-romper-el-bloqueo-israeli-a-gaza\/#breadcrumb\",\"itemListElement\":[{\"@type\":\"ListItem\",\"position\":1,\"name\":\"Accueil\",\"item\":\"https:\/\/www.pressenza.com\/es\/\"},{\"@type\":\"ListItem\",\"position\":2,\"name\":\"La Flotilla de la libertad sigue navegando para romper el bloqueo israel\u00ed a Gaza\"}]},{\"@type\":\"WebSite\",\"@id\":\"https:\/\/www.pressenza.com\/es\/#website\",\"url\":\"https:\/\/www.pressenza.com\/es\/\",\"name\":\"Pressenza\",\"description\":\"International Press Agency\",\"publisher\":{\"@id\":\"https:\/\/www.pressenza.com\/es\/#organization\"},\"potentialAction\":[{\"@type\":\"SearchAction\",\"target\":{\"@type\":\"EntryPoint\",\"urlTemplate\":\"https:\/\/www.pressenza.com\/es\/?s={search_term_string}\"},\"query-input\":{\"@type\":\"PropertyValueSpecification\",\"valueRequired\":true,\"valueName\":\"search_term_string\"}}],\"inLanguage\":\"es\"},{\"@type\":\"Organization\",\"@id\":\"https:\/\/www.pressenza.com\/es\/#organization\",\"name\":\"Pressenza\",\"url\":\"https:\/\/www.pressenza.com\/es\/\",\"logo\":{\"@type\":\"ImageObject\",\"inLanguage\":\"es\",\"@id\":\"https:\/\/www.pressenza.com\/es\/#\/schema\/logo\/image\/\",\"url\":\"https:\/\/www.pressenza.com\/wp-content\/uploads\/2022\/10\/pressenza_logo_200x200.jpg\",\"contentUrl\":\"https:\/\/www.pressenza.com\/wp-content\/uploads\/2022\/10\/pressenza_logo_200x200.jpg\",\"width\":200,\"height\":200,\"caption\":\"Pressenza\"},\"image\":{\"@id\":\"https:\/\/www.pressenza.com\/es\/#\/schema\/logo\/image\/\"},\"sameAs\":[\"https:\/\/www.facebook.com\/PressenzaItalia\",\"https:\/\/x.com\/PressenzaIPA\"]},{\"@type\":\"Person\",\"@id\":\"https:\/\/www.pressenza.com\/es\/#\/schema\/person\/738658b5125ecea661a8a0b96dba8b69\",\"name\":\"Redacci\u00f3n Mar del Plata\",\"description\":\"News published by the Pressenza bureau in Mar Del Plata, Argentina\",\"sameAs\":[\"https:\/\/www.facebook.com\/pressenza\",\"https:\/\/x.com\/Pressenza\"],\"url\":\"https:\/\/www.pressenza.com\/es\/author\/redaccion-mar-del-plata\/\"}]}<\/script>\n<!-- \/ Yoast SEO plugin. -->","yoast_head_json":{"title":"La Flotilla de la libertad sigue navegando para romper el bloqueo israel\u00ed a Gaza","description":"19 Tripulantes y 2 Periodistas Navegan a Bordo del Handala El domingo 20 de julio, diecinueve defensores internacionales de derechos humanos y dos","robots":{"index":"index","follow":"follow","max-snippet":"max-snippet:-1","max-image-preview":"max-image-preview:large","max-video-preview":"max-video-preview:-1"},"canonical":"https:\/\/www.pressenza.com\/es\/2025\/07\/la-flotilla-de-la-libertad-sigue-navegando-para-romper-el-bloqueo-israeli-a-gaza\/","og_locale":"es_ES","og_type":"article","og_title":"La Flotilla de la libertad sigue navegando para romper el bloqueo israel\u00ed a Gaza","og_description":"19 Tripulantes y 2 Periodistas Navegan a Bordo del Handala El domingo 20 de julio, diecinueve defensores internacionales de derechos humanos y dos","og_url":"https:\/\/www.pressenza.com\/es\/2025\/07\/la-flotilla-de-la-libertad-sigue-navegando-para-romper-el-bloqueo-israeli-a-gaza\/","og_site_name":"Pressenza","article_publisher":"https:\/\/www.facebook.com\/PressenzaItalia","article_author":"https:\/\/www.facebook.com\/pressenza","article_published_time":"2025-07-24T18:02:24+00:00","article_modified_time":"2025-07-24T18:06:26+00:00","og_image":[{"width":1024,"height":576,"url":"https:\/\/www.pressenza.com\/wp-content\/uploads\/2025\/07\/HANDALA-DOCKED-IN-SIRACUSA-JULY-10-TAN-SAFI.jpg","type":"image\/jpeg"}],"author":"Redacci\u00f3n Mar del Plata","twitter_card":"summary_large_image","twitter_creator":"@Pressenza","twitter_site":"@PressenzaIPA","twitter_misc":{"Escrito por":"Redacci\u00f3n Mar del Plata","Tiempo de lectura":"6 minutos"},"schema":{"@context":"https:\/\/schema.org","@graph":[{"@type":"Article","@id":"https:\/\/www.pressenza.com\/es\/2025\/07\/la-flotilla-de-la-libertad-sigue-navegando-para-romper-el-bloqueo-israeli-a-gaza\/#article","isPartOf":{"@id":"https:\/\/www.pressenza.com\/es\/2025\/07\/la-flotilla-de-la-libertad-sigue-navegando-para-romper-el-bloqueo-israeli-a-gaza\/"},"author":{"name":"Redacci\u00f3n Mar del Plata","@id":"https:\/\/www.pressenza.com\/es\/#\/schema\/person\/738658b5125ecea661a8a0b96dba8b69"},"headline":"La Flotilla de la libertad sigue navegando para romper el bloqueo israel\u00ed a Gaza","datePublished":"2025-07-24T18:02:24+00:00","dateModified":"2025-07-24T18:06:26+00:00","mainEntityOfPage":{"@id":"https:\/\/www.pressenza.com\/es\/2025\/07\/la-flotilla-de-la-libertad-sigue-navegando-para-romper-el-bloqueo-israeli-a-gaza\/"},"wordCount":1178,"publisher":{"@id":"https:\/\/www.pressenza.com\/es\/#organization"},"image":{"@id":"https:\/\/www.pressenza.com\/es\/2025\/07\/la-flotilla-de-la-libertad-sigue-navegando-para-romper-el-bloqueo-israeli-a-gaza\/#primaryimage"},"thumbnailUrl":"https:\/\/www.pressenza.com\/wp-content\/uploads\/2025\/07\/HANDALA-DOCKED-IN-SIRACUSA-JULY-10-TAN-SAFI.jpg","keywords":["Flotilla de la Libertad","Gaza","Handala","Madleen"],"articleSection":["Comunicados de Prensa","Derechos Humanos","Medio Oriente","Noviolencia","Paz y Desarme"],"inLanguage":"es"},{"@type":"WebPage","@id":"https:\/\/www.pressenza.com\/es\/2025\/07\/la-flotilla-de-la-libertad-sigue-navegando-para-romper-el-bloqueo-israeli-a-gaza\/","url":"https:\/\/www.pressenza.com\/es\/2025\/07\/la-flotilla-de-la-libertad-sigue-navegando-para-romper-el-bloqueo-israeli-a-gaza\/","name":"La Flotilla de la libertad sigue navegando para romper el bloqueo israel\u00ed a Gaza","isPartOf":{"@id":"https:\/\/www.pressenza.com\/es\/#website"},"primaryImageOfPage":{"@id":"https:\/\/www.pressenza.com\/es\/2025\/07\/la-flotilla-de-la-libertad-sigue-navegando-para-romper-el-bloqueo-israeli-a-gaza\/#primaryimage"},"image":{"@id":"https:\/\/www.pressenza.com\/es\/2025\/07\/la-flotilla-de-la-libertad-sigue-navegando-para-romper-el-bloqueo-israeli-a-gaza\/#primaryimage"},"thumbnailUrl":"https:\/\/www.pressenza.com\/wp-content\/uploads\/2025\/07\/HANDALA-DOCKED-IN-SIRACUSA-JULY-10-TAN-SAFI.jpg","datePublished":"2025-07-24T18:02:24+00:00","dateModified":"2025-07-24T18:06:26+00:00","description":"19 Tripulantes y 2 Periodistas Navegan a Bordo del Handala El domingo 20 de julio, diecinueve defensores internacionales de derechos humanos y dos","breadcrumb":{"@id":"https:\/\/www.pressenza.com\/es\/2025\/07\/la-flotilla-de-la-libertad-sigue-navegando-para-romper-el-bloqueo-israeli-a-gaza\/#breadcrumb"},"inLanguage":"es","potentialAction":[{"@type":"ReadAction","target":["https:\/\/www.pressenza.com\/es\/2025\/07\/la-flotilla-de-la-libertad-sigue-navegando-para-romper-el-bloqueo-israeli-a-gaza\/"]}]},{"@type":"ImageObject","inLanguage":"es","@id":"https:\/\/www.pressenza.com\/es\/2025\/07\/la-flotilla-de-la-libertad-sigue-navegando-para-romper-el-bloqueo-israeli-a-gaza\/#primaryimage","url":"https:\/\/www.pressenza.com\/wp-content\/uploads\/2025\/07\/HANDALA-DOCKED-IN-SIRACUSA-JULY-10-TAN-SAFI.jpg","contentUrl":"https:\/\/www.pressenza.com\/wp-content\/uploads\/2025\/07\/HANDALA-DOCKED-IN-SIRACUSA-JULY-10-TAN-SAFI.jpg","width":1024,"height":576,"caption":"El Handala anclado en Siracusa, el 10 de julio. Tan Safi, freedomflotilla"},{"@type":"BreadcrumbList","@id":"https:\/\/www.pressenza.com\/es\/2025\/07\/la-flotilla-de-la-libertad-sigue-navegando-para-romper-el-bloqueo-israeli-a-gaza\/#breadcrumb","itemListElement":[{"@type":"ListItem","position":1,"name":"Accueil","item":"https:\/\/www.pressenza.com\/es\/"},{"@type":"ListItem","position":2,"name":"La Flotilla de la libertad sigue navegando para romper el bloqueo israel\u00ed a Gaza"}]},{"@type":"WebSite","@id":"https:\/\/www.pressenza.com\/es\/#website","url":"https:\/\/www.pressenza.com\/es\/","name":"Pressenza","description":"International Press Agency","publisher":{"@id":"https:\/\/www.pressenza.com\/es\/#organization"},"potentialAction":[{"@type":"SearchAction","target":{"@type":"EntryPoint","urlTemplate":"https:\/\/www.pressenza.com\/es\/?s={search_term_string}"},"query-input":{"@type":"PropertyValueSpecification","valueRequired":true,"valueName":"search_term_string"}}],"inLanguage":"es"},{"@type":"Organization","@id":"https:\/\/www.pressenza.com\/es\/#organization","name":"Pressenza","url":"https:\/\/www.pressenza.com\/es\/","logo":{"@type":"ImageObject","inLanguage":"es","@id":"https:\/\/www.pressenza.com\/es\/#\/schema\/logo\/image\/","url":"https:\/\/www.pressenza.com\/wp-content\/uploads\/2022\/10\/pressenza_logo_200x200.jpg","contentUrl":"https:\/\/www.pressenza.com\/wp-content\/uploads\/2022\/10\/pressenza_logo_200x200.jpg","width":200,"height":200,"caption":"Pressenza"},"image":{"@id":"https:\/\/www.pressenza.com\/es\/#\/schema\/logo\/image\/"},"sameAs":["https:\/\/www.facebook.com\/PressenzaItalia","https:\/\/x.com\/PressenzaIPA"]},{"@type":"Person","@id":"https:\/\/www.pressenza.com\/es\/#\/schema\/person\/738658b5125ecea661a8a0b96dba8b69","name":"Redacci\u00f3n Mar del Plata","description":"News published by the Pressenza bureau in Mar Del Plata, Argentina","sameAs":["https:\/\/www.facebook.com\/pressenza","https:\/\/x.com\/Pressenza"],"url":"https:\/\/www.pressenza.com\/es\/author\/redaccion-mar-del-plata\/"}]}},"place":"Argentina","original_article_url":"","_links":{"self":[{"href":"https:\/\/www.pressenza.com\/es\/wp-json\/wp\/v2\/posts\/2621692","targetHints":{"allow":["GET"]}}],"collection":[{"href":"https:\/\/www.pressenza.com\/es\/wp-json\/wp\/v2\/posts"}],"about":[{"href":"https:\/\/www.pressenza.com\/es\/wp-json\/wp\/v2\/types\/post"}],"author":[{"embeddable":true,"href":"https:\/\/www.pressenza.com\/es\/wp-json\/wp\/v2\/users\/1254"}],"replies":[{"embeddable":true,"href":"https:\/\/www.pressenza.com\/es\/wp-json\/wp\/v2\/comments?post=2621692"}],"version-history":[{"count":1,"href":"https:\/\/www.pressenza.com\/es\/wp-json\/wp\/v2\/posts\/2621692\/revisions"}],"predecessor-version":[{"id":2621697,"href":"https:\/\/www.pressenza.com\/es\/wp-json\/wp\/v2\/posts\/2621692\/revisions\/2621697"}],"wp:featuredmedia":[{"embeddable":true,"href":"https:\/\/www.pressenza.com\/es\/wp-json\/wp\/v2\/media\/2621696"}],"wp:attachment":[{"href":"https:\/\/www.pressenza.com\/es\/wp-json\/wp\/v2\/media?parent=2621692"}],"wp:term":[{"taxonomy":"category","embeddable":true,"href":"https:\/\/www.pressenza.com\/es\/wp-json\/wp\/v2\/categories?post=2621692"},{"taxonomy":"post_tag","embeddable":true,"href":"https:\/\/www.pressenza.com\/es\/wp-json\/wp\/v2\/tags?post=2621692"}],"curies":[{"name":"wp","href":"https:\/\/api.w.org\/{rel}","templated":true}]}}