{"id":2620955,"date":"2025-07-21T22:17:38","date_gmt":"2025-07-21T21:17:38","guid":{"rendered":"https:\/\/www.pressenza.com\/?p=2620955"},"modified":"2025-07-21T22:17:38","modified_gmt":"2025-07-21T21:17:38","slug":"el-litio-el-poder-y-la-dignidad","status":"publish","type":"post","link":"https:\/\/www.pressenza.com\/es\/2025\/07\/el-litio-el-poder-y-la-dignidad\/","title":{"rendered":"El litio, el poder y la dignidad"},"content":{"rendered":"<blockquote><p>La batalla final ya comenz\u00f3<\/p><\/blockquote>\n<p><strong>El nuevo petr\u00f3leo blanco<\/strong><\/p>\n<p>No hay ning\u00fan recurso m\u00e1s disputado hoy que el litio. No porque sea m\u00e1gico, sino porque es necesario. Sin litio no hay autos el\u00e9ctricos, no hay bater\u00edas, no hay transici\u00f3n energ\u00e9tica, no hay futuro tecnol\u00f3gico. Detr\u00e1s del discurso de sostenibilidad y cambio verde hay otra cosa: una carrera desesperada por controlar el nuevo petr\u00f3leo blanco, una fiebre global donde todos lo quieren, pero pocos lo tienen. Y lo m\u00e1s brutal es que quienes lo tienen, muchas veces no lo controlan.<\/p>\n<p><strong>Siete pa\u00edses, 85% del planeta<\/strong><\/p>\n<p>Siete pa\u00edses concentran el 85% de las reservas de litio del mundo: Bolivia, Argentina, Chile, Australia, China, Canad\u00e1 , \u00c1frica meridional (Zimbabwe, RDC, Namibia) y M\u00e9xico. Pero las paradojas son feroces. Chile lo tiene pero lo entreg\u00f3 a privados. Argentina lo poseepero lo fragmenta entre provincias. Bolivia lo resguarda pero lo subutiliza. \u00c1frica lo sufre. Australia lo exporta en bruto. Canad\u00e1 lo invierte pero no lo transforma. M\u00e9xico lo nacionaliz\u00f3 y no tiene tecnolog\u00eda. Y China, que tiene menos litio en casa, controla todo el mercado mundial. La paradoja no es geol\u00f3gica, es pol\u00edtica.<\/p>\n<p><strong>Chile, el litio evaporado<\/strong><\/p>\n<p>Chile, con casi el 11% de las reservas globales, export\u00f3 en 2023 m\u00e1s de USD 8.600 millones entre SQM y Albemarle. Pero el Estado recibi\u00f3 poco m\u00e1s de USD 2.700 millones. La mayor parte del negocio queda en manos privadas. No hay planta nacional de bater\u00edas, no hay industria propia, no hay plan estatal real. El salar de Atacama es el epicentro del modelo extractivista con etiqueta de modernidad. El litio chileno sigue siendo evaporado como el salitre, vendido como el cobre y saqueado como la historia.<\/p>\n<p><strong>Argentina, provincias ricas, pueblos secos<\/strong><\/p>\n<p>Argentina es el pa\u00eds con m\u00e1s proyectos nuevos aprobados. Tiene el 21% de las reservas globales y a diferencia de Chile, las provincias controlan el recurso. Pero ese control ha sido entregado mediante concesiones a firmas extranjeras como Livent, Ganfeng o Allkem. En 2023 el pa\u00eds export\u00f3 cerca de USD 700 millones, una cifra marginal respecto a su potencial. Las comunidades reclaman agua, informaci\u00f3n y consulta previa. El litio fluye pero el desarrollo no llega.<\/p>\n<p><strong>Bolivia, soberan\u00eda en construcci\u00f3n<\/strong><\/p>\n<p>Con el 21% de las reservas globales, Bolivia es el gigante dormido del litio. Su apuesta por una empresa estatal ha sido valiente pero lenta. Hoy busca alianzas con Rusia, China y Alemania para industrializar su riqueza. En 2023 firm\u00f3 acuerdos por m\u00e1s de USD 1.000 millones para instalar plantas piloto de bater\u00edas e hidr\u00f3xido. Pero todav\u00eda no exporta en gran volumen. Tiene el litio pero no la tecnolog\u00eda. Tiene la soberan\u00eda pero le falta tiempo. \u00bfSer\u00e1 tarde cuando despierte?<\/p>\n<p><strong>Australia, supermercado sin industria<\/strong><\/p>\n<p>Con el 13% de las reservas globales, Australia es el mayor productor del mundo ya que exporta m\u00e1s de 330.000 toneladas LCE al a\u00f1o y genera ingresos por USD 18.600 millones. Pero casi todo ese litio es exportado sin procesar. M\u00e1s del 80% va a China. Greenbushes, Mt Marion, Wodgina, Mt Holland, todos son yacimientos de clase mundial. Pero el pa\u00eds no tiene industria de bater\u00edas, no tiene empresa nacional del litio y no tiene pol\u00edtica soberana. Es un supermercado minero disfrazado de potencia tecnol\u00f3gica.<\/p>\n<p><strong>China, el que no lo tiene pero lo controla<\/strong><\/p>\n<p>China apenas posee el 7% de las reservas globales pero eso no importa. Ha invertido en m\u00e1s de 50 proyectos de litio en el mundo. Controla parte de SQM en Chile, domina yacimientos en Argentina y \u00c1frica y posee empresas en Australia. M\u00e1s del 70% del litio del mundo pasa por plantas chinas antes de convertirse en bater\u00eda. Y m\u00e1s del 80% de las bater\u00edas de autos el\u00e9ctricos son fabricadas en China. No necesita tener litio, necesita dominar su procesamiento. Y ya lo hizo.<\/p>\n<p><strong>\u00c1frica, el saqueo m\u00e1s r\u00e1pido de la historia<\/strong><\/p>\n<p>\u00c1frica tiene el 12% de las reservas globales de litio. Zimbabwe, RDC y Namibia concentran las mayores apuestas. Empresas chinas y fondos canadienses ya operan minas como Arcadia, Bikita o Manono. Pero los beneficios no llegan. Las comunidades viven sin agua potable, sin escuelas, sin caminos. Los contratos no son p\u00fablicos. Las minas funcionan como enclaves coloniales. La historia del colt\u00e1n, el oro y los diamantes se repite, solo que ahora se llama litio. Y se exporta m\u00e1s r\u00e1pido que nunca.<\/p>\n<p><strong>Canad\u00e1, el poder en las sombras<\/strong><\/p>\n<p>Canad\u00e1 no solo tiene litio, tiene fondos. Empresas como Lithium Americas, Sigma Lithium o Neo Lithium tienen participaci\u00f3n en operaciones clave en Argentina, EE.UU., \u00c1frica y Canad\u00e1 mismo. El pa\u00eds posee cerca del 3% de las reservas globales pero controla muchas m\u00e1s a trav\u00e9s de inversiones cruzadas. Tiene poder financiero, no tecnol\u00f3gico. Y act\u00faa como pivote entre China y EE.UU., negociando acceso a materias primas y exportando litio en bruto. Un jugador fr\u00edo, estrat\u00e9gico, sin bandera visible pero con chequera fuerte.<\/p>\n<p><strong>M\u00e9xico, la nacionalizaci\u00f3n que incomoda<\/strong><\/p>\n<p>M\u00e9xico no tiene las mayores reservas pero tiene la decisi\u00f3n. Con casi el 2 % del litio mundial concentrado en Sonora, el pa\u00eds decidi\u00f3 en 2022 declarar al litio como recurso estrat\u00e9gico y crear LitioMX, una empresa estatal con control absoluto sobre su exploraci\u00f3n y explotaci\u00f3n. La medida no gust\u00f3 a Washington ni a los capitales privados pero envi\u00f3 una se\u00f1al clara, el litio no ser\u00e1 un negocio m\u00e1s, ser\u00e1 una pol\u00edtica de Estado.<\/p>\n<p>El yacimiento de Sonora, controlado inicialmente por Bacanora Lithium (con sede en Canad\u00e1) y su socia china Ganfeng Lithium, es uno de los mayores en roca de Am\u00e9rica Latina, con potencial de m\u00e1s de 8 millones de toneladas LCE. Tras la nacionalizaci\u00f3n, los contratos fueron sometidos a revisi\u00f3n, generando tensiones diplom\u00e1ticas y presiones cruzadas desde inversores extranjeros. Pero la decisi\u00f3n soberana cambi\u00f3 el tablero. M\u00e9xico a\u00fan no produce a gran escala pero est\u00e1 sentando las bases para hacerlo sin entregar el control.<\/p>\n<p>La nacionalizaci\u00f3n del litio en M\u00e9xico marc\u00f3 una ruptura en la l\u00f3gica extractivista dominante. Mientras pa\u00edses como Chile delegan el control a empresas privadas o negocian pactos mixtos con actores cuestionados como SQM, M\u00e9xico opt\u00f3 por el camino m\u00e1s dif\u00edcil, enfrentar a las multinacionales, asumir los costos iniciales y construir desde cero una empresa estatal. LitioMX a\u00fan no produce pero su sola existencia representa un modelo alternativo que incomoda a los lobbies mineros.<\/p>\n<p>En este escenario, Canad\u00e1 y China juegan en doble pista. Mientras sus empresas presionan para mantener los contratos, sus gobiernos negocian con cautela. M\u00e9xico, por su parte, resiste. Con errores, con retrasos, pero tambi\u00e9n con dignidad. Porque hay algo que no se mide en toneladas ni en precios de mercado que es el derecho a decidir sobre el subsuelo. Y ese derecho, aunque no cotiza en bolsa, vale m\u00e1s que todo el litio del planeta.<\/p>\n<p><strong>\u00bfCu\u00e1nto litio queda, cu\u00e1nto tiempo queda?<\/strong><\/p>\n<p>Las reservas mundiales probadas dan para 60 a\u00f1os m\u00e1s. Pero eso no es tiempo. Australia podr\u00eda agotar sus minas en 30 a\u00f1os, Chile y Argentina en 40, \u00c1frica en 15 si el ritmo sigue igual. China tendr\u00e1 que seguir comprando afuera. Bolivia tiene litio para 70 a\u00f1os pero todav\u00eda no ha explotado ni el 1%. Canad\u00e1 a\u00fan explora. Pero lo cierto es que si no se nacionaliza el litio ahora, cuando lo intenten, ya no quedar\u00e1 nada por defender.<\/p>\n<p><strong>El espejo roto del litio<\/strong><\/p>\n<p>La historia del litio es la historia del mundo. Los que lo tienen, no lo dominan. Los que lo dominan, no lo tienen. Los que lo procesan, no lo producen. Y los que lo consumen, miran para otro lado. Hay empresas que ganan miles de millones y pueblos que no tienen agua. Hay gobiernos que firman contratos que entregan la soberan\u00eda por d\u00e9cadas. Hay discursos sobre el futuro verde mientras se secan los salares. Y todo eso pasa hoy, ahora. No es ciencia ficci\u00f3n.<\/p>\n<p><strong>Un modelo agotado, una urgencia real<\/strong><\/p>\n<p>\u00bfSe puede cambiar el modelo? S\u00ed. \u00bfCu\u00e1ndo? Ahora. Porque en 5 a\u00f1os ya ser\u00e1 tarde. La nacionalizaci\u00f3n del litio no es una utop\u00eda, es una urgencia. Crear empresas p\u00fablicas, refinar en origen, exigir transferencia tecnol\u00f3gica, asegurar valor agregado. No m\u00e1s concesiones infinitas, no m\u00e1s contratos opacos, no m\u00e1s entregas disfrazadas de inversi\u00f3n. El litio no puede seguir siendo el bot\u00edn de los mismos, tiene que convertirse en la base de un modelo distinto.<\/p>\n<p><strong>El litio es de quien lo tiene, no de quien lo desea<\/strong><\/p>\n<p>Este no es un llamado a la guerra, ni al aislamiento. Es un grito de defensa, de dignidad, de l\u00f3gica hist\u00f3rica. No se puede permitir que un recurso estrat\u00e9gico, limpio y clave para el futuro humano, quede en manos de cinco corporaciones globales. El litio no pertenece a Tesla, no pertenece a Tianqi, no pertenece a los fondos de Toronto. El litio pertenece a los pueblos que lo tienen bajo sus pies y solo ellos deben decidir qu\u00e9 hacer con \u00e9l y c\u00f3mo.<\/p>\n<p><strong>Porque el litio ya no es un mineral<\/strong><\/p>\n<p>No hay tiempo para tibiezas, o se nacionaliza o se evapora. O se defiende o se vende. Esta es la batalla del siglo XXI. Y el litio es la primera l\u00ednea. El que quiera entender el poder, que mire este mapa. El que quiera cambiar la historia, que empiece por este recurso. Porque el litio ya no es un mineral, es un espejo. Y lo que refleja es qui\u00e9n somos\u2026 y qu\u00e9 futuro estamos dispuestos a construir.<\/p>\n","protected":false},"excerpt":{"rendered":"<p>La batalla final ya comenz\u00f3 El nuevo petr\u00f3leo blanco No hay ning\u00fan recurso m\u00e1s disputado hoy que el litio. No porque sea m\u00e1gico, sino porque es necesario. Sin litio no hay autos el\u00e9ctricos, no hay bater\u00edas, no hay transici\u00f3n energ\u00e9tica,&hellip;<\/p>\n","protected":false},"author":2493,"featured_media":2620959,"comment_status":"closed","ping_status":"closed","sticky":false,"template":"","format":"standard","meta":{"footnotes":""},"categories":[11389,81,39,106740],"tags":[18760],"class_list":["post-2620955","post","type-post","status-publish","format-standard","has-post-thumbnail","hentry","category-contenido-original","category-economia-es","category-internacional","category-reportaje","tag-litio"],"yoast_head":"<!-- This site is optimized with the Yoast SEO plugin v27.1.1 - https:\/\/yoast.com\/product\/yoast-seo-wordpress\/ -->\n<title>El litio, el poder y la dignidad<\/title>\n<meta name=\"description\" content=\"La batalla final ya comenz\u00f3 El nuevo petr\u00f3leo blanco No hay ning\u00fan recurso m\u00e1s disputado hoy que el litio. No porque sea m\u00e1gico, sino porque es necesario.\" \/>\n<meta name=\"robots\" content=\"index, follow, max-snippet:-1, max-image-preview:large, max-video-preview:-1\" \/>\n<link rel=\"canonical\" href=\"https:\/\/www.pressenza.com\/es\/2025\/07\/el-litio-el-poder-y-la-dignidad\/\" \/>\n<meta property=\"og:locale\" content=\"es_ES\" \/>\n<meta property=\"og:type\" content=\"article\" \/>\n<meta property=\"og:title\" content=\"El litio, el poder y la dignidad\" \/>\n<meta property=\"og:description\" content=\"La batalla final ya comenz\u00f3 El nuevo petr\u00f3leo blanco No hay ning\u00fan recurso m\u00e1s disputado hoy que el litio. No porque sea m\u00e1gico, sino porque es necesario.\" \/>\n<meta property=\"og:url\" content=\"https:\/\/www.pressenza.com\/es\/2025\/07\/el-litio-el-poder-y-la-dignidad\/\" \/>\n<meta property=\"og:site_name\" content=\"Pressenza\" \/>\n<meta property=\"article:publisher\" content=\"https:\/\/www.facebook.com\/PressenzaItalia\" \/>\n<meta property=\"article:published_time\" content=\"2025-07-21T21:17:38+00:00\" \/>\n<meta property=\"og:image\" content=\"https:\/\/www.pressenza.com\/wp-content\/uploads\/2025\/07\/salar-uyuni-5146852_640.jpg\" \/>\n\t<meta property=\"og:image:width\" content=\"640\" \/>\n\t<meta property=\"og:image:height\" content=\"358\" \/>\n\t<meta property=\"og:image:type\" content=\"image\/jpeg\" \/>\n<meta name=\"author\" content=\"Mauricio Herrera Kahn\" \/>\n<meta name=\"twitter:card\" content=\"summary_large_image\" \/>\n<meta name=\"twitter:creator\" content=\"@PressenzaIPA\" \/>\n<meta name=\"twitter:site\" content=\"@PressenzaIPA\" \/>\n<meta name=\"twitter:label1\" content=\"Escrito por\" \/>\n\t<meta name=\"twitter:data1\" content=\"Mauricio Herrera Kahn\" \/>\n\t<meta name=\"twitter:label2\" content=\"Tiempo de lectura\" \/>\n\t<meta name=\"twitter:data2\" content=\"8 minutos\" \/>\n<script type=\"application\/ld+json\" class=\"yoast-schema-graph\">{\"@context\":\"https:\/\/schema.org\",\"@graph\":[{\"@type\":\"Article\",\"@id\":\"https:\/\/www.pressenza.com\/es\/2025\/07\/el-litio-el-poder-y-la-dignidad\/#article\",\"isPartOf\":{\"@id\":\"https:\/\/www.pressenza.com\/es\/2025\/07\/el-litio-el-poder-y-la-dignidad\/\"},\"author\":{\"name\":\"Mauricio Herrera Kahn\",\"@id\":\"https:\/\/www.pressenza.com\/es\/#\/schema\/person\/1d64caef2c28d4b0cae6de277a77d314\"},\"headline\":\"El litio, el poder y la dignidad\",\"datePublished\":\"2025-07-21T21:17:38+00:00\",\"mainEntityOfPage\":{\"@id\":\"https:\/\/www.pressenza.com\/es\/2025\/07\/el-litio-el-poder-y-la-dignidad\/\"},\"wordCount\":1638,\"publisher\":{\"@id\":\"https:\/\/www.pressenza.com\/es\/#organization\"},\"image\":{\"@id\":\"https:\/\/www.pressenza.com\/es\/2025\/07\/el-litio-el-poder-y-la-dignidad\/#primaryimage\"},\"thumbnailUrl\":\"https:\/\/www.pressenza.com\/wp-content\/uploads\/2025\/07\/salar-uyuni-5146852_640.jpg\",\"keywords\":[\"litio\"],\"articleSection\":[\"Contenido Original\",\"Econom\u00eda\",\"Internacional\",\"Reportaje\"],\"inLanguage\":\"es\"},{\"@type\":\"WebPage\",\"@id\":\"https:\/\/www.pressenza.com\/es\/2025\/07\/el-litio-el-poder-y-la-dignidad\/\",\"url\":\"https:\/\/www.pressenza.com\/es\/2025\/07\/el-litio-el-poder-y-la-dignidad\/\",\"name\":\"El litio, el poder y la dignidad\",\"isPartOf\":{\"@id\":\"https:\/\/www.pressenza.com\/es\/#website\"},\"primaryImageOfPage\":{\"@id\":\"https:\/\/www.pressenza.com\/es\/2025\/07\/el-litio-el-poder-y-la-dignidad\/#primaryimage\"},\"image\":{\"@id\":\"https:\/\/www.pressenza.com\/es\/2025\/07\/el-litio-el-poder-y-la-dignidad\/#primaryimage\"},\"thumbnailUrl\":\"https:\/\/www.pressenza.com\/wp-content\/uploads\/2025\/07\/salar-uyuni-5146852_640.jpg\",\"datePublished\":\"2025-07-21T21:17:38+00:00\",\"description\":\"La batalla final ya comenz\u00f3 El nuevo petr\u00f3leo blanco No hay ning\u00fan recurso m\u00e1s disputado hoy que el litio. No porque sea m\u00e1gico, sino porque es necesario.\",\"breadcrumb\":{\"@id\":\"https:\/\/www.pressenza.com\/es\/2025\/07\/el-litio-el-poder-y-la-dignidad\/#breadcrumb\"},\"inLanguage\":\"es\",\"potentialAction\":[{\"@type\":\"ReadAction\",\"target\":[\"https:\/\/www.pressenza.com\/es\/2025\/07\/el-litio-el-poder-y-la-dignidad\/\"]}]},{\"@type\":\"ImageObject\",\"inLanguage\":\"es\",\"@id\":\"https:\/\/www.pressenza.com\/es\/2025\/07\/el-litio-el-poder-y-la-dignidad\/#primaryimage\",\"url\":\"https:\/\/www.pressenza.com\/wp-content\/uploads\/2025\/07\/salar-uyuni-5146852_640.jpg\",\"contentUrl\":\"https:\/\/www.pressenza.com\/wp-content\/uploads\/2025\/07\/salar-uyuni-5146852_640.jpg\",\"width\":640,\"height\":358},{\"@type\":\"BreadcrumbList\",\"@id\":\"https:\/\/www.pressenza.com\/es\/2025\/07\/el-litio-el-poder-y-la-dignidad\/#breadcrumb\",\"itemListElement\":[{\"@type\":\"ListItem\",\"position\":1,\"name\":\"Accueil\",\"item\":\"https:\/\/www.pressenza.com\/es\/\"},{\"@type\":\"ListItem\",\"position\":2,\"name\":\"El litio, el poder y la dignidad\"}]},{\"@type\":\"WebSite\",\"@id\":\"https:\/\/www.pressenza.com\/es\/#website\",\"url\":\"https:\/\/www.pressenza.com\/es\/\",\"name\":\"Pressenza\",\"description\":\"International Press Agency\",\"publisher\":{\"@id\":\"https:\/\/www.pressenza.com\/es\/#organization\"},\"potentialAction\":[{\"@type\":\"SearchAction\",\"target\":{\"@type\":\"EntryPoint\",\"urlTemplate\":\"https:\/\/www.pressenza.com\/es\/?s={search_term_string}\"},\"query-input\":{\"@type\":\"PropertyValueSpecification\",\"valueRequired\":true,\"valueName\":\"search_term_string\"}}],\"inLanguage\":\"es\"},{\"@type\":\"Organization\",\"@id\":\"https:\/\/www.pressenza.com\/es\/#organization\",\"name\":\"Pressenza\",\"url\":\"https:\/\/www.pressenza.com\/es\/\",\"logo\":{\"@type\":\"ImageObject\",\"inLanguage\":\"es\",\"@id\":\"https:\/\/www.pressenza.com\/es\/#\/schema\/logo\/image\/\",\"url\":\"https:\/\/www.pressenza.com\/wp-content\/uploads\/2022\/10\/pressenza_logo_200x200.jpg\",\"contentUrl\":\"https:\/\/www.pressenza.com\/wp-content\/uploads\/2022\/10\/pressenza_logo_200x200.jpg\",\"width\":200,\"height\":200,\"caption\":\"Pressenza\"},\"image\":{\"@id\":\"https:\/\/www.pressenza.com\/es\/#\/schema\/logo\/image\/\"},\"sameAs\":[\"https:\/\/www.facebook.com\/PressenzaItalia\",\"https:\/\/x.com\/PressenzaIPA\"]},{\"@type\":\"Person\",\"@id\":\"https:\/\/www.pressenza.com\/es\/#\/schema\/person\/1d64caef2c28d4b0cae6de277a77d314\",\"name\":\"Mauricio Herrera Kahn\",\"description\":\"Mauricio Herrera Kahn, Mechanical Engineer graduated from the Technical University of Ecuador (UTE) in 1975, with more than 45 years of experience in the mining engineering and project development sector. He has held positions such as General Manager, Project Manager, and Head of Engineering at national and international companies, where he led studies and project execution under the EPCM (Engineering, Procurement, and Construction Management) model. He is currently General Manager at HyB Ingenieros, developing studies and analyses of new plants and processes with Capex and Opex at the engineering profile level. For several years, he has been writing articles and columns on national and international social, political, and economic analysis.\",\"url\":\"https:\/\/www.pressenza.com\/es\/author\/mauricio-herrera-kahn\/\"}]}<\/script>\n<!-- \/ Yoast SEO plugin. -->","yoast_head_json":{"title":"El litio, el poder y la dignidad","description":"La batalla final ya comenz\u00f3 El nuevo petr\u00f3leo blanco No hay ning\u00fan recurso m\u00e1s disputado hoy que el litio. No porque sea m\u00e1gico, sino porque es necesario.","robots":{"index":"index","follow":"follow","max-snippet":"max-snippet:-1","max-image-preview":"max-image-preview:large","max-video-preview":"max-video-preview:-1"},"canonical":"https:\/\/www.pressenza.com\/es\/2025\/07\/el-litio-el-poder-y-la-dignidad\/","og_locale":"es_ES","og_type":"article","og_title":"El litio, el poder y la dignidad","og_description":"La batalla final ya comenz\u00f3 El nuevo petr\u00f3leo blanco No hay ning\u00fan recurso m\u00e1s disputado hoy que el litio. No porque sea m\u00e1gico, sino porque es necesario.","og_url":"https:\/\/www.pressenza.com\/es\/2025\/07\/el-litio-el-poder-y-la-dignidad\/","og_site_name":"Pressenza","article_publisher":"https:\/\/www.facebook.com\/PressenzaItalia","article_published_time":"2025-07-21T21:17:38+00:00","og_image":[{"width":640,"height":358,"url":"https:\/\/www.pressenza.com\/wp-content\/uploads\/2025\/07\/salar-uyuni-5146852_640.jpg","type":"image\/jpeg"}],"author":"Mauricio Herrera Kahn","twitter_card":"summary_large_image","twitter_creator":"@PressenzaIPA","twitter_site":"@PressenzaIPA","twitter_misc":{"Escrito por":"Mauricio Herrera Kahn","Tiempo de lectura":"8 minutos"},"schema":{"@context":"https:\/\/schema.org","@graph":[{"@type":"Article","@id":"https:\/\/www.pressenza.com\/es\/2025\/07\/el-litio-el-poder-y-la-dignidad\/#article","isPartOf":{"@id":"https:\/\/www.pressenza.com\/es\/2025\/07\/el-litio-el-poder-y-la-dignidad\/"},"author":{"name":"Mauricio Herrera Kahn","@id":"https:\/\/www.pressenza.com\/es\/#\/schema\/person\/1d64caef2c28d4b0cae6de277a77d314"},"headline":"El litio, el poder y la dignidad","datePublished":"2025-07-21T21:17:38+00:00","mainEntityOfPage":{"@id":"https:\/\/www.pressenza.com\/es\/2025\/07\/el-litio-el-poder-y-la-dignidad\/"},"wordCount":1638,"publisher":{"@id":"https:\/\/www.pressenza.com\/es\/#organization"},"image":{"@id":"https:\/\/www.pressenza.com\/es\/2025\/07\/el-litio-el-poder-y-la-dignidad\/#primaryimage"},"thumbnailUrl":"https:\/\/www.pressenza.com\/wp-content\/uploads\/2025\/07\/salar-uyuni-5146852_640.jpg","keywords":["litio"],"articleSection":["Contenido Original","Econom\u00eda","Internacional","Reportaje"],"inLanguage":"es"},{"@type":"WebPage","@id":"https:\/\/www.pressenza.com\/es\/2025\/07\/el-litio-el-poder-y-la-dignidad\/","url":"https:\/\/www.pressenza.com\/es\/2025\/07\/el-litio-el-poder-y-la-dignidad\/","name":"El litio, el poder y la dignidad","isPartOf":{"@id":"https:\/\/www.pressenza.com\/es\/#website"},"primaryImageOfPage":{"@id":"https:\/\/www.pressenza.com\/es\/2025\/07\/el-litio-el-poder-y-la-dignidad\/#primaryimage"},"image":{"@id":"https:\/\/www.pressenza.com\/es\/2025\/07\/el-litio-el-poder-y-la-dignidad\/#primaryimage"},"thumbnailUrl":"https:\/\/www.pressenza.com\/wp-content\/uploads\/2025\/07\/salar-uyuni-5146852_640.jpg","datePublished":"2025-07-21T21:17:38+00:00","description":"La batalla final ya comenz\u00f3 El nuevo petr\u00f3leo blanco No hay ning\u00fan recurso m\u00e1s disputado hoy que el litio. No porque sea m\u00e1gico, sino porque es necesario.","breadcrumb":{"@id":"https:\/\/www.pressenza.com\/es\/2025\/07\/el-litio-el-poder-y-la-dignidad\/#breadcrumb"},"inLanguage":"es","potentialAction":[{"@type":"ReadAction","target":["https:\/\/www.pressenza.com\/es\/2025\/07\/el-litio-el-poder-y-la-dignidad\/"]}]},{"@type":"ImageObject","inLanguage":"es","@id":"https:\/\/www.pressenza.com\/es\/2025\/07\/el-litio-el-poder-y-la-dignidad\/#primaryimage","url":"https:\/\/www.pressenza.com\/wp-content\/uploads\/2025\/07\/salar-uyuni-5146852_640.jpg","contentUrl":"https:\/\/www.pressenza.com\/wp-content\/uploads\/2025\/07\/salar-uyuni-5146852_640.jpg","width":640,"height":358},{"@type":"BreadcrumbList","@id":"https:\/\/www.pressenza.com\/es\/2025\/07\/el-litio-el-poder-y-la-dignidad\/#breadcrumb","itemListElement":[{"@type":"ListItem","position":1,"name":"Accueil","item":"https:\/\/www.pressenza.com\/es\/"},{"@type":"ListItem","position":2,"name":"El litio, el poder y la dignidad"}]},{"@type":"WebSite","@id":"https:\/\/www.pressenza.com\/es\/#website","url":"https:\/\/www.pressenza.com\/es\/","name":"Pressenza","description":"International Press Agency","publisher":{"@id":"https:\/\/www.pressenza.com\/es\/#organization"},"potentialAction":[{"@type":"SearchAction","target":{"@type":"EntryPoint","urlTemplate":"https:\/\/www.pressenza.com\/es\/?s={search_term_string}"},"query-input":{"@type":"PropertyValueSpecification","valueRequired":true,"valueName":"search_term_string"}}],"inLanguage":"es"},{"@type":"Organization","@id":"https:\/\/www.pressenza.com\/es\/#organization","name":"Pressenza","url":"https:\/\/www.pressenza.com\/es\/","logo":{"@type":"ImageObject","inLanguage":"es","@id":"https:\/\/www.pressenza.com\/es\/#\/schema\/logo\/image\/","url":"https:\/\/www.pressenza.com\/wp-content\/uploads\/2022\/10\/pressenza_logo_200x200.jpg","contentUrl":"https:\/\/www.pressenza.com\/wp-content\/uploads\/2022\/10\/pressenza_logo_200x200.jpg","width":200,"height":200,"caption":"Pressenza"},"image":{"@id":"https:\/\/www.pressenza.com\/es\/#\/schema\/logo\/image\/"},"sameAs":["https:\/\/www.facebook.com\/PressenzaItalia","https:\/\/x.com\/PressenzaIPA"]},{"@type":"Person","@id":"https:\/\/www.pressenza.com\/es\/#\/schema\/person\/1d64caef2c28d4b0cae6de277a77d314","name":"Mauricio Herrera Kahn","description":"Mauricio Herrera Kahn, Mechanical Engineer graduated from the Technical University of Ecuador (UTE) in 1975, with more than 45 years of experience in the mining engineering and project development sector. He has held positions such as General Manager, Project Manager, and Head of Engineering at national and international companies, where he led studies and project execution under the EPCM (Engineering, Procurement, and Construction Management) model. He is currently General Manager at HyB Ingenieros, developing studies and analyses of new plants and processes with Capex and Opex at the engineering profile level. For several years, he has been writing articles and columns on national and international social, political, and economic analysis.","url":"https:\/\/www.pressenza.com\/es\/author\/mauricio-herrera-kahn\/"}]}},"place":"Santiago de Chile","original_article_url":"","_links":{"self":[{"href":"https:\/\/www.pressenza.com\/es\/wp-json\/wp\/v2\/posts\/2620955","targetHints":{"allow":["GET"]}}],"collection":[{"href":"https:\/\/www.pressenza.com\/es\/wp-json\/wp\/v2\/posts"}],"about":[{"href":"https:\/\/www.pressenza.com\/es\/wp-json\/wp\/v2\/types\/post"}],"author":[{"embeddable":true,"href":"https:\/\/www.pressenza.com\/es\/wp-json\/wp\/v2\/users\/2493"}],"replies":[{"embeddable":true,"href":"https:\/\/www.pressenza.com\/es\/wp-json\/wp\/v2\/comments?post=2620955"}],"version-history":[{"count":1,"href":"https:\/\/www.pressenza.com\/es\/wp-json\/wp\/v2\/posts\/2620955\/revisions"}],"predecessor-version":[{"id":2620960,"href":"https:\/\/www.pressenza.com\/es\/wp-json\/wp\/v2\/posts\/2620955\/revisions\/2620960"}],"wp:featuredmedia":[{"embeddable":true,"href":"https:\/\/www.pressenza.com\/es\/wp-json\/wp\/v2\/media\/2620959"}],"wp:attachment":[{"href":"https:\/\/www.pressenza.com\/es\/wp-json\/wp\/v2\/media?parent=2620955"}],"wp:term":[{"taxonomy":"category","embeddable":true,"href":"https:\/\/www.pressenza.com\/es\/wp-json\/wp\/v2\/categories?post=2620955"},{"taxonomy":"post_tag","embeddable":true,"href":"https:\/\/www.pressenza.com\/es\/wp-json\/wp\/v2\/tags?post=2620955"}],"curies":[{"name":"wp","href":"https:\/\/api.w.org\/{rel}","templated":true}]}}