{"id":2617989,"date":"2025-07-09T03:11:52","date_gmt":"2025-07-09T02:11:52","guid":{"rendered":"https:\/\/www.pressenza.com\/?p=2617989"},"modified":"2025-07-09T03:11:52","modified_gmt":"2025-07-09T02:11:52","slug":"brics-summit-2025-rio-de-janeiro-nota-conceptual","status":"publish","type":"post","link":"https:\/\/www.pressenza.com\/es\/2025\/07\/brics-summit-2025-rio-de-janeiro-nota-conceptual\/","title":{"rendered":"BRICS 2025: Nota Conceptual de la Presidencia \u00abpro t\u00e9mpore\u00bb de Brasil &#8211; Cumbre de R\u00edo de Janeiro"},"content":{"rendered":"<div id=\"attachment_2617996\" class=\"wp-caption alignnone\"><img loading=\"lazy\" decoding=\"async\" aria-describedby=\"caption-attachment-2617996\" class=\"size-full wp-image-2617996\" src=\"https:\/\/www.pressenza.com\/wp-content\/uploads\/2025\/07\/BRICS-Meeting-Rio-2025.jpg\" alt=\"BRICS - BRASIL 2025\" width=\"800\" height=\"532\" srcset=\"https:\/\/www.pressenza.com\/wp-content\/uploads\/2025\/07\/BRICS-Meeting-Rio-2025.jpg 800w, https:\/\/www.pressenza.com\/wp-content\/uploads\/2025\/07\/BRICS-Meeting-Rio-2025-300x200.jpg 300w\" sizes=\"auto, (max-width: 800px) 100vw, 800px\" \/><p id=\"caption-attachment-2617996\" class=\"wp-caption-text\"><em>Nota conceptual &#8211; Presidencia de Brasil &#8211; BRICS 2025<\/em><\/p><\/div>\n<h3><strong>Lema:<\/strong> \u00ab<em>Fortalecer la Cooperaci\u00f3n del Sur Global para una Gobernanza m\u00e1s Inclusiva y Sostenible\u00bb<\/em><\/h3>\n<p><strong>Contenido<\/strong><\/p>\n<ol>\n<li>Introducci\u00f3n<\/li>\n<li>Prioridades y Objetivos<\/li>\n<li>Pa\u00edses Miembros y Socios<\/li>\n<\/ol>\n<ol>\n<li><strong> Introducci\u00f3n<\/strong><\/li>\n<\/ol>\n<p>En 2025, Brasil asume dos grandes responsabilidades: la presidencia del BRICS y de la COP-30 (Convenci\u00f3n Marco de las Naciones Unidas sobre el Cambio Clim\u00e1tico), en un contexto de tensiones geopol\u00edticas crecientes que desaf\u00edan el fr\u00e1gil orden multilateral internacional. El recurso insensato al unilateralismo y el ascenso del extremismo en varias partes del mundo amenazan la estabilidad global y profundizan las desigualdades que castigan a las poblaciones m\u00e1s vulnerables del planeta.<\/p>\n<p>El presidente Luiz In\u00e1cio Lula da Silva ha destacado el potencial del BRICS como espacio para construir soluciones que el mundo necesita urgentemente. M\u00e1s que nunca, la capacidad colectiva de negociar y superar conflictos mediante la diplomacia es crucial. Nuestro grupo dialoga con todos y est\u00e1 a la vanguardia de quienes defienden la reforma de la gobernanza global.<\/p>\n<p>El BRICS se consolida como una plataforma de cooperaci\u00f3n entre pa\u00edses que representan cerca de la mitad de la poblaci\u00f3n mundial y el 39% del PIB global (PPA), comprometidos con promover un orden mundial multipolar m\u00e1s equitativo, justo, democr\u00e1tico y equilibrado. Durante los \u00faltimos 16 a\u00f1os, nuestra alianza ha generado resultados concretos en sus tres pilares de cooperaci\u00f3n:<\/p>\n<ul>\n<li>Pol\u00edtica y seguridad<\/li>\n<li>Econom\u00eda y finanzas<\/li>\n<li>Intercambio cultural y de la sociedad civil.<\/li>\n<\/ul>\n<p>La presidencia brasile\u00f1a del G20 el a\u00f1o pasado demostr\u00f3 que es posible alcanzar consensos para superar grandes desaf\u00edos globales. Ahora es momento de reafirmar la vocaci\u00f3n del BRICS en la lucha por un mundo multipolar y relaciones menos asim\u00e9tricas entre pa\u00edses.<\/p>\n<p>Esta Nota Conceptual describe las prioridades y objetivos para 2025. Tambi\u00e9n se elaborar\u00e1n notas tem\u00e1ticas detalladas sobre asuntos espec\u00edficos o grupos de trabajo.<\/p>\n<p>Guiada por el lema \u00ab<em>Fortalecer la Cooperaci\u00f3n del Sur Global para una Gobernanza m\u00e1s Inclusiva y Sostenible<\/em>\u00ab, la presidencia brasile\u00f1a del BRICS se centrar\u00e1 en dos prioridades:<br \/>\n<strong>(i) Cooperaci\u00f3n del Sur Global<\/strong><br \/>\n<strong>(ii) Alianzas BRICS para el Desarrollo Social, Econ\u00f3mico y Ambiental<\/strong>.<\/p>\n<p>Dentro de estas prioridades, Brasil propone enfocar la atenci\u00f3n pol\u00edtica en seis \u00e1reas centrales:<\/p>\n<ol start=\"2\">\n<li><strong> Prioridades y Objetivos<\/strong><\/li>\n<\/ol>\n<p><strong>2.1 Cooperaci\u00f3n en Salud Global<\/strong><\/p>\n<p>La cooperaci\u00f3n entre pa\u00edses BRICS puede desempe\u00f1ar un papel crucial en proyectos concretos de desarrollo sostenible, especialmente en salud. La pandemia de COVID-19 y la reciente crisis de la viruela s\u00edmica (Mpox) demostraron que combatir enfermedades infecciosas requiere acciones transnacionales coordinadas. En enfermedades tropicales desatendidas y enfermedades socialmente determinadas (vinculadas a pobreza y desigualdad), la cooperaci\u00f3n del Sur Global es imprescindible para aumentar inversiones en investigaci\u00f3n, medicamentos y vacunas. Seg\u00fan la OMS:<\/p>\n<ul>\n<li>1.000 millones de personas sufren enfermedades tropicales desatendidas.<\/li>\n<li>40% de los casos de tuberculosis ocurren en pa\u00edses BRICS.<\/li>\n<\/ul>\n<p>La presidencia brasile\u00f1a impulsar\u00e1 el tratamiento permanente de estas enfermedades en la agenda internacional de salud, buscando lanzar una\u00a0<strong>Alianza Internacional para la Eliminaci\u00f3n de Enfermedades Socialmente Determinadas y Tropicales Desatendidas<\/strong>. Esta iniciativa se articular\u00e1 con proyectos BRICS existentes:<\/p>\n<ul>\n<li>Fortalecimiento de la Plataforma BRICS para Investigaci\u00f3n y Desarrollo de Vacunas.<\/li>\n<li>Ampliaci\u00f3n de la Red de Investigaci\u00f3n BRICS sobre Tuberculosis.<\/li>\n<li>Mayor cooperaci\u00f3n entre centros de salud p\u00fablica BRICS.<\/li>\n<li>Plataforma de cooperaci\u00f3n en inteligencia artificial para sistemas p\u00fablicos de salud.<\/li>\n<\/ul>\n<p><strong>2.2 Comercio, Inversiones, Finanzas<\/strong><\/p>\n<p>Los pa\u00edses BRICS pueden liderar la mejora del sistema monetario y financiero internacional para garantizar mayor representatividad y atenci\u00f3n a las necesidades de todas las naciones. Comprometidos con establecer una\u00a0<strong>Red de Seguridad Financiera Global<\/strong>\u00a0eficaz, con un FMI reformado (basado en cuotas y recursos adecuados), complementado por acuerdos financieros plurilaterales, regionales y bilaterales.<\/p>\n<p>La presidencia brasile\u00f1a:<\/p>\n<ul>\n<li>Fortalecer\u00e1 la coordinaci\u00f3n para reformar la gobernanza de las instituciones de Bretton Woods.<\/li>\n<li>Aumentar\u00e1 la representaci\u00f3n de pa\u00edses en desarrollo en posiciones de liderazgo.<\/li>\n<li>Mejorar\u00e1 iniciativas como el Nuevo Banco de Desarrollo (NDB) y el Acuerdo de Reservas para Contingencias (CRA).<\/li>\n<\/ul>\n<p>Se enfocar\u00e1 en:<\/p>\n<ul>\n<li>La reci\u00e9n creada\u00a0<strong>Red de Think Tanks sobre Finanzas<\/strong>.<\/li>\n<li>Cooperaci\u00f3n en infraestructura, tributaci\u00f3n y aduanas.<\/li>\n<li>Financiamiento clim\u00e1tico (fondos verticales y reforma de Bancos Multilaterales de Desarrollo).<\/li>\n<\/ul>\n<p>A pesar de su influencia global, el flujo comercial y de inversi\u00f3n intra-BRICS es reducido. Para cumplir el mandato de la Cumbre de Johannesburgo (2023), Brasil:<\/p>\n<ul>\n<li>Continuar\u00e1 desarrollando\u00a0<strong>instrumentos de pago locales<\/strong>\u00a0que faciliten comercio e inversi\u00f3n mediante sistemas accesibles, transparentes, seguros e inclusivos.<\/li>\n<li>Impulsar\u00e1 medidas de facilitaci\u00f3n comercial (cooperaci\u00f3n regulatoria).<\/li>\n<\/ul>\n<p>Profundizar\u00e1 la\u00a0<strong>Alianza BRICS para la Nueva Revoluci\u00f3n Industrial (PartNIR)<\/strong>, que busca:<\/p>\n<ul>\n<li>Diversificaci\u00f3n y actualizaci\u00f3n tecnol\u00f3gica industrial.<\/li>\n<li>Integraci\u00f3n de cadenas productivas.<\/li>\n<li>Desarrollo de ecosistemas soberanos de IA adaptados a realidades e idiomas BRICS.<\/li>\n<\/ul>\n<p>Se promover\u00e1 una actualizaci\u00f3n de la\u00a0<strong>Estrategia de Alianza Econ\u00f3mica BRICS 2030<\/strong>, centrada en:<br \/>\n(i) Comercio, inversiones y finanzas<br \/>\n(ii) Econom\u00eda digital<br \/>\n(iii) Desarrollo sostenible.<\/p>\n<p><strong>2.3 Cambio Clim\u00e1tico<\/strong><\/p>\n<p>La COP de Bel\u00e9m (Brasil) marcar\u00e1 10 a\u00f1os del Acuerdo de Par\u00eds y cerrar\u00e1 un ciclo de cuatro COP en pa\u00edses del Sur Global (tres miembros BRICS). En Bel\u00e9m, los l\u00edderes tendr\u00e1n el imperativo moral de cerrar la brecha entre ambici\u00f3n y financiamiento clim\u00e1tico.<\/p>\n<p>El BRICS tiene potencial para liderar una movilizaci\u00f3n renovada hacia resultados ambiciosos en la COP-30, sin descuidar los Objetivos de Desarrollo Sostenible. Para ello, la presidencia brasile\u00f1a promover\u00e1 una\u00a0<strong>Agenda de Liderazgo Clim\u00e1tico BRICS<\/strong>\u00a0con soluciones para no superar el l\u00edmite de 1.5\u00b0C.<\/p>\n<p>Esta agenda se organizar\u00e1 en cinco l\u00edneas de acci\u00f3n:<\/p>\n<ol>\n<li><strong>Declaraci\u00f3n-Marco de L\u00edderes sobre Financiamiento Clim\u00e1tico<\/strong>.<\/li>\n<li>Soluciones concretas para facilitar la acci\u00f3n clim\u00e1tica.<\/li>\n<li>Cooperaci\u00f3n en tecnolog\u00eda clim\u00e1tica (\u00e9nfasis en propiedad intelectual).<\/li>\n<li>Cooperaci\u00f3n en sinergias clima-comercio.<\/li>\n<li><strong>Principios de alto nivel BRICS para enfoques comunes en contabilidad de carbono<\/strong>.<\/li>\n<\/ol>\n<p><strong>2.4 Gobernanza de la Inteligencia Artificial<\/strong><\/p>\n<p>El futuro exige reg\u00edmenes multilaterales inclusivos que promuevan paz y desarrollo sostenible. La IA debe beneficiar a toda la humanidad, no solo a grandes empresas. El BRICS puede contribuir a una gobernanza internacional de IA centrada en:<\/p>\n<ul>\n<li>Desarrollo sostenible e inclusivo.<\/li>\n<li>Acceso no discriminatorio a transferencia de tecnolog\u00eda.<\/li>\n<li>Respeto a derechos humanos y derecho internacional.<\/li>\n<li>Protecci\u00f3n de datos personales e integridad informativa.<\/li>\n<\/ul>\n<p>Es crucial combatir prejuicios y discriminaci\u00f3n algor\u00edtmica, reflejar diversidad ling\u00fc\u00edstica y cultural, y promover transparencia. La presidencia brasile\u00f1a:<\/p>\n<ul>\n<li>Avanzar\u00e1 en la\u00a0<strong>gobernanza de datos para el desarrollo<\/strong>\u00a0(reducci\u00f3n de desigualdades, oportunidades econ\u00f3micas).<\/li>\n<li>Profundizar\u00e1 el di\u00e1logo intra-BRICS sobre TIC (seg\u00fan mandato de Cumbre de Kaz\u00e1n).<\/li>\n<li>Promover\u00e1 un enfoque humano, inclusivo y sostenible para reducir brechas digitales.<\/li>\n<\/ul>\n<p><strong>2.5 Reforma de la Arquitectura Multilateral de Paz y Seguridad<\/strong><\/p>\n<p>Cerca de su 80\u00b0 aniversario, la ONU enfrenta amenazas emergentes que solo pueden abordarse mediante cooperaci\u00f3n multilateral, pero su estructura permanece obsoleta. Las guerras actuales (Israel-Palestina, Sud\u00e1n, Yemen, Hait\u00ed) desestabilizan el orden internacional con consecuencias devastadoras.<\/p>\n<p>El BRICS debe ser voz para una\u00a0<strong>reforma integral de la ONU<\/strong>, incluido su Consejo de Seguridad, para hacerlo m\u00e1s democr\u00e1tico, representativo y eficaz. La presidencia brasile\u00f1a:<\/p>\n<ul>\n<li>Discutir\u00e1 el seguimiento del \u00ab<em>Llamado a la Acci\u00f3n para la Reforma de la Gobernanza Global<\/em>\u00bb (G20).<\/li>\n<li>Convertir\u00e1 al BRICS en espacio de construcci\u00f3n de confianza para soluciones pac\u00edficas (ej: Entendimientos Comunes con China sobre Ucrania).<\/li>\n<\/ul>\n<p><strong>2.6 Desarrollo Institucional<\/strong><\/p>\n<p>El BRICS ha expandido sus miembros (de 4 a 11) y socios (9), ampliando su agenda y complejidad. Tras la revisi\u00f3n de sus T\u00e9rminos de Referencia (TdR) en 2021 (India), la inclusi\u00f3n de nuevos miembros (2023) y la creaci\u00f3n del estatus de \u00absocio\u00bb (2024), se requiere actualizar su funcionamiento.<\/p>\n<p>Brasil propondr\u00e1 una\u00a0<strong>Fuerza de Tarea sobre Desarrollo Institucional<\/strong>\u00a0para:<br \/>\n(i) Actualizar los TdR del BRICS.<br \/>\n(ii) Implementar sus disposiciones.<br \/>\nEste trabajo mantendr\u00e1 la cohesi\u00f3n, armonizaci\u00f3n y eficiencia del grupo, facilitar\u00e1 la transici\u00f3n de presidencias y mejorar\u00e1 la integraci\u00f3n de nuevos miembros.<\/p>\n<ol start=\"3\">\n<li><strong> Pa\u00edses Miembros y Socios<\/strong><\/li>\n<\/ol>\n<p><strong>Miembros (11):<\/strong><br \/>\nBrasil, Arabia Saudita, Sud\u00e1frica, China, Egipto, Emiratos \u00c1rabes Unidos, Etiop\u00eda, India, Indonesia, Ir\u00e1n, Rusia.<\/p>\n<ul>\n<li><strong>Expansiones:<\/strong>\u00a0Sud\u00e1frica (2011); Arabia Saudita, Egipto, Emiratos \u00c1rabes Unidos, Etiop\u00eda e Ir\u00e1n (2023); Indonesia (2024).<\/li>\n<\/ul>\n<p><strong>Socios (9):<\/strong><br \/>\nBielorrusia, Bolivia, Kazajist\u00e1n, Cuba, Malasia, Nigeria, Tailandia, Uganda, Uzbekist\u00e1n.<br \/>\n<em>(Estatus aprobado en Cumbre de Kaz\u00e1n, 2024)<\/em><\/p>\n<p>&nbsp;<\/p>\n<p><strong>FUENTES:<\/strong><\/p>\n<ul>\n<li><a href=\"https:\/\/brics.br\/en\/documents\/issue-note-brazils-brics-presidency-english.pdf\/@@download\/file\">https:\/\/brics.br\/en\/documents\/issue-note-brazils-brics-presidency-english.pdf\/@@download\/file<\/a> <em>(ingl\u00e9s)<\/em><\/li>\n<li><a href=\"https:\/\/brics.br\/pt-br\/documentos\/issue-note-presidencia-brasileira-do-brics-portugues.pdf\/@@download\/file\" target=\"_blank\" rel=\"noopener\">https:\/\/brics.br\/pt-br\/documentos\/issue-note-presidencia-brasileira-do-brics-portugues.pdf\/@@download\/file<\/a> <em>(portugu\u00e9s)<\/em><\/li>\n<\/ul>\n<p>&nbsp;<\/p>\n<hr \/>\n<p><strong>Nota:<\/strong>\u00a0<em>Esta traducci\u00f3n conserva t\u00e9rminos institucionales (ej: \u00abPartNIR\u00bb, \u00abCRA\u00bb), siglas oficiales (FMI, ODS) y estructuras originales para precisi\u00f3n t\u00e9cnica. Los \u00e9nfasis en\u00a0<strong>negrita<\/strong> corresponden al documento fuente.<\/em><\/p>\n<p><strong>N. de T.<\/strong>: <em>\u00abNota conceptual\u00bb puede no ser correcto espa\u00f1ol para una lista o suma de intenciones o propuestas, es una traducci\u00f3n demasiado literal del ingl\u00e9s. Si fuera una ley ser\u00eda la \u00abdeclaraci\u00f3n de motivos\u00bb, por poner un ejemplo castellano<\/em><\/p>\n","protected":false},"excerpt":{"rendered":"<p>Lema: \u00abFortalecer la Cooperaci\u00f3n del Sur Global para una Gobernanza m\u00e1s Inclusiva y Sostenible\u00bb Contenido Introducci\u00f3n Prioridades y Objetivos Pa\u00edses Miembros y Socios Introducci\u00f3n En 2025, Brasil asume dos grandes responsabilidades: la presidencia del BRICS y de la COP-30 (Convenci\u00f3n&hellip;<\/p>\n","protected":false},"author":1941,"featured_media":0,"comment_status":"closed","ping_status":"closed","sticky":false,"template":"","format":"standard","meta":{"footnotes":""},"categories":[76,81,39],"tags":[139471,139482],"class_list":["post-2617989","post","type-post","status-publish","format-standard","hentry","category-relaciones-exteriores","category-economia-es","category-internacional","tag-cumbre-brics-2025","tag-nota-coneptual"],"yoast_head":"<!-- This site is optimized with the Yoast SEO plugin v27.1.1 - https:\/\/yoast.com\/product\/yoast-seo-wordpress\/ -->\n<title>BRICS 2025: Nota Conceptual de la Presidencia &quot;pro t\u00e9mpore&quot; de Brasil - Cumbre de R\u00edo de Janeiro BRICS 2025 Ri\u00f3 de Janeiro: Nota Conceptual de la Presidencia pro t\u00e9mpore de Brasil<\/title>\n<meta name=\"description\" content=\"Lema: \u00abFortalecer la Cooperaci\u00f3n del Sur Global para una Gobernanza m\u00e1s Inclusiva y Sostenible\u00bb Contenido Introducci\u00f3n Prioridades y Objetivos Pa\u00edses Documento rector de la Presidencia de Brasil en BRICS 2025: Ejes y prioridades para la Cumbre de R\u00edo de Janeiro.\" \/>\n<meta name=\"robots\" content=\"index, follow, max-snippet:-1, max-image-preview:large, max-video-preview:-1\" \/>\n<link rel=\"canonical\" href=\"https:\/\/www.pressenza.com\/es\/2025\/07\/brics-summit-2025-rio-de-janeiro-nota-conceptual\/\" \/>\n<meta property=\"og:locale\" content=\"es_ES\" \/>\n<meta property=\"og:type\" content=\"article\" \/>\n<meta property=\"og:title\" content=\"BRICS 2025: Nota Conceptual de la Presidencia &quot;pro t\u00e9mpore&quot; de Brasil - Cumbre de R\u00edo de Janeiro BRICS 2025 Ri\u00f3 de Janeiro: Nota Conceptual de la Presidencia pro t\u00e9mpore de Brasil\" \/>\n<meta property=\"og:description\" content=\"Lema: \u00abFortalecer la Cooperaci\u00f3n del Sur Global para una Gobernanza m\u00e1s Inclusiva y Sostenible\u00bb Contenido Introducci\u00f3n Prioridades y Objetivos Pa\u00edses Documento rector de la Presidencia de Brasil en BRICS 2025: Ejes y prioridades para la Cumbre de R\u00edo de Janeiro.\" \/>\n<meta property=\"og:url\" content=\"https:\/\/www.pressenza.com\/es\/2025\/07\/brics-summit-2025-rio-de-janeiro-nota-conceptual\/\" \/>\n<meta property=\"og:site_name\" content=\"Pressenza\" \/>\n<meta property=\"article:publisher\" content=\"https:\/\/www.facebook.com\/PressenzaItalia\" \/>\n<meta property=\"article:author\" content=\"@angel.sanzmontes\" \/>\n<meta property=\"article:published_time\" content=\"2025-07-09T02:11:52+00:00\" \/>\n<meta property=\"og:image\" content=\"https:\/\/www.pressenza.com\/wp-content\/uploads\/2025\/07\/BRICS-Meeting-Rio-2025.jpg\" \/>\n<meta name=\"author\" content=\"\u00c1ngel Sanz Montes\" \/>\n<meta name=\"twitter:card\" content=\"summary_large_image\" \/>\n<meta name=\"twitter:creator\" content=\"@PressenzaIPA\" \/>\n<meta name=\"twitter:site\" content=\"@PressenzaIPA\" \/>\n<meta name=\"twitter:label1\" content=\"Escrito por\" \/>\n\t<meta name=\"twitter:data1\" content=\"\u00c1ngel Sanz Montes\" \/>\n\t<meta name=\"twitter:label2\" content=\"Tiempo de lectura\" \/>\n\t<meta name=\"twitter:data2\" content=\"7 minutos\" \/>\n<script type=\"application\/ld+json\" class=\"yoast-schema-graph\">{\"@context\":\"https:\/\/schema.org\",\"@graph\":[{\"@type\":\"Article\",\"@id\":\"https:\/\/www.pressenza.com\/es\/2025\/07\/brics-summit-2025-rio-de-janeiro-nota-conceptual\/#article\",\"isPartOf\":{\"@id\":\"https:\/\/www.pressenza.com\/es\/2025\/07\/brics-summit-2025-rio-de-janeiro-nota-conceptual\/\"},\"author\":{\"name\":\"\u00c1ngel Sanz Montes\",\"@id\":\"https:\/\/www.pressenza.com\/es\/#\/schema\/person\/e3b6e74a6334202f64f147a1622ca383\"},\"headline\":\"BRICS 2025: Nota Conceptual de la Presidencia \u00abpro t\u00e9mpore\u00bb de Brasil &#8211; Cumbre de R\u00edo de Janeiro\",\"datePublished\":\"2025-07-09T02:11:52+00:00\",\"mainEntityOfPage\":{\"@id\":\"https:\/\/www.pressenza.com\/es\/2025\/07\/brics-summit-2025-rio-de-janeiro-nota-conceptual\/\"},\"wordCount\":1522,\"publisher\":{\"@id\":\"https:\/\/www.pressenza.com\/es\/#organization\"},\"image\":{\"@id\":\"https:\/\/www.pressenza.com\/es\/2025\/07\/brics-summit-2025-rio-de-janeiro-nota-conceptual\/#primaryimage\"},\"thumbnailUrl\":\"https:\/\/www.pressenza.com\/wp-content\/uploads\/2025\/07\/BRICS-Meeting-Rio-2025.jpg\",\"keywords\":[\"Cumbre BRICS 2025\",\"Nota Coneptual\"],\"articleSection\":[\"Asuntos internacionales\",\"Econom\u00eda\",\"Internacional\"],\"inLanguage\":\"es\"},{\"@type\":\"WebPage\",\"@id\":\"https:\/\/www.pressenza.com\/es\/2025\/07\/brics-summit-2025-rio-de-janeiro-nota-conceptual\/\",\"url\":\"https:\/\/www.pressenza.com\/es\/2025\/07\/brics-summit-2025-rio-de-janeiro-nota-conceptual\/\",\"name\":\"BRICS 2025: Nota Conceptual de la Presidencia \\\"pro t\u00e9mpore\\\" de Brasil - Cumbre de R\u00edo de Janeiro BRICS 2025 Ri\u00f3 de Janeiro: Nota Conceptual de la Presidencia pro t\u00e9mpore de Brasil\",\"isPartOf\":{\"@id\":\"https:\/\/www.pressenza.com\/es\/#website\"},\"primaryImageOfPage\":{\"@id\":\"https:\/\/www.pressenza.com\/es\/2025\/07\/brics-summit-2025-rio-de-janeiro-nota-conceptual\/#primaryimage\"},\"image\":{\"@id\":\"https:\/\/www.pressenza.com\/es\/2025\/07\/brics-summit-2025-rio-de-janeiro-nota-conceptual\/#primaryimage\"},\"thumbnailUrl\":\"https:\/\/www.pressenza.com\/wp-content\/uploads\/2025\/07\/BRICS-Meeting-Rio-2025.jpg\",\"datePublished\":\"2025-07-09T02:11:52+00:00\",\"description\":\"Lema: \u00abFortalecer la Cooperaci\u00f3n del Sur Global para una Gobernanza m\u00e1s Inclusiva y Sostenible\u00bb Contenido Introducci\u00f3n Prioridades y Objetivos Pa\u00edses Documento rector de la Presidencia de Brasil en BRICS 2025: Ejes y prioridades para la Cumbre de R\u00edo de Janeiro.\",\"breadcrumb\":{\"@id\":\"https:\/\/www.pressenza.com\/es\/2025\/07\/brics-summit-2025-rio-de-janeiro-nota-conceptual\/#breadcrumb\"},\"inLanguage\":\"es\",\"potentialAction\":[{\"@type\":\"ReadAction\",\"target\":[\"https:\/\/www.pressenza.com\/es\/2025\/07\/brics-summit-2025-rio-de-janeiro-nota-conceptual\/\"]}]},{\"@type\":\"ImageObject\",\"inLanguage\":\"es\",\"@id\":\"https:\/\/www.pressenza.com\/es\/2025\/07\/brics-summit-2025-rio-de-janeiro-nota-conceptual\/#primaryimage\",\"url\":\"https:\/\/www.pressenza.com\/wp-content\/uploads\/2025\/07\/BRICS-Meeting-Rio-2025.jpg\",\"contentUrl\":\"https:\/\/www.pressenza.com\/wp-content\/uploads\/2025\/07\/BRICS-Meeting-Rio-2025.jpg\"},{\"@type\":\"BreadcrumbList\",\"@id\":\"https:\/\/www.pressenza.com\/es\/2025\/07\/brics-summit-2025-rio-de-janeiro-nota-conceptual\/#breadcrumb\",\"itemListElement\":[{\"@type\":\"ListItem\",\"position\":1,\"name\":\"Accueil\",\"item\":\"https:\/\/www.pressenza.com\/es\/\"},{\"@type\":\"ListItem\",\"position\":2,\"name\":\"BRICS 2025: Nota Conceptual de la Presidencia \u00abpro t\u00e9mpore\u00bb de Brasil &#8211; Cumbre de R\u00edo de Janeiro\"}]},{\"@type\":\"WebSite\",\"@id\":\"https:\/\/www.pressenza.com\/es\/#website\",\"url\":\"https:\/\/www.pressenza.com\/es\/\",\"name\":\"Pressenza\",\"description\":\"International Press Agency\",\"publisher\":{\"@id\":\"https:\/\/www.pressenza.com\/es\/#organization\"},\"potentialAction\":[{\"@type\":\"SearchAction\",\"target\":{\"@type\":\"EntryPoint\",\"urlTemplate\":\"https:\/\/www.pressenza.com\/es\/?s={search_term_string}\"},\"query-input\":{\"@type\":\"PropertyValueSpecification\",\"valueRequired\":true,\"valueName\":\"search_term_string\"}}],\"inLanguage\":\"es\"},{\"@type\":\"Organization\",\"@id\":\"https:\/\/www.pressenza.com\/es\/#organization\",\"name\":\"Pressenza\",\"url\":\"https:\/\/www.pressenza.com\/es\/\",\"logo\":{\"@type\":\"ImageObject\",\"inLanguage\":\"es\",\"@id\":\"https:\/\/www.pressenza.com\/es\/#\/schema\/logo\/image\/\",\"url\":\"https:\/\/www.pressenza.com\/wp-content\/uploads\/2022\/10\/pressenza_logo_200x200.jpg\",\"contentUrl\":\"https:\/\/www.pressenza.com\/wp-content\/uploads\/2022\/10\/pressenza_logo_200x200.jpg\",\"width\":200,\"height\":200,\"caption\":\"Pressenza\"},\"image\":{\"@id\":\"https:\/\/www.pressenza.com\/es\/#\/schema\/logo\/image\/\"},\"sameAs\":[\"https:\/\/www.facebook.com\/PressenzaItalia\",\"https:\/\/x.com\/PressenzaIPA\"]},{\"@type\":\"Person\",\"@id\":\"https:\/\/www.pressenza.com\/es\/#\/schema\/person\/e3b6e74a6334202f64f147a1622ca383\",\"name\":\"\u00c1ngel Sanz Montes\",\"description\":\"Inform\u00e1tico. Gestor de proyectos. Lector, paseante, escritor a ratos y fot\u00f3grafo ocasional. Residente en Ferrol (Espa\u00f1a).\",\"sameAs\":[\"@angel.sanzmontes\"],\"url\":\"https:\/\/www.pressenza.com\/es\/author\/angel-sanz\/\"}]}<\/script>\n<!-- \/ Yoast SEO plugin. -->","yoast_head_json":{"title":"BRICS 2025: Nota Conceptual de la Presidencia \"pro t\u00e9mpore\" de Brasil - Cumbre de R\u00edo de Janeiro BRICS 2025 Ri\u00f3 de Janeiro: Nota Conceptual de la Presidencia pro t\u00e9mpore de Brasil","description":"Lema: \u00abFortalecer la Cooperaci\u00f3n del Sur Global para una Gobernanza m\u00e1s Inclusiva y Sostenible\u00bb Contenido Introducci\u00f3n Prioridades y Objetivos Pa\u00edses Documento rector de la Presidencia de Brasil en BRICS 2025: Ejes y prioridades para la Cumbre de R\u00edo de Janeiro.","robots":{"index":"index","follow":"follow","max-snippet":"max-snippet:-1","max-image-preview":"max-image-preview:large","max-video-preview":"max-video-preview:-1"},"canonical":"https:\/\/www.pressenza.com\/es\/2025\/07\/brics-summit-2025-rio-de-janeiro-nota-conceptual\/","og_locale":"es_ES","og_type":"article","og_title":"BRICS 2025: Nota Conceptual de la Presidencia \"pro t\u00e9mpore\" de Brasil - Cumbre de R\u00edo de Janeiro BRICS 2025 Ri\u00f3 de Janeiro: Nota Conceptual de la Presidencia pro t\u00e9mpore de Brasil","og_description":"Lema: \u00abFortalecer la Cooperaci\u00f3n del Sur Global para una Gobernanza m\u00e1s Inclusiva y Sostenible\u00bb Contenido Introducci\u00f3n Prioridades y Objetivos Pa\u00edses Documento rector de la Presidencia de Brasil en BRICS 2025: Ejes y prioridades para la Cumbre de R\u00edo de Janeiro.","og_url":"https:\/\/www.pressenza.com\/es\/2025\/07\/brics-summit-2025-rio-de-janeiro-nota-conceptual\/","og_site_name":"Pressenza","article_publisher":"https:\/\/www.facebook.com\/PressenzaItalia","article_author":"@angel.sanzmontes","article_published_time":"2025-07-09T02:11:52+00:00","og_image":[{"url":"https:\/\/www.pressenza.com\/wp-content\/uploads\/2025\/07\/BRICS-Meeting-Rio-2025.jpg","type":"","width":"","height":""}],"author":"\u00c1ngel Sanz Montes","twitter_card":"summary_large_image","twitter_creator":"@PressenzaIPA","twitter_site":"@PressenzaIPA","twitter_misc":{"Escrito por":"\u00c1ngel Sanz Montes","Tiempo de lectura":"7 minutos"},"schema":{"@context":"https:\/\/schema.org","@graph":[{"@type":"Article","@id":"https:\/\/www.pressenza.com\/es\/2025\/07\/brics-summit-2025-rio-de-janeiro-nota-conceptual\/#article","isPartOf":{"@id":"https:\/\/www.pressenza.com\/es\/2025\/07\/brics-summit-2025-rio-de-janeiro-nota-conceptual\/"},"author":{"name":"\u00c1ngel Sanz Montes","@id":"https:\/\/www.pressenza.com\/es\/#\/schema\/person\/e3b6e74a6334202f64f147a1622ca383"},"headline":"BRICS 2025: Nota Conceptual de la Presidencia \u00abpro t\u00e9mpore\u00bb de Brasil &#8211; Cumbre de R\u00edo de Janeiro","datePublished":"2025-07-09T02:11:52+00:00","mainEntityOfPage":{"@id":"https:\/\/www.pressenza.com\/es\/2025\/07\/brics-summit-2025-rio-de-janeiro-nota-conceptual\/"},"wordCount":1522,"publisher":{"@id":"https:\/\/www.pressenza.com\/es\/#organization"},"image":{"@id":"https:\/\/www.pressenza.com\/es\/2025\/07\/brics-summit-2025-rio-de-janeiro-nota-conceptual\/#primaryimage"},"thumbnailUrl":"https:\/\/www.pressenza.com\/wp-content\/uploads\/2025\/07\/BRICS-Meeting-Rio-2025.jpg","keywords":["Cumbre BRICS 2025","Nota Coneptual"],"articleSection":["Asuntos internacionales","Econom\u00eda","Internacional"],"inLanguage":"es"},{"@type":"WebPage","@id":"https:\/\/www.pressenza.com\/es\/2025\/07\/brics-summit-2025-rio-de-janeiro-nota-conceptual\/","url":"https:\/\/www.pressenza.com\/es\/2025\/07\/brics-summit-2025-rio-de-janeiro-nota-conceptual\/","name":"BRICS 2025: Nota Conceptual de la Presidencia \"pro t\u00e9mpore\" de Brasil - Cumbre de R\u00edo de Janeiro BRICS 2025 Ri\u00f3 de Janeiro: Nota Conceptual de la Presidencia pro t\u00e9mpore de Brasil","isPartOf":{"@id":"https:\/\/www.pressenza.com\/es\/#website"},"primaryImageOfPage":{"@id":"https:\/\/www.pressenza.com\/es\/2025\/07\/brics-summit-2025-rio-de-janeiro-nota-conceptual\/#primaryimage"},"image":{"@id":"https:\/\/www.pressenza.com\/es\/2025\/07\/brics-summit-2025-rio-de-janeiro-nota-conceptual\/#primaryimage"},"thumbnailUrl":"https:\/\/www.pressenza.com\/wp-content\/uploads\/2025\/07\/BRICS-Meeting-Rio-2025.jpg","datePublished":"2025-07-09T02:11:52+00:00","description":"Lema: \u00abFortalecer la Cooperaci\u00f3n del Sur Global para una Gobernanza m\u00e1s Inclusiva y Sostenible\u00bb Contenido Introducci\u00f3n Prioridades y Objetivos Pa\u00edses Documento rector de la Presidencia de Brasil en BRICS 2025: Ejes y prioridades para la Cumbre de R\u00edo de Janeiro.","breadcrumb":{"@id":"https:\/\/www.pressenza.com\/es\/2025\/07\/brics-summit-2025-rio-de-janeiro-nota-conceptual\/#breadcrumb"},"inLanguage":"es","potentialAction":[{"@type":"ReadAction","target":["https:\/\/www.pressenza.com\/es\/2025\/07\/brics-summit-2025-rio-de-janeiro-nota-conceptual\/"]}]},{"@type":"ImageObject","inLanguage":"es","@id":"https:\/\/www.pressenza.com\/es\/2025\/07\/brics-summit-2025-rio-de-janeiro-nota-conceptual\/#primaryimage","url":"https:\/\/www.pressenza.com\/wp-content\/uploads\/2025\/07\/BRICS-Meeting-Rio-2025.jpg","contentUrl":"https:\/\/www.pressenza.com\/wp-content\/uploads\/2025\/07\/BRICS-Meeting-Rio-2025.jpg"},{"@type":"BreadcrumbList","@id":"https:\/\/www.pressenza.com\/es\/2025\/07\/brics-summit-2025-rio-de-janeiro-nota-conceptual\/#breadcrumb","itemListElement":[{"@type":"ListItem","position":1,"name":"Accueil","item":"https:\/\/www.pressenza.com\/es\/"},{"@type":"ListItem","position":2,"name":"BRICS 2025: Nota Conceptual de la Presidencia \u00abpro t\u00e9mpore\u00bb de Brasil &#8211; Cumbre de R\u00edo de Janeiro"}]},{"@type":"WebSite","@id":"https:\/\/www.pressenza.com\/es\/#website","url":"https:\/\/www.pressenza.com\/es\/","name":"Pressenza","description":"International Press Agency","publisher":{"@id":"https:\/\/www.pressenza.com\/es\/#organization"},"potentialAction":[{"@type":"SearchAction","target":{"@type":"EntryPoint","urlTemplate":"https:\/\/www.pressenza.com\/es\/?s={search_term_string}"},"query-input":{"@type":"PropertyValueSpecification","valueRequired":true,"valueName":"search_term_string"}}],"inLanguage":"es"},{"@type":"Organization","@id":"https:\/\/www.pressenza.com\/es\/#organization","name":"Pressenza","url":"https:\/\/www.pressenza.com\/es\/","logo":{"@type":"ImageObject","inLanguage":"es","@id":"https:\/\/www.pressenza.com\/es\/#\/schema\/logo\/image\/","url":"https:\/\/www.pressenza.com\/wp-content\/uploads\/2022\/10\/pressenza_logo_200x200.jpg","contentUrl":"https:\/\/www.pressenza.com\/wp-content\/uploads\/2022\/10\/pressenza_logo_200x200.jpg","width":200,"height":200,"caption":"Pressenza"},"image":{"@id":"https:\/\/www.pressenza.com\/es\/#\/schema\/logo\/image\/"},"sameAs":["https:\/\/www.facebook.com\/PressenzaItalia","https:\/\/x.com\/PressenzaIPA"]},{"@type":"Person","@id":"https:\/\/www.pressenza.com\/es\/#\/schema\/person\/e3b6e74a6334202f64f147a1622ca383","name":"\u00c1ngel Sanz Montes","description":"Inform\u00e1tico. Gestor de proyectos. Lector, paseante, escritor a ratos y fot\u00f3grafo ocasional. Residente en Ferrol (Espa\u00f1a).","sameAs":["@angel.sanzmontes"],"url":"https:\/\/www.pressenza.com\/es\/author\/angel-sanz\/"}]}},"place":"https:\/\/www.gov.br\/brics2025","original_article_url":"https:\/\/brics.br\/en\/documents\/issue-note-brazils-brics-presidency-english.pdf\/@@download\/file","_links":{"self":[{"href":"https:\/\/www.pressenza.com\/es\/wp-json\/wp\/v2\/posts\/2617989","targetHints":{"allow":["GET"]}}],"collection":[{"href":"https:\/\/www.pressenza.com\/es\/wp-json\/wp\/v2\/posts"}],"about":[{"href":"https:\/\/www.pressenza.com\/es\/wp-json\/wp\/v2\/types\/post"}],"author":[{"embeddable":true,"href":"https:\/\/www.pressenza.com\/es\/wp-json\/wp\/v2\/users\/1941"}],"replies":[{"embeddable":true,"href":"https:\/\/www.pressenza.com\/es\/wp-json\/wp\/v2\/comments?post=2617989"}],"version-history":[{"count":3,"href":"https:\/\/www.pressenza.com\/es\/wp-json\/wp\/v2\/posts\/2617989\/revisions"}],"predecessor-version":[{"id":2617999,"href":"https:\/\/www.pressenza.com\/es\/wp-json\/wp\/v2\/posts\/2617989\/revisions\/2617999"}],"wp:attachment":[{"href":"https:\/\/www.pressenza.com\/es\/wp-json\/wp\/v2\/media?parent=2617989"}],"wp:term":[{"taxonomy":"category","embeddable":true,"href":"https:\/\/www.pressenza.com\/es\/wp-json\/wp\/v2\/categories?post=2617989"},{"taxonomy":"post_tag","embeddable":true,"href":"https:\/\/www.pressenza.com\/es\/wp-json\/wp\/v2\/tags?post=2617989"}],"curies":[{"name":"wp","href":"https:\/\/api.w.org\/{rel}","templated":true}]}}