{"id":2617106,"date":"2025-07-06T12:21:06","date_gmt":"2025-07-06T11:21:06","guid":{"rendered":"https:\/\/www.pressenza.com\/?p=2617106"},"modified":"2025-07-06T12:31:44","modified_gmt":"2025-07-06T11:31:44","slug":"este-8-de-julio-caminata-y-velaton-a-8-meses-de-la-desaparicion-de-julia-chunil","status":"publish","type":"post","link":"https:\/\/www.pressenza.com\/es\/2025\/07\/este-8-de-julio-caminata-y-velaton-a-8-meses-de-la-desaparicion-de-julia-chunil\/","title":{"rendered":"Chile. Este 8 de julio, Caminata y Velat\u00f3n a 8 meses de la desaparici\u00f3n de Julia Chu\u00f1il"},"content":{"rendered":"<p>A 8 MESES de la DESAPARICI\u00d3N de JULIA CHU\u00d1IL<\/p>\n<p>\ud83d\udce3Este 8 de julio ya son 8 meses sin la Papay cuyo hogar era el bosque. Desde D\u00eda a D\u00eda por Julia Chu\u00f1il convocamos en Santiago a dos caminatas paralelas, hacia la Velat\u00f3n que haremos en La Moneda a las 20 horas. All\u00ed todos \ud83d\udd6f\ud83d\udd6f\ud83d\udd6filuminaremos nuestra exigencia a un gobierno y tribunales sordos a esta demanda por Verdad y Justicia, y fieles a la protecci\u00f3n del empresariado.<\/p>\n<p>Desde Megavisi\u00f3n, (Vicu\u00f1a Mackenna 1370), parte una caminata a las 18.30 horas, simbolizando la mentira, violencia, censura y montaje de los medios de comunicaci\u00f3n hegem\u00f3nicos.<\/p>\n<p>Y desde Conadi (Catedral 1575) camina otro grupo, tambi\u00e9n a las 18.30 horas, para visibilizar el rol del Estado como actor c\u00f3mplice de la desaparici\u00f3n forzosa de una dirigente mapuche que debiera proteger. Luego seguiremos a la \u2696Fiscal\u00eda (Catedral 1437) a las 19 horas , para expresar nuestro rechazo al Fiscal Nacional y la justicia que mantiene a la fiscal de Los R\u00edos, Tatiana Esquivel, al frente de la investigaci\u00f3n pese a su rol en el montaje contra la familia.<\/p>\n<p>Trae tus \ud83e\udd41instrumentos, \ud83e\udea7pancartas, lienzos y tambi\u00e9n tu indignaci\u00f3n porque a\u00fan no sabemos #DondeEstaJuliaChu\u00f1il.<\/p>\n<p>A los territorios y personas que no puedan desplazarse al centro, o son de regiones o fuera de Chile, les convocamos a cacerolear y realizar actos seg\u00fan su propia creatividad, y enviar sus registros (fotos, afiches y videos) al correo del D\u00eda a D\u00eda: xjuliachunil@gmail.com para integrarlos a esta conmemoraci\u00f3n.<\/p>\n<p>#Verdad y Justicia<br \/>\n#Donde Est\u00e1\u00a0Julia\u00a0Chu\u00f1il<\/p>\n","protected":false},"excerpt":{"rendered":"<p>A 8 MESES de la DESAPARICI\u00d3N de JULIA CHU\u00d1IL \ud83d\udce3Este 8 de julio ya son 8 meses sin la Papay cuyo hogar era el bosque. Desde D\u00eda a D\u00eda por Julia Chu\u00f1il convocamos en Santiago a dos caminatas paralelas, hacia&hellip;<\/p>\n","protected":false},"author":43,"featured_media":2617107,"comment_status":"closed","ping_status":"closed","sticky":false,"template":"","format":"standard","meta":{"footnotes":""},"categories":[11389,79,54515,80,67],"tags":[139338,139336,139337,139335,22210],"class_list":["post-2617106","post","type-post","status-publish","format-standard","has-post-thumbnail","hentry","category-contenido-original","category-derechos-humanos","category-genero-y-feminismos","category-pueblos-originarios","category-sudamerica","tag-activismo-ciudadano-por-julia-chunil","tag-caminata-y-velaton-a-8-meses-sin-julia-chunil","tag-denuncia-del-silencio-mediatico-y-oficial-en-el-caso-de-julia-chunil","tag-dia-a-dia-sin-julia-chunil","tag-pueblos-originarios"],"yoast_head":"<!-- This site is optimized with the Yoast SEO plugin v27.1.1 - https:\/\/yoast.com\/product\/yoast-seo-wordpress\/ -->\n<title>Chile. Este 8 de julio, Caminata y Velat\u00f3n a 8 meses de la desaparici\u00f3n de Julia Chu\u00f1il<\/title>\n<meta name=\"description\" content=\"A 8 MESES de la DESAPARICI\u00d3N de JULIA CHU\u00d1IL \ud83d\udce3Este 8 de julio ya son 8 meses sin la Papay cuyo hogar era el bosque. Desde D\u00eda a D\u00eda por Julia Chu\u00f1il\" \/>\n<meta name=\"robots\" content=\"index, follow, max-snippet:-1, max-image-preview:large, max-video-preview:-1\" \/>\n<link rel=\"canonical\" href=\"https:\/\/www.pressenza.com\/es\/2025\/07\/este-8-de-julio-caminata-y-velaton-a-8-meses-de-la-desaparicion-de-julia-chunil\/\" \/>\n<meta property=\"og:locale\" content=\"es_ES\" \/>\n<meta property=\"og:type\" content=\"article\" \/>\n<meta property=\"og:title\" content=\"Chile. Este 8 de julio, Caminata y Velat\u00f3n a 8 meses de la desaparici\u00f3n de Julia Chu\u00f1il\" \/>\n<meta property=\"og:description\" content=\"A 8 MESES de la DESAPARICI\u00d3N de JULIA CHU\u00d1IL \ud83d\udce3Este 8 de julio ya son 8 meses sin la Papay cuyo hogar era el bosque. Desde D\u00eda a D\u00eda por Julia Chu\u00f1il\" \/>\n<meta property=\"og:url\" content=\"https:\/\/www.pressenza.com\/es\/2025\/07\/este-8-de-julio-caminata-y-velaton-a-8-meses-de-la-desaparicion-de-julia-chunil\/\" \/>\n<meta property=\"og:site_name\" content=\"Pressenza\" \/>\n<meta property=\"article:publisher\" content=\"https:\/\/www.facebook.com\/PressenzaItalia\" \/>\n<meta property=\"article:author\" content=\"https:\/\/www.facebook.com\/pressenza\" \/>\n<meta property=\"article:published_time\" content=\"2025-07-06T11:21:06+00:00\" \/>\n<meta property=\"article:modified_time\" content=\"2025-07-06T11:31:44+00:00\" \/>\n<meta property=\"og:image\" content=\"https:\/\/www.pressenza.com\/wp-content\/uploads\/2025\/07\/Caminata-por-Julia-Chunil_julio-2025-1.jpg\" \/>\n\t<meta property=\"og:image:width\" content=\"1080\" \/>\n\t<meta property=\"og:image:height\" content=\"1350\" \/>\n\t<meta property=\"og:image:type\" content=\"image\/jpeg\" \/>\n<meta name=\"author\" content=\"Redacci\u00f3n Chile\" \/>\n<meta name=\"twitter:card\" content=\"summary_large_image\" \/>\n<meta name=\"twitter:creator\" content=\"@pressenza\" \/>\n<meta name=\"twitter:site\" content=\"@PressenzaIPA\" \/>\n<meta name=\"twitter:label1\" content=\"Escrito por\" \/>\n\t<meta name=\"twitter:data1\" content=\"Redacci\u00f3n Chile\" \/>\n\t<meta name=\"twitter:label2\" content=\"Tiempo de lectura\" \/>\n\t<meta name=\"twitter:data2\" content=\"2 minutos\" \/>\n<script type=\"application\/ld+json\" class=\"yoast-schema-graph\">{\"@context\":\"https:\/\/schema.org\",\"@graph\":[{\"@type\":\"Article\",\"@id\":\"https:\/\/www.pressenza.com\/es\/2025\/07\/este-8-de-julio-caminata-y-velaton-a-8-meses-de-la-desaparicion-de-julia-chunil\/#article\",\"isPartOf\":{\"@id\":\"https:\/\/www.pressenza.com\/es\/2025\/07\/este-8-de-julio-caminata-y-velaton-a-8-meses-de-la-desaparicion-de-julia-chunil\/\"},\"author\":{\"name\":\"Redacci\u00f3n Chile\",\"@id\":\"https:\/\/www.pressenza.com\/es\/#\/schema\/person\/d7db40df35d6698ba69ba9ee260944ed\"},\"headline\":\"Chile. Este 8 de julio, Caminata y Velat\u00f3n a 8 meses de la desaparici\u00f3n de Julia Chu\u00f1il\",\"datePublished\":\"2025-07-06T11:21:06+00:00\",\"dateModified\":\"2025-07-06T11:31:44+00:00\",\"mainEntityOfPage\":{\"@id\":\"https:\/\/www.pressenza.com\/es\/2025\/07\/este-8-de-julio-caminata-y-velaton-a-8-meses-de-la-desaparicion-de-julia-chunil\/\"},\"wordCount\":287,\"publisher\":{\"@id\":\"https:\/\/www.pressenza.com\/es\/#organization\"},\"image\":{\"@id\":\"https:\/\/www.pressenza.com\/es\/2025\/07\/este-8-de-julio-caminata-y-velaton-a-8-meses-de-la-desaparicion-de-julia-chunil\/#primaryimage\"},\"thumbnailUrl\":\"https:\/\/www.pressenza.com\/wp-content\/uploads\/2025\/07\/Caminata-por-Julia-Chunil_julio-2025-1.jpg\",\"keywords\":[\"activismo ciudadano por Julia Chu\u00f1il\",\"Caminata y velat\u00f3n a 8 meses sin Julia Chu\u00f1il\",\"denuncia del silencio medi\u00e1tico y oficial en el caso de Julia Chu\u00f1il\",\"D\u00eda a d\u00eda sin Julia Chu\u00f1il\",\"Pueblos Originarios\"],\"articleSection\":[\"Contenido Original\",\"Derechos Humanos\",\"G\u00e9nero y Feminismos\",\"Pueblos Originarios\",\"Sudam\u00e9rica\"],\"inLanguage\":\"es\"},{\"@type\":\"WebPage\",\"@id\":\"https:\/\/www.pressenza.com\/es\/2025\/07\/este-8-de-julio-caminata-y-velaton-a-8-meses-de-la-desaparicion-de-julia-chunil\/\",\"url\":\"https:\/\/www.pressenza.com\/es\/2025\/07\/este-8-de-julio-caminata-y-velaton-a-8-meses-de-la-desaparicion-de-julia-chunil\/\",\"name\":\"Chile. Este 8 de julio, Caminata y Velat\u00f3n a 8 meses de la desaparici\u00f3n de Julia Chu\u00f1il\",\"isPartOf\":{\"@id\":\"https:\/\/www.pressenza.com\/es\/#website\"},\"primaryImageOfPage\":{\"@id\":\"https:\/\/www.pressenza.com\/es\/2025\/07\/este-8-de-julio-caminata-y-velaton-a-8-meses-de-la-desaparicion-de-julia-chunil\/#primaryimage\"},\"image\":{\"@id\":\"https:\/\/www.pressenza.com\/es\/2025\/07\/este-8-de-julio-caminata-y-velaton-a-8-meses-de-la-desaparicion-de-julia-chunil\/#primaryimage\"},\"thumbnailUrl\":\"https:\/\/www.pressenza.com\/wp-content\/uploads\/2025\/07\/Caminata-por-Julia-Chunil_julio-2025-1.jpg\",\"datePublished\":\"2025-07-06T11:21:06+00:00\",\"dateModified\":\"2025-07-06T11:31:44+00:00\",\"description\":\"A 8 MESES de la DESAPARICI\u00d3N de JULIA CHU\u00d1IL \ud83d\udce3Este 8 de julio ya son 8 meses sin la Papay cuyo hogar era el bosque. Desde D\u00eda a D\u00eda por Julia Chu\u00f1il\",\"breadcrumb\":{\"@id\":\"https:\/\/www.pressenza.com\/es\/2025\/07\/este-8-de-julio-caminata-y-velaton-a-8-meses-de-la-desaparicion-de-julia-chunil\/#breadcrumb\"},\"inLanguage\":\"es\",\"potentialAction\":[{\"@type\":\"ReadAction\",\"target\":[\"https:\/\/www.pressenza.com\/es\/2025\/07\/este-8-de-julio-caminata-y-velaton-a-8-meses-de-la-desaparicion-de-julia-chunil\/\"]}]},{\"@type\":\"ImageObject\",\"inLanguage\":\"es\",\"@id\":\"https:\/\/www.pressenza.com\/es\/2025\/07\/este-8-de-julio-caminata-y-velaton-a-8-meses-de-la-desaparicion-de-julia-chunil\/#primaryimage\",\"url\":\"https:\/\/www.pressenza.com\/wp-content\/uploads\/2025\/07\/Caminata-por-Julia-Chunil_julio-2025-1.jpg\",\"contentUrl\":\"https:\/\/www.pressenza.com\/wp-content\/uploads\/2025\/07\/Caminata-por-Julia-Chunil_julio-2025-1.jpg\",\"width\":1080,\"height\":1350},{\"@type\":\"BreadcrumbList\",\"@id\":\"https:\/\/www.pressenza.com\/es\/2025\/07\/este-8-de-julio-caminata-y-velaton-a-8-meses-de-la-desaparicion-de-julia-chunil\/#breadcrumb\",\"itemListElement\":[{\"@type\":\"ListItem\",\"position\":1,\"name\":\"Accueil\",\"item\":\"https:\/\/www.pressenza.com\/es\/\"},{\"@type\":\"ListItem\",\"position\":2,\"name\":\"Chile. Este 8 de julio, Caminata y Velat\u00f3n a 8 meses de la desaparici\u00f3n de Julia Chu\u00f1il\"}]},{\"@type\":\"WebSite\",\"@id\":\"https:\/\/www.pressenza.com\/es\/#website\",\"url\":\"https:\/\/www.pressenza.com\/es\/\",\"name\":\"Pressenza\",\"description\":\"International Press Agency\",\"publisher\":{\"@id\":\"https:\/\/www.pressenza.com\/es\/#organization\"},\"potentialAction\":[{\"@type\":\"SearchAction\",\"target\":{\"@type\":\"EntryPoint\",\"urlTemplate\":\"https:\/\/www.pressenza.com\/es\/?s={search_term_string}\"},\"query-input\":{\"@type\":\"PropertyValueSpecification\",\"valueRequired\":true,\"valueName\":\"search_term_string\"}}],\"inLanguage\":\"es\"},{\"@type\":\"Organization\",\"@id\":\"https:\/\/www.pressenza.com\/es\/#organization\",\"name\":\"Pressenza\",\"url\":\"https:\/\/www.pressenza.com\/es\/\",\"logo\":{\"@type\":\"ImageObject\",\"inLanguage\":\"es\",\"@id\":\"https:\/\/www.pressenza.com\/es\/#\/schema\/logo\/image\/\",\"url\":\"https:\/\/www.pressenza.com\/wp-content\/uploads\/2022\/10\/pressenza_logo_200x200.jpg\",\"contentUrl\":\"https:\/\/www.pressenza.com\/wp-content\/uploads\/2022\/10\/pressenza_logo_200x200.jpg\",\"width\":200,\"height\":200,\"caption\":\"Pressenza\"},\"image\":{\"@id\":\"https:\/\/www.pressenza.com\/es\/#\/schema\/logo\/image\/\"},\"sameAs\":[\"https:\/\/www.facebook.com\/PressenzaItalia\",\"https:\/\/x.com\/PressenzaIPA\"]},{\"@type\":\"Person\",\"@id\":\"https:\/\/www.pressenza.com\/es\/#\/schema\/person\/d7db40df35d6698ba69ba9ee260944ed\",\"name\":\"Redacci\u00f3n Chile\",\"description\":\"News from the Pressenza Bureau in Chile\",\"sameAs\":[\"https:\/\/www.facebook.com\/pressenza\",\"https:\/\/x.com\/pressenza\"],\"url\":\"https:\/\/www.pressenza.com\/es\/author\/redaccion-chile\/\"}]}<\/script>\n<!-- \/ Yoast SEO plugin. -->","yoast_head_json":{"title":"Chile. Este 8 de julio, Caminata y Velat\u00f3n a 8 meses de la desaparici\u00f3n de Julia Chu\u00f1il","description":"A 8 MESES de la DESAPARICI\u00d3N de JULIA CHU\u00d1IL \ud83d\udce3Este 8 de julio ya son 8 meses sin la Papay cuyo hogar era el bosque. Desde D\u00eda a D\u00eda por Julia Chu\u00f1il","robots":{"index":"index","follow":"follow","max-snippet":"max-snippet:-1","max-image-preview":"max-image-preview:large","max-video-preview":"max-video-preview:-1"},"canonical":"https:\/\/www.pressenza.com\/es\/2025\/07\/este-8-de-julio-caminata-y-velaton-a-8-meses-de-la-desaparicion-de-julia-chunil\/","og_locale":"es_ES","og_type":"article","og_title":"Chile. Este 8 de julio, Caminata y Velat\u00f3n a 8 meses de la desaparici\u00f3n de Julia Chu\u00f1il","og_description":"A 8 MESES de la DESAPARICI\u00d3N de JULIA CHU\u00d1IL \ud83d\udce3Este 8 de julio ya son 8 meses sin la Papay cuyo hogar era el bosque. Desde D\u00eda a D\u00eda por Julia Chu\u00f1il","og_url":"https:\/\/www.pressenza.com\/es\/2025\/07\/este-8-de-julio-caminata-y-velaton-a-8-meses-de-la-desaparicion-de-julia-chunil\/","og_site_name":"Pressenza","article_publisher":"https:\/\/www.facebook.com\/PressenzaItalia","article_author":"https:\/\/www.facebook.com\/pressenza","article_published_time":"2025-07-06T11:21:06+00:00","article_modified_time":"2025-07-06T11:31:44+00:00","og_image":[{"width":1080,"height":1350,"url":"https:\/\/www.pressenza.com\/wp-content\/uploads\/2025\/07\/Caminata-por-Julia-Chunil_julio-2025-1.jpg","type":"image\/jpeg"}],"author":"Redacci\u00f3n Chile","twitter_card":"summary_large_image","twitter_creator":"@pressenza","twitter_site":"@PressenzaIPA","twitter_misc":{"Escrito por":"Redacci\u00f3n Chile","Tiempo de lectura":"2 minutos"},"schema":{"@context":"https:\/\/schema.org","@graph":[{"@type":"Article","@id":"https:\/\/www.pressenza.com\/es\/2025\/07\/este-8-de-julio-caminata-y-velaton-a-8-meses-de-la-desaparicion-de-julia-chunil\/#article","isPartOf":{"@id":"https:\/\/www.pressenza.com\/es\/2025\/07\/este-8-de-julio-caminata-y-velaton-a-8-meses-de-la-desaparicion-de-julia-chunil\/"},"author":{"name":"Redacci\u00f3n Chile","@id":"https:\/\/www.pressenza.com\/es\/#\/schema\/person\/d7db40df35d6698ba69ba9ee260944ed"},"headline":"Chile. Este 8 de julio, Caminata y Velat\u00f3n a 8 meses de la desaparici\u00f3n de Julia Chu\u00f1il","datePublished":"2025-07-06T11:21:06+00:00","dateModified":"2025-07-06T11:31:44+00:00","mainEntityOfPage":{"@id":"https:\/\/www.pressenza.com\/es\/2025\/07\/este-8-de-julio-caminata-y-velaton-a-8-meses-de-la-desaparicion-de-julia-chunil\/"},"wordCount":287,"publisher":{"@id":"https:\/\/www.pressenza.com\/es\/#organization"},"image":{"@id":"https:\/\/www.pressenza.com\/es\/2025\/07\/este-8-de-julio-caminata-y-velaton-a-8-meses-de-la-desaparicion-de-julia-chunil\/#primaryimage"},"thumbnailUrl":"https:\/\/www.pressenza.com\/wp-content\/uploads\/2025\/07\/Caminata-por-Julia-Chunil_julio-2025-1.jpg","keywords":["activismo ciudadano por Julia Chu\u00f1il","Caminata y velat\u00f3n a 8 meses sin Julia Chu\u00f1il","denuncia del silencio medi\u00e1tico y oficial en el caso de Julia Chu\u00f1il","D\u00eda a d\u00eda sin Julia Chu\u00f1il","Pueblos Originarios"],"articleSection":["Contenido Original","Derechos Humanos","G\u00e9nero y Feminismos","Pueblos Originarios","Sudam\u00e9rica"],"inLanguage":"es"},{"@type":"WebPage","@id":"https:\/\/www.pressenza.com\/es\/2025\/07\/este-8-de-julio-caminata-y-velaton-a-8-meses-de-la-desaparicion-de-julia-chunil\/","url":"https:\/\/www.pressenza.com\/es\/2025\/07\/este-8-de-julio-caminata-y-velaton-a-8-meses-de-la-desaparicion-de-julia-chunil\/","name":"Chile. Este 8 de julio, Caminata y Velat\u00f3n a 8 meses de la desaparici\u00f3n de Julia Chu\u00f1il","isPartOf":{"@id":"https:\/\/www.pressenza.com\/es\/#website"},"primaryImageOfPage":{"@id":"https:\/\/www.pressenza.com\/es\/2025\/07\/este-8-de-julio-caminata-y-velaton-a-8-meses-de-la-desaparicion-de-julia-chunil\/#primaryimage"},"image":{"@id":"https:\/\/www.pressenza.com\/es\/2025\/07\/este-8-de-julio-caminata-y-velaton-a-8-meses-de-la-desaparicion-de-julia-chunil\/#primaryimage"},"thumbnailUrl":"https:\/\/www.pressenza.com\/wp-content\/uploads\/2025\/07\/Caminata-por-Julia-Chunil_julio-2025-1.jpg","datePublished":"2025-07-06T11:21:06+00:00","dateModified":"2025-07-06T11:31:44+00:00","description":"A 8 MESES de la DESAPARICI\u00d3N de JULIA CHU\u00d1IL \ud83d\udce3Este 8 de julio ya son 8 meses sin la Papay cuyo hogar era el bosque. Desde D\u00eda a D\u00eda por Julia Chu\u00f1il","breadcrumb":{"@id":"https:\/\/www.pressenza.com\/es\/2025\/07\/este-8-de-julio-caminata-y-velaton-a-8-meses-de-la-desaparicion-de-julia-chunil\/#breadcrumb"},"inLanguage":"es","potentialAction":[{"@type":"ReadAction","target":["https:\/\/www.pressenza.com\/es\/2025\/07\/este-8-de-julio-caminata-y-velaton-a-8-meses-de-la-desaparicion-de-julia-chunil\/"]}]},{"@type":"ImageObject","inLanguage":"es","@id":"https:\/\/www.pressenza.com\/es\/2025\/07\/este-8-de-julio-caminata-y-velaton-a-8-meses-de-la-desaparicion-de-julia-chunil\/#primaryimage","url":"https:\/\/www.pressenza.com\/wp-content\/uploads\/2025\/07\/Caminata-por-Julia-Chunil_julio-2025-1.jpg","contentUrl":"https:\/\/www.pressenza.com\/wp-content\/uploads\/2025\/07\/Caminata-por-Julia-Chunil_julio-2025-1.jpg","width":1080,"height":1350},{"@type":"BreadcrumbList","@id":"https:\/\/www.pressenza.com\/es\/2025\/07\/este-8-de-julio-caminata-y-velaton-a-8-meses-de-la-desaparicion-de-julia-chunil\/#breadcrumb","itemListElement":[{"@type":"ListItem","position":1,"name":"Accueil","item":"https:\/\/www.pressenza.com\/es\/"},{"@type":"ListItem","position":2,"name":"Chile. Este 8 de julio, Caminata y Velat\u00f3n a 8 meses de la desaparici\u00f3n de Julia Chu\u00f1il"}]},{"@type":"WebSite","@id":"https:\/\/www.pressenza.com\/es\/#website","url":"https:\/\/www.pressenza.com\/es\/","name":"Pressenza","description":"International Press Agency","publisher":{"@id":"https:\/\/www.pressenza.com\/es\/#organization"},"potentialAction":[{"@type":"SearchAction","target":{"@type":"EntryPoint","urlTemplate":"https:\/\/www.pressenza.com\/es\/?s={search_term_string}"},"query-input":{"@type":"PropertyValueSpecification","valueRequired":true,"valueName":"search_term_string"}}],"inLanguage":"es"},{"@type":"Organization","@id":"https:\/\/www.pressenza.com\/es\/#organization","name":"Pressenza","url":"https:\/\/www.pressenza.com\/es\/","logo":{"@type":"ImageObject","inLanguage":"es","@id":"https:\/\/www.pressenza.com\/es\/#\/schema\/logo\/image\/","url":"https:\/\/www.pressenza.com\/wp-content\/uploads\/2022\/10\/pressenza_logo_200x200.jpg","contentUrl":"https:\/\/www.pressenza.com\/wp-content\/uploads\/2022\/10\/pressenza_logo_200x200.jpg","width":200,"height":200,"caption":"Pressenza"},"image":{"@id":"https:\/\/www.pressenza.com\/es\/#\/schema\/logo\/image\/"},"sameAs":["https:\/\/www.facebook.com\/PressenzaItalia","https:\/\/x.com\/PressenzaIPA"]},{"@type":"Person","@id":"https:\/\/www.pressenza.com\/es\/#\/schema\/person\/d7db40df35d6698ba69ba9ee260944ed","name":"Redacci\u00f3n Chile","description":"News from the Pressenza Bureau in Chile","sameAs":["https:\/\/www.facebook.com\/pressenza","https:\/\/x.com\/pressenza"],"url":"https:\/\/www.pressenza.com\/es\/author\/redaccion-chile\/"}]}},"place":"Chile","original_article_url":"","_links":{"self":[{"href":"https:\/\/www.pressenza.com\/es\/wp-json\/wp\/v2\/posts\/2617106","targetHints":{"allow":["GET"]}}],"collection":[{"href":"https:\/\/www.pressenza.com\/es\/wp-json\/wp\/v2\/posts"}],"about":[{"href":"https:\/\/www.pressenza.com\/es\/wp-json\/wp\/v2\/types\/post"}],"author":[{"embeddable":true,"href":"https:\/\/www.pressenza.com\/es\/wp-json\/wp\/v2\/users\/43"}],"replies":[{"embeddable":true,"href":"https:\/\/www.pressenza.com\/es\/wp-json\/wp\/v2\/comments?post=2617106"}],"version-history":[{"count":2,"href":"https:\/\/www.pressenza.com\/es\/wp-json\/wp\/v2\/posts\/2617106\/revisions"}],"predecessor-version":[{"id":2617110,"href":"https:\/\/www.pressenza.com\/es\/wp-json\/wp\/v2\/posts\/2617106\/revisions\/2617110"}],"wp:featuredmedia":[{"embeddable":true,"href":"https:\/\/www.pressenza.com\/es\/wp-json\/wp\/v2\/media\/2617107"}],"wp:attachment":[{"href":"https:\/\/www.pressenza.com\/es\/wp-json\/wp\/v2\/media?parent=2617106"}],"wp:term":[{"taxonomy":"category","embeddable":true,"href":"https:\/\/www.pressenza.com\/es\/wp-json\/wp\/v2\/categories?post=2617106"},{"taxonomy":"post_tag","embeddable":true,"href":"https:\/\/www.pressenza.com\/es\/wp-json\/wp\/v2\/tags?post=2617106"}],"curies":[{"name":"wp","href":"https:\/\/api.w.org\/{rel}","templated":true}]}}