{"id":2614988,"date":"2025-06-27T09:39:32","date_gmt":"2025-06-27T08:39:32","guid":{"rendered":"https:\/\/www.pressenza.com\/?p=2614988"},"modified":"2025-06-27T09:39:32","modified_gmt":"2025-06-27T08:39:32","slug":"pueblos-preexistentes-en-argentina-su-lucha-continua","status":"publish","type":"post","link":"https:\/\/www.pressenza.com\/es\/2025\/06\/pueblos-preexistentes-en-argentina-su-lucha-continua\/","title":{"rendered":"Pueblos preexistentes en Argentina: su lucha continua"},"content":{"rendered":"<p>Desde este espacio de comunicaci\u00f3n libre y comprometido, quiero lanzar una denuncia firme, clara y urgente. Porque cuando se vulneran los derechos humanos de un pueblo, todos y todas somos responsables si callamos. Hoy, levanto la voz por los pueblos ind\u00edgenas de Argentina, con especial \u00e9nfasis en lo que est\u00e1 ocurriendo en la provincia de Formosa, donde el desprecio, el olvido y la discriminaci\u00f3n hacia los pueblos originarios han alcanzado niveles inadmisibles en una naci\u00f3n que se declara democr\u00e1tica y multicultural.<\/p>\n<p>Los pueblos ind\u00edgenas en Formosa \u2014como los Qom, los Wich\u00ed, los Pilag\u00e1 y otros\u2014 viven sometidos a condiciones de vida infrahumanas. No estamos hablando de una opini\u00f3n, sino de hechos verificables que representan una <strong>violaci\u00f3n sistem\u00e1tica y estructural de los derechos humanos<\/strong>.<\/p>\n<ul>\n<li>A estos pueblos se les niega el acceso al agua potable, oblig\u00e1ndolos a consumir agua contaminada, muchas veces tra\u00edda en cisternas desde kil\u00f3metros, lo que genera enfermedades evitables.<\/li>\n<li>Las escuelas est\u00e1n abandonadas, sin materiales, sin profesores suficientes, con estructuras deterioradas que ponen en riesgo la vida y el futuro de sus hijos e hijas.<\/li>\n<li>No se les escucha cuando denuncian atropellos, usurpaci\u00f3n de tierras, abusos o necesidades urgentes. Sus palabras son tratadas como ruido de fondo por funcionarios que deber\u00edan estar al servicio del pueblo.<\/li>\n<li>No tienen acceso a un sistema de salud digno. Muchos ni\u00f1os mueren por enfermedades prevenibles. Las mujeres no reciben atenci\u00f3n prenatal. Los ancianos son olvidados. Temen a centros de salud.<\/li>\n<li>Se les arrebata su territorio ancestral, que est\u00e1 protegido por la Constituci\u00f3n Nacional y por tratados internacionales como el Convenio 169 de la OIT. Sin embargo, los desalojos, el hostigamiento y el despojo siguen ocurriendo con total impunidad.<\/li>\n<li>No existen asociaciones de abogados que los defiendan gratuitamente ni redes de apoyo institucionales que velen por sus derechos en tribunales o ante organismos internacionales.<\/li>\n<\/ul>\n<div id=\"attachment_2614991\" class=\"wp-caption alignnone\"><img loading=\"lazy\" decoding=\"async\" aria-describedby=\"caption-attachment-2614991\" class=\"wp-image-2614991\" src=\"https:\/\/www.pressenza.com\/wp-content\/uploads\/2025\/06\/IMG-20250324-WA0064-300x135.jpg\" alt=\"\" width=\"807\" height=\"363\" srcset=\"https:\/\/www.pressenza.com\/wp-content\/uploads\/2025\/06\/IMG-20250324-WA0064-300x135.jpg 300w, https:\/\/www.pressenza.com\/wp-content\/uploads\/2025\/06\/IMG-20250324-WA0064-820x369.jpg 820w, https:\/\/www.pressenza.com\/wp-content\/uploads\/2025\/06\/IMG-20250324-WA0064.jpg 1920w\" sizes=\"auto, (max-width: 807px) 100vw, 807px\" \/><p id=\"caption-attachment-2614991\" class=\"wp-caption-text\">Imagen: Comunidades ind\u00edgenas provincia de Formosa, en protesta por no tener agua potable. F\u00e9lix D\u00edaz.<\/p><\/div>\n<p><strong style=\"font-size: 16px;\">Este es un racismo institucional. Un desprecio hist\u00f3rico y social que sigue vigente.<\/strong><\/p>\n<p>\u00bfD\u00f3nde est\u00e1 el Estado? \u00bfD\u00f3nde est\u00e1n los defensores de derechos humanos? \u00bfD\u00f3nde est\u00e1n los grandes discursos de justicia, equidad y dignidad?\u00bfDonde est\u00e1 el sistema judicial? \u00bfD\u00f3nde est\u00e1 la constituci\u00f3n violada que los ampara? \u00bfD\u00f3nde est\u00e1 la sociedad argentina que mira hacia el otro lado por no quererse enfrentarse con la realidad?<\/p>\n<p>La situaci\u00f3n se extiende tambi\u00e9n a otros pueblos originarios como los Mapuches, que siguen siendo estigmatizados y criminalizados por defender sus tierras, su cultura y su derecho a existir. Se les tilda de \u201cterroristas\u201d, cuando en realidad son v\u00edctimas de un sistema que les niega incluso el derecho a reclamar.<\/p>\n<div id=\"attachment_2614993\" class=\"wp-caption alignnone\"><img loading=\"lazy\" decoding=\"async\" aria-describedby=\"caption-attachment-2614993\" class=\"wp-image-2614993\" src=\"https:\/\/www.pressenza.com\/wp-content\/uploads\/2025\/06\/qom-300x188.jpg\" alt=\"\" width=\"750\" height=\"470\" srcset=\"https:\/\/www.pressenza.com\/wp-content\/uploads\/2025\/06\/qom-300x188.jpg 300w, https:\/\/www.pressenza.com\/wp-content\/uploads\/2025\/06\/qom-820x515.jpg 820w, https:\/\/www.pressenza.com\/wp-content\/uploads\/2025\/06\/qom.jpg 1152w\" sizes=\"auto, (max-width: 750px) 100vw, 750px\" \/><p id=\"caption-attachment-2614993\" class=\"wp-caption-text\">Imagen: F\u00e9lix D\u00edaz, el segundo de la izquierda, Presidente del Consejo Consultivo de los Pueblos Ind\u00edgenas de Argentina, junto con otros l\u00edderes de otras Comunidades. Foto F\u00e9lix D\u00edaz.<\/p><\/div>\n<p>Por eso, desde aqu\u00ed lanzo un llamamiento urgente:<\/p>\n<ul>\n<li>A los ciudadanos: que no miren hacia otro lado. Que comprendan que los pueblos ind\u00edgenas no son el pasado, sino parte fundamental del presente y del futuro de Argentina.<\/li>\n<li>A los abogados: que formen redes de defensa jur\u00eddica gratuita para proteger a las comunidades ind\u00edgenas y frenar los abusos.<\/li>\n<li>A los periodistas: que investiguen y cuenten la verdad sin miedo ni intereses ocultos.<\/li>\n<li>A los funcionarios del Estado: que cumplan con su deber constitucional y moral. Que dejen de ser c\u00f3mplices por acci\u00f3n o por omisi\u00f3n.<\/li>\n<li>A las organizaciones internacionales de derechos humanos: que se hagan presentes, que escuchen, que supervisen, que act\u00faen.<\/li>\n<\/ul>\n<div id=\"attachment_2614992\" class=\"wp-caption alignnone\"><img loading=\"lazy\" decoding=\"async\" aria-describedby=\"caption-attachment-2614992\" class=\"wp-image-2614992\" src=\"https:\/\/www.pressenza.com\/wp-content\/uploads\/2025\/06\/FB_IMG_1730059703965-1-300x169.jpg\" alt=\"\" width=\"797\" height=\"449\" srcset=\"https:\/\/www.pressenza.com\/wp-content\/uploads\/2025\/06\/FB_IMG_1730059703965-1-300x169.jpg 300w, https:\/\/www.pressenza.com\/wp-content\/uploads\/2025\/06\/FB_IMG_1730059703965-1-820x462.jpg 820w, https:\/\/www.pressenza.com\/wp-content\/uploads\/2025\/06\/FB_IMG_1730059703965-1.jpg 1080w\" sizes=\"auto, (max-width: 797px) 100vw, 797px\" \/><p id=\"caption-attachment-2614992\" class=\"wp-caption-text\">Imagen: Reuni\u00f3n del Consejo Consultivo de los Pueblos Ind\u00edgenas para tomar decisiones ante las violaciones constantes de sus derechos humanos en la provincia de Formosa (Argentina)<\/p><\/div>\n<p>No puede haber democracia donde se pisotean los derechos de los primeros habitantes de la tierra. No puede haber justicia donde hay olvido, saqueo y desprecio a los pueblos preexistentes.<\/p>\n<p>Lo que ocurre en Formosa y en tantas otras regiones del pa\u00eds es una herida abierta. Pero las heridas no se cierran ocult\u00e1ndolas. Se cierran con verdad, con justicia, con denuncia, con reparaci\u00f3n. Y si alguien piensa que los pueblos ind\u00edgenas van a rendirse, no los conoce. Porque llevan miles de a\u00f1os resistiendo. Y nosotros, desde aqu\u00ed, nos sumamos a su lucha. \u00a1Basta de discriminaci\u00f3n! \u00a1Basta de abandono!\u00a0 \u00a1Basta de silencio!<\/p>\n","protected":false},"excerpt":{"rendered":"<p>Desde este espacio de comunicaci\u00f3n libre y comprometido, quiero lanzar una denuncia firme, clara y urgente. Porque cuando se vulneran los derechos humanos de un pueblo, todos y todas somos responsables si callamos. Hoy, levanto la voz por los pueblos&hellip;<\/p>\n","protected":false},"author":2023,"featured_media":2614989,"comment_status":"closed","ping_status":"closed","sticky":false,"template":"","format":"standard","meta":{"footnotes":""},"categories":[80],"tags":[20056,122721,22210,3058,72033,19687],"class_list":["post-2614988","post","type-post","status-publish","format-standard","has-post-thumbnail","hentry","category-pueblos-originarios","tag-comunidades-indigenas","tag-peligas","tag-pueblos-originarios","tag-qom","tag-violacion-derechos-humanos","tag-wichi"],"yoast_head":"<!-- This site is optimized with the Yoast SEO plugin v27.1.1 - https:\/\/yoast.com\/product\/yoast-seo-wordpress\/ -->\n<title>Pueblos preexistentes en Argentina: su lucha continua<\/title>\n<meta name=\"description\" content=\"Desde este espacio de comunicaci\u00f3n libre y comprometido, quiero lanzar una denuncia firme, clara y urgente. Porque cuando se vulneran los derechos humanos\" \/>\n<meta name=\"robots\" content=\"index, follow, max-snippet:-1, max-image-preview:large, max-video-preview:-1\" \/>\n<link rel=\"canonical\" href=\"https:\/\/www.pressenza.com\/es\/2025\/06\/pueblos-preexistentes-en-argentina-su-lucha-continua\/\" \/>\n<meta property=\"og:locale\" content=\"es_ES\" \/>\n<meta property=\"og:type\" content=\"article\" \/>\n<meta property=\"og:title\" content=\"Pueblos preexistentes en Argentina: su lucha continua\" \/>\n<meta property=\"og:description\" content=\"Desde este espacio de comunicaci\u00f3n libre y comprometido, quiero lanzar una denuncia firme, clara y urgente. Porque cuando se vulneran los derechos humanos\" \/>\n<meta property=\"og:url\" content=\"https:\/\/www.pressenza.com\/es\/2025\/06\/pueblos-preexistentes-en-argentina-su-lucha-continua\/\" \/>\n<meta property=\"og:site_name\" content=\"Pressenza\" \/>\n<meta property=\"article:publisher\" content=\"https:\/\/www.facebook.com\/PressenzaItalia\" \/>\n<meta property=\"article:published_time\" content=\"2025-06-27T08:39:32+00:00\" \/>\n<meta property=\"og:image\" content=\"https:\/\/www.pressenza.com\/wp-content\/uploads\/2025\/06\/felix-argentina.jpg\" \/>\n\t<meta property=\"og:image:width\" content=\"720\" \/>\n\t<meta property=\"og:image:height\" content=\"459\" \/>\n\t<meta property=\"og:image:type\" content=\"image\/jpeg\" \/>\n<meta name=\"author\" content=\"Pedro Pozas Terrados\" \/>\n<meta name=\"twitter:card\" content=\"summary_large_image\" \/>\n<meta name=\"twitter:creator\" content=\"@PressenzaIPA\" \/>\n<meta name=\"twitter:site\" content=\"@PressenzaIPA\" \/>\n<meta name=\"twitter:label1\" content=\"Escrito por\" \/>\n\t<meta name=\"twitter:data1\" content=\"Pedro Pozas Terrados\" \/>\n\t<meta name=\"twitter:label2\" content=\"Tiempo de lectura\" \/>\n\t<meta name=\"twitter:data2\" content=\"4 minutos\" \/>\n<script type=\"application\/ld+json\" class=\"yoast-schema-graph\">{\"@context\":\"https:\/\/schema.org\",\"@graph\":[{\"@type\":\"Article\",\"@id\":\"https:\/\/www.pressenza.com\/es\/2025\/06\/pueblos-preexistentes-en-argentina-su-lucha-continua\/#article\",\"isPartOf\":{\"@id\":\"https:\/\/www.pressenza.com\/es\/2025\/06\/pueblos-preexistentes-en-argentina-su-lucha-continua\/\"},\"author\":{\"name\":\"Pedro Pozas Terrados\",\"@id\":\"https:\/\/www.pressenza.com\/es\/#\/schema\/person\/3e3dc7faa4424387772733d19e115974\"},\"headline\":\"Pueblos preexistentes en Argentina: su lucha continua\",\"datePublished\":\"2025-06-27T08:39:32+00:00\",\"mainEntityOfPage\":{\"@id\":\"https:\/\/www.pressenza.com\/es\/2025\/06\/pueblos-preexistentes-en-argentina-su-lucha-continua\/\"},\"wordCount\":778,\"publisher\":{\"@id\":\"https:\/\/www.pressenza.com\/es\/#organization\"},\"image\":{\"@id\":\"https:\/\/www.pressenza.com\/es\/2025\/06\/pueblos-preexistentes-en-argentina-su-lucha-continua\/#primaryimage\"},\"thumbnailUrl\":\"https:\/\/www.pressenza.com\/wp-content\/uploads\/2025\/06\/felix-argentina.jpg\",\"keywords\":[\"comunidades ind\u00edgenas\",\"Pelig\u00e1s\",\"Pueblos Originarios\",\"Qom\",\"violacion derechos humanos\",\"wich\u00ed\"],\"articleSection\":[\"Pueblos Originarios\"],\"inLanguage\":\"es\"},{\"@type\":\"WebPage\",\"@id\":\"https:\/\/www.pressenza.com\/es\/2025\/06\/pueblos-preexistentes-en-argentina-su-lucha-continua\/\",\"url\":\"https:\/\/www.pressenza.com\/es\/2025\/06\/pueblos-preexistentes-en-argentina-su-lucha-continua\/\",\"name\":\"Pueblos preexistentes en Argentina: su lucha continua\",\"isPartOf\":{\"@id\":\"https:\/\/www.pressenza.com\/es\/#website\"},\"primaryImageOfPage\":{\"@id\":\"https:\/\/www.pressenza.com\/es\/2025\/06\/pueblos-preexistentes-en-argentina-su-lucha-continua\/#primaryimage\"},\"image\":{\"@id\":\"https:\/\/www.pressenza.com\/es\/2025\/06\/pueblos-preexistentes-en-argentina-su-lucha-continua\/#primaryimage\"},\"thumbnailUrl\":\"https:\/\/www.pressenza.com\/wp-content\/uploads\/2025\/06\/felix-argentina.jpg\",\"datePublished\":\"2025-06-27T08:39:32+00:00\",\"description\":\"Desde este espacio de comunicaci\u00f3n libre y comprometido, quiero lanzar una denuncia firme, clara y urgente. Porque cuando se vulneran los derechos humanos\",\"breadcrumb\":{\"@id\":\"https:\/\/www.pressenza.com\/es\/2025\/06\/pueblos-preexistentes-en-argentina-su-lucha-continua\/#breadcrumb\"},\"inLanguage\":\"es\",\"potentialAction\":[{\"@type\":\"ReadAction\",\"target\":[\"https:\/\/www.pressenza.com\/es\/2025\/06\/pueblos-preexistentes-en-argentina-su-lucha-continua\/\"]}]},{\"@type\":\"ImageObject\",\"inLanguage\":\"es\",\"@id\":\"https:\/\/www.pressenza.com\/es\/2025\/06\/pueblos-preexistentes-en-argentina-su-lucha-continua\/#primaryimage\",\"url\":\"https:\/\/www.pressenza.com\/wp-content\/uploads\/2025\/06\/felix-argentina.jpg\",\"contentUrl\":\"https:\/\/www.pressenza.com\/wp-content\/uploads\/2025\/06\/felix-argentina.jpg\",\"width\":720,\"height\":459},{\"@type\":\"BreadcrumbList\",\"@id\":\"https:\/\/www.pressenza.com\/es\/2025\/06\/pueblos-preexistentes-en-argentina-su-lucha-continua\/#breadcrumb\",\"itemListElement\":[{\"@type\":\"ListItem\",\"position\":1,\"name\":\"Accueil\",\"item\":\"https:\/\/www.pressenza.com\/es\/\"},{\"@type\":\"ListItem\",\"position\":2,\"name\":\"Pueblos preexistentes en Argentina: su lucha continua\"}]},{\"@type\":\"WebSite\",\"@id\":\"https:\/\/www.pressenza.com\/es\/#website\",\"url\":\"https:\/\/www.pressenza.com\/es\/\",\"name\":\"Pressenza\",\"description\":\"International Press Agency\",\"publisher\":{\"@id\":\"https:\/\/www.pressenza.com\/es\/#organization\"},\"potentialAction\":[{\"@type\":\"SearchAction\",\"target\":{\"@type\":\"EntryPoint\",\"urlTemplate\":\"https:\/\/www.pressenza.com\/es\/?s={search_term_string}\"},\"query-input\":{\"@type\":\"PropertyValueSpecification\",\"valueRequired\":true,\"valueName\":\"search_term_string\"}}],\"inLanguage\":\"es\"},{\"@type\":\"Organization\",\"@id\":\"https:\/\/www.pressenza.com\/es\/#organization\",\"name\":\"Pressenza\",\"url\":\"https:\/\/www.pressenza.com\/es\/\",\"logo\":{\"@type\":\"ImageObject\",\"inLanguage\":\"es\",\"@id\":\"https:\/\/www.pressenza.com\/es\/#\/schema\/logo\/image\/\",\"url\":\"https:\/\/www.pressenza.com\/wp-content\/uploads\/2022\/10\/pressenza_logo_200x200.jpg\",\"contentUrl\":\"https:\/\/www.pressenza.com\/wp-content\/uploads\/2022\/10\/pressenza_logo_200x200.jpg\",\"width\":200,\"height\":200,\"caption\":\"Pressenza\"},\"image\":{\"@id\":\"https:\/\/www.pressenza.com\/es\/#\/schema\/logo\/image\/\"},\"sameAs\":[\"https:\/\/www.facebook.com\/PressenzaItalia\",\"https:\/\/x.com\/PressenzaIPA\"]},{\"@type\":\"Person\",\"@id\":\"https:\/\/www.pressenza.com\/es\/#\/schema\/person\/3e3dc7faa4424387772733d19e115974\",\"name\":\"Pedro Pozas Terrados\",\"description\":\"Escritor, naturalista, poeta, amante de la vida y defensor de la madre Tierra, investigador, cr\u00edtico y aventurero Profesionalmente ha trabajado 37 a\u00f1os en la defensa del medio ambiente como funcionario del Ministerio del Interior. De forma altruista es el Director Ejecutivo del Proyecto Gran Simio, una Organizaci\u00f3n que desde hace m\u00e1s de dos d\u00e9cadas lucha por los derechos b\u00e1sicos de los grandes simios, la conservaci\u00f3n de su h\u00e1bitat y la protecci\u00f3n de los pueblos ind\u00edgenas, verdaderos guardianes de nuestro planeta. Dibujante a l\u00e1piz y acuarela, con m\u00e1s de 300 l\u00e1minas de temas naturalistas y 12 cuadernos de campo. Es autor de 13 libros y coautor de ocho m\u00e1s. Descubridor de varias cuevas, una de ellas catalogada por la Comunidad de Castilla La Mancha de inter\u00e9s hist\u00f3rico y etnogr\u00e1fico con hallazgo en la misma de inscripciones de cronolog\u00eda antigua medieval.\",\"url\":\"https:\/\/www.pressenza.com\/es\/author\/pedro-pozas-terrado\/\"}]}<\/script>\n<!-- \/ Yoast SEO plugin. -->","yoast_head_json":{"title":"Pueblos preexistentes en Argentina: su lucha continua","description":"Desde este espacio de comunicaci\u00f3n libre y comprometido, quiero lanzar una denuncia firme, clara y urgente. Porque cuando se vulneran los derechos humanos","robots":{"index":"index","follow":"follow","max-snippet":"max-snippet:-1","max-image-preview":"max-image-preview:large","max-video-preview":"max-video-preview:-1"},"canonical":"https:\/\/www.pressenza.com\/es\/2025\/06\/pueblos-preexistentes-en-argentina-su-lucha-continua\/","og_locale":"es_ES","og_type":"article","og_title":"Pueblos preexistentes en Argentina: su lucha continua","og_description":"Desde este espacio de comunicaci\u00f3n libre y comprometido, quiero lanzar una denuncia firme, clara y urgente. Porque cuando se vulneran los derechos humanos","og_url":"https:\/\/www.pressenza.com\/es\/2025\/06\/pueblos-preexistentes-en-argentina-su-lucha-continua\/","og_site_name":"Pressenza","article_publisher":"https:\/\/www.facebook.com\/PressenzaItalia","article_published_time":"2025-06-27T08:39:32+00:00","og_image":[{"width":720,"height":459,"url":"https:\/\/www.pressenza.com\/wp-content\/uploads\/2025\/06\/felix-argentina.jpg","type":"image\/jpeg"}],"author":"Pedro Pozas Terrados","twitter_card":"summary_large_image","twitter_creator":"@PressenzaIPA","twitter_site":"@PressenzaIPA","twitter_misc":{"Escrito por":"Pedro Pozas Terrados","Tiempo de lectura":"4 minutos"},"schema":{"@context":"https:\/\/schema.org","@graph":[{"@type":"Article","@id":"https:\/\/www.pressenza.com\/es\/2025\/06\/pueblos-preexistentes-en-argentina-su-lucha-continua\/#article","isPartOf":{"@id":"https:\/\/www.pressenza.com\/es\/2025\/06\/pueblos-preexistentes-en-argentina-su-lucha-continua\/"},"author":{"name":"Pedro Pozas Terrados","@id":"https:\/\/www.pressenza.com\/es\/#\/schema\/person\/3e3dc7faa4424387772733d19e115974"},"headline":"Pueblos preexistentes en Argentina: su lucha continua","datePublished":"2025-06-27T08:39:32+00:00","mainEntityOfPage":{"@id":"https:\/\/www.pressenza.com\/es\/2025\/06\/pueblos-preexistentes-en-argentina-su-lucha-continua\/"},"wordCount":778,"publisher":{"@id":"https:\/\/www.pressenza.com\/es\/#organization"},"image":{"@id":"https:\/\/www.pressenza.com\/es\/2025\/06\/pueblos-preexistentes-en-argentina-su-lucha-continua\/#primaryimage"},"thumbnailUrl":"https:\/\/www.pressenza.com\/wp-content\/uploads\/2025\/06\/felix-argentina.jpg","keywords":["comunidades ind\u00edgenas","Pelig\u00e1s","Pueblos Originarios","Qom","violacion derechos humanos","wich\u00ed"],"articleSection":["Pueblos Originarios"],"inLanguage":"es"},{"@type":"WebPage","@id":"https:\/\/www.pressenza.com\/es\/2025\/06\/pueblos-preexistentes-en-argentina-su-lucha-continua\/","url":"https:\/\/www.pressenza.com\/es\/2025\/06\/pueblos-preexistentes-en-argentina-su-lucha-continua\/","name":"Pueblos preexistentes en Argentina: su lucha continua","isPartOf":{"@id":"https:\/\/www.pressenza.com\/es\/#website"},"primaryImageOfPage":{"@id":"https:\/\/www.pressenza.com\/es\/2025\/06\/pueblos-preexistentes-en-argentina-su-lucha-continua\/#primaryimage"},"image":{"@id":"https:\/\/www.pressenza.com\/es\/2025\/06\/pueblos-preexistentes-en-argentina-su-lucha-continua\/#primaryimage"},"thumbnailUrl":"https:\/\/www.pressenza.com\/wp-content\/uploads\/2025\/06\/felix-argentina.jpg","datePublished":"2025-06-27T08:39:32+00:00","description":"Desde este espacio de comunicaci\u00f3n libre y comprometido, quiero lanzar una denuncia firme, clara y urgente. Porque cuando se vulneran los derechos humanos","breadcrumb":{"@id":"https:\/\/www.pressenza.com\/es\/2025\/06\/pueblos-preexistentes-en-argentina-su-lucha-continua\/#breadcrumb"},"inLanguage":"es","potentialAction":[{"@type":"ReadAction","target":["https:\/\/www.pressenza.com\/es\/2025\/06\/pueblos-preexistentes-en-argentina-su-lucha-continua\/"]}]},{"@type":"ImageObject","inLanguage":"es","@id":"https:\/\/www.pressenza.com\/es\/2025\/06\/pueblos-preexistentes-en-argentina-su-lucha-continua\/#primaryimage","url":"https:\/\/www.pressenza.com\/wp-content\/uploads\/2025\/06\/felix-argentina.jpg","contentUrl":"https:\/\/www.pressenza.com\/wp-content\/uploads\/2025\/06\/felix-argentina.jpg","width":720,"height":459},{"@type":"BreadcrumbList","@id":"https:\/\/www.pressenza.com\/es\/2025\/06\/pueblos-preexistentes-en-argentina-su-lucha-continua\/#breadcrumb","itemListElement":[{"@type":"ListItem","position":1,"name":"Accueil","item":"https:\/\/www.pressenza.com\/es\/"},{"@type":"ListItem","position":2,"name":"Pueblos preexistentes en Argentina: su lucha continua"}]},{"@type":"WebSite","@id":"https:\/\/www.pressenza.com\/es\/#website","url":"https:\/\/www.pressenza.com\/es\/","name":"Pressenza","description":"International Press Agency","publisher":{"@id":"https:\/\/www.pressenza.com\/es\/#organization"},"potentialAction":[{"@type":"SearchAction","target":{"@type":"EntryPoint","urlTemplate":"https:\/\/www.pressenza.com\/es\/?s={search_term_string}"},"query-input":{"@type":"PropertyValueSpecification","valueRequired":true,"valueName":"search_term_string"}}],"inLanguage":"es"},{"@type":"Organization","@id":"https:\/\/www.pressenza.com\/es\/#organization","name":"Pressenza","url":"https:\/\/www.pressenza.com\/es\/","logo":{"@type":"ImageObject","inLanguage":"es","@id":"https:\/\/www.pressenza.com\/es\/#\/schema\/logo\/image\/","url":"https:\/\/www.pressenza.com\/wp-content\/uploads\/2022\/10\/pressenza_logo_200x200.jpg","contentUrl":"https:\/\/www.pressenza.com\/wp-content\/uploads\/2022\/10\/pressenza_logo_200x200.jpg","width":200,"height":200,"caption":"Pressenza"},"image":{"@id":"https:\/\/www.pressenza.com\/es\/#\/schema\/logo\/image\/"},"sameAs":["https:\/\/www.facebook.com\/PressenzaItalia","https:\/\/x.com\/PressenzaIPA"]},{"@type":"Person","@id":"https:\/\/www.pressenza.com\/es\/#\/schema\/person\/3e3dc7faa4424387772733d19e115974","name":"Pedro Pozas Terrados","description":"Escritor, naturalista, poeta, amante de la vida y defensor de la madre Tierra, investigador, cr\u00edtico y aventurero Profesionalmente ha trabajado 37 a\u00f1os en la defensa del medio ambiente como funcionario del Ministerio del Interior. De forma altruista es el Director Ejecutivo del Proyecto Gran Simio, una Organizaci\u00f3n que desde hace m\u00e1s de dos d\u00e9cadas lucha por los derechos b\u00e1sicos de los grandes simios, la conservaci\u00f3n de su h\u00e1bitat y la protecci\u00f3n de los pueblos ind\u00edgenas, verdaderos guardianes de nuestro planeta. Dibujante a l\u00e1piz y acuarela, con m\u00e1s de 300 l\u00e1minas de temas naturalistas y 12 cuadernos de campo. Es autor de 13 libros y coautor de ocho m\u00e1s. Descubridor de varias cuevas, una de ellas catalogada por la Comunidad de Castilla La Mancha de inter\u00e9s hist\u00f3rico y etnogr\u00e1fico con hallazgo en la misma de inscripciones de cronolog\u00eda antigua medieval.","url":"https:\/\/www.pressenza.com\/es\/author\/pedro-pozas-terrado\/"}]}},"place":"Madrid - Espa\u00f1a","original_article_url":"","_links":{"self":[{"href":"https:\/\/www.pressenza.com\/es\/wp-json\/wp\/v2\/posts\/2614988","targetHints":{"allow":["GET"]}}],"collection":[{"href":"https:\/\/www.pressenza.com\/es\/wp-json\/wp\/v2\/posts"}],"about":[{"href":"https:\/\/www.pressenza.com\/es\/wp-json\/wp\/v2\/types\/post"}],"author":[{"embeddable":true,"href":"https:\/\/www.pressenza.com\/es\/wp-json\/wp\/v2\/users\/2023"}],"replies":[{"embeddable":true,"href":"https:\/\/www.pressenza.com\/es\/wp-json\/wp\/v2\/comments?post=2614988"}],"version-history":[{"count":2,"href":"https:\/\/www.pressenza.com\/es\/wp-json\/wp\/v2\/posts\/2614988\/revisions"}],"predecessor-version":[{"id":2614997,"href":"https:\/\/www.pressenza.com\/es\/wp-json\/wp\/v2\/posts\/2614988\/revisions\/2614997"}],"wp:featuredmedia":[{"embeddable":true,"href":"https:\/\/www.pressenza.com\/es\/wp-json\/wp\/v2\/media\/2614989"}],"wp:attachment":[{"href":"https:\/\/www.pressenza.com\/es\/wp-json\/wp\/v2\/media?parent=2614988"}],"wp:term":[{"taxonomy":"category","embeddable":true,"href":"https:\/\/www.pressenza.com\/es\/wp-json\/wp\/v2\/categories?post=2614988"},{"taxonomy":"post_tag","embeddable":true,"href":"https:\/\/www.pressenza.com\/es\/wp-json\/wp\/v2\/tags?post=2614988"}],"curies":[{"name":"wp","href":"https:\/\/api.w.org\/{rel}","templated":true}]}}