{"id":261495,"date":"2015-12-23T16:00:06","date_gmt":"2015-12-23T16:00:06","guid":{"rendered":"http:\/\/www.pressenza.com\/es\/?p=261495"},"modified":"2015-12-23T16:00:06","modified_gmt":"2015-12-23T16:00:06","slug":"261495","status":"publish","type":"post","link":"https:\/\/www.pressenza.com\/es\/2015\/12\/261495\/","title":{"rendered":"El Partido Humanista repudia la intervenci\u00f3n en la AFSCA"},"content":{"rendered":"<p>Repudiamos en\u00e9rgicamente la medida de intervenci\u00f3n inconstitucional en la AFSCA por medios violentos resaltando la ilegitimidad e ilegalidad de la acci\u00f3n tomada por el Sr. Presiente Macri.<\/p>\n<p>La intervenci\u00f3n de un organismo requiere de fundamentos concretos y no puede llevarse a cabo para defender a un medio en particular.<\/p>\n<p>La libertad de expresi\u00f3n no se garantiza de facto, si no democr\u00e1ticamente y violar la Constituci\u00f3n Nacional es el camino inverso. Las contradicciones que est\u00e1 mostrando el gobierno de Cambiemos con las promesas de republicanismo y consenso se ven contradichos por el avasallamiento de los derechos constitucionales y la institucionalidad.<\/p>\n<p>Hechos que se est\u00e1n acumulando de forma peligrosa generando un estado de violencia social inusitada. Desde el PH le exigimos al gobierno de Macri que ponga cese inmediato a esta escalada violentista por el bien de la institucionalidad y la paz social.<\/p>\n<p>Convocamos a la ciudadan\u00eda en general a defender la Ley de Servicios Audiovisuales aprobada en 2009 y confirmada en su constitucionalidad en 2013. Esta Ley fue impulsada y debatida por las organizaciones populares, las y los trabajadores de la comunicaci\u00f3n, las universidades nacionales, los pueblos originarios, las organizaciones sindicales y de defensa de Derechos Humanos, los medios pymes, populares, y comunitarios que en 2004 presentamos los 21 puntos por una radiodifusi\u00f3n democr\u00e1tica para garantizar la pluralidad de voces.<\/p>\n<p><em>Federico Costabel <\/em><\/p>\n<p><em>Secretario General<\/em><\/p>\n<p><em>Prensa Nacional Javier An\u00edbal Gonz\u00e1lez 1160335920<\/em><\/p>\n","protected":false},"excerpt":{"rendered":"<p>Repudiamos en\u00e9rgicamente la medida de intervenci\u00f3n inconstitucional en la AFSCA por medios violentos resaltando la ilegitimidad e ilegalidad de la acci\u00f3n tomada por el Sr. Presiente Macri. La intervenci\u00f3n de un organismo requiere de fundamentos concretos y no puede llevarse&hellip;<\/p>\n","protected":false},"author":737,"featured_media":0,"comment_status":"closed","ping_status":"open","sticky":false,"template":"","format":"standard","meta":{"footnotes":""},"categories":[149,75,79,74,67],"tags":[10154,26,441,17889,7485,4862,418,10810],"class_list":["post-261495","post","type-post","status-publish","format-standard","hentry","category-comunicados-de-prensa","category-cultura-es","category-derechos-humanos","category-politica-es","category-sudamerica","tag-afsca","tag-argentina","tag-derechos-humanos","tag-intervencion","tag-lsca","tag-mauricio-macri","tag-partido-humanista","tag-ph"],"yoast_head":"<!-- This site is optimized with the Yoast SEO plugin v27.1.1 - https:\/\/yoast.com\/product\/yoast-seo-wordpress\/ -->\n<title>El Partido Humanista repudia la intervenci\u00f3n en la AFSCA<\/title>\n<meta name=\"description\" content=\"Repudiamos en\u00e9rgicamente la medida de intervenci\u00f3n inconstitucional en la AFSCA por medios violentos resaltando la ilegitimidad e ilegalidad de la acci\u00f3n\" \/>\n<meta name=\"robots\" content=\"index, follow, max-snippet:-1, max-image-preview:large, max-video-preview:-1\" \/>\n<link rel=\"canonical\" href=\"https:\/\/www.pressenza.com\/es\/2015\/12\/261495\/\" \/>\n<meta property=\"og:locale\" content=\"es_ES\" \/>\n<meta property=\"og:type\" content=\"article\" \/>\n<meta property=\"og:title\" content=\"El Partido Humanista repudia la intervenci\u00f3n en la AFSCA\" \/>\n<meta property=\"og:description\" content=\"Repudiamos en\u00e9rgicamente la medida de intervenci\u00f3n inconstitucional en la AFSCA por medios violentos resaltando la ilegitimidad e ilegalidad de la acci\u00f3n\" \/>\n<meta property=\"og:url\" content=\"https:\/\/www.pressenza.com\/es\/2015\/12\/261495\/\" \/>\n<meta property=\"og:site_name\" content=\"Pressenza\" \/>\n<meta property=\"article:publisher\" content=\"https:\/\/www.facebook.com\/PressenzaItalia\" \/>\n<meta property=\"article:author\" content=\"http:\/\/www.facebook.com\/PHArg\" \/>\n<meta property=\"article:published_time\" content=\"2015-12-23T16:00:06+00:00\" \/>\n<meta name=\"author\" content=\"Partido Humanista de Argentina\" \/>\n<meta name=\"twitter:card\" content=\"summary_large_image\" \/>\n<meta name=\"twitter:creator\" content=\"@phargentina\" \/>\n<meta name=\"twitter:site\" content=\"@PressenzaIPA\" \/>\n<meta name=\"twitter:label1\" content=\"Escrito por\" \/>\n\t<meta name=\"twitter:data1\" content=\"Partido Humanista de Argentina\" \/>\n\t<meta name=\"twitter:label2\" content=\"Tiempo de lectura\" \/>\n\t<meta name=\"twitter:data2\" content=\"1 minuto\" \/>\n<script type=\"application\/ld+json\" class=\"yoast-schema-graph\">{\"@context\":\"https:\/\/schema.org\",\"@graph\":[{\"@type\":\"Article\",\"@id\":\"https:\/\/www.pressenza.com\/es\/2015\/12\/261495\/#article\",\"isPartOf\":{\"@id\":\"https:\/\/www.pressenza.com\/es\/2015\/12\/261495\/\"},\"author\":{\"name\":\"Partido Humanista de Argentina\",\"@id\":\"https:\/\/www.pressenza.com\/es\/#\/schema\/person\/f08b671c8deabd3ee17a68787c46f4fe\"},\"headline\":\"El Partido Humanista repudia la intervenci\u00f3n en la AFSCA\",\"datePublished\":\"2015-12-23T16:00:06+00:00\",\"mainEntityOfPage\":{\"@id\":\"https:\/\/www.pressenza.com\/es\/2015\/12\/261495\/\"},\"wordCount\":248,\"publisher\":{\"@id\":\"https:\/\/www.pressenza.com\/es\/#organization\"},\"keywords\":[\"AFSCA\",\"Argentina\",\"Derechos humanos\",\"intervenci\u00f3n\",\"LSCA\",\"Mauricio Macri\",\"Partido Humanista\",\"ph\"],\"articleSection\":[\"Comunicados de Prensa\",\"Cultura y Medios\",\"Derechos Humanos\",\"Pol\u00edtica\",\"Sudam\u00e9rica\"],\"inLanguage\":\"es\"},{\"@type\":\"WebPage\",\"@id\":\"https:\/\/www.pressenza.com\/es\/2015\/12\/261495\/\",\"url\":\"https:\/\/www.pressenza.com\/es\/2015\/12\/261495\/\",\"name\":\"El Partido Humanista repudia la intervenci\u00f3n en la AFSCA\",\"isPartOf\":{\"@id\":\"https:\/\/www.pressenza.com\/es\/#website\"},\"datePublished\":\"2015-12-23T16:00:06+00:00\",\"description\":\"Repudiamos en\u00e9rgicamente la medida de intervenci\u00f3n inconstitucional en la AFSCA por medios violentos resaltando la ilegitimidad e ilegalidad de la acci\u00f3n\",\"breadcrumb\":{\"@id\":\"https:\/\/www.pressenza.com\/es\/2015\/12\/261495\/#breadcrumb\"},\"inLanguage\":\"es\",\"potentialAction\":[{\"@type\":\"ReadAction\",\"target\":[\"https:\/\/www.pressenza.com\/es\/2015\/12\/261495\/\"]}]},{\"@type\":\"BreadcrumbList\",\"@id\":\"https:\/\/www.pressenza.com\/es\/2015\/12\/261495\/#breadcrumb\",\"itemListElement\":[{\"@type\":\"ListItem\",\"position\":1,\"name\":\"Accueil\",\"item\":\"https:\/\/www.pressenza.com\/es\/\"},{\"@type\":\"ListItem\",\"position\":2,\"name\":\"El Partido Humanista repudia la intervenci\u00f3n en la AFSCA\"}]},{\"@type\":\"WebSite\",\"@id\":\"https:\/\/www.pressenza.com\/es\/#website\",\"url\":\"https:\/\/www.pressenza.com\/es\/\",\"name\":\"Pressenza\",\"description\":\"International Press Agency\",\"publisher\":{\"@id\":\"https:\/\/www.pressenza.com\/es\/#organization\"},\"potentialAction\":[{\"@type\":\"SearchAction\",\"target\":{\"@type\":\"EntryPoint\",\"urlTemplate\":\"https:\/\/www.pressenza.com\/es\/?s={search_term_string}\"},\"query-input\":{\"@type\":\"PropertyValueSpecification\",\"valueRequired\":true,\"valueName\":\"search_term_string\"}}],\"inLanguage\":\"es\"},{\"@type\":\"Organization\",\"@id\":\"https:\/\/www.pressenza.com\/es\/#organization\",\"name\":\"Pressenza\",\"url\":\"https:\/\/www.pressenza.com\/es\/\",\"logo\":{\"@type\":\"ImageObject\",\"inLanguage\":\"es\",\"@id\":\"https:\/\/www.pressenza.com\/es\/#\/schema\/logo\/image\/\",\"url\":\"https:\/\/www.pressenza.com\/wp-content\/uploads\/2022\/10\/pressenza_logo_200x200.jpg\",\"contentUrl\":\"https:\/\/www.pressenza.com\/wp-content\/uploads\/2022\/10\/pressenza_logo_200x200.jpg\",\"width\":200,\"height\":200,\"caption\":\"Pressenza\"},\"image\":{\"@id\":\"https:\/\/www.pressenza.com\/es\/#\/schema\/logo\/image\/\"},\"sameAs\":[\"https:\/\/www.facebook.com\/PressenzaItalia\",\"https:\/\/x.com\/PressenzaIPA\"]},{\"@type\":\"Person\",\"@id\":\"https:\/\/www.pressenza.com\/es\/#\/schema\/person\/f08b671c8deabd3ee17a68787c46f4fe\",\"name\":\"Partido Humanista de Argentina\",\"description\":\"The Humanist Party of Argentina www.partidohumanista.org.ar\",\"sameAs\":[\"http:\/\/www.facebook.com\/PHArg\",\"https:\/\/x.com\/phargentina\"],\"url\":\"https:\/\/www.pressenza.com\/es\/author\/partido-humanista-de-argentina\/\"}]}<\/script>\n<!-- \/ Yoast SEO plugin. -->","yoast_head_json":{"title":"El Partido Humanista repudia la intervenci\u00f3n en la AFSCA","description":"Repudiamos en\u00e9rgicamente la medida de intervenci\u00f3n inconstitucional en la AFSCA por medios violentos resaltando la ilegitimidad e ilegalidad de la acci\u00f3n","robots":{"index":"index","follow":"follow","max-snippet":"max-snippet:-1","max-image-preview":"max-image-preview:large","max-video-preview":"max-video-preview:-1"},"canonical":"https:\/\/www.pressenza.com\/es\/2015\/12\/261495\/","og_locale":"es_ES","og_type":"article","og_title":"El Partido Humanista repudia la intervenci\u00f3n en la AFSCA","og_description":"Repudiamos en\u00e9rgicamente la medida de intervenci\u00f3n inconstitucional en la AFSCA por medios violentos resaltando la ilegitimidad e ilegalidad de la acci\u00f3n","og_url":"https:\/\/www.pressenza.com\/es\/2015\/12\/261495\/","og_site_name":"Pressenza","article_publisher":"https:\/\/www.facebook.com\/PressenzaItalia","article_author":"http:\/\/www.facebook.com\/PHArg","article_published_time":"2015-12-23T16:00:06+00:00","author":"Partido Humanista de Argentina","twitter_card":"summary_large_image","twitter_creator":"@phargentina","twitter_site":"@PressenzaIPA","twitter_misc":{"Escrito por":"Partido Humanista de Argentina","Tiempo de lectura":"1 minuto"},"schema":{"@context":"https:\/\/schema.org","@graph":[{"@type":"Article","@id":"https:\/\/www.pressenza.com\/es\/2015\/12\/261495\/#article","isPartOf":{"@id":"https:\/\/www.pressenza.com\/es\/2015\/12\/261495\/"},"author":{"name":"Partido Humanista de Argentina","@id":"https:\/\/www.pressenza.com\/es\/#\/schema\/person\/f08b671c8deabd3ee17a68787c46f4fe"},"headline":"El Partido Humanista repudia la intervenci\u00f3n en la AFSCA","datePublished":"2015-12-23T16:00:06+00:00","mainEntityOfPage":{"@id":"https:\/\/www.pressenza.com\/es\/2015\/12\/261495\/"},"wordCount":248,"publisher":{"@id":"https:\/\/www.pressenza.com\/es\/#organization"},"keywords":["AFSCA","Argentina","Derechos humanos","intervenci\u00f3n","LSCA","Mauricio Macri","Partido Humanista","ph"],"articleSection":["Comunicados de Prensa","Cultura y Medios","Derechos Humanos","Pol\u00edtica","Sudam\u00e9rica"],"inLanguage":"es"},{"@type":"WebPage","@id":"https:\/\/www.pressenza.com\/es\/2015\/12\/261495\/","url":"https:\/\/www.pressenza.com\/es\/2015\/12\/261495\/","name":"El Partido Humanista repudia la intervenci\u00f3n en la AFSCA","isPartOf":{"@id":"https:\/\/www.pressenza.com\/es\/#website"},"datePublished":"2015-12-23T16:00:06+00:00","description":"Repudiamos en\u00e9rgicamente la medida de intervenci\u00f3n inconstitucional en la AFSCA por medios violentos resaltando la ilegitimidad e ilegalidad de la acci\u00f3n","breadcrumb":{"@id":"https:\/\/www.pressenza.com\/es\/2015\/12\/261495\/#breadcrumb"},"inLanguage":"es","potentialAction":[{"@type":"ReadAction","target":["https:\/\/www.pressenza.com\/es\/2015\/12\/261495\/"]}]},{"@type":"BreadcrumbList","@id":"https:\/\/www.pressenza.com\/es\/2015\/12\/261495\/#breadcrumb","itemListElement":[{"@type":"ListItem","position":1,"name":"Accueil","item":"https:\/\/www.pressenza.com\/es\/"},{"@type":"ListItem","position":2,"name":"El Partido Humanista repudia la intervenci\u00f3n en la AFSCA"}]},{"@type":"WebSite","@id":"https:\/\/www.pressenza.com\/es\/#website","url":"https:\/\/www.pressenza.com\/es\/","name":"Pressenza","description":"International Press Agency","publisher":{"@id":"https:\/\/www.pressenza.com\/es\/#organization"},"potentialAction":[{"@type":"SearchAction","target":{"@type":"EntryPoint","urlTemplate":"https:\/\/www.pressenza.com\/es\/?s={search_term_string}"},"query-input":{"@type":"PropertyValueSpecification","valueRequired":true,"valueName":"search_term_string"}}],"inLanguage":"es"},{"@type":"Organization","@id":"https:\/\/www.pressenza.com\/es\/#organization","name":"Pressenza","url":"https:\/\/www.pressenza.com\/es\/","logo":{"@type":"ImageObject","inLanguage":"es","@id":"https:\/\/www.pressenza.com\/es\/#\/schema\/logo\/image\/","url":"https:\/\/www.pressenza.com\/wp-content\/uploads\/2022\/10\/pressenza_logo_200x200.jpg","contentUrl":"https:\/\/www.pressenza.com\/wp-content\/uploads\/2022\/10\/pressenza_logo_200x200.jpg","width":200,"height":200,"caption":"Pressenza"},"image":{"@id":"https:\/\/www.pressenza.com\/es\/#\/schema\/logo\/image\/"},"sameAs":["https:\/\/www.facebook.com\/PressenzaItalia","https:\/\/x.com\/PressenzaIPA"]},{"@type":"Person","@id":"https:\/\/www.pressenza.com\/es\/#\/schema\/person\/f08b671c8deabd3ee17a68787c46f4fe","name":"Partido Humanista de Argentina","description":"The Humanist Party of Argentina www.partidohumanista.org.ar","sameAs":["http:\/\/www.facebook.com\/PHArg","https:\/\/x.com\/phargentina"],"url":"https:\/\/www.pressenza.com\/es\/author\/partido-humanista-de-argentina\/"}]}},"place":"La Pampa","original_article_url":"","_links":{"self":[{"href":"https:\/\/www.pressenza.com\/es\/wp-json\/wp\/v2\/posts\/261495","targetHints":{"allow":["GET"]}}],"collection":[{"href":"https:\/\/www.pressenza.com\/es\/wp-json\/wp\/v2\/posts"}],"about":[{"href":"https:\/\/www.pressenza.com\/es\/wp-json\/wp\/v2\/types\/post"}],"author":[{"embeddable":true,"href":"https:\/\/www.pressenza.com\/es\/wp-json\/wp\/v2\/users\/737"}],"replies":[{"embeddable":true,"href":"https:\/\/www.pressenza.com\/es\/wp-json\/wp\/v2\/comments?post=261495"}],"version-history":[{"count":0,"href":"https:\/\/www.pressenza.com\/es\/wp-json\/wp\/v2\/posts\/261495\/revisions"}],"wp:attachment":[{"href":"https:\/\/www.pressenza.com\/es\/wp-json\/wp\/v2\/media?parent=261495"}],"wp:term":[{"taxonomy":"category","embeddable":true,"href":"https:\/\/www.pressenza.com\/es\/wp-json\/wp\/v2\/categories?post=261495"},{"taxonomy":"post_tag","embeddable":true,"href":"https:\/\/www.pressenza.com\/es\/wp-json\/wp\/v2\/tags?post=261495"}],"curies":[{"name":"wp","href":"https:\/\/api.w.org\/{rel}","templated":true}]}}