{"id":2612607,"date":"2025-06-18T12:10:29","date_gmt":"2025-06-18T11:10:29","guid":{"rendered":"https:\/\/www.pressenza.com\/?p=2612607"},"modified":"2025-06-18T12:10:29","modified_gmt":"2025-06-18T11:10:29","slug":"el-lobo-guardian-del-equilibrio-espiritu-del-bosque","status":"publish","type":"post","link":"https:\/\/www.pressenza.com\/es\/2025\/06\/el-lobo-guardian-del-equilibrio-espiritu-del-bosque\/","title":{"rendered":"El lobo: guardi\u00e1n del equilibrio, esp\u00edritu del bosque"},"content":{"rendered":"<p>Desde los tiempos m\u00e1s remotos, el lobo ha sido un s\u00edmbolo de fuerza, libertad e inteligencia. Reverenciado por culturas ind\u00edgenas, temido por los relatos medievales y perseguidos hasta el borde de la extinci\u00f3n, el lobo ha cargado con un estigma injusto. Incluso en los cuentos infantiles el lobo es el malo. Lo que en verdad representa no es el terror que le han atribuido, sino el orden natural, el equilibrio invisible que sostiene la vida en los ecosistemas donde habita.<\/p>\n<p>Hoy, pese a su protecci\u00f3n legal en Espa\u00f1a, varias comunidades aut\u00f3nomas han comenzado a cazar al lobo ib\u00e9rico, ignorando la normativa estatal que lo reconoce como especie protegida. Esta regresi\u00f3n no solo es una violaci\u00f3n de derechos ambientales, sino un atentado contra el tejido mismo de la biodiversidad.<\/p>\n<p>Para comprender lo que estamos poniendo en riesgo, viajemos a un lugar donde se vivi\u00f3 en carne propia el error de eliminar al lobo: el Parque Nacional de Yellowstone, en Estados Unidos.<\/p>\n<div id=\"attachment_2612609\" class=\"wp-caption alignnone\"><img loading=\"lazy\" decoding=\"async\" aria-describedby=\"caption-attachment-2612609\" class=\"wp-image-2612609\" src=\"https:\/\/www.pressenza.com\/wp-content\/uploads\/2025\/06\/lobo2-200x300.jpg\" alt=\"\" width=\"726\" height=\"1089\" srcset=\"https:\/\/www.pressenza.com\/wp-content\/uploads\/2025\/06\/lobo2-200x300.jpg 200w, https:\/\/www.pressenza.com\/wp-content\/uploads\/2025\/06\/lobo2-683x1024.jpg 683w, https:\/\/www.pressenza.com\/wp-content\/uploads\/2025\/06\/lobo2.jpg 1024w\" sizes=\"auto, (max-width: 726px) 100vw, 726px\" \/><p id=\"caption-attachment-2612609\" class=\"wp-caption-text\">Imagen Pedro Pozas Terrados &#8211; IA<\/p><\/div>\n<p><strong>Yellowstone: <\/strong><\/p>\n<p>En la d\u00e9cada de 1920, los lobos fueron completamente exterminados de Yellowstone como parte de un plan de \u00abcontrol de depredadores\u00bb. Al desaparecer el gran cazador, la naturaleza pareci\u00f3 respirar tranquila\u2026 pero solo por un momento. Las consecuencias fueron catastr\u00f3ficas:<\/p>\n<ul>\n<li>La poblaci\u00f3n de ciervos y alces se descontrol\u00f3, sobrepasando los recursos naturales del parque.<\/li>\n<li>Los animales comenzaron a devorar la vegetaci\u00f3n ribere\u00f1a, lo que caus\u00f3 la erosi\u00f3n de r\u00edos y la desaparici\u00f3n de especies vegetales clave como los sauces y \u00e1lamos.<\/li>\n<li>Castores, aves y anfibios perdieron sus h\u00e1bitats.<\/li>\n<li>Las cadenas tr\u00f3ficas se desmoronaron, afectando desde insectos hasta grandes aves rapaces.<\/li>\n<li>Incluso el curso de los r\u00edos cambi\u00f3, al desaparecer la cobertura vegetal que sosten\u00eda sus m\u00e1rgenes.<\/li>\n<\/ul>\n<p>Fue un colapso ecol\u00f3gico silencioso, como si el bosque hubiera perdido su memoria.<\/p>\n<p>Pero la reintroducci\u00f3n del lobo en 1995 lo cambi\u00f3 todo. Tras m\u00e1s de 70 a\u00f1os de ausencia, una manada de lobos grises fue reintroducida. Lo que sigui\u00f3 fue una aut\u00e9ntica resurrecci\u00f3n del ecosistema:<\/p>\n<ul>\n<li>Los ciervos se desplazaron, evitando las zonas m\u00e1s sensibles, permitiendo que los \u00e1rboles j\u00f3venes volvieran a crecer.<\/li>\n<li>Los castores regresaron, construyendo presas que dieron hogar a peces y anfibios.<\/li>\n<li>Zorros, osos, aves carro\u00f1eras y linces se beneficiaron del equilibrio tr\u00f3fico restaurado.<\/li>\n<li>Incluso los r\u00edos recuperaron sus cauces estables, gracias al rebrote de la vegetaci\u00f3n ribere\u00f1a.<\/li>\n<\/ul>\n<p>Este fen\u00f3meno fue bautizado como \u201ccascada tr\u00f3fica\u201d: cuando un depredador tope regula indirectamente toda la red de vida de un ecosistema.<\/p>\n<div id=\"attachment_2612610\" class=\"wp-caption alignnone\"><img loading=\"lazy\" decoding=\"async\" aria-describedby=\"caption-attachment-2612610\" class=\"wp-image-2612610\" src=\"https:\/\/www.pressenza.com\/wp-content\/uploads\/2025\/06\/lobo3-200x300.jpg\" alt=\"\" width=\"769\" height=\"1154\" srcset=\"https:\/\/www.pressenza.com\/wp-content\/uploads\/2025\/06\/lobo3-200x300.jpg 200w, https:\/\/www.pressenza.com\/wp-content\/uploads\/2025\/06\/lobo3-683x1024.jpg 683w, https:\/\/www.pressenza.com\/wp-content\/uploads\/2025\/06\/lobo3.jpg 1024w\" sizes=\"auto, (max-width: 769px) 100vw, 769px\" \/><p id=\"caption-attachment-2612610\" class=\"wp-caption-text\">Imagen Pedro Pozas Terrados &#8211; IA<\/p><\/div>\n<p><strong>El lobo como ingeniero ecol\u00f3gico<\/strong><\/p>\n<p>La historia de Yellowstone no es un caso aislado, sino una evidencia contundente del papel esencial del lobo en los ecosistemas. A trav\u00e9s del equilibrio de las poblaciones de herb\u00edvoros, los lobos:<\/p>\n<ul>\n<li>Permiten que los bosques se regeneren.<\/li>\n<li>Controlan especies enfermas o debilitadas, fortaleciendo el acervo gen\u00e9tico de sus presas.<\/li>\n<li>Favorecen el retorno de especies secundarias: carro\u00f1eros, aves necr\u00f3fagas, carn\u00edvoros menores.<\/li>\n<li>Evitan el sobrepastoreo, fundamental para la lucha contra el cambio clim\u00e1tico.<\/li>\n<li>Su presencia incluso estimula la biodiversidad microbiana del suelo, algo que apenas comienza a estudiarse.<\/li>\n<\/ul>\n<p>Eliminar al lobo no es solo matar a un animal: es desmontar una estructura compleja, tejida durante miles de a\u00f1os, en la que cada especie ocupa un lugar. Sin el lobo, la armon\u00eda desaparece y el paisaje muere en silencio. Cada vez m\u00e1s, la ganader\u00eda se expande invadiendo territorio a los que siempre han guardado el equilibrio de la biodiversidad. Tenemos que buscar soluciones efectivas y ecol\u00f3gicas, protegiendo la vida natural. Con la muerte de especies silvestres que han regulado durante milenios los ecosistemas, es matar nuestra propia existencia como especie.<\/p>\n<div id=\"attachment_2612611\" class=\"wp-caption alignnone\"><img loading=\"lazy\" decoding=\"async\" aria-describedby=\"caption-attachment-2612611\" class=\"wp-image-2612611\" src=\"https:\/\/www.pressenza.com\/wp-content\/uploads\/2025\/06\/CartelLoboBanner-1b-14-240x300.jpg\" alt=\"\" width=\"763\" height=\"954\" srcset=\"https:\/\/www.pressenza.com\/wp-content\/uploads\/2025\/06\/CartelLoboBanner-1b-14-240x300.jpg 240w, https:\/\/www.pressenza.com\/wp-content\/uploads\/2025\/06\/CartelLoboBanner-1b-14-820x1024.jpg 820w, https:\/\/www.pressenza.com\/wp-content\/uploads\/2025\/06\/CartelLoboBanner-1b-14.jpg 1080w\" sizes=\"auto, (max-width: 763px) 100vw, 763px\" \/><p id=\"caption-attachment-2612611\" class=\"wp-caption-text\">Imagen cartel de cientos de organizaciones participantes en la marcha del domingo 22 de junio de 2025<\/p><\/div>\n<p><strong>Perseguido pese a ser protegido.<\/strong><\/p>\n<p>En Espa\u00f1a, el lobo ib\u00e9rico (Canis lupus signatus) fue protegido en todo el territorio en 2021 al ser incluido en el Listado de Especies Silvestres en R\u00e9gimen de Protecci\u00f3n Especial (LESPRE). Sin embargo, varias comunidades aut\u00f3nomas del norte han incumplido flagrantemente esta normativa, autorizando batidas y disparos \u201cde control\u201d.<\/p>\n<p>Estos actos vulneran no solo la legislaci\u00f3n nacional, sino tambi\u00e9n directivas europeas, como la Directiva H\u00e1bitats, y env\u00edan un mensaje devastador: que la ley puede ser ignorada cuando estorba a intereses ganaderos o pol\u00edticos.<\/p>\n<p>Hay que decirlo con claridad: el lobo no es una amenaza generalizada para la ganader\u00eda. Existen medios eficaces para la convivencia, como los mastines, cercados el\u00e9ctricos, pastores tradicionales y compensaciones justas. La eliminaci\u00f3n del lobo responde m\u00e1s a prejuicios y presiones que a datos cient\u00edficos. Y en esa guerra absurda, no solo pierde el lobo: perdemos todos.<\/p>\n<p>Proteger al lobo es m\u00e1s que una causa ambiental: es una declaraci\u00f3n de principios. Es reconocer que no somos los due\u00f1os del planeta, sino parte de \u00e9l. Que cada criatura tiene un papel. Que la belleza de un bosque, el canto de un r\u00edo o el vuelo de un buitre carro\u00f1ero dependen tambi\u00e9n de un aullido en la noche.<\/p>\n<p>El lobo no pide nada. No exige privilegios. Solo quiere vivir. Caminar libre. Oler la nieve. Ense\u00f1ar a sus cr\u00edas. Y nosotros, en nuestra soberbia, queremos silenciarlo.<\/p>\n<p>Pero a\u00fan hay esperanza. Cada manifestaci\u00f3n, cada firma, cada voz que se alza, es un ladrillo m\u00e1s en el puente entre el humano y lo salvaje. Es una semilla de reconciliaci\u00f3n. Eliminar al lobo es cortar una ra\u00edz profunda de la vida. Protegerlo es abrazar el misterio y la sabidur\u00eda de la naturaleza. Hoy m\u00e1s que nunca, el lobo necesita de nuestra voz, porque donde \u00e9l a\u00falla, el bosque respira.<\/p>\n<p><strong>EN MADRID MANIESTACI\u00d3N MASIVA EN DEFENSA DEL LOBO<\/strong><\/p>\n<div id=\"attachment_2612612\" class=\"wp-caption alignnone\"><img loading=\"lazy\" decoding=\"async\" aria-describedby=\"caption-attachment-2612612\" class=\"wp-image-2612612\" src=\"https:\/\/www.pressenza.com\/wp-content\/uploads\/2025\/06\/LOBO-MANIFESTACION-200x300.jpg\" alt=\"\" width=\"735\" height=\"1103\" srcset=\"https:\/\/www.pressenza.com\/wp-content\/uploads\/2025\/06\/LOBO-MANIFESTACION-200x300.jpg 200w, https:\/\/www.pressenza.com\/wp-content\/uploads\/2025\/06\/LOBO-MANIFESTACION-683x1024.jpg 683w, https:\/\/www.pressenza.com\/wp-content\/uploads\/2025\/06\/LOBO-MANIFESTACION.jpg 1024w\" sizes=\"auto, (max-width: 735px) 100vw, 735px\" \/><p id=\"caption-attachment-2612612\" class=\"wp-caption-text\">Imagen Pedro Pozas Terrados &#8211; IA<\/p><\/div>\n","protected":false},"excerpt":{"rendered":"<p>Desde los tiempos m\u00e1s remotos, el lobo ha sido un s\u00edmbolo de fuerza, libertad e inteligencia. Reverenciado por culturas ind\u00edgenas, temido por los relatos medievales y perseguidos hasta el borde de la extinci\u00f3n, el lobo ha cargado con un estigma&hellip;<\/p>\n","protected":false},"author":2023,"featured_media":2612608,"comment_status":"closed","ping_status":"closed","sticky":false,"template":"","format":"standard","meta":{"footnotes":""},"categories":[78],"tags":[138433,138432,138430,138431],"class_list":["post-2612607","post","type-post","status-publish","format-standard","has-post-thumbnail","hentry","category-medio-ambiente-ecologia","tag-espiritu-del-bosque","tag-guardian-ecosistemas","tag-lobo-protegido","tag-lobo-vivo"],"yoast_head":"<!-- This site is optimized with the Yoast SEO plugin v27.1.1 - https:\/\/yoast.com\/product\/yoast-seo-wordpress\/ -->\n<title>El lobo: guardi\u00e1n del equilibrio, esp\u00edritu del bosque<\/title>\n<meta name=\"description\" content=\"Desde los tiempos m\u00e1s remotos, el lobo ha sido un s\u00edmbolo de fuerza, libertad e inteligencia. Reverenciado por culturas ind\u00edgenas, temido por los relatos\" \/>\n<meta name=\"robots\" content=\"index, follow, max-snippet:-1, max-image-preview:large, max-video-preview:-1\" \/>\n<link rel=\"canonical\" href=\"https:\/\/www.pressenza.com\/es\/2025\/06\/el-lobo-guardian-del-equilibrio-espiritu-del-bosque\/\" \/>\n<meta property=\"og:locale\" content=\"es_ES\" \/>\n<meta property=\"og:type\" content=\"article\" \/>\n<meta property=\"og:title\" content=\"El lobo: guardi\u00e1n del equilibrio, esp\u00edritu del bosque\" \/>\n<meta property=\"og:description\" content=\"Desde los tiempos m\u00e1s remotos, el lobo ha sido un s\u00edmbolo de fuerza, libertad e inteligencia. Reverenciado por culturas ind\u00edgenas, temido por los relatos\" \/>\n<meta property=\"og:url\" content=\"https:\/\/www.pressenza.com\/es\/2025\/06\/el-lobo-guardian-del-equilibrio-espiritu-del-bosque\/\" \/>\n<meta property=\"og:site_name\" content=\"Pressenza\" \/>\n<meta property=\"article:publisher\" content=\"https:\/\/www.facebook.com\/PressenzaItalia\" \/>\n<meta property=\"article:published_time\" content=\"2025-06-18T11:10:29+00:00\" \/>\n<meta property=\"og:image\" content=\"https:\/\/www.pressenza.com\/wp-content\/uploads\/2025\/06\/lobo1.png\" \/>\n\t<meta property=\"og:image:width\" content=\"1023\" \/>\n\t<meta property=\"og:image:height\" content=\"823\" \/>\n\t<meta property=\"og:image:type\" content=\"image\/png\" \/>\n<meta name=\"author\" content=\"Pedro Pozas Terrados\" \/>\n<meta name=\"twitter:card\" content=\"summary_large_image\" \/>\n<meta name=\"twitter:creator\" content=\"@PressenzaIPA\" \/>\n<meta name=\"twitter:site\" content=\"@PressenzaIPA\" \/>\n<meta name=\"twitter:label1\" content=\"Escrito por\" \/>\n\t<meta name=\"twitter:data1\" content=\"Pedro Pozas Terrados\" \/>\n\t<meta name=\"twitter:label2\" content=\"Tiempo de lectura\" \/>\n\t<meta name=\"twitter:data2\" content=\"5 minutos\" \/>\n<script type=\"application\/ld+json\" class=\"yoast-schema-graph\">{\"@context\":\"https:\/\/schema.org\",\"@graph\":[{\"@type\":\"Article\",\"@id\":\"https:\/\/www.pressenza.com\/es\/2025\/06\/el-lobo-guardian-del-equilibrio-espiritu-del-bosque\/#article\",\"isPartOf\":{\"@id\":\"https:\/\/www.pressenza.com\/es\/2025\/06\/el-lobo-guardian-del-equilibrio-espiritu-del-bosque\/\"},\"author\":{\"name\":\"Pedro Pozas Terrados\",\"@id\":\"https:\/\/www.pressenza.com\/es\/#\/schema\/person\/3e3dc7faa4424387772733d19e115974\"},\"headline\":\"El lobo: guardi\u00e1n del equilibrio, esp\u00edritu del bosque\",\"datePublished\":\"2025-06-18T11:10:29+00:00\",\"mainEntityOfPage\":{\"@id\":\"https:\/\/www.pressenza.com\/es\/2025\/06\/el-lobo-guardian-del-equilibrio-espiritu-del-bosque\/\"},\"wordCount\":1041,\"publisher\":{\"@id\":\"https:\/\/www.pressenza.com\/es\/#organization\"},\"image\":{\"@id\":\"https:\/\/www.pressenza.com\/es\/2025\/06\/el-lobo-guardian-del-equilibrio-espiritu-del-bosque\/#primaryimage\"},\"thumbnailUrl\":\"https:\/\/www.pressenza.com\/wp-content\/uploads\/2025\/06\/lobo1.png\",\"keywords\":[\"esp\u00edritu del bosque\",\"guardi\u00e1n ecosistemas\",\"lobo protegido\",\"lobo vivo\"],\"articleSection\":[\"Ecolog\u00eda y Medio Ambiente\"],\"inLanguage\":\"es\"},{\"@type\":\"WebPage\",\"@id\":\"https:\/\/www.pressenza.com\/es\/2025\/06\/el-lobo-guardian-del-equilibrio-espiritu-del-bosque\/\",\"url\":\"https:\/\/www.pressenza.com\/es\/2025\/06\/el-lobo-guardian-del-equilibrio-espiritu-del-bosque\/\",\"name\":\"El lobo: guardi\u00e1n del equilibrio, esp\u00edritu del bosque\",\"isPartOf\":{\"@id\":\"https:\/\/www.pressenza.com\/es\/#website\"},\"primaryImageOfPage\":{\"@id\":\"https:\/\/www.pressenza.com\/es\/2025\/06\/el-lobo-guardian-del-equilibrio-espiritu-del-bosque\/#primaryimage\"},\"image\":{\"@id\":\"https:\/\/www.pressenza.com\/es\/2025\/06\/el-lobo-guardian-del-equilibrio-espiritu-del-bosque\/#primaryimage\"},\"thumbnailUrl\":\"https:\/\/www.pressenza.com\/wp-content\/uploads\/2025\/06\/lobo1.png\",\"datePublished\":\"2025-06-18T11:10:29+00:00\",\"description\":\"Desde los tiempos m\u00e1s remotos, el lobo ha sido un s\u00edmbolo de fuerza, libertad e inteligencia. Reverenciado por culturas ind\u00edgenas, temido por los relatos\",\"breadcrumb\":{\"@id\":\"https:\/\/www.pressenza.com\/es\/2025\/06\/el-lobo-guardian-del-equilibrio-espiritu-del-bosque\/#breadcrumb\"},\"inLanguage\":\"es\",\"potentialAction\":[{\"@type\":\"ReadAction\",\"target\":[\"https:\/\/www.pressenza.com\/es\/2025\/06\/el-lobo-guardian-del-equilibrio-espiritu-del-bosque\/\"]}]},{\"@type\":\"ImageObject\",\"inLanguage\":\"es\",\"@id\":\"https:\/\/www.pressenza.com\/es\/2025\/06\/el-lobo-guardian-del-equilibrio-espiritu-del-bosque\/#primaryimage\",\"url\":\"https:\/\/www.pressenza.com\/wp-content\/uploads\/2025\/06\/lobo1.png\",\"contentUrl\":\"https:\/\/www.pressenza.com\/wp-content\/uploads\/2025\/06\/lobo1.png\",\"width\":1023,\"height\":823},{\"@type\":\"BreadcrumbList\",\"@id\":\"https:\/\/www.pressenza.com\/es\/2025\/06\/el-lobo-guardian-del-equilibrio-espiritu-del-bosque\/#breadcrumb\",\"itemListElement\":[{\"@type\":\"ListItem\",\"position\":1,\"name\":\"Accueil\",\"item\":\"https:\/\/www.pressenza.com\/es\/\"},{\"@type\":\"ListItem\",\"position\":2,\"name\":\"El lobo: guardi\u00e1n del equilibrio, esp\u00edritu del bosque\"}]},{\"@type\":\"WebSite\",\"@id\":\"https:\/\/www.pressenza.com\/es\/#website\",\"url\":\"https:\/\/www.pressenza.com\/es\/\",\"name\":\"Pressenza\",\"description\":\"International Press Agency\",\"publisher\":{\"@id\":\"https:\/\/www.pressenza.com\/es\/#organization\"},\"potentialAction\":[{\"@type\":\"SearchAction\",\"target\":{\"@type\":\"EntryPoint\",\"urlTemplate\":\"https:\/\/www.pressenza.com\/es\/?s={search_term_string}\"},\"query-input\":{\"@type\":\"PropertyValueSpecification\",\"valueRequired\":true,\"valueName\":\"search_term_string\"}}],\"inLanguage\":\"es\"},{\"@type\":\"Organization\",\"@id\":\"https:\/\/www.pressenza.com\/es\/#organization\",\"name\":\"Pressenza\",\"url\":\"https:\/\/www.pressenza.com\/es\/\",\"logo\":{\"@type\":\"ImageObject\",\"inLanguage\":\"es\",\"@id\":\"https:\/\/www.pressenza.com\/es\/#\/schema\/logo\/image\/\",\"url\":\"https:\/\/www.pressenza.com\/wp-content\/uploads\/2022\/10\/pressenza_logo_200x200.jpg\",\"contentUrl\":\"https:\/\/www.pressenza.com\/wp-content\/uploads\/2022\/10\/pressenza_logo_200x200.jpg\",\"width\":200,\"height\":200,\"caption\":\"Pressenza\"},\"image\":{\"@id\":\"https:\/\/www.pressenza.com\/es\/#\/schema\/logo\/image\/\"},\"sameAs\":[\"https:\/\/www.facebook.com\/PressenzaItalia\",\"https:\/\/x.com\/PressenzaIPA\"]},{\"@type\":\"Person\",\"@id\":\"https:\/\/www.pressenza.com\/es\/#\/schema\/person\/3e3dc7faa4424387772733d19e115974\",\"name\":\"Pedro Pozas Terrados\",\"description\":\"Escritor, naturalista, poeta, amante de la vida y defensor de la madre Tierra, investigador, cr\u00edtico y aventurero Profesionalmente ha trabajado 37 a\u00f1os en la defensa del medio ambiente como funcionario del Ministerio del Interior. De forma altruista es el Director Ejecutivo del Proyecto Gran Simio, una Organizaci\u00f3n que desde hace m\u00e1s de dos d\u00e9cadas lucha por los derechos b\u00e1sicos de los grandes simios, la conservaci\u00f3n de su h\u00e1bitat y la protecci\u00f3n de los pueblos ind\u00edgenas, verdaderos guardianes de nuestro planeta. Dibujante a l\u00e1piz y acuarela, con m\u00e1s de 300 l\u00e1minas de temas naturalistas y 12 cuadernos de campo. Es autor de 13 libros y coautor de ocho m\u00e1s. Descubridor de varias cuevas, una de ellas catalogada por la Comunidad de Castilla La Mancha de inter\u00e9s hist\u00f3rico y etnogr\u00e1fico con hallazgo en la misma de inscripciones de cronolog\u00eda antigua medieval.\",\"url\":\"https:\/\/www.pressenza.com\/es\/author\/pedro-pozas-terrado\/\"}]}<\/script>\n<!-- \/ Yoast SEO plugin. -->","yoast_head_json":{"title":"El lobo: guardi\u00e1n del equilibrio, esp\u00edritu del bosque","description":"Desde los tiempos m\u00e1s remotos, el lobo ha sido un s\u00edmbolo de fuerza, libertad e inteligencia. Reverenciado por culturas ind\u00edgenas, temido por los relatos","robots":{"index":"index","follow":"follow","max-snippet":"max-snippet:-1","max-image-preview":"max-image-preview:large","max-video-preview":"max-video-preview:-1"},"canonical":"https:\/\/www.pressenza.com\/es\/2025\/06\/el-lobo-guardian-del-equilibrio-espiritu-del-bosque\/","og_locale":"es_ES","og_type":"article","og_title":"El lobo: guardi\u00e1n del equilibrio, esp\u00edritu del bosque","og_description":"Desde los tiempos m\u00e1s remotos, el lobo ha sido un s\u00edmbolo de fuerza, libertad e inteligencia. Reverenciado por culturas ind\u00edgenas, temido por los relatos","og_url":"https:\/\/www.pressenza.com\/es\/2025\/06\/el-lobo-guardian-del-equilibrio-espiritu-del-bosque\/","og_site_name":"Pressenza","article_publisher":"https:\/\/www.facebook.com\/PressenzaItalia","article_published_time":"2025-06-18T11:10:29+00:00","og_image":[{"width":1023,"height":823,"url":"https:\/\/www.pressenza.com\/wp-content\/uploads\/2025\/06\/lobo1.png","type":"image\/png"}],"author":"Pedro Pozas Terrados","twitter_card":"summary_large_image","twitter_creator":"@PressenzaIPA","twitter_site":"@PressenzaIPA","twitter_misc":{"Escrito por":"Pedro Pozas Terrados","Tiempo de lectura":"5 minutos"},"schema":{"@context":"https:\/\/schema.org","@graph":[{"@type":"Article","@id":"https:\/\/www.pressenza.com\/es\/2025\/06\/el-lobo-guardian-del-equilibrio-espiritu-del-bosque\/#article","isPartOf":{"@id":"https:\/\/www.pressenza.com\/es\/2025\/06\/el-lobo-guardian-del-equilibrio-espiritu-del-bosque\/"},"author":{"name":"Pedro Pozas Terrados","@id":"https:\/\/www.pressenza.com\/es\/#\/schema\/person\/3e3dc7faa4424387772733d19e115974"},"headline":"El lobo: guardi\u00e1n del equilibrio, esp\u00edritu del bosque","datePublished":"2025-06-18T11:10:29+00:00","mainEntityOfPage":{"@id":"https:\/\/www.pressenza.com\/es\/2025\/06\/el-lobo-guardian-del-equilibrio-espiritu-del-bosque\/"},"wordCount":1041,"publisher":{"@id":"https:\/\/www.pressenza.com\/es\/#organization"},"image":{"@id":"https:\/\/www.pressenza.com\/es\/2025\/06\/el-lobo-guardian-del-equilibrio-espiritu-del-bosque\/#primaryimage"},"thumbnailUrl":"https:\/\/www.pressenza.com\/wp-content\/uploads\/2025\/06\/lobo1.png","keywords":["esp\u00edritu del bosque","guardi\u00e1n ecosistemas","lobo protegido","lobo vivo"],"articleSection":["Ecolog\u00eda y Medio Ambiente"],"inLanguage":"es"},{"@type":"WebPage","@id":"https:\/\/www.pressenza.com\/es\/2025\/06\/el-lobo-guardian-del-equilibrio-espiritu-del-bosque\/","url":"https:\/\/www.pressenza.com\/es\/2025\/06\/el-lobo-guardian-del-equilibrio-espiritu-del-bosque\/","name":"El lobo: guardi\u00e1n del equilibrio, esp\u00edritu del bosque","isPartOf":{"@id":"https:\/\/www.pressenza.com\/es\/#website"},"primaryImageOfPage":{"@id":"https:\/\/www.pressenza.com\/es\/2025\/06\/el-lobo-guardian-del-equilibrio-espiritu-del-bosque\/#primaryimage"},"image":{"@id":"https:\/\/www.pressenza.com\/es\/2025\/06\/el-lobo-guardian-del-equilibrio-espiritu-del-bosque\/#primaryimage"},"thumbnailUrl":"https:\/\/www.pressenza.com\/wp-content\/uploads\/2025\/06\/lobo1.png","datePublished":"2025-06-18T11:10:29+00:00","description":"Desde los tiempos m\u00e1s remotos, el lobo ha sido un s\u00edmbolo de fuerza, libertad e inteligencia. Reverenciado por culturas ind\u00edgenas, temido por los relatos","breadcrumb":{"@id":"https:\/\/www.pressenza.com\/es\/2025\/06\/el-lobo-guardian-del-equilibrio-espiritu-del-bosque\/#breadcrumb"},"inLanguage":"es","potentialAction":[{"@type":"ReadAction","target":["https:\/\/www.pressenza.com\/es\/2025\/06\/el-lobo-guardian-del-equilibrio-espiritu-del-bosque\/"]}]},{"@type":"ImageObject","inLanguage":"es","@id":"https:\/\/www.pressenza.com\/es\/2025\/06\/el-lobo-guardian-del-equilibrio-espiritu-del-bosque\/#primaryimage","url":"https:\/\/www.pressenza.com\/wp-content\/uploads\/2025\/06\/lobo1.png","contentUrl":"https:\/\/www.pressenza.com\/wp-content\/uploads\/2025\/06\/lobo1.png","width":1023,"height":823},{"@type":"BreadcrumbList","@id":"https:\/\/www.pressenza.com\/es\/2025\/06\/el-lobo-guardian-del-equilibrio-espiritu-del-bosque\/#breadcrumb","itemListElement":[{"@type":"ListItem","position":1,"name":"Accueil","item":"https:\/\/www.pressenza.com\/es\/"},{"@type":"ListItem","position":2,"name":"El lobo: guardi\u00e1n del equilibrio, esp\u00edritu del bosque"}]},{"@type":"WebSite","@id":"https:\/\/www.pressenza.com\/es\/#website","url":"https:\/\/www.pressenza.com\/es\/","name":"Pressenza","description":"International Press Agency","publisher":{"@id":"https:\/\/www.pressenza.com\/es\/#organization"},"potentialAction":[{"@type":"SearchAction","target":{"@type":"EntryPoint","urlTemplate":"https:\/\/www.pressenza.com\/es\/?s={search_term_string}"},"query-input":{"@type":"PropertyValueSpecification","valueRequired":true,"valueName":"search_term_string"}}],"inLanguage":"es"},{"@type":"Organization","@id":"https:\/\/www.pressenza.com\/es\/#organization","name":"Pressenza","url":"https:\/\/www.pressenza.com\/es\/","logo":{"@type":"ImageObject","inLanguage":"es","@id":"https:\/\/www.pressenza.com\/es\/#\/schema\/logo\/image\/","url":"https:\/\/www.pressenza.com\/wp-content\/uploads\/2022\/10\/pressenza_logo_200x200.jpg","contentUrl":"https:\/\/www.pressenza.com\/wp-content\/uploads\/2022\/10\/pressenza_logo_200x200.jpg","width":200,"height":200,"caption":"Pressenza"},"image":{"@id":"https:\/\/www.pressenza.com\/es\/#\/schema\/logo\/image\/"},"sameAs":["https:\/\/www.facebook.com\/PressenzaItalia","https:\/\/x.com\/PressenzaIPA"]},{"@type":"Person","@id":"https:\/\/www.pressenza.com\/es\/#\/schema\/person\/3e3dc7faa4424387772733d19e115974","name":"Pedro Pozas Terrados","description":"Escritor, naturalista, poeta, amante de la vida y defensor de la madre Tierra, investigador, cr\u00edtico y aventurero Profesionalmente ha trabajado 37 a\u00f1os en la defensa del medio ambiente como funcionario del Ministerio del Interior. De forma altruista es el Director Ejecutivo del Proyecto Gran Simio, una Organizaci\u00f3n que desde hace m\u00e1s de dos d\u00e9cadas lucha por los derechos b\u00e1sicos de los grandes simios, la conservaci\u00f3n de su h\u00e1bitat y la protecci\u00f3n de los pueblos ind\u00edgenas, verdaderos guardianes de nuestro planeta. Dibujante a l\u00e1piz y acuarela, con m\u00e1s de 300 l\u00e1minas de temas naturalistas y 12 cuadernos de campo. Es autor de 13 libros y coautor de ocho m\u00e1s. Descubridor de varias cuevas, una de ellas catalogada por la Comunidad de Castilla La Mancha de inter\u00e9s hist\u00f3rico y etnogr\u00e1fico con hallazgo en la misma de inscripciones de cronolog\u00eda antigua medieval.","url":"https:\/\/www.pressenza.com\/es\/author\/pedro-pozas-terrado\/"}]}},"place":"Madrid - Espa\u00f1a","original_article_url":"","_links":{"self":[{"href":"https:\/\/www.pressenza.com\/es\/wp-json\/wp\/v2\/posts\/2612607","targetHints":{"allow":["GET"]}}],"collection":[{"href":"https:\/\/www.pressenza.com\/es\/wp-json\/wp\/v2\/posts"}],"about":[{"href":"https:\/\/www.pressenza.com\/es\/wp-json\/wp\/v2\/types\/post"}],"author":[{"embeddable":true,"href":"https:\/\/www.pressenza.com\/es\/wp-json\/wp\/v2\/users\/2023"}],"replies":[{"embeddable":true,"href":"https:\/\/www.pressenza.com\/es\/wp-json\/wp\/v2\/comments?post=2612607"}],"version-history":[{"count":1,"href":"https:\/\/www.pressenza.com\/es\/wp-json\/wp\/v2\/posts\/2612607\/revisions"}],"predecessor-version":[{"id":2612613,"href":"https:\/\/www.pressenza.com\/es\/wp-json\/wp\/v2\/posts\/2612607\/revisions\/2612613"}],"wp:featuredmedia":[{"embeddable":true,"href":"https:\/\/www.pressenza.com\/es\/wp-json\/wp\/v2\/media\/2612608"}],"wp:attachment":[{"href":"https:\/\/www.pressenza.com\/es\/wp-json\/wp\/v2\/media?parent=2612607"}],"wp:term":[{"taxonomy":"category","embeddable":true,"href":"https:\/\/www.pressenza.com\/es\/wp-json\/wp\/v2\/categories?post=2612607"},{"taxonomy":"post_tag","embeddable":true,"href":"https:\/\/www.pressenza.com\/es\/wp-json\/wp\/v2\/tags?post=2612607"}],"curies":[{"name":"wp","href":"https:\/\/api.w.org\/{rel}","templated":true}]}}