{"id":2612543,"date":"2025-06-17T23:33:11","date_gmt":"2025-06-17T22:33:11","guid":{"rendered":"https:\/\/www.pressenza.com\/?p=2612543"},"modified":"2025-06-17T23:33:11","modified_gmt":"2025-06-17T22:33:11","slug":"fortalecer-el-clamor-popular-y-los-esfuerzos-a-favor-de-la-paz","status":"publish","type":"post","link":"https:\/\/www.pressenza.com\/es\/2025\/06\/fortalecer-el-clamor-popular-y-los-esfuerzos-a-favor-de-la-paz\/","title":{"rendered":"Fortalecer el clamor popular y los esfuerzos a favor de la paz"},"content":{"rendered":"<p>En estos d\u00edas poco felices, es muy dif\u00edcil encontrar esfuerzos sinceros a favor de una paz justa y duradera en Oriente Medio. Sin embargo, es imprescindible intentarlo.<\/p>\n<p>En relaci\u00f3n a la situaci\u00f3n desatada por el ataque israel\u00ed contra Ir\u00e1n iniciado el 13 de este mes, ha habido m\u00faltiples pronunciamientos. La inmensa mayor\u00eda ha \u00a0condenado la violaci\u00f3n del derecho internacional y la soberan\u00eda iran\u00ed, el asesinato selectivo de altos mandos militares y de inteligencia, el peligroso ataque a instalaciones nucleares y la amenaza de que el conflicto se expanda a escala regional, cuando no mundial.<\/p>\n<p>La Uni\u00f3n Europea inst\u00f3 a la v\u00eda diplom\u00e1tica ante los posibles riesgos de escalada y de extensi\u00f3n del conflicto, mientras que al mismo tiempo apunt\u00f3 al posible programa de armamentismo nuclear por parte de Ir\u00e1n. Argumento en l\u00ednea con el del presidente estadounidense Trump, quien se neg\u00f3 a firmar una declaraci\u00f3n conjunta del G7, que instaba al di\u00e1logo entre las partes y a la desescalada del conflicto.<\/p>\n<p>Mucho m\u00e1s all\u00e1 en su alineamiento con la acci\u00f3n ilegal del gobierno Netanyahu fue la presidenta de la Comisi\u00f3n Europea, Ursula Von der Leyen, quien responsabiliz\u00f3 \u00fanicamente a Teher\u00e1n de la escalada b\u00e9lica, \u201cpor ser la principal fuente de inestabilidad regional.\u201d<\/p>\n<p>Por su parte, el Secretario General de las Naciones Unidas, Antonio Guterres, conden\u00f3 los ataques israel\u00edes a las instalaciones nucleares de Ir\u00e1n cometidos la madrugada del viernes, llamando a detener cualquiera escalada militar en Medio Oriente e instando a la contenci\u00f3n, advirtiendo que la regi\u00f3n no puede permitirse mayor violencia.<\/p>\n<p><strong>Los esfuerzos constructivos<\/strong><\/p>\n<p>Om\u00e1n y Qatar vienen desempe\u00f1ando un papel importante en las mediaciones de paz en la regi\u00f3n. Om\u00e1n ha estado al frente de los esfuerzos de llegar a acuerdos entre Ir\u00e1n y Estados Unidos, sosteniendo conversaciones con ambas partes desde abril sobre el tema nuclear. Por su lado, Qatar viene haciendo sucesivos intentos de mediar para alcanzar el cese al fuego en Gaza.<\/p>\n<p>Si bien algunas fuentes sugirieron que Ir\u00e1n contact\u00f3 a estos gobiernos para actuar como intermediarios ante los Estados Unidos para detener los ataques y reiniciar las interrumpidas negociaciones sobre el tema nuclear, el gobierno iran\u00ed se\u00f1al\u00f3 que no est\u00e1 abierto a negociaci\u00f3n alguna mientras Israel mantenga sus ataques.<\/p>\n<p>Por su parte, el canciller chino Wang Yi, convers\u00f3 con su hom\u00f3logo iran\u00ed y si bien manifest\u00f3 que su gobierno \u201capoya a Ir\u00e1n en la salvaguarda de su soberan\u00eda nacional, la defensa de sus derechos e intereses leg\u00edtimos y la garant\u00eda de la seguridad de su pueblo\u201d, dijo que China est\u00e1 dispuesta a mantener la comunicaci\u00f3n con Ir\u00e1n y otras partes pertinentes para seguir desempe\u00f1ando un papel constructivo en la distensi\u00f3n de la situaci\u00f3n. Posici\u00f3n que alienta expectativas positivas dado el rol desempe\u00f1ado por China hace no mucho tiempo para la normalizaci\u00f3n de las relaciones diplom\u00e1ticas entre Ir\u00e1n y Arabia Saudita.<\/p>\n<p>El portavoz del Kremlin, Dmitry Peskov, manifest\u00f3 a periodistas en una sesi\u00f3n informativa diaria que \u00abEl presidente Putin ha dicho que Rusia est\u00e1 dispuesta a prestar servicios de mediaci\u00f3n si es necesario\u00bb. Rusia tiene fuertes lazos con Ir\u00e1n, pero tambi\u00e9n mantiene una relativa buena relaci\u00f3n con Israel, aunque el gobierno israel\u00ed ha manifestado su rechazo a cualquier tipo de mediaci\u00f3n externa.<\/p>\n<p><strong>Voces de la sociedad civil y los pueblos reclaman paz y desnuclearizaci\u00f3n<\/strong><\/p>\n<p>En un pronunciamiento emitido durante el fin de semana, el International Peace B\u00fcro conden\u00f3 el ataque y exhort\u00f3 al cese inmediato de todas las operaciones militares ofensivas y la reanudaci\u00f3n de las conversaciones diplom\u00e1ticas sobre las actividades nucleares de Ir\u00e1n.<\/p>\n<p>Asimismo, abog\u00f3 por la renovaci\u00f3n del compromiso internacional con un Oriente Pr\u00f3ximo libre de armas de destrucci\u00f3n masiva y la necesidad urgente de que todos los Estados -incluidos Israel e Ir\u00e1n- se adhieran al Tratado sobre la Prohibici\u00f3n de las Armas Nucleares (TPNW) y lo apliquen.<\/p>\n<p>Por su parte, la Asociaci\u00f3n M\u00e9dicos Internacionales para la Prevenci\u00f3n de la Guerra Nuclear (IPPNW, por sus siglas en ingles), en un pronunciamiento recogido por esta agencia, instaron de igual modo a Ir\u00e1n, Israel y todos los Estados miembros de la ONU a unirse a los casi 100 Estados que ya han firmado el Tratado sobre la Prohibici\u00f3n de las Armas Nucleares (TPNW).<\/p>\n<p>Se\u00f1alaron en su comunicado que los Estados declarados poseedores de armas nucleares -Estados Unidos, Rusia, China, Francia y el Reino Unido- tienen una responsabilidad sustancial en el progresivo debilitamiento del r\u00e9gimen mundial de no proliferaci\u00f3n. \u201cNo s\u00f3lo han incumplido sus obligaciones de desarme en virtud del TNP, sino que van m\u00e1s all\u00e1 al realizar inversiones masivas en nuevas armas y capacidades nucleares\u201d, indicaron.<\/p>\n<p>\u201cNo existe una soluci\u00f3n militar al creciente riesgo de proliferaci\u00f3n nuclear. De hecho, la guerra y la violencia armada incentivan a\u00fan m\u00e1s a los Estados a buscar armas nucleares. El \u00fanico camino fiable hacia la seguridad pasa por la diplomacia y la eliminaci\u00f3n irreversible de las armas nucleares.\u201d, finaliza el pronunciamiento.<\/p>\n<p>A su vez, destacadas figuras iran\u00edes, como las Premio Nobel de la Paz Narges Mohammadi y Shirin Ebadi y los cineastas Jafar Panahi y Mohammad Rasoulof, sostuvieron que la continuaci\u00f3n del programa nuclear y la guerra entre la Rep\u00fablica Isl\u00e1mica e Israel no sirven ni a los intereses del pueblo iran\u00ed ni a los de la humanidad.<\/p>\n<p>Los firmantes de la declaraci\u00f3n exigieron el cese inmediato del enriquecimiento de uranio por parte de la Rep\u00fablica Isl\u00e1mica, el fin de las hostilidades militares y de los ataques contra infraestructuras vitales tanto en Ir\u00e1n como en Israel y el cese de las masacres de civiles en ambos pa\u00edses.<\/p>\n<p>Si los gobiernos del mundo, en un rapto de lucidez, con un m\u00ednimo de sensibilidad y un resto de esp\u00edritu democr\u00e1tico consultaran a sus poblaciones, obtendr\u00edan una respuesta contundente: los pueblos ans\u00edan el fin de los conflictos armados, las agresiones y, por supuesto, demandan un desarme nuclear total y definitivo.<\/p>\n<p>Porque el futuro de la especie humana, as\u00ed lo exige.<\/p>\n","protected":false},"excerpt":{"rendered":"<p>En estos d\u00edas poco felices, es muy dif\u00edcil encontrar esfuerzos sinceros a favor de una paz justa y duradera en Oriente Medio. Sin embargo, es imprescindible intentarlo. En relaci\u00f3n a la situaci\u00f3n desatada por el ataque israel\u00ed contra Ir\u00e1n iniciado&hellip;<\/p>\n","protected":false},"author":970,"featured_media":2612546,"comment_status":"closed","ping_status":"closed","sticky":false,"template":"","format":"standard","meta":{"footnotes":""},"categories":[11389,39,1243],"tags":[138418,121924,22209,124450],"class_list":["post-2612543","post","type-post","status-publish","format-standard","has-post-thumbnail","hentry","category-contenido-original","category-internacional","category-paz-desarme","tag-cese-hostilidades","tag-iran-israel","tag-medio-oriente","tag-paz-es"],"yoast_head":"<!-- This site is optimized with the Yoast SEO plugin v27.1.1 - https:\/\/yoast.com\/product\/yoast-seo-wordpress\/ -->\n<title>Fortalecer el clamor popular y los esfuerzos a favor de la paz<\/title>\n<meta name=\"description\" content=\"En estos d\u00edas poco felices, es muy dif\u00edcil encontrar esfuerzos sinceros a favor de una paz justa y duradera en Oriente Medio. Sin embargo, es\" \/>\n<meta name=\"robots\" content=\"index, follow, max-snippet:-1, max-image-preview:large, max-video-preview:-1\" \/>\n<link rel=\"canonical\" href=\"https:\/\/www.pressenza.com\/es\/2025\/06\/fortalecer-el-clamor-popular-y-los-esfuerzos-a-favor-de-la-paz\/\" \/>\n<meta property=\"og:locale\" content=\"es_ES\" \/>\n<meta property=\"og:type\" content=\"article\" \/>\n<meta property=\"og:title\" content=\"Fortalecer el clamor popular y los esfuerzos a favor de la paz\" \/>\n<meta property=\"og:description\" content=\"En estos d\u00edas poco felices, es muy dif\u00edcil encontrar esfuerzos sinceros a favor de una paz justa y duradera en Oriente Medio. Sin embargo, es\" \/>\n<meta property=\"og:url\" content=\"https:\/\/www.pressenza.com\/es\/2025\/06\/fortalecer-el-clamor-popular-y-los-esfuerzos-a-favor-de-la-paz\/\" \/>\n<meta property=\"og:site_name\" content=\"Pressenza\" \/>\n<meta property=\"article:publisher\" content=\"https:\/\/www.facebook.com\/PressenzaItalia\" \/>\n<meta property=\"article:author\" content=\"https:\/\/www.facebook.com\/javier.tolcachier?fref=ts\" \/>\n<meta property=\"article:published_time\" content=\"2025-06-17T22:33:11+00:00\" \/>\n<meta property=\"og:image\" content=\"https:\/\/www.pressenza.com\/wp-content\/uploads\/2025\/06\/pAZ-MEDIO-ORIENTE.jpg\" \/>\n\t<meta property=\"og:image:width\" content=\"1024\" \/>\n\t<meta property=\"og:image:height\" content=\"683\" \/>\n\t<meta property=\"og:image:type\" content=\"image\/jpeg\" \/>\n<meta name=\"author\" content=\"Javier Tolcachier\" \/>\n<meta name=\"twitter:card\" content=\"summary_large_image\" \/>\n<meta name=\"twitter:creator\" content=\"@jtolcachier\" \/>\n<meta name=\"twitter:site\" content=\"@PressenzaIPA\" \/>\n<meta name=\"twitter:label1\" content=\"Escrito por\" \/>\n\t<meta name=\"twitter:data1\" content=\"Javier Tolcachier\" \/>\n\t<meta name=\"twitter:label2\" content=\"Tiempo de lectura\" \/>\n\t<meta name=\"twitter:data2\" content=\"5 minutos\" \/>\n<script type=\"application\/ld+json\" class=\"yoast-schema-graph\">{\"@context\":\"https:\/\/schema.org\",\"@graph\":[{\"@type\":\"Article\",\"@id\":\"https:\/\/www.pressenza.com\/es\/2025\/06\/fortalecer-el-clamor-popular-y-los-esfuerzos-a-favor-de-la-paz\/#article\",\"isPartOf\":{\"@id\":\"https:\/\/www.pressenza.com\/es\/2025\/06\/fortalecer-el-clamor-popular-y-los-esfuerzos-a-favor-de-la-paz\/\"},\"author\":{\"name\":\"Javier Tolcachier\",\"@id\":\"https:\/\/www.pressenza.com\/es\/#\/schema\/person\/f353f6d4eed144101dedba60e6227564\"},\"headline\":\"Fortalecer el clamor popular y los esfuerzos a favor de la paz\",\"datePublished\":\"2025-06-17T22:33:11+00:00\",\"mainEntityOfPage\":{\"@id\":\"https:\/\/www.pressenza.com\/es\/2025\/06\/fortalecer-el-clamor-popular-y-los-esfuerzos-a-favor-de-la-paz\/\"},\"wordCount\":1072,\"publisher\":{\"@id\":\"https:\/\/www.pressenza.com\/es\/#organization\"},\"image\":{\"@id\":\"https:\/\/www.pressenza.com\/es\/2025\/06\/fortalecer-el-clamor-popular-y-los-esfuerzos-a-favor-de-la-paz\/#primaryimage\"},\"thumbnailUrl\":\"https:\/\/www.pressenza.com\/wp-content\/uploads\/2025\/06\/pAZ-MEDIO-ORIENTE.jpg\",\"keywords\":[\"cese hostilidades\",\"Ir\u00e1n-Israel\",\"Medio Oriente\",\"Paz\"],\"articleSection\":[\"Contenido Original\",\"Internacional\",\"Paz y Desarme\"],\"inLanguage\":\"es\"},{\"@type\":\"WebPage\",\"@id\":\"https:\/\/www.pressenza.com\/es\/2025\/06\/fortalecer-el-clamor-popular-y-los-esfuerzos-a-favor-de-la-paz\/\",\"url\":\"https:\/\/www.pressenza.com\/es\/2025\/06\/fortalecer-el-clamor-popular-y-los-esfuerzos-a-favor-de-la-paz\/\",\"name\":\"Fortalecer el clamor popular y los esfuerzos a favor de la paz\",\"isPartOf\":{\"@id\":\"https:\/\/www.pressenza.com\/es\/#website\"},\"primaryImageOfPage\":{\"@id\":\"https:\/\/www.pressenza.com\/es\/2025\/06\/fortalecer-el-clamor-popular-y-los-esfuerzos-a-favor-de-la-paz\/#primaryimage\"},\"image\":{\"@id\":\"https:\/\/www.pressenza.com\/es\/2025\/06\/fortalecer-el-clamor-popular-y-los-esfuerzos-a-favor-de-la-paz\/#primaryimage\"},\"thumbnailUrl\":\"https:\/\/www.pressenza.com\/wp-content\/uploads\/2025\/06\/pAZ-MEDIO-ORIENTE.jpg\",\"datePublished\":\"2025-06-17T22:33:11+00:00\",\"description\":\"En estos d\u00edas poco felices, es muy dif\u00edcil encontrar esfuerzos sinceros a favor de una paz justa y duradera en Oriente Medio. Sin embargo, es\",\"breadcrumb\":{\"@id\":\"https:\/\/www.pressenza.com\/es\/2025\/06\/fortalecer-el-clamor-popular-y-los-esfuerzos-a-favor-de-la-paz\/#breadcrumb\"},\"inLanguage\":\"es\",\"potentialAction\":[{\"@type\":\"ReadAction\",\"target\":[\"https:\/\/www.pressenza.com\/es\/2025\/06\/fortalecer-el-clamor-popular-y-los-esfuerzos-a-favor-de-la-paz\/\"]}]},{\"@type\":\"ImageObject\",\"inLanguage\":\"es\",\"@id\":\"https:\/\/www.pressenza.com\/es\/2025\/06\/fortalecer-el-clamor-popular-y-los-esfuerzos-a-favor-de-la-paz\/#primaryimage\",\"url\":\"https:\/\/www.pressenza.com\/wp-content\/uploads\/2025\/06\/pAZ-MEDIO-ORIENTE.jpg\",\"contentUrl\":\"https:\/\/www.pressenza.com\/wp-content\/uploads\/2025\/06\/pAZ-MEDIO-ORIENTE.jpg\",\"width\":1024,\"height\":683},{\"@type\":\"BreadcrumbList\",\"@id\":\"https:\/\/www.pressenza.com\/es\/2025\/06\/fortalecer-el-clamor-popular-y-los-esfuerzos-a-favor-de-la-paz\/#breadcrumb\",\"itemListElement\":[{\"@type\":\"ListItem\",\"position\":1,\"name\":\"Accueil\",\"item\":\"https:\/\/www.pressenza.com\/es\/\"},{\"@type\":\"ListItem\",\"position\":2,\"name\":\"Fortalecer el clamor popular y los esfuerzos a favor de la paz\"}]},{\"@type\":\"WebSite\",\"@id\":\"https:\/\/www.pressenza.com\/es\/#website\",\"url\":\"https:\/\/www.pressenza.com\/es\/\",\"name\":\"Pressenza\",\"description\":\"International Press Agency\",\"publisher\":{\"@id\":\"https:\/\/www.pressenza.com\/es\/#organization\"},\"potentialAction\":[{\"@type\":\"SearchAction\",\"target\":{\"@type\":\"EntryPoint\",\"urlTemplate\":\"https:\/\/www.pressenza.com\/es\/?s={search_term_string}\"},\"query-input\":{\"@type\":\"PropertyValueSpecification\",\"valueRequired\":true,\"valueName\":\"search_term_string\"}}],\"inLanguage\":\"es\"},{\"@type\":\"Organization\",\"@id\":\"https:\/\/www.pressenza.com\/es\/#organization\",\"name\":\"Pressenza\",\"url\":\"https:\/\/www.pressenza.com\/es\/\",\"logo\":{\"@type\":\"ImageObject\",\"inLanguage\":\"es\",\"@id\":\"https:\/\/www.pressenza.com\/es\/#\/schema\/logo\/image\/\",\"url\":\"https:\/\/www.pressenza.com\/wp-content\/uploads\/2022\/10\/pressenza_logo_200x200.jpg\",\"contentUrl\":\"https:\/\/www.pressenza.com\/wp-content\/uploads\/2022\/10\/pressenza_logo_200x200.jpg\",\"width\":200,\"height\":200,\"caption\":\"Pressenza\"},\"image\":{\"@id\":\"https:\/\/www.pressenza.com\/es\/#\/schema\/logo\/image\/\"},\"sameAs\":[\"https:\/\/www.facebook.com\/PressenzaItalia\",\"https:\/\/x.com\/PressenzaIPA\"]},{\"@type\":\"Person\",\"@id\":\"https:\/\/www.pressenza.com\/es\/#\/schema\/person\/f353f6d4eed144101dedba60e6227564\",\"name\":\"Javier Tolcachier\",\"description\":\"Javier Tolcachier is a researcher from the World Centre of Humanist Studies, an organism of the Humanist Movement. Mail: javiertolcachier@disroot.org Twitter: @jtolcachier\",\"sameAs\":[\"https:\/\/www.facebook.com\/javier.tolcachier?fref=ts\",\"https:\/\/x.com\/jtolcachier\"],\"url\":\"https:\/\/www.pressenza.com\/es\/author\/javier-tolcachier\/\"}]}<\/script>\n<!-- \/ Yoast SEO plugin. -->","yoast_head_json":{"title":"Fortalecer el clamor popular y los esfuerzos a favor de la paz","description":"En estos d\u00edas poco felices, es muy dif\u00edcil encontrar esfuerzos sinceros a favor de una paz justa y duradera en Oriente Medio. Sin embargo, es","robots":{"index":"index","follow":"follow","max-snippet":"max-snippet:-1","max-image-preview":"max-image-preview:large","max-video-preview":"max-video-preview:-1"},"canonical":"https:\/\/www.pressenza.com\/es\/2025\/06\/fortalecer-el-clamor-popular-y-los-esfuerzos-a-favor-de-la-paz\/","og_locale":"es_ES","og_type":"article","og_title":"Fortalecer el clamor popular y los esfuerzos a favor de la paz","og_description":"En estos d\u00edas poco felices, es muy dif\u00edcil encontrar esfuerzos sinceros a favor de una paz justa y duradera en Oriente Medio. Sin embargo, es","og_url":"https:\/\/www.pressenza.com\/es\/2025\/06\/fortalecer-el-clamor-popular-y-los-esfuerzos-a-favor-de-la-paz\/","og_site_name":"Pressenza","article_publisher":"https:\/\/www.facebook.com\/PressenzaItalia","article_author":"https:\/\/www.facebook.com\/javier.tolcachier?fref=ts","article_published_time":"2025-06-17T22:33:11+00:00","og_image":[{"width":1024,"height":683,"url":"https:\/\/www.pressenza.com\/wp-content\/uploads\/2025\/06\/pAZ-MEDIO-ORIENTE.jpg","type":"image\/jpeg"}],"author":"Javier Tolcachier","twitter_card":"summary_large_image","twitter_creator":"@jtolcachier","twitter_site":"@PressenzaIPA","twitter_misc":{"Escrito por":"Javier Tolcachier","Tiempo de lectura":"5 minutos"},"schema":{"@context":"https:\/\/schema.org","@graph":[{"@type":"Article","@id":"https:\/\/www.pressenza.com\/es\/2025\/06\/fortalecer-el-clamor-popular-y-los-esfuerzos-a-favor-de-la-paz\/#article","isPartOf":{"@id":"https:\/\/www.pressenza.com\/es\/2025\/06\/fortalecer-el-clamor-popular-y-los-esfuerzos-a-favor-de-la-paz\/"},"author":{"name":"Javier Tolcachier","@id":"https:\/\/www.pressenza.com\/es\/#\/schema\/person\/f353f6d4eed144101dedba60e6227564"},"headline":"Fortalecer el clamor popular y los esfuerzos a favor de la paz","datePublished":"2025-06-17T22:33:11+00:00","mainEntityOfPage":{"@id":"https:\/\/www.pressenza.com\/es\/2025\/06\/fortalecer-el-clamor-popular-y-los-esfuerzos-a-favor-de-la-paz\/"},"wordCount":1072,"publisher":{"@id":"https:\/\/www.pressenza.com\/es\/#organization"},"image":{"@id":"https:\/\/www.pressenza.com\/es\/2025\/06\/fortalecer-el-clamor-popular-y-los-esfuerzos-a-favor-de-la-paz\/#primaryimage"},"thumbnailUrl":"https:\/\/www.pressenza.com\/wp-content\/uploads\/2025\/06\/pAZ-MEDIO-ORIENTE.jpg","keywords":["cese hostilidades","Ir\u00e1n-Israel","Medio Oriente","Paz"],"articleSection":["Contenido Original","Internacional","Paz y Desarme"],"inLanguage":"es"},{"@type":"WebPage","@id":"https:\/\/www.pressenza.com\/es\/2025\/06\/fortalecer-el-clamor-popular-y-los-esfuerzos-a-favor-de-la-paz\/","url":"https:\/\/www.pressenza.com\/es\/2025\/06\/fortalecer-el-clamor-popular-y-los-esfuerzos-a-favor-de-la-paz\/","name":"Fortalecer el clamor popular y los esfuerzos a favor de la paz","isPartOf":{"@id":"https:\/\/www.pressenza.com\/es\/#website"},"primaryImageOfPage":{"@id":"https:\/\/www.pressenza.com\/es\/2025\/06\/fortalecer-el-clamor-popular-y-los-esfuerzos-a-favor-de-la-paz\/#primaryimage"},"image":{"@id":"https:\/\/www.pressenza.com\/es\/2025\/06\/fortalecer-el-clamor-popular-y-los-esfuerzos-a-favor-de-la-paz\/#primaryimage"},"thumbnailUrl":"https:\/\/www.pressenza.com\/wp-content\/uploads\/2025\/06\/pAZ-MEDIO-ORIENTE.jpg","datePublished":"2025-06-17T22:33:11+00:00","description":"En estos d\u00edas poco felices, es muy dif\u00edcil encontrar esfuerzos sinceros a favor de una paz justa y duradera en Oriente Medio. Sin embargo, es","breadcrumb":{"@id":"https:\/\/www.pressenza.com\/es\/2025\/06\/fortalecer-el-clamor-popular-y-los-esfuerzos-a-favor-de-la-paz\/#breadcrumb"},"inLanguage":"es","potentialAction":[{"@type":"ReadAction","target":["https:\/\/www.pressenza.com\/es\/2025\/06\/fortalecer-el-clamor-popular-y-los-esfuerzos-a-favor-de-la-paz\/"]}]},{"@type":"ImageObject","inLanguage":"es","@id":"https:\/\/www.pressenza.com\/es\/2025\/06\/fortalecer-el-clamor-popular-y-los-esfuerzos-a-favor-de-la-paz\/#primaryimage","url":"https:\/\/www.pressenza.com\/wp-content\/uploads\/2025\/06\/pAZ-MEDIO-ORIENTE.jpg","contentUrl":"https:\/\/www.pressenza.com\/wp-content\/uploads\/2025\/06\/pAZ-MEDIO-ORIENTE.jpg","width":1024,"height":683},{"@type":"BreadcrumbList","@id":"https:\/\/www.pressenza.com\/es\/2025\/06\/fortalecer-el-clamor-popular-y-los-esfuerzos-a-favor-de-la-paz\/#breadcrumb","itemListElement":[{"@type":"ListItem","position":1,"name":"Accueil","item":"https:\/\/www.pressenza.com\/es\/"},{"@type":"ListItem","position":2,"name":"Fortalecer el clamor popular y los esfuerzos a favor de la paz"}]},{"@type":"WebSite","@id":"https:\/\/www.pressenza.com\/es\/#website","url":"https:\/\/www.pressenza.com\/es\/","name":"Pressenza","description":"International Press Agency","publisher":{"@id":"https:\/\/www.pressenza.com\/es\/#organization"},"potentialAction":[{"@type":"SearchAction","target":{"@type":"EntryPoint","urlTemplate":"https:\/\/www.pressenza.com\/es\/?s={search_term_string}"},"query-input":{"@type":"PropertyValueSpecification","valueRequired":true,"valueName":"search_term_string"}}],"inLanguage":"es"},{"@type":"Organization","@id":"https:\/\/www.pressenza.com\/es\/#organization","name":"Pressenza","url":"https:\/\/www.pressenza.com\/es\/","logo":{"@type":"ImageObject","inLanguage":"es","@id":"https:\/\/www.pressenza.com\/es\/#\/schema\/logo\/image\/","url":"https:\/\/www.pressenza.com\/wp-content\/uploads\/2022\/10\/pressenza_logo_200x200.jpg","contentUrl":"https:\/\/www.pressenza.com\/wp-content\/uploads\/2022\/10\/pressenza_logo_200x200.jpg","width":200,"height":200,"caption":"Pressenza"},"image":{"@id":"https:\/\/www.pressenza.com\/es\/#\/schema\/logo\/image\/"},"sameAs":["https:\/\/www.facebook.com\/PressenzaItalia","https:\/\/x.com\/PressenzaIPA"]},{"@type":"Person","@id":"https:\/\/www.pressenza.com\/es\/#\/schema\/person\/f353f6d4eed144101dedba60e6227564","name":"Javier Tolcachier","description":"Javier Tolcachier is a researcher from the World Centre of Humanist Studies, an organism of the Humanist Movement. Mail: javiertolcachier@disroot.org Twitter: @jtolcachier","sameAs":["https:\/\/www.facebook.com\/javier.tolcachier?fref=ts","https:\/\/x.com\/jtolcachier"],"url":"https:\/\/www.pressenza.com\/es\/author\/javier-tolcachier\/"}]}},"place":"","original_article_url":"","_links":{"self":[{"href":"https:\/\/www.pressenza.com\/es\/wp-json\/wp\/v2\/posts\/2612543","targetHints":{"allow":["GET"]}}],"collection":[{"href":"https:\/\/www.pressenza.com\/es\/wp-json\/wp\/v2\/posts"}],"about":[{"href":"https:\/\/www.pressenza.com\/es\/wp-json\/wp\/v2\/types\/post"}],"author":[{"embeddable":true,"href":"https:\/\/www.pressenza.com\/es\/wp-json\/wp\/v2\/users\/970"}],"replies":[{"embeddable":true,"href":"https:\/\/www.pressenza.com\/es\/wp-json\/wp\/v2\/comments?post=2612543"}],"version-history":[{"count":1,"href":"https:\/\/www.pressenza.com\/es\/wp-json\/wp\/v2\/posts\/2612543\/revisions"}],"predecessor-version":[{"id":2612547,"href":"https:\/\/www.pressenza.com\/es\/wp-json\/wp\/v2\/posts\/2612543\/revisions\/2612547"}],"wp:featuredmedia":[{"embeddable":true,"href":"https:\/\/www.pressenza.com\/es\/wp-json\/wp\/v2\/media\/2612546"}],"wp:attachment":[{"href":"https:\/\/www.pressenza.com\/es\/wp-json\/wp\/v2\/media?parent=2612543"}],"wp:term":[{"taxonomy":"category","embeddable":true,"href":"https:\/\/www.pressenza.com\/es\/wp-json\/wp\/v2\/categories?post=2612543"},{"taxonomy":"post_tag","embeddable":true,"href":"https:\/\/www.pressenza.com\/es\/wp-json\/wp\/v2\/tags?post=2612543"}],"curies":[{"name":"wp","href":"https:\/\/api.w.org\/{rel}","templated":true}]}}