{"id":261122,"date":"2015-12-22T16:25:29","date_gmt":"2015-12-22T16:25:29","guid":{"rendered":"http:\/\/www.pressenza.com\/es\/?p=261122"},"modified":"2015-12-23T00:46:32","modified_gmt":"2015-12-23T00:46:32","slug":"cronica-de-una-manifestacion-estudiantil-hostigada-por-la-tropa-de-choque-de-la-policia-militar","status":"publish","type":"post","link":"https:\/\/www.pressenza.com\/es\/2015\/12\/cronica-de-una-manifestacion-estudiantil-hostigada-por-la-tropa-de-choque-de-la-policia-militar\/","title":{"rendered":"Cr\u00f3nica de una manifestaci\u00f3n estudiantil hostigada por la \u201cTropa de Choque\u201d de la Polic\u00eda Militar"},"content":{"rendered":"<p>Por Maria Eugenia Pirolo en San Pablo<\/p>\n<p>El 21 de diciembre, bajo una fr\u00eda llovizna gris, cientos de j\u00f3venes de las escuelas ocupadas de San Pablo comenzaron a llegar desde latitudes rec\u00f3ndidas al centro de la ciudad, al MASP,  en la Avenida Paulista. Llegaban alegres, en grupos, cantando y anunciando el nombre de su escuela, mientras sus sonrisas y miradas se encontraban, se comprend\u00edan. Se iban sumando de a uno, a un gran grupo compacto, de entre 13 y 17 a\u00f1os, que tocando sus instrumentos, pintaban sus pancartas, bailaban y constru\u00edan un ambiente c\u00e1lido y fraterno en aquella hostil tarde cercada de polic\u00edas militares con miradas pesadas y oscuras.<\/p>\n<p>A las 18:00 hs. unos seis j\u00f3venes tomaron un papel y comenzaron a pas\u00e1rselo pronunciando cada uno una frase que explicaba el por qu\u00e9 estaban all\u00ed. Con firmeza y convicci\u00f3n le\u00edan su discurso y la gran multitud de coraz\u00f3n abierto las escuchaba y repet\u00eda con fuerza y bondad. <\/p>\n<p><a href=\"http:\/\/www.pressenza.com\/wp-content\/uploads\/2015\/12\/estudiantes-san-pablo-02.jpg\"><img loading=\"lazy\" decoding=\"async\" src=\"http:\/\/www.pressenza.com\/wp-content\/uploads\/2015\/12\/estudiantes-san-pablo-02.jpg\" alt=\"estudiantes-san-pablo-02\" width=\"600\" height=\"800\" class=\"aligncenter size-full wp-image-261132\" srcset=\"https:\/\/www.pressenza.com\/wp-content\/uploads\/2015\/12\/estudiantes-san-pablo-02.jpg 600w, https:\/\/www.pressenza.com\/wp-content\/uploads\/2015\/12\/estudiantes-san-pablo-02-225x300.jpg 225w\" sizes=\"auto, (max-width: 600px) 100vw, 600px\" \/><\/a><\/p>\n<p>A las 18:20 hs. cortaron la Avenida Paulista y en ese inmediato instante la polic\u00eda militar los cerc\u00f3 por delante y detr\u00e1s, y coloc\u00f3 a la \u201ctropa de choque\u201d, un tipo de polic\u00eda militar preparada para actuar muy violentamente, al costado de la manifestaci\u00f3n como en una gran demostraci\u00f3n de matonaje, autoritarismo y poder.<\/p>\n<p>El clima se puso muy tenso pero ellos con gran fuerza se mantuvieron en la fila, no retrocedieron frente a esa muestra de terror de la polic\u00eda militar, y adem\u00e1s de eso, guiaron y  dieron confianza al resto de las personas que fueron a apoyarlos como amigos, padres, profesores y personas comunes. Se dieron las manos, se agarraron fuerte de los brazos y con sus tan j\u00f3venes rostros confiables, fuertes y unidos  comenzaron a marchar sosteniendo una bandera delante que dec\u00eda \u201cla lucha contin\u00faa\u201d. <\/p>\n<p><a href=\"http:\/\/www.pressenza.com\/wp-content\/uploads\/2015\/12\/estudiantes-san-pablo-03.jpg\"><img loading=\"lazy\" decoding=\"async\" src=\"http:\/\/www.pressenza.com\/wp-content\/uploads\/2015\/12\/estudiantes-san-pablo-03-720x960.jpg\" alt=\"estudiantes-san-pablo-03\" width=\"720\" height=\"960\" class=\"aligncenter size-large wp-image-261139\" srcset=\"https:\/\/www.pressenza.com\/wp-content\/uploads\/2015\/12\/estudiantes-san-pablo-03-720x960.jpg 720w, https:\/\/www.pressenza.com\/wp-content\/uploads\/2015\/12\/estudiantes-san-pablo-03-225x300.jpg 225w, https:\/\/www.pressenza.com\/wp-content\/uploads\/2015\/12\/estudiantes-san-pablo-03.jpg 1024w\" sizes=\"auto, (max-width: 720px) 100vw, 720px\" \/><\/a><\/p>\n<p>Luego de caminar unas cinco cuadras llegaron a la Avenida Consola\u00e7\u00e3o, otra calle importante paulista, donde derepente el cielo se abri\u00f3 y el sol sali\u00f3 unos instantes como si las fuerzas del universo  estuvieran de su lado.<\/p>\n<p>Continu\u00f3  la marcha totalmente pac\u00edfica pero en los rostros de los polic\u00edas se percib\u00eda una especie de miedo y provocaci\u00f3n. De repente la tropa de choque se tir\u00f3 encima de los manifestantes pero los j\u00f3venes, levantando las manos y cantando \u201csin violencia\u201d tranquilizaron y continuaron orientando a la multitud a que siguieran caminando y no se detuvieron.   <\/p>\n<p>La marcha continu\u00f3 y el clima era cada vez de mayor hostilidad por parte de la polic\u00eda militar  que todo el tiempo parec\u00eda querer atacar. Luego de caminar una hora m\u00e1s, pasaron por distintos puntos centrales de la ciudad hasta llegar a la Plaza \u201cSe\u201d, en el centro de la ciudad, donde finalmente hubo represi\u00f3n policial que hizo dispersar a los manifestantes.   <\/p>\n<h4><a href=\"https:\/\/www.pressenza.com\/es\/2015\/12\/gran-acto-de-apoyo-a-los-estudiantes-en-san-pablo\/\" target=\"_blank\">Lea Tambi\u00e9n: Gran acto de apoyo a los estudiantes en San Pablo<\/a><\/h4>\n<p>Este acto fue convocado por el comando de las escuelas en lucha, grupo que nuclea a los estudiantes que tomaron las escuelas durante todo noviembre de este a\u00f1o, quienes consiguieron revocar el plan de cierre de las escuelas que quer\u00eda llevar a cabo el gobernador de este estado, sin consultar a la comunidad educativa. <\/p>\n<p>En la p\u00e1gina de facebook de los estudiantes llamada \u201ccomando das escolas em luta\u201d lanzaron un comunicado la semana pasada d\u00f3nde afirmaban que se levantar\u00edan las tomas en las escuelas finalizandolas en un \u201cII Gran acto en apoyo a la lucha de los estudiantes de San Pablo\u201d el cual fue realizado ayer, 21 de diciembre.  En su comunicado dec\u00edan adem\u00e1s, que la t\u00e1ctica de las ocupaciones ya hab\u00eda cumplido su funci\u00f3n y pretend\u00edan seguir la lucha en las calles. Afirman tambi\u00e9n que cada escuela tiene autonom\u00eda y decide si sigue la toma o no.<\/p>\n<p>Se ver\u00e1 como sigue la lucha de este movimiento que sigue comoviendo a la mayor parte de la sociedad civil de San Pablo.<\/p>\n","protected":false},"excerpt":{"rendered":"<p>Por Maria Eugenia Pirolo en San Pablo El 21 de diciembre, bajo una fr\u00eda llovizna gris, cientos de j\u00f3venes de las escuelas ocupadas de San Pablo comenzaron a llegar desde latitudes rec\u00f3ndidas al centro de la ciudad, al MASP, en&hellip;<\/p>\n","protected":false},"author":44,"featured_media":261124,"comment_status":"closed","ping_status":"open","sticky":false,"template":"","format":"standard","meta":{"footnotes":""},"categories":[11389,79,1230,1242,161,67],"tags":[28,12731,4922,11065,5053],"class_list":["post-261122","post","type-post","status-publish","format-standard","has-post-thumbnail","hentry","category-contenido-original","category-derechos-humanos","category-educacion-tema","category-noviolencia-tema","category-opiniones","category-sudamerica","tag-brazil","tag-environmental-protection","tag-estudiantes","tag-ocuppy","tag-sao-paulo"],"yoast_head":"<!-- This site is optimized with the Yoast SEO plugin v27.1.1 - https:\/\/yoast.com\/product\/yoast-seo-wordpress\/ -->\n<title>Cr\u00f3nica de una manifestaci\u00f3n estudiantil hostigada por la \u201cTropa de Choque\u201d de la Polic\u00eda Militar<\/title>\n<meta name=\"description\" content=\"Por Maria Eugenia Pirolo en San Pablo El 21 de diciembre, bajo una fr\u00eda llovizna gris, cientos de j\u00f3venes de las escuelas ocupadas de San Pablo comenzaron\" \/>\n<meta name=\"robots\" content=\"index, follow, max-snippet:-1, max-image-preview:large, max-video-preview:-1\" \/>\n<link rel=\"canonical\" href=\"https:\/\/www.pressenza.com\/es\/2015\/12\/cronica-de-una-manifestacion-estudiantil-hostigada-por-la-tropa-de-choque-de-la-policia-militar\/\" \/>\n<meta property=\"og:locale\" content=\"es_ES\" \/>\n<meta property=\"og:type\" content=\"article\" \/>\n<meta property=\"og:title\" content=\"Cr\u00f3nica de una manifestaci\u00f3n estudiantil hostigada por la \u201cTropa de Choque\u201d de la Polic\u00eda Militar\" \/>\n<meta property=\"og:description\" content=\"Por Maria Eugenia Pirolo en San Pablo El 21 de diciembre, bajo una fr\u00eda llovizna gris, cientos de j\u00f3venes de las escuelas ocupadas de San Pablo comenzaron\" \/>\n<meta property=\"og:url\" content=\"https:\/\/www.pressenza.com\/es\/2015\/12\/cronica-de-una-manifestacion-estudiantil-hostigada-por-la-tropa-de-choque-de-la-policia-militar\/\" \/>\n<meta property=\"og:site_name\" content=\"Pressenza\" \/>\n<meta property=\"article:publisher\" content=\"https:\/\/www.facebook.com\/PressenzaItalia\" \/>\n<meta property=\"article:author\" content=\"https:\/\/www.facebook.com\/PressenzaPortugues\" \/>\n<meta property=\"article:published_time\" content=\"2015-12-22T16:25:29+00:00\" \/>\n<meta property=\"article:modified_time\" content=\"2015-12-23T00:46:32+00:00\" \/>\n<meta property=\"og:image\" content=\"https:\/\/www.pressenza.com\/wp-content\/uploads\/2015\/12\/estudiantes-san-pablo.jpg\" \/>\n\t<meta property=\"og:image:width\" content=\"1024\" \/>\n\t<meta property=\"og:image:height\" content=\"768\" \/>\n\t<meta property=\"og:image:type\" content=\"image\/jpeg\" \/>\n<meta name=\"author\" content=\"Reda\u00e7\u00e3o S\u00e3o Paulo\" \/>\n<meta name=\"twitter:card\" content=\"summary_large_image\" \/>\n<meta name=\"twitter:creator\" content=\"@pressenza_pt\" \/>\n<meta name=\"twitter:site\" content=\"@PressenzaIPA\" \/>\n<meta name=\"twitter:label1\" content=\"Escrito por\" \/>\n\t<meta name=\"twitter:data1\" content=\"Reda\u00e7\u00e3o S\u00e3o Paulo\" \/>\n\t<meta name=\"twitter:label2\" content=\"Tiempo de lectura\" \/>\n\t<meta name=\"twitter:data2\" content=\"3 minutos\" \/>\n<script type=\"application\/ld+json\" class=\"yoast-schema-graph\">{\"@context\":\"https:\/\/schema.org\",\"@graph\":[{\"@type\":\"Article\",\"@id\":\"https:\/\/www.pressenza.com\/es\/2015\/12\/cronica-de-una-manifestacion-estudiantil-hostigada-por-la-tropa-de-choque-de-la-policia-militar\/#article\",\"isPartOf\":{\"@id\":\"https:\/\/www.pressenza.com\/es\/2015\/12\/cronica-de-una-manifestacion-estudiantil-hostigada-por-la-tropa-de-choque-de-la-policia-militar\/\"},\"author\":{\"name\":\"Reda\u00e7\u00e3o S\u00e3o Paulo\",\"@id\":\"https:\/\/www.pressenza.com\/es\/#\/schema\/person\/d171826afb7693cfc394da95892bfd93\"},\"headline\":\"Cr\u00f3nica de una manifestaci\u00f3n estudiantil hostigada por la \u201cTropa de Choque\u201d de la Polic\u00eda Militar\",\"datePublished\":\"2015-12-22T16:25:29+00:00\",\"dateModified\":\"2015-12-23T00:46:32+00:00\",\"mainEntityOfPage\":{\"@id\":\"https:\/\/www.pressenza.com\/es\/2015\/12\/cronica-de-una-manifestacion-estudiantil-hostigada-por-la-tropa-de-choque-de-la-policia-militar\/\"},\"wordCount\":694,\"publisher\":{\"@id\":\"https:\/\/www.pressenza.com\/es\/#organization\"},\"image\":{\"@id\":\"https:\/\/www.pressenza.com\/es\/2015\/12\/cronica-de-una-manifestacion-estudiantil-hostigada-por-la-tropa-de-choque-de-la-policia-militar\/#primaryimage\"},\"thumbnailUrl\":\"https:\/\/www.pressenza.com\/wp-content\/uploads\/2015\/12\/estudiantes-san-pablo.jpg\",\"keywords\":[\"Brazil\",\"environmental protection\",\"estudiantes\",\"ocuppy\",\"S\u00e3o Paulo\"],\"articleSection\":[\"Contenido Original\",\"Derechos Humanos\",\"Educaci\u00f3n\",\"Noviolencia\",\"Opiniones\",\"Sudam\u00e9rica\"],\"inLanguage\":\"es\"},{\"@type\":\"WebPage\",\"@id\":\"https:\/\/www.pressenza.com\/es\/2015\/12\/cronica-de-una-manifestacion-estudiantil-hostigada-por-la-tropa-de-choque-de-la-policia-militar\/\",\"url\":\"https:\/\/www.pressenza.com\/es\/2015\/12\/cronica-de-una-manifestacion-estudiantil-hostigada-por-la-tropa-de-choque-de-la-policia-militar\/\",\"name\":\"Cr\u00f3nica de una manifestaci\u00f3n estudiantil hostigada por la \u201cTropa de Choque\u201d de la Polic\u00eda Militar\",\"isPartOf\":{\"@id\":\"https:\/\/www.pressenza.com\/es\/#website\"},\"primaryImageOfPage\":{\"@id\":\"https:\/\/www.pressenza.com\/es\/2015\/12\/cronica-de-una-manifestacion-estudiantil-hostigada-por-la-tropa-de-choque-de-la-policia-militar\/#primaryimage\"},\"image\":{\"@id\":\"https:\/\/www.pressenza.com\/es\/2015\/12\/cronica-de-una-manifestacion-estudiantil-hostigada-por-la-tropa-de-choque-de-la-policia-militar\/#primaryimage\"},\"thumbnailUrl\":\"https:\/\/www.pressenza.com\/wp-content\/uploads\/2015\/12\/estudiantes-san-pablo.jpg\",\"datePublished\":\"2015-12-22T16:25:29+00:00\",\"dateModified\":\"2015-12-23T00:46:32+00:00\",\"description\":\"Por Maria Eugenia Pirolo en San Pablo El 21 de diciembre, bajo una fr\u00eda llovizna gris, cientos de j\u00f3venes de las escuelas ocupadas de San Pablo comenzaron\",\"breadcrumb\":{\"@id\":\"https:\/\/www.pressenza.com\/es\/2015\/12\/cronica-de-una-manifestacion-estudiantil-hostigada-por-la-tropa-de-choque-de-la-policia-militar\/#breadcrumb\"},\"inLanguage\":\"es\",\"potentialAction\":[{\"@type\":\"ReadAction\",\"target\":[\"https:\/\/www.pressenza.com\/es\/2015\/12\/cronica-de-una-manifestacion-estudiantil-hostigada-por-la-tropa-de-choque-de-la-policia-militar\/\"]}]},{\"@type\":\"ImageObject\",\"inLanguage\":\"es\",\"@id\":\"https:\/\/www.pressenza.com\/es\/2015\/12\/cronica-de-una-manifestacion-estudiantil-hostigada-por-la-tropa-de-choque-de-la-policia-militar\/#primaryimage\",\"url\":\"https:\/\/www.pressenza.com\/wp-content\/uploads\/2015\/12\/estudiantes-san-pablo.jpg\",\"contentUrl\":\"https:\/\/www.pressenza.com\/wp-content\/uploads\/2015\/12\/estudiantes-san-pablo.jpg\",\"width\":1024,\"height\":768},{\"@type\":\"BreadcrumbList\",\"@id\":\"https:\/\/www.pressenza.com\/es\/2015\/12\/cronica-de-una-manifestacion-estudiantil-hostigada-por-la-tropa-de-choque-de-la-policia-militar\/#breadcrumb\",\"itemListElement\":[{\"@type\":\"ListItem\",\"position\":1,\"name\":\"Accueil\",\"item\":\"https:\/\/www.pressenza.com\/es\/\"},{\"@type\":\"ListItem\",\"position\":2,\"name\":\"Cr\u00f3nica de una manifestaci\u00f3n estudiantil hostigada por la \u201cTropa de Choque\u201d de la Polic\u00eda Militar\"}]},{\"@type\":\"WebSite\",\"@id\":\"https:\/\/www.pressenza.com\/es\/#website\",\"url\":\"https:\/\/www.pressenza.com\/es\/\",\"name\":\"Pressenza\",\"description\":\"International Press Agency\",\"publisher\":{\"@id\":\"https:\/\/www.pressenza.com\/es\/#organization\"},\"potentialAction\":[{\"@type\":\"SearchAction\",\"target\":{\"@type\":\"EntryPoint\",\"urlTemplate\":\"https:\/\/www.pressenza.com\/es\/?s={search_term_string}\"},\"query-input\":{\"@type\":\"PropertyValueSpecification\",\"valueRequired\":true,\"valueName\":\"search_term_string\"}}],\"inLanguage\":\"es\"},{\"@type\":\"Organization\",\"@id\":\"https:\/\/www.pressenza.com\/es\/#organization\",\"name\":\"Pressenza\",\"url\":\"https:\/\/www.pressenza.com\/es\/\",\"logo\":{\"@type\":\"ImageObject\",\"inLanguage\":\"es\",\"@id\":\"https:\/\/www.pressenza.com\/es\/#\/schema\/logo\/image\/\",\"url\":\"https:\/\/www.pressenza.com\/wp-content\/uploads\/2022\/10\/pressenza_logo_200x200.jpg\",\"contentUrl\":\"https:\/\/www.pressenza.com\/wp-content\/uploads\/2022\/10\/pressenza_logo_200x200.jpg\",\"width\":200,\"height\":200,\"caption\":\"Pressenza\"},\"image\":{\"@id\":\"https:\/\/www.pressenza.com\/es\/#\/schema\/logo\/image\/\"},\"sameAs\":[\"https:\/\/www.facebook.com\/PressenzaItalia\",\"https:\/\/x.com\/PressenzaIPA\"]},{\"@type\":\"Person\",\"@id\":\"https:\/\/www.pressenza.com\/es\/#\/schema\/person\/d171826afb7693cfc394da95892bfd93\",\"name\":\"Reda\u00e7\u00e3o S\u00e3o Paulo\",\"description\":\"News from the Pressenza bureau in Sao Paulo, Brazil\",\"sameAs\":[\"https:\/\/www.facebook.com\/PressenzaPortugues\",\"https:\/\/x.com\/pressenza_pt\"],\"url\":\"https:\/\/www.pressenza.com\/es\/author\/redaccao-sao-paulo\/\"}]}<\/script>\n<!-- \/ Yoast SEO plugin. -->","yoast_head_json":{"title":"Cr\u00f3nica de una manifestaci\u00f3n estudiantil hostigada por la \u201cTropa de Choque\u201d de la Polic\u00eda Militar","description":"Por Maria Eugenia Pirolo en San Pablo El 21 de diciembre, bajo una fr\u00eda llovizna gris, cientos de j\u00f3venes de las escuelas ocupadas de San Pablo comenzaron","robots":{"index":"index","follow":"follow","max-snippet":"max-snippet:-1","max-image-preview":"max-image-preview:large","max-video-preview":"max-video-preview:-1"},"canonical":"https:\/\/www.pressenza.com\/es\/2015\/12\/cronica-de-una-manifestacion-estudiantil-hostigada-por-la-tropa-de-choque-de-la-policia-militar\/","og_locale":"es_ES","og_type":"article","og_title":"Cr\u00f3nica de una manifestaci\u00f3n estudiantil hostigada por la \u201cTropa de Choque\u201d de la Polic\u00eda Militar","og_description":"Por Maria Eugenia Pirolo en San Pablo El 21 de diciembre, bajo una fr\u00eda llovizna gris, cientos de j\u00f3venes de las escuelas ocupadas de San Pablo comenzaron","og_url":"https:\/\/www.pressenza.com\/es\/2015\/12\/cronica-de-una-manifestacion-estudiantil-hostigada-por-la-tropa-de-choque-de-la-policia-militar\/","og_site_name":"Pressenza","article_publisher":"https:\/\/www.facebook.com\/PressenzaItalia","article_author":"https:\/\/www.facebook.com\/PressenzaPortugues","article_published_time":"2015-12-22T16:25:29+00:00","article_modified_time":"2015-12-23T00:46:32+00:00","og_image":[{"width":1024,"height":768,"url":"https:\/\/www.pressenza.com\/wp-content\/uploads\/2015\/12\/estudiantes-san-pablo.jpg","type":"image\/jpeg"}],"author":"Reda\u00e7\u00e3o S\u00e3o Paulo","twitter_card":"summary_large_image","twitter_creator":"@pressenza_pt","twitter_site":"@PressenzaIPA","twitter_misc":{"Escrito por":"Reda\u00e7\u00e3o S\u00e3o Paulo","Tiempo de lectura":"3 minutos"},"schema":{"@context":"https:\/\/schema.org","@graph":[{"@type":"Article","@id":"https:\/\/www.pressenza.com\/es\/2015\/12\/cronica-de-una-manifestacion-estudiantil-hostigada-por-la-tropa-de-choque-de-la-policia-militar\/#article","isPartOf":{"@id":"https:\/\/www.pressenza.com\/es\/2015\/12\/cronica-de-una-manifestacion-estudiantil-hostigada-por-la-tropa-de-choque-de-la-policia-militar\/"},"author":{"name":"Reda\u00e7\u00e3o S\u00e3o Paulo","@id":"https:\/\/www.pressenza.com\/es\/#\/schema\/person\/d171826afb7693cfc394da95892bfd93"},"headline":"Cr\u00f3nica de una manifestaci\u00f3n estudiantil hostigada por la \u201cTropa de Choque\u201d de la Polic\u00eda Militar","datePublished":"2015-12-22T16:25:29+00:00","dateModified":"2015-12-23T00:46:32+00:00","mainEntityOfPage":{"@id":"https:\/\/www.pressenza.com\/es\/2015\/12\/cronica-de-una-manifestacion-estudiantil-hostigada-por-la-tropa-de-choque-de-la-policia-militar\/"},"wordCount":694,"publisher":{"@id":"https:\/\/www.pressenza.com\/es\/#organization"},"image":{"@id":"https:\/\/www.pressenza.com\/es\/2015\/12\/cronica-de-una-manifestacion-estudiantil-hostigada-por-la-tropa-de-choque-de-la-policia-militar\/#primaryimage"},"thumbnailUrl":"https:\/\/www.pressenza.com\/wp-content\/uploads\/2015\/12\/estudiantes-san-pablo.jpg","keywords":["Brazil","environmental protection","estudiantes","ocuppy","S\u00e3o Paulo"],"articleSection":["Contenido Original","Derechos Humanos","Educaci\u00f3n","Noviolencia","Opiniones","Sudam\u00e9rica"],"inLanguage":"es"},{"@type":"WebPage","@id":"https:\/\/www.pressenza.com\/es\/2015\/12\/cronica-de-una-manifestacion-estudiantil-hostigada-por-la-tropa-de-choque-de-la-policia-militar\/","url":"https:\/\/www.pressenza.com\/es\/2015\/12\/cronica-de-una-manifestacion-estudiantil-hostigada-por-la-tropa-de-choque-de-la-policia-militar\/","name":"Cr\u00f3nica de una manifestaci\u00f3n estudiantil hostigada por la \u201cTropa de Choque\u201d de la Polic\u00eda Militar","isPartOf":{"@id":"https:\/\/www.pressenza.com\/es\/#website"},"primaryImageOfPage":{"@id":"https:\/\/www.pressenza.com\/es\/2015\/12\/cronica-de-una-manifestacion-estudiantil-hostigada-por-la-tropa-de-choque-de-la-policia-militar\/#primaryimage"},"image":{"@id":"https:\/\/www.pressenza.com\/es\/2015\/12\/cronica-de-una-manifestacion-estudiantil-hostigada-por-la-tropa-de-choque-de-la-policia-militar\/#primaryimage"},"thumbnailUrl":"https:\/\/www.pressenza.com\/wp-content\/uploads\/2015\/12\/estudiantes-san-pablo.jpg","datePublished":"2015-12-22T16:25:29+00:00","dateModified":"2015-12-23T00:46:32+00:00","description":"Por Maria Eugenia Pirolo en San Pablo El 21 de diciembre, bajo una fr\u00eda llovizna gris, cientos de j\u00f3venes de las escuelas ocupadas de San Pablo comenzaron","breadcrumb":{"@id":"https:\/\/www.pressenza.com\/es\/2015\/12\/cronica-de-una-manifestacion-estudiantil-hostigada-por-la-tropa-de-choque-de-la-policia-militar\/#breadcrumb"},"inLanguage":"es","potentialAction":[{"@type":"ReadAction","target":["https:\/\/www.pressenza.com\/es\/2015\/12\/cronica-de-una-manifestacion-estudiantil-hostigada-por-la-tropa-de-choque-de-la-policia-militar\/"]}]},{"@type":"ImageObject","inLanguage":"es","@id":"https:\/\/www.pressenza.com\/es\/2015\/12\/cronica-de-una-manifestacion-estudiantil-hostigada-por-la-tropa-de-choque-de-la-policia-militar\/#primaryimage","url":"https:\/\/www.pressenza.com\/wp-content\/uploads\/2015\/12\/estudiantes-san-pablo.jpg","contentUrl":"https:\/\/www.pressenza.com\/wp-content\/uploads\/2015\/12\/estudiantes-san-pablo.jpg","width":1024,"height":768},{"@type":"BreadcrumbList","@id":"https:\/\/www.pressenza.com\/es\/2015\/12\/cronica-de-una-manifestacion-estudiantil-hostigada-por-la-tropa-de-choque-de-la-policia-militar\/#breadcrumb","itemListElement":[{"@type":"ListItem","position":1,"name":"Accueil","item":"https:\/\/www.pressenza.com\/es\/"},{"@type":"ListItem","position":2,"name":"Cr\u00f3nica de una manifestaci\u00f3n estudiantil hostigada por la \u201cTropa de Choque\u201d de la Polic\u00eda Militar"}]},{"@type":"WebSite","@id":"https:\/\/www.pressenza.com\/es\/#website","url":"https:\/\/www.pressenza.com\/es\/","name":"Pressenza","description":"International Press Agency","publisher":{"@id":"https:\/\/www.pressenza.com\/es\/#organization"},"potentialAction":[{"@type":"SearchAction","target":{"@type":"EntryPoint","urlTemplate":"https:\/\/www.pressenza.com\/es\/?s={search_term_string}"},"query-input":{"@type":"PropertyValueSpecification","valueRequired":true,"valueName":"search_term_string"}}],"inLanguage":"es"},{"@type":"Organization","@id":"https:\/\/www.pressenza.com\/es\/#organization","name":"Pressenza","url":"https:\/\/www.pressenza.com\/es\/","logo":{"@type":"ImageObject","inLanguage":"es","@id":"https:\/\/www.pressenza.com\/es\/#\/schema\/logo\/image\/","url":"https:\/\/www.pressenza.com\/wp-content\/uploads\/2022\/10\/pressenza_logo_200x200.jpg","contentUrl":"https:\/\/www.pressenza.com\/wp-content\/uploads\/2022\/10\/pressenza_logo_200x200.jpg","width":200,"height":200,"caption":"Pressenza"},"image":{"@id":"https:\/\/www.pressenza.com\/es\/#\/schema\/logo\/image\/"},"sameAs":["https:\/\/www.facebook.com\/PressenzaItalia","https:\/\/x.com\/PressenzaIPA"]},{"@type":"Person","@id":"https:\/\/www.pressenza.com\/es\/#\/schema\/person\/d171826afb7693cfc394da95892bfd93","name":"Reda\u00e7\u00e3o S\u00e3o Paulo","description":"News from the Pressenza bureau in Sao Paulo, Brazil","sameAs":["https:\/\/www.facebook.com\/PressenzaPortugues","https:\/\/x.com\/pressenza_pt"],"url":"https:\/\/www.pressenza.com\/es\/author\/redaccao-sao-paulo\/"}]}},"place":"","original_article_url":"","_links":{"self":[{"href":"https:\/\/www.pressenza.com\/es\/wp-json\/wp\/v2\/posts\/261122","targetHints":{"allow":["GET"]}}],"collection":[{"href":"https:\/\/www.pressenza.com\/es\/wp-json\/wp\/v2\/posts"}],"about":[{"href":"https:\/\/www.pressenza.com\/es\/wp-json\/wp\/v2\/types\/post"}],"author":[{"embeddable":true,"href":"https:\/\/www.pressenza.com\/es\/wp-json\/wp\/v2\/users\/44"}],"replies":[{"embeddable":true,"href":"https:\/\/www.pressenza.com\/es\/wp-json\/wp\/v2\/comments?post=261122"}],"version-history":[{"count":0,"href":"https:\/\/www.pressenza.com\/es\/wp-json\/wp\/v2\/posts\/261122\/revisions"}],"wp:featuredmedia":[{"embeddable":true,"href":"https:\/\/www.pressenza.com\/es\/wp-json\/wp\/v2\/media\/261124"}],"wp:attachment":[{"href":"https:\/\/www.pressenza.com\/es\/wp-json\/wp\/v2\/media?parent=261122"}],"wp:term":[{"taxonomy":"category","embeddable":true,"href":"https:\/\/www.pressenza.com\/es\/wp-json\/wp\/v2\/categories?post=261122"},{"taxonomy":"post_tag","embeddable":true,"href":"https:\/\/www.pressenza.com\/es\/wp-json\/wp\/v2\/tags?post=261122"}],"curies":[{"name":"wp","href":"https:\/\/api.w.org\/{rel}","templated":true}]}}