{"id":261016,"date":"2015-12-21T23:21:27","date_gmt":"2015-12-21T23:21:27","guid":{"rendered":"http:\/\/www.pressenza.com\/es\/?p=261016"},"modified":"2015-12-21T23:21:27","modified_gmt":"2015-12-21T23:21:27","slug":"marcha-nacional-x-la-educacion-ni-un-peso-mas-al-mercado-educacion-publica-gratuita-y-de-calidad","status":"publish","type":"post","link":"https:\/\/www.pressenza.com\/es\/2015\/12\/marcha-nacional-x-la-educacion-ni-un-peso-mas-al-mercado-educacion-publica-gratuita-y-de-calidad\/","title":{"rendered":"Marcha nacional x la educaci\u00f3n: Ni un peso m\u00e1s al mercado. Educaci\u00f3n p\u00fablica, gratuita y de calidad"},"content":{"rendered":"<p>Con la consigna \u201cNi un peso m\u00e1s al mercado\u201d la CONFECH convoca a marchar en todo el pa\u00eds por una educaci\u00f3n chilena p\u00fablica, gratuita y de calidad. La marcha se desarrollar\u00e1 el 22\/12 y en Santiago el punto de encuentro es en Plaza de Armas. A continuaci\u00f3n la invitaci\u00f3n de la confederaci\u00f3n:<\/p>\n<p>Durante a\u00f1os, nos hemos movilizado para transformar la educaci\u00f3n chilena. P\u00fablica, gratuita y de calidad, son las principales banderas que levantan nuestras movilizaciones, para terminar con el lucro, la segregaci\u00f3n y la competencia que d\u00eda a dia reproducen desigualdades.<\/p>\n<p>El fortalecimiento a la Educaci\u00f3n P\u00fablica no puede darse desde una discusi\u00f3n meramente econ\u00f3mica, y menos a\u00fan excluyendo a tres universidades del Estado para otorgarle \u201cgratuidad\u201d a las privadas sin ning\u00fan marco regulatorio.<\/p>\n<p>Las y los estudiantes lo hemos dicho fuerte y claro desde un principio que la gratuidad en los t\u00e9rminos que se plantea no es avanzar.<\/p>\n<p>Por una ley integral al sistema de educaci\u00f3n superior, este martes 22 convocamos a una marcha por el fortalecimiento a la a la educaci\u00f3n p\u00fablica!<\/p>\n<p>Convoca: CONFECH<\/p>\n","protected":false},"excerpt":{"rendered":"<p>Con la consigna \u201cNi un peso m\u00e1s al mercado\u201d la CONFECH convoca a marchar en todo el pa\u00eds por una educaci\u00f3n chilena p\u00fablica, gratuita y de calidad. La marcha se desarrollar\u00e1 el 22\/12 y en Santiago el punto de encuentro&hellip;<\/p>\n","protected":false},"author":43,"featured_media":261017,"comment_status":"closed","ping_status":"open","sticky":false,"template":"","format":"standard","meta":{"footnotes":""},"categories":[149,1230,67],"tags":[12108,394],"class_list":["post-261016","post","type-post","status-publish","format-standard","has-post-thumbnail","hentry","category-comunicados-de-prensa","category-educacion-tema","category-sudamerica","tag-confech","tag-protestas-sociales"],"yoast_head":"<!-- This site is optimized with the Yoast SEO plugin v27.1.1 - https:\/\/yoast.com\/product\/yoast-seo-wordpress\/ -->\n<title>Marcha nacional x la educaci\u00f3n: Ni un peso m\u00e1s al mercado. Educaci\u00f3n p\u00fablica, gratuita y de calidad<\/title>\n<meta name=\"description\" content=\"Con la consigna \u201cNi un peso m\u00e1s al mercado\u201d la CONFECH convoca a marchar en todo el pa\u00eds por una educaci\u00f3n chilena p\u00fablica, gratuita y de calidad. La\" \/>\n<meta name=\"robots\" content=\"index, follow, max-snippet:-1, max-image-preview:large, max-video-preview:-1\" \/>\n<link rel=\"canonical\" href=\"https:\/\/www.pressenza.com\/es\/2015\/12\/marcha-nacional-x-la-educacion-ni-un-peso-mas-al-mercado-educacion-publica-gratuita-y-de-calidad\/\" \/>\n<meta property=\"og:locale\" content=\"es_ES\" \/>\n<meta property=\"og:type\" content=\"article\" \/>\n<meta property=\"og:title\" content=\"Marcha nacional x la educaci\u00f3n: Ni un peso m\u00e1s al mercado. Educaci\u00f3n p\u00fablica, gratuita y de calidad\" \/>\n<meta property=\"og:description\" content=\"Con la consigna \u201cNi un peso m\u00e1s al mercado\u201d la CONFECH convoca a marchar en todo el pa\u00eds por una educaci\u00f3n chilena p\u00fablica, gratuita y de calidad. La\" \/>\n<meta property=\"og:url\" content=\"https:\/\/www.pressenza.com\/es\/2015\/12\/marcha-nacional-x-la-educacion-ni-un-peso-mas-al-mercado-educacion-publica-gratuita-y-de-calidad\/\" \/>\n<meta property=\"og:site_name\" content=\"Pressenza\" \/>\n<meta property=\"article:publisher\" content=\"https:\/\/www.facebook.com\/PressenzaItalia\" \/>\n<meta property=\"article:author\" content=\"https:\/\/www.facebook.com\/pressenza\" \/>\n<meta property=\"article:published_time\" content=\"2015-12-21T23:21:27+00:00\" \/>\n<meta property=\"og:image\" content=\"https:\/\/www.pressenza.com\/wp-content\/uploads\/2015\/12\/marcha-nacional-educacion-22-12-800x533.jpg\" \/>\n\t<meta property=\"og:image:width\" content=\"800\" \/>\n\t<meta property=\"og:image:height\" content=\"533\" \/>\n\t<meta property=\"og:image:type\" content=\"image\/jpeg\" \/>\n<meta name=\"author\" content=\"Redacci\u00f3n Chile\" \/>\n<meta name=\"twitter:card\" content=\"summary_large_image\" \/>\n<meta name=\"twitter:creator\" content=\"@pressenza\" \/>\n<meta name=\"twitter:site\" content=\"@PressenzaIPA\" \/>\n<meta name=\"twitter:label1\" content=\"Escrito por\" \/>\n\t<meta name=\"twitter:data1\" content=\"Redacci\u00f3n Chile\" \/>\n\t<meta name=\"twitter:label2\" content=\"Tiempo de lectura\" \/>\n\t<meta name=\"twitter:data2\" content=\"1 minuto\" \/>\n<script type=\"application\/ld+json\" class=\"yoast-schema-graph\">{\"@context\":\"https:\/\/schema.org\",\"@graph\":[{\"@type\":\"Article\",\"@id\":\"https:\/\/www.pressenza.com\/es\/2015\/12\/marcha-nacional-x-la-educacion-ni-un-peso-mas-al-mercado-educacion-publica-gratuita-y-de-calidad\/#article\",\"isPartOf\":{\"@id\":\"https:\/\/www.pressenza.com\/es\/2015\/12\/marcha-nacional-x-la-educacion-ni-un-peso-mas-al-mercado-educacion-publica-gratuita-y-de-calidad\/\"},\"author\":{\"name\":\"Redacci\u00f3n Chile\",\"@id\":\"https:\/\/www.pressenza.com\/es\/#\/schema\/person\/d7db40df35d6698ba69ba9ee260944ed\"},\"headline\":\"Marcha nacional x la educaci\u00f3n: Ni un peso m\u00e1s al mercado. Educaci\u00f3n p\u00fablica, gratuita y de calidad\",\"datePublished\":\"2015-12-21T23:21:27+00:00\",\"mainEntityOfPage\":{\"@id\":\"https:\/\/www.pressenza.com\/es\/2015\/12\/marcha-nacional-x-la-educacion-ni-un-peso-mas-al-mercado-educacion-publica-gratuita-y-de-calidad\/\"},\"wordCount\":217,\"publisher\":{\"@id\":\"https:\/\/www.pressenza.com\/es\/#organization\"},\"image\":{\"@id\":\"https:\/\/www.pressenza.com\/es\/2015\/12\/marcha-nacional-x-la-educacion-ni-un-peso-mas-al-mercado-educacion-publica-gratuita-y-de-calidad\/#primaryimage\"},\"thumbnailUrl\":\"https:\/\/www.pressenza.com\/wp-content\/uploads\/2015\/12\/marcha-nacional-educacion-22-12-800x533.jpg\",\"keywords\":[\"CONFECH\",\"protestas sociales\"],\"articleSection\":[\"Comunicados de Prensa\",\"Educaci\u00f3n\",\"Sudam\u00e9rica\"],\"inLanguage\":\"es\"},{\"@type\":\"WebPage\",\"@id\":\"https:\/\/www.pressenza.com\/es\/2015\/12\/marcha-nacional-x-la-educacion-ni-un-peso-mas-al-mercado-educacion-publica-gratuita-y-de-calidad\/\",\"url\":\"https:\/\/www.pressenza.com\/es\/2015\/12\/marcha-nacional-x-la-educacion-ni-un-peso-mas-al-mercado-educacion-publica-gratuita-y-de-calidad\/\",\"name\":\"Marcha nacional x la educaci\u00f3n: Ni un peso m\u00e1s al mercado. Educaci\u00f3n p\u00fablica, gratuita y de calidad\",\"isPartOf\":{\"@id\":\"https:\/\/www.pressenza.com\/es\/#website\"},\"primaryImageOfPage\":{\"@id\":\"https:\/\/www.pressenza.com\/es\/2015\/12\/marcha-nacional-x-la-educacion-ni-un-peso-mas-al-mercado-educacion-publica-gratuita-y-de-calidad\/#primaryimage\"},\"image\":{\"@id\":\"https:\/\/www.pressenza.com\/es\/2015\/12\/marcha-nacional-x-la-educacion-ni-un-peso-mas-al-mercado-educacion-publica-gratuita-y-de-calidad\/#primaryimage\"},\"thumbnailUrl\":\"https:\/\/www.pressenza.com\/wp-content\/uploads\/2015\/12\/marcha-nacional-educacion-22-12-800x533.jpg\",\"datePublished\":\"2015-12-21T23:21:27+00:00\",\"description\":\"Con la consigna \u201cNi un peso m\u00e1s al mercado\u201d la CONFECH convoca a marchar en todo el pa\u00eds por una educaci\u00f3n chilena p\u00fablica, gratuita y de calidad. La\",\"breadcrumb\":{\"@id\":\"https:\/\/www.pressenza.com\/es\/2015\/12\/marcha-nacional-x-la-educacion-ni-un-peso-mas-al-mercado-educacion-publica-gratuita-y-de-calidad\/#breadcrumb\"},\"inLanguage\":\"es\",\"potentialAction\":[{\"@type\":\"ReadAction\",\"target\":[\"https:\/\/www.pressenza.com\/es\/2015\/12\/marcha-nacional-x-la-educacion-ni-un-peso-mas-al-mercado-educacion-publica-gratuita-y-de-calidad\/\"]}]},{\"@type\":\"ImageObject\",\"inLanguage\":\"es\",\"@id\":\"https:\/\/www.pressenza.com\/es\/2015\/12\/marcha-nacional-x-la-educacion-ni-un-peso-mas-al-mercado-educacion-publica-gratuita-y-de-calidad\/#primaryimage\",\"url\":\"https:\/\/www.pressenza.com\/wp-content\/uploads\/2015\/12\/marcha-nacional-educacion-22-12-800x533.jpg\",\"contentUrl\":\"https:\/\/www.pressenza.com\/wp-content\/uploads\/2015\/12\/marcha-nacional-educacion-22-12-800x533.jpg\",\"width\":800,\"height\":533},{\"@type\":\"BreadcrumbList\",\"@id\":\"https:\/\/www.pressenza.com\/es\/2015\/12\/marcha-nacional-x-la-educacion-ni-un-peso-mas-al-mercado-educacion-publica-gratuita-y-de-calidad\/#breadcrumb\",\"itemListElement\":[{\"@type\":\"ListItem\",\"position\":1,\"name\":\"Accueil\",\"item\":\"https:\/\/www.pressenza.com\/es\/\"},{\"@type\":\"ListItem\",\"position\":2,\"name\":\"Marcha nacional x la educaci\u00f3n: Ni un peso m\u00e1s al mercado. Educaci\u00f3n p\u00fablica, gratuita y de calidad\"}]},{\"@type\":\"WebSite\",\"@id\":\"https:\/\/www.pressenza.com\/es\/#website\",\"url\":\"https:\/\/www.pressenza.com\/es\/\",\"name\":\"Pressenza\",\"description\":\"International Press Agency\",\"publisher\":{\"@id\":\"https:\/\/www.pressenza.com\/es\/#organization\"},\"potentialAction\":[{\"@type\":\"SearchAction\",\"target\":{\"@type\":\"EntryPoint\",\"urlTemplate\":\"https:\/\/www.pressenza.com\/es\/?s={search_term_string}\"},\"query-input\":{\"@type\":\"PropertyValueSpecification\",\"valueRequired\":true,\"valueName\":\"search_term_string\"}}],\"inLanguage\":\"es\"},{\"@type\":\"Organization\",\"@id\":\"https:\/\/www.pressenza.com\/es\/#organization\",\"name\":\"Pressenza\",\"url\":\"https:\/\/www.pressenza.com\/es\/\",\"logo\":{\"@type\":\"ImageObject\",\"inLanguage\":\"es\",\"@id\":\"https:\/\/www.pressenza.com\/es\/#\/schema\/logo\/image\/\",\"url\":\"https:\/\/www.pressenza.com\/wp-content\/uploads\/2022\/10\/pressenza_logo_200x200.jpg\",\"contentUrl\":\"https:\/\/www.pressenza.com\/wp-content\/uploads\/2022\/10\/pressenza_logo_200x200.jpg\",\"width\":200,\"height\":200,\"caption\":\"Pressenza\"},\"image\":{\"@id\":\"https:\/\/www.pressenza.com\/es\/#\/schema\/logo\/image\/\"},\"sameAs\":[\"https:\/\/www.facebook.com\/PressenzaItalia\",\"https:\/\/x.com\/PressenzaIPA\"]},{\"@type\":\"Person\",\"@id\":\"https:\/\/www.pressenza.com\/es\/#\/schema\/person\/d7db40df35d6698ba69ba9ee260944ed\",\"name\":\"Redacci\u00f3n Chile\",\"description\":\"News from the Pressenza Bureau in Chile\",\"sameAs\":[\"https:\/\/www.facebook.com\/pressenza\",\"https:\/\/x.com\/pressenza\"],\"url\":\"https:\/\/www.pressenza.com\/es\/author\/redaccion-chile\/\"}]}<\/script>\n<!-- \/ Yoast SEO plugin. -->","yoast_head_json":{"title":"Marcha nacional x la educaci\u00f3n: Ni un peso m\u00e1s al mercado. Educaci\u00f3n p\u00fablica, gratuita y de calidad","description":"Con la consigna \u201cNi un peso m\u00e1s al mercado\u201d la CONFECH convoca a marchar en todo el pa\u00eds por una educaci\u00f3n chilena p\u00fablica, gratuita y de calidad. La","robots":{"index":"index","follow":"follow","max-snippet":"max-snippet:-1","max-image-preview":"max-image-preview:large","max-video-preview":"max-video-preview:-1"},"canonical":"https:\/\/www.pressenza.com\/es\/2015\/12\/marcha-nacional-x-la-educacion-ni-un-peso-mas-al-mercado-educacion-publica-gratuita-y-de-calidad\/","og_locale":"es_ES","og_type":"article","og_title":"Marcha nacional x la educaci\u00f3n: Ni un peso m\u00e1s al mercado. Educaci\u00f3n p\u00fablica, gratuita y de calidad","og_description":"Con la consigna \u201cNi un peso m\u00e1s al mercado\u201d la CONFECH convoca a marchar en todo el pa\u00eds por una educaci\u00f3n chilena p\u00fablica, gratuita y de calidad. La","og_url":"https:\/\/www.pressenza.com\/es\/2015\/12\/marcha-nacional-x-la-educacion-ni-un-peso-mas-al-mercado-educacion-publica-gratuita-y-de-calidad\/","og_site_name":"Pressenza","article_publisher":"https:\/\/www.facebook.com\/PressenzaItalia","article_author":"https:\/\/www.facebook.com\/pressenza","article_published_time":"2015-12-21T23:21:27+00:00","og_image":[{"width":800,"height":533,"url":"https:\/\/www.pressenza.com\/wp-content\/uploads\/2015\/12\/marcha-nacional-educacion-22-12-800x533.jpg","type":"image\/jpeg"}],"author":"Redacci\u00f3n Chile","twitter_card":"summary_large_image","twitter_creator":"@pressenza","twitter_site":"@PressenzaIPA","twitter_misc":{"Escrito por":"Redacci\u00f3n Chile","Tiempo de lectura":"1 minuto"},"schema":{"@context":"https:\/\/schema.org","@graph":[{"@type":"Article","@id":"https:\/\/www.pressenza.com\/es\/2015\/12\/marcha-nacional-x-la-educacion-ni-un-peso-mas-al-mercado-educacion-publica-gratuita-y-de-calidad\/#article","isPartOf":{"@id":"https:\/\/www.pressenza.com\/es\/2015\/12\/marcha-nacional-x-la-educacion-ni-un-peso-mas-al-mercado-educacion-publica-gratuita-y-de-calidad\/"},"author":{"name":"Redacci\u00f3n Chile","@id":"https:\/\/www.pressenza.com\/es\/#\/schema\/person\/d7db40df35d6698ba69ba9ee260944ed"},"headline":"Marcha nacional x la educaci\u00f3n: Ni un peso m\u00e1s al mercado. Educaci\u00f3n p\u00fablica, gratuita y de calidad","datePublished":"2015-12-21T23:21:27+00:00","mainEntityOfPage":{"@id":"https:\/\/www.pressenza.com\/es\/2015\/12\/marcha-nacional-x-la-educacion-ni-un-peso-mas-al-mercado-educacion-publica-gratuita-y-de-calidad\/"},"wordCount":217,"publisher":{"@id":"https:\/\/www.pressenza.com\/es\/#organization"},"image":{"@id":"https:\/\/www.pressenza.com\/es\/2015\/12\/marcha-nacional-x-la-educacion-ni-un-peso-mas-al-mercado-educacion-publica-gratuita-y-de-calidad\/#primaryimage"},"thumbnailUrl":"https:\/\/www.pressenza.com\/wp-content\/uploads\/2015\/12\/marcha-nacional-educacion-22-12-800x533.jpg","keywords":["CONFECH","protestas sociales"],"articleSection":["Comunicados de Prensa","Educaci\u00f3n","Sudam\u00e9rica"],"inLanguage":"es"},{"@type":"WebPage","@id":"https:\/\/www.pressenza.com\/es\/2015\/12\/marcha-nacional-x-la-educacion-ni-un-peso-mas-al-mercado-educacion-publica-gratuita-y-de-calidad\/","url":"https:\/\/www.pressenza.com\/es\/2015\/12\/marcha-nacional-x-la-educacion-ni-un-peso-mas-al-mercado-educacion-publica-gratuita-y-de-calidad\/","name":"Marcha nacional x la educaci\u00f3n: Ni un peso m\u00e1s al mercado. Educaci\u00f3n p\u00fablica, gratuita y de calidad","isPartOf":{"@id":"https:\/\/www.pressenza.com\/es\/#website"},"primaryImageOfPage":{"@id":"https:\/\/www.pressenza.com\/es\/2015\/12\/marcha-nacional-x-la-educacion-ni-un-peso-mas-al-mercado-educacion-publica-gratuita-y-de-calidad\/#primaryimage"},"image":{"@id":"https:\/\/www.pressenza.com\/es\/2015\/12\/marcha-nacional-x-la-educacion-ni-un-peso-mas-al-mercado-educacion-publica-gratuita-y-de-calidad\/#primaryimage"},"thumbnailUrl":"https:\/\/www.pressenza.com\/wp-content\/uploads\/2015\/12\/marcha-nacional-educacion-22-12-800x533.jpg","datePublished":"2015-12-21T23:21:27+00:00","description":"Con la consigna \u201cNi un peso m\u00e1s al mercado\u201d la CONFECH convoca a marchar en todo el pa\u00eds por una educaci\u00f3n chilena p\u00fablica, gratuita y de calidad. La","breadcrumb":{"@id":"https:\/\/www.pressenza.com\/es\/2015\/12\/marcha-nacional-x-la-educacion-ni-un-peso-mas-al-mercado-educacion-publica-gratuita-y-de-calidad\/#breadcrumb"},"inLanguage":"es","potentialAction":[{"@type":"ReadAction","target":["https:\/\/www.pressenza.com\/es\/2015\/12\/marcha-nacional-x-la-educacion-ni-un-peso-mas-al-mercado-educacion-publica-gratuita-y-de-calidad\/"]}]},{"@type":"ImageObject","inLanguage":"es","@id":"https:\/\/www.pressenza.com\/es\/2015\/12\/marcha-nacional-x-la-educacion-ni-un-peso-mas-al-mercado-educacion-publica-gratuita-y-de-calidad\/#primaryimage","url":"https:\/\/www.pressenza.com\/wp-content\/uploads\/2015\/12\/marcha-nacional-educacion-22-12-800x533.jpg","contentUrl":"https:\/\/www.pressenza.com\/wp-content\/uploads\/2015\/12\/marcha-nacional-educacion-22-12-800x533.jpg","width":800,"height":533},{"@type":"BreadcrumbList","@id":"https:\/\/www.pressenza.com\/es\/2015\/12\/marcha-nacional-x-la-educacion-ni-un-peso-mas-al-mercado-educacion-publica-gratuita-y-de-calidad\/#breadcrumb","itemListElement":[{"@type":"ListItem","position":1,"name":"Accueil","item":"https:\/\/www.pressenza.com\/es\/"},{"@type":"ListItem","position":2,"name":"Marcha nacional x la educaci\u00f3n: Ni un peso m\u00e1s al mercado. Educaci\u00f3n p\u00fablica, gratuita y de calidad"}]},{"@type":"WebSite","@id":"https:\/\/www.pressenza.com\/es\/#website","url":"https:\/\/www.pressenza.com\/es\/","name":"Pressenza","description":"International Press Agency","publisher":{"@id":"https:\/\/www.pressenza.com\/es\/#organization"},"potentialAction":[{"@type":"SearchAction","target":{"@type":"EntryPoint","urlTemplate":"https:\/\/www.pressenza.com\/es\/?s={search_term_string}"},"query-input":{"@type":"PropertyValueSpecification","valueRequired":true,"valueName":"search_term_string"}}],"inLanguage":"es"},{"@type":"Organization","@id":"https:\/\/www.pressenza.com\/es\/#organization","name":"Pressenza","url":"https:\/\/www.pressenza.com\/es\/","logo":{"@type":"ImageObject","inLanguage":"es","@id":"https:\/\/www.pressenza.com\/es\/#\/schema\/logo\/image\/","url":"https:\/\/www.pressenza.com\/wp-content\/uploads\/2022\/10\/pressenza_logo_200x200.jpg","contentUrl":"https:\/\/www.pressenza.com\/wp-content\/uploads\/2022\/10\/pressenza_logo_200x200.jpg","width":200,"height":200,"caption":"Pressenza"},"image":{"@id":"https:\/\/www.pressenza.com\/es\/#\/schema\/logo\/image\/"},"sameAs":["https:\/\/www.facebook.com\/PressenzaItalia","https:\/\/x.com\/PressenzaIPA"]},{"@type":"Person","@id":"https:\/\/www.pressenza.com\/es\/#\/schema\/person\/d7db40df35d6698ba69ba9ee260944ed","name":"Redacci\u00f3n Chile","description":"News from the Pressenza Bureau in Chile","sameAs":["https:\/\/www.facebook.com\/pressenza","https:\/\/x.com\/pressenza"],"url":"https:\/\/www.pressenza.com\/es\/author\/redaccion-chile\/"}]}},"place":"Santiago de Chile","original_article_url":"","_links":{"self":[{"href":"https:\/\/www.pressenza.com\/es\/wp-json\/wp\/v2\/posts\/261016","targetHints":{"allow":["GET"]}}],"collection":[{"href":"https:\/\/www.pressenza.com\/es\/wp-json\/wp\/v2\/posts"}],"about":[{"href":"https:\/\/www.pressenza.com\/es\/wp-json\/wp\/v2\/types\/post"}],"author":[{"embeddable":true,"href":"https:\/\/www.pressenza.com\/es\/wp-json\/wp\/v2\/users\/43"}],"replies":[{"embeddable":true,"href":"https:\/\/www.pressenza.com\/es\/wp-json\/wp\/v2\/comments?post=261016"}],"version-history":[{"count":0,"href":"https:\/\/www.pressenza.com\/es\/wp-json\/wp\/v2\/posts\/261016\/revisions"}],"wp:featuredmedia":[{"embeddable":true,"href":"https:\/\/www.pressenza.com\/es\/wp-json\/wp\/v2\/media\/261017"}],"wp:attachment":[{"href":"https:\/\/www.pressenza.com\/es\/wp-json\/wp\/v2\/media?parent=261016"}],"wp:term":[{"taxonomy":"category","embeddable":true,"href":"https:\/\/www.pressenza.com\/es\/wp-json\/wp\/v2\/categories?post=261016"},{"taxonomy":"post_tag","embeddable":true,"href":"https:\/\/www.pressenza.com\/es\/wp-json\/wp\/v2\/tags?post=261016"}],"curies":[{"name":"wp","href":"https:\/\/api.w.org\/{rel}","templated":true}]}}