{"id":2609357,"date":"2025-06-05T19:07:41","date_gmt":"2025-06-05T18:07:41","guid":{"rendered":"https:\/\/www.pressenza.com\/?p=2609357"},"modified":"2025-06-05T19:07:41","modified_gmt":"2025-06-05T18:07:41","slug":"caso-monsalve-justicia-a-la-carta","status":"publish","type":"post","link":"https:\/\/www.pressenza.com\/es\/2025\/06\/caso-monsalve-justicia-a-la-carta\/","title":{"rendered":"Caso Monsalve \u00bfJusticia a la carta?"},"content":{"rendered":"<p>No, justicia con principio, con independencia y con dignidad.<\/p>\n<p>Respuesta institucional tras la resoluci\u00f3n de la Corte Suprema sobre Manuel Monsalve.<\/p>\n<p>Seis meses despu\u00e9s de iniciada una ofensiva judicial y medi\u00e1tica en contra del ex subsecretario Manuel Monsalve (orquestada con m\u00e1s sospecha que pruebas, y m\u00e1s c\u00e1lculo pol\u00edtico que vocaci\u00f3n de verdad) la Corte Suprema, por 4 votos contra 1, ha determinado que Monsalve enfrentar\u00e1 el proceso en libertad, bajo estricta vigilancia domiciliaria.<\/p>\n<p>No se trata de impunidad. Se trata de principio de inocencia, piedra angular del Estado de Derecho. Se trata de derechos humanos, incluso para los que han sido acusados.<\/p>\n<p>Y se trata tambi\u00e9n de decir las cosas como son, el gobierno del Presidente Boric jam\u00e1s intervino en este proceso ni para influir ni para proteger a nadie, pese a la campa\u00f1a incansable que busc\u00f3 desde el primer d\u00eda convertir una causa penal en una cacer\u00eda pol\u00edtica.<\/p>\n<p>Los mismos que gritaban \u201ccaiga quien caiga\u201d, ahora acusan encubrimiento cuando la justicia (la misma que dec\u00edan defender) no les da la raz\u00f3n.<\/p>\n<p>Lo mismo que periodistas que antes levantaba al fiscal Cooper como estandarte de integridad y ahora guardan silencio cuando la Corte lo desautoriza.<\/p>\n<p>Lo mismo candidatos de derecha que, sin pruebas, sugieren intervenci\u00f3n del Ejecutivo en cada resoluci\u00f3n que no les acomoda.<\/p>\n<p>La justicia no funciona solo cuando condena. Tambi\u00e9n funciona (y con m\u00e1s nobleza a\u00fan) cuando garantiza los derechos del acusado. Porque sin presunci\u00f3n de inocencia no hay democracia, hay inquisici\u00f3n.<\/p>\n<p>Sin debido proceso no hay justicia, hay revancha. Lo que ha hecho la Corte Suprema no es salvar a un hombre, sino preservar la esencia misma de la Rep\u00fablica, el respeto al derecho, incluso cuando no coincide con la conveniencia pol\u00edtica de algunos.<\/p>\n<p>Monsalve, funcionario de trayectoria limpia, ha sostenido su inocencia sin instrumentalizar el poder pol\u00edtico.<\/p>\n<p>Su defensa ha sido jur\u00eddica, no medi\u00e1tica. Ha enfrentado una causa injusta, pero no ha pedido atajos.<\/p>\n<p>Y hoy la justicia le reconoce ese derecho, a defenderse con libertad, con la frente en alto, y con la dignidad intacta.<\/p>\n<p>Y s\u00ed, como dicen los periodistas de columnas, que las instituciones funcionen.<\/p>\n<p>Pero que funcionen con justicia, no con linchamiento preventivo.<\/p>\n<p>Que funcionen sin titulares que dictan sentencia.<\/p>\n<p>Que funcionen tambi\u00e9n cuando el fallo no favorece a la oposici\u00f3n o a ciertos opin\u00f3logos.<\/p>\n<p>Que funcionen, s\u00ed. Pero sin manipulaci\u00f3n, sin far\u00e1ndula, sin vendettas. Con justicia verdadera. Con derechos humanos para todos. Con una Rep\u00fablica que se respete a s\u00ed misma.<\/p>\n","protected":false},"excerpt":{"rendered":"<p>No, justicia con principio, con independencia y con dignidad. Respuesta institucional tras la resoluci\u00f3n de la Corte Suprema sobre Manuel Monsalve. Seis meses despu\u00e9s de iniciada una ofensiva judicial y medi\u00e1tica en contra del ex subsecretario Manuel Monsalve (orquestada con&hellip;<\/p>\n","protected":false},"author":2493,"featured_media":2609359,"comment_status":"closed","ping_status":"closed","sticky":false,"template":"","format":"standard","meta":{"footnotes":""},"categories":[11389,79,161,67],"tags":[29,398,128630],"class_list":["post-2609357","post","type-post","status-publish","format-standard","has-post-thumbnail","hentry","category-contenido-original","category-derechos-humanos","category-opiniones","category-sudamerica","tag-chile","tag-justicia","tag-manuel-monsalve"],"yoast_head":"<!-- This site is optimized with the Yoast SEO plugin v27.1.1 - https:\/\/yoast.com\/product\/yoast-seo-wordpress\/ -->\n<title>Caso Monsalve \u00bfJusticia a la carta?<\/title>\n<meta name=\"description\" content=\"No, justicia con principio, con independencia y con dignidad. Respuesta institucional tras la resoluci\u00f3n de la Corte Suprema sobre Manuel Monsalve. Seis\" \/>\n<meta name=\"robots\" content=\"index, follow, max-snippet:-1, max-image-preview:large, max-video-preview:-1\" \/>\n<link rel=\"canonical\" href=\"https:\/\/www.pressenza.com\/es\/2025\/06\/caso-monsalve-justicia-a-la-carta\/\" \/>\n<meta property=\"og:locale\" content=\"es_ES\" \/>\n<meta property=\"og:type\" content=\"article\" \/>\n<meta property=\"og:title\" content=\"Caso Monsalve \u00bfJusticia a la carta?\" \/>\n<meta property=\"og:description\" content=\"No, justicia con principio, con independencia y con dignidad. Respuesta institucional tras la resoluci\u00f3n de la Corte Suprema sobre Manuel Monsalve. Seis\" \/>\n<meta property=\"og:url\" content=\"https:\/\/www.pressenza.com\/es\/2025\/06\/caso-monsalve-justicia-a-la-carta\/\" \/>\n<meta property=\"og:site_name\" content=\"Pressenza\" \/>\n<meta property=\"article:publisher\" content=\"https:\/\/www.facebook.com\/PressenzaItalia\" \/>\n<meta property=\"article:published_time\" content=\"2025-06-05T18:07:41+00:00\" \/>\n<meta property=\"og:image\" content=\"https:\/\/www.pressenza.com\/wp-content\/uploads\/2025\/06\/manuel-monsalve.jpg\" \/>\n\t<meta property=\"og:image:width\" content=\"900\" \/>\n\t<meta property=\"og:image:height\" content=\"601\" \/>\n\t<meta property=\"og:image:type\" content=\"image\/jpeg\" \/>\n<meta name=\"author\" content=\"Mauricio Herrera Kahn\" \/>\n<meta name=\"twitter:card\" content=\"summary_large_image\" \/>\n<meta name=\"twitter:creator\" content=\"@PressenzaIPA\" \/>\n<meta name=\"twitter:site\" content=\"@PressenzaIPA\" \/>\n<meta name=\"twitter:label1\" content=\"Escrito por\" \/>\n\t<meta name=\"twitter:data1\" content=\"Mauricio Herrera Kahn\" \/>\n\t<meta name=\"twitter:label2\" content=\"Tiempo de lectura\" \/>\n\t<meta name=\"twitter:data2\" content=\"2 minutos\" \/>\n<script type=\"application\/ld+json\" class=\"yoast-schema-graph\">{\"@context\":\"https:\/\/schema.org\",\"@graph\":[{\"@type\":\"Article\",\"@id\":\"https:\/\/www.pressenza.com\/es\/2025\/06\/caso-monsalve-justicia-a-la-carta\/#article\",\"isPartOf\":{\"@id\":\"https:\/\/www.pressenza.com\/es\/2025\/06\/caso-monsalve-justicia-a-la-carta\/\"},\"author\":{\"name\":\"Mauricio Herrera Kahn\",\"@id\":\"https:\/\/www.pressenza.com\/es\/#\/schema\/person\/1d64caef2c28d4b0cae6de277a77d314\"},\"headline\":\"Caso Monsalve \u00bfJusticia a la carta?\",\"datePublished\":\"2025-06-05T18:07:41+00:00\",\"mainEntityOfPage\":{\"@id\":\"https:\/\/www.pressenza.com\/es\/2025\/06\/caso-monsalve-justicia-a-la-carta\/\"},\"wordCount\":448,\"publisher\":{\"@id\":\"https:\/\/www.pressenza.com\/es\/#organization\"},\"image\":{\"@id\":\"https:\/\/www.pressenza.com\/es\/2025\/06\/caso-monsalve-justicia-a-la-carta\/#primaryimage\"},\"thumbnailUrl\":\"https:\/\/www.pressenza.com\/wp-content\/uploads\/2025\/06\/manuel-monsalve.jpg\",\"keywords\":[\"Chile\",\"justicia\",\"Manuel Monsalve\"],\"articleSection\":[\"Contenido Original\",\"Derechos Humanos\",\"Opiniones\",\"Sudam\u00e9rica\"],\"inLanguage\":\"es\"},{\"@type\":\"WebPage\",\"@id\":\"https:\/\/www.pressenza.com\/es\/2025\/06\/caso-monsalve-justicia-a-la-carta\/\",\"url\":\"https:\/\/www.pressenza.com\/es\/2025\/06\/caso-monsalve-justicia-a-la-carta\/\",\"name\":\"Caso Monsalve \u00bfJusticia a la carta?\",\"isPartOf\":{\"@id\":\"https:\/\/www.pressenza.com\/es\/#website\"},\"primaryImageOfPage\":{\"@id\":\"https:\/\/www.pressenza.com\/es\/2025\/06\/caso-monsalve-justicia-a-la-carta\/#primaryimage\"},\"image\":{\"@id\":\"https:\/\/www.pressenza.com\/es\/2025\/06\/caso-monsalve-justicia-a-la-carta\/#primaryimage\"},\"thumbnailUrl\":\"https:\/\/www.pressenza.com\/wp-content\/uploads\/2025\/06\/manuel-monsalve.jpg\",\"datePublished\":\"2025-06-05T18:07:41+00:00\",\"description\":\"No, justicia con principio, con independencia y con dignidad. Respuesta institucional tras la resoluci\u00f3n de la Corte Suprema sobre Manuel Monsalve. Seis\",\"breadcrumb\":{\"@id\":\"https:\/\/www.pressenza.com\/es\/2025\/06\/caso-monsalve-justicia-a-la-carta\/#breadcrumb\"},\"inLanguage\":\"es\",\"potentialAction\":[{\"@type\":\"ReadAction\",\"target\":[\"https:\/\/www.pressenza.com\/es\/2025\/06\/caso-monsalve-justicia-a-la-carta\/\"]}]},{\"@type\":\"ImageObject\",\"inLanguage\":\"es\",\"@id\":\"https:\/\/www.pressenza.com\/es\/2025\/06\/caso-monsalve-justicia-a-la-carta\/#primaryimage\",\"url\":\"https:\/\/www.pressenza.com\/wp-content\/uploads\/2025\/06\/manuel-monsalve.jpg\",\"contentUrl\":\"https:\/\/www.pressenza.com\/wp-content\/uploads\/2025\/06\/manuel-monsalve.jpg\",\"width\":900,\"height\":601},{\"@type\":\"BreadcrumbList\",\"@id\":\"https:\/\/www.pressenza.com\/es\/2025\/06\/caso-monsalve-justicia-a-la-carta\/#breadcrumb\",\"itemListElement\":[{\"@type\":\"ListItem\",\"position\":1,\"name\":\"Accueil\",\"item\":\"https:\/\/www.pressenza.com\/es\/\"},{\"@type\":\"ListItem\",\"position\":2,\"name\":\"Caso Monsalve \u00bfJusticia a la carta?\"}]},{\"@type\":\"WebSite\",\"@id\":\"https:\/\/www.pressenza.com\/es\/#website\",\"url\":\"https:\/\/www.pressenza.com\/es\/\",\"name\":\"Pressenza\",\"description\":\"International Press Agency\",\"publisher\":{\"@id\":\"https:\/\/www.pressenza.com\/es\/#organization\"},\"potentialAction\":[{\"@type\":\"SearchAction\",\"target\":{\"@type\":\"EntryPoint\",\"urlTemplate\":\"https:\/\/www.pressenza.com\/es\/?s={search_term_string}\"},\"query-input\":{\"@type\":\"PropertyValueSpecification\",\"valueRequired\":true,\"valueName\":\"search_term_string\"}}],\"inLanguage\":\"es\"},{\"@type\":\"Organization\",\"@id\":\"https:\/\/www.pressenza.com\/es\/#organization\",\"name\":\"Pressenza\",\"url\":\"https:\/\/www.pressenza.com\/es\/\",\"logo\":{\"@type\":\"ImageObject\",\"inLanguage\":\"es\",\"@id\":\"https:\/\/www.pressenza.com\/es\/#\/schema\/logo\/image\/\",\"url\":\"https:\/\/www.pressenza.com\/wp-content\/uploads\/2022\/10\/pressenza_logo_200x200.jpg\",\"contentUrl\":\"https:\/\/www.pressenza.com\/wp-content\/uploads\/2022\/10\/pressenza_logo_200x200.jpg\",\"width\":200,\"height\":200,\"caption\":\"Pressenza\"},\"image\":{\"@id\":\"https:\/\/www.pressenza.com\/es\/#\/schema\/logo\/image\/\"},\"sameAs\":[\"https:\/\/www.facebook.com\/PressenzaItalia\",\"https:\/\/x.com\/PressenzaIPA\"]},{\"@type\":\"Person\",\"@id\":\"https:\/\/www.pressenza.com\/es\/#\/schema\/person\/1d64caef2c28d4b0cae6de277a77d314\",\"name\":\"Mauricio Herrera Kahn\",\"description\":\"Mauricio Herrera Kahn, Mechanical Engineer graduated from the Technical University of Ecuador (UTE) in 1975, with more than 45 years of experience in the mining engineering and project development sector. He has held positions such as General Manager, Project Manager, and Head of Engineering at national and international companies, where he led studies and project execution under the EPCM (Engineering, Procurement, and Construction Management) model. He is currently General Manager at HyB Ingenieros, developing studies and analyses of new plants and processes with Capex and Opex at the engineering profile level. For several years, he has been writing articles and columns on national and international social, political, and economic analysis.\",\"url\":\"https:\/\/www.pressenza.com\/es\/author\/mauricio-herrera-kahn\/\"}]}<\/script>\n<!-- \/ Yoast SEO plugin. -->","yoast_head_json":{"title":"Caso Monsalve \u00bfJusticia a la carta?","description":"No, justicia con principio, con independencia y con dignidad. Respuesta institucional tras la resoluci\u00f3n de la Corte Suprema sobre Manuel Monsalve. Seis","robots":{"index":"index","follow":"follow","max-snippet":"max-snippet:-1","max-image-preview":"max-image-preview:large","max-video-preview":"max-video-preview:-1"},"canonical":"https:\/\/www.pressenza.com\/es\/2025\/06\/caso-monsalve-justicia-a-la-carta\/","og_locale":"es_ES","og_type":"article","og_title":"Caso Monsalve \u00bfJusticia a la carta?","og_description":"No, justicia con principio, con independencia y con dignidad. Respuesta institucional tras la resoluci\u00f3n de la Corte Suprema sobre Manuel Monsalve. Seis","og_url":"https:\/\/www.pressenza.com\/es\/2025\/06\/caso-monsalve-justicia-a-la-carta\/","og_site_name":"Pressenza","article_publisher":"https:\/\/www.facebook.com\/PressenzaItalia","article_published_time":"2025-06-05T18:07:41+00:00","og_image":[{"width":900,"height":601,"url":"https:\/\/www.pressenza.com\/wp-content\/uploads\/2025\/06\/manuel-monsalve.jpg","type":"image\/jpeg"}],"author":"Mauricio Herrera Kahn","twitter_card":"summary_large_image","twitter_creator":"@PressenzaIPA","twitter_site":"@PressenzaIPA","twitter_misc":{"Escrito por":"Mauricio Herrera Kahn","Tiempo de lectura":"2 minutos"},"schema":{"@context":"https:\/\/schema.org","@graph":[{"@type":"Article","@id":"https:\/\/www.pressenza.com\/es\/2025\/06\/caso-monsalve-justicia-a-la-carta\/#article","isPartOf":{"@id":"https:\/\/www.pressenza.com\/es\/2025\/06\/caso-monsalve-justicia-a-la-carta\/"},"author":{"name":"Mauricio Herrera Kahn","@id":"https:\/\/www.pressenza.com\/es\/#\/schema\/person\/1d64caef2c28d4b0cae6de277a77d314"},"headline":"Caso Monsalve \u00bfJusticia a la carta?","datePublished":"2025-06-05T18:07:41+00:00","mainEntityOfPage":{"@id":"https:\/\/www.pressenza.com\/es\/2025\/06\/caso-monsalve-justicia-a-la-carta\/"},"wordCount":448,"publisher":{"@id":"https:\/\/www.pressenza.com\/es\/#organization"},"image":{"@id":"https:\/\/www.pressenza.com\/es\/2025\/06\/caso-monsalve-justicia-a-la-carta\/#primaryimage"},"thumbnailUrl":"https:\/\/www.pressenza.com\/wp-content\/uploads\/2025\/06\/manuel-monsalve.jpg","keywords":["Chile","justicia","Manuel Monsalve"],"articleSection":["Contenido Original","Derechos Humanos","Opiniones","Sudam\u00e9rica"],"inLanguage":"es"},{"@type":"WebPage","@id":"https:\/\/www.pressenza.com\/es\/2025\/06\/caso-monsalve-justicia-a-la-carta\/","url":"https:\/\/www.pressenza.com\/es\/2025\/06\/caso-monsalve-justicia-a-la-carta\/","name":"Caso Monsalve \u00bfJusticia a la carta?","isPartOf":{"@id":"https:\/\/www.pressenza.com\/es\/#website"},"primaryImageOfPage":{"@id":"https:\/\/www.pressenza.com\/es\/2025\/06\/caso-monsalve-justicia-a-la-carta\/#primaryimage"},"image":{"@id":"https:\/\/www.pressenza.com\/es\/2025\/06\/caso-monsalve-justicia-a-la-carta\/#primaryimage"},"thumbnailUrl":"https:\/\/www.pressenza.com\/wp-content\/uploads\/2025\/06\/manuel-monsalve.jpg","datePublished":"2025-06-05T18:07:41+00:00","description":"No, justicia con principio, con independencia y con dignidad. Respuesta institucional tras la resoluci\u00f3n de la Corte Suprema sobre Manuel Monsalve. Seis","breadcrumb":{"@id":"https:\/\/www.pressenza.com\/es\/2025\/06\/caso-monsalve-justicia-a-la-carta\/#breadcrumb"},"inLanguage":"es","potentialAction":[{"@type":"ReadAction","target":["https:\/\/www.pressenza.com\/es\/2025\/06\/caso-monsalve-justicia-a-la-carta\/"]}]},{"@type":"ImageObject","inLanguage":"es","@id":"https:\/\/www.pressenza.com\/es\/2025\/06\/caso-monsalve-justicia-a-la-carta\/#primaryimage","url":"https:\/\/www.pressenza.com\/wp-content\/uploads\/2025\/06\/manuel-monsalve.jpg","contentUrl":"https:\/\/www.pressenza.com\/wp-content\/uploads\/2025\/06\/manuel-monsalve.jpg","width":900,"height":601},{"@type":"BreadcrumbList","@id":"https:\/\/www.pressenza.com\/es\/2025\/06\/caso-monsalve-justicia-a-la-carta\/#breadcrumb","itemListElement":[{"@type":"ListItem","position":1,"name":"Accueil","item":"https:\/\/www.pressenza.com\/es\/"},{"@type":"ListItem","position":2,"name":"Caso Monsalve \u00bfJusticia a la carta?"}]},{"@type":"WebSite","@id":"https:\/\/www.pressenza.com\/es\/#website","url":"https:\/\/www.pressenza.com\/es\/","name":"Pressenza","description":"International Press Agency","publisher":{"@id":"https:\/\/www.pressenza.com\/es\/#organization"},"potentialAction":[{"@type":"SearchAction","target":{"@type":"EntryPoint","urlTemplate":"https:\/\/www.pressenza.com\/es\/?s={search_term_string}"},"query-input":{"@type":"PropertyValueSpecification","valueRequired":true,"valueName":"search_term_string"}}],"inLanguage":"es"},{"@type":"Organization","@id":"https:\/\/www.pressenza.com\/es\/#organization","name":"Pressenza","url":"https:\/\/www.pressenza.com\/es\/","logo":{"@type":"ImageObject","inLanguage":"es","@id":"https:\/\/www.pressenza.com\/es\/#\/schema\/logo\/image\/","url":"https:\/\/www.pressenza.com\/wp-content\/uploads\/2022\/10\/pressenza_logo_200x200.jpg","contentUrl":"https:\/\/www.pressenza.com\/wp-content\/uploads\/2022\/10\/pressenza_logo_200x200.jpg","width":200,"height":200,"caption":"Pressenza"},"image":{"@id":"https:\/\/www.pressenza.com\/es\/#\/schema\/logo\/image\/"},"sameAs":["https:\/\/www.facebook.com\/PressenzaItalia","https:\/\/x.com\/PressenzaIPA"]},{"@type":"Person","@id":"https:\/\/www.pressenza.com\/es\/#\/schema\/person\/1d64caef2c28d4b0cae6de277a77d314","name":"Mauricio Herrera Kahn","description":"Mauricio Herrera Kahn, Mechanical Engineer graduated from the Technical University of Ecuador (UTE) in 1975, with more than 45 years of experience in the mining engineering and project development sector. He has held positions such as General Manager, Project Manager, and Head of Engineering at national and international companies, where he led studies and project execution under the EPCM (Engineering, Procurement, and Construction Management) model. He is currently General Manager at HyB Ingenieros, developing studies and analyses of new plants and processes with Capex and Opex at the engineering profile level. For several years, he has been writing articles and columns on national and international social, political, and economic analysis.","url":"https:\/\/www.pressenza.com\/es\/author\/mauricio-herrera-kahn\/"}]}},"place":"Santiago de Chile","original_article_url":"","_links":{"self":[{"href":"https:\/\/www.pressenza.com\/es\/wp-json\/wp\/v2\/posts\/2609357","targetHints":{"allow":["GET"]}}],"collection":[{"href":"https:\/\/www.pressenza.com\/es\/wp-json\/wp\/v2\/posts"}],"about":[{"href":"https:\/\/www.pressenza.com\/es\/wp-json\/wp\/v2\/types\/post"}],"author":[{"embeddable":true,"href":"https:\/\/www.pressenza.com\/es\/wp-json\/wp\/v2\/users\/2493"}],"replies":[{"embeddable":true,"href":"https:\/\/www.pressenza.com\/es\/wp-json\/wp\/v2\/comments?post=2609357"}],"version-history":[{"count":1,"href":"https:\/\/www.pressenza.com\/es\/wp-json\/wp\/v2\/posts\/2609357\/revisions"}],"predecessor-version":[{"id":2609360,"href":"https:\/\/www.pressenza.com\/es\/wp-json\/wp\/v2\/posts\/2609357\/revisions\/2609360"}],"wp:featuredmedia":[{"embeddable":true,"href":"https:\/\/www.pressenza.com\/es\/wp-json\/wp\/v2\/media\/2609359"}],"wp:attachment":[{"href":"https:\/\/www.pressenza.com\/es\/wp-json\/wp\/v2\/media?parent=2609357"}],"wp:term":[{"taxonomy":"category","embeddable":true,"href":"https:\/\/www.pressenza.com\/es\/wp-json\/wp\/v2\/categories?post=2609357"},{"taxonomy":"post_tag","embeddable":true,"href":"https:\/\/www.pressenza.com\/es\/wp-json\/wp\/v2\/tags?post=2609357"}],"curies":[{"name":"wp","href":"https:\/\/api.w.org\/{rel}","templated":true}]}}