{"id":2609002,"date":"2025-06-03T23:40:58","date_gmt":"2025-06-03T22:40:58","guid":{"rendered":"https:\/\/www.pressenza.com\/?p=2609002"},"modified":"2025-06-03T23:40:58","modified_gmt":"2025-06-03T22:40:58","slug":"mas-alla-del-si-y-el-no-otras-formas-de-pensar-la-vida","status":"publish","type":"post","link":"https:\/\/www.pressenza.com\/es\/2025\/06\/mas-alla-del-si-y-el-no-otras-formas-de-pensar-la-vida\/","title":{"rendered":"M\u00e1s all\u00e1 del s\u00ed y el no: Otras formas de pensar la vida"},"content":{"rendered":"<p>Por Fernando Salinas*<\/p>\n<p>Cuestionar la l\u00f3gica cl\u00e1sica no significa rechazar la raz\u00f3n, sino reconocer sus l\u00edmites y abrirnos a otros modos de comprender y cuidar el mundo. En tiempos de colapso ecol\u00f3gico y crisis de sentido, quiz\u00e1s lo m\u00e1s urgente sea pensar desde el v\u00ednculo, no desde la separaci\u00f3n. Entre el s\u00ed y el no, hay una red invisible que sostiene la vida.<\/p>\n<p>Durante siglos, la cultura occidental ha organizado su pensamiento bajo una l\u00f3gica binaria: algo es o no es. Esta forma de razonar, heredada de Arist\u00f3teles, fue clave para construir la ciencia moderna, los sistemas jur\u00eddicos y muchas instituciones.<\/p>\n<p>Pero tambi\u00e9n impuso una manera de ver el mundo basada en oposiciones r\u00edgidas: verdadero\/falso, cuerpo\/mente, humano\/naturaleza, civilizado\/salvaje. Hoy, ante un planeta en crisis y sociedades fragmentadas, muchas voces advierten que esta l\u00f3gica ya no basta.<\/p>\n<p>Desde distintos horizontes culturales y filos\u00f3ficos, aparecen propuestas que rompen con el binarismo y nos invitan a pensar de otro modo. Entre ellas destacan los fil\u00f3sofos Arne Naess y F\u00e9lix Guattari, el pensamiento budista Madhyamaka, y la sabidur\u00eda del pueblo mapuche. A trav\u00e9s de sus miradas, emerge una l\u00f3gica m\u00e1s flexible, abierta a la contradicci\u00f3n, a la relaci\u00f3n, y a lo sagrado que hay en la vida cotidiana.<\/p>\n<p><strong>Naess y Guattari: ecosof\u00edas para habitar lo m\u00faltiple<\/strong><\/p>\n<p>Arne Naess, fil\u00f3sofo noruego, propuso el concepto de ecosof\u00eda para ir m\u00e1s all\u00e1 de la ecolog\u00eda superficial. Para \u00e9l, proteger la naturaleza no puede ser solo una acci\u00f3n externa o t\u00e9cnica: requiere una transformaci\u00f3n profunda del ser humano y su forma de relacionarse con el mundo.<\/p>\n<p>Esta transformaci\u00f3n se da a trav\u00e9s de un proceso que \u00e9l llama auto-realizaci\u00f3n: ampliar la identidad del yo m\u00e1s all\u00e1 del individuo, hasta incluir a los otros seres, los ecosistemas, y la vida misma.<\/p>\n<p>Desde otra tradici\u00f3n, el franc\u00e9s F\u00e9lix Guattari tambi\u00e9n desarroll\u00f3 una visi\u00f3n ecos\u00f3fica, pero centrada en los procesos sociales y subjetivos. En su propuesta, la ecosof\u00eda implica actuar simult\u00e1neamente en tres planos: medio ambiente, relaciones sociales y vida mental. La crisis ecol\u00f3gica no es solo una crisis de la naturaleza, sino tambi\u00e9n de nuestras formas de vida y nuestros deseos.<\/p>\n<p>Ambos coinciden en una cr\u00edtica al pensamiento moderno que separa y fragmenta. Tanto Naess como Guattari ven al ser humano no como un ente aislado, sino como parte de una red viva de relaciones. En lugar de la l\u00f3gica cl\u00e1sica del \u201cs\u00ed o no\u201d, ambos proponen una l\u00f3gica del v\u00ednculo, del proceso, del coemergente. Pensar ecos\u00f3ficamente es entender que no hay una \u00fanica verdad fija, sino m\u00faltiples modos de existencia que se entrelazan y coexisten.<\/p>\n<p><strong>El budismo Madhyamaka: ni s\u00ed, ni no<\/strong><\/p>\n<p>En la tradici\u00f3n budista Madhyamaka, el sabio N\u0101g\u0101rjuna introduce una l\u00f3gica que escapa al \u201cs\u00ed o no\u201d. Su herramienta filos\u00f3fica, el catuskoti o l\u00f3gica tetravalente, plantea que una afirmaci\u00f3n puede ser: verdadera, falsa, ambas o ninguna.<\/p>\n<p>Lejos de ser un juego l\u00f3gico, esta forma de pensar busca mostrar que la realidad \u00faltima no puede ser atrapada por el lenguaje. Todo es transitorio, interdependiente, vac\u00edo de esencia fija. La sabidur\u00eda consiste en aprender a habitar la paradoja, sin necesidad de resolverla.<\/p>\n<p>Este enfoque es profundamente ecos\u00f3fico: disuelve el ego como centro, resit\u00faa al ser humano dentro del flujo de la vida y favorece una \u00e9tica de la compasi\u00f3n y la no apropiaci\u00f3n.<\/p>\n<p><strong>La cosmovisi\u00f3n mapuche: ser en relaci\u00f3n<\/strong><\/p>\n<p>El pueblo mapuche vive desde una l\u00f3gica que tampoco separa lo humano de la tierra, ni lo espiritual de lo cotidiano. La noci\u00f3n de itrofill mongen, la diversidad de la vida, expresa un mundo en el que todo est\u00e1 conectado: los cerros, los r\u00edos, los animales, los esp\u00edritus, las palabras. El humano no es due\u00f1o de la naturaleza, sino parte de ella. Es naturaleza. La persona (che) se define por su relaci\u00f3n con el territorio y con los otros seres.<\/p>\n<p>Esta cosmovisi\u00f3n coincide con la ecosof\u00eda en su apuesta por una vida en equilibrio, no solo material sino tambi\u00e9n espiritual y afectiva. Donde la l\u00f3gica cl\u00e1sica ve oposici\u00f3n, el kim\u00fcn mapuche (saber ancestral) ve complementariedad, reciprocidad y respeto.<\/p>\n<p><strong>Ecosof\u00eda: una l\u00f3gica de la vida<\/strong><\/p>\n<p>A trav\u00e9s de estas tres miradas -Naess y Guattari, N\u0101g\u0101rjuna, Mapuche- emerge una invitaci\u00f3n a pensar con otras claves. La ecosof\u00eda, en este sentido ampliado, no es solo una teor\u00eda, sino una pr\u00e1ctica de vida: cultivar relaciones sanas con los dem\u00e1s, con uno mismo y con el entorno. Es un camino para sanar la fractura moderna entre raz\u00f3n y cuerpo, entre cultura y naturaleza, entre individuo y comunidad.<\/p>\n<p>Cuestionar la l\u00f3gica cl\u00e1sica no significa rechazar la raz\u00f3n, sino reconocer sus l\u00edmites y abrirnos a otros modos de comprender y cuidar el mundo. En tiempos de colapso ecol\u00f3gico y crisis de sentido, quiz\u00e1s lo m\u00e1s urgente sea pensar desde el v\u00ednculo, no desde la separaci\u00f3n. Entre el s\u00ed y el no, hay una red invisible que sostiene la vida.<\/p>\n<p>*Ex eco-constituyente<\/p>\n<p>&nbsp;<\/p>\n","protected":false},"excerpt":{"rendered":"<p>Por Fernando Salinas* Cuestionar la l\u00f3gica cl\u00e1sica no significa rechazar la raz\u00f3n, sino reconocer sus l\u00edmites y abrirnos a otros modos de comprender y cuidar el mundo. En tiempos de colapso ecol\u00f3gico y crisis de sentido, quiz\u00e1s lo m\u00e1s urgente&hellip;<\/p>\n","protected":false},"author":43,"featured_media":2609003,"comment_status":"closed","ping_status":"closed","sticky":false,"template":"","format":"standard","meta":{"footnotes":""},"categories":[11389,1241,1240,39,161],"tags":[13149,80843,137701],"class_list":["post-2609002","post","type-post","status-publish","format-standard","has-post-thumbnail","hentry","category-contenido-original","category-diversidad","category-humanismo-espiritualidad","category-internacional","category-opiniones","tag-budismo","tag-cosmovisiones-indigenas","tag-logica"],"yoast_head":"<!-- This site is optimized with the Yoast SEO plugin v27.1.1 - https:\/\/yoast.com\/product\/yoast-seo-wordpress\/ -->\n<title>M\u00e1s all\u00e1 del s\u00ed y el no: Otras formas de pensar la vida<\/title>\n<meta name=\"description\" content=\"Por Fernando Salinas* Cuestionar la l\u00f3gica cl\u00e1sica no significa rechazar la raz\u00f3n, sino reconocer sus l\u00edmites y abrirnos a otros modos de comprender y\" \/>\n<meta name=\"robots\" content=\"index, follow, max-snippet:-1, max-image-preview:large, max-video-preview:-1\" \/>\n<link rel=\"canonical\" href=\"https:\/\/www.pressenza.com\/es\/2025\/06\/mas-alla-del-si-y-el-no-otras-formas-de-pensar-la-vida\/\" \/>\n<meta property=\"og:locale\" content=\"es_ES\" \/>\n<meta property=\"og:type\" content=\"article\" \/>\n<meta property=\"og:title\" content=\"M\u00e1s all\u00e1 del s\u00ed y el no: Otras formas de pensar la vida\" \/>\n<meta property=\"og:description\" content=\"Por Fernando Salinas* Cuestionar la l\u00f3gica cl\u00e1sica no significa rechazar la raz\u00f3n, sino reconocer sus l\u00edmites y abrirnos a otros modos de comprender y\" \/>\n<meta property=\"og:url\" content=\"https:\/\/www.pressenza.com\/es\/2025\/06\/mas-alla-del-si-y-el-no-otras-formas-de-pensar-la-vida\/\" \/>\n<meta property=\"og:site_name\" content=\"Pressenza\" \/>\n<meta property=\"article:publisher\" content=\"https:\/\/www.facebook.com\/PressenzaItalia\" \/>\n<meta property=\"article:author\" content=\"https:\/\/www.facebook.com\/pressenza\" \/>\n<meta property=\"article:published_time\" content=\"2025-06-03T22:40:58+00:00\" \/>\n<meta property=\"og:image\" content=\"https:\/\/www.pressenza.com\/wp-content\/uploads\/2025\/06\/trabajando-la-tierra-Bo.jpg\" \/>\n\t<meta property=\"og:image:width\" content=\"1920\" \/>\n\t<meta property=\"og:image:height\" content=\"1332\" \/>\n\t<meta property=\"og:image:type\" content=\"image\/jpeg\" \/>\n<meta name=\"author\" content=\"Redacci\u00f3n Chile\" \/>\n<meta name=\"twitter:card\" content=\"summary_large_image\" \/>\n<meta name=\"twitter:creator\" content=\"@pressenza\" \/>\n<meta name=\"twitter:site\" content=\"@PressenzaIPA\" \/>\n<meta name=\"twitter:label1\" content=\"Escrito por\" \/>\n\t<meta name=\"twitter:data1\" content=\"Redacci\u00f3n Chile\" \/>\n\t<meta name=\"twitter:label2\" content=\"Tiempo de lectura\" \/>\n\t<meta name=\"twitter:data2\" content=\"4 minutos\" \/>\n<script type=\"application\/ld+json\" class=\"yoast-schema-graph\">{\"@context\":\"https:\/\/schema.org\",\"@graph\":[{\"@type\":\"Article\",\"@id\":\"https:\/\/www.pressenza.com\/es\/2025\/06\/mas-alla-del-si-y-el-no-otras-formas-de-pensar-la-vida\/#article\",\"isPartOf\":{\"@id\":\"https:\/\/www.pressenza.com\/es\/2025\/06\/mas-alla-del-si-y-el-no-otras-formas-de-pensar-la-vida\/\"},\"author\":{\"name\":\"Redacci\u00f3n Chile\",\"@id\":\"https:\/\/www.pressenza.com\/es\/#\/schema\/person\/d7db40df35d6698ba69ba9ee260944ed\"},\"headline\":\"M\u00e1s all\u00e1 del s\u00ed y el no: Otras formas de pensar la vida\",\"datePublished\":\"2025-06-03T22:40:58+00:00\",\"mainEntityOfPage\":{\"@id\":\"https:\/\/www.pressenza.com\/es\/2025\/06\/mas-alla-del-si-y-el-no-otras-formas-de-pensar-la-vida\/\"},\"wordCount\":926,\"publisher\":{\"@id\":\"https:\/\/www.pressenza.com\/es\/#organization\"},\"image\":{\"@id\":\"https:\/\/www.pressenza.com\/es\/2025\/06\/mas-alla-del-si-y-el-no-otras-formas-de-pensar-la-vida\/#primaryimage\"},\"thumbnailUrl\":\"https:\/\/www.pressenza.com\/wp-content\/uploads\/2025\/06\/trabajando-la-tierra-Bo.jpg\",\"keywords\":[\"Budismo\",\"cosmovisiones ind\u00edgenas\",\"l\u00f3gica\"],\"articleSection\":[\"Contenido Original\",\"Diversidad\",\"Humanismo y Espiritualidad\",\"Internacional\",\"Opiniones\"],\"inLanguage\":\"es\"},{\"@type\":\"WebPage\",\"@id\":\"https:\/\/www.pressenza.com\/es\/2025\/06\/mas-alla-del-si-y-el-no-otras-formas-de-pensar-la-vida\/\",\"url\":\"https:\/\/www.pressenza.com\/es\/2025\/06\/mas-alla-del-si-y-el-no-otras-formas-de-pensar-la-vida\/\",\"name\":\"M\u00e1s all\u00e1 del s\u00ed y el no: Otras formas de pensar la vida\",\"isPartOf\":{\"@id\":\"https:\/\/www.pressenza.com\/es\/#website\"},\"primaryImageOfPage\":{\"@id\":\"https:\/\/www.pressenza.com\/es\/2025\/06\/mas-alla-del-si-y-el-no-otras-formas-de-pensar-la-vida\/#primaryimage\"},\"image\":{\"@id\":\"https:\/\/www.pressenza.com\/es\/2025\/06\/mas-alla-del-si-y-el-no-otras-formas-de-pensar-la-vida\/#primaryimage\"},\"thumbnailUrl\":\"https:\/\/www.pressenza.com\/wp-content\/uploads\/2025\/06\/trabajando-la-tierra-Bo.jpg\",\"datePublished\":\"2025-06-03T22:40:58+00:00\",\"description\":\"Por Fernando Salinas* Cuestionar la l\u00f3gica cl\u00e1sica no significa rechazar la raz\u00f3n, sino reconocer sus l\u00edmites y abrirnos a otros modos de comprender y\",\"breadcrumb\":{\"@id\":\"https:\/\/www.pressenza.com\/es\/2025\/06\/mas-alla-del-si-y-el-no-otras-formas-de-pensar-la-vida\/#breadcrumb\"},\"inLanguage\":\"es\",\"potentialAction\":[{\"@type\":\"ReadAction\",\"target\":[\"https:\/\/www.pressenza.com\/es\/2025\/06\/mas-alla-del-si-y-el-no-otras-formas-de-pensar-la-vida\/\"]}]},{\"@type\":\"ImageObject\",\"inLanguage\":\"es\",\"@id\":\"https:\/\/www.pressenza.com\/es\/2025\/06\/mas-alla-del-si-y-el-no-otras-formas-de-pensar-la-vida\/#primaryimage\",\"url\":\"https:\/\/www.pressenza.com\/wp-content\/uploads\/2025\/06\/trabajando-la-tierra-Bo.jpg\",\"contentUrl\":\"https:\/\/www.pressenza.com\/wp-content\/uploads\/2025\/06\/trabajando-la-tierra-Bo.jpg\",\"width\":1920,\"height\":1332},{\"@type\":\"BreadcrumbList\",\"@id\":\"https:\/\/www.pressenza.com\/es\/2025\/06\/mas-alla-del-si-y-el-no-otras-formas-de-pensar-la-vida\/#breadcrumb\",\"itemListElement\":[{\"@type\":\"ListItem\",\"position\":1,\"name\":\"Accueil\",\"item\":\"https:\/\/www.pressenza.com\/es\/\"},{\"@type\":\"ListItem\",\"position\":2,\"name\":\"M\u00e1s all\u00e1 del s\u00ed y el no: Otras formas de pensar la vida\"}]},{\"@type\":\"WebSite\",\"@id\":\"https:\/\/www.pressenza.com\/es\/#website\",\"url\":\"https:\/\/www.pressenza.com\/es\/\",\"name\":\"Pressenza\",\"description\":\"International Press Agency\",\"publisher\":{\"@id\":\"https:\/\/www.pressenza.com\/es\/#organization\"},\"potentialAction\":[{\"@type\":\"SearchAction\",\"target\":{\"@type\":\"EntryPoint\",\"urlTemplate\":\"https:\/\/www.pressenza.com\/es\/?s={search_term_string}\"},\"query-input\":{\"@type\":\"PropertyValueSpecification\",\"valueRequired\":true,\"valueName\":\"search_term_string\"}}],\"inLanguage\":\"es\"},{\"@type\":\"Organization\",\"@id\":\"https:\/\/www.pressenza.com\/es\/#organization\",\"name\":\"Pressenza\",\"url\":\"https:\/\/www.pressenza.com\/es\/\",\"logo\":{\"@type\":\"ImageObject\",\"inLanguage\":\"es\",\"@id\":\"https:\/\/www.pressenza.com\/es\/#\/schema\/logo\/image\/\",\"url\":\"https:\/\/www.pressenza.com\/wp-content\/uploads\/2022\/10\/pressenza_logo_200x200.jpg\",\"contentUrl\":\"https:\/\/www.pressenza.com\/wp-content\/uploads\/2022\/10\/pressenza_logo_200x200.jpg\",\"width\":200,\"height\":200,\"caption\":\"Pressenza\"},\"image\":{\"@id\":\"https:\/\/www.pressenza.com\/es\/#\/schema\/logo\/image\/\"},\"sameAs\":[\"https:\/\/www.facebook.com\/PressenzaItalia\",\"https:\/\/x.com\/PressenzaIPA\"]},{\"@type\":\"Person\",\"@id\":\"https:\/\/www.pressenza.com\/es\/#\/schema\/person\/d7db40df35d6698ba69ba9ee260944ed\",\"name\":\"Redacci\u00f3n Chile\",\"description\":\"News from the Pressenza Bureau in Chile\",\"sameAs\":[\"https:\/\/www.facebook.com\/pressenza\",\"https:\/\/x.com\/pressenza\"],\"url\":\"https:\/\/www.pressenza.com\/es\/author\/redaccion-chile\/\"}]}<\/script>\n<!-- \/ Yoast SEO plugin. -->","yoast_head_json":{"title":"M\u00e1s all\u00e1 del s\u00ed y el no: Otras formas de pensar la vida","description":"Por Fernando Salinas* Cuestionar la l\u00f3gica cl\u00e1sica no significa rechazar la raz\u00f3n, sino reconocer sus l\u00edmites y abrirnos a otros modos de comprender y","robots":{"index":"index","follow":"follow","max-snippet":"max-snippet:-1","max-image-preview":"max-image-preview:large","max-video-preview":"max-video-preview:-1"},"canonical":"https:\/\/www.pressenza.com\/es\/2025\/06\/mas-alla-del-si-y-el-no-otras-formas-de-pensar-la-vida\/","og_locale":"es_ES","og_type":"article","og_title":"M\u00e1s all\u00e1 del s\u00ed y el no: Otras formas de pensar la vida","og_description":"Por Fernando Salinas* Cuestionar la l\u00f3gica cl\u00e1sica no significa rechazar la raz\u00f3n, sino reconocer sus l\u00edmites y abrirnos a otros modos de comprender y","og_url":"https:\/\/www.pressenza.com\/es\/2025\/06\/mas-alla-del-si-y-el-no-otras-formas-de-pensar-la-vida\/","og_site_name":"Pressenza","article_publisher":"https:\/\/www.facebook.com\/PressenzaItalia","article_author":"https:\/\/www.facebook.com\/pressenza","article_published_time":"2025-06-03T22:40:58+00:00","og_image":[{"width":1920,"height":1332,"url":"https:\/\/www.pressenza.com\/wp-content\/uploads\/2025\/06\/trabajando-la-tierra-Bo.jpg","type":"image\/jpeg"}],"author":"Redacci\u00f3n Chile","twitter_card":"summary_large_image","twitter_creator":"@pressenza","twitter_site":"@PressenzaIPA","twitter_misc":{"Escrito por":"Redacci\u00f3n Chile","Tiempo de lectura":"4 minutos"},"schema":{"@context":"https:\/\/schema.org","@graph":[{"@type":"Article","@id":"https:\/\/www.pressenza.com\/es\/2025\/06\/mas-alla-del-si-y-el-no-otras-formas-de-pensar-la-vida\/#article","isPartOf":{"@id":"https:\/\/www.pressenza.com\/es\/2025\/06\/mas-alla-del-si-y-el-no-otras-formas-de-pensar-la-vida\/"},"author":{"name":"Redacci\u00f3n Chile","@id":"https:\/\/www.pressenza.com\/es\/#\/schema\/person\/d7db40df35d6698ba69ba9ee260944ed"},"headline":"M\u00e1s all\u00e1 del s\u00ed y el no: Otras formas de pensar la vida","datePublished":"2025-06-03T22:40:58+00:00","mainEntityOfPage":{"@id":"https:\/\/www.pressenza.com\/es\/2025\/06\/mas-alla-del-si-y-el-no-otras-formas-de-pensar-la-vida\/"},"wordCount":926,"publisher":{"@id":"https:\/\/www.pressenza.com\/es\/#organization"},"image":{"@id":"https:\/\/www.pressenza.com\/es\/2025\/06\/mas-alla-del-si-y-el-no-otras-formas-de-pensar-la-vida\/#primaryimage"},"thumbnailUrl":"https:\/\/www.pressenza.com\/wp-content\/uploads\/2025\/06\/trabajando-la-tierra-Bo.jpg","keywords":["Budismo","cosmovisiones ind\u00edgenas","l\u00f3gica"],"articleSection":["Contenido Original","Diversidad","Humanismo y Espiritualidad","Internacional","Opiniones"],"inLanguage":"es"},{"@type":"WebPage","@id":"https:\/\/www.pressenza.com\/es\/2025\/06\/mas-alla-del-si-y-el-no-otras-formas-de-pensar-la-vida\/","url":"https:\/\/www.pressenza.com\/es\/2025\/06\/mas-alla-del-si-y-el-no-otras-formas-de-pensar-la-vida\/","name":"M\u00e1s all\u00e1 del s\u00ed y el no: Otras formas de pensar la vida","isPartOf":{"@id":"https:\/\/www.pressenza.com\/es\/#website"},"primaryImageOfPage":{"@id":"https:\/\/www.pressenza.com\/es\/2025\/06\/mas-alla-del-si-y-el-no-otras-formas-de-pensar-la-vida\/#primaryimage"},"image":{"@id":"https:\/\/www.pressenza.com\/es\/2025\/06\/mas-alla-del-si-y-el-no-otras-formas-de-pensar-la-vida\/#primaryimage"},"thumbnailUrl":"https:\/\/www.pressenza.com\/wp-content\/uploads\/2025\/06\/trabajando-la-tierra-Bo.jpg","datePublished":"2025-06-03T22:40:58+00:00","description":"Por Fernando Salinas* Cuestionar la l\u00f3gica cl\u00e1sica no significa rechazar la raz\u00f3n, sino reconocer sus l\u00edmites y abrirnos a otros modos de comprender y","breadcrumb":{"@id":"https:\/\/www.pressenza.com\/es\/2025\/06\/mas-alla-del-si-y-el-no-otras-formas-de-pensar-la-vida\/#breadcrumb"},"inLanguage":"es","potentialAction":[{"@type":"ReadAction","target":["https:\/\/www.pressenza.com\/es\/2025\/06\/mas-alla-del-si-y-el-no-otras-formas-de-pensar-la-vida\/"]}]},{"@type":"ImageObject","inLanguage":"es","@id":"https:\/\/www.pressenza.com\/es\/2025\/06\/mas-alla-del-si-y-el-no-otras-formas-de-pensar-la-vida\/#primaryimage","url":"https:\/\/www.pressenza.com\/wp-content\/uploads\/2025\/06\/trabajando-la-tierra-Bo.jpg","contentUrl":"https:\/\/www.pressenza.com\/wp-content\/uploads\/2025\/06\/trabajando-la-tierra-Bo.jpg","width":1920,"height":1332},{"@type":"BreadcrumbList","@id":"https:\/\/www.pressenza.com\/es\/2025\/06\/mas-alla-del-si-y-el-no-otras-formas-de-pensar-la-vida\/#breadcrumb","itemListElement":[{"@type":"ListItem","position":1,"name":"Accueil","item":"https:\/\/www.pressenza.com\/es\/"},{"@type":"ListItem","position":2,"name":"M\u00e1s all\u00e1 del s\u00ed y el no: Otras formas de pensar la vida"}]},{"@type":"WebSite","@id":"https:\/\/www.pressenza.com\/es\/#website","url":"https:\/\/www.pressenza.com\/es\/","name":"Pressenza","description":"International Press Agency","publisher":{"@id":"https:\/\/www.pressenza.com\/es\/#organization"},"potentialAction":[{"@type":"SearchAction","target":{"@type":"EntryPoint","urlTemplate":"https:\/\/www.pressenza.com\/es\/?s={search_term_string}"},"query-input":{"@type":"PropertyValueSpecification","valueRequired":true,"valueName":"search_term_string"}}],"inLanguage":"es"},{"@type":"Organization","@id":"https:\/\/www.pressenza.com\/es\/#organization","name":"Pressenza","url":"https:\/\/www.pressenza.com\/es\/","logo":{"@type":"ImageObject","inLanguage":"es","@id":"https:\/\/www.pressenza.com\/es\/#\/schema\/logo\/image\/","url":"https:\/\/www.pressenza.com\/wp-content\/uploads\/2022\/10\/pressenza_logo_200x200.jpg","contentUrl":"https:\/\/www.pressenza.com\/wp-content\/uploads\/2022\/10\/pressenza_logo_200x200.jpg","width":200,"height":200,"caption":"Pressenza"},"image":{"@id":"https:\/\/www.pressenza.com\/es\/#\/schema\/logo\/image\/"},"sameAs":["https:\/\/www.facebook.com\/PressenzaItalia","https:\/\/x.com\/PressenzaIPA"]},{"@type":"Person","@id":"https:\/\/www.pressenza.com\/es\/#\/schema\/person\/d7db40df35d6698ba69ba9ee260944ed","name":"Redacci\u00f3n Chile","description":"News from the Pressenza Bureau in Chile","sameAs":["https:\/\/www.facebook.com\/pressenza","https:\/\/x.com\/pressenza"],"url":"https:\/\/www.pressenza.com\/es\/author\/redaccion-chile\/"}]}},"place":"Santiago de Chile","original_article_url":"","_links":{"self":[{"href":"https:\/\/www.pressenza.com\/es\/wp-json\/wp\/v2\/posts\/2609002","targetHints":{"allow":["GET"]}}],"collection":[{"href":"https:\/\/www.pressenza.com\/es\/wp-json\/wp\/v2\/posts"}],"about":[{"href":"https:\/\/www.pressenza.com\/es\/wp-json\/wp\/v2\/types\/post"}],"author":[{"embeddable":true,"href":"https:\/\/www.pressenza.com\/es\/wp-json\/wp\/v2\/users\/43"}],"replies":[{"embeddable":true,"href":"https:\/\/www.pressenza.com\/es\/wp-json\/wp\/v2\/comments?post=2609002"}],"version-history":[{"count":1,"href":"https:\/\/www.pressenza.com\/es\/wp-json\/wp\/v2\/posts\/2609002\/revisions"}],"predecessor-version":[{"id":2609004,"href":"https:\/\/www.pressenza.com\/es\/wp-json\/wp\/v2\/posts\/2609002\/revisions\/2609004"}],"wp:featuredmedia":[{"embeddable":true,"href":"https:\/\/www.pressenza.com\/es\/wp-json\/wp\/v2\/media\/2609003"}],"wp:attachment":[{"href":"https:\/\/www.pressenza.com\/es\/wp-json\/wp\/v2\/media?parent=2609002"}],"wp:term":[{"taxonomy":"category","embeddable":true,"href":"https:\/\/www.pressenza.com\/es\/wp-json\/wp\/v2\/categories?post=2609002"},{"taxonomy":"post_tag","embeddable":true,"href":"https:\/\/www.pressenza.com\/es\/wp-json\/wp\/v2\/tags?post=2609002"}],"curies":[{"name":"wp","href":"https:\/\/api.w.org\/{rel}","templated":true}]}}