{"id":26078,"date":"2012-11-29T02:11:00","date_gmt":"2012-11-29T02:11:00","guid":{"rendered":"http:\/\/www.pressenza.com\/?p=26078"},"modified":"2012-11-29T02:11:00","modified_gmt":"2012-11-29T02:11:00","slug":"propuesta-ecuatoriana-de-emisiones-netas-evitadas-ene","status":"publish","type":"post","link":"https:\/\/www.pressenza.com\/es\/2012\/11\/propuesta-ecuatoriana-de-emisiones-netas-evitadas-ene\/","title":{"rendered":"Propuesta ecuatoriana de Emisiones Netas Evitadas (ENE)"},"content":{"rendered":"<p>El Ecuador, en el marco de los mecanismos de protecci\u00f3n de la biodiversidad a nivel mundial y de la reducci\u00f3n de emisiones de gases de efecto invernadero, present\u00f3 al mundo\u00a0su propuesta de Emisiones Netas Evitadas (ENE), mecanismo que contempla compensaciones a los pa\u00edses que mantienen los bosques en pie a fin de a evitar almacenar grandes cantidades de carbono.<\/p>\n<p>Un ejemplo del mecanismo ENE es la\u00a0Iniciativa Yasun\u00ed-ITT, una muestra concreta de c\u00f3mo pagar la deuda ecol\u00f3gica, de c\u00f3mo pasar de una l\u00f3gica de compensar solo mercanc\u00edas a compensar valores de uso\u00a0 y de la aplicaci\u00f3n de este concepto en una de las zonas con la mayor biodiversidad del planeta.<\/p>\n<p>La Inciativa Yasun\u00ed-ITT adem\u00e1s resguarda el aislamiento voluntario de dos pueblos ind\u00edgenas no contactados de la Amazon\u00eda ecuatoriana.<\/p>\n<p>Para mayores informaciones, visitar el sitio\u00a0 <a href=\"http:\/\/yasuni-itt.gob.ec\/inicio.aspx\" target=\"_blank\">http:\/\/yasuni-itt.gob.ec\/<wbr>inicio.aspx<\/wbr><\/a><\/p>\n","protected":false},"excerpt":{"rendered":"<p>El Ecuador, en el marco de los mecanismos de protecci\u00f3n de la biodiversidad a nivel mundial y de la reducci\u00f3n de emisiones de gases de efecto invernadero, present\u00f3 al mundo\u00a0su propuesta de Emisiones Netas Evitadas (ENE), mecanismo que contempla compensaciones&hellip;<\/p>\n","protected":false},"author":19,"featured_media":25963,"comment_status":"closed","ping_status":"open","sticky":false,"template":"","format":"standard","meta":{"footnotes":""},"categories":[78,67],"tags":[407,22210,381],"class_list":["post-26078","post","type-post","status-publish","format-standard","has-post-thumbnail","hentry","category-medio-ambiente-ecologia","category-sudamerica","tag-medio-ambiente","tag-pueblos-originarios","tag-recursos-naturales"],"yoast_head":"<!-- This site is optimized with the Yoast SEO plugin v27.1.1 - https:\/\/yoast.com\/product\/yoast-seo-wordpress\/ -->\n<title>Propuesta ecuatoriana de Emisiones Netas Evitadas (ENE)<\/title>\n<meta name=\"description\" content=\"El Ecuador, en el marco de los mecanismos de protecci\u00f3n de la biodiversidad a nivel mundial y de la reducci\u00f3n de emisiones de gases de efecto invernadero,\" \/>\n<meta name=\"robots\" content=\"index, follow, max-snippet:-1, max-image-preview:large, max-video-preview:-1\" \/>\n<link rel=\"canonical\" href=\"https:\/\/www.pressenza.com\/es\/2012\/11\/propuesta-ecuatoriana-de-emisiones-netas-evitadas-ene\/\" \/>\n<meta property=\"og:locale\" content=\"es_ES\" \/>\n<meta property=\"og:type\" content=\"article\" \/>\n<meta property=\"og:title\" content=\"Propuesta ecuatoriana de Emisiones Netas Evitadas (ENE)\" \/>\n<meta property=\"og:description\" content=\"El Ecuador, en el marco de los mecanismos de protecci\u00f3n de la biodiversidad a nivel mundial y de la reducci\u00f3n de emisiones de gases de efecto invernadero,\" \/>\n<meta property=\"og:url\" content=\"https:\/\/www.pressenza.com\/es\/2012\/11\/propuesta-ecuatoriana-de-emisiones-netas-evitadas-ene\/\" \/>\n<meta property=\"og:site_name\" content=\"Pressenza\" \/>\n<meta property=\"article:publisher\" content=\"https:\/\/www.facebook.com\/PressenzaItalia\" \/>\n<meta property=\"article:author\" content=\"https:\/\/www.facebook.com\/pressenza\" \/>\n<meta property=\"article:published_time\" content=\"2012-11-29T02:11:00+00:00\" \/>\n<meta property=\"og:image\" content=\"https:\/\/www.pressenza.com\/wp-content\/uploads\/2012\/11\/Amazon_Manaus_forest.jpg\" \/>\n\t<meta property=\"og:image:width\" content=\"800\" \/>\n\t<meta property=\"og:image:height\" content=\"344\" \/>\n\t<meta property=\"og:image:type\" content=\"image\/jpeg\" \/>\n<meta name=\"author\" content=\"Pressenza IPA\" \/>\n<meta name=\"twitter:card\" content=\"summary_large_image\" \/>\n<meta name=\"twitter:creator\" content=\"@PressenzaIPA\" \/>\n<meta name=\"twitter:site\" content=\"@PressenzaIPA\" \/>\n<meta name=\"twitter:label1\" content=\"Escrito por\" \/>\n\t<meta name=\"twitter:data1\" content=\"Pressenza IPA\" \/>\n\t<meta name=\"twitter:label2\" content=\"Tiempo de lectura\" \/>\n\t<meta name=\"twitter:data2\" content=\"1 minuto\" \/>\n<script type=\"application\/ld+json\" class=\"yoast-schema-graph\">{\"@context\":\"https:\/\/schema.org\",\"@graph\":[{\"@type\":\"Article\",\"@id\":\"https:\/\/www.pressenza.com\/es\/2012\/11\/propuesta-ecuatoriana-de-emisiones-netas-evitadas-ene\/#article\",\"isPartOf\":{\"@id\":\"https:\/\/www.pressenza.com\/es\/2012\/11\/propuesta-ecuatoriana-de-emisiones-netas-evitadas-ene\/\"},\"author\":{\"name\":\"Pressenza IPA\",\"@id\":\"https:\/\/www.pressenza.com\/es\/#\/schema\/person\/010e5d02bcf40965427a1289a4cc8d75\"},\"headline\":\"Propuesta ecuatoriana de Emisiones Netas Evitadas (ENE)\",\"datePublished\":\"2012-11-29T02:11:00+00:00\",\"mainEntityOfPage\":{\"@id\":\"https:\/\/www.pressenza.com\/es\/2012\/11\/propuesta-ecuatoriana-de-emisiones-netas-evitadas-ene\/\"},\"wordCount\":162,\"publisher\":{\"@id\":\"https:\/\/www.pressenza.com\/es\/#organization\"},\"image\":{\"@id\":\"https:\/\/www.pressenza.com\/es\/2012\/11\/propuesta-ecuatoriana-de-emisiones-netas-evitadas-ene\/#primaryimage\"},\"thumbnailUrl\":\"https:\/\/www.pressenza.com\/wp-content\/uploads\/2012\/11\/Amazon_Manaus_forest.jpg\",\"keywords\":[\"medio ambiente\",\"Pueblos Originarios\",\"Recursos naturales\"],\"articleSection\":[\"Ecolog\u00eda y Medio Ambiente\",\"Sudam\u00e9rica\"],\"inLanguage\":\"es\"},{\"@type\":\"WebPage\",\"@id\":\"https:\/\/www.pressenza.com\/es\/2012\/11\/propuesta-ecuatoriana-de-emisiones-netas-evitadas-ene\/\",\"url\":\"https:\/\/www.pressenza.com\/es\/2012\/11\/propuesta-ecuatoriana-de-emisiones-netas-evitadas-ene\/\",\"name\":\"Propuesta ecuatoriana de Emisiones Netas Evitadas (ENE)\",\"isPartOf\":{\"@id\":\"https:\/\/www.pressenza.com\/es\/#website\"},\"primaryImageOfPage\":{\"@id\":\"https:\/\/www.pressenza.com\/es\/2012\/11\/propuesta-ecuatoriana-de-emisiones-netas-evitadas-ene\/#primaryimage\"},\"image\":{\"@id\":\"https:\/\/www.pressenza.com\/es\/2012\/11\/propuesta-ecuatoriana-de-emisiones-netas-evitadas-ene\/#primaryimage\"},\"thumbnailUrl\":\"https:\/\/www.pressenza.com\/wp-content\/uploads\/2012\/11\/Amazon_Manaus_forest.jpg\",\"datePublished\":\"2012-11-29T02:11:00+00:00\",\"description\":\"El Ecuador, en el marco de los mecanismos de protecci\u00f3n de la biodiversidad a nivel mundial y de la reducci\u00f3n de emisiones de gases de efecto invernadero,\",\"breadcrumb\":{\"@id\":\"https:\/\/www.pressenza.com\/es\/2012\/11\/propuesta-ecuatoriana-de-emisiones-netas-evitadas-ene\/#breadcrumb\"},\"inLanguage\":\"es\",\"potentialAction\":[{\"@type\":\"ReadAction\",\"target\":[\"https:\/\/www.pressenza.com\/es\/2012\/11\/propuesta-ecuatoriana-de-emisiones-netas-evitadas-ene\/\"]}]},{\"@type\":\"ImageObject\",\"inLanguage\":\"es\",\"@id\":\"https:\/\/www.pressenza.com\/es\/2012\/11\/propuesta-ecuatoriana-de-emisiones-netas-evitadas-ene\/#primaryimage\",\"url\":\"https:\/\/www.pressenza.com\/wp-content\/uploads\/2012\/11\/Amazon_Manaus_forest.jpg\",\"contentUrl\":\"https:\/\/www.pressenza.com\/wp-content\/uploads\/2012\/11\/Amazon_Manaus_forest.jpg\",\"width\":\"800\",\"height\":\"344\"},{\"@type\":\"BreadcrumbList\",\"@id\":\"https:\/\/www.pressenza.com\/es\/2012\/11\/propuesta-ecuatoriana-de-emisiones-netas-evitadas-ene\/#breadcrumb\",\"itemListElement\":[{\"@type\":\"ListItem\",\"position\":1,\"name\":\"Accueil\",\"item\":\"https:\/\/www.pressenza.com\/es\/\"},{\"@type\":\"ListItem\",\"position\":2,\"name\":\"Propuesta ecuatoriana de Emisiones Netas Evitadas (ENE)\"}]},{\"@type\":\"WebSite\",\"@id\":\"https:\/\/www.pressenza.com\/es\/#website\",\"url\":\"https:\/\/www.pressenza.com\/es\/\",\"name\":\"Pressenza\",\"description\":\"International Press Agency\",\"publisher\":{\"@id\":\"https:\/\/www.pressenza.com\/es\/#organization\"},\"potentialAction\":[{\"@type\":\"SearchAction\",\"target\":{\"@type\":\"EntryPoint\",\"urlTemplate\":\"https:\/\/www.pressenza.com\/es\/?s={search_term_string}\"},\"query-input\":{\"@type\":\"PropertyValueSpecification\",\"valueRequired\":true,\"valueName\":\"search_term_string\"}}],\"inLanguage\":\"es\"},{\"@type\":\"Organization\",\"@id\":\"https:\/\/www.pressenza.com\/es\/#organization\",\"name\":\"Pressenza\",\"url\":\"https:\/\/www.pressenza.com\/es\/\",\"logo\":{\"@type\":\"ImageObject\",\"inLanguage\":\"es\",\"@id\":\"https:\/\/www.pressenza.com\/es\/#\/schema\/logo\/image\/\",\"url\":\"https:\/\/www.pressenza.com\/wp-content\/uploads\/2022\/10\/pressenza_logo_200x200.jpg\",\"contentUrl\":\"https:\/\/www.pressenza.com\/wp-content\/uploads\/2022\/10\/pressenza_logo_200x200.jpg\",\"width\":200,\"height\":200,\"caption\":\"Pressenza\"},\"image\":{\"@id\":\"https:\/\/www.pressenza.com\/es\/#\/schema\/logo\/image\/\"},\"sameAs\":[\"https:\/\/www.facebook.com\/PressenzaItalia\",\"https:\/\/x.com\/PressenzaIPA\"]},{\"@type\":\"Person\",\"@id\":\"https:\/\/www.pressenza.com\/es\/#\/schema\/person\/010e5d02bcf40965427a1289a4cc8d75\",\"name\":\"Pressenza IPA\",\"description\":\"News from Pressenza IPA correspondents\",\"sameAs\":[\"https:\/\/www.facebook.com\/pressenza\",\"https:\/\/x.com\/PressenzaIPA\"],\"url\":\"https:\/\/www.pressenza.com\/es\/author\/pressenza-ipa\/\"}]}<\/script>\n<!-- \/ Yoast SEO plugin. -->","yoast_head_json":{"title":"Propuesta ecuatoriana de Emisiones Netas Evitadas (ENE)","description":"El Ecuador, en el marco de los mecanismos de protecci\u00f3n de la biodiversidad a nivel mundial y de la reducci\u00f3n de emisiones de gases de efecto invernadero,","robots":{"index":"index","follow":"follow","max-snippet":"max-snippet:-1","max-image-preview":"max-image-preview:large","max-video-preview":"max-video-preview:-1"},"canonical":"https:\/\/www.pressenza.com\/es\/2012\/11\/propuesta-ecuatoriana-de-emisiones-netas-evitadas-ene\/","og_locale":"es_ES","og_type":"article","og_title":"Propuesta ecuatoriana de Emisiones Netas Evitadas (ENE)","og_description":"El Ecuador, en el marco de los mecanismos de protecci\u00f3n de la biodiversidad a nivel mundial y de la reducci\u00f3n de emisiones de gases de efecto invernadero,","og_url":"https:\/\/www.pressenza.com\/es\/2012\/11\/propuesta-ecuatoriana-de-emisiones-netas-evitadas-ene\/","og_site_name":"Pressenza","article_publisher":"https:\/\/www.facebook.com\/PressenzaItalia","article_author":"https:\/\/www.facebook.com\/pressenza","article_published_time":"2012-11-29T02:11:00+00:00","og_image":[{"width":800,"height":344,"url":"https:\/\/www.pressenza.com\/wp-content\/uploads\/2012\/11\/Amazon_Manaus_forest.jpg","type":"image\/jpeg"}],"author":"Pressenza IPA","twitter_card":"summary_large_image","twitter_creator":"@PressenzaIPA","twitter_site":"@PressenzaIPA","twitter_misc":{"Escrito por":"Pressenza IPA","Tiempo de lectura":"1 minuto"},"schema":{"@context":"https:\/\/schema.org","@graph":[{"@type":"Article","@id":"https:\/\/www.pressenza.com\/es\/2012\/11\/propuesta-ecuatoriana-de-emisiones-netas-evitadas-ene\/#article","isPartOf":{"@id":"https:\/\/www.pressenza.com\/es\/2012\/11\/propuesta-ecuatoriana-de-emisiones-netas-evitadas-ene\/"},"author":{"name":"Pressenza IPA","@id":"https:\/\/www.pressenza.com\/es\/#\/schema\/person\/010e5d02bcf40965427a1289a4cc8d75"},"headline":"Propuesta ecuatoriana de Emisiones Netas Evitadas (ENE)","datePublished":"2012-11-29T02:11:00+00:00","mainEntityOfPage":{"@id":"https:\/\/www.pressenza.com\/es\/2012\/11\/propuesta-ecuatoriana-de-emisiones-netas-evitadas-ene\/"},"wordCount":162,"publisher":{"@id":"https:\/\/www.pressenza.com\/es\/#organization"},"image":{"@id":"https:\/\/www.pressenza.com\/es\/2012\/11\/propuesta-ecuatoriana-de-emisiones-netas-evitadas-ene\/#primaryimage"},"thumbnailUrl":"https:\/\/www.pressenza.com\/wp-content\/uploads\/2012\/11\/Amazon_Manaus_forest.jpg","keywords":["medio ambiente","Pueblos Originarios","Recursos naturales"],"articleSection":["Ecolog\u00eda y Medio Ambiente","Sudam\u00e9rica"],"inLanguage":"es"},{"@type":"WebPage","@id":"https:\/\/www.pressenza.com\/es\/2012\/11\/propuesta-ecuatoriana-de-emisiones-netas-evitadas-ene\/","url":"https:\/\/www.pressenza.com\/es\/2012\/11\/propuesta-ecuatoriana-de-emisiones-netas-evitadas-ene\/","name":"Propuesta ecuatoriana de Emisiones Netas Evitadas (ENE)","isPartOf":{"@id":"https:\/\/www.pressenza.com\/es\/#website"},"primaryImageOfPage":{"@id":"https:\/\/www.pressenza.com\/es\/2012\/11\/propuesta-ecuatoriana-de-emisiones-netas-evitadas-ene\/#primaryimage"},"image":{"@id":"https:\/\/www.pressenza.com\/es\/2012\/11\/propuesta-ecuatoriana-de-emisiones-netas-evitadas-ene\/#primaryimage"},"thumbnailUrl":"https:\/\/www.pressenza.com\/wp-content\/uploads\/2012\/11\/Amazon_Manaus_forest.jpg","datePublished":"2012-11-29T02:11:00+00:00","description":"El Ecuador, en el marco de los mecanismos de protecci\u00f3n de la biodiversidad a nivel mundial y de la reducci\u00f3n de emisiones de gases de efecto invernadero,","breadcrumb":{"@id":"https:\/\/www.pressenza.com\/es\/2012\/11\/propuesta-ecuatoriana-de-emisiones-netas-evitadas-ene\/#breadcrumb"},"inLanguage":"es","potentialAction":[{"@type":"ReadAction","target":["https:\/\/www.pressenza.com\/es\/2012\/11\/propuesta-ecuatoriana-de-emisiones-netas-evitadas-ene\/"]}]},{"@type":"ImageObject","inLanguage":"es","@id":"https:\/\/www.pressenza.com\/es\/2012\/11\/propuesta-ecuatoriana-de-emisiones-netas-evitadas-ene\/#primaryimage","url":"https:\/\/www.pressenza.com\/wp-content\/uploads\/2012\/11\/Amazon_Manaus_forest.jpg","contentUrl":"https:\/\/www.pressenza.com\/wp-content\/uploads\/2012\/11\/Amazon_Manaus_forest.jpg","width":"800","height":"344"},{"@type":"BreadcrumbList","@id":"https:\/\/www.pressenza.com\/es\/2012\/11\/propuesta-ecuatoriana-de-emisiones-netas-evitadas-ene\/#breadcrumb","itemListElement":[{"@type":"ListItem","position":1,"name":"Accueil","item":"https:\/\/www.pressenza.com\/es\/"},{"@type":"ListItem","position":2,"name":"Propuesta ecuatoriana de Emisiones Netas Evitadas (ENE)"}]},{"@type":"WebSite","@id":"https:\/\/www.pressenza.com\/es\/#website","url":"https:\/\/www.pressenza.com\/es\/","name":"Pressenza","description":"International Press Agency","publisher":{"@id":"https:\/\/www.pressenza.com\/es\/#organization"},"potentialAction":[{"@type":"SearchAction","target":{"@type":"EntryPoint","urlTemplate":"https:\/\/www.pressenza.com\/es\/?s={search_term_string}"},"query-input":{"@type":"PropertyValueSpecification","valueRequired":true,"valueName":"search_term_string"}}],"inLanguage":"es"},{"@type":"Organization","@id":"https:\/\/www.pressenza.com\/es\/#organization","name":"Pressenza","url":"https:\/\/www.pressenza.com\/es\/","logo":{"@type":"ImageObject","inLanguage":"es","@id":"https:\/\/www.pressenza.com\/es\/#\/schema\/logo\/image\/","url":"https:\/\/www.pressenza.com\/wp-content\/uploads\/2022\/10\/pressenza_logo_200x200.jpg","contentUrl":"https:\/\/www.pressenza.com\/wp-content\/uploads\/2022\/10\/pressenza_logo_200x200.jpg","width":200,"height":200,"caption":"Pressenza"},"image":{"@id":"https:\/\/www.pressenza.com\/es\/#\/schema\/logo\/image\/"},"sameAs":["https:\/\/www.facebook.com\/PressenzaItalia","https:\/\/x.com\/PressenzaIPA"]},{"@type":"Person","@id":"https:\/\/www.pressenza.com\/es\/#\/schema\/person\/010e5d02bcf40965427a1289a4cc8d75","name":"Pressenza IPA","description":"News from Pressenza IPA correspondents","sameAs":["https:\/\/www.facebook.com\/pressenza","https:\/\/x.com\/PressenzaIPA"],"url":"https:\/\/www.pressenza.com\/es\/author\/pressenza-ipa\/"}]}},"place":"Ecuador","original_article_url":"","_links":{"self":[{"href":"https:\/\/www.pressenza.com\/es\/wp-json\/wp\/v2\/posts\/26078","targetHints":{"allow":["GET"]}}],"collection":[{"href":"https:\/\/www.pressenza.com\/es\/wp-json\/wp\/v2\/posts"}],"about":[{"href":"https:\/\/www.pressenza.com\/es\/wp-json\/wp\/v2\/types\/post"}],"author":[{"embeddable":true,"href":"https:\/\/www.pressenza.com\/es\/wp-json\/wp\/v2\/users\/19"}],"replies":[{"embeddable":true,"href":"https:\/\/www.pressenza.com\/es\/wp-json\/wp\/v2\/comments?post=26078"}],"version-history":[{"count":0,"href":"https:\/\/www.pressenza.com\/es\/wp-json\/wp\/v2\/posts\/26078\/revisions"}],"wp:featuredmedia":[{"embeddable":true,"href":"https:\/\/www.pressenza.com\/es\/wp-json\/wp\/v2\/media\/25963"}],"wp:attachment":[{"href":"https:\/\/www.pressenza.com\/es\/wp-json\/wp\/v2\/media?parent=26078"}],"wp:term":[{"taxonomy":"category","embeddable":true,"href":"https:\/\/www.pressenza.com\/es\/wp-json\/wp\/v2\/categories?post=26078"},{"taxonomy":"post_tag","embeddable":true,"href":"https:\/\/www.pressenza.com\/es\/wp-json\/wp\/v2\/tags?post=26078"}],"curies":[{"name":"wp","href":"https:\/\/api.w.org\/{rel}","templated":true}]}}