{"id":2605336,"date":"2025-05-16T18:59:50","date_gmt":"2025-05-16T17:59:50","guid":{"rendered":"https:\/\/www.pressenza.com\/?p=2605336"},"modified":"2025-05-16T18:59:50","modified_gmt":"2025-05-16T17:59:50","slug":"habemus-laura-en-la-oea","status":"publish","type":"post","link":"https:\/\/www.pressenza.com\/es\/2025\/05\/habemus-laura-en-la-oea\/","title":{"rendered":"Habemus Laura en la OEA"},"content":{"rendered":"<p><span style=\"color: #808080;\"><em>13 de mayo 2024, El Espectador<\/em><\/span><\/p>\n<p class=\"p2\">Laura Gil es polit\u00f3loga, internacionalista, nacida en Uruguay y nacionalizada en Colombia. Ha sido vicecanciller y embajadora en Austria; cofundadora del movimiento ciudadano <i>Defendamos la Paz <\/i>y ganadora de un premio Sim\u00f3n Bol\u00edvar por haber creado y dirigido <i>\u201cLa l\u00ednea del medio\u201d<\/i>, un medio alternativo, independiente y digital que trabaj\u00f3 sin venderse ni parpadear, para que sus lectores nunca tragaran entero las medias verdades que otros asimilaban como hechos cumplidos. Ha logrado que las Naciones Unidas se replantee la pol\u00edtica frente a las drogas il\u00edcitas, y la semana pasada fue elegida Secretaria Adjunta de la OEA, primera mujer que en los 76 a\u00f1os de historia de la Organizaci\u00f3n ocupa ese cargo.<\/p>\n<p class=\"p2\">Pero la esencia de Laura Gil va mucho m\u00e1s all\u00e1 de los cargos ejercidos y los premios recibidos. Laura es ante todo una mujer templada por el rigor y la conciencia, intensa en su trabajo y en sus convicciones, persistente y sin miedo a \u201catravesarse como un quicio\u201d cuantas veces sea necesario para defender \u2014sin alardes y con argumentos sagaces y estructurados\u2014 los derechos de las mujeres, la voz de la justicia justa, el valor de la integridad como punto no negociable, y la defensa de la paz como derecho, deber y conquista de las personas y los pueblos.<\/p>\n<p class=\"p2\">Laura es la viva demostraci\u00f3n de que se puede hablar duro, ser firme y capaz de poner el mundo patas arriba, sin perder la capacidad de sentir consideraci\u00f3n y empat\u00eda con los m\u00e1s vulnerables, rebelarse con todas las letras contra las arbitrariedades y defender la paz as\u00ed eso implique enfrentarse a los intocables de siempre. Laura tiene la cabeza llena de inteligencia y conocimientos de Colombia y el mundo, y el coraz\u00f3n habitado por la ternura y el amor por la familia de sangre y por la familia de 4 patas; es una chef espectacular, mira de frente, y es leal con sus causas, sus convicciones y sus amigos.<\/p>\n<p class=\"p1\">Para las mujeres, y m\u00e1s a\u00fan para las mujeres colombianas, la elecci\u00f3n de Laura Gil representa un triunfo del feminismo bien entendido y un motivo de orgullo, una ruptura de paradigmas, una conquista de la dignidad y la pol\u00edtica, de la rectitud y la importancia de jugar con las cartas sobre la mesa.<\/p>\n<p class=\"p1\">Esta elecci\u00f3n le permitir\u00e1 a la OEA tener una reestructuraci\u00f3n que resulta inaplazable. Para nadie es un secreto que bajo el imperio Trump la viabilidad de los organismos multilaterales ser\u00e1 tarea de titanes. Bueno, pues ah\u00ed les lleg\u00f3 una <i>titana <\/i>que ejerce como pocos \u2014como pocas\u2014 un mix necesario para habitar el siglo XXI y ni morir ni matar en el intento: no le tiembla el pulso para decir las cosas como son, pero su hemisferio diplom\u00e1tico moldea con elegancia las formas de la contundencia. Y eso, en un mundo saturado de animadversiones y broncas de todo calibre, ya no es conveniente sino indispensable.<\/p>\n<p class=\"p1\">A quienes les genera preocupaci\u00f3n su pensamiento de centro-izquierda o izquierda moderada, tranquilos: Laura ha dejado muy en claro que por encima de su visi\u00f3n personal, lo que primar\u00e1 ser\u00e1 la voluntad de los Estados, y como corresponde a un liderazgo emocionalmente s\u00f3lido y adulto, todo parece indicar que lo suyo ser\u00e1 tender puentes, concertar las agendas de los Estados y ayudar a recuperar la credibilidad del mundo en las entidades multilaterales.<\/p>\n<p class=\"p1\">Para Albert Ramdin ser\u00e1 una bendici\u00f3n tener a Laura Gil como Secretaria Adjunta. Clave que siempre haya respeto y confianza entre ellos y que no falten la sinergia para complementarse y la humildad para reconocer los errores. Y, por favor, en los momentos dif\u00edciles cada uno recuerde que no est\u00e1 solo\u2026 es evidente que el futuro no se construye con mon\u00f3logos, sino con di\u00e1logo, comprensi\u00f3n y sinton\u00eda.<\/p>\n","protected":false},"excerpt":{"rendered":"<p>13 de mayo 2024, El Espectador Laura Gil es polit\u00f3loga, internacionalista, nacida en Uruguay y nacionalizada en Colombia. Ha sido vicecanciller y embajadora en Austria; cofundadora del movimiento ciudadano Defendamos la Paz y ganadora de un premio Sim\u00f3n Bol\u00edvar por&hellip;<\/p>\n","protected":false},"author":1897,"featured_media":2605337,"comment_status":"closed","ping_status":"closed","sticky":false,"template":"","format":"standard","meta":{"footnotes":""},"categories":[76,161,1243,67],"tags":[78568,30949,129787,136986,5286,124450],"class_list":["post-2605336","post","type-post","status-publish","format-standard","has-post-thumbnail","hentry","category-relaciones-exteriores","category-opiniones","category-paz-desarme","category-sudamerica","tag-lahuelladeloslideres","tag-acuerdos-de-paz","tag-colombia-es","tag-laura-gil","tag-oea","tag-paz-es"],"yoast_head":"<!-- This site is optimized with the Yoast SEO plugin v27.1.1 - https:\/\/yoast.com\/product\/yoast-seo-wordpress\/ -->\n<title>Habemus Laura en la OEA<\/title>\n<meta name=\"description\" content=\"13 de mayo 2024, El Espectador Laura Gil es polit\u00f3loga, internacionalista, nacida en Uruguay y nacionalizada en Colombia. Ha sido vicecanciller y\" \/>\n<meta name=\"robots\" content=\"index, follow, max-snippet:-1, max-image-preview:large, max-video-preview:-1\" \/>\n<link rel=\"canonical\" href=\"https:\/\/www.pressenza.com\/es\/2025\/05\/habemus-laura-en-la-oea\/\" \/>\n<meta property=\"og:locale\" content=\"es_ES\" \/>\n<meta property=\"og:type\" content=\"article\" \/>\n<meta property=\"og:title\" content=\"Habemus Laura en la OEA\" \/>\n<meta property=\"og:description\" content=\"13 de mayo 2024, El Espectador Laura Gil es polit\u00f3loga, internacionalista, nacida en Uruguay y nacionalizada en Colombia. Ha sido vicecanciller y\" \/>\n<meta property=\"og:url\" content=\"https:\/\/www.pressenza.com\/es\/2025\/05\/habemus-laura-en-la-oea\/\" \/>\n<meta property=\"og:site_name\" content=\"Pressenza\" \/>\n<meta property=\"article:publisher\" content=\"https:\/\/www.facebook.com\/PressenzaItalia\" \/>\n<meta property=\"article:published_time\" content=\"2025-05-16T17:59:50+00:00\" \/>\n<meta property=\"og:image\" content=\"https:\/\/www.pressenza.com\/wp-content\/uploads\/2025\/05\/Laura-Gil-IAEA-Imagebank.jpg\" \/>\n\t<meta property=\"og:image:width\" content=\"1600\" \/>\n\t<meta property=\"og:image:height\" content=\"1066\" \/>\n\t<meta property=\"og:image:type\" content=\"image\/jpeg\" \/>\n<meta name=\"author\" content=\"Gloria Arias Nieto\" \/>\n<meta name=\"twitter:card\" content=\"summary_large_image\" \/>\n<meta name=\"twitter:creator\" content=\"@gloriariasnieto\" \/>\n<meta name=\"twitter:site\" content=\"@PressenzaIPA\" \/>\n<meta name=\"twitter:label1\" content=\"Escrito por\" \/>\n\t<meta name=\"twitter:data1\" content=\"Gloria Arias Nieto\" \/>\n\t<meta name=\"twitter:label2\" content=\"Tiempo de lectura\" \/>\n\t<meta name=\"twitter:data2\" content=\"3 minutos\" \/>\n<script type=\"application\/ld+json\" class=\"yoast-schema-graph\">{\"@context\":\"https:\/\/schema.org\",\"@graph\":[{\"@type\":\"Article\",\"@id\":\"https:\/\/www.pressenza.com\/es\/2025\/05\/habemus-laura-en-la-oea\/#article\",\"isPartOf\":{\"@id\":\"https:\/\/www.pressenza.com\/es\/2025\/05\/habemus-laura-en-la-oea\/\"},\"author\":{\"name\":\"Gloria Arias Nieto\",\"@id\":\"https:\/\/www.pressenza.com\/es\/#\/schema\/person\/476779c5c0c262f919761226ef961a29\"},\"headline\":\"Habemus Laura en la OEA\",\"datePublished\":\"2025-05-16T17:59:50+00:00\",\"mainEntityOfPage\":{\"@id\":\"https:\/\/www.pressenza.com\/es\/2025\/05\/habemus-laura-en-la-oea\/\"},\"wordCount\":652,\"publisher\":{\"@id\":\"https:\/\/www.pressenza.com\/es\/#organization\"},\"image\":{\"@id\":\"https:\/\/www.pressenza.com\/es\/2025\/05\/habemus-laura-en-la-oea\/#primaryimage\"},\"thumbnailUrl\":\"https:\/\/www.pressenza.com\/wp-content\/uploads\/2025\/05\/Laura-Gil-IAEA-Imagebank.jpg\",\"keywords\":[\"#LaHuellaDeLosLideres\",\"Acuerdos de Paz\",\"Colombia\",\"Laura Gil\",\"OEA\",\"Paz\"],\"articleSection\":[\"Asuntos internacionales\",\"Opiniones\",\"Paz y Desarme\",\"Sudam\u00e9rica\"],\"inLanguage\":\"es\"},{\"@type\":\"WebPage\",\"@id\":\"https:\/\/www.pressenza.com\/es\/2025\/05\/habemus-laura-en-la-oea\/\",\"url\":\"https:\/\/www.pressenza.com\/es\/2025\/05\/habemus-laura-en-la-oea\/\",\"name\":\"Habemus Laura en la OEA\",\"isPartOf\":{\"@id\":\"https:\/\/www.pressenza.com\/es\/#website\"},\"primaryImageOfPage\":{\"@id\":\"https:\/\/www.pressenza.com\/es\/2025\/05\/habemus-laura-en-la-oea\/#primaryimage\"},\"image\":{\"@id\":\"https:\/\/www.pressenza.com\/es\/2025\/05\/habemus-laura-en-la-oea\/#primaryimage\"},\"thumbnailUrl\":\"https:\/\/www.pressenza.com\/wp-content\/uploads\/2025\/05\/Laura-Gil-IAEA-Imagebank.jpg\",\"datePublished\":\"2025-05-16T17:59:50+00:00\",\"description\":\"13 de mayo 2024, El Espectador Laura Gil es polit\u00f3loga, internacionalista, nacida en Uruguay y nacionalizada en Colombia. Ha sido vicecanciller y\",\"breadcrumb\":{\"@id\":\"https:\/\/www.pressenza.com\/es\/2025\/05\/habemus-laura-en-la-oea\/#breadcrumb\"},\"inLanguage\":\"es\",\"potentialAction\":[{\"@type\":\"ReadAction\",\"target\":[\"https:\/\/www.pressenza.com\/es\/2025\/05\/habemus-laura-en-la-oea\/\"]}]},{\"@type\":\"ImageObject\",\"inLanguage\":\"es\",\"@id\":\"https:\/\/www.pressenza.com\/es\/2025\/05\/habemus-laura-en-la-oea\/#primaryimage\",\"url\":\"https:\/\/www.pressenza.com\/wp-content\/uploads\/2025\/05\/Laura-Gil-IAEA-Imagebank.jpg\",\"contentUrl\":\"https:\/\/www.pressenza.com\/wp-content\/uploads\/2025\/05\/Laura-Gil-IAEA-Imagebank.jpg\",\"width\":1600,\"height\":1066,\"caption\":\"Laura Gil en reuni\u00f3n de la OIEA en Viena, enero de 2025\"},{\"@type\":\"BreadcrumbList\",\"@id\":\"https:\/\/www.pressenza.com\/es\/2025\/05\/habemus-laura-en-la-oea\/#breadcrumb\",\"itemListElement\":[{\"@type\":\"ListItem\",\"position\":1,\"name\":\"Accueil\",\"item\":\"https:\/\/www.pressenza.com\/es\/\"},{\"@type\":\"ListItem\",\"position\":2,\"name\":\"Habemus Laura en la OEA\"}]},{\"@type\":\"WebSite\",\"@id\":\"https:\/\/www.pressenza.com\/es\/#website\",\"url\":\"https:\/\/www.pressenza.com\/es\/\",\"name\":\"Pressenza\",\"description\":\"International Press Agency\",\"publisher\":{\"@id\":\"https:\/\/www.pressenza.com\/es\/#organization\"},\"potentialAction\":[{\"@type\":\"SearchAction\",\"target\":{\"@type\":\"EntryPoint\",\"urlTemplate\":\"https:\/\/www.pressenza.com\/es\/?s={search_term_string}\"},\"query-input\":{\"@type\":\"PropertyValueSpecification\",\"valueRequired\":true,\"valueName\":\"search_term_string\"}}],\"inLanguage\":\"es\"},{\"@type\":\"Organization\",\"@id\":\"https:\/\/www.pressenza.com\/es\/#organization\",\"name\":\"Pressenza\",\"url\":\"https:\/\/www.pressenza.com\/es\/\",\"logo\":{\"@type\":\"ImageObject\",\"inLanguage\":\"es\",\"@id\":\"https:\/\/www.pressenza.com\/es\/#\/schema\/logo\/image\/\",\"url\":\"https:\/\/www.pressenza.com\/wp-content\/uploads\/2022\/10\/pressenza_logo_200x200.jpg\",\"contentUrl\":\"https:\/\/www.pressenza.com\/wp-content\/uploads\/2022\/10\/pressenza_logo_200x200.jpg\",\"width\":200,\"height\":200,\"caption\":\"Pressenza\"},\"image\":{\"@id\":\"https:\/\/www.pressenza.com\/es\/#\/schema\/logo\/image\/\"},\"sameAs\":[\"https:\/\/www.facebook.com\/PressenzaItalia\",\"https:\/\/x.com\/PressenzaIPA\"]},{\"@type\":\"Person\",\"@id\":\"https:\/\/www.pressenza.com\/es\/#\/schema\/person\/476779c5c0c262f919761226ef961a29\",\"name\":\"Gloria Arias Nieto\",\"description\":\"M\u00e9dica y periodista, columnista de El Espectador. Promotora de procesos de paz y reconciliaci\u00f3n. Miembro del movimiento Defendamos la Paz (DLP) @gloriariasnieto\",\"sameAs\":[\"https:\/\/x.com\/gloriariasnieto\"],\"url\":\"https:\/\/www.pressenza.com\/es\/author\/gloria-arias-nieto\/\"}]}<\/script>\n<!-- \/ Yoast SEO plugin. -->","yoast_head_json":{"title":"Habemus Laura en la OEA","description":"13 de mayo 2024, El Espectador Laura Gil es polit\u00f3loga, internacionalista, nacida en Uruguay y nacionalizada en Colombia. Ha sido vicecanciller y","robots":{"index":"index","follow":"follow","max-snippet":"max-snippet:-1","max-image-preview":"max-image-preview:large","max-video-preview":"max-video-preview:-1"},"canonical":"https:\/\/www.pressenza.com\/es\/2025\/05\/habemus-laura-en-la-oea\/","og_locale":"es_ES","og_type":"article","og_title":"Habemus Laura en la OEA","og_description":"13 de mayo 2024, El Espectador Laura Gil es polit\u00f3loga, internacionalista, nacida en Uruguay y nacionalizada en Colombia. Ha sido vicecanciller y","og_url":"https:\/\/www.pressenza.com\/es\/2025\/05\/habemus-laura-en-la-oea\/","og_site_name":"Pressenza","article_publisher":"https:\/\/www.facebook.com\/PressenzaItalia","article_published_time":"2025-05-16T17:59:50+00:00","og_image":[{"width":1600,"height":1066,"url":"https:\/\/www.pressenza.com\/wp-content\/uploads\/2025\/05\/Laura-Gil-IAEA-Imagebank.jpg","type":"image\/jpeg"}],"author":"Gloria Arias Nieto","twitter_card":"summary_large_image","twitter_creator":"@gloriariasnieto","twitter_site":"@PressenzaIPA","twitter_misc":{"Escrito por":"Gloria Arias Nieto","Tiempo de lectura":"3 minutos"},"schema":{"@context":"https:\/\/schema.org","@graph":[{"@type":"Article","@id":"https:\/\/www.pressenza.com\/es\/2025\/05\/habemus-laura-en-la-oea\/#article","isPartOf":{"@id":"https:\/\/www.pressenza.com\/es\/2025\/05\/habemus-laura-en-la-oea\/"},"author":{"name":"Gloria Arias Nieto","@id":"https:\/\/www.pressenza.com\/es\/#\/schema\/person\/476779c5c0c262f919761226ef961a29"},"headline":"Habemus Laura en la OEA","datePublished":"2025-05-16T17:59:50+00:00","mainEntityOfPage":{"@id":"https:\/\/www.pressenza.com\/es\/2025\/05\/habemus-laura-en-la-oea\/"},"wordCount":652,"publisher":{"@id":"https:\/\/www.pressenza.com\/es\/#organization"},"image":{"@id":"https:\/\/www.pressenza.com\/es\/2025\/05\/habemus-laura-en-la-oea\/#primaryimage"},"thumbnailUrl":"https:\/\/www.pressenza.com\/wp-content\/uploads\/2025\/05\/Laura-Gil-IAEA-Imagebank.jpg","keywords":["#LaHuellaDeLosLideres","Acuerdos de Paz","Colombia","Laura Gil","OEA","Paz"],"articleSection":["Asuntos internacionales","Opiniones","Paz y Desarme","Sudam\u00e9rica"],"inLanguage":"es"},{"@type":"WebPage","@id":"https:\/\/www.pressenza.com\/es\/2025\/05\/habemus-laura-en-la-oea\/","url":"https:\/\/www.pressenza.com\/es\/2025\/05\/habemus-laura-en-la-oea\/","name":"Habemus Laura en la OEA","isPartOf":{"@id":"https:\/\/www.pressenza.com\/es\/#website"},"primaryImageOfPage":{"@id":"https:\/\/www.pressenza.com\/es\/2025\/05\/habemus-laura-en-la-oea\/#primaryimage"},"image":{"@id":"https:\/\/www.pressenza.com\/es\/2025\/05\/habemus-laura-en-la-oea\/#primaryimage"},"thumbnailUrl":"https:\/\/www.pressenza.com\/wp-content\/uploads\/2025\/05\/Laura-Gil-IAEA-Imagebank.jpg","datePublished":"2025-05-16T17:59:50+00:00","description":"13 de mayo 2024, El Espectador Laura Gil es polit\u00f3loga, internacionalista, nacida en Uruguay y nacionalizada en Colombia. Ha sido vicecanciller y","breadcrumb":{"@id":"https:\/\/www.pressenza.com\/es\/2025\/05\/habemus-laura-en-la-oea\/#breadcrumb"},"inLanguage":"es","potentialAction":[{"@type":"ReadAction","target":["https:\/\/www.pressenza.com\/es\/2025\/05\/habemus-laura-en-la-oea\/"]}]},{"@type":"ImageObject","inLanguage":"es","@id":"https:\/\/www.pressenza.com\/es\/2025\/05\/habemus-laura-en-la-oea\/#primaryimage","url":"https:\/\/www.pressenza.com\/wp-content\/uploads\/2025\/05\/Laura-Gil-IAEA-Imagebank.jpg","contentUrl":"https:\/\/www.pressenza.com\/wp-content\/uploads\/2025\/05\/Laura-Gil-IAEA-Imagebank.jpg","width":1600,"height":1066,"caption":"Laura Gil en reuni\u00f3n de la OIEA en Viena, enero de 2025"},{"@type":"BreadcrumbList","@id":"https:\/\/www.pressenza.com\/es\/2025\/05\/habemus-laura-en-la-oea\/#breadcrumb","itemListElement":[{"@type":"ListItem","position":1,"name":"Accueil","item":"https:\/\/www.pressenza.com\/es\/"},{"@type":"ListItem","position":2,"name":"Habemus Laura en la OEA"}]},{"@type":"WebSite","@id":"https:\/\/www.pressenza.com\/es\/#website","url":"https:\/\/www.pressenza.com\/es\/","name":"Pressenza","description":"International Press Agency","publisher":{"@id":"https:\/\/www.pressenza.com\/es\/#organization"},"potentialAction":[{"@type":"SearchAction","target":{"@type":"EntryPoint","urlTemplate":"https:\/\/www.pressenza.com\/es\/?s={search_term_string}"},"query-input":{"@type":"PropertyValueSpecification","valueRequired":true,"valueName":"search_term_string"}}],"inLanguage":"es"},{"@type":"Organization","@id":"https:\/\/www.pressenza.com\/es\/#organization","name":"Pressenza","url":"https:\/\/www.pressenza.com\/es\/","logo":{"@type":"ImageObject","inLanguage":"es","@id":"https:\/\/www.pressenza.com\/es\/#\/schema\/logo\/image\/","url":"https:\/\/www.pressenza.com\/wp-content\/uploads\/2022\/10\/pressenza_logo_200x200.jpg","contentUrl":"https:\/\/www.pressenza.com\/wp-content\/uploads\/2022\/10\/pressenza_logo_200x200.jpg","width":200,"height":200,"caption":"Pressenza"},"image":{"@id":"https:\/\/www.pressenza.com\/es\/#\/schema\/logo\/image\/"},"sameAs":["https:\/\/www.facebook.com\/PressenzaItalia","https:\/\/x.com\/PressenzaIPA"]},{"@type":"Person","@id":"https:\/\/www.pressenza.com\/es\/#\/schema\/person\/476779c5c0c262f919761226ef961a29","name":"Gloria Arias Nieto","description":"M\u00e9dica y periodista, columnista de El Espectador. Promotora de procesos de paz y reconciliaci\u00f3n. Miembro del movimiento Defendamos la Paz (DLP) @gloriariasnieto","sameAs":["https:\/\/x.com\/gloriariasnieto"],"url":"https:\/\/www.pressenza.com\/es\/author\/gloria-arias-nieto\/"}]}},"place":"Bogot\u00e1, Colombia","original_article_url":"https:\/\/www.elespectador.com\/opinion\/columnistas\/gloria-arias-nieto\/habemus-laura-en-la-oea\/","_links":{"self":[{"href":"https:\/\/www.pressenza.com\/es\/wp-json\/wp\/v2\/posts\/2605336","targetHints":{"allow":["GET"]}}],"collection":[{"href":"https:\/\/www.pressenza.com\/es\/wp-json\/wp\/v2\/posts"}],"about":[{"href":"https:\/\/www.pressenza.com\/es\/wp-json\/wp\/v2\/types\/post"}],"author":[{"embeddable":true,"href":"https:\/\/www.pressenza.com\/es\/wp-json\/wp\/v2\/users\/1897"}],"replies":[{"embeddable":true,"href":"https:\/\/www.pressenza.com\/es\/wp-json\/wp\/v2\/comments?post=2605336"}],"version-history":[{"count":0,"href":"https:\/\/www.pressenza.com\/es\/wp-json\/wp\/v2\/posts\/2605336\/revisions"}],"wp:featuredmedia":[{"embeddable":true,"href":"https:\/\/www.pressenza.com\/es\/wp-json\/wp\/v2\/media\/2605337"}],"wp:attachment":[{"href":"https:\/\/www.pressenza.com\/es\/wp-json\/wp\/v2\/media?parent=2605336"}],"wp:term":[{"taxonomy":"category","embeddable":true,"href":"https:\/\/www.pressenza.com\/es\/wp-json\/wp\/v2\/categories?post=2605336"},{"taxonomy":"post_tag","embeddable":true,"href":"https:\/\/www.pressenza.com\/es\/wp-json\/wp\/v2\/tags?post=2605336"}],"curies":[{"name":"wp","href":"https:\/\/api.w.org\/{rel}","templated":true}]}}