{"id":260484,"date":"2015-12-20T15:07:59","date_gmt":"2015-12-20T15:07:59","guid":{"rendered":"http:\/\/www.pressenza.com\/es\/?p=260484"},"modified":"2015-12-20T18:19:50","modified_gmt":"2015-12-20T18:19:50","slug":"encuentro-por-la-paz-y-la-no-violencia-10o-aniversario-del-parque-de-estudio-y-reflexion-chaco","status":"publish","type":"post","link":"https:\/\/www.pressenza.com\/es\/2015\/12\/encuentro-por-la-paz-y-la-no-violencia-10o-aniversario-del-parque-de-estudio-y-reflexion-chaco\/","title":{"rendered":"Encuentro por la Paz y la No Violencia: 10\u00ba Aniversario del Parque de Estudio y Reflexi\u00f3n Chaco"},"content":{"rendered":"<p><em><strong>Por Gustavo Goren<\/strong><\/em><br \/>\n<em> Comisi\u00f3n Parques de Estudio y Reflexi\u00f3n Chaco<\/em><\/p>\n<p>El s\u00e1bado 5 y domingo 6 de diciembre realizamos el 10\u00ba Aniversario del Parque. Hace 10 a\u00f1os, Silo (fundador y orientador de esta corriente espiritual, fallecido en el 2010) \u201cconsagraba\u201d el Parque, para irradiar su mensaje de paz y no violencia. A partir de all\u00ed la sala, construida hace 40 a\u00f1os como un experimento, fue utilizada como prototipo para los nuevos Parques de Estudio y Reflexi\u00f3n en todo el mundo, que hoy ya son alrededor de medio centenar.<\/p>\n<p><a href=\"http:\/\/www.pressenza.com\/wp-content\/uploads\/2015\/12\/12321557_1742894312605635_75640697537122417_n.jpg\"><img loading=\"lazy\" decoding=\"async\" class=\"aligncenter size-large wp-image-260492\" src=\"http:\/\/www.pressenza.com\/wp-content\/uploads\/2015\/12\/12321557_1742894312605635_75640697537122417_n-720x540.jpg\" alt=\"Parque Chaco\" width=\"720\" height=\"540\" srcset=\"https:\/\/www.pressenza.com\/wp-content\/uploads\/2015\/12\/12321557_1742894312605635_75640697537122417_n-720x540.jpg 720w, https:\/\/www.pressenza.com\/wp-content\/uploads\/2015\/12\/12321557_1742894312605635_75640697537122417_n-300x225.jpg 300w, https:\/\/www.pressenza.com\/wp-content\/uploads\/2015\/12\/12321557_1742894312605635_75640697537122417_n.jpg 960w\" sizes=\"auto, (max-width: 720px) 100vw, 720px\" \/><\/a><\/p>\n<p>En el Encuentro convergieron amigos mensajeros y maestros de distintas provincias y pa\u00edses, miembros del Colectivo Nacional, con su secretaria de derechos humanos y de g\u00e9nero; del Programa del Pensamiento Nacional, del canal 9 y del coro Chelaalapi. Tambi\u00e9n hubo difusi\u00f3n por otros medios radiales y gr\u00e1ficos. Fueron muy enriquecedores los intercambios, basados en la experiencia personal de los participantes. Realizamos una visita a cada s\u00edmbolo que compone el Parque (Portal, Estela, Monolito, Fuente y Sala) compartiendo su sentido, su significado. Adem\u00e1s realizamos varias Ceremonias de Bienestar pidiendo por la gente querida y por todo el pueblo chaque\u00f1o. Hubo adhesiones de m\u00faltiples organizaciones sociales, educativas y culturales, como tambi\u00e9n de personas sensibles a la propuesta, a nivel nacional e internacional.<\/p>\n<p><a href=\"http:\/\/www.pressenza.com\/wp-content\/uploads\/2015\/12\/12341558_1742901669271566_1949093325233629785_n.jpg\"><img loading=\"lazy\" decoding=\"async\" class=\"aligncenter size-large wp-image-260499\" src=\"http:\/\/www.pressenza.com\/wp-content\/uploads\/2015\/12\/12341558_1742901669271566_1949093325233629785_n-720x540.jpg\" alt=\"Parque Chaco\" width=\"720\" height=\"540\" srcset=\"https:\/\/www.pressenza.com\/wp-content\/uploads\/2015\/12\/12341558_1742901669271566_1949093325233629785_n-720x540.jpg 720w, https:\/\/www.pressenza.com\/wp-content\/uploads\/2015\/12\/12341558_1742901669271566_1949093325233629785_n-300x225.jpg 300w, https:\/\/www.pressenza.com\/wp-content\/uploads\/2015\/12\/12341558_1742901669271566_1949093325233629785_n.jpg 960w\" sizes=\"auto, (max-width: 720px) 100vw, 720px\" \/><\/a><\/p>\n<p>El evento comenz\u00f3 luego de una ceremonia, recordando la inauguraci\u00f3n del Parque en el a\u00f1o 2005 a trav\u00e9s de unas palabras alusivas y del video con las palabras de Silo expresadas en aquel momento. Y como cierre se proyect\u00f3: \u201cSilo, la Pel\u00edcula\u201d, con su biograf\u00eda.<br \/>\nTambi\u00e9n el Planetario Chaco dio una funci\u00f3n gratuita a los presentes incluyendo a los chicos del barrio La Toma que vinieron de visita para el evento, compartiendo los mensajes que los griegos ve\u00edan en el cielo, y que a\u00fan hoy podemos observar.<\/p>\n<p>Todos quedamos muy contentos con la experiencia de compartir tantas vivencias, con la sensaci\u00f3n de empezar a trabajar codo a codo con amigos provenientes de distintas fuentes, pero guiados por una direcci\u00f3n que apunta a objetivos similares que permite que podamos aprender mutuamente muchas cosas, y as\u00ed potenciar la acci\u00f3n y la influencia en el medio. Los presentes nos sentimos unidos por una atm\u00f3sfera de hermandad, solidaridad y buenos deseos que nos alienta y empuja a creer y actuar para que un mundo sin violencia sea posible.<\/p>\n","protected":false},"excerpt":{"rendered":"<p>Por Gustavo Goren Comisi\u00f3n Parques de Estudio y Reflexi\u00f3n Chaco El s\u00e1bado 5 y domingo 6 de diciembre realizamos el 10\u00ba Aniversario del Parque. Hace 10 a\u00f1os, Silo (fundador y orientador de esta corriente espiritual, fallecido en el 2010) \u201cconsagraba\u201d&hellip;<\/p>\n","protected":false},"author":87,"featured_media":260485,"comment_status":"closed","ping_status":"open","sticky":false,"template":"","format":"standard","meta":{"footnotes":""},"categories":[1240,67],"tags":[26,17291,22662,545,543],"class_list":["post-260484","post","type-post","status-publish","format-standard","has-post-thumbnail","hentry","category-humanismo-espiritualidad","category-sudamerica","tag-argentina","tag-chaco","tag-parques-de-estudio-reflexion-chaco","tag-parques-de-estudio-y-reflexion","tag-silo-es"],"yoast_head":"<!-- This site is optimized with the Yoast SEO plugin v27.1.1 - https:\/\/yoast.com\/product\/yoast-seo-wordpress\/ -->\n<title>Encuentro por la Paz y la No Violencia: 10\u00ba Aniversario del Parque de Estudio y Reflexi\u00f3n Chaco<\/title>\n<meta name=\"description\" content=\"Por Gustavo Goren Comisi\u00f3n Parques de Estudio y Reflexi\u00f3n Chaco El s\u00e1bado 5 y domingo 6 de diciembre realizamos el 10\u00ba Aniversario del Parque. Hace 10\" \/>\n<meta name=\"robots\" content=\"index, follow, max-snippet:-1, max-image-preview:large, max-video-preview:-1\" \/>\n<link rel=\"canonical\" href=\"https:\/\/www.pressenza.com\/es\/2015\/12\/encuentro-por-la-paz-y-la-no-violencia-10o-aniversario-del-parque-de-estudio-y-reflexion-chaco\/\" \/>\n<meta property=\"og:locale\" content=\"es_ES\" \/>\n<meta property=\"og:type\" content=\"article\" \/>\n<meta property=\"og:title\" content=\"Encuentro por la Paz y la No Violencia: 10\u00ba Aniversario del Parque de Estudio y Reflexi\u00f3n Chaco\" \/>\n<meta property=\"og:description\" content=\"Por Gustavo Goren Comisi\u00f3n Parques de Estudio y Reflexi\u00f3n Chaco El s\u00e1bado 5 y domingo 6 de diciembre realizamos el 10\u00ba Aniversario del Parque. Hace 10\" \/>\n<meta property=\"og:url\" content=\"https:\/\/www.pressenza.com\/es\/2015\/12\/encuentro-por-la-paz-y-la-no-violencia-10o-aniversario-del-parque-de-estudio-y-reflexion-chaco\/\" \/>\n<meta property=\"og:site_name\" content=\"Pressenza\" \/>\n<meta property=\"article:publisher\" content=\"https:\/\/www.facebook.com\/PressenzaItalia\" \/>\n<meta property=\"article:published_time\" content=\"2015-12-20T15:07:59+00:00\" \/>\n<meta property=\"article:modified_time\" content=\"2015-12-20T18:19:50+00:00\" \/>\n<meta property=\"og:image\" content=\"https:\/\/www.pressenza.com\/wp-content\/uploads\/2015\/12\/12316467_10153354613594912_7624598448741426076_n.jpg\" \/>\n\t<meta property=\"og:image:width\" content=\"526\" \/>\n\t<meta property=\"og:image:height\" content=\"394\" \/>\n\t<meta property=\"og:image:type\" content=\"image\/jpeg\" \/>\n<meta name=\"author\" content=\"Redacci\u00f3n Argentina\" \/>\n<meta name=\"twitter:card\" content=\"summary_large_image\" \/>\n<meta name=\"twitter:creator\" content=\"@pressenza\" \/>\n<meta name=\"twitter:site\" content=\"@PressenzaIPA\" \/>\n<meta name=\"twitter:label1\" content=\"Escrito por\" \/>\n\t<meta name=\"twitter:data1\" content=\"Redacci\u00f3n Argentina\" \/>\n\t<meta name=\"twitter:label2\" content=\"Tiempo de lectura\" \/>\n\t<meta name=\"twitter:data2\" content=\"2 minutos\" \/>\n<script type=\"application\/ld+json\" class=\"yoast-schema-graph\">{\"@context\":\"https:\/\/schema.org\",\"@graph\":[{\"@type\":\"Article\",\"@id\":\"https:\/\/www.pressenza.com\/es\/2015\/12\/encuentro-por-la-paz-y-la-no-violencia-10o-aniversario-del-parque-de-estudio-y-reflexion-chaco\/#article\",\"isPartOf\":{\"@id\":\"https:\/\/www.pressenza.com\/es\/2015\/12\/encuentro-por-la-paz-y-la-no-violencia-10o-aniversario-del-parque-de-estudio-y-reflexion-chaco\/\"},\"author\":{\"name\":\"Redacci\u00f3n Argentina\",\"@id\":\"https:\/\/www.pressenza.com\/es\/#\/schema\/person\/0dda7d1b68267ad95b1e1d83abc98c89\"},\"headline\":\"Encuentro por la Paz y la No Violencia: 10\u00ba Aniversario del Parque de Estudio y Reflexi\u00f3n Chaco\",\"datePublished\":\"2015-12-20T15:07:59+00:00\",\"dateModified\":\"2015-12-20T18:19:50+00:00\",\"mainEntityOfPage\":{\"@id\":\"https:\/\/www.pressenza.com\/es\/2015\/12\/encuentro-por-la-paz-y-la-no-violencia-10o-aniversario-del-parque-de-estudio-y-reflexion-chaco\/\"},\"wordCount\":420,\"publisher\":{\"@id\":\"https:\/\/www.pressenza.com\/es\/#organization\"},\"image\":{\"@id\":\"https:\/\/www.pressenza.com\/es\/2015\/12\/encuentro-por-la-paz-y-la-no-violencia-10o-aniversario-del-parque-de-estudio-y-reflexion-chaco\/#primaryimage\"},\"thumbnailUrl\":\"https:\/\/www.pressenza.com\/wp-content\/uploads\/2015\/12\/12316467_10153354613594912_7624598448741426076_n.jpg\",\"keywords\":[\"Argentina\",\"Chaco\",\"Parques de Estudio Reflexi\u00f3n Chaco\",\"Parques de Estudio y Reflexi\u00f3n\",\"Silo\"],\"articleSection\":[\"Humanismo y Espiritualidad\",\"Sudam\u00e9rica\"],\"inLanguage\":\"es\"},{\"@type\":\"WebPage\",\"@id\":\"https:\/\/www.pressenza.com\/es\/2015\/12\/encuentro-por-la-paz-y-la-no-violencia-10o-aniversario-del-parque-de-estudio-y-reflexion-chaco\/\",\"url\":\"https:\/\/www.pressenza.com\/es\/2015\/12\/encuentro-por-la-paz-y-la-no-violencia-10o-aniversario-del-parque-de-estudio-y-reflexion-chaco\/\",\"name\":\"Encuentro por la Paz y la No Violencia: 10\u00ba Aniversario del Parque de Estudio y Reflexi\u00f3n Chaco\",\"isPartOf\":{\"@id\":\"https:\/\/www.pressenza.com\/es\/#website\"},\"primaryImageOfPage\":{\"@id\":\"https:\/\/www.pressenza.com\/es\/2015\/12\/encuentro-por-la-paz-y-la-no-violencia-10o-aniversario-del-parque-de-estudio-y-reflexion-chaco\/#primaryimage\"},\"image\":{\"@id\":\"https:\/\/www.pressenza.com\/es\/2015\/12\/encuentro-por-la-paz-y-la-no-violencia-10o-aniversario-del-parque-de-estudio-y-reflexion-chaco\/#primaryimage\"},\"thumbnailUrl\":\"https:\/\/www.pressenza.com\/wp-content\/uploads\/2015\/12\/12316467_10153354613594912_7624598448741426076_n.jpg\",\"datePublished\":\"2015-12-20T15:07:59+00:00\",\"dateModified\":\"2015-12-20T18:19:50+00:00\",\"description\":\"Por Gustavo Goren Comisi\u00f3n Parques de Estudio y Reflexi\u00f3n Chaco El s\u00e1bado 5 y domingo 6 de diciembre realizamos el 10\u00ba Aniversario del Parque. Hace 10\",\"breadcrumb\":{\"@id\":\"https:\/\/www.pressenza.com\/es\/2015\/12\/encuentro-por-la-paz-y-la-no-violencia-10o-aniversario-del-parque-de-estudio-y-reflexion-chaco\/#breadcrumb\"},\"inLanguage\":\"es\",\"potentialAction\":[{\"@type\":\"ReadAction\",\"target\":[\"https:\/\/www.pressenza.com\/es\/2015\/12\/encuentro-por-la-paz-y-la-no-violencia-10o-aniversario-del-parque-de-estudio-y-reflexion-chaco\/\"]}]},{\"@type\":\"ImageObject\",\"inLanguage\":\"es\",\"@id\":\"https:\/\/www.pressenza.com\/es\/2015\/12\/encuentro-por-la-paz-y-la-no-violencia-10o-aniversario-del-parque-de-estudio-y-reflexion-chaco\/#primaryimage\",\"url\":\"https:\/\/www.pressenza.com\/wp-content\/uploads\/2015\/12\/12316467_10153354613594912_7624598448741426076_n.jpg\",\"contentUrl\":\"https:\/\/www.pressenza.com\/wp-content\/uploads\/2015\/12\/12316467_10153354613594912_7624598448741426076_n.jpg\",\"width\":526,\"height\":394},{\"@type\":\"BreadcrumbList\",\"@id\":\"https:\/\/www.pressenza.com\/es\/2015\/12\/encuentro-por-la-paz-y-la-no-violencia-10o-aniversario-del-parque-de-estudio-y-reflexion-chaco\/#breadcrumb\",\"itemListElement\":[{\"@type\":\"ListItem\",\"position\":1,\"name\":\"Accueil\",\"item\":\"https:\/\/www.pressenza.com\/es\/\"},{\"@type\":\"ListItem\",\"position\":2,\"name\":\"Encuentro por la Paz y la No Violencia: 10\u00ba Aniversario del Parque de Estudio y Reflexi\u00f3n Chaco\"}]},{\"@type\":\"WebSite\",\"@id\":\"https:\/\/www.pressenza.com\/es\/#website\",\"url\":\"https:\/\/www.pressenza.com\/es\/\",\"name\":\"Pressenza\",\"description\":\"International Press Agency\",\"publisher\":{\"@id\":\"https:\/\/www.pressenza.com\/es\/#organization\"},\"potentialAction\":[{\"@type\":\"SearchAction\",\"target\":{\"@type\":\"EntryPoint\",\"urlTemplate\":\"https:\/\/www.pressenza.com\/es\/?s={search_term_string}\"},\"query-input\":{\"@type\":\"PropertyValueSpecification\",\"valueRequired\":true,\"valueName\":\"search_term_string\"}}],\"inLanguage\":\"es\"},{\"@type\":\"Organization\",\"@id\":\"https:\/\/www.pressenza.com\/es\/#organization\",\"name\":\"Pressenza\",\"url\":\"https:\/\/www.pressenza.com\/es\/\",\"logo\":{\"@type\":\"ImageObject\",\"inLanguage\":\"es\",\"@id\":\"https:\/\/www.pressenza.com\/es\/#\/schema\/logo\/image\/\",\"url\":\"https:\/\/www.pressenza.com\/wp-content\/uploads\/2022\/10\/pressenza_logo_200x200.jpg\",\"contentUrl\":\"https:\/\/www.pressenza.com\/wp-content\/uploads\/2022\/10\/pressenza_logo_200x200.jpg\",\"width\":200,\"height\":200,\"caption\":\"Pressenza\"},\"image\":{\"@id\":\"https:\/\/www.pressenza.com\/es\/#\/schema\/logo\/image\/\"},\"sameAs\":[\"https:\/\/www.facebook.com\/PressenzaItalia\",\"https:\/\/x.com\/PressenzaIPA\"]},{\"@type\":\"Person\",\"@id\":\"https:\/\/www.pressenza.com\/es\/#\/schema\/person\/0dda7d1b68267ad95b1e1d83abc98c89\",\"name\":\"Redacci\u00f3n Argentina\",\"description\":\"News from the Pressenza Bureau in Argentina.\",\"sameAs\":[\"https:\/\/x.com\/pressenza\"],\"url\":\"https:\/\/www.pressenza.com\/es\/author\/redaccion-argentina\/\"}]}<\/script>\n<!-- \/ Yoast SEO plugin. -->","yoast_head_json":{"title":"Encuentro por la Paz y la No Violencia: 10\u00ba Aniversario del Parque de Estudio y Reflexi\u00f3n Chaco","description":"Por Gustavo Goren Comisi\u00f3n Parques de Estudio y Reflexi\u00f3n Chaco El s\u00e1bado 5 y domingo 6 de diciembre realizamos el 10\u00ba Aniversario del Parque. Hace 10","robots":{"index":"index","follow":"follow","max-snippet":"max-snippet:-1","max-image-preview":"max-image-preview:large","max-video-preview":"max-video-preview:-1"},"canonical":"https:\/\/www.pressenza.com\/es\/2015\/12\/encuentro-por-la-paz-y-la-no-violencia-10o-aniversario-del-parque-de-estudio-y-reflexion-chaco\/","og_locale":"es_ES","og_type":"article","og_title":"Encuentro por la Paz y la No Violencia: 10\u00ba Aniversario del Parque de Estudio y Reflexi\u00f3n Chaco","og_description":"Por Gustavo Goren Comisi\u00f3n Parques de Estudio y Reflexi\u00f3n Chaco El s\u00e1bado 5 y domingo 6 de diciembre realizamos el 10\u00ba Aniversario del Parque. Hace 10","og_url":"https:\/\/www.pressenza.com\/es\/2015\/12\/encuentro-por-la-paz-y-la-no-violencia-10o-aniversario-del-parque-de-estudio-y-reflexion-chaco\/","og_site_name":"Pressenza","article_publisher":"https:\/\/www.facebook.com\/PressenzaItalia","article_published_time":"2015-12-20T15:07:59+00:00","article_modified_time":"2015-12-20T18:19:50+00:00","og_image":[{"width":526,"height":394,"url":"https:\/\/www.pressenza.com\/wp-content\/uploads\/2015\/12\/12316467_10153354613594912_7624598448741426076_n.jpg","type":"image\/jpeg"}],"author":"Redacci\u00f3n Argentina","twitter_card":"summary_large_image","twitter_creator":"@pressenza","twitter_site":"@PressenzaIPA","twitter_misc":{"Escrito por":"Redacci\u00f3n Argentina","Tiempo de lectura":"2 minutos"},"schema":{"@context":"https:\/\/schema.org","@graph":[{"@type":"Article","@id":"https:\/\/www.pressenza.com\/es\/2015\/12\/encuentro-por-la-paz-y-la-no-violencia-10o-aniversario-del-parque-de-estudio-y-reflexion-chaco\/#article","isPartOf":{"@id":"https:\/\/www.pressenza.com\/es\/2015\/12\/encuentro-por-la-paz-y-la-no-violencia-10o-aniversario-del-parque-de-estudio-y-reflexion-chaco\/"},"author":{"name":"Redacci\u00f3n Argentina","@id":"https:\/\/www.pressenza.com\/es\/#\/schema\/person\/0dda7d1b68267ad95b1e1d83abc98c89"},"headline":"Encuentro por la Paz y la No Violencia: 10\u00ba Aniversario del Parque de Estudio y Reflexi\u00f3n Chaco","datePublished":"2015-12-20T15:07:59+00:00","dateModified":"2015-12-20T18:19:50+00:00","mainEntityOfPage":{"@id":"https:\/\/www.pressenza.com\/es\/2015\/12\/encuentro-por-la-paz-y-la-no-violencia-10o-aniversario-del-parque-de-estudio-y-reflexion-chaco\/"},"wordCount":420,"publisher":{"@id":"https:\/\/www.pressenza.com\/es\/#organization"},"image":{"@id":"https:\/\/www.pressenza.com\/es\/2015\/12\/encuentro-por-la-paz-y-la-no-violencia-10o-aniversario-del-parque-de-estudio-y-reflexion-chaco\/#primaryimage"},"thumbnailUrl":"https:\/\/www.pressenza.com\/wp-content\/uploads\/2015\/12\/12316467_10153354613594912_7624598448741426076_n.jpg","keywords":["Argentina","Chaco","Parques de Estudio Reflexi\u00f3n Chaco","Parques de Estudio y Reflexi\u00f3n","Silo"],"articleSection":["Humanismo y Espiritualidad","Sudam\u00e9rica"],"inLanguage":"es"},{"@type":"WebPage","@id":"https:\/\/www.pressenza.com\/es\/2015\/12\/encuentro-por-la-paz-y-la-no-violencia-10o-aniversario-del-parque-de-estudio-y-reflexion-chaco\/","url":"https:\/\/www.pressenza.com\/es\/2015\/12\/encuentro-por-la-paz-y-la-no-violencia-10o-aniversario-del-parque-de-estudio-y-reflexion-chaco\/","name":"Encuentro por la Paz y la No Violencia: 10\u00ba Aniversario del Parque de Estudio y Reflexi\u00f3n Chaco","isPartOf":{"@id":"https:\/\/www.pressenza.com\/es\/#website"},"primaryImageOfPage":{"@id":"https:\/\/www.pressenza.com\/es\/2015\/12\/encuentro-por-la-paz-y-la-no-violencia-10o-aniversario-del-parque-de-estudio-y-reflexion-chaco\/#primaryimage"},"image":{"@id":"https:\/\/www.pressenza.com\/es\/2015\/12\/encuentro-por-la-paz-y-la-no-violencia-10o-aniversario-del-parque-de-estudio-y-reflexion-chaco\/#primaryimage"},"thumbnailUrl":"https:\/\/www.pressenza.com\/wp-content\/uploads\/2015\/12\/12316467_10153354613594912_7624598448741426076_n.jpg","datePublished":"2015-12-20T15:07:59+00:00","dateModified":"2015-12-20T18:19:50+00:00","description":"Por Gustavo Goren Comisi\u00f3n Parques de Estudio y Reflexi\u00f3n Chaco El s\u00e1bado 5 y domingo 6 de diciembre realizamos el 10\u00ba Aniversario del Parque. Hace 10","breadcrumb":{"@id":"https:\/\/www.pressenza.com\/es\/2015\/12\/encuentro-por-la-paz-y-la-no-violencia-10o-aniversario-del-parque-de-estudio-y-reflexion-chaco\/#breadcrumb"},"inLanguage":"es","potentialAction":[{"@type":"ReadAction","target":["https:\/\/www.pressenza.com\/es\/2015\/12\/encuentro-por-la-paz-y-la-no-violencia-10o-aniversario-del-parque-de-estudio-y-reflexion-chaco\/"]}]},{"@type":"ImageObject","inLanguage":"es","@id":"https:\/\/www.pressenza.com\/es\/2015\/12\/encuentro-por-la-paz-y-la-no-violencia-10o-aniversario-del-parque-de-estudio-y-reflexion-chaco\/#primaryimage","url":"https:\/\/www.pressenza.com\/wp-content\/uploads\/2015\/12\/12316467_10153354613594912_7624598448741426076_n.jpg","contentUrl":"https:\/\/www.pressenza.com\/wp-content\/uploads\/2015\/12\/12316467_10153354613594912_7624598448741426076_n.jpg","width":526,"height":394},{"@type":"BreadcrumbList","@id":"https:\/\/www.pressenza.com\/es\/2015\/12\/encuentro-por-la-paz-y-la-no-violencia-10o-aniversario-del-parque-de-estudio-y-reflexion-chaco\/#breadcrumb","itemListElement":[{"@type":"ListItem","position":1,"name":"Accueil","item":"https:\/\/www.pressenza.com\/es\/"},{"@type":"ListItem","position":2,"name":"Encuentro por la Paz y la No Violencia: 10\u00ba Aniversario del Parque de Estudio y Reflexi\u00f3n Chaco"}]},{"@type":"WebSite","@id":"https:\/\/www.pressenza.com\/es\/#website","url":"https:\/\/www.pressenza.com\/es\/","name":"Pressenza","description":"International Press Agency","publisher":{"@id":"https:\/\/www.pressenza.com\/es\/#organization"},"potentialAction":[{"@type":"SearchAction","target":{"@type":"EntryPoint","urlTemplate":"https:\/\/www.pressenza.com\/es\/?s={search_term_string}"},"query-input":{"@type":"PropertyValueSpecification","valueRequired":true,"valueName":"search_term_string"}}],"inLanguage":"es"},{"@type":"Organization","@id":"https:\/\/www.pressenza.com\/es\/#organization","name":"Pressenza","url":"https:\/\/www.pressenza.com\/es\/","logo":{"@type":"ImageObject","inLanguage":"es","@id":"https:\/\/www.pressenza.com\/es\/#\/schema\/logo\/image\/","url":"https:\/\/www.pressenza.com\/wp-content\/uploads\/2022\/10\/pressenza_logo_200x200.jpg","contentUrl":"https:\/\/www.pressenza.com\/wp-content\/uploads\/2022\/10\/pressenza_logo_200x200.jpg","width":200,"height":200,"caption":"Pressenza"},"image":{"@id":"https:\/\/www.pressenza.com\/es\/#\/schema\/logo\/image\/"},"sameAs":["https:\/\/www.facebook.com\/PressenzaItalia","https:\/\/x.com\/PressenzaIPA"]},{"@type":"Person","@id":"https:\/\/www.pressenza.com\/es\/#\/schema\/person\/0dda7d1b68267ad95b1e1d83abc98c89","name":"Redacci\u00f3n Argentina","description":"News from the Pressenza Bureau in Argentina.","sameAs":["https:\/\/x.com\/pressenza"],"url":"https:\/\/www.pressenza.com\/es\/author\/redaccion-argentina\/"}]}},"place":"Resistencia, Chaco","original_article_url":"","_links":{"self":[{"href":"https:\/\/www.pressenza.com\/es\/wp-json\/wp\/v2\/posts\/260484","targetHints":{"allow":["GET"]}}],"collection":[{"href":"https:\/\/www.pressenza.com\/es\/wp-json\/wp\/v2\/posts"}],"about":[{"href":"https:\/\/www.pressenza.com\/es\/wp-json\/wp\/v2\/types\/post"}],"author":[{"embeddable":true,"href":"https:\/\/www.pressenza.com\/es\/wp-json\/wp\/v2\/users\/87"}],"replies":[{"embeddable":true,"href":"https:\/\/www.pressenza.com\/es\/wp-json\/wp\/v2\/comments?post=260484"}],"version-history":[{"count":0,"href":"https:\/\/www.pressenza.com\/es\/wp-json\/wp\/v2\/posts\/260484\/revisions"}],"wp:featuredmedia":[{"embeddable":true,"href":"https:\/\/www.pressenza.com\/es\/wp-json\/wp\/v2\/media\/260485"}],"wp:attachment":[{"href":"https:\/\/www.pressenza.com\/es\/wp-json\/wp\/v2\/media?parent=260484"}],"wp:term":[{"taxonomy":"category","embeddable":true,"href":"https:\/\/www.pressenza.com\/es\/wp-json\/wp\/v2\/categories?post=260484"},{"taxonomy":"post_tag","embeddable":true,"href":"https:\/\/www.pressenza.com\/es\/wp-json\/wp\/v2\/tags?post=260484"}],"curies":[{"name":"wp","href":"https:\/\/api.w.org\/{rel}","templated":true}]}}