{"id":2603934,"date":"2025-05-10T19:33:19","date_gmt":"2025-05-10T18:33:19","guid":{"rendered":"https:\/\/www.pressenza.com\/2025\/05\/the-peoples-peace-summit-in-jerusalem-final-day-israelis-and-palestinians-together-to-say-peace-now\/"},"modified":"2025-05-10T22:53:56","modified_gmt":"2025-05-10T21:53:56","slug":"ultima-jornada-de-la-cumbre-de-los-pueblos-por-la-paz-en-jerusalen-juntos-israelies-y-palestinos-dicen-paz-ahora","status":"publish","type":"post","link":"https:\/\/www.pressenza.com\/es\/2025\/05\/ultima-jornada-de-la-cumbre-de-los-pueblos-por-la-paz-en-jerusalen-juntos-israelies-y-palestinos-dicen-paz-ahora\/","title":{"rendered":"\u00daltima jornada de la Cumbre de los Pueblos por la Paz en Jerusal\u00e9n. Juntos, israel\u00edes y palestinos dicen \u00abPaz ahora\u00bb."},"content":{"rendered":"<p>Miles de personas llenaron ayer todos los espacios disponibles del Centro Internacional de Convenciones de Jerusal\u00e9n para asistir a la Cumbre de los Pueblos por la Paz. El evento fue un gran \u00e9xito, con un lleno total, aplausos entusiastas del p\u00fablico para todos los ponentes y una declaraci\u00f3n clara y un\u00e1nime contra la guerra y a favor de una soluci\u00f3n pol\u00edtica.<\/p>\n<p>Organizada por la Coalici\u00f3n It&#8217;s Time (una alianza de m\u00e1s de 60 organizaciones por la paz, la reconciliaci\u00f3n y la coexistencia), es la mayor reuni\u00f3n civil contra la guerra desde el 7 de octubre: un evento de dos d\u00edas que comenz\u00f3 el jueves 8 de mayo con un programa repleto de eventos culturales por toda la ciudad: proyecciones de pel\u00edculas, conciertos, exposiciones de arte de artistas jud\u00edos y \u00e1rabes y, por supuesto, debates y reuniones (lista de eventos aqu\u00ed: <a href=\"https:\/\/www.timeisnow.co.il\/thursday-english\">https:\/\/www.timeisnow.co.il\/thursday-english<\/a>). Y ayer, viernes, tuvo lugar el evento principal en el Centro Internacional de Convenciones de Jerusal\u00e9n, con 12 sesiones simult\u00e1neas tras la sesi\u00f3n plenaria de la ma\u00f1ana y m\u00e1s de 5000 participantes, entre ellos varios militares israel\u00edes opuestos a la guerra en curso, familias de rehenes, supervivientes de atentados terroristas, familiares que lloran a sus seres queridos v\u00edctimas de la guerra, residentes de la regi\u00f3n fronteriza de Gaza, expertos jur\u00eddicos, artistas, diplom\u00e1ticos, l\u00edderes de opini\u00f3n, jud\u00edos y \u00e1rabes, todos unidos en un fuerte llamamiento colectivo: \u00abEs hora de poner fin a la guerra\u00bb.<\/p>\n<p>\u00abEstamos aqu\u00ed para reconstruir un campo fuerte por la paz \u00bb, dijo el actor y presentador israel\u00ed Yossi Marshek al abrir la sesi\u00f3n de la ma\u00f1ana. A continuaci\u00f3n, se escuch\u00f3 el testimonio de los pilotos que, hace unas semanas, promovieron una carta muy comentada (ampliamente difundida en la prensa internacional) firmada por cientos de militares israel\u00edes actualmente en servicio (o que ya no lo est\u00e1n), en la que denunciaban la inaceptabilidad de las operaciones b\u00e9licas contra objetivos civiles y ped\u00edan un alto el fuego inmediato.<\/p>\n<p>Durante la sesi\u00f3n inaugural, titulada \u00abHay socios y existe una manera\u00bb, surgieron muchas ideas, demasiadas para resumirlas en un solo art\u00edculo. Pero, sin duda, el tema principal de la sesi\u00f3n matutina fue el debate sobre las diversas soluciones que se barajan para alcanzar una soluci\u00f3n pol\u00edtica y estable al conflicto. Este punto fue abordado en particular por el ex primer ministro israel\u00ed Ehud Olmert y el ex ministro de Asuntos Exteriores palestino Nasser al-Qidwa, quienes presentaron su \u00abplan de paz\u00bb, en el que llevan trabajando desde hace mucho tiempo.<\/p>\n<p>\u00abLa paz es esencial, pero debemos ofrecer a la comunidad internacional y a nuestros dos pueblos un plan que sea viable\u00bb, afirm\u00f3 Olmert, \u00aby la \u00fanica opci\u00f3n es la soluci\u00f3n de dos Estados. Hay otras ideas, como la \u00absoluci\u00f3n de un solo Estado\u00bb, con la que no estamos de acuerdo porque creemos que conducir\u00eda a un conflicto interminable entre los dos pueblos. Estamos a favor de una soluci\u00f3n que pueda traer un cambio real entre los dos pueblos, y esa soluci\u00f3n es garantizar a los palestinos el derecho a la autodeterminaci\u00f3n y la libertad de movimiento y de voto en su propio Estado, junto al Estado de Israel, con plena igualdad para todos sus ciudadanos. Por lo tanto, nuestro plan prev\u00e9 una soluci\u00f3n de dos Estados basada en las fronteras de Israel anteriores a 1967: cuando el partido Likud lleg\u00f3 al poder, nadie cre\u00eda que Menachem Begin har\u00eda las paces con Egipto y que Israel se retirar\u00eda del Sina\u00ed, \u00a1pero sucedi\u00f3!\u00bb.<\/p>\n<p>\u00abEsta conferencia es sin duda importante\u00bb, a\u00f1adi\u00f3 Nasser al-Qidwa en un mensaje de v\u00eddeo desde Cisjordania. \u00abPero dado que el establishment israel\u00ed har\u00e1 todo lo que est\u00e9 en su mano para boicotear esta soluci\u00f3n, nos corresponde a nosotros creer en la coexistencia y la redistribuci\u00f3n de los territorios como \u00fanica garant\u00eda de un futuro com\u00fan. Y no hay duda de que hay que poner fin al colonialismo de los asentamientos. Hay que elegir: o bien creemos que esta tierra ya pertenece \u00edntegramente a Israel, que por lo tanto tiene derecho a colonizarla y expulsar a las personas que viven all\u00ed en Cisjordania y Gaza; o bien debemos crear las condiciones para la coexistencia entre los dos Estados, creyendo en la divisi\u00f3n de los territorios sin excluir formas de cooperaci\u00f3n. (&#8230;) Sin embargo, lo primero que hay que resolver es Gaza. Es urgente llegar a un acuerdo sobre la liberaci\u00f3n de los rehenes, paralelamente a la liberaci\u00f3n de los presos palestinos. Es evidente que la estructura de gobierno deber\u00e1 estar vinculada a la Autoridad Nacional Palestina, que ser\u00e1 responsable de la reconstrucci\u00f3n de Gaza.<\/p>\n<p>(\u2026) Por supuesto, habr\u00e1 que negociar muchas cosas: los asentamientos, los refugiados, las medidas de seguridad en ambos bandos. Pero nada ser\u00e1 posible si no creamos una nueva cultura entre israel\u00edes y palestinos. Hoy estamos aqu\u00ed para decir que debemos avanzar y construir juntos un futuro posible\u00bb.<\/p>\n<p>Solo unos minutos antes, el periodista palestino Mohammed Daraghmeh hab\u00eda descrito la situaci\u00f3n en Cisjordania como casi completamente \u00abisraelizada\u00bb: \u00abAl ir de Ramala a Nablus, hay toda una geograf\u00eda e infraestructura \u2014puentes, carreteras, se\u00f1alizaci\u00f3n, granjas, plantas de energ\u00eda solar\u2014 que te hace sentir como si estuvieras en Israel. Israel ha utilizado la guerra en Gaza como tapadera para anexionar efectivamente Cisjordania. El 60 % est\u00e1 ahora sujeto a planes de asentamiento seg\u00fan el plan de Smotrich, que ha creado un departamento para facilitar la expansi\u00f3n de los colonos, mientras que las comunidades palestinas se han convertido en cantones. (&#8230;) Si se deja a Israel y Palestina a su suerte, no hay esperanza. Llevan 30 a\u00f1os negociando sin \u00e9xito, con Israel cada vez comi\u00e9ndose un trozo m\u00e1s grande del pastel que se pone sobre la mesa de negociaciones. Sin una presi\u00f3n externa suficiente para detener los asentamientos, no hay futuro para un Estado palestino. Pero me gustar\u00eda decir a los israel\u00edes que la expansi\u00f3n de los asentamientos tambi\u00e9n ser\u00eda contraproducente para ellos, porque al final tendremos que hablar inevitablemente de un \u00fanico Estado, con todos los problemas que podemos prever. (&#8230;) Por lo tanto, es importante que la comunidad internacional se implique en esta cuesti\u00f3n, con sanciones para desalentar los asentamientos y frenar esta expansi\u00f3n, que de hecho dificulta cada vez m\u00e1s la soluci\u00f3n de dos Estados\u00bb.<\/p>\n<p>Rula Hardal, codirectora (junto con la israel\u00ed May Pundak) de la organizaci\u00f3n A Land for All, tambi\u00e9n se pronunci\u00f3 sobre el tema: \u00abSe habla de dos Estados, pero la realidad que se ha desarrollado sobre el terreno durante d\u00e9cadas no es la de la separaci\u00f3n. Estamos interconectados de muchas maneras y debemos comprender que se necesita otro plan para responder a esta situaci\u00f3n de interdependencia. Por eso proponemos una soluci\u00f3n confederal, con instituciones y soluciones compartidas, por ejemplo, en los \u00e1mbitos de la salud, el medio ambiente, la educaci\u00f3n, en otras palabras&#8230; tenemos que trabajar en la coexistencia. Luego hay cuestiones dif\u00edciles que las dos partes nunca han abordado realmente, como el derecho al retorno. Lo que ocurri\u00f3 el 7 de octubre y la guerra genocida que sigui\u00f3 han sido puntos de no retorno, tanto para los palestinos como para los israel\u00edes&#8230;\u00bb.<\/p>\n<p>May Pundak se hizo eco de este sentimiento: \u00abDebemos tener en cuenta la cuesti\u00f3n del cambio clim\u00e1tico, o la relacionada con el agua&#8230; debemos comprender que la segregaci\u00f3n no garantiza un futuro seguro para ninguna de las partes. La interdependencia entre israel\u00edes y palestinos es un punto importante\u00bb.<\/p>\n<p>Desde Ramala, el presidente palestino, Mahmud Ab\u00e1s, envi\u00f3 un mensaje en v\u00eddeo: \u00abA trav\u00e9s de la justicia, podemos garantizar la seguridad y el futuro de todos los pueblos de la regi\u00f3n: la paz es posible y depender\u00e1 de todos nosotros hacerla realidad\u00bb.<\/p>\n<p>En representaci\u00f3n de la tan evocada \u00abcomunidad internacional\u00bb, el presidente franc\u00e9s, Emmanuel Macron, intervino en un mensaje de v\u00eddeo de cinco minutos de duraci\u00f3n: \u00abNuestros corazones est\u00e1n con las familias israel\u00edes y palestinas. Apoyamos con la mayor convicci\u00f3n este proceso de paz que ha hecho posible estos dos d\u00edas en Jerusal\u00e9n, coincidiendo con las celebraciones del fin de la guerra hace 80 a\u00f1os en Europa. Prometemos estar a su lado en cualquier iniciativa futura\u00bb. Tambi\u00e9n mencion\u00f3 una reuni\u00f3n que se espera que tenga lugar en Arabia Saud\u00ed en junio. (Enlace al mensaje en YouTube aqu\u00ed: <a href=\"https:\/\/www.youtube.com\/watch?v=zkkDBUfo7gc\">https:\/\/www.youtube.com\/watch?v=zkkDBUfo7gc<\/a>)<\/p>\n<p>Entre los numerosos discursos, tambi\u00e9n hubo algunos pronunciados por personas que se han visto personalmente afectadas por la guerra: Maoz Inon (uno de los principales organizadores de este evento), <a href=\"https:\/\/www.deepl.com\/?p=2596839\">que perdi\u00f3 a sus padres<\/a> el 7 de octubre; Liat Atzili, cuyo marido Aviv fue asesinado en el kibutz Nir Oz; Sigalit Hilel, madre de Ori, asesinado en el Festival de M\u00fasica Nova; Elana Kaminka, madre de Yannai, tambi\u00e9n asesinado el 7 de octubre. \u00abLlevamos m\u00e1s de un siglo siendo v\u00edctimas de este ciclo de violencia\u00bb, afirm\u00f3 Elana. \u00abEs hora de utilizar todos nuestros recursos humanos y creativos para resolver este conflicto. Se lo debemos a nuestros hijos\u00bb.<\/p>\n<p>Palabras que se hicieron eco en la palestina Soumaya Bashir, de la organizaci\u00f3n Women Wage Peace, mientras se proyectaba en la pantalla principal el retrato sonriente de Vivien Silver (fundadora de la misma organizaci\u00f3n y tambi\u00e9n v\u00edctima de la masacre del 7 de octubre): \u00abComo mujeres, afirmamos la vida frente a quienes solo quieren la muerte y la destrucci\u00f3n. No debemos refugiarnos en el silencio y el dolor, es hora de que todos nos unamos en la acci\u00f3n\u00bb.<\/p>\n<p>Y la periodista y activista Makbula Nassar hizo el llamado de cierre: \u00abEscuchemos los gritos de los ni\u00f1os hambrientos de Gaza. Pongamos fin a la crueldad y los cr\u00edmenes que hemos presenciado durante demasiado tiempo, porque no habr\u00e1 un \u00abd\u00eda despu\u00e9s\u00bb para nuestras conciencias. Todos merecemos liberarnos de esta opresi\u00f3n sin fin y solo podemos hacerlo eligiendo la paz\u00bb.<\/p>\n<p>Ambos d\u00edas se retransmitieron en directo a decenas de manifestaciones de solidaridad en m\u00e1s de 20 ciudades de todo el mundo, entre ellas Londres, Berl\u00edn, Sidney, Nueva York y Boston.<\/p>\n<p>Lista de art\u00edculos publicados anteriormente en Pressenza sobre la Cumbre de los Pueblos por la Paz en Jerusal\u00e9n:<\/p>\n<p>Entrevista con Maoz Inon:<a href=\"https:\/\/www.pressenza.com\/es\/2025\/04\/hacia-la-cumbre-de-los-pueblos-por-la-paz-en-jerusalen-8-y-9-de-mayo-entrevista-a-uno-de-los-organizadores-maoz-inon\/\"> https:\/\/www.pressenza.com\/es\/2025\/04\/hacia-la-cumbre-de-los-pueblos-por-la-paz-en-jerusalen-8-y-9-de-mayo-entrevista-a-uno-de-los-organizadores-maoz-inon\/<\/a><\/p>\n<p>Entrevista con Aziz Abu Sarah: <a href=\"https:\/\/www.pressenza.com\/es\/2025\/04\/hacia-la-cumbre-de-los-pueblos-por-la-paz-en-jerusalen-8-y-9-de-mayo-entrevista-a-aziz-abu-sarah\/\">https:\/\/www.pressenza.com\/es\/2025\/04\/hacia-la-cumbre-de-los-pueblos-por-la-paz-en-jerusalen-8-y-9-de-mayo-entrevista-a-aziz-abu-sarah\/<\/a><\/p>\n<p>Entrevista con Nivine Sandouka: <a href=\"https:\/\/www.pressenza.com\/es\/2025\/04\/hacia-la-cumbre-de-los-pueblos-por-la-paz-en-jerusalen-8-y-9-de-mayo-entrevista-a-aziz-abu-sarah\/\">https:\/\/www.pressenza.com\/es\/2025\/04\/hacia-la-cumbre-de-los-pueblos-por-la-paz-en-jerusalen-8-y-9-de-mayo\/<\/a><\/p>\n<p>Entrevista con Mika Almog, May Pundak y Maya Savir: <a href=\"https:\/\/www.pressenza.com\/es\/2025\/05\/hacia-la-cumbre-de-los-pueblos-por-la-paz-en-jerusalen-8-9-de-mayo-las-mujeres-pueden-marcar-la-diferencia\/\">https:\/\/www.pressenza.com\/es\/2025\/05\/hacia-la-cumbre-de-los-pueblos-por-la-paz-en-jerusalen-8-9-de-mayo-las-mujeres-pueden-marcar-la-diferencia\/<\/a><\/p>\n<p>Programa del evento: <a href=\"https:\/\/www.pressenza.com\/es\/2025\/05\/cumbre-de-los-pueblos-por-la-paz-en-jerusalen-8-y-9-de-mayo-de-que-tipo-de-paz-estamos-hablando\/\">https:\/\/www.pressenza.com\/es\/2025\/05\/cumbre-de-los-pueblos-por-la-paz-en-jerusalen-8-y-9-de-mayo-de-que-tipo-de-paz-estamos-hablando\/<\/a><\/p>\n<p>&nbsp;<\/p>\n<p>Traducido del ingl\u00e9s por David Mel\u00e9ndez Tormen<\/p>\n<p>&nbsp;<\/p>\n<div class=\"post-gallery\">\n\t\t\t<figure class=\"post-gallery-item\">\n\t\t\t\t<img decoding=\"async\" src=\"https:\/\/www.pressenza.com\/wp-content\/uploads\/2025\/05\/gerusalemme-2.jpg\" loading=\"lazy\">\n\t\t\t\t<figcaption>\n\t\t\t\t\t\n\t\t\t\t<\/figcaption>\n\t\t\t<\/figure>\n\t\t\t<figure class=\"post-gallery-item\">\n\t\t\t\t<img decoding=\"async\" src=\"https:\/\/www.pressenza.com\/wp-content\/uploads\/2025\/05\/gerusalemme-3.jpg\" loading=\"lazy\">\n\t\t\t\t<figcaption>\n\t\t\t\t\t\n\t\t\t\t<\/figcaption>\n\t\t\t<\/figure>\n\t\t\t<figure class=\"post-gallery-item\">\n\t\t\t\t<img decoding=\"async\" src=\"https:\/\/www.pressenza.com\/wp-content\/uploads\/2025\/05\/gerusalemme-4.jpg\" loading=\"lazy\">\n\t\t\t\t<figcaption>\n\t\t\t\t\t\n\t\t\t\t<\/figcaption>\n\t\t\t<\/figure>\n\t\t\t<figure class=\"post-gallery-item\">\n\t\t\t\t<img decoding=\"async\" src=\"https:\/\/www.pressenza.com\/wp-content\/uploads\/2025\/05\/gerusalemme-5.jpg\" loading=\"lazy\">\n\t\t\t\t<figcaption>\n\t\t\t\t\t\n\t\t\t\t<\/figcaption>\n\t\t\t<\/figure>\n\t\t\t<figure class=\"post-gallery-item\">\n\t\t\t\t<img decoding=\"async\" src=\"https:\/\/www.pressenza.com\/wp-content\/uploads\/2025\/05\/gerusalemme-6.jpg\" loading=\"lazy\">\n\t\t\t\t<figcaption>\n\t\t\t\t\t\n\t\t\t\t<\/figcaption>\n\t\t\t<\/figure>\n\t\t\t<figure class=\"post-gallery-item\">\n\t\t\t\t<img decoding=\"async\" src=\"https:\/\/www.pressenza.com\/wp-content\/uploads\/2025\/05\/gerusalemme-7.jpg\" loading=\"lazy\">\n\t\t\t\t<figcaption>\n\t\t\t\t\t\n\t\t\t\t<\/figcaption>\n\t\t\t<\/figure>\n\t\t\t<figure class=\"post-gallery-item\">\n\t\t\t\t<img decoding=\"async\" src=\"https:\/\/www.pressenza.com\/wp-content\/uploads\/2025\/05\/gerusalemme-9-1.jpg\" loading=\"lazy\">\n\t\t\t\t<figcaption>\n\t\t\t\t\t\n\t\t\t\t<\/figcaption>\n\t\t\t<\/figure>\n\t\t\t<figure class=\"post-gallery-item\">\n\t\t\t\t<img decoding=\"async\" src=\"https:\/\/www.pressenza.com\/wp-content\/uploads\/2025\/05\/gerusalemme-10.jpg\" loading=\"lazy\">\n\t\t\t\t<figcaption>\n\t\t\t\t\t\n\t\t\t\t<\/figcaption>\n\t\t\t<\/figure>\n\t\t\t<figure class=\"post-gallery-item\">\n\t\t\t\t<img decoding=\"async\" src=\"https:\/\/www.pressenza.com\/wp-content\/uploads\/2025\/05\/gerusalemme-8-1.jpg\" loading=\"lazy\">\n\t\t\t\t<figcaption>\n\t\t\t\t\t\n\t\t\t\t<\/figcaption>\n\t\t\t<\/figure><\/div>\n","protected":false},"excerpt":{"rendered":"<p>Miles de personas llenaron ayer todos los espacios disponibles del Centro Internacional de Convenciones de Jerusal\u00e9n para asistir a la Cumbre de los Pueblos por la Paz. El evento fue un gran \u00e9xito, con un lleno total, aplausos entusiastas del&hellip;<\/p>\n","protected":false},"author":2072,"featured_media":2603935,"comment_status":"closed","ping_status":"closed","sticky":false,"template":"","format":"standard","meta":{"footnotes":""},"categories":[11389,71,1242,1243],"tags":[1495,646,135966,54712],"class_list":["post-2603934","post","type-post","status-publish","format-standard","has-post-thumbnail","hentry","category-contenido-original","category-medio-oriente-es","category-noviolencia-tema","category-paz-desarme","tag-gaza-es","tag-israel-es","tag-peoples-peace-summit-in-jerusalem-es-2","tag-women-wage-peace-es-2"],"yoast_head":"<!-- This site is optimized with the Yoast SEO plugin v27.1.1 - https:\/\/yoast.com\/product\/yoast-seo-wordpress\/ -->\n<title>\u00daltima jornada de la Cumbre de los Pueblos por la Paz en Jerusal\u00e9n. Juntos, israel\u00edes y palestinos dicen \u00abPaz ahora\u00bb.<\/title>\n<meta name=\"description\" content=\"Miles de personas llenaron ayer todos los espacios disponibles del Centro Internacional de Convenciones de Jerusal\u00e9n para asistir a la Cumbre de los\" \/>\n<meta name=\"robots\" content=\"index, follow, max-snippet:-1, max-image-preview:large, max-video-preview:-1\" \/>\n<link rel=\"canonical\" href=\"https:\/\/www.pressenza.com\/es\/2025\/05\/ultima-jornada-de-la-cumbre-de-los-pueblos-por-la-paz-en-jerusalen-juntos-israelies-y-palestinos-dicen-paz-ahora\/\" \/>\n<meta property=\"og:locale\" content=\"es_ES\" \/>\n<meta property=\"og:type\" content=\"article\" \/>\n<meta property=\"og:title\" content=\"\u00daltima jornada de la Cumbre de los Pueblos por la Paz en Jerusal\u00e9n. Juntos, israel\u00edes y palestinos dicen \u00abPaz ahora\u00bb.\" \/>\n<meta property=\"og:description\" content=\"Miles de personas llenaron ayer todos los espacios disponibles del Centro Internacional de Convenciones de Jerusal\u00e9n para asistir a la Cumbre de los\" \/>\n<meta property=\"og:url\" content=\"https:\/\/www.pressenza.com\/es\/2025\/05\/ultima-jornada-de-la-cumbre-de-los-pueblos-por-la-paz-en-jerusalen-juntos-israelies-y-palestinos-dicen-paz-ahora\/\" \/>\n<meta property=\"og:site_name\" content=\"Pressenza\" \/>\n<meta property=\"article:publisher\" content=\"https:\/\/www.facebook.com\/PressenzaItalia\" \/>\n<meta property=\"article:published_time\" content=\"2025-05-10T18:33:19+00:00\" \/>\n<meta property=\"article:modified_time\" content=\"2025-05-10T21:53:56+00:00\" \/>\n<meta property=\"og:image\" content=\"https:\/\/www.pressenza.com\/wp-content\/uploads\/2025\/05\/gerusalemme-9.jpg\" \/>\n\t<meta property=\"og:image:width\" content=\"800\" \/>\n\t<meta property=\"og:image:height\" content=\"533\" \/>\n\t<meta property=\"og:image:type\" content=\"image\/jpeg\" \/>\n<meta name=\"author\" content=\"Daniela Bezzi\" \/>\n<meta name=\"twitter:card\" content=\"summary_large_image\" \/>\n<meta name=\"twitter:creator\" content=\"@PressenzaIPA\" \/>\n<meta name=\"twitter:site\" content=\"@PressenzaIPA\" \/>\n<meta name=\"twitter:label1\" content=\"Escrito por\" \/>\n\t<meta name=\"twitter:data1\" content=\"Daniela Bezzi\" \/>\n\t<meta name=\"twitter:label2\" content=\"Tiempo de lectura\" \/>\n\t<meta name=\"twitter:data2\" content=\"8 minutos\" \/>\n<script type=\"application\/ld+json\" class=\"yoast-schema-graph\">{\"@context\":\"https:\/\/schema.org\",\"@graph\":[{\"@type\":\"Article\",\"@id\":\"https:\/\/www.pressenza.com\/es\/2025\/05\/ultima-jornada-de-la-cumbre-de-los-pueblos-por-la-paz-en-jerusalen-juntos-israelies-y-palestinos-dicen-paz-ahora\/#article\",\"isPartOf\":{\"@id\":\"https:\/\/www.pressenza.com\/es\/2025\/05\/ultima-jornada-de-la-cumbre-de-los-pueblos-por-la-paz-en-jerusalen-juntos-israelies-y-palestinos-dicen-paz-ahora\/\"},\"author\":{\"name\":\"Daniela Bezzi\",\"@id\":\"https:\/\/www.pressenza.com\/es\/#\/schema\/person\/e824ea519c79c3808f4910f1c2b90688\"},\"headline\":\"\u00daltima jornada de la Cumbre de los Pueblos por la Paz en Jerusal\u00e9n. Juntos, israel\u00edes y palestinos dicen \u00abPaz ahora\u00bb.\",\"datePublished\":\"2025-05-10T18:33:19+00:00\",\"dateModified\":\"2025-05-10T21:53:56+00:00\",\"mainEntityOfPage\":{\"@id\":\"https:\/\/www.pressenza.com\/es\/2025\/05\/ultima-jornada-de-la-cumbre-de-los-pueblos-por-la-paz-en-jerusalen-juntos-israelies-y-palestinos-dicen-paz-ahora\/\"},\"wordCount\":1870,\"publisher\":{\"@id\":\"https:\/\/www.pressenza.com\/es\/#organization\"},\"image\":{\"@id\":\"https:\/\/www.pressenza.com\/es\/2025\/05\/ultima-jornada-de-la-cumbre-de-los-pueblos-por-la-paz-en-jerusalen-juntos-israelies-y-palestinos-dicen-paz-ahora\/#primaryimage\"},\"thumbnailUrl\":\"https:\/\/www.pressenza.com\/wp-content\/uploads\/2025\/05\/gerusalemme-9.jpg\",\"keywords\":[\"Gaza\",\"Israel\",\"People's Peace Summit in Jerusalem\",\"Women Wage Peace\"],\"articleSection\":[\"Contenido Original\",\"Medio Oriente\",\"Noviolencia\",\"Paz y Desarme\"],\"inLanguage\":\"es\"},{\"@type\":\"WebPage\",\"@id\":\"https:\/\/www.pressenza.com\/es\/2025\/05\/ultima-jornada-de-la-cumbre-de-los-pueblos-por-la-paz-en-jerusalen-juntos-israelies-y-palestinos-dicen-paz-ahora\/\",\"url\":\"https:\/\/www.pressenza.com\/es\/2025\/05\/ultima-jornada-de-la-cumbre-de-los-pueblos-por-la-paz-en-jerusalen-juntos-israelies-y-palestinos-dicen-paz-ahora\/\",\"name\":\"\u00daltima jornada de la Cumbre de los Pueblos por la Paz en Jerusal\u00e9n. Juntos, israel\u00edes y palestinos dicen \u00abPaz ahora\u00bb.\",\"isPartOf\":{\"@id\":\"https:\/\/www.pressenza.com\/es\/#website\"},\"primaryImageOfPage\":{\"@id\":\"https:\/\/www.pressenza.com\/es\/2025\/05\/ultima-jornada-de-la-cumbre-de-los-pueblos-por-la-paz-en-jerusalen-juntos-israelies-y-palestinos-dicen-paz-ahora\/#primaryimage\"},\"image\":{\"@id\":\"https:\/\/www.pressenza.com\/es\/2025\/05\/ultima-jornada-de-la-cumbre-de-los-pueblos-por-la-paz-en-jerusalen-juntos-israelies-y-palestinos-dicen-paz-ahora\/#primaryimage\"},\"thumbnailUrl\":\"https:\/\/www.pressenza.com\/wp-content\/uploads\/2025\/05\/gerusalemme-9.jpg\",\"datePublished\":\"2025-05-10T18:33:19+00:00\",\"dateModified\":\"2025-05-10T21:53:56+00:00\",\"description\":\"Miles de personas llenaron ayer todos los espacios disponibles del Centro Internacional de Convenciones de Jerusal\u00e9n para asistir a la Cumbre de los\",\"breadcrumb\":{\"@id\":\"https:\/\/www.pressenza.com\/es\/2025\/05\/ultima-jornada-de-la-cumbre-de-los-pueblos-por-la-paz-en-jerusalen-juntos-israelies-y-palestinos-dicen-paz-ahora\/#breadcrumb\"},\"inLanguage\":\"es\",\"potentialAction\":[{\"@type\":\"ReadAction\",\"target\":[\"https:\/\/www.pressenza.com\/es\/2025\/05\/ultima-jornada-de-la-cumbre-de-los-pueblos-por-la-paz-en-jerusalen-juntos-israelies-y-palestinos-dicen-paz-ahora\/\"]}]},{\"@type\":\"ImageObject\",\"inLanguage\":\"es\",\"@id\":\"https:\/\/www.pressenza.com\/es\/2025\/05\/ultima-jornada-de-la-cumbre-de-los-pueblos-por-la-paz-en-jerusalen-juntos-israelies-y-palestinos-dicen-paz-ahora\/#primaryimage\",\"url\":\"https:\/\/www.pressenza.com\/wp-content\/uploads\/2025\/05\/gerusalemme-9.jpg\",\"contentUrl\":\"https:\/\/www.pressenza.com\/wp-content\/uploads\/2025\/05\/gerusalemme-9.jpg\",\"width\":800,\"height\":533,\"caption\":\"Foto de la \u00faltima jornada de la Cumbre de los Pueblos por la Paz. Jerusal\u00e9n, 9 de mayo de 2025\"},{\"@type\":\"BreadcrumbList\",\"@id\":\"https:\/\/www.pressenza.com\/es\/2025\/05\/ultima-jornada-de-la-cumbre-de-los-pueblos-por-la-paz-en-jerusalen-juntos-israelies-y-palestinos-dicen-paz-ahora\/#breadcrumb\",\"itemListElement\":[{\"@type\":\"ListItem\",\"position\":1,\"name\":\"Accueil\",\"item\":\"https:\/\/www.pressenza.com\/es\/\"},{\"@type\":\"ListItem\",\"position\":2,\"name\":\"\u00daltima jornada de la Cumbre de los Pueblos por la Paz en Jerusal\u00e9n. Juntos, israel\u00edes y palestinos dicen \u00abPaz ahora\u00bb.\"}]},{\"@type\":\"WebSite\",\"@id\":\"https:\/\/www.pressenza.com\/es\/#website\",\"url\":\"https:\/\/www.pressenza.com\/es\/\",\"name\":\"Pressenza\",\"description\":\"International Press Agency\",\"publisher\":{\"@id\":\"https:\/\/www.pressenza.com\/es\/#organization\"},\"potentialAction\":[{\"@type\":\"SearchAction\",\"target\":{\"@type\":\"EntryPoint\",\"urlTemplate\":\"https:\/\/www.pressenza.com\/es\/?s={search_term_string}\"},\"query-input\":{\"@type\":\"PropertyValueSpecification\",\"valueRequired\":true,\"valueName\":\"search_term_string\"}}],\"inLanguage\":\"es\"},{\"@type\":\"Organization\",\"@id\":\"https:\/\/www.pressenza.com\/es\/#organization\",\"name\":\"Pressenza\",\"url\":\"https:\/\/www.pressenza.com\/es\/\",\"logo\":{\"@type\":\"ImageObject\",\"inLanguage\":\"es\",\"@id\":\"https:\/\/www.pressenza.com\/es\/#\/schema\/logo\/image\/\",\"url\":\"https:\/\/www.pressenza.com\/wp-content\/uploads\/2022\/10\/pressenza_logo_200x200.jpg\",\"contentUrl\":\"https:\/\/www.pressenza.com\/wp-content\/uploads\/2022\/10\/pressenza_logo_200x200.jpg\",\"width\":200,\"height\":200,\"caption\":\"Pressenza\"},\"image\":{\"@id\":\"https:\/\/www.pressenza.com\/es\/#\/schema\/logo\/image\/\"},\"sameAs\":[\"https:\/\/www.facebook.com\/PressenzaItalia\",\"https:\/\/x.com\/PressenzaIPA\"]},{\"@type\":\"Person\",\"@id\":\"https:\/\/www.pressenza.com\/es\/#\/schema\/person\/e824ea519c79c3808f4910f1c2b90688\",\"name\":\"Daniela Bezzi\",\"description\":\"A journalist, cultural worker and independent researcher, she lived and worked for extended periods in Japan, the UK and India before settling back in Italy, where she contributes to various publications on environmental, human rights and labour issues.\",\"url\":\"https:\/\/www.pressenza.com\/es\/author\/daniela-bezzi\/\"}]}<\/script>\n<!-- \/ Yoast SEO plugin. -->","yoast_head_json":{"title":"\u00daltima jornada de la Cumbre de los Pueblos por la Paz en Jerusal\u00e9n. Juntos, israel\u00edes y palestinos dicen \u00abPaz ahora\u00bb.","description":"Miles de personas llenaron ayer todos los espacios disponibles del Centro Internacional de Convenciones de Jerusal\u00e9n para asistir a la Cumbre de los","robots":{"index":"index","follow":"follow","max-snippet":"max-snippet:-1","max-image-preview":"max-image-preview:large","max-video-preview":"max-video-preview:-1"},"canonical":"https:\/\/www.pressenza.com\/es\/2025\/05\/ultima-jornada-de-la-cumbre-de-los-pueblos-por-la-paz-en-jerusalen-juntos-israelies-y-palestinos-dicen-paz-ahora\/","og_locale":"es_ES","og_type":"article","og_title":"\u00daltima jornada de la Cumbre de los Pueblos por la Paz en Jerusal\u00e9n. Juntos, israel\u00edes y palestinos dicen \u00abPaz ahora\u00bb.","og_description":"Miles de personas llenaron ayer todos los espacios disponibles del Centro Internacional de Convenciones de Jerusal\u00e9n para asistir a la Cumbre de los","og_url":"https:\/\/www.pressenza.com\/es\/2025\/05\/ultima-jornada-de-la-cumbre-de-los-pueblos-por-la-paz-en-jerusalen-juntos-israelies-y-palestinos-dicen-paz-ahora\/","og_site_name":"Pressenza","article_publisher":"https:\/\/www.facebook.com\/PressenzaItalia","article_published_time":"2025-05-10T18:33:19+00:00","article_modified_time":"2025-05-10T21:53:56+00:00","og_image":[{"width":800,"height":533,"url":"https:\/\/www.pressenza.com\/wp-content\/uploads\/2025\/05\/gerusalemme-9.jpg","type":"image\/jpeg"}],"author":"Daniela Bezzi","twitter_card":"summary_large_image","twitter_creator":"@PressenzaIPA","twitter_site":"@PressenzaIPA","twitter_misc":{"Escrito por":"Daniela Bezzi","Tiempo de lectura":"8 minutos"},"schema":{"@context":"https:\/\/schema.org","@graph":[{"@type":"Article","@id":"https:\/\/www.pressenza.com\/es\/2025\/05\/ultima-jornada-de-la-cumbre-de-los-pueblos-por-la-paz-en-jerusalen-juntos-israelies-y-palestinos-dicen-paz-ahora\/#article","isPartOf":{"@id":"https:\/\/www.pressenza.com\/es\/2025\/05\/ultima-jornada-de-la-cumbre-de-los-pueblos-por-la-paz-en-jerusalen-juntos-israelies-y-palestinos-dicen-paz-ahora\/"},"author":{"name":"Daniela Bezzi","@id":"https:\/\/www.pressenza.com\/es\/#\/schema\/person\/e824ea519c79c3808f4910f1c2b90688"},"headline":"\u00daltima jornada de la Cumbre de los Pueblos por la Paz en Jerusal\u00e9n. Juntos, israel\u00edes y palestinos dicen \u00abPaz ahora\u00bb.","datePublished":"2025-05-10T18:33:19+00:00","dateModified":"2025-05-10T21:53:56+00:00","mainEntityOfPage":{"@id":"https:\/\/www.pressenza.com\/es\/2025\/05\/ultima-jornada-de-la-cumbre-de-los-pueblos-por-la-paz-en-jerusalen-juntos-israelies-y-palestinos-dicen-paz-ahora\/"},"wordCount":1870,"publisher":{"@id":"https:\/\/www.pressenza.com\/es\/#organization"},"image":{"@id":"https:\/\/www.pressenza.com\/es\/2025\/05\/ultima-jornada-de-la-cumbre-de-los-pueblos-por-la-paz-en-jerusalen-juntos-israelies-y-palestinos-dicen-paz-ahora\/#primaryimage"},"thumbnailUrl":"https:\/\/www.pressenza.com\/wp-content\/uploads\/2025\/05\/gerusalemme-9.jpg","keywords":["Gaza","Israel","People's Peace Summit in Jerusalem","Women Wage Peace"],"articleSection":["Contenido Original","Medio Oriente","Noviolencia","Paz y Desarme"],"inLanguage":"es"},{"@type":"WebPage","@id":"https:\/\/www.pressenza.com\/es\/2025\/05\/ultima-jornada-de-la-cumbre-de-los-pueblos-por-la-paz-en-jerusalen-juntos-israelies-y-palestinos-dicen-paz-ahora\/","url":"https:\/\/www.pressenza.com\/es\/2025\/05\/ultima-jornada-de-la-cumbre-de-los-pueblos-por-la-paz-en-jerusalen-juntos-israelies-y-palestinos-dicen-paz-ahora\/","name":"\u00daltima jornada de la Cumbre de los Pueblos por la Paz en Jerusal\u00e9n. Juntos, israel\u00edes y palestinos dicen \u00abPaz ahora\u00bb.","isPartOf":{"@id":"https:\/\/www.pressenza.com\/es\/#website"},"primaryImageOfPage":{"@id":"https:\/\/www.pressenza.com\/es\/2025\/05\/ultima-jornada-de-la-cumbre-de-los-pueblos-por-la-paz-en-jerusalen-juntos-israelies-y-palestinos-dicen-paz-ahora\/#primaryimage"},"image":{"@id":"https:\/\/www.pressenza.com\/es\/2025\/05\/ultima-jornada-de-la-cumbre-de-los-pueblos-por-la-paz-en-jerusalen-juntos-israelies-y-palestinos-dicen-paz-ahora\/#primaryimage"},"thumbnailUrl":"https:\/\/www.pressenza.com\/wp-content\/uploads\/2025\/05\/gerusalemme-9.jpg","datePublished":"2025-05-10T18:33:19+00:00","dateModified":"2025-05-10T21:53:56+00:00","description":"Miles de personas llenaron ayer todos los espacios disponibles del Centro Internacional de Convenciones de Jerusal\u00e9n para asistir a la Cumbre de los","breadcrumb":{"@id":"https:\/\/www.pressenza.com\/es\/2025\/05\/ultima-jornada-de-la-cumbre-de-los-pueblos-por-la-paz-en-jerusalen-juntos-israelies-y-palestinos-dicen-paz-ahora\/#breadcrumb"},"inLanguage":"es","potentialAction":[{"@type":"ReadAction","target":["https:\/\/www.pressenza.com\/es\/2025\/05\/ultima-jornada-de-la-cumbre-de-los-pueblos-por-la-paz-en-jerusalen-juntos-israelies-y-palestinos-dicen-paz-ahora\/"]}]},{"@type":"ImageObject","inLanguage":"es","@id":"https:\/\/www.pressenza.com\/es\/2025\/05\/ultima-jornada-de-la-cumbre-de-los-pueblos-por-la-paz-en-jerusalen-juntos-israelies-y-palestinos-dicen-paz-ahora\/#primaryimage","url":"https:\/\/www.pressenza.com\/wp-content\/uploads\/2025\/05\/gerusalemme-9.jpg","contentUrl":"https:\/\/www.pressenza.com\/wp-content\/uploads\/2025\/05\/gerusalemme-9.jpg","width":800,"height":533,"caption":"Foto de la \u00faltima jornada de la Cumbre de los Pueblos por la Paz. Jerusal\u00e9n, 9 de mayo de 2025"},{"@type":"BreadcrumbList","@id":"https:\/\/www.pressenza.com\/es\/2025\/05\/ultima-jornada-de-la-cumbre-de-los-pueblos-por-la-paz-en-jerusalen-juntos-israelies-y-palestinos-dicen-paz-ahora\/#breadcrumb","itemListElement":[{"@type":"ListItem","position":1,"name":"Accueil","item":"https:\/\/www.pressenza.com\/es\/"},{"@type":"ListItem","position":2,"name":"\u00daltima jornada de la Cumbre de los Pueblos por la Paz en Jerusal\u00e9n. Juntos, israel\u00edes y palestinos dicen \u00abPaz ahora\u00bb."}]},{"@type":"WebSite","@id":"https:\/\/www.pressenza.com\/es\/#website","url":"https:\/\/www.pressenza.com\/es\/","name":"Pressenza","description":"International Press Agency","publisher":{"@id":"https:\/\/www.pressenza.com\/es\/#organization"},"potentialAction":[{"@type":"SearchAction","target":{"@type":"EntryPoint","urlTemplate":"https:\/\/www.pressenza.com\/es\/?s={search_term_string}"},"query-input":{"@type":"PropertyValueSpecification","valueRequired":true,"valueName":"search_term_string"}}],"inLanguage":"es"},{"@type":"Organization","@id":"https:\/\/www.pressenza.com\/es\/#organization","name":"Pressenza","url":"https:\/\/www.pressenza.com\/es\/","logo":{"@type":"ImageObject","inLanguage":"es","@id":"https:\/\/www.pressenza.com\/es\/#\/schema\/logo\/image\/","url":"https:\/\/www.pressenza.com\/wp-content\/uploads\/2022\/10\/pressenza_logo_200x200.jpg","contentUrl":"https:\/\/www.pressenza.com\/wp-content\/uploads\/2022\/10\/pressenza_logo_200x200.jpg","width":200,"height":200,"caption":"Pressenza"},"image":{"@id":"https:\/\/www.pressenza.com\/es\/#\/schema\/logo\/image\/"},"sameAs":["https:\/\/www.facebook.com\/PressenzaItalia","https:\/\/x.com\/PressenzaIPA"]},{"@type":"Person","@id":"https:\/\/www.pressenza.com\/es\/#\/schema\/person\/e824ea519c79c3808f4910f1c2b90688","name":"Daniela Bezzi","description":"A journalist, cultural worker and independent researcher, she lived and worked for extended periods in Japan, the UK and India before settling back in Italy, where she contributes to various publications on environmental, human rights and labour issues.","url":"https:\/\/www.pressenza.com\/es\/author\/daniela-bezzi\/"}]}},"place":"","original_article_url":"","_links":{"self":[{"href":"https:\/\/www.pressenza.com\/es\/wp-json\/wp\/v2\/posts\/2603934","targetHints":{"allow":["GET"]}}],"collection":[{"href":"https:\/\/www.pressenza.com\/es\/wp-json\/wp\/v2\/posts"}],"about":[{"href":"https:\/\/www.pressenza.com\/es\/wp-json\/wp\/v2\/types\/post"}],"author":[{"embeddable":true,"href":"https:\/\/www.pressenza.com\/es\/wp-json\/wp\/v2\/users\/2072"}],"replies":[{"embeddable":true,"href":"https:\/\/www.pressenza.com\/es\/wp-json\/wp\/v2\/comments?post=2603934"}],"version-history":[{"count":0,"href":"https:\/\/www.pressenza.com\/es\/wp-json\/wp\/v2\/posts\/2603934\/revisions"}],"wp:featuredmedia":[{"embeddable":true,"href":"https:\/\/www.pressenza.com\/es\/wp-json\/wp\/v2\/media\/2603935"}],"wp:attachment":[{"href":"https:\/\/www.pressenza.com\/es\/wp-json\/wp\/v2\/media?parent=2603934"}],"wp:term":[{"taxonomy":"category","embeddable":true,"href":"https:\/\/www.pressenza.com\/es\/wp-json\/wp\/v2\/categories?post=2603934"},{"taxonomy":"post_tag","embeddable":true,"href":"https:\/\/www.pressenza.com\/es\/wp-json\/wp\/v2\/tags?post=2603934"}],"curies":[{"name":"wp","href":"https:\/\/api.w.org\/{rel}","templated":true}]}}