{"id":2602088,"date":"2025-05-03T01:37:22","date_gmt":"2025-05-03T00:37:22","guid":{"rendered":"https:\/\/www.pressenza.com\/?p=2602088"},"modified":"2025-05-03T01:37:22","modified_gmt":"2025-05-03T00:37:22","slug":"escritores-peruanos-destacan-en-feria-internacional-del-libro-de-bogota-filbo","status":"publish","type":"post","link":"https:\/\/www.pressenza.com\/es\/2025\/05\/escritores-peruanos-destacan-en-feria-internacional-del-libro-de-bogota-filbo\/","title":{"rendered":"Escritores peruanos destacan en Feria Internacional del Libro de Bogot\u00e1 (FILBo)"},"content":{"rendered":"<h3>La familia peruana Morris Rodr\u00edguez dej\u00f3 una huella destacada en la <a href=\"https:\/\/feriadellibro.com\/\">Feria Internacional del Libro de Bogot\u00e1 (FILBo) 2025<\/a>, un evento que, entre el 25 de abril al 11 de mayo, re\u00fane en la ciudad de Bogot\u00e1 a escritores de renombre de todo el mundo. Representando el talento literario peruano, Kiara Morris, Diana Morris y Richard Morris Riofrio presentaron sus obras, en esta nueva edici\u00f3n de la Filbo.<\/h3>\n<p>Kiara Morris, la escritora m\u00e1s joven de la feria, fue reconocida por su excepcional talento literario. A los 13 a\u00f1os, Kiara present\u00f3 la segunda edici\u00f3n de su obra <strong><em>\u201c\u00c9rase una vez en Moore\u201d<\/em><\/strong>, una historia cautivadora que resalta la fuerza de la nueva generaci\u00f3n de escritores peruanos, marcando un hito en su carrera literaria. De igual manera, fue recibida en la escuela Pit\u00e1goras, donde estudi\u00f3 el reconocido Gabriel Garc\u00eda M\u00e1rquez.<\/p>\n<p>Por su parte, Diana Morris comparti\u00f3 su obra \u201c<strong><em>Un prop\u00f3sito, un emprendedor<\/em><\/strong>\u201d, obra literaria que inspira a los lectores a seguir sus sue\u00f1os empresariales con determinaci\u00f3n y pasi\u00f3n. Diana, con su perspectiva \u00fanica sobre el mundo empresarial, recibi\u00f3 el reconocimiento de aquellos que buscan transformar sus ideas en proyectos exitosos.<\/p>\n<p>El escritor y autor Richard Morris Riofrio, conocido por su estilo agudo y reflexivo, present\u00f3 su obra \u201c<strong><em>La Noticia Inversa<\/em><\/strong>\u201d. A trav\u00e9s de este libro, Richard invita a los lectores a cuestionar las narrativas convencionales y a explorar las complejidades de la informaci\u00f3n en la era moderna.<\/p>\n<p><img loading=\"lazy\" decoding=\"async\" class=\"alignnone wp-image-2602091\" src=\"https:\/\/www.pressenza.com\/wp-content\/uploads\/2025\/05\/WhatsApp-Image-2025-05-02-at-8.18.24-AM-300x225.jpeg\" alt=\"\" width=\"426\" height=\"320\" srcset=\"https:\/\/www.pressenza.com\/wp-content\/uploads\/2025\/05\/WhatsApp-Image-2025-05-02-at-8.18.24-AM-300x225.jpeg 300w, https:\/\/www.pressenza.com\/wp-content\/uploads\/2025\/05\/WhatsApp-Image-2025-05-02-at-8.18.24-AM-820x615.jpeg 820w, https:\/\/www.pressenza.com\/wp-content\/uploads\/2025\/05\/WhatsApp-Image-2025-05-02-at-8.18.24-AM.jpeg 1600w\" sizes=\"auto, (max-width: 426px) 100vw, 426px\" \/><\/p>\n<p>Los tres autores fueron entrevistados en diversos medios, incluyendo la 106.1 FM y 96.1 FM, UPTC 104. 1 Fm , donde compartieron su visi\u00f3n de la literatura peruana contempor\u00e1nea y su experiencia en la FILBo.<\/p>\n<p>Actualmente, sus obras est\u00e1n disponibles en el Pabell\u00f3n 17, Stand 1925, de la Filbo 2025; para todos los asistentes que deseen explorar estos fascinantes t\u00edtulos.<\/p>\n<p><img loading=\"lazy\" decoding=\"async\" class=\"alignnone wp-image-2602090\" src=\"https:\/\/www.pressenza.com\/wp-content\/uploads\/2025\/05\/WhatsApp-Image-2025-05-02-at-8.18.24-AM-1-135x300.jpeg\" alt=\"\" width=\"195\" height=\"434\" srcset=\"https:\/\/www.pressenza.com\/wp-content\/uploads\/2025\/05\/WhatsApp-Image-2025-05-02-at-8.18.24-AM-1-135x300.jpeg 135w, https:\/\/www.pressenza.com\/wp-content\/uploads\/2025\/05\/WhatsApp-Image-2025-05-02-at-8.18.24-AM-1-461x1024.jpeg 461w, https:\/\/www.pressenza.com\/wp-content\/uploads\/2025\/05\/WhatsApp-Image-2025-05-02-at-8.18.24-AM-1.jpeg 864w\" sizes=\"auto, (max-width: 195px) 100vw, 195px\" \/><\/p>\n<p>Con su presencia en la FILBo, los Morris Rodr\u00edguez contin\u00faan consolid\u00e1ndose como una familia de escritores de referencia en la literatura peruana, llevando sus historias y mensajes a un p\u00fablico cada vez m\u00e1s amplio.<\/p>\n<p>La FilBo 2025 es organizada por la C\u00e1mara Colombiana del Libro y Corferias desde el a\u00f1o 1988 y desde entonces se ha posicionado como uno de los m\u00e1s importantes eventos culturales en el mundo de habla hispana, convocando a todos los actores de la cadena de libro (autores, editores, correctores, traductores, distribuidores, agentes y libreros).<\/p>\n","protected":false},"excerpt":{"rendered":"<p>La familia peruana Morris Rodr\u00edguez dej\u00f3 una huella destacada en la Feria Internacional del Libro de Bogot\u00e1 (FILBo) 2025, un evento que, entre el 25 de abril al 11 de mayo, re\u00fane en la ciudad de Bogot\u00e1 a escritores de&hellip;<\/p>\n","protected":false},"author":831,"featured_media":2602089,"comment_status":"closed","ping_status":"closed","sticky":false,"template":"","format":"standard","meta":{"footnotes":""},"categories":[11389,75,106739,67],"tags":[136388,18833],"class_list":["post-2602088","post","type-post","status-publish","format-standard","has-post-thumbnail","hentry","category-contenido-original","category-cultura-es","category-noticia","category-sudamerica","tag-filbo-2025","tag-literatura"],"yoast_head":"<!-- This site is optimized with the Yoast SEO plugin v27.1.1 - https:\/\/yoast.com\/product\/yoast-seo-wordpress\/ -->\n<title>Escritores peruanos destacan en Feria Internacional del Libro de Bogot\u00e1 (FILBo)<\/title>\n<meta name=\"description\" content=\"La familia peruana Morris Rodr\u00edguez dej\u00f3 una huella destacada en la Feria Internacional del Libro de Bogot\u00e1 (FILBo) 2025, un evento que, entre el 25 de\" \/>\n<meta name=\"robots\" content=\"index, follow, max-snippet:-1, max-image-preview:large, max-video-preview:-1\" \/>\n<link rel=\"canonical\" href=\"https:\/\/www.pressenza.com\/es\/2025\/05\/escritores-peruanos-destacan-en-feria-internacional-del-libro-de-bogota-filbo\/\" \/>\n<meta property=\"og:locale\" content=\"es_ES\" \/>\n<meta property=\"og:type\" content=\"article\" \/>\n<meta property=\"og:title\" content=\"Escritores peruanos destacan en Feria Internacional del Libro de Bogot\u00e1 (FILBo)\" \/>\n<meta property=\"og:description\" content=\"La familia peruana Morris Rodr\u00edguez dej\u00f3 una huella destacada en la Feria Internacional del Libro de Bogot\u00e1 (FILBo) 2025, un evento que, entre el 25 de\" \/>\n<meta property=\"og:url\" content=\"https:\/\/www.pressenza.com\/es\/2025\/05\/escritores-peruanos-destacan-en-feria-internacional-del-libro-de-bogota-filbo\/\" \/>\n<meta property=\"og:site_name\" content=\"Pressenza\" \/>\n<meta property=\"article:publisher\" content=\"https:\/\/www.facebook.com\/PressenzaItalia\" \/>\n<meta property=\"article:published_time\" content=\"2025-05-03T00:37:22+00:00\" \/>\n<meta property=\"og:image\" content=\"https:\/\/www.pressenza.com\/wp-content\/uploads\/2025\/05\/Portada.jpeg\" \/>\n\t<meta property=\"og:image:width\" content=\"1600\" \/>\n\t<meta property=\"og:image:height\" content=\"1200\" \/>\n\t<meta property=\"og:image:type\" content=\"image\/jpeg\" \/>\n<meta name=\"author\" content=\"Redacci\u00f3n Per\u00fa\" \/>\n<meta name=\"twitter:card\" content=\"summary_large_image\" \/>\n<meta name=\"twitter:creator\" content=\"@PressenzaIPA\" \/>\n<meta name=\"twitter:site\" content=\"@PressenzaIPA\" \/>\n<meta name=\"twitter:label1\" content=\"Escrito por\" \/>\n\t<meta name=\"twitter:data1\" content=\"Redacci\u00f3n Per\u00fa\" \/>\n\t<meta name=\"twitter:label2\" content=\"Tiempo de lectura\" \/>\n\t<meta name=\"twitter:data2\" content=\"3 minutos\" \/>\n<script type=\"application\/ld+json\" class=\"yoast-schema-graph\">{\"@context\":\"https:\/\/schema.org\",\"@graph\":[{\"@type\":\"Article\",\"@id\":\"https:\/\/www.pressenza.com\/es\/2025\/05\/escritores-peruanos-destacan-en-feria-internacional-del-libro-de-bogota-filbo\/#article\",\"isPartOf\":{\"@id\":\"https:\/\/www.pressenza.com\/es\/2025\/05\/escritores-peruanos-destacan-en-feria-internacional-del-libro-de-bogota-filbo\/\"},\"author\":{\"name\":\"Redacci\u00f3n Per\u00fa\",\"@id\":\"https:\/\/www.pressenza.com\/es\/#\/schema\/person\/e86c29a41185b85084a478822f5de81b\"},\"headline\":\"Escritores peruanos destacan en Feria Internacional del Libro de Bogot\u00e1 (FILBo)\",\"datePublished\":\"2025-05-03T00:37:22+00:00\",\"mainEntityOfPage\":{\"@id\":\"https:\/\/www.pressenza.com\/es\/2025\/05\/escritores-peruanos-destacan-en-feria-internacional-del-libro-de-bogota-filbo\/\"},\"wordCount\":410,\"publisher\":{\"@id\":\"https:\/\/www.pressenza.com\/es\/#organization\"},\"image\":{\"@id\":\"https:\/\/www.pressenza.com\/es\/2025\/05\/escritores-peruanos-destacan-en-feria-internacional-del-libro-de-bogota-filbo\/#primaryimage\"},\"thumbnailUrl\":\"https:\/\/www.pressenza.com\/wp-content\/uploads\/2025\/05\/Portada.jpeg\",\"keywords\":[\"FilBo 2025\",\"Literatura\"],\"articleSection\":[\"Contenido Original\",\"Cultura y Medios\",\"Noticia\",\"Sudam\u00e9rica\"],\"inLanguage\":\"es\"},{\"@type\":\"WebPage\",\"@id\":\"https:\/\/www.pressenza.com\/es\/2025\/05\/escritores-peruanos-destacan-en-feria-internacional-del-libro-de-bogota-filbo\/\",\"url\":\"https:\/\/www.pressenza.com\/es\/2025\/05\/escritores-peruanos-destacan-en-feria-internacional-del-libro-de-bogota-filbo\/\",\"name\":\"Escritores peruanos destacan en Feria Internacional del Libro de Bogot\u00e1 (FILBo)\",\"isPartOf\":{\"@id\":\"https:\/\/www.pressenza.com\/es\/#website\"},\"primaryImageOfPage\":{\"@id\":\"https:\/\/www.pressenza.com\/es\/2025\/05\/escritores-peruanos-destacan-en-feria-internacional-del-libro-de-bogota-filbo\/#primaryimage\"},\"image\":{\"@id\":\"https:\/\/www.pressenza.com\/es\/2025\/05\/escritores-peruanos-destacan-en-feria-internacional-del-libro-de-bogota-filbo\/#primaryimage\"},\"thumbnailUrl\":\"https:\/\/www.pressenza.com\/wp-content\/uploads\/2025\/05\/Portada.jpeg\",\"datePublished\":\"2025-05-03T00:37:22+00:00\",\"description\":\"La familia peruana Morris Rodr\u00edguez dej\u00f3 una huella destacada en la Feria Internacional del Libro de Bogot\u00e1 (FILBo) 2025, un evento que, entre el 25 de\",\"breadcrumb\":{\"@id\":\"https:\/\/www.pressenza.com\/es\/2025\/05\/escritores-peruanos-destacan-en-feria-internacional-del-libro-de-bogota-filbo\/#breadcrumb\"},\"inLanguage\":\"es\",\"potentialAction\":[{\"@type\":\"ReadAction\",\"target\":[\"https:\/\/www.pressenza.com\/es\/2025\/05\/escritores-peruanos-destacan-en-feria-internacional-del-libro-de-bogota-filbo\/\"]}]},{\"@type\":\"ImageObject\",\"inLanguage\":\"es\",\"@id\":\"https:\/\/www.pressenza.com\/es\/2025\/05\/escritores-peruanos-destacan-en-feria-internacional-del-libro-de-bogota-filbo\/#primaryimage\",\"url\":\"https:\/\/www.pressenza.com\/wp-content\/uploads\/2025\/05\/Portada.jpeg\",\"contentUrl\":\"https:\/\/www.pressenza.com\/wp-content\/uploads\/2025\/05\/Portada.jpeg\",\"width\":1600,\"height\":1200},{\"@type\":\"BreadcrumbList\",\"@id\":\"https:\/\/www.pressenza.com\/es\/2025\/05\/escritores-peruanos-destacan-en-feria-internacional-del-libro-de-bogota-filbo\/#breadcrumb\",\"itemListElement\":[{\"@type\":\"ListItem\",\"position\":1,\"name\":\"Accueil\",\"item\":\"https:\/\/www.pressenza.com\/es\/\"},{\"@type\":\"ListItem\",\"position\":2,\"name\":\"Escritores peruanos destacan en Feria Internacional del Libro de Bogot\u00e1 (FILBo)\"}]},{\"@type\":\"WebSite\",\"@id\":\"https:\/\/www.pressenza.com\/es\/#website\",\"url\":\"https:\/\/www.pressenza.com\/es\/\",\"name\":\"Pressenza\",\"description\":\"International Press Agency\",\"publisher\":{\"@id\":\"https:\/\/www.pressenza.com\/es\/#organization\"},\"potentialAction\":[{\"@type\":\"SearchAction\",\"target\":{\"@type\":\"EntryPoint\",\"urlTemplate\":\"https:\/\/www.pressenza.com\/es\/?s={search_term_string}\"},\"query-input\":{\"@type\":\"PropertyValueSpecification\",\"valueRequired\":true,\"valueName\":\"search_term_string\"}}],\"inLanguage\":\"es\"},{\"@type\":\"Organization\",\"@id\":\"https:\/\/www.pressenza.com\/es\/#organization\",\"name\":\"Pressenza\",\"url\":\"https:\/\/www.pressenza.com\/es\/\",\"logo\":{\"@type\":\"ImageObject\",\"inLanguage\":\"es\",\"@id\":\"https:\/\/www.pressenza.com\/es\/#\/schema\/logo\/image\/\",\"url\":\"https:\/\/www.pressenza.com\/wp-content\/uploads\/2022\/10\/pressenza_logo_200x200.jpg\",\"contentUrl\":\"https:\/\/www.pressenza.com\/wp-content\/uploads\/2022\/10\/pressenza_logo_200x200.jpg\",\"width\":200,\"height\":200,\"caption\":\"Pressenza\"},\"image\":{\"@id\":\"https:\/\/www.pressenza.com\/es\/#\/schema\/logo\/image\/\"},\"sameAs\":[\"https:\/\/www.facebook.com\/PressenzaItalia\",\"https:\/\/x.com\/PressenzaIPA\"]},{\"@type\":\"Person\",\"@id\":\"https:\/\/www.pressenza.com\/es\/#\/schema\/person\/e86c29a41185b85084a478822f5de81b\",\"name\":\"Redacci\u00f3n Per\u00fa\",\"description\":\"News published by the Pressenza bureau in Peru\",\"url\":\"https:\/\/www.pressenza.com\/es\/author\/redaccion-peru\/\"}]}<\/script>\n<!-- \/ Yoast SEO plugin. -->","yoast_head_json":{"title":"Escritores peruanos destacan en Feria Internacional del Libro de Bogot\u00e1 (FILBo)","description":"La familia peruana Morris Rodr\u00edguez dej\u00f3 una huella destacada en la Feria Internacional del Libro de Bogot\u00e1 (FILBo) 2025, un evento que, entre el 25 de","robots":{"index":"index","follow":"follow","max-snippet":"max-snippet:-1","max-image-preview":"max-image-preview:large","max-video-preview":"max-video-preview:-1"},"canonical":"https:\/\/www.pressenza.com\/es\/2025\/05\/escritores-peruanos-destacan-en-feria-internacional-del-libro-de-bogota-filbo\/","og_locale":"es_ES","og_type":"article","og_title":"Escritores peruanos destacan en Feria Internacional del Libro de Bogot\u00e1 (FILBo)","og_description":"La familia peruana Morris Rodr\u00edguez dej\u00f3 una huella destacada en la Feria Internacional del Libro de Bogot\u00e1 (FILBo) 2025, un evento que, entre el 25 de","og_url":"https:\/\/www.pressenza.com\/es\/2025\/05\/escritores-peruanos-destacan-en-feria-internacional-del-libro-de-bogota-filbo\/","og_site_name":"Pressenza","article_publisher":"https:\/\/www.facebook.com\/PressenzaItalia","article_published_time":"2025-05-03T00:37:22+00:00","og_image":[{"width":1600,"height":1200,"url":"https:\/\/www.pressenza.com\/wp-content\/uploads\/2025\/05\/Portada.jpeg","type":"image\/jpeg"}],"author":"Redacci\u00f3n Per\u00fa","twitter_card":"summary_large_image","twitter_creator":"@PressenzaIPA","twitter_site":"@PressenzaIPA","twitter_misc":{"Escrito por":"Redacci\u00f3n Per\u00fa","Tiempo de lectura":"3 minutos"},"schema":{"@context":"https:\/\/schema.org","@graph":[{"@type":"Article","@id":"https:\/\/www.pressenza.com\/es\/2025\/05\/escritores-peruanos-destacan-en-feria-internacional-del-libro-de-bogota-filbo\/#article","isPartOf":{"@id":"https:\/\/www.pressenza.com\/es\/2025\/05\/escritores-peruanos-destacan-en-feria-internacional-del-libro-de-bogota-filbo\/"},"author":{"name":"Redacci\u00f3n Per\u00fa","@id":"https:\/\/www.pressenza.com\/es\/#\/schema\/person\/e86c29a41185b85084a478822f5de81b"},"headline":"Escritores peruanos destacan en Feria Internacional del Libro de Bogot\u00e1 (FILBo)","datePublished":"2025-05-03T00:37:22+00:00","mainEntityOfPage":{"@id":"https:\/\/www.pressenza.com\/es\/2025\/05\/escritores-peruanos-destacan-en-feria-internacional-del-libro-de-bogota-filbo\/"},"wordCount":410,"publisher":{"@id":"https:\/\/www.pressenza.com\/es\/#organization"},"image":{"@id":"https:\/\/www.pressenza.com\/es\/2025\/05\/escritores-peruanos-destacan-en-feria-internacional-del-libro-de-bogota-filbo\/#primaryimage"},"thumbnailUrl":"https:\/\/www.pressenza.com\/wp-content\/uploads\/2025\/05\/Portada.jpeg","keywords":["FilBo 2025","Literatura"],"articleSection":["Contenido Original","Cultura y Medios","Noticia","Sudam\u00e9rica"],"inLanguage":"es"},{"@type":"WebPage","@id":"https:\/\/www.pressenza.com\/es\/2025\/05\/escritores-peruanos-destacan-en-feria-internacional-del-libro-de-bogota-filbo\/","url":"https:\/\/www.pressenza.com\/es\/2025\/05\/escritores-peruanos-destacan-en-feria-internacional-del-libro-de-bogota-filbo\/","name":"Escritores peruanos destacan en Feria Internacional del Libro de Bogot\u00e1 (FILBo)","isPartOf":{"@id":"https:\/\/www.pressenza.com\/es\/#website"},"primaryImageOfPage":{"@id":"https:\/\/www.pressenza.com\/es\/2025\/05\/escritores-peruanos-destacan-en-feria-internacional-del-libro-de-bogota-filbo\/#primaryimage"},"image":{"@id":"https:\/\/www.pressenza.com\/es\/2025\/05\/escritores-peruanos-destacan-en-feria-internacional-del-libro-de-bogota-filbo\/#primaryimage"},"thumbnailUrl":"https:\/\/www.pressenza.com\/wp-content\/uploads\/2025\/05\/Portada.jpeg","datePublished":"2025-05-03T00:37:22+00:00","description":"La familia peruana Morris Rodr\u00edguez dej\u00f3 una huella destacada en la Feria Internacional del Libro de Bogot\u00e1 (FILBo) 2025, un evento que, entre el 25 de","breadcrumb":{"@id":"https:\/\/www.pressenza.com\/es\/2025\/05\/escritores-peruanos-destacan-en-feria-internacional-del-libro-de-bogota-filbo\/#breadcrumb"},"inLanguage":"es","potentialAction":[{"@type":"ReadAction","target":["https:\/\/www.pressenza.com\/es\/2025\/05\/escritores-peruanos-destacan-en-feria-internacional-del-libro-de-bogota-filbo\/"]}]},{"@type":"ImageObject","inLanguage":"es","@id":"https:\/\/www.pressenza.com\/es\/2025\/05\/escritores-peruanos-destacan-en-feria-internacional-del-libro-de-bogota-filbo\/#primaryimage","url":"https:\/\/www.pressenza.com\/wp-content\/uploads\/2025\/05\/Portada.jpeg","contentUrl":"https:\/\/www.pressenza.com\/wp-content\/uploads\/2025\/05\/Portada.jpeg","width":1600,"height":1200},{"@type":"BreadcrumbList","@id":"https:\/\/www.pressenza.com\/es\/2025\/05\/escritores-peruanos-destacan-en-feria-internacional-del-libro-de-bogota-filbo\/#breadcrumb","itemListElement":[{"@type":"ListItem","position":1,"name":"Accueil","item":"https:\/\/www.pressenza.com\/es\/"},{"@type":"ListItem","position":2,"name":"Escritores peruanos destacan en Feria Internacional del Libro de Bogot\u00e1 (FILBo)"}]},{"@type":"WebSite","@id":"https:\/\/www.pressenza.com\/es\/#website","url":"https:\/\/www.pressenza.com\/es\/","name":"Pressenza","description":"International Press Agency","publisher":{"@id":"https:\/\/www.pressenza.com\/es\/#organization"},"potentialAction":[{"@type":"SearchAction","target":{"@type":"EntryPoint","urlTemplate":"https:\/\/www.pressenza.com\/es\/?s={search_term_string}"},"query-input":{"@type":"PropertyValueSpecification","valueRequired":true,"valueName":"search_term_string"}}],"inLanguage":"es"},{"@type":"Organization","@id":"https:\/\/www.pressenza.com\/es\/#organization","name":"Pressenza","url":"https:\/\/www.pressenza.com\/es\/","logo":{"@type":"ImageObject","inLanguage":"es","@id":"https:\/\/www.pressenza.com\/es\/#\/schema\/logo\/image\/","url":"https:\/\/www.pressenza.com\/wp-content\/uploads\/2022\/10\/pressenza_logo_200x200.jpg","contentUrl":"https:\/\/www.pressenza.com\/wp-content\/uploads\/2022\/10\/pressenza_logo_200x200.jpg","width":200,"height":200,"caption":"Pressenza"},"image":{"@id":"https:\/\/www.pressenza.com\/es\/#\/schema\/logo\/image\/"},"sameAs":["https:\/\/www.facebook.com\/PressenzaItalia","https:\/\/x.com\/PressenzaIPA"]},{"@type":"Person","@id":"https:\/\/www.pressenza.com\/es\/#\/schema\/person\/e86c29a41185b85084a478822f5de81b","name":"Redacci\u00f3n Per\u00fa","description":"News published by the Pressenza bureau in Peru","url":"https:\/\/www.pressenza.com\/es\/author\/redaccion-peru\/"}]}},"place":"","original_article_url":"","_links":{"self":[{"href":"https:\/\/www.pressenza.com\/es\/wp-json\/wp\/v2\/posts\/2602088","targetHints":{"allow":["GET"]}}],"collection":[{"href":"https:\/\/www.pressenza.com\/es\/wp-json\/wp\/v2\/posts"}],"about":[{"href":"https:\/\/www.pressenza.com\/es\/wp-json\/wp\/v2\/types\/post"}],"author":[{"embeddable":true,"href":"https:\/\/www.pressenza.com\/es\/wp-json\/wp\/v2\/users\/831"}],"replies":[{"embeddable":true,"href":"https:\/\/www.pressenza.com\/es\/wp-json\/wp\/v2\/comments?post=2602088"}],"version-history":[{"count":0,"href":"https:\/\/www.pressenza.com\/es\/wp-json\/wp\/v2\/posts\/2602088\/revisions"}],"wp:featuredmedia":[{"embeddable":true,"href":"https:\/\/www.pressenza.com\/es\/wp-json\/wp\/v2\/media\/2602089"}],"wp:attachment":[{"href":"https:\/\/www.pressenza.com\/es\/wp-json\/wp\/v2\/media?parent=2602088"}],"wp:term":[{"taxonomy":"category","embeddable":true,"href":"https:\/\/www.pressenza.com\/es\/wp-json\/wp\/v2\/categories?post=2602088"},{"taxonomy":"post_tag","embeddable":true,"href":"https:\/\/www.pressenza.com\/es\/wp-json\/wp\/v2\/tags?post=2602088"}],"curies":[{"name":"wp","href":"https:\/\/api.w.org\/{rel}","templated":true}]}}