{"id":2602068,"date":"2025-05-03T00:21:56","date_gmt":"2025-05-02T23:21:56","guid":{"rendered":"https:\/\/www.pressenza.com\/?p=2602068"},"modified":"2025-05-03T00:21:56","modified_gmt":"2025-05-02T23:21:56","slug":"un-nuevo-salario-de-hambre","status":"publish","type":"post","link":"https:\/\/www.pressenza.com\/es\/2025\/05\/un-nuevo-salario-de-hambre\/","title":{"rendered":"Un nuevo salario de hambre"},"content":{"rendered":"<p>Muy por el contrario de la opini\u00f3n de las centrales patronales chilenas y del Gobierno, la propuesta de la Central Unitaria de Trabajadores (CUT) debi\u00f3 ser considerada d\u00e9bil y demasiado condescendiente con el modelo econ\u00f3mico vigente en nuestro pa\u00eds. En efecto, plantear un reajuste del salario m\u00ednimo en apenas un 12 por ciento anual en nada o muy poco podr\u00eda satisfacer las expectativas de ese mill\u00f3n de chilenos que perciben hoy 510 mil pesos mensuales. La propuesta de este referente sindical plantea que, si este incremento se lograra en este y los a\u00f1os venideros, hacia el 2019 el salario m\u00ednimo podr\u00eda llegar casi a un mill\u00f3n de pesos. En virtud de un reajuste escalonado que ya ha sido descalificado por las autoridades pol\u00edticas y la clase empresarial.<\/p>\n<p>En el \u00faltimo d\u00eda de abril, luego de varias reuniones entre la CUT y el Gobierno, ambas entidades terminaron por convenir un reajuste solo del 3.6 por ciento, muy por debajo de lo solicitado por la entidad sindical que no representa a m\u00e1s de 800 mil afiliados. Aunque el Ejecutivo consinti\u00f3 en subir el ingreso m\u00ednimo en otros diez mil pesos a partir de enero del pr\u00f3ximo a\u00f1o. Despu\u00e9s de este acuerdo, el presidente de la CUT, David Acu\u00f1a, declar\u00f3 sin ruborizarse: \u201cHemos avanzado a paso firme y constante\u2026\u201d.<\/p>\n<p>Es necesario tener en consideraci\u00f3n lo que sigue: el sueldo de los parlamentarios, ministros de estado y, en general, de los altos funcionarios p\u00fablicos resulta actualmente unas 20 veces mayor que el salario m\u00ednimo. En una asimetr\u00eda escandalosa que no se repite en el mundo con este nivel de inequidad. Ciertamente, ni siquiera los que se supone son representantes del mundo del trabajo tienen en consideraci\u00f3n las demandas esenciales de la poblaci\u00f3n m\u00e1s pobre como segregada social y culturalmente por sus escu\u00e1lidos ingresos.<\/p>\n<p>En su discreta propuesta, no tuvieron en cuenta, por ejemplo, el reciente informe de la Fundaci\u00f3n TECHO que indica que m\u00e1s de 120 mil familias viven o sobreviven en 1428 campamentos a lo largo de todo Chile, cifra que se ha incrementado en los \u00faltimos a\u00f1os en 346, pese a las promesas del actual Gobierno de hacer frente a esta realidad y procurar el considerable aumento del n\u00famero de viviendas. Por el contrario, de lo que m\u00e1s se informa por los medios de comunicaci\u00f3n es de las operaciones de desalojo ordenado por los jueces como ejecutados por las polic\u00edas para echar abajo sus precarias viviendas y dejar a centenares de familias a la intemperie.<\/p>\n<p>Cualquier persona que viva en nuestro pa\u00eds puede llegar a la conclusi\u00f3n de que ning\u00fan grupo familiar puede satisfacer sus necesidades b\u00e1sicas con menos de un mill\u00f3n de pesos, cifra que reci\u00e9n se cumplir\u00eda hacia finales de la actual d\u00e9cada de aceptarse la propuesta de la CUT.<\/p>\n<p>De all\u00ed que esta situaci\u00f3n deje a los m\u00e1s pobres a merced de los narcotraficantes tan afincados en las comunas m\u00e1s pobres. Los que ahora reciben protecci\u00f3n policial para los funerales de los narcos abatidos por sus ajustes de cuenta, como acaba de ocurrir en la comuna de Quilicura donde decenas de carros policiales y un alto contingente de carabineros escoltaron toda la romer\u00eda de uno de esos mafiosos hacia el cementerio. Afectando, adem\u00e1s, a miles de personas en su trayecto al trabajo honesto, as\u00ed como impidiendo el libre tr\u00e1nsito de veh\u00edculos.<\/p>\n<p>Es necesario considerar lo consignado en el mismo estudio de TECHO en cuanto a que un 35 por ciento de estas familias sin vivienda digna lleva m\u00e1s de 14 a\u00f1os esperando una soluci\u00f3n habitacional, lo que augura que las posibilidades de un nuevo estallido social est\u00e9n a la vuelta de la esquina, agregado al hecho que el desempleo, la inflaci\u00f3n y el ingreso precario de las mayor\u00edas tambi\u00e9n explica en gran medida el mill\u00f3n de pacientes en espera de consulta y tratamiento m\u00e9dico, as\u00ed como tambi\u00e9n los ingresos de los pensionados son considerados por todos como un salario de hambre.<\/p>\n<p>Pero la clase pol\u00edtica, est\u00e1 ahora sumergida en una nueva contienda presidencial y parlamentaria donde la situaci\u00f3n econ\u00f3mica y social es soslayada en sus discursos, concentrando sus protestas y promesas electorales solo en el tema de la seguridad. Una lacra, por supuesto, grav\u00edsima, pero que tambi\u00e9n tiene fundamento en la pobreza y la marginaci\u00f3n de millones de habitantes.<\/p>\n<p>Lo m\u00e1s seguro es que la propuesta de la CUT pueda ofrecer, incluso, algunos recortes, habida cuenta de la indignaci\u00f3n que le ha producido esta demanda de la multisindical a la Sociedad de Fomento Fabril y la Multigremial de Emprendedores que la han calificado como \u201cpoco realista\u201d y de \u201ccarecer de toda l\u00f3gica econ\u00f3mica\u201d. Para lo cual argumentan que un reajuste tal no estar\u00eda al alcance de las medianas y peque\u00f1as empresas (Mipymes), donde trabaja el 95 por ciento de los trabajadores que ganan solo el sueldo m\u00ednimo. El propio Ministro de Hacienda, Mario Marcel, abog\u00f3 con \u00e9xito por una \u201cnegociaci\u00f3n m\u00e1s pragm\u00e1tica, tratando de no vincular los objetivos de m\u00e1s largo plazo\u201d. Seguramente sin confianza alguna en que el crecimiento de la econom\u00eda y de los empleos pudiera mejorar en los siguientes a\u00f1os.<\/p>\n<p>Asimismo, con un cinismo inaudito, al oponerse a tal incremento salarial, las patronales dijeron estar preocupados por la suerte de los que menos ganan, advirtiendo que aprobar un reajuste como el solicitado por la CUT podr\u00eda llevar a la quiebra de muchas empresas del sector y provocar el desempleo de sus trabajadores.<\/p>\n<p>Al mismo tiempo han insistido en demandar al Estado para que rebaje los impuestos a las utilidades de sus grandes empresas, lo que sin duda ir\u00eda en desmedro de la recaudaci\u00f3n fiscal y de la posibilidad de encarar las necesidades m\u00e1s agudas de la poblaci\u00f3n. Lo l\u00f3gico ser\u00eda plantear que sean las Mipymes las que se liberen de los impuestos y trabas fiscales en beneficio, justamente, de que \u00e9stas puedan incrementar el salario de sus trabajadores, desarrollar nuevos emprendimientos y contratar personal mejor remunerado.<\/p>\n<p>Francamente, parece bochornosa la coincidencia entre el titular de Hacienda y los m\u00e1s poderosos empresarios, sin tener en consideraci\u00f3n las injusticias sociales tan ampliamente denunciadas y que, a prop\u00f3sito del D\u00eda Internacional del Trabajo, debieran sensibilizar a la clase pol\u00edtica, al Ejecutivo y al parlamento al momento de resolver sobre un reajuste salarial que en algo logre disminuir la brecha entre ricos y pobres. Porque, como se ha se\u00f1alado tantas veces, mucho m\u00e1s que la pobreza, son las irritantes desigualdades las causantes del quiebre en la convivencia de las naciones, de la violencia y de la delincuencia que hoy tanto preocupa al conjunto de la naci\u00f3n.<\/p>\n","protected":false},"excerpt":{"rendered":"<p>Muy por el contrario de la opini\u00f3n de las centrales patronales chilenas y del Gobierno, la propuesta de la Central Unitaria de Trabajadores (CUT) debi\u00f3 ser considerada d\u00e9bil y demasiado condescendiente con el modelo econ\u00f3mico vigente en nuestro pa\u00eds. En&hellip;<\/p>\n","protected":false},"author":1739,"featured_media":2602069,"comment_status":"closed","ping_status":"closed","sticky":false,"template":"","format":"standard","meta":{"footnotes":""},"categories":[11389,81,161,74,67],"tags":[29,2006,17882,846],"class_list":["post-2602068","post","type-post","status-publish","format-standard","has-post-thumbnail","hentry","category-contenido-original","category-economia-es","category-opiniones","category-politica-es","category-sudamerica","tag-chile","tag-cut","tag-desigualdades","tag-salarios"],"yoast_head":"<!-- This site is optimized with the Yoast SEO plugin v27.1.1 - https:\/\/yoast.com\/product\/yoast-seo-wordpress\/ -->\n<title>Un nuevo salario de hambre<\/title>\n<meta name=\"description\" content=\"Muy por el contrario de la opini\u00f3n de las centrales patronales chilenas y del Gobierno, la propuesta de la Central Unitaria de Trabajadores (CUT) debi\u00f3\" \/>\n<meta name=\"robots\" content=\"index, follow, max-snippet:-1, max-image-preview:large, max-video-preview:-1\" \/>\n<link rel=\"canonical\" href=\"https:\/\/www.pressenza.com\/es\/2025\/05\/un-nuevo-salario-de-hambre\/\" \/>\n<meta property=\"og:locale\" content=\"es_ES\" \/>\n<meta property=\"og:type\" content=\"article\" \/>\n<meta property=\"og:title\" content=\"Un nuevo salario de hambre\" \/>\n<meta property=\"og:description\" content=\"Muy por el contrario de la opini\u00f3n de las centrales patronales chilenas y del Gobierno, la propuesta de la Central Unitaria de Trabajadores (CUT) debi\u00f3\" \/>\n<meta property=\"og:url\" content=\"https:\/\/www.pressenza.com\/es\/2025\/05\/un-nuevo-salario-de-hambre\/\" \/>\n<meta property=\"og:site_name\" content=\"Pressenza\" \/>\n<meta property=\"article:publisher\" content=\"https:\/\/www.facebook.com\/PressenzaItalia\" \/>\n<meta property=\"article:published_time\" content=\"2025-05-02T23:21:56+00:00\" \/>\n<meta property=\"og:image\" content=\"https:\/\/www.pressenza.com\/wp-content\/uploads\/2025\/05\/images-3-15.jpeg\" \/>\n\t<meta property=\"og:image:width\" content=\"738\" \/>\n\t<meta property=\"og:image:height\" content=\"414\" \/>\n\t<meta property=\"og:image:type\" content=\"image\/jpeg\" \/>\n<meta name=\"author\" content=\"Juan Pablo C\u00e1rdenas\" \/>\n<meta name=\"twitter:card\" content=\"summary_large_image\" \/>\n<meta name=\"twitter:creator\" content=\"@PressenzaIPA\" \/>\n<meta name=\"twitter:site\" content=\"@PressenzaIPA\" \/>\n<meta name=\"twitter:label1\" content=\"Escrito por\" \/>\n\t<meta name=\"twitter:data1\" content=\"Juan Pablo C\u00e1rdenas\" \/>\n\t<meta name=\"twitter:label2\" content=\"Tiempo de lectura\" \/>\n\t<meta name=\"twitter:data2\" content=\"5 minutos\" \/>\n<script type=\"application\/ld+json\" class=\"yoast-schema-graph\">{\"@context\":\"https:\/\/schema.org\",\"@graph\":[{\"@type\":\"Article\",\"@id\":\"https:\/\/www.pressenza.com\/es\/2025\/05\/un-nuevo-salario-de-hambre\/#article\",\"isPartOf\":{\"@id\":\"https:\/\/www.pressenza.com\/es\/2025\/05\/un-nuevo-salario-de-hambre\/\"},\"author\":{\"name\":\"Juan Pablo C\u00e1rdenas\",\"@id\":\"https:\/\/www.pressenza.com\/es\/#\/schema\/person\/d72a7c8c014dcbfa2ef9e9976103ea0d\"},\"headline\":\"Un nuevo salario de hambre\",\"datePublished\":\"2025-05-02T23:21:56+00:00\",\"mainEntityOfPage\":{\"@id\":\"https:\/\/www.pressenza.com\/es\/2025\/05\/un-nuevo-salario-de-hambre\/\"},\"wordCount\":1173,\"publisher\":{\"@id\":\"https:\/\/www.pressenza.com\/es\/#organization\"},\"image\":{\"@id\":\"https:\/\/www.pressenza.com\/es\/2025\/05\/un-nuevo-salario-de-hambre\/#primaryimage\"},\"thumbnailUrl\":\"https:\/\/www.pressenza.com\/wp-content\/uploads\/2025\/05\/images-3-15.jpeg\",\"keywords\":[\"Chile\",\"CUT\",\"Desigualdades\",\"salarios\"],\"articleSection\":[\"Contenido Original\",\"Econom\u00eda\",\"Opiniones\",\"Pol\u00edtica\",\"Sudam\u00e9rica\"],\"inLanguage\":\"es\"},{\"@type\":\"WebPage\",\"@id\":\"https:\/\/www.pressenza.com\/es\/2025\/05\/un-nuevo-salario-de-hambre\/\",\"url\":\"https:\/\/www.pressenza.com\/es\/2025\/05\/un-nuevo-salario-de-hambre\/\",\"name\":\"Un nuevo salario de hambre\",\"isPartOf\":{\"@id\":\"https:\/\/www.pressenza.com\/es\/#website\"},\"primaryImageOfPage\":{\"@id\":\"https:\/\/www.pressenza.com\/es\/2025\/05\/un-nuevo-salario-de-hambre\/#primaryimage\"},\"image\":{\"@id\":\"https:\/\/www.pressenza.com\/es\/2025\/05\/un-nuevo-salario-de-hambre\/#primaryimage\"},\"thumbnailUrl\":\"https:\/\/www.pressenza.com\/wp-content\/uploads\/2025\/05\/images-3-15.jpeg\",\"datePublished\":\"2025-05-02T23:21:56+00:00\",\"description\":\"Muy por el contrario de la opini\u00f3n de las centrales patronales chilenas y del Gobierno, la propuesta de la Central Unitaria de Trabajadores (CUT) debi\u00f3\",\"breadcrumb\":{\"@id\":\"https:\/\/www.pressenza.com\/es\/2025\/05\/un-nuevo-salario-de-hambre\/#breadcrumb\"},\"inLanguage\":\"es\",\"potentialAction\":[{\"@type\":\"ReadAction\",\"target\":[\"https:\/\/www.pressenza.com\/es\/2025\/05\/un-nuevo-salario-de-hambre\/\"]}]},{\"@type\":\"ImageObject\",\"inLanguage\":\"es\",\"@id\":\"https:\/\/www.pressenza.com\/es\/2025\/05\/un-nuevo-salario-de-hambre\/#primaryimage\",\"url\":\"https:\/\/www.pressenza.com\/wp-content\/uploads\/2025\/05\/images-3-15.jpeg\",\"contentUrl\":\"https:\/\/www.pressenza.com\/wp-content\/uploads\/2025\/05\/images-3-15.jpeg\",\"width\":738,\"height\":414},{\"@type\":\"BreadcrumbList\",\"@id\":\"https:\/\/www.pressenza.com\/es\/2025\/05\/un-nuevo-salario-de-hambre\/#breadcrumb\",\"itemListElement\":[{\"@type\":\"ListItem\",\"position\":1,\"name\":\"Accueil\",\"item\":\"https:\/\/www.pressenza.com\/es\/\"},{\"@type\":\"ListItem\",\"position\":2,\"name\":\"Un nuevo salario de hambre\"}]},{\"@type\":\"WebSite\",\"@id\":\"https:\/\/www.pressenza.com\/es\/#website\",\"url\":\"https:\/\/www.pressenza.com\/es\/\",\"name\":\"Pressenza\",\"description\":\"International Press Agency\",\"publisher\":{\"@id\":\"https:\/\/www.pressenza.com\/es\/#organization\"},\"potentialAction\":[{\"@type\":\"SearchAction\",\"target\":{\"@type\":\"EntryPoint\",\"urlTemplate\":\"https:\/\/www.pressenza.com\/es\/?s={search_term_string}\"},\"query-input\":{\"@type\":\"PropertyValueSpecification\",\"valueRequired\":true,\"valueName\":\"search_term_string\"}}],\"inLanguage\":\"es\"},{\"@type\":\"Organization\",\"@id\":\"https:\/\/www.pressenza.com\/es\/#organization\",\"name\":\"Pressenza\",\"url\":\"https:\/\/www.pressenza.com\/es\/\",\"logo\":{\"@type\":\"ImageObject\",\"inLanguage\":\"es\",\"@id\":\"https:\/\/www.pressenza.com\/es\/#\/schema\/logo\/image\/\",\"url\":\"https:\/\/www.pressenza.com\/wp-content\/uploads\/2022\/10\/pressenza_logo_200x200.jpg\",\"contentUrl\":\"https:\/\/www.pressenza.com\/wp-content\/uploads\/2022\/10\/pressenza_logo_200x200.jpg\",\"width\":200,\"height\":200,\"caption\":\"Pressenza\"},\"image\":{\"@id\":\"https:\/\/www.pressenza.com\/es\/#\/schema\/logo\/image\/\"},\"sameAs\":[\"https:\/\/www.facebook.com\/PressenzaItalia\",\"https:\/\/x.com\/PressenzaIPA\"]},{\"@type\":\"Person\",\"@id\":\"https:\/\/www.pressenza.com\/es\/#\/schema\/person\/d72a7c8c014dcbfa2ef9e9976103ea0d\",\"name\":\"Juan Pablo C\u00e1rdenas\",\"description\":\"Juan Pablo C\u00e1rdenas Squella es un periodista y profesor universitario de vasta trayectoria. En el 2005 recibi\u00f3 en premio nacional de Periodismo y, antes, la Pluma de Oro de la Libertad, otorgada por la Federaci\u00f3n Mundial de la Prensa. Tambi\u00e9n obtuvo el Premio Latinoamericano de Periodismo, la Houten Camara de Holanda (1989) entre otras m\u00faltiples distinciones nacionales y extranjeras. Forma parte de los sesenta periodistas del mundo considerados H\u00e9roes de la Libertad de Expresi\u00f3n, reconocimiento hecho por la Federaci\u00f3n Internacional de Periodistas. Ha sido director y columnista de las revistas Debate Universitario, An\u00e1lisis y Los Tiempos, as\u00ed como del diario electr\u00f3nico primeral\u00ednea.cl. Tambi\u00e9n fue por m\u00e1s 18 a\u00f1os director de la Radio Universidad de Chile y de su diario digital. Se ha desempe\u00f1ado como profesor de varias escuelas de periodismo de Santiago y Valpara\u00edso y en la Universidad de Chile alcanz\u00f3 el grado de profesor titular y senador universitario.\",\"url\":\"https:\/\/www.pressenza.com\/es\/author\/juan-pablo-cardenas\/\"}]}<\/script>\n<!-- \/ Yoast SEO plugin. -->","yoast_head_json":{"title":"Un nuevo salario de hambre","description":"Muy por el contrario de la opini\u00f3n de las centrales patronales chilenas y del Gobierno, la propuesta de la Central Unitaria de Trabajadores (CUT) debi\u00f3","robots":{"index":"index","follow":"follow","max-snippet":"max-snippet:-1","max-image-preview":"max-image-preview:large","max-video-preview":"max-video-preview:-1"},"canonical":"https:\/\/www.pressenza.com\/es\/2025\/05\/un-nuevo-salario-de-hambre\/","og_locale":"es_ES","og_type":"article","og_title":"Un nuevo salario de hambre","og_description":"Muy por el contrario de la opini\u00f3n de las centrales patronales chilenas y del Gobierno, la propuesta de la Central Unitaria de Trabajadores (CUT) debi\u00f3","og_url":"https:\/\/www.pressenza.com\/es\/2025\/05\/un-nuevo-salario-de-hambre\/","og_site_name":"Pressenza","article_publisher":"https:\/\/www.facebook.com\/PressenzaItalia","article_published_time":"2025-05-02T23:21:56+00:00","og_image":[{"width":738,"height":414,"url":"https:\/\/www.pressenza.com\/wp-content\/uploads\/2025\/05\/images-3-15.jpeg","type":"image\/jpeg"}],"author":"Juan Pablo C\u00e1rdenas","twitter_card":"summary_large_image","twitter_creator":"@PressenzaIPA","twitter_site":"@PressenzaIPA","twitter_misc":{"Escrito por":"Juan Pablo C\u00e1rdenas","Tiempo de lectura":"5 minutos"},"schema":{"@context":"https:\/\/schema.org","@graph":[{"@type":"Article","@id":"https:\/\/www.pressenza.com\/es\/2025\/05\/un-nuevo-salario-de-hambre\/#article","isPartOf":{"@id":"https:\/\/www.pressenza.com\/es\/2025\/05\/un-nuevo-salario-de-hambre\/"},"author":{"name":"Juan Pablo C\u00e1rdenas","@id":"https:\/\/www.pressenza.com\/es\/#\/schema\/person\/d72a7c8c014dcbfa2ef9e9976103ea0d"},"headline":"Un nuevo salario de hambre","datePublished":"2025-05-02T23:21:56+00:00","mainEntityOfPage":{"@id":"https:\/\/www.pressenza.com\/es\/2025\/05\/un-nuevo-salario-de-hambre\/"},"wordCount":1173,"publisher":{"@id":"https:\/\/www.pressenza.com\/es\/#organization"},"image":{"@id":"https:\/\/www.pressenza.com\/es\/2025\/05\/un-nuevo-salario-de-hambre\/#primaryimage"},"thumbnailUrl":"https:\/\/www.pressenza.com\/wp-content\/uploads\/2025\/05\/images-3-15.jpeg","keywords":["Chile","CUT","Desigualdades","salarios"],"articleSection":["Contenido Original","Econom\u00eda","Opiniones","Pol\u00edtica","Sudam\u00e9rica"],"inLanguage":"es"},{"@type":"WebPage","@id":"https:\/\/www.pressenza.com\/es\/2025\/05\/un-nuevo-salario-de-hambre\/","url":"https:\/\/www.pressenza.com\/es\/2025\/05\/un-nuevo-salario-de-hambre\/","name":"Un nuevo salario de hambre","isPartOf":{"@id":"https:\/\/www.pressenza.com\/es\/#website"},"primaryImageOfPage":{"@id":"https:\/\/www.pressenza.com\/es\/2025\/05\/un-nuevo-salario-de-hambre\/#primaryimage"},"image":{"@id":"https:\/\/www.pressenza.com\/es\/2025\/05\/un-nuevo-salario-de-hambre\/#primaryimage"},"thumbnailUrl":"https:\/\/www.pressenza.com\/wp-content\/uploads\/2025\/05\/images-3-15.jpeg","datePublished":"2025-05-02T23:21:56+00:00","description":"Muy por el contrario de la opini\u00f3n de las centrales patronales chilenas y del Gobierno, la propuesta de la Central Unitaria de Trabajadores (CUT) debi\u00f3","breadcrumb":{"@id":"https:\/\/www.pressenza.com\/es\/2025\/05\/un-nuevo-salario-de-hambre\/#breadcrumb"},"inLanguage":"es","potentialAction":[{"@type":"ReadAction","target":["https:\/\/www.pressenza.com\/es\/2025\/05\/un-nuevo-salario-de-hambre\/"]}]},{"@type":"ImageObject","inLanguage":"es","@id":"https:\/\/www.pressenza.com\/es\/2025\/05\/un-nuevo-salario-de-hambre\/#primaryimage","url":"https:\/\/www.pressenza.com\/wp-content\/uploads\/2025\/05\/images-3-15.jpeg","contentUrl":"https:\/\/www.pressenza.com\/wp-content\/uploads\/2025\/05\/images-3-15.jpeg","width":738,"height":414},{"@type":"BreadcrumbList","@id":"https:\/\/www.pressenza.com\/es\/2025\/05\/un-nuevo-salario-de-hambre\/#breadcrumb","itemListElement":[{"@type":"ListItem","position":1,"name":"Accueil","item":"https:\/\/www.pressenza.com\/es\/"},{"@type":"ListItem","position":2,"name":"Un nuevo salario de hambre"}]},{"@type":"WebSite","@id":"https:\/\/www.pressenza.com\/es\/#website","url":"https:\/\/www.pressenza.com\/es\/","name":"Pressenza","description":"International Press Agency","publisher":{"@id":"https:\/\/www.pressenza.com\/es\/#organization"},"potentialAction":[{"@type":"SearchAction","target":{"@type":"EntryPoint","urlTemplate":"https:\/\/www.pressenza.com\/es\/?s={search_term_string}"},"query-input":{"@type":"PropertyValueSpecification","valueRequired":true,"valueName":"search_term_string"}}],"inLanguage":"es"},{"@type":"Organization","@id":"https:\/\/www.pressenza.com\/es\/#organization","name":"Pressenza","url":"https:\/\/www.pressenza.com\/es\/","logo":{"@type":"ImageObject","inLanguage":"es","@id":"https:\/\/www.pressenza.com\/es\/#\/schema\/logo\/image\/","url":"https:\/\/www.pressenza.com\/wp-content\/uploads\/2022\/10\/pressenza_logo_200x200.jpg","contentUrl":"https:\/\/www.pressenza.com\/wp-content\/uploads\/2022\/10\/pressenza_logo_200x200.jpg","width":200,"height":200,"caption":"Pressenza"},"image":{"@id":"https:\/\/www.pressenza.com\/es\/#\/schema\/logo\/image\/"},"sameAs":["https:\/\/www.facebook.com\/PressenzaItalia","https:\/\/x.com\/PressenzaIPA"]},{"@type":"Person","@id":"https:\/\/www.pressenza.com\/es\/#\/schema\/person\/d72a7c8c014dcbfa2ef9e9976103ea0d","name":"Juan Pablo C\u00e1rdenas","description":"Juan Pablo C\u00e1rdenas Squella es un periodista y profesor universitario de vasta trayectoria. En el 2005 recibi\u00f3 en premio nacional de Periodismo y, antes, la Pluma de Oro de la Libertad, otorgada por la Federaci\u00f3n Mundial de la Prensa. Tambi\u00e9n obtuvo el Premio Latinoamericano de Periodismo, la Houten Camara de Holanda (1989) entre otras m\u00faltiples distinciones nacionales y extranjeras. Forma parte de los sesenta periodistas del mundo considerados H\u00e9roes de la Libertad de Expresi\u00f3n, reconocimiento hecho por la Federaci\u00f3n Internacional de Periodistas. Ha sido director y columnista de las revistas Debate Universitario, An\u00e1lisis y Los Tiempos, as\u00ed como del diario electr\u00f3nico primeral\u00ednea.cl. Tambi\u00e9n fue por m\u00e1s 18 a\u00f1os director de la Radio Universidad de Chile y de su diario digital. Se ha desempe\u00f1ado como profesor de varias escuelas de periodismo de Santiago y Valpara\u00edso y en la Universidad de Chile alcanz\u00f3 el grado de profesor titular y senador universitario.","url":"https:\/\/www.pressenza.com\/es\/author\/juan-pablo-cardenas\/"}]}},"place":"Santiago de Chile","original_article_url":"","_links":{"self":[{"href":"https:\/\/www.pressenza.com\/es\/wp-json\/wp\/v2\/posts\/2602068","targetHints":{"allow":["GET"]}}],"collection":[{"href":"https:\/\/www.pressenza.com\/es\/wp-json\/wp\/v2\/posts"}],"about":[{"href":"https:\/\/www.pressenza.com\/es\/wp-json\/wp\/v2\/types\/post"}],"author":[{"embeddable":true,"href":"https:\/\/www.pressenza.com\/es\/wp-json\/wp\/v2\/users\/1739"}],"replies":[{"embeddable":true,"href":"https:\/\/www.pressenza.com\/es\/wp-json\/wp\/v2\/comments?post=2602068"}],"version-history":[{"count":0,"href":"https:\/\/www.pressenza.com\/es\/wp-json\/wp\/v2\/posts\/2602068\/revisions"}],"wp:featuredmedia":[{"embeddable":true,"href":"https:\/\/www.pressenza.com\/es\/wp-json\/wp\/v2\/media\/2602069"}],"wp:attachment":[{"href":"https:\/\/www.pressenza.com\/es\/wp-json\/wp\/v2\/media?parent=2602068"}],"wp:term":[{"taxonomy":"category","embeddable":true,"href":"https:\/\/www.pressenza.com\/es\/wp-json\/wp\/v2\/categories?post=2602068"},{"taxonomy":"post_tag","embeddable":true,"href":"https:\/\/www.pressenza.com\/es\/wp-json\/wp\/v2\/tags?post=2602068"}],"curies":[{"name":"wp","href":"https:\/\/api.w.org\/{rel}","templated":true}]}}