{"id":26012,"date":"2012-11-28T19:23:48","date_gmt":"2012-11-28T19:23:48","guid":{"rendered":"http:\/\/www.pressenza.com\/?p=26012"},"modified":"2012-11-29T16:02:06","modified_gmt":"2012-11-29T16:02:06","slug":"filosofo-avizora-en-ecuador-surgimiento-en-el-mundo-de-nueva-sociedad","status":"publish","type":"post","link":"https:\/\/www.pressenza.com\/es\/2012\/11\/filosofo-avizora-en-ecuador-surgimiento-en-el-mundo-de-nueva-sociedad\/","title":{"rendered":"Fil\u00f3sofo avizora en Ecuador surgimiento en el mundo de nueva sociedad"},"content":{"rendered":"<p>El fil\u00f3sofo franc\u00e9s Edgar Mor\u00edn afirm\u00f3 en Ecuador que una nueva sociedad est\u00e1 surgiendo en el mundo, a semejanza de un proceso de metamorfosis, aunque es imposible avizorar c\u00f3mo ser\u00e1.<\/p>\n<p>\u201cHay que retomar las aspiraciones iniciales del socialismo, del comunismo, el anarquismo y de la ecolog\u00eda\u201d, afirm\u00f3 Mor\u00edn en declaraciones exclusivas a Prensa Latina tras presentar en Quito su libro titulado La v\u00eda para el futuro de la humanidad.<\/p>\n<p>El tambi\u00e9n soci\u00f3logo de 91 a\u00f1os argument\u00f3 en un espa\u00f1ol fluido que \u201ccomunismo significa comunidad, socialismo mejorar la sociedad, anarquismo es la libertad de las personas y ecolog\u00eda, la vida en relaci\u00f3n con el ambiente\u201d.<\/p>\n<p>\u201cEsos son los cuatro principios para una nueva pol\u00edtica\u201d, sentenci\u00f3 minutos despu\u00e9s de ofrecer una conferencia en el teatro de la Casa de la Cultura Ecuatoriana ante unos dos mil 500 asistentes, entre ellos un n\u00famero importante de j\u00f3venes y catedr\u00e1ticos.<\/p>\n<p>En su presentaci\u00f3n, el autor de una vasta bibliograf\u00eda sobre el pensamiento complejo, expuso que es dif\u00edcil avizorar c\u00f3mo ser\u00e1 una nueva sociedad porque en un proceso de creaci\u00f3n no es posible saber.<\/p>\n<p>Expuso que en las Universidades no se ense\u00f1a qu\u00e9 significa ser humano y, sin embargo, todos viven un destino com\u00fan, por lo cual tomar conciencia de ello puede permitir llegar a un nuevo estadio de la cultura humana.<\/p>\n<p>Sin embargo, dijo, en la actualidad el desarrollo tiene un lado negativo y uno positivo, por lo que es preciso desechar los vicios y tomar lo provechoso para evitar los procesos que conducen a las cat\u00e1strofes.<\/p>\n<p>Puso como ejemplo c\u00f3mo al descubrirse el \u00e1tomo, no era posible pensar la utilizaci\u00f3n por el hombre de la energ\u00eda condensada en esta part\u00edcula como un arma de exterminio masivo.<\/p>\n<p>Acot\u00f3 que la degradaci\u00f3n de la naturaleza trae aparejada otros peligros combinados que llevan a la destrucci\u00f3n planetaria.<\/p>\n<p>Por otra parte, se\u00f1al\u00f3 que el neoliberalismo econ\u00f3mico que se present\u00f3 como una ciencia, era m\u00e1s bien una ideolog\u00eda equivocada y cuando una econom\u00eda no tiene regulaci\u00f3n, significa dominaci\u00f3n de una especulaci\u00f3n financiera sobre los Estados y los pueblos.<\/p>\n<p>La pol\u00edtica de la civilizaci\u00f3n, dijo, es tomar las cualidades de \u00e9sta, como los derechos humanos y la democracia, pero tambi\u00e9n criticar los vicios, en un mundo donde no se ense\u00f1a en ning\u00fan nivel de ense\u00f1anza qu\u00e9 es un ser humano.<\/p>\n<p>Manifest\u00f3 que la especie humana posee los mismos genes, fisiolog\u00eda, anatom\u00eda, la posibilidad de amar, sufrir, aunque con diferentes culturas, de ah\u00ed la trascendencia de la unidad en la diversidad.<\/p>\n<p>Mor\u00edn se\u00f1al\u00f3 que el desarrollo es un modelo econ\u00f3mico que se impone a todos los pueblos sin tener en cuenta esa diversidad de las culturas. \u201cTomar lo positivo de la mundializaci\u00f3n\u201d, sugiri\u00f3, y, tras criticar el consumismo en sociedades contempor\u00e1neas donde domina el dinero, llam\u00f3 a construir las llamadas econom\u00edas sociales y solidarias.<\/p>\n<p>En su criterio, cuando un sistema no tiene la posibilidad de tratar sus problemas vitales, o emerge una revoluci\u00f3n, una desintegraci\u00f3n o la producci\u00f3n de un metasistema, o de un sistema que tiene la posibilidad resolver una situaci\u00f3n a trav\u00e9s de una \u201cmetamorfosis\u201d con la fundaci\u00f3n de una nueva sociedad.<\/p>\n<p>Mor\u00e1n tambi\u00e9n disert\u00f3 en las \u00faltimas horas en Quito en un panel de expertos en la Facultad Latinoamericana de Ciencias Sociales como invitado de honor al evento acad\u00e9mico, convocado por la Fundaci\u00f3n Guayasam\u00edn en ocasi\u00f3n del d\u00e9cimo aniversario de la Capilla del Hombre.<\/p>\n","protected":false},"excerpt":{"rendered":"<p>El fil\u00f3sofo franc\u00e9s Edgar Mor\u00edn afirm\u00f3 en Ecuador que una nueva sociedad est\u00e1 surgiendo en el mundo, a semejanza de un proceso de metamorfosis, aunque es imposible avizorar c\u00f3mo ser\u00e1. \u201cHay que retomar las aspiraciones iniciales del socialismo, del comunismo,&hellip;<\/p>\n","protected":false},"author":640,"featured_media":26046,"comment_status":"closed","ping_status":"open","sticky":false,"template":"","format":"standard","meta":{"footnotes":""},"categories":[79,1240,67],"tags":[696,441],"class_list":["post-26012","post","type-post","status-publish","format-standard","has-post-thumbnail","hentry","category-derechos-humanos","category-humanismo-espiritualidad","category-sudamerica","tag-democracia","tag-derechos-humanos"],"yoast_head":"<!-- This site is optimized with the Yoast SEO plugin v27.1.1 - https:\/\/yoast.com\/product\/yoast-seo-wordpress\/ -->\n<title>Fil\u00f3sofo avizora en Ecuador surgimiento en el mundo de nueva sociedad<\/title>\n<meta name=\"description\" content=\"El fil\u00f3sofo franc\u00e9s Edgar Mor\u00edn afirm\u00f3 en Ecuador que una nueva sociedad est\u00e1 surgiendo en el mundo, a semejanza de un proceso de metamorfosis, aunque es\" \/>\n<meta name=\"robots\" content=\"index, follow, max-snippet:-1, max-image-preview:large, max-video-preview:-1\" \/>\n<link rel=\"canonical\" href=\"https:\/\/www.pressenza.com\/es\/2012\/11\/filosofo-avizora-en-ecuador-surgimiento-en-el-mundo-de-nueva-sociedad\/\" \/>\n<meta property=\"og:locale\" content=\"es_ES\" \/>\n<meta property=\"og:type\" content=\"article\" \/>\n<meta property=\"og:title\" content=\"Fil\u00f3sofo avizora en Ecuador surgimiento en el mundo de nueva sociedad\" \/>\n<meta property=\"og:description\" content=\"El fil\u00f3sofo franc\u00e9s Edgar Mor\u00edn afirm\u00f3 en Ecuador que una nueva sociedad est\u00e1 surgiendo en el mundo, a semejanza de un proceso de metamorfosis, aunque es\" \/>\n<meta property=\"og:url\" content=\"https:\/\/www.pressenza.com\/es\/2012\/11\/filosofo-avizora-en-ecuador-surgimiento-en-el-mundo-de-nueva-sociedad\/\" \/>\n<meta property=\"og:site_name\" content=\"Pressenza\" \/>\n<meta property=\"article:publisher\" content=\"https:\/\/www.facebook.com\/PressenzaItalia\" \/>\n<meta property=\"article:author\" content=\"https:\/\/www.facebook.com\/AgenciasUlan\" \/>\n<meta property=\"article:published_time\" content=\"2012-11-28T19:23:48+00:00\" \/>\n<meta property=\"article:modified_time\" content=\"2012-11-29T16:02:06+00:00\" \/>\n<meta property=\"og:image\" content=\"https:\/\/www.pressenza.com\/wp-content\/uploads\/2012\/11\/Edgar_Morin_monniaux.jpg\" \/>\n\t<meta property=\"og:image:width\" content=\"800\" \/>\n\t<meta property=\"og:image:height\" content=\"545\" \/>\n\t<meta property=\"og:image:type\" content=\"image\/jpeg\" \/>\n<meta name=\"author\" content=\"Uni\u00f3n Latinoamericana de Agencias de Noticias\" \/>\n<meta name=\"twitter:card\" content=\"summary_large_image\" \/>\n<meta name=\"twitter:creator\" content=\"@agenciasulan\" \/>\n<meta name=\"twitter:site\" content=\"@PressenzaIPA\" \/>\n<meta name=\"twitter:label1\" content=\"Escrito por\" \/>\n\t<meta name=\"twitter:data1\" content=\"Uni\u00f3n Latinoamericana de Agencias de Noticias\" \/>\n\t<meta name=\"twitter:label2\" content=\"Tiempo de lectura\" \/>\n\t<meta name=\"twitter:data2\" content=\"3 minutos\" \/>\n<script type=\"application\/ld+json\" class=\"yoast-schema-graph\">{\"@context\":\"https:\/\/schema.org\",\"@graph\":[{\"@type\":\"Article\",\"@id\":\"https:\/\/www.pressenza.com\/es\/2012\/11\/filosofo-avizora-en-ecuador-surgimiento-en-el-mundo-de-nueva-sociedad\/#article\",\"isPartOf\":{\"@id\":\"https:\/\/www.pressenza.com\/es\/2012\/11\/filosofo-avizora-en-ecuador-surgimiento-en-el-mundo-de-nueva-sociedad\/\"},\"author\":{\"name\":\"Uni\u00f3n Latinoamericana de Agencias de Noticias\",\"@id\":\"https:\/\/www.pressenza.com\/es\/#\/schema\/person\/a9efe8d7b19eb4689fcbcb71bc21dba6\"},\"headline\":\"Fil\u00f3sofo avizora en Ecuador surgimiento en el mundo de nueva sociedad\",\"datePublished\":\"2012-11-28T19:23:48+00:00\",\"dateModified\":\"2012-11-29T16:02:06+00:00\",\"mainEntityOfPage\":{\"@id\":\"https:\/\/www.pressenza.com\/es\/2012\/11\/filosofo-avizora-en-ecuador-surgimiento-en-el-mundo-de-nueva-sociedad\/\"},\"wordCount\":633,\"publisher\":{\"@id\":\"https:\/\/www.pressenza.com\/es\/#organization\"},\"image\":{\"@id\":\"https:\/\/www.pressenza.com\/es\/2012\/11\/filosofo-avizora-en-ecuador-surgimiento-en-el-mundo-de-nueva-sociedad\/#primaryimage\"},\"thumbnailUrl\":\"https:\/\/www.pressenza.com\/wp-content\/uploads\/2012\/11\/Edgar_Morin_monniaux.jpg\",\"keywords\":[\"Democracia\",\"Derechos humanos\"],\"articleSection\":[\"Derechos Humanos\",\"Humanismo y Espiritualidad\",\"Sudam\u00e9rica\"],\"inLanguage\":\"es\"},{\"@type\":\"WebPage\",\"@id\":\"https:\/\/www.pressenza.com\/es\/2012\/11\/filosofo-avizora-en-ecuador-surgimiento-en-el-mundo-de-nueva-sociedad\/\",\"url\":\"https:\/\/www.pressenza.com\/es\/2012\/11\/filosofo-avizora-en-ecuador-surgimiento-en-el-mundo-de-nueva-sociedad\/\",\"name\":\"Fil\u00f3sofo avizora en Ecuador surgimiento en el mundo de nueva sociedad\",\"isPartOf\":{\"@id\":\"https:\/\/www.pressenza.com\/es\/#website\"},\"primaryImageOfPage\":{\"@id\":\"https:\/\/www.pressenza.com\/es\/2012\/11\/filosofo-avizora-en-ecuador-surgimiento-en-el-mundo-de-nueva-sociedad\/#primaryimage\"},\"image\":{\"@id\":\"https:\/\/www.pressenza.com\/es\/2012\/11\/filosofo-avizora-en-ecuador-surgimiento-en-el-mundo-de-nueva-sociedad\/#primaryimage\"},\"thumbnailUrl\":\"https:\/\/www.pressenza.com\/wp-content\/uploads\/2012\/11\/Edgar_Morin_monniaux.jpg\",\"datePublished\":\"2012-11-28T19:23:48+00:00\",\"dateModified\":\"2012-11-29T16:02:06+00:00\",\"description\":\"El fil\u00f3sofo franc\u00e9s Edgar Mor\u00edn afirm\u00f3 en Ecuador que una nueva sociedad est\u00e1 surgiendo en el mundo, a semejanza de un proceso de metamorfosis, aunque es\",\"breadcrumb\":{\"@id\":\"https:\/\/www.pressenza.com\/es\/2012\/11\/filosofo-avizora-en-ecuador-surgimiento-en-el-mundo-de-nueva-sociedad\/#breadcrumb\"},\"inLanguage\":\"es\",\"potentialAction\":[{\"@type\":\"ReadAction\",\"target\":[\"https:\/\/www.pressenza.com\/es\/2012\/11\/filosofo-avizora-en-ecuador-surgimiento-en-el-mundo-de-nueva-sociedad\/\"]}]},{\"@type\":\"ImageObject\",\"inLanguage\":\"es\",\"@id\":\"https:\/\/www.pressenza.com\/es\/2012\/11\/filosofo-avizora-en-ecuador-surgimiento-en-el-mundo-de-nueva-sociedad\/#primaryimage\",\"url\":\"https:\/\/www.pressenza.com\/wp-content\/uploads\/2012\/11\/Edgar_Morin_monniaux.jpg\",\"contentUrl\":\"https:\/\/www.pressenza.com\/wp-content\/uploads\/2012\/11\/Edgar_Morin_monniaux.jpg\",\"width\":\"800\",\"height\":\"545\"},{\"@type\":\"BreadcrumbList\",\"@id\":\"https:\/\/www.pressenza.com\/es\/2012\/11\/filosofo-avizora-en-ecuador-surgimiento-en-el-mundo-de-nueva-sociedad\/#breadcrumb\",\"itemListElement\":[{\"@type\":\"ListItem\",\"position\":1,\"name\":\"Accueil\",\"item\":\"https:\/\/www.pressenza.com\/es\/\"},{\"@type\":\"ListItem\",\"position\":2,\"name\":\"Fil\u00f3sofo avizora en Ecuador surgimiento en el mundo de nueva sociedad\"}]},{\"@type\":\"WebSite\",\"@id\":\"https:\/\/www.pressenza.com\/es\/#website\",\"url\":\"https:\/\/www.pressenza.com\/es\/\",\"name\":\"Pressenza\",\"description\":\"International Press Agency\",\"publisher\":{\"@id\":\"https:\/\/www.pressenza.com\/es\/#organization\"},\"potentialAction\":[{\"@type\":\"SearchAction\",\"target\":{\"@type\":\"EntryPoint\",\"urlTemplate\":\"https:\/\/www.pressenza.com\/es\/?s={search_term_string}\"},\"query-input\":{\"@type\":\"PropertyValueSpecification\",\"valueRequired\":true,\"valueName\":\"search_term_string\"}}],\"inLanguage\":\"es\"},{\"@type\":\"Organization\",\"@id\":\"https:\/\/www.pressenza.com\/es\/#organization\",\"name\":\"Pressenza\",\"url\":\"https:\/\/www.pressenza.com\/es\/\",\"logo\":{\"@type\":\"ImageObject\",\"inLanguage\":\"es\",\"@id\":\"https:\/\/www.pressenza.com\/es\/#\/schema\/logo\/image\/\",\"url\":\"https:\/\/www.pressenza.com\/wp-content\/uploads\/2022\/10\/pressenza_logo_200x200.jpg\",\"contentUrl\":\"https:\/\/www.pressenza.com\/wp-content\/uploads\/2022\/10\/pressenza_logo_200x200.jpg\",\"width\":200,\"height\":200,\"caption\":\"Pressenza\"},\"image\":{\"@id\":\"https:\/\/www.pressenza.com\/es\/#\/schema\/logo\/image\/\"},\"sameAs\":[\"https:\/\/www.facebook.com\/PressenzaItalia\",\"https:\/\/x.com\/PressenzaIPA\"]},{\"@type\":\"Person\",\"@id\":\"https:\/\/www.pressenza.com\/es\/#\/schema\/person\/a9efe8d7b19eb4689fcbcb71bc21dba6\",\"name\":\"Uni\u00f3n Latinoamericana de Agencias de Noticias\",\"description\":\"Una asociaci\u00f3n supranacional que re\u00fane a las agencias de noticias de Am\u00e9rica Latina y el Caribe. agenciasulan.org\",\"sameAs\":[\"https:\/\/www.facebook.com\/AgenciasUlan\",\"https:\/\/x.com\/agenciasulan\"],\"url\":\"https:\/\/www.pressenza.com\/es\/author\/union-latinoamericana-de-agencias-de-noticias\/\"}]}<\/script>\n<!-- \/ Yoast SEO plugin. -->","yoast_head_json":{"title":"Fil\u00f3sofo avizora en Ecuador surgimiento en el mundo de nueva sociedad","description":"El fil\u00f3sofo franc\u00e9s Edgar Mor\u00edn afirm\u00f3 en Ecuador que una nueva sociedad est\u00e1 surgiendo en el mundo, a semejanza de un proceso de metamorfosis, aunque es","robots":{"index":"index","follow":"follow","max-snippet":"max-snippet:-1","max-image-preview":"max-image-preview:large","max-video-preview":"max-video-preview:-1"},"canonical":"https:\/\/www.pressenza.com\/es\/2012\/11\/filosofo-avizora-en-ecuador-surgimiento-en-el-mundo-de-nueva-sociedad\/","og_locale":"es_ES","og_type":"article","og_title":"Fil\u00f3sofo avizora en Ecuador surgimiento en el mundo de nueva sociedad","og_description":"El fil\u00f3sofo franc\u00e9s Edgar Mor\u00edn afirm\u00f3 en Ecuador que una nueva sociedad est\u00e1 surgiendo en el mundo, a semejanza de un proceso de metamorfosis, aunque es","og_url":"https:\/\/www.pressenza.com\/es\/2012\/11\/filosofo-avizora-en-ecuador-surgimiento-en-el-mundo-de-nueva-sociedad\/","og_site_name":"Pressenza","article_publisher":"https:\/\/www.facebook.com\/PressenzaItalia","article_author":"https:\/\/www.facebook.com\/AgenciasUlan","article_published_time":"2012-11-28T19:23:48+00:00","article_modified_time":"2012-11-29T16:02:06+00:00","og_image":[{"width":800,"height":545,"url":"https:\/\/www.pressenza.com\/wp-content\/uploads\/2012\/11\/Edgar_Morin_monniaux.jpg","type":"image\/jpeg"}],"author":"Uni\u00f3n Latinoamericana de Agencias de Noticias","twitter_card":"summary_large_image","twitter_creator":"@agenciasulan","twitter_site":"@PressenzaIPA","twitter_misc":{"Escrito por":"Uni\u00f3n Latinoamericana de Agencias de Noticias","Tiempo de lectura":"3 minutos"},"schema":{"@context":"https:\/\/schema.org","@graph":[{"@type":"Article","@id":"https:\/\/www.pressenza.com\/es\/2012\/11\/filosofo-avizora-en-ecuador-surgimiento-en-el-mundo-de-nueva-sociedad\/#article","isPartOf":{"@id":"https:\/\/www.pressenza.com\/es\/2012\/11\/filosofo-avizora-en-ecuador-surgimiento-en-el-mundo-de-nueva-sociedad\/"},"author":{"name":"Uni\u00f3n Latinoamericana de Agencias de Noticias","@id":"https:\/\/www.pressenza.com\/es\/#\/schema\/person\/a9efe8d7b19eb4689fcbcb71bc21dba6"},"headline":"Fil\u00f3sofo avizora en Ecuador surgimiento en el mundo de nueva sociedad","datePublished":"2012-11-28T19:23:48+00:00","dateModified":"2012-11-29T16:02:06+00:00","mainEntityOfPage":{"@id":"https:\/\/www.pressenza.com\/es\/2012\/11\/filosofo-avizora-en-ecuador-surgimiento-en-el-mundo-de-nueva-sociedad\/"},"wordCount":633,"publisher":{"@id":"https:\/\/www.pressenza.com\/es\/#organization"},"image":{"@id":"https:\/\/www.pressenza.com\/es\/2012\/11\/filosofo-avizora-en-ecuador-surgimiento-en-el-mundo-de-nueva-sociedad\/#primaryimage"},"thumbnailUrl":"https:\/\/www.pressenza.com\/wp-content\/uploads\/2012\/11\/Edgar_Morin_monniaux.jpg","keywords":["Democracia","Derechos humanos"],"articleSection":["Derechos Humanos","Humanismo y Espiritualidad","Sudam\u00e9rica"],"inLanguage":"es"},{"@type":"WebPage","@id":"https:\/\/www.pressenza.com\/es\/2012\/11\/filosofo-avizora-en-ecuador-surgimiento-en-el-mundo-de-nueva-sociedad\/","url":"https:\/\/www.pressenza.com\/es\/2012\/11\/filosofo-avizora-en-ecuador-surgimiento-en-el-mundo-de-nueva-sociedad\/","name":"Fil\u00f3sofo avizora en Ecuador surgimiento en el mundo de nueva sociedad","isPartOf":{"@id":"https:\/\/www.pressenza.com\/es\/#website"},"primaryImageOfPage":{"@id":"https:\/\/www.pressenza.com\/es\/2012\/11\/filosofo-avizora-en-ecuador-surgimiento-en-el-mundo-de-nueva-sociedad\/#primaryimage"},"image":{"@id":"https:\/\/www.pressenza.com\/es\/2012\/11\/filosofo-avizora-en-ecuador-surgimiento-en-el-mundo-de-nueva-sociedad\/#primaryimage"},"thumbnailUrl":"https:\/\/www.pressenza.com\/wp-content\/uploads\/2012\/11\/Edgar_Morin_monniaux.jpg","datePublished":"2012-11-28T19:23:48+00:00","dateModified":"2012-11-29T16:02:06+00:00","description":"El fil\u00f3sofo franc\u00e9s Edgar Mor\u00edn afirm\u00f3 en Ecuador que una nueva sociedad est\u00e1 surgiendo en el mundo, a semejanza de un proceso de metamorfosis, aunque es","breadcrumb":{"@id":"https:\/\/www.pressenza.com\/es\/2012\/11\/filosofo-avizora-en-ecuador-surgimiento-en-el-mundo-de-nueva-sociedad\/#breadcrumb"},"inLanguage":"es","potentialAction":[{"@type":"ReadAction","target":["https:\/\/www.pressenza.com\/es\/2012\/11\/filosofo-avizora-en-ecuador-surgimiento-en-el-mundo-de-nueva-sociedad\/"]}]},{"@type":"ImageObject","inLanguage":"es","@id":"https:\/\/www.pressenza.com\/es\/2012\/11\/filosofo-avizora-en-ecuador-surgimiento-en-el-mundo-de-nueva-sociedad\/#primaryimage","url":"https:\/\/www.pressenza.com\/wp-content\/uploads\/2012\/11\/Edgar_Morin_monniaux.jpg","contentUrl":"https:\/\/www.pressenza.com\/wp-content\/uploads\/2012\/11\/Edgar_Morin_monniaux.jpg","width":"800","height":"545"},{"@type":"BreadcrumbList","@id":"https:\/\/www.pressenza.com\/es\/2012\/11\/filosofo-avizora-en-ecuador-surgimiento-en-el-mundo-de-nueva-sociedad\/#breadcrumb","itemListElement":[{"@type":"ListItem","position":1,"name":"Accueil","item":"https:\/\/www.pressenza.com\/es\/"},{"@type":"ListItem","position":2,"name":"Fil\u00f3sofo avizora en Ecuador surgimiento en el mundo de nueva sociedad"}]},{"@type":"WebSite","@id":"https:\/\/www.pressenza.com\/es\/#website","url":"https:\/\/www.pressenza.com\/es\/","name":"Pressenza","description":"International Press Agency","publisher":{"@id":"https:\/\/www.pressenza.com\/es\/#organization"},"potentialAction":[{"@type":"SearchAction","target":{"@type":"EntryPoint","urlTemplate":"https:\/\/www.pressenza.com\/es\/?s={search_term_string}"},"query-input":{"@type":"PropertyValueSpecification","valueRequired":true,"valueName":"search_term_string"}}],"inLanguage":"es"},{"@type":"Organization","@id":"https:\/\/www.pressenza.com\/es\/#organization","name":"Pressenza","url":"https:\/\/www.pressenza.com\/es\/","logo":{"@type":"ImageObject","inLanguage":"es","@id":"https:\/\/www.pressenza.com\/es\/#\/schema\/logo\/image\/","url":"https:\/\/www.pressenza.com\/wp-content\/uploads\/2022\/10\/pressenza_logo_200x200.jpg","contentUrl":"https:\/\/www.pressenza.com\/wp-content\/uploads\/2022\/10\/pressenza_logo_200x200.jpg","width":200,"height":200,"caption":"Pressenza"},"image":{"@id":"https:\/\/www.pressenza.com\/es\/#\/schema\/logo\/image\/"},"sameAs":["https:\/\/www.facebook.com\/PressenzaItalia","https:\/\/x.com\/PressenzaIPA"]},{"@type":"Person","@id":"https:\/\/www.pressenza.com\/es\/#\/schema\/person\/a9efe8d7b19eb4689fcbcb71bc21dba6","name":"Uni\u00f3n Latinoamericana de Agencias de Noticias","description":"Una asociaci\u00f3n supranacional que re\u00fane a las agencias de noticias de Am\u00e9rica Latina y el Caribe. agenciasulan.org","sameAs":["https:\/\/www.facebook.com\/AgenciasUlan","https:\/\/x.com\/agenciasulan"],"url":"https:\/\/www.pressenza.com\/es\/author\/union-latinoamericana-de-agencias-de-noticias\/"}]}},"place":"Quito","original_article_url":"","_links":{"self":[{"href":"https:\/\/www.pressenza.com\/es\/wp-json\/wp\/v2\/posts\/26012","targetHints":{"allow":["GET"]}}],"collection":[{"href":"https:\/\/www.pressenza.com\/es\/wp-json\/wp\/v2\/posts"}],"about":[{"href":"https:\/\/www.pressenza.com\/es\/wp-json\/wp\/v2\/types\/post"}],"author":[{"embeddable":true,"href":"https:\/\/www.pressenza.com\/es\/wp-json\/wp\/v2\/users\/640"}],"replies":[{"embeddable":true,"href":"https:\/\/www.pressenza.com\/es\/wp-json\/wp\/v2\/comments?post=26012"}],"version-history":[{"count":0,"href":"https:\/\/www.pressenza.com\/es\/wp-json\/wp\/v2\/posts\/26012\/revisions"}],"wp:featuredmedia":[{"embeddable":true,"href":"https:\/\/www.pressenza.com\/es\/wp-json\/wp\/v2\/media\/26046"}],"wp:attachment":[{"href":"https:\/\/www.pressenza.com\/es\/wp-json\/wp\/v2\/media?parent=26012"}],"wp:term":[{"taxonomy":"category","embeddable":true,"href":"https:\/\/www.pressenza.com\/es\/wp-json\/wp\/v2\/categories?post=26012"},{"taxonomy":"post_tag","embeddable":true,"href":"https:\/\/www.pressenza.com\/es\/wp-json\/wp\/v2\/tags?post=26012"}],"curies":[{"name":"wp","href":"https:\/\/api.w.org\/{rel}","templated":true}]}}