{"id":2601190,"date":"2025-04-29T16:18:51","date_gmt":"2025-04-29T15:18:51","guid":{"rendered":"https:\/\/www.pressenza.com\/?p=2601190"},"modified":"2025-04-29T16:18:51","modified_gmt":"2025-04-29T15:18:51","slug":"palabras-como-cicatrices","status":"publish","type":"post","link":"https:\/\/www.pressenza.com\/es\/2025\/04\/palabras-como-cicatrices\/","title":{"rendered":"Palabras como cicatrices"},"content":{"rendered":"<blockquote><p>Inaugurada la 37 edici\u00f3n de la Feria Internacional del Libro de Bogot\u00e1 (FILBo)<\/p><\/blockquote>\n<p>Del 25 de abril al 11 de mayo de 2025 se celebra en Bogot\u00e1 la Feria Internacional del Libro en el recinto ferial de la capital colombiana bajo el lema \u201cLas palabras del cuerpo\u201d y con el objetivo de promover \u201cuna reflexi\u00f3n sobre c\u00f3mo se encarnan las historias: desde el lenguaje hasta el movimiento, desde la migraci\u00f3n hasta la memoria, desde la m\u00fasica hasta la violencia, y desde el medioambiente hasta el periodismo\u201d.<\/p>\n<p>Me voy a permitir, antes de empezar esta cr\u00f3nica, hacer una peque\u00f1a cr\u00edtica, sin acritud y solamente como un dato cuanto menos curioso. En la edici\u00f3n de la FILBo 2024, con Brasil como pa\u00eds invitado, al final de la inauguraci\u00f3n oficial, tras una larga espera para escuchar los discursos de los presidentes Lula da Silva y Gustavo Petro, m\u00e1s los de algunas de las personas que los acompa\u00f1aban en la mesa presidencial, se invit\u00f3 a toda la concurrencia, prensa incluida, a un \u00e1gape en el pabell\u00f3n brasile\u00f1o.<\/p>\n<p>En la FILBo 2025, en la inauguraci\u00f3n oficial la tarde del viernes 25, en un acto m\u00e1s corto y puntual, el convite era privado y solamente se pod\u00eda acceder con invitaci\u00f3n. Y eso que el escritor Javier Cercas, quien cerr\u00f3 los discursos inaugurales, hab\u00eda comentado de las tres palabras de la Revoluci\u00f3n Francesa \u2013libertad, igualdad y fraternidad\u2014y de c\u00f3mo nos solemos olvidar de la \u00faltima: la fraternidad entre todas y todos porque somos una sola especie. Pero lo de la fraternidad para con los dem\u00e1s se qued\u00f3 en palabras y no hubo ni igualdad ni libertad para acceder a esa nave espa\u00f1ola e intercambiar opiniones y contactos con las y los invitados frente a un vino y una tapa.<\/p>\n<p><strong>Palabras y cultura de paz<\/strong><\/p>\n<p>Ahora s\u00ed, volvamos a la cr\u00f3nica de este 25 de abril en la feria del libro. En esta ocasi\u00f3n, los territorios invitados de honor son: en el \u00e1mbito internacional Espa\u00f1a, que est\u00e1 presente con la propuesta de \u201cUna cultura para la paz, con los otros y con el planeta\u201d, rindiendo \u201chomenaje a la tradici\u00f3n compartida entre Espa\u00f1a y Colombia de bibliotecas rurales ambulantes como s\u00edmbolos de paz\u201d, y en el nacional la Guajira, como regi\u00f3n \u201ccuna de culturas ancestrales y musa de la literatura latinoamericana\u201d.<\/p>\n<p>Van a ser diecisiete d\u00edas con m\u00e1s de 2.300 actividades culturales, con 500 autoras y autores invitados entre nacionales, de Piedad Bonnett a Laura Restrepo pasando por Juan Gabriel V\u00e1squez, e internacionales, con Luis Garc\u00eda Montero, Javier Cercas o Rosa Montero, y con la presencia de delegaciones de 25 pa\u00edses y cerca de 500 expositores en 60.000 metros cuadrados con una veintena de salas para la programaci\u00f3n paralela, diversas zonas gastron\u00f3micas, parqueaderos gratuitos para bicicletas, salas de maternidad o mapas en braille e int\u00e9rpretes en lengua de se\u00f1as para personas con esas discapacidades.<\/p>\n<p>El acto inaugural en el auditorio principal de Corferias cont\u00f3 con una mesa de autoridades, en esta oportunidad muy \u00b4macha`, con once hombres y solamente una mujer, en la que se encontraban el alcalde de Bogot\u00e1, el ministro de Cultura de Espa\u00f1a, el viceministro de las Artes y la Econom\u00eda Cultural y Creativa de Colombia, el embajador de Espa\u00f1a en Colombia, el presidente de Corferias, el presidente de la C\u00e1mara Colombiana del Libro, la escritora colombiana Piedad Bonnett y el escritor catal\u00e1n Javier Cercas.<\/p>\n<p>Inici\u00f3 los discursos el presidente de Corferias, Andr\u00e9s L\u00f3pez, para quien la feria del libro es \u201cuna industria que construye humanidad\u201d y que cuenta con \u201cel poder transformador de las palabras\u201d, destacando en su discurso que \u201cla cooperaci\u00f3n y el multilateralismo deben ser el camino\u201d y que deber\u00edamos poner \u201clas palabras en el centro de la convivencia\u201d.<\/p>\n<p>Le sigui\u00f3 el presidente de la C\u00e1mara Colombiana del Libro, Emilio Aristiz\u00e1bal, que salud\u00f3 \u201ca los miembros de los oficios del libro\u201d, recordando las palabras del pasado a\u00f1o de la autora Irene Vallejo, se\u00f1al\u00f3 el valor de \u201ccelebrar las letras, la imaginaci\u00f3n y el poder de la palabra\u201d y pidi\u00f3 incluir \u201cel libro y la lectura en los planes de desarrollo\u201d.<\/p>\n<p>A continuaci\u00f3n, fue el turno de Ernest Urtasun, ministro de Cultura de Espa\u00f1a, quien manifest\u00f3 que era \u201cun orgullo y un honor participar en esta inauguraci\u00f3n\u201d, resalt\u00f3 c\u00f3mo \u201clas palabras nos arrastran con su fuerza\u201d, que hay \u201cpalabras tan valiosas que requieren un esfuerzo para sostener su significado: como paz\u201d y nombr\u00f3 a la feria como \u201cuna conversaci\u00f3n desde miradas distintas\u201d, que esperaba un evento \u201ccon sorpresas, con m\u00e1s preguntas que certezas\u201d y en el que se dieran \u201ctantos comienzos como libros\u201d. Tambi\u00e9n record\u00f3 la palabra memoria, de la que dijo que no la hay sin cicatrices, recordando el poema hom\u00f3nimo de Piedad Bonnett, y se despidi\u00f3 dando las gracias a Colombia y diciendo que confiaba en \u201cencontrar en la literatura un nosotrxs\u201d.<\/p>\n<div id=\"attachment_2601200\" class=\"wp-caption alignnone\"><img loading=\"lazy\" decoding=\"async\" aria-describedby=\"caption-attachment-2601200\" class=\"wp-image-2601200 size-full\" src=\"https:\/\/www.pressenza.com\/wp-content\/uploads\/2025\/04\/filbo2025-2.webp\" alt=\"\" width=\"1024\" height=\"880\" srcset=\"https:\/\/www.pressenza.com\/wp-content\/uploads\/2025\/04\/filbo2025-2.webp 1024w, https:\/\/www.pressenza.com\/wp-content\/uploads\/2025\/04\/filbo2025-2-300x258.webp 300w, https:\/\/www.pressenza.com\/wp-content\/uploads\/2025\/04\/filbo2025-2-820x705.webp 820w\" sizes=\"auto, (max-width: 1024px) 100vw, 1024px\" \/><p id=\"caption-attachment-2601200\" class=\"wp-caption-text\">I\u00f1aki Chaves<\/p><\/div>\n<p>Despu\u00e9s fue el turno del alcalde mayor de la capital, Carlos Fernando Gal\u00e1n, quien creo que no supo ver el escenario en el que se encontraba y, al margen de mencionar que su esposa presentar\u00eda libro en la feria y destacar que Bogot\u00e1 es \u201cuna ciudad que est\u00e1 m\u00e1s viva que nunca\u201d, solt\u00f3 un discurso apolog\u00e9tico de su labor como regidor para destacar \u00b4todo` lo que ha hecho y hace por la ciudad.<\/p>\n<p>Le sucedi\u00f3 el viceministro colombiano de las Artes y la Econom\u00eda Cultural y Creativa, Fabi\u00e1n S\u00e1nchez Molina, quien se\u00f1al\u00f3 que \u201cel pa\u00eds se reinventa e imagina con cada palabra\u201d y que \u201cla cultura es un cuerpo que se dice y se mueve\u201d en una feria que es \u201cun territorio vivo\u201d en el que \u201ccirculan libros y se movilizan idea\u201d, una casa \u201cdonde Colombia se lee\u201d, en la que destac\u00f3 el papel de dos homenajeados: Orlando Fals Borda y Guillermo Cano, y en la que agradeci\u00f3 a Espa\u00f1a por \u201capostarle al v\u00ednculo entre cuerpo y palabra\u201d y por acompa\u00f1arnos a \u201cescribir juntos el pa\u00eds que so\u00f1amos\u201d.<\/p>\n<p>Despu\u00e9s tom\u00f3 la palabra Piedad Bonnett, envuelta en una cerrada ovaci\u00f3n de todas las personas presentes, quien inici\u00f3 afirmando el acierto de la FILBo con el lema de esta edici\u00f3n cuando se cumplen cinco a\u00f1os de una pandemia que nos dej\u00f3 \u201ccuerpos intocables\u201d, un panorama en el que \u201cla virtualidad ha desplazado a lo t\u00e1ctil\u201d y una \u00e9poca en la que \u201ctodo se consume y los cuerpos alardean en las pantallas\u201d. Defendi\u00f3 a las minor\u00edas, raciales y sociales, a la mujer, la muerte digna, la libre sexualidad y el suicidio y se reafirm\u00f3 en que \u201cla escritura es y ser\u00e1 siempre pol\u00edtica\u201d, que \u201csomos construcciones sociales y culturales\u201d, que \u201cno hay escritura sin cuerpo\u201d y que la literatura debe hacerse preguntas, en el caso colombiano sobre las numerosas violencias que nos asolan, sobre las muchas exclusiones que nos aplican o sobre los \u00b4falsos positivos` con los que nos quieren enga\u00f1ar. No se olvid\u00f3 de la imponente e impuesta inteligencia artificial que \u201cnos desdibuja como cuerpos\u201d y se despidi\u00f3 recordando que \u201cescribimos y leemos para vivir doblemente\u201d.<\/p>\n<p>Cerr\u00f3 el acto el escritor Javier Cercas quien empez\u00f3 mencionando que para conocer cualquier lugar hay que conocer otros sitios y se refiri\u00f3 al lema de la Revoluci\u00f3n Francesa para se\u00f1alar que \u201clibertad e igualdad son valores y la fraternidad es un hecho\u201d. Pidi\u00f3 pasar \u201cde la soberbia de las armas a la humildad de las letras\u201d y agradeci\u00f3 a Colombia por la hospitalidad. Se reconoci\u00f3 no como un escritor espa\u00f1ol, sino como \u201cun escritor en espa\u00f1ol enriquecido con los escritores latinoamericanos\u201d y reconoci\u00f3 que fueron estos \u2013Garc\u00eda M\u00e1rquez, Fuentes, Vargas Llosa, etc.\u2014quienes \u201cnos devolvieron la novela, el legado perdido de Cervantes\u201d. Termin\u00f3 pidiendo dos cosas: una, que los pol\u00edticos no peleen y que se unan para trabajar por el inter\u00e9s general, y dos, que defendamos la lengua universal que tenemos y que es un tesoro, para lo que se necesitan m\u00e1s recursos.<\/p>\n<p>Lean el manifiesto de la feria del libro en este 2025 \u201cLas palabras del cuerpo\u201d, y piensen que, como escribe Piedad Bonnett: \u201cNo hay cicatriz, por brutal que parezca, que no encierre belleza. Una historia puntual se cuenta en ella, alg\u00fan dolor. Pero tambi\u00e9n su fin\u201d.<\/p>\n<p>Recuerden que las palabras, como esas cicatrices, pueden ser pu\u00f1ales o flores, que nos duelen o nos enamoran, con ellas construimos pensamientos y memorias, que conforman nuestros cuerpos por fuera y por dentro, y que nos hacen so\u00f1ar para seguir viviendo. As\u00ed que, celebremos los libros, las palabras y los cuerpos, en todas sus formas y expresiones, y celebremos tambi\u00e9n que la FILBo sigue viva y activa en el panorama cultural de Bogot\u00e1 y Colombia. Pueden consultar toda la programaci\u00f3n y m\u00e1s en este<a href=\"https:\/\/feriadellibro.com\/es\"> enlace.<\/a><\/p>\n","protected":false},"excerpt":{"rendered":"<p>Inaugurada la 37 edici\u00f3n de la Feria Internacional del Libro de Bogot\u00e1 (FILBo) Del 25 de abril al 11 de mayo de 2025 se celebra en Bogot\u00e1 la Feria Internacional del Libro en el recinto ferial de la capital colombiana&hellip;<\/p>\n","protected":false},"author":2306,"featured_media":2601201,"comment_status":"closed","ping_status":"closed","sticky":false,"template":"","format":"standard","meta":{"footnotes":""},"categories":[11389,75,106739,67],"tags":[129787,1042],"class_list":["post-2601190","post","type-post","status-publish","format-standard","has-post-thumbnail","hentry","category-contenido-original","category-cultura-es","category-noticia","category-sudamerica","tag-colombia-es","tag-libros"],"yoast_head":"<!-- This site is optimized with the Yoast SEO plugin v27.1.1 - https:\/\/yoast.com\/product\/yoast-seo-wordpress\/ -->\n<title>Palabras como cicatrices<\/title>\n<meta name=\"description\" content=\"Inaugurada la 37 edici\u00f3n de la Feria Internacional del Libro de Bogot\u00e1 (FILBo) Del 25 de abril al 11 de mayo de 2025 se celebra en Bogot\u00e1 la Feria\" \/>\n<meta name=\"robots\" content=\"index, follow, max-snippet:-1, max-image-preview:large, max-video-preview:-1\" \/>\n<link rel=\"canonical\" href=\"https:\/\/www.pressenza.com\/es\/2025\/04\/palabras-como-cicatrices\/\" \/>\n<meta property=\"og:locale\" content=\"es_ES\" \/>\n<meta property=\"og:type\" content=\"article\" \/>\n<meta property=\"og:title\" content=\"Palabras como cicatrices\" \/>\n<meta property=\"og:description\" content=\"Inaugurada la 37 edici\u00f3n de la Feria Internacional del Libro de Bogot\u00e1 (FILBo) Del 25 de abril al 11 de mayo de 2025 se celebra en Bogot\u00e1 la Feria\" \/>\n<meta property=\"og:url\" content=\"https:\/\/www.pressenza.com\/es\/2025\/04\/palabras-como-cicatrices\/\" \/>\n<meta property=\"og:site_name\" content=\"Pressenza\" \/>\n<meta property=\"article:publisher\" content=\"https:\/\/www.facebook.com\/PressenzaItalia\" \/>\n<meta property=\"article:published_time\" content=\"2025-04-29T15:18:51+00:00\" \/>\n<meta property=\"og:image\" content=\"https:\/\/www.pressenza.com\/wp-content\/uploads\/2025\/04\/filbo2025-3.webp\" \/>\n\t<meta property=\"og:image:width\" content=\"1024\" \/>\n\t<meta property=\"og:image:height\" content=\"692\" \/>\n\t<meta property=\"og:image:type\" content=\"image\/webp\" \/>\n<meta name=\"author\" content=\"J. Ignacio \u00b4I\u00f1aki` Chaves G.\" \/>\n<meta name=\"twitter:card\" content=\"summary_large_image\" \/>\n<meta name=\"twitter:creator\" content=\"@PressenzaIPA\" \/>\n<meta name=\"twitter:site\" content=\"@PressenzaIPA\" \/>\n<meta name=\"twitter:label1\" content=\"Escrito por\" \/>\n\t<meta name=\"twitter:data1\" content=\"J. Ignacio \u00b4I\u00f1aki` Chaves G.\" \/>\n\t<meta name=\"twitter:label2\" content=\"Tiempo de lectura\" \/>\n\t<meta name=\"twitter:data2\" content=\"7 minutos\" \/>\n<script type=\"application\/ld+json\" class=\"yoast-schema-graph\">{\"@context\":\"https:\/\/schema.org\",\"@graph\":[{\"@type\":\"Article\",\"@id\":\"https:\/\/www.pressenza.com\/es\/2025\/04\/palabras-como-cicatrices\/#article\",\"isPartOf\":{\"@id\":\"https:\/\/www.pressenza.com\/es\/2025\/04\/palabras-como-cicatrices\/\"},\"author\":{\"name\":\"J. Ignacio \u00b4I\u00f1aki` Chaves G.\",\"@id\":\"https:\/\/www.pressenza.com\/es\/#\/schema\/person\/ba32dad085eff04207628f0781f2116e\"},\"headline\":\"Palabras como cicatrices\",\"datePublished\":\"2025-04-29T15:18:51+00:00\",\"mainEntityOfPage\":{\"@id\":\"https:\/\/www.pressenza.com\/es\/2025\/04\/palabras-como-cicatrices\/\"},\"wordCount\":1530,\"publisher\":{\"@id\":\"https:\/\/www.pressenza.com\/es\/#organization\"},\"image\":{\"@id\":\"https:\/\/www.pressenza.com\/es\/2025\/04\/palabras-como-cicatrices\/#primaryimage\"},\"thumbnailUrl\":\"https:\/\/www.pressenza.com\/wp-content\/uploads\/2025\/04\/filbo2025-3.webp\",\"keywords\":[\"Colombia\",\"libros\"],\"articleSection\":[\"Contenido Original\",\"Cultura y Medios\",\"Noticia\",\"Sudam\u00e9rica\"],\"inLanguage\":\"es\"},{\"@type\":\"WebPage\",\"@id\":\"https:\/\/www.pressenza.com\/es\/2025\/04\/palabras-como-cicatrices\/\",\"url\":\"https:\/\/www.pressenza.com\/es\/2025\/04\/palabras-como-cicatrices\/\",\"name\":\"Palabras como cicatrices\",\"isPartOf\":{\"@id\":\"https:\/\/www.pressenza.com\/es\/#website\"},\"primaryImageOfPage\":{\"@id\":\"https:\/\/www.pressenza.com\/es\/2025\/04\/palabras-como-cicatrices\/#primaryimage\"},\"image\":{\"@id\":\"https:\/\/www.pressenza.com\/es\/2025\/04\/palabras-como-cicatrices\/#primaryimage\"},\"thumbnailUrl\":\"https:\/\/www.pressenza.com\/wp-content\/uploads\/2025\/04\/filbo2025-3.webp\",\"datePublished\":\"2025-04-29T15:18:51+00:00\",\"description\":\"Inaugurada la 37 edici\u00f3n de la Feria Internacional del Libro de Bogot\u00e1 (FILBo) Del 25 de abril al 11 de mayo de 2025 se celebra en Bogot\u00e1 la Feria\",\"breadcrumb\":{\"@id\":\"https:\/\/www.pressenza.com\/es\/2025\/04\/palabras-como-cicatrices\/#breadcrumb\"},\"inLanguage\":\"es\",\"potentialAction\":[{\"@type\":\"ReadAction\",\"target\":[\"https:\/\/www.pressenza.com\/es\/2025\/04\/palabras-como-cicatrices\/\"]}]},{\"@type\":\"ImageObject\",\"inLanguage\":\"es\",\"@id\":\"https:\/\/www.pressenza.com\/es\/2025\/04\/palabras-como-cicatrices\/#primaryimage\",\"url\":\"https:\/\/www.pressenza.com\/wp-content\/uploads\/2025\/04\/filbo2025-3.webp\",\"contentUrl\":\"https:\/\/www.pressenza.com\/wp-content\/uploads\/2025\/04\/filbo2025-3.webp\",\"width\":1024,\"height\":692},{\"@type\":\"BreadcrumbList\",\"@id\":\"https:\/\/www.pressenza.com\/es\/2025\/04\/palabras-como-cicatrices\/#breadcrumb\",\"itemListElement\":[{\"@type\":\"ListItem\",\"position\":1,\"name\":\"Accueil\",\"item\":\"https:\/\/www.pressenza.com\/es\/\"},{\"@type\":\"ListItem\",\"position\":2,\"name\":\"Palabras como cicatrices\"}]},{\"@type\":\"WebSite\",\"@id\":\"https:\/\/www.pressenza.com\/es\/#website\",\"url\":\"https:\/\/www.pressenza.com\/es\/\",\"name\":\"Pressenza\",\"description\":\"International Press Agency\",\"publisher\":{\"@id\":\"https:\/\/www.pressenza.com\/es\/#organization\"},\"potentialAction\":[{\"@type\":\"SearchAction\",\"target\":{\"@type\":\"EntryPoint\",\"urlTemplate\":\"https:\/\/www.pressenza.com\/es\/?s={search_term_string}\"},\"query-input\":{\"@type\":\"PropertyValueSpecification\",\"valueRequired\":true,\"valueName\":\"search_term_string\"}}],\"inLanguage\":\"es\"},{\"@type\":\"Organization\",\"@id\":\"https:\/\/www.pressenza.com\/es\/#organization\",\"name\":\"Pressenza\",\"url\":\"https:\/\/www.pressenza.com\/es\/\",\"logo\":{\"@type\":\"ImageObject\",\"inLanguage\":\"es\",\"@id\":\"https:\/\/www.pressenza.com\/es\/#\/schema\/logo\/image\/\",\"url\":\"https:\/\/www.pressenza.com\/wp-content\/uploads\/2022\/10\/pressenza_logo_200x200.jpg\",\"contentUrl\":\"https:\/\/www.pressenza.com\/wp-content\/uploads\/2022\/10\/pressenza_logo_200x200.jpg\",\"width\":200,\"height\":200,\"caption\":\"Pressenza\"},\"image\":{\"@id\":\"https:\/\/www.pressenza.com\/es\/#\/schema\/logo\/image\/\"},\"sameAs\":[\"https:\/\/www.facebook.com\/PressenzaItalia\",\"https:\/\/x.com\/PressenzaIPA\"]},{\"@type\":\"Person\",\"@id\":\"https:\/\/www.pressenza.com\/es\/#\/schema\/person\/ba32dad085eff04207628f0781f2116e\",\"name\":\"J. Ignacio \u00b4I\u00f1aki` Chaves G.\",\"description\":\"Soci\u00f3logo y comunicador, doctor en Comunicaci\u00f3n y Ciencias Sociales. Ciudadano ateo que cree que la comunicaci\u00f3n que hacemos determina la sociedad en que vivimos.\",\"url\":\"https:\/\/www.pressenza.com\/es\/author\/ignacio-chaves\/\"}]}<\/script>\n<!-- \/ Yoast SEO plugin. -->","yoast_head_json":{"title":"Palabras como cicatrices","description":"Inaugurada la 37 edici\u00f3n de la Feria Internacional del Libro de Bogot\u00e1 (FILBo) Del 25 de abril al 11 de mayo de 2025 se celebra en Bogot\u00e1 la Feria","robots":{"index":"index","follow":"follow","max-snippet":"max-snippet:-1","max-image-preview":"max-image-preview:large","max-video-preview":"max-video-preview:-1"},"canonical":"https:\/\/www.pressenza.com\/es\/2025\/04\/palabras-como-cicatrices\/","og_locale":"es_ES","og_type":"article","og_title":"Palabras como cicatrices","og_description":"Inaugurada la 37 edici\u00f3n de la Feria Internacional del Libro de Bogot\u00e1 (FILBo) Del 25 de abril al 11 de mayo de 2025 se celebra en Bogot\u00e1 la Feria","og_url":"https:\/\/www.pressenza.com\/es\/2025\/04\/palabras-como-cicatrices\/","og_site_name":"Pressenza","article_publisher":"https:\/\/www.facebook.com\/PressenzaItalia","article_published_time":"2025-04-29T15:18:51+00:00","og_image":[{"width":1024,"height":692,"url":"https:\/\/www.pressenza.com\/wp-content\/uploads\/2025\/04\/filbo2025-3.webp","type":"image\/webp"}],"author":"J. Ignacio \u00b4I\u00f1aki` Chaves G.","twitter_card":"summary_large_image","twitter_creator":"@PressenzaIPA","twitter_site":"@PressenzaIPA","twitter_misc":{"Escrito por":"J. Ignacio \u00b4I\u00f1aki` Chaves G.","Tiempo de lectura":"7 minutos"},"schema":{"@context":"https:\/\/schema.org","@graph":[{"@type":"Article","@id":"https:\/\/www.pressenza.com\/es\/2025\/04\/palabras-como-cicatrices\/#article","isPartOf":{"@id":"https:\/\/www.pressenza.com\/es\/2025\/04\/palabras-como-cicatrices\/"},"author":{"name":"J. Ignacio \u00b4I\u00f1aki` Chaves G.","@id":"https:\/\/www.pressenza.com\/es\/#\/schema\/person\/ba32dad085eff04207628f0781f2116e"},"headline":"Palabras como cicatrices","datePublished":"2025-04-29T15:18:51+00:00","mainEntityOfPage":{"@id":"https:\/\/www.pressenza.com\/es\/2025\/04\/palabras-como-cicatrices\/"},"wordCount":1530,"publisher":{"@id":"https:\/\/www.pressenza.com\/es\/#organization"},"image":{"@id":"https:\/\/www.pressenza.com\/es\/2025\/04\/palabras-como-cicatrices\/#primaryimage"},"thumbnailUrl":"https:\/\/www.pressenza.com\/wp-content\/uploads\/2025\/04\/filbo2025-3.webp","keywords":["Colombia","libros"],"articleSection":["Contenido Original","Cultura y Medios","Noticia","Sudam\u00e9rica"],"inLanguage":"es"},{"@type":"WebPage","@id":"https:\/\/www.pressenza.com\/es\/2025\/04\/palabras-como-cicatrices\/","url":"https:\/\/www.pressenza.com\/es\/2025\/04\/palabras-como-cicatrices\/","name":"Palabras como cicatrices","isPartOf":{"@id":"https:\/\/www.pressenza.com\/es\/#website"},"primaryImageOfPage":{"@id":"https:\/\/www.pressenza.com\/es\/2025\/04\/palabras-como-cicatrices\/#primaryimage"},"image":{"@id":"https:\/\/www.pressenza.com\/es\/2025\/04\/palabras-como-cicatrices\/#primaryimage"},"thumbnailUrl":"https:\/\/www.pressenza.com\/wp-content\/uploads\/2025\/04\/filbo2025-3.webp","datePublished":"2025-04-29T15:18:51+00:00","description":"Inaugurada la 37 edici\u00f3n de la Feria Internacional del Libro de Bogot\u00e1 (FILBo) Del 25 de abril al 11 de mayo de 2025 se celebra en Bogot\u00e1 la Feria","breadcrumb":{"@id":"https:\/\/www.pressenza.com\/es\/2025\/04\/palabras-como-cicatrices\/#breadcrumb"},"inLanguage":"es","potentialAction":[{"@type":"ReadAction","target":["https:\/\/www.pressenza.com\/es\/2025\/04\/palabras-como-cicatrices\/"]}]},{"@type":"ImageObject","inLanguage":"es","@id":"https:\/\/www.pressenza.com\/es\/2025\/04\/palabras-como-cicatrices\/#primaryimage","url":"https:\/\/www.pressenza.com\/wp-content\/uploads\/2025\/04\/filbo2025-3.webp","contentUrl":"https:\/\/www.pressenza.com\/wp-content\/uploads\/2025\/04\/filbo2025-3.webp","width":1024,"height":692},{"@type":"BreadcrumbList","@id":"https:\/\/www.pressenza.com\/es\/2025\/04\/palabras-como-cicatrices\/#breadcrumb","itemListElement":[{"@type":"ListItem","position":1,"name":"Accueil","item":"https:\/\/www.pressenza.com\/es\/"},{"@type":"ListItem","position":2,"name":"Palabras como cicatrices"}]},{"@type":"WebSite","@id":"https:\/\/www.pressenza.com\/es\/#website","url":"https:\/\/www.pressenza.com\/es\/","name":"Pressenza","description":"International Press Agency","publisher":{"@id":"https:\/\/www.pressenza.com\/es\/#organization"},"potentialAction":[{"@type":"SearchAction","target":{"@type":"EntryPoint","urlTemplate":"https:\/\/www.pressenza.com\/es\/?s={search_term_string}"},"query-input":{"@type":"PropertyValueSpecification","valueRequired":true,"valueName":"search_term_string"}}],"inLanguage":"es"},{"@type":"Organization","@id":"https:\/\/www.pressenza.com\/es\/#organization","name":"Pressenza","url":"https:\/\/www.pressenza.com\/es\/","logo":{"@type":"ImageObject","inLanguage":"es","@id":"https:\/\/www.pressenza.com\/es\/#\/schema\/logo\/image\/","url":"https:\/\/www.pressenza.com\/wp-content\/uploads\/2022\/10\/pressenza_logo_200x200.jpg","contentUrl":"https:\/\/www.pressenza.com\/wp-content\/uploads\/2022\/10\/pressenza_logo_200x200.jpg","width":200,"height":200,"caption":"Pressenza"},"image":{"@id":"https:\/\/www.pressenza.com\/es\/#\/schema\/logo\/image\/"},"sameAs":["https:\/\/www.facebook.com\/PressenzaItalia","https:\/\/x.com\/PressenzaIPA"]},{"@type":"Person","@id":"https:\/\/www.pressenza.com\/es\/#\/schema\/person\/ba32dad085eff04207628f0781f2116e","name":"J. Ignacio \u00b4I\u00f1aki` Chaves G.","description":"Soci\u00f3logo y comunicador, doctor en Comunicaci\u00f3n y Ciencias Sociales. Ciudadano ateo que cree que la comunicaci\u00f3n que hacemos determina la sociedad en que vivimos.","url":"https:\/\/www.pressenza.com\/es\/author\/ignacio-chaves\/"}]}},"place":"Bogot\u00e1, Colombia","original_article_url":"","_links":{"self":[{"href":"https:\/\/www.pressenza.com\/es\/wp-json\/wp\/v2\/posts\/2601190","targetHints":{"allow":["GET"]}}],"collection":[{"href":"https:\/\/www.pressenza.com\/es\/wp-json\/wp\/v2\/posts"}],"about":[{"href":"https:\/\/www.pressenza.com\/es\/wp-json\/wp\/v2\/types\/post"}],"author":[{"embeddable":true,"href":"https:\/\/www.pressenza.com\/es\/wp-json\/wp\/v2\/users\/2306"}],"replies":[{"embeddable":true,"href":"https:\/\/www.pressenza.com\/es\/wp-json\/wp\/v2\/comments?post=2601190"}],"version-history":[{"count":0,"href":"https:\/\/www.pressenza.com\/es\/wp-json\/wp\/v2\/posts\/2601190\/revisions"}],"wp:featuredmedia":[{"embeddable":true,"href":"https:\/\/www.pressenza.com\/es\/wp-json\/wp\/v2\/media\/2601201"}],"wp:attachment":[{"href":"https:\/\/www.pressenza.com\/es\/wp-json\/wp\/v2\/media?parent=2601190"}],"wp:term":[{"taxonomy":"category","embeddable":true,"href":"https:\/\/www.pressenza.com\/es\/wp-json\/wp\/v2\/categories?post=2601190"},{"taxonomy":"post_tag","embeddable":true,"href":"https:\/\/www.pressenza.com\/es\/wp-json\/wp\/v2\/tags?post=2601190"}],"curies":[{"name":"wp","href":"https:\/\/api.w.org\/{rel}","templated":true}]}}