{"id":2598270,"date":"2025-04-16T23:17:01","date_gmt":"2025-04-16T22:17:01","guid":{"rendered":"https:\/\/www.pressenza.com\/?p=2598270"},"modified":"2025-04-16T23:17:01","modified_gmt":"2025-04-16T22:17:01","slug":"por-un-derecho-internacional-como-espacio-de-proteccion-mas-generoso-y-eficaz","status":"publish","type":"post","link":"https:\/\/www.pressenza.com\/es\/2025\/04\/por-un-derecho-internacional-como-espacio-de-proteccion-mas-generoso-y-eficaz\/","title":{"rendered":"Por un derecho internacional como espacio de protecci\u00f3n m\u00e1s generoso y eficaz"},"content":{"rendered":"<p><span style=\"font-family: Calibri, sans-serif;\"><span lang=\"es-MX\">Derecho internacional y derechos humanos en las Am\u00e9ricas: la perspectiva de la abogada Viviana Krsticevic, quien el pr\u00f3ximo 18 de abril recibir\u00e1 el premio \u201cProminent Woman in International Law\u201d otorgado por la Sociedad Americana de Derecho Internacional.<\/span><\/span><\/p>\n<p><span style=\"font-family: Calibri, sans-serif;\"><span lang=\"es-MX\">El \u201cProminent Woman in International Law\u201d (Premio Mujer Destacada en el Derecho Internacional) es un reconocimiento de gran prestigio en el \u00e1mbito del derecho internacional y los derechos humanos, otorgado por la Sociedad Americana de Derecho Internacional. Creado en 1993, ha visibilizado a profesionales que, muchas veces, han desarrollado su labor en contextos especialmente desafiantes. En 2022, por ejemplo, fue concedido a Fatou Bensouda, exfiscal de la Corte Penal Internacional, y en 2021 a Gabrielle Kirk McDonald, jueza de los tribunales para la ex Yugoslavia. Este viernes 18 de abril se celebrar\u00e1 la edici\u00f3n 2025 del premio, que ser\u00e1 entregado a la abogada Viviana Krsticevic, directora ejecutiva del Centro por la Justicia y el Derecho Internacional (CEJIL).<\/span><\/span><\/p>\n<p><span style=\"font-family: Calibri, sans-serif;\"><span lang=\"es-MX\"><b>\u00bfQu\u00e9 significa para usted recibir este premio?<\/b><\/span><\/span><\/p>\n<p><span style=\"font-family: Calibri, sans-serif;\"><span lang=\"es-MX\">Es un honor y una alegr\u00eda, porque representa no solo un reconocimiento a mi trayectoria profesional, sino tambi\u00e9n al trabajo que hemos realizado junto a muchas personas para lograr que el derecho internacional de los derechos humanos sea un espacio de protecci\u00f3n m\u00e1s generoso y m\u00e1s eficaz.<\/span><\/span><\/p>\n<p><span style=\"font-family: Calibri, sans-serif;\"><span lang=\"es-MX\"><b>\u00bfQu\u00e9 casos han marcado su mirada sobre los derechos humanos en las Am\u00e9ricas?<\/b><\/span><\/span><\/p>\n<p><span style=\"font-family: Calibri, sans-serif;\"><span lang=\"es-MX\">Los casos que m\u00e1s me han influido fueron aquellos con los que inici\u00e9 mi carrera, vinculados a cr\u00edmenes de lesa humanidad y desapariciones forzadas. Por ejemplo, los casos sobre amnist\u00edas en Per\u00fa fueron una verdadera escuela para entender el poder transformador y movilizador del derecho internacional en la b\u00fasqueda de verdad y justicia frente a graves violaciones de derechos humanos. El impacto de esos casos \u2014junto a otros conectados con procesos sociales en Argentina, Bolivia, Guatemala, Colombia, Chile, Brasil y muchos otros pa\u00edses\u2014 permiti\u00f3 que la b\u00fasqueda de la verdad por parte de las familias de v\u00edctimas de desaparici\u00f3n forzada se consolidara como un verdadero derecho. De esos casos aprend\u00ed sobre el amor, la perseverancia y la dignidad que impulsan a las familias a seguir adelante, incluso cuando todo parece perdido.<\/span><\/span><\/p>\n<p><span style=\"font-family: Calibri, sans-serif;\"><span lang=\"es-MX\"><b>\u00bfC\u00f3mo eval\u00faa la situaci\u00f3n actual de los derechos humanos en las Am\u00e9ricas?<\/b><\/span><\/span><\/p>\n<p><span style=\"font-family: Calibri, sans-serif;\"><span lang=\"es-MX\">Estamos atravesando una etapa cr\u00edtica. Me preocupa la persistente violencia f\u00edsica, jur\u00eddica y digital contra personas defensoras de derechos, as\u00ed como la tendencia creciente en varios pa\u00edses de cerrar espacios de participaci\u00f3n c\u00edvica y restringir la libertad de asociaci\u00f3n. Las mujeres y las juventudes han estado al frente de muchas luchas, y han enfrentado formas espec\u00edficas de represi\u00f3n. Ejemplos de esto son mis colegas Berta C\u00e1ceres y Digna Ochoa, asesinadas por su labor; las amenazas contra personas como la periodista Jineth Bedoya, el ni\u00f1o Francisco Vera, la activista Vilma N\u00fa\u00f1ez y el CENIDH.<\/span><\/span><\/p>\n<p><span style=\"font-family: Calibri, sans-serif;\"><span lang=\"es-MX\"><b>\u00bfCu\u00e1les considera que son los principales desaf\u00edos?<\/b><\/span><\/span><\/p>\n<p><span style=\"font-family: Calibri, sans-serif;\"><span lang=\"es-MX\">La democracia en nuestro continente est\u00e1 siendo puesta a prueba, con retrocesos significativos que han dado paso a reg\u00edmenes autoritarios o a pr\u00e1cticas autoritarias persistentes en varios pa\u00edses. Sin embargo, tambi\u00e9n hay un compromiso firme de muchos sectores sociales, empresariales e institucionales para que las Am\u00e9ricas sigan siendo un basti\u00f3n de la democracia. Adem\u00e1s, la emergencia clim\u00e1tica est\u00e1 afectando los derechos individuales y colectivos de millones de personas en la regi\u00f3n, y representa uno de los grandes temas de nuestro tiempo.<\/span><\/span><\/p>\n<p><span style=\"font-family: Calibri, sans-serif;\"><span lang=\"es-MX\"><b>Este premio reconoce y estimula la participaci\u00f3n de las mujeres en el derecho internacional. \u00bfC\u00f3mo ha evolucionado ese espacio?<\/b><\/span><\/span><\/p>\n<p><span style=\"font-family: Calibri, sans-serif;\"><span lang=\"es-MX\">Ha habido avances, con m\u00e1s liderazgos visibles en espacios de decisi\u00f3n y una agenda relevante en t\u00e9rminos de derechos. Incluso en el pasado, las mujeres han estado presentes en muchos espacios del derecho internacional, particularmente en el sistema interamericano. Han sido protagonistas de luchas, impulsoras de convenciones, de desarrollos jur\u00eddicos e institucionales. Tambi\u00e9n han sido v\u00edctimas, abogadas, asesoras legales, directoras jur\u00eddicas, y m\u00e1s.<\/span><\/span><\/p>\n<p><span style=\"font-family: Calibri, sans-serif;\"><span lang=\"es-MX\"><b>\u00bf<\/b><\/span><\/span><span style=\"font-family: Calibri, sans-serif;\"><b>Cuales son los obst\u00e1culos presentes para la participaci\u00f3n de las mujeres en espacios internacionales?<\/b><\/span><\/p>\n<p><span style=\"font-family: Calibri, sans-serif;\"><span lang=\"es-MX\">Persisten barreras estructurales tanto para el pleno goce de los derechos como para acceder a espacios de representaci\u00f3n. Con la campa\u00f1a <\/span><\/span><span style=\"font-family: Calibri, sans-serif;\"><span lang=\"es-MX\"><b>Gqual<\/b><\/span><\/span><span style=\"font-family: Calibri, sans-serif;\"><span lang=\"es-MX\">, hemos promovido medidas muy concretas para garantizar una representaci\u00f3n m\u00e1s inclusiva y equitativa, perfeccionar los sistemas de selecci\u00f3n y voto, y mejorar las condiciones para ejercer los mandatos. En la \u00faltima d\u00e9cada se han logrado avances sustantivos; esperamos que uno de los pr\u00f3ximos pasos significativos sea tener una Secretaria General de las Naciones Unidas.<\/span><\/span><\/p>\n<p><span style=\"font-family: Calibri, sans-serif;\"><span lang=\"es-MX\"><b>El derecho internacional est\u00e1 en constante evoluci\u00f3n. \u00bfHa habido alg\u00fan cambio reciente que considere relevante?<\/b><\/span><\/span><\/p>\n<p><span style=\"font-family: Calibri, sans-serif;\"><span lang=\"es-MX\">Uno de los avances m\u00e1s notables en t\u00e9rminos de mujeres y participaci\u00f3n en espacios de decisi\u00f3n ha sido la adopci\u00f3n de la Recomendaci\u00f3n General 40 (GR40) por parte del Comit\u00e9 para la Eliminaci\u00f3n de la Discriminaci\u00f3n contra la Mujer (CEDAW). Este documento representa un cambio de paradigma al establecer la paridad de g\u00e9nero 50:50 como est\u00e1ndar de igualdad en los espacios colectivos, aplicable a todos los niveles de toma de decisiones, incluyendo los internacionales. Sus implicaciones son profundas. Entre los desaf\u00edos m\u00e1s apasionantes, tambi\u00e9n destacar\u00eda la evoluci\u00f3n del derecho internacional y de los derechos humanos en relaci\u00f3n con el cambio clim\u00e1tico. Las consecuencias jur\u00eddicas y las posibles respuestas a esta emergencia nos exigen repensar aspectos fundamentales, como el \u00e1mbito de la responsabilidad internacional y las normas de atribuci\u00f3n de dicha responsabilidad. Es un ejercicio profundamente creativo y necesariamente interdisciplinario, con dimensiones tanto locales como globales.<\/span><\/span><\/p>\n<p><span style=\"font-family: Calibri, sans-serif;\"><span lang=\"es-MX\"><b>Entonces, estamos en un momento clave para los derechos humanos.<\/b><\/span><\/span><\/p>\n<p><span style=\"font-family: Calibri, sans-serif;\"><span lang=\"es-MX\">Hoy, la magnitud de los desaf\u00edos que enfrentamos exige construir redes y alianzas que vayan m\u00e1s all\u00e1 de sectores espec\u00edficos. Se necesita una mirada m\u00e1s profunda sobre las problem\u00e1ticas actuales y su impacto. La lucha por la igualdad, por un mundo en paz, justo y sostenible, es una lucha por el mundo en el que queremos vivir.<\/span><\/span><\/p>\n<p><span style=\"font-family: Calibri, sans-serif;\"><span lang=\"es-MX\"><i>Por Novella Benedetti<\/i><\/span><\/span><\/p>\n","protected":false},"excerpt":{"rendered":"<p>Derecho internacional y derechos humanos en las Am\u00e9ricas: la perspectiva de la abogada Viviana Krsticevic, quien el pr\u00f3ximo 18 de abril recibir\u00e1 el premio \u201cProminent Woman in International Law\u201d otorgado por la Sociedad Americana de Derecho Internacional. El \u201cProminent Woman&hellip;<\/p>\n","protected":false},"author":594,"featured_media":2598271,"comment_status":"closed","ping_status":"closed","sticky":false,"template":"","format":"standard","meta":{"footnotes":""},"categories":[76,79,155,39],"tags":[441],"class_list":["post-2598270","post","type-post","status-publish","format-standard","has-post-thumbnail","hentry","category-relaciones-exteriores","category-derechos-humanos","category-entrevistas","category-internacional","tag-derechos-humanos"],"yoast_head":"<!-- This site is optimized with the Yoast SEO plugin v27.1.1 - https:\/\/yoast.com\/product\/yoast-seo-wordpress\/ -->\n<title>Por un derecho internacional como espacio de protecci\u00f3n m\u00e1s generoso y eficaz<\/title>\n<meta name=\"description\" content=\"Derecho internacional y derechos humanos en las Am\u00e9ricas: la perspectiva de la abogada Viviana Krsticevic, quien el pr\u00f3ximo 18 de abril recibir\u00e1 el premio\" \/>\n<meta name=\"robots\" content=\"index, follow, max-snippet:-1, max-image-preview:large, max-video-preview:-1\" \/>\n<link rel=\"canonical\" href=\"https:\/\/www.pressenza.com\/es\/2025\/04\/por-un-derecho-internacional-como-espacio-de-proteccion-mas-generoso-y-eficaz\/\" \/>\n<meta property=\"og:locale\" content=\"es_ES\" \/>\n<meta property=\"og:type\" content=\"article\" \/>\n<meta property=\"og:title\" content=\"Por un derecho internacional como espacio de protecci\u00f3n m\u00e1s generoso y eficaz\" \/>\n<meta property=\"og:description\" content=\"Derecho internacional y derechos humanos en las Am\u00e9ricas: la perspectiva de la abogada Viviana Krsticevic, quien el pr\u00f3ximo 18 de abril recibir\u00e1 el premio\" \/>\n<meta property=\"og:url\" content=\"https:\/\/www.pressenza.com\/es\/2025\/04\/por-un-derecho-internacional-como-espacio-de-proteccion-mas-generoso-y-eficaz\/\" \/>\n<meta property=\"og:site_name\" content=\"Pressenza\" \/>\n<meta property=\"article:publisher\" content=\"https:\/\/www.facebook.com\/PressenzaItalia\" \/>\n<meta property=\"article:author\" content=\"https:\/\/www.facebook.com\/PressenzaItalia\" \/>\n<meta property=\"article:published_time\" content=\"2025-04-16T22:17:01+00:00\" \/>\n<meta property=\"og:image\" content=\"https:\/\/www.pressenza.com\/wp-content\/uploads\/2025\/04\/Viviana-krstevic-ASIL.jpg\" \/>\n\t<meta property=\"og:image:width\" content=\"850\" \/>\n\t<meta property=\"og:image:height\" content=\"628\" \/>\n\t<meta property=\"og:image:type\" content=\"image\/jpeg\" \/>\n<meta name=\"author\" content=\"Redazione Italia\" \/>\n<meta name=\"twitter:card\" content=\"summary_large_image\" \/>\n<meta name=\"twitter:creator\" content=\"@pressenza_it\" \/>\n<meta name=\"twitter:site\" content=\"@PressenzaIPA\" \/>\n<meta name=\"twitter:label1\" content=\"Escrito por\" \/>\n\t<meta name=\"twitter:data1\" content=\"Redazione Italia\" \/>\n\t<meta name=\"twitter:label2\" content=\"Tiempo de lectura\" \/>\n\t<meta name=\"twitter:data2\" content=\"5 minutos\" \/>\n<script type=\"application\/ld+json\" class=\"yoast-schema-graph\">{\"@context\":\"https:\/\/schema.org\",\"@graph\":[{\"@type\":\"Article\",\"@id\":\"https:\/\/www.pressenza.com\/es\/2025\/04\/por-un-derecho-internacional-como-espacio-de-proteccion-mas-generoso-y-eficaz\/#article\",\"isPartOf\":{\"@id\":\"https:\/\/www.pressenza.com\/es\/2025\/04\/por-un-derecho-internacional-como-espacio-de-proteccion-mas-generoso-y-eficaz\/\"},\"author\":{\"name\":\"Redazione Italia\",\"@id\":\"https:\/\/www.pressenza.com\/es\/#\/schema\/person\/d983e81827ae24f2c7b1a2123d197f8d\"},\"headline\":\"Por un derecho internacional como espacio de protecci\u00f3n m\u00e1s generoso y eficaz\",\"datePublished\":\"2025-04-16T22:17:01+00:00\",\"mainEntityOfPage\":{\"@id\":\"https:\/\/www.pressenza.com\/es\/2025\/04\/por-un-derecho-internacional-como-espacio-de-proteccion-mas-generoso-y-eficaz\/\"},\"wordCount\":1042,\"publisher\":{\"@id\":\"https:\/\/www.pressenza.com\/es\/#organization\"},\"image\":{\"@id\":\"https:\/\/www.pressenza.com\/es\/2025\/04\/por-un-derecho-internacional-como-espacio-de-proteccion-mas-generoso-y-eficaz\/#primaryimage\"},\"thumbnailUrl\":\"https:\/\/www.pressenza.com\/wp-content\/uploads\/2025\/04\/Viviana-krstevic-ASIL.jpg\",\"keywords\":[\"Derechos humanos\"],\"articleSection\":[\"Asuntos internacionales\",\"Derechos Humanos\",\"Entrevistas\",\"Internacional\"],\"inLanguage\":\"es\"},{\"@type\":\"WebPage\",\"@id\":\"https:\/\/www.pressenza.com\/es\/2025\/04\/por-un-derecho-internacional-como-espacio-de-proteccion-mas-generoso-y-eficaz\/\",\"url\":\"https:\/\/www.pressenza.com\/es\/2025\/04\/por-un-derecho-internacional-como-espacio-de-proteccion-mas-generoso-y-eficaz\/\",\"name\":\"Por un derecho internacional como espacio de protecci\u00f3n m\u00e1s generoso y eficaz\",\"isPartOf\":{\"@id\":\"https:\/\/www.pressenza.com\/es\/#website\"},\"primaryImageOfPage\":{\"@id\":\"https:\/\/www.pressenza.com\/es\/2025\/04\/por-un-derecho-internacional-como-espacio-de-proteccion-mas-generoso-y-eficaz\/#primaryimage\"},\"image\":{\"@id\":\"https:\/\/www.pressenza.com\/es\/2025\/04\/por-un-derecho-internacional-como-espacio-de-proteccion-mas-generoso-y-eficaz\/#primaryimage\"},\"thumbnailUrl\":\"https:\/\/www.pressenza.com\/wp-content\/uploads\/2025\/04\/Viviana-krstevic-ASIL.jpg\",\"datePublished\":\"2025-04-16T22:17:01+00:00\",\"description\":\"Derecho internacional y derechos humanos en las Am\u00e9ricas: la perspectiva de la abogada Viviana Krsticevic, quien el pr\u00f3ximo 18 de abril recibir\u00e1 el premio\",\"breadcrumb\":{\"@id\":\"https:\/\/www.pressenza.com\/es\/2025\/04\/por-un-derecho-internacional-como-espacio-de-proteccion-mas-generoso-y-eficaz\/#breadcrumb\"},\"inLanguage\":\"es\",\"potentialAction\":[{\"@type\":\"ReadAction\",\"target\":[\"https:\/\/www.pressenza.com\/es\/2025\/04\/por-un-derecho-internacional-como-espacio-de-proteccion-mas-generoso-y-eficaz\/\"]}]},{\"@type\":\"ImageObject\",\"inLanguage\":\"es\",\"@id\":\"https:\/\/www.pressenza.com\/es\/2025\/04\/por-un-derecho-internacional-como-espacio-de-proteccion-mas-generoso-y-eficaz\/#primaryimage\",\"url\":\"https:\/\/www.pressenza.com\/wp-content\/uploads\/2025\/04\/Viviana-krstevic-ASIL.jpg\",\"contentUrl\":\"https:\/\/www.pressenza.com\/wp-content\/uploads\/2025\/04\/Viviana-krstevic-ASIL.jpg\",\"width\":850,\"height\":628},{\"@type\":\"BreadcrumbList\",\"@id\":\"https:\/\/www.pressenza.com\/es\/2025\/04\/por-un-derecho-internacional-como-espacio-de-proteccion-mas-generoso-y-eficaz\/#breadcrumb\",\"itemListElement\":[{\"@type\":\"ListItem\",\"position\":1,\"name\":\"Accueil\",\"item\":\"https:\/\/www.pressenza.com\/es\/\"},{\"@type\":\"ListItem\",\"position\":2,\"name\":\"Por un derecho internacional como espacio de protecci\u00f3n m\u00e1s generoso y eficaz\"}]},{\"@type\":\"WebSite\",\"@id\":\"https:\/\/www.pressenza.com\/es\/#website\",\"url\":\"https:\/\/www.pressenza.com\/es\/\",\"name\":\"Pressenza\",\"description\":\"International Press Agency\",\"publisher\":{\"@id\":\"https:\/\/www.pressenza.com\/es\/#organization\"},\"potentialAction\":[{\"@type\":\"SearchAction\",\"target\":{\"@type\":\"EntryPoint\",\"urlTemplate\":\"https:\/\/www.pressenza.com\/es\/?s={search_term_string}\"},\"query-input\":{\"@type\":\"PropertyValueSpecification\",\"valueRequired\":true,\"valueName\":\"search_term_string\"}}],\"inLanguage\":\"es\"},{\"@type\":\"Organization\",\"@id\":\"https:\/\/www.pressenza.com\/es\/#organization\",\"name\":\"Pressenza\",\"url\":\"https:\/\/www.pressenza.com\/es\/\",\"logo\":{\"@type\":\"ImageObject\",\"inLanguage\":\"es\",\"@id\":\"https:\/\/www.pressenza.com\/es\/#\/schema\/logo\/image\/\",\"url\":\"https:\/\/www.pressenza.com\/wp-content\/uploads\/2022\/10\/pressenza_logo_200x200.jpg\",\"contentUrl\":\"https:\/\/www.pressenza.com\/wp-content\/uploads\/2022\/10\/pressenza_logo_200x200.jpg\",\"width\":200,\"height\":200,\"caption\":\"Pressenza\"},\"image\":{\"@id\":\"https:\/\/www.pressenza.com\/es\/#\/schema\/logo\/image\/\"},\"sameAs\":[\"https:\/\/www.facebook.com\/PressenzaItalia\",\"https:\/\/x.com\/PressenzaIPA\"]},{\"@type\":\"Person\",\"@id\":\"https:\/\/www.pressenza.com\/es\/#\/schema\/person\/d983e81827ae24f2c7b1a2123d197f8d\",\"name\":\"Redazione Italia\",\"description\":\"News from the Pressenza Bureau in Italy\",\"sameAs\":[\"https:\/\/www.pressenza.com\/it\/author\/redazione-italia\/\",\"https:\/\/www.facebook.com\/PressenzaItalia\",\"https:\/\/www.instagram.com\/pressenza_italia\/\",\"https:\/\/x.com\/pressenza_it\",\"https:\/\/www.youtube.com\/channel\/UCSalEIWjE1RSxkwjfftFuqg\"],\"url\":\"https:\/\/www.pressenza.com\/es\/author\/redazione-italia\/\"}]}<\/script>\n<!-- \/ Yoast SEO plugin. -->","yoast_head_json":{"title":"Por un derecho internacional como espacio de protecci\u00f3n m\u00e1s generoso y eficaz","description":"Derecho internacional y derechos humanos en las Am\u00e9ricas: la perspectiva de la abogada Viviana Krsticevic, quien el pr\u00f3ximo 18 de abril recibir\u00e1 el premio","robots":{"index":"index","follow":"follow","max-snippet":"max-snippet:-1","max-image-preview":"max-image-preview:large","max-video-preview":"max-video-preview:-1"},"canonical":"https:\/\/www.pressenza.com\/es\/2025\/04\/por-un-derecho-internacional-como-espacio-de-proteccion-mas-generoso-y-eficaz\/","og_locale":"es_ES","og_type":"article","og_title":"Por un derecho internacional como espacio de protecci\u00f3n m\u00e1s generoso y eficaz","og_description":"Derecho internacional y derechos humanos en las Am\u00e9ricas: la perspectiva de la abogada Viviana Krsticevic, quien el pr\u00f3ximo 18 de abril recibir\u00e1 el premio","og_url":"https:\/\/www.pressenza.com\/es\/2025\/04\/por-un-derecho-internacional-como-espacio-de-proteccion-mas-generoso-y-eficaz\/","og_site_name":"Pressenza","article_publisher":"https:\/\/www.facebook.com\/PressenzaItalia","article_author":"https:\/\/www.facebook.com\/PressenzaItalia","article_published_time":"2025-04-16T22:17:01+00:00","og_image":[{"width":850,"height":628,"url":"https:\/\/www.pressenza.com\/wp-content\/uploads\/2025\/04\/Viviana-krstevic-ASIL.jpg","type":"image\/jpeg"}],"author":"Redazione Italia","twitter_card":"summary_large_image","twitter_creator":"@pressenza_it","twitter_site":"@PressenzaIPA","twitter_misc":{"Escrito por":"Redazione Italia","Tiempo de lectura":"5 minutos"},"schema":{"@context":"https:\/\/schema.org","@graph":[{"@type":"Article","@id":"https:\/\/www.pressenza.com\/es\/2025\/04\/por-un-derecho-internacional-como-espacio-de-proteccion-mas-generoso-y-eficaz\/#article","isPartOf":{"@id":"https:\/\/www.pressenza.com\/es\/2025\/04\/por-un-derecho-internacional-como-espacio-de-proteccion-mas-generoso-y-eficaz\/"},"author":{"name":"Redazione Italia","@id":"https:\/\/www.pressenza.com\/es\/#\/schema\/person\/d983e81827ae24f2c7b1a2123d197f8d"},"headline":"Por un derecho internacional como espacio de protecci\u00f3n m\u00e1s generoso y eficaz","datePublished":"2025-04-16T22:17:01+00:00","mainEntityOfPage":{"@id":"https:\/\/www.pressenza.com\/es\/2025\/04\/por-un-derecho-internacional-como-espacio-de-proteccion-mas-generoso-y-eficaz\/"},"wordCount":1042,"publisher":{"@id":"https:\/\/www.pressenza.com\/es\/#organization"},"image":{"@id":"https:\/\/www.pressenza.com\/es\/2025\/04\/por-un-derecho-internacional-como-espacio-de-proteccion-mas-generoso-y-eficaz\/#primaryimage"},"thumbnailUrl":"https:\/\/www.pressenza.com\/wp-content\/uploads\/2025\/04\/Viviana-krstevic-ASIL.jpg","keywords":["Derechos humanos"],"articleSection":["Asuntos internacionales","Derechos Humanos","Entrevistas","Internacional"],"inLanguage":"es"},{"@type":"WebPage","@id":"https:\/\/www.pressenza.com\/es\/2025\/04\/por-un-derecho-internacional-como-espacio-de-proteccion-mas-generoso-y-eficaz\/","url":"https:\/\/www.pressenza.com\/es\/2025\/04\/por-un-derecho-internacional-como-espacio-de-proteccion-mas-generoso-y-eficaz\/","name":"Por un derecho internacional como espacio de protecci\u00f3n m\u00e1s generoso y eficaz","isPartOf":{"@id":"https:\/\/www.pressenza.com\/es\/#website"},"primaryImageOfPage":{"@id":"https:\/\/www.pressenza.com\/es\/2025\/04\/por-un-derecho-internacional-como-espacio-de-proteccion-mas-generoso-y-eficaz\/#primaryimage"},"image":{"@id":"https:\/\/www.pressenza.com\/es\/2025\/04\/por-un-derecho-internacional-como-espacio-de-proteccion-mas-generoso-y-eficaz\/#primaryimage"},"thumbnailUrl":"https:\/\/www.pressenza.com\/wp-content\/uploads\/2025\/04\/Viviana-krstevic-ASIL.jpg","datePublished":"2025-04-16T22:17:01+00:00","description":"Derecho internacional y derechos humanos en las Am\u00e9ricas: la perspectiva de la abogada Viviana Krsticevic, quien el pr\u00f3ximo 18 de abril recibir\u00e1 el premio","breadcrumb":{"@id":"https:\/\/www.pressenza.com\/es\/2025\/04\/por-un-derecho-internacional-como-espacio-de-proteccion-mas-generoso-y-eficaz\/#breadcrumb"},"inLanguage":"es","potentialAction":[{"@type":"ReadAction","target":["https:\/\/www.pressenza.com\/es\/2025\/04\/por-un-derecho-internacional-como-espacio-de-proteccion-mas-generoso-y-eficaz\/"]}]},{"@type":"ImageObject","inLanguage":"es","@id":"https:\/\/www.pressenza.com\/es\/2025\/04\/por-un-derecho-internacional-como-espacio-de-proteccion-mas-generoso-y-eficaz\/#primaryimage","url":"https:\/\/www.pressenza.com\/wp-content\/uploads\/2025\/04\/Viviana-krstevic-ASIL.jpg","contentUrl":"https:\/\/www.pressenza.com\/wp-content\/uploads\/2025\/04\/Viviana-krstevic-ASIL.jpg","width":850,"height":628},{"@type":"BreadcrumbList","@id":"https:\/\/www.pressenza.com\/es\/2025\/04\/por-un-derecho-internacional-como-espacio-de-proteccion-mas-generoso-y-eficaz\/#breadcrumb","itemListElement":[{"@type":"ListItem","position":1,"name":"Accueil","item":"https:\/\/www.pressenza.com\/es\/"},{"@type":"ListItem","position":2,"name":"Por un derecho internacional como espacio de protecci\u00f3n m\u00e1s generoso y eficaz"}]},{"@type":"WebSite","@id":"https:\/\/www.pressenza.com\/es\/#website","url":"https:\/\/www.pressenza.com\/es\/","name":"Pressenza","description":"International Press Agency","publisher":{"@id":"https:\/\/www.pressenza.com\/es\/#organization"},"potentialAction":[{"@type":"SearchAction","target":{"@type":"EntryPoint","urlTemplate":"https:\/\/www.pressenza.com\/es\/?s={search_term_string}"},"query-input":{"@type":"PropertyValueSpecification","valueRequired":true,"valueName":"search_term_string"}}],"inLanguage":"es"},{"@type":"Organization","@id":"https:\/\/www.pressenza.com\/es\/#organization","name":"Pressenza","url":"https:\/\/www.pressenza.com\/es\/","logo":{"@type":"ImageObject","inLanguage":"es","@id":"https:\/\/www.pressenza.com\/es\/#\/schema\/logo\/image\/","url":"https:\/\/www.pressenza.com\/wp-content\/uploads\/2022\/10\/pressenza_logo_200x200.jpg","contentUrl":"https:\/\/www.pressenza.com\/wp-content\/uploads\/2022\/10\/pressenza_logo_200x200.jpg","width":200,"height":200,"caption":"Pressenza"},"image":{"@id":"https:\/\/www.pressenza.com\/es\/#\/schema\/logo\/image\/"},"sameAs":["https:\/\/www.facebook.com\/PressenzaItalia","https:\/\/x.com\/PressenzaIPA"]},{"@type":"Person","@id":"https:\/\/www.pressenza.com\/es\/#\/schema\/person\/d983e81827ae24f2c7b1a2123d197f8d","name":"Redazione Italia","description":"News from the Pressenza Bureau in Italy","sameAs":["https:\/\/www.pressenza.com\/it\/author\/redazione-italia\/","https:\/\/www.facebook.com\/PressenzaItalia","https:\/\/www.instagram.com\/pressenza_italia\/","https:\/\/x.com\/pressenza_it","https:\/\/www.youtube.com\/channel\/UCSalEIWjE1RSxkwjfftFuqg"],"url":"https:\/\/www.pressenza.com\/es\/author\/redazione-italia\/"}]}},"place":"","original_article_url":"","_links":{"self":[{"href":"https:\/\/www.pressenza.com\/es\/wp-json\/wp\/v2\/posts\/2598270","targetHints":{"allow":["GET"]}}],"collection":[{"href":"https:\/\/www.pressenza.com\/es\/wp-json\/wp\/v2\/posts"}],"about":[{"href":"https:\/\/www.pressenza.com\/es\/wp-json\/wp\/v2\/types\/post"}],"author":[{"embeddable":true,"href":"https:\/\/www.pressenza.com\/es\/wp-json\/wp\/v2\/users\/594"}],"replies":[{"embeddable":true,"href":"https:\/\/www.pressenza.com\/es\/wp-json\/wp\/v2\/comments?post=2598270"}],"version-history":[{"count":0,"href":"https:\/\/www.pressenza.com\/es\/wp-json\/wp\/v2\/posts\/2598270\/revisions"}],"wp:featuredmedia":[{"embeddable":true,"href":"https:\/\/www.pressenza.com\/es\/wp-json\/wp\/v2\/media\/2598271"}],"wp:attachment":[{"href":"https:\/\/www.pressenza.com\/es\/wp-json\/wp\/v2\/media?parent=2598270"}],"wp:term":[{"taxonomy":"category","embeddable":true,"href":"https:\/\/www.pressenza.com\/es\/wp-json\/wp\/v2\/categories?post=2598270"},{"taxonomy":"post_tag","embeddable":true,"href":"https:\/\/www.pressenza.com\/es\/wp-json\/wp\/v2\/tags?post=2598270"}],"curies":[{"name":"wp","href":"https:\/\/api.w.org\/{rel}","templated":true}]}}