{"id":2596139,"date":"2025-04-08T16:32:05","date_gmt":"2025-04-08T15:32:05","guid":{"rendered":"https:\/\/www.pressenza.com\/?p=2596139"},"modified":"2025-04-08T16:32:05","modified_gmt":"2025-04-08T15:32:05","slug":"no-saben-lo-que-hacen","status":"publish","type":"post","link":"https:\/\/www.pressenza.com\/es\/2025\/04\/no-saben-lo-que-hacen\/","title":{"rendered":"No saben lo que hacen\u2026"},"content":{"rendered":"<p>No habr\u00eda por qu\u00e9 pensar que mintieron la senadora Isabel Allende y la ministra Maya Fern\u00e1ndez. Cada uno es libre de creer lo que quiera, pero mejor aceptar que ambas desconoc\u00edan ese art\u00edculo de la Constituci\u00f3n que tan expresamente proh\u00edbe a los altos funcionarios p\u00fablicos hacer negocios con el Estado. Pero como tantas veces se dice, la ley se presume conocida por todos y lo dispuesto por el Tribunal Constitucional significa sancionar una grave omisi\u00f3n del cumplimiento de la Carta Magna. No solo la que nos legara Pinochet, sino tambi\u00e9n la misma que la antecedi\u00f3 y nos rigiera por largos a\u00f1os Esto es desde 1925.<\/p>\n<p>Tendr\u00edan que ser muy zonzas ambas herederas de Salvador Allende al incurrir deliberadamente en un delito de tama\u00f1a gravedad y arriesgarse a ser destituidas de sus cargos. Lo peor es que aqu\u00ed se ha transgredido la Ley, pero tambi\u00e9n se ha vulnerado el sentido com\u00fan. Cualquier persona debiera saber que los altos funcionarios p\u00fablicos no deben hacer transacciones comerciales con el Fisco. Casi es de Perogrullo.<\/p>\n<p>Por otro lado, trat\u00e1ndose de un bien que perteneci\u00f3 al extinto presidente, se debi\u00f3 tener doble o triple cuidado. Por la experiencia pol\u00edtica de Isabel y Maya debieron saber que para la oposici\u00f3n y para muchos chilenos ser\u00eda esta operaci\u00f3n materia de esc\u00e1ndalo. No luce bien comprarle la casa de Allende a sus herederas, a un alt\u00edsimo precio, para despu\u00e9s conced\u00e9rsela a la propia familia para su administraci\u00f3n como museo. Se podr\u00eda decir que el negocio era redondo, como dicta el dicho, y que de todas maneras habr\u00eda de ser cuestionado por la derecha y la oposici\u00f3n. No tenemos duda de que, si se tratara de una compra a los herederos de Pinochet, esto ser\u00eda visto como escandaloso por todos los que lucharon contra su dictadura. M\u00e1s todav\u00eda si se quisiera instalar un memorial all\u00ed.<\/p>\n<p>\u00a1Qu\u00e9 triste y vergonzoso es lo acontecido! Se suma a la larga serie de desprolijidades de los gobernantes, porque en verdad es el Presidente de la Rep\u00fablica el principal responsable de esta frustrada operaci\u00f3n. El firm\u00f3 la autorizaci\u00f3n respectiva en nombre del Estado y, por los mismos motivos que el Tribunal Constitucional reprob\u00f3 la transacci\u00f3n, Boric podr\u00eda o deber\u00eda ser sancionado por el Tribunal Constitucional, si hubiera un requerimiento en tal sentido, o si los ministros que le dieron amplia mayor\u00eda a la condena contra la Senadora se atrevieran a hacer lo propio con el Jefe de Estado.<\/p>\n<p>Lo m\u00e1s grave de todo es la falta de ecuanimidad e independencia del conjunto de los dirigentes y partidos oficialistas. Aunque la operaci\u00f3n, sabemos, es ampliamente condenada en privado, a la luz p\u00fablica todos cierran fila en defensa de las culpables como para condenar la resoluci\u00f3n de los jueces. Insistimos: aunque se trate de un lamentable error u omisi\u00f3n.<\/p>\n<p>En este sentido se llega al colmo de plantear abiertamente que los miembros del Tribunal designados por el Presidente Boric debieron, en consecuencia, absolver a las acusadas. Parlamentarios, ministros y otros con esta actitud ratifican lo que es una convicci\u00f3n general: la pol\u00edtica ha infectado las decisiones judiciales, y el nombramiento de jueces de parte del Ejecutivo y el Parlamento no puede garantizar la independencia judicial, aunque en este caso se trate de una saludable excepci\u00f3n. Simplemente, ni los opositores confiaron en que la mayor\u00eda oficialista en la composici\u00f3n de este Tribunal pudiera culminar con la sanci\u00f3n que ahora aplauden. Sorpresa total tanto para gobiernistas y detractores.<\/p>\n<p>A los anterior, no se puede dejar de considerar que al menos quince abogados y asesores de confianza del actual Ejecutivo tuvieron la oportunidad de revisar el expediente de compraventa, callando sigilosamente sobre el delito que estuvo a punto de consumarse en plenitud. Verdaderos esbirros y secuaces, no ya ignorantes, de la Ley que debieron advertirle a la cabeza del gobierno respecto de donde pondr\u00eda su firma, como de los il\u00edcitos pagos que favorecer\u00edan a las herederas de Salvador Allende.<\/p>\n<p>Los hechos ya se produjeron y parece imposible volver atr\u00e1s. Se nos ocurre que la \u00fanica forma en que Isabel y Maya podr\u00edan tener alguna forma de exculparse ser\u00eda donar esta propiedad al Estado, as\u00ed como procurar que la gesti\u00f3n del posible Museo, en memoria del presidente depuesto, estuviera en otras manos, no en las de su familia, ni en el gobierno de turno.<\/p>\n<p>Tampoco podr\u00edamos suponer que Boric tuvo plena conciencia de la anomal\u00eda que iba a cometer al estamparle su firma al decreto que autorizaba esta operaci\u00f3n. No es el momento de juzgar sus intenciones, aunque sus actos nos digan que constantemente este nobel mandatario comete errores graves que ponen el riesgo lo que llaman \u201cImagen pa\u00eds\u201d. Como lo fueron sus recientes y precipitadas palabras contra el Presidente de los Estados Unidos y el hecho de advertir que con la India compartimos el mismo Oc\u00e9ano. Cuando el m\u00e1s poblado territorio del mundo est\u00e1 en el Indico y no en el Pacifico.<\/p>\n<p>A muchos nos gustan las descalificaciones que afectan a Trump, pero, de nuevo, el sentido com\u00fan le recomienda ser m\u00e1s prudente al Jefe de Estado. Sobre todo, cuando nos tiene acostumbrados a medir con distinta vara a los reg\u00edmenes del mundo. Conforme a intereses econ\u00f3micos m\u00e1s que \u00e9ticos.<\/p>\n<p>Ciertamente que con este incidente en nada se opaca la figura de Salvador Allende, su legado y su prestigio nacional e internacional. La codicia nunca lo afect\u00f3, como lo demuestra la forma en que vivi\u00f3 y el hecho de que nunca los militares le hayan podido demostrar despu\u00e9s, alg\u00fan acto indecente al respecto. Algo de lo cual pocos pol\u00edticos del presente podr\u00edan jactarse.<\/p>\n","protected":false},"excerpt":{"rendered":"<p>No habr\u00eda por qu\u00e9 pensar que mintieron la senadora Isabel Allende y la ministra Maya Fern\u00e1ndez. Cada uno es libre de creer lo que quiera, pero mejor aceptar que ambas desconoc\u00edan ese art\u00edculo de la Constituci\u00f3n que tan expresamente proh\u00edbe&hellip;<\/p>\n","protected":false},"author":1739,"featured_media":2596146,"comment_status":"closed","ping_status":"closed","sticky":false,"template":"","format":"standard","meta":{"footnotes":""},"categories":[11389,161,74,67],"tags":[29,62596],"class_list":["post-2596139","post","type-post","status-publish","format-standard","has-post-thumbnail","hentry","category-contenido-original","category-opiniones","category-politica-es","category-sudamerica","tag-chile","tag-salvador-allende-es"],"yoast_head":"<!-- This site is optimized with the Yoast SEO plugin v27.1.1 - https:\/\/yoast.com\/product\/yoast-seo-wordpress\/ -->\n<title>No saben lo que hacen\u2026<\/title>\n<meta name=\"description\" content=\"No habr\u00eda por qu\u00e9 pensar que mintieron la senadora Isabel Allende y la ministra Maya Fern\u00e1ndez. Cada uno es libre de creer lo que quiera, pero mejor\" \/>\n<meta name=\"robots\" content=\"index, follow, max-snippet:-1, max-image-preview:large, max-video-preview:-1\" \/>\n<link rel=\"canonical\" href=\"https:\/\/www.pressenza.com\/es\/2025\/04\/no-saben-lo-que-hacen\/\" \/>\n<meta property=\"og:locale\" content=\"es_ES\" \/>\n<meta property=\"og:type\" content=\"article\" \/>\n<meta property=\"og:title\" content=\"No saben lo que hacen\u2026\" \/>\n<meta property=\"og:description\" content=\"No habr\u00eda por qu\u00e9 pensar que mintieron la senadora Isabel Allende y la ministra Maya Fern\u00e1ndez. Cada uno es libre de creer lo que quiera, pero mejor\" \/>\n<meta property=\"og:url\" content=\"https:\/\/www.pressenza.com\/es\/2025\/04\/no-saben-lo-que-hacen\/\" \/>\n<meta property=\"og:site_name\" content=\"Pressenza\" \/>\n<meta property=\"article:publisher\" content=\"https:\/\/www.facebook.com\/PressenzaItalia\" \/>\n<meta property=\"article:published_time\" content=\"2025-04-08T15:32:05+00:00\" \/>\n<meta property=\"og:image\" content=\"https:\/\/www.pressenza.com\/wp-content\/uploads\/2025\/04\/images-7.jpeg\" \/>\n\t<meta property=\"og:image:width\" content=\"648\" \/>\n\t<meta property=\"og:image:height\" content=\"472\" \/>\n\t<meta property=\"og:image:type\" content=\"image\/jpeg\" \/>\n<meta name=\"author\" content=\"Juan Pablo C\u00e1rdenas\" \/>\n<meta name=\"twitter:card\" content=\"summary_large_image\" \/>\n<meta name=\"twitter:creator\" content=\"@PressenzaIPA\" \/>\n<meta name=\"twitter:site\" content=\"@PressenzaIPA\" \/>\n<meta name=\"twitter:label1\" content=\"Escrito por\" \/>\n\t<meta name=\"twitter:data1\" content=\"Juan Pablo C\u00e1rdenas\" \/>\n\t<meta name=\"twitter:label2\" content=\"Tiempo de lectura\" \/>\n\t<meta name=\"twitter:data2\" content=\"5 minutos\" \/>\n<script type=\"application\/ld+json\" class=\"yoast-schema-graph\">{\"@context\":\"https:\/\/schema.org\",\"@graph\":[{\"@type\":\"Article\",\"@id\":\"https:\/\/www.pressenza.com\/es\/2025\/04\/no-saben-lo-que-hacen\/#article\",\"isPartOf\":{\"@id\":\"https:\/\/www.pressenza.com\/es\/2025\/04\/no-saben-lo-que-hacen\/\"},\"author\":{\"name\":\"Juan Pablo C\u00e1rdenas\",\"@id\":\"https:\/\/www.pressenza.com\/es\/#\/schema\/person\/d72a7c8c014dcbfa2ef9e9976103ea0d\"},\"headline\":\"No saben lo que hacen\u2026\",\"datePublished\":\"2025-04-08T15:32:05+00:00\",\"mainEntityOfPage\":{\"@id\":\"https:\/\/www.pressenza.com\/es\/2025\/04\/no-saben-lo-que-hacen\/\"},\"wordCount\":999,\"publisher\":{\"@id\":\"https:\/\/www.pressenza.com\/es\/#organization\"},\"image\":{\"@id\":\"https:\/\/www.pressenza.com\/es\/2025\/04\/no-saben-lo-que-hacen\/#primaryimage\"},\"thumbnailUrl\":\"https:\/\/www.pressenza.com\/wp-content\/uploads\/2025\/04\/images-7.jpeg\",\"keywords\":[\"Chile\",\"Salvador Allende\"],\"articleSection\":[\"Contenido Original\",\"Opiniones\",\"Pol\u00edtica\",\"Sudam\u00e9rica\"],\"inLanguage\":\"es\"},{\"@type\":\"WebPage\",\"@id\":\"https:\/\/www.pressenza.com\/es\/2025\/04\/no-saben-lo-que-hacen\/\",\"url\":\"https:\/\/www.pressenza.com\/es\/2025\/04\/no-saben-lo-que-hacen\/\",\"name\":\"No saben lo que hacen\u2026\",\"isPartOf\":{\"@id\":\"https:\/\/www.pressenza.com\/es\/#website\"},\"primaryImageOfPage\":{\"@id\":\"https:\/\/www.pressenza.com\/es\/2025\/04\/no-saben-lo-que-hacen\/#primaryimage\"},\"image\":{\"@id\":\"https:\/\/www.pressenza.com\/es\/2025\/04\/no-saben-lo-que-hacen\/#primaryimage\"},\"thumbnailUrl\":\"https:\/\/www.pressenza.com\/wp-content\/uploads\/2025\/04\/images-7.jpeg\",\"datePublished\":\"2025-04-08T15:32:05+00:00\",\"description\":\"No habr\u00eda por qu\u00e9 pensar que mintieron la senadora Isabel Allende y la ministra Maya Fern\u00e1ndez. Cada uno es libre de creer lo que quiera, pero mejor\",\"breadcrumb\":{\"@id\":\"https:\/\/www.pressenza.com\/es\/2025\/04\/no-saben-lo-que-hacen\/#breadcrumb\"},\"inLanguage\":\"es\",\"potentialAction\":[{\"@type\":\"ReadAction\",\"target\":[\"https:\/\/www.pressenza.com\/es\/2025\/04\/no-saben-lo-que-hacen\/\"]}]},{\"@type\":\"ImageObject\",\"inLanguage\":\"es\",\"@id\":\"https:\/\/www.pressenza.com\/es\/2025\/04\/no-saben-lo-que-hacen\/#primaryimage\",\"url\":\"https:\/\/www.pressenza.com\/wp-content\/uploads\/2025\/04\/images-7.jpeg\",\"contentUrl\":\"https:\/\/www.pressenza.com\/wp-content\/uploads\/2025\/04\/images-7.jpeg\",\"width\":648,\"height\":472},{\"@type\":\"BreadcrumbList\",\"@id\":\"https:\/\/www.pressenza.com\/es\/2025\/04\/no-saben-lo-que-hacen\/#breadcrumb\",\"itemListElement\":[{\"@type\":\"ListItem\",\"position\":1,\"name\":\"Accueil\",\"item\":\"https:\/\/www.pressenza.com\/es\/\"},{\"@type\":\"ListItem\",\"position\":2,\"name\":\"No saben lo que hacen\u2026\"}]},{\"@type\":\"WebSite\",\"@id\":\"https:\/\/www.pressenza.com\/es\/#website\",\"url\":\"https:\/\/www.pressenza.com\/es\/\",\"name\":\"Pressenza\",\"description\":\"International Press Agency\",\"publisher\":{\"@id\":\"https:\/\/www.pressenza.com\/es\/#organization\"},\"potentialAction\":[{\"@type\":\"SearchAction\",\"target\":{\"@type\":\"EntryPoint\",\"urlTemplate\":\"https:\/\/www.pressenza.com\/es\/?s={search_term_string}\"},\"query-input\":{\"@type\":\"PropertyValueSpecification\",\"valueRequired\":true,\"valueName\":\"search_term_string\"}}],\"inLanguage\":\"es\"},{\"@type\":\"Organization\",\"@id\":\"https:\/\/www.pressenza.com\/es\/#organization\",\"name\":\"Pressenza\",\"url\":\"https:\/\/www.pressenza.com\/es\/\",\"logo\":{\"@type\":\"ImageObject\",\"inLanguage\":\"es\",\"@id\":\"https:\/\/www.pressenza.com\/es\/#\/schema\/logo\/image\/\",\"url\":\"https:\/\/www.pressenza.com\/wp-content\/uploads\/2022\/10\/pressenza_logo_200x200.jpg\",\"contentUrl\":\"https:\/\/www.pressenza.com\/wp-content\/uploads\/2022\/10\/pressenza_logo_200x200.jpg\",\"width\":200,\"height\":200,\"caption\":\"Pressenza\"},\"image\":{\"@id\":\"https:\/\/www.pressenza.com\/es\/#\/schema\/logo\/image\/\"},\"sameAs\":[\"https:\/\/www.facebook.com\/PressenzaItalia\",\"https:\/\/x.com\/PressenzaIPA\"]},{\"@type\":\"Person\",\"@id\":\"https:\/\/www.pressenza.com\/es\/#\/schema\/person\/d72a7c8c014dcbfa2ef9e9976103ea0d\",\"name\":\"Juan Pablo C\u00e1rdenas\",\"description\":\"Juan Pablo C\u00e1rdenas Squella es un periodista y profesor universitario de vasta trayectoria. En el 2005 recibi\u00f3 en premio nacional de Periodismo y, antes, la Pluma de Oro de la Libertad, otorgada por la Federaci\u00f3n Mundial de la Prensa. Tambi\u00e9n obtuvo el Premio Latinoamericano de Periodismo, la Houten Camara de Holanda (1989) entre otras m\u00faltiples distinciones nacionales y extranjeras. Forma parte de los sesenta periodistas del mundo considerados H\u00e9roes de la Libertad de Expresi\u00f3n, reconocimiento hecho por la Federaci\u00f3n Internacional de Periodistas. Ha sido director y columnista de las revistas Debate Universitario, An\u00e1lisis y Los Tiempos, as\u00ed como del diario electr\u00f3nico primeral\u00ednea.cl. Tambi\u00e9n fue por m\u00e1s 18 a\u00f1os director de la Radio Universidad de Chile y de su diario digital. Se ha desempe\u00f1ado como profesor de varias escuelas de periodismo de Santiago y Valpara\u00edso y en la Universidad de Chile alcanz\u00f3 el grado de profesor titular y senador universitario.\",\"url\":\"https:\/\/www.pressenza.com\/es\/author\/juan-pablo-cardenas\/\"}]}<\/script>\n<!-- \/ Yoast SEO plugin. -->","yoast_head_json":{"title":"No saben lo que hacen\u2026","description":"No habr\u00eda por qu\u00e9 pensar que mintieron la senadora Isabel Allende y la ministra Maya Fern\u00e1ndez. Cada uno es libre de creer lo que quiera, pero mejor","robots":{"index":"index","follow":"follow","max-snippet":"max-snippet:-1","max-image-preview":"max-image-preview:large","max-video-preview":"max-video-preview:-1"},"canonical":"https:\/\/www.pressenza.com\/es\/2025\/04\/no-saben-lo-que-hacen\/","og_locale":"es_ES","og_type":"article","og_title":"No saben lo que hacen\u2026","og_description":"No habr\u00eda por qu\u00e9 pensar que mintieron la senadora Isabel Allende y la ministra Maya Fern\u00e1ndez. Cada uno es libre de creer lo que quiera, pero mejor","og_url":"https:\/\/www.pressenza.com\/es\/2025\/04\/no-saben-lo-que-hacen\/","og_site_name":"Pressenza","article_publisher":"https:\/\/www.facebook.com\/PressenzaItalia","article_published_time":"2025-04-08T15:32:05+00:00","og_image":[{"width":648,"height":472,"url":"https:\/\/www.pressenza.com\/wp-content\/uploads\/2025\/04\/images-7.jpeg","type":"image\/jpeg"}],"author":"Juan Pablo C\u00e1rdenas","twitter_card":"summary_large_image","twitter_creator":"@PressenzaIPA","twitter_site":"@PressenzaIPA","twitter_misc":{"Escrito por":"Juan Pablo C\u00e1rdenas","Tiempo de lectura":"5 minutos"},"schema":{"@context":"https:\/\/schema.org","@graph":[{"@type":"Article","@id":"https:\/\/www.pressenza.com\/es\/2025\/04\/no-saben-lo-que-hacen\/#article","isPartOf":{"@id":"https:\/\/www.pressenza.com\/es\/2025\/04\/no-saben-lo-que-hacen\/"},"author":{"name":"Juan Pablo C\u00e1rdenas","@id":"https:\/\/www.pressenza.com\/es\/#\/schema\/person\/d72a7c8c014dcbfa2ef9e9976103ea0d"},"headline":"No saben lo que hacen\u2026","datePublished":"2025-04-08T15:32:05+00:00","mainEntityOfPage":{"@id":"https:\/\/www.pressenza.com\/es\/2025\/04\/no-saben-lo-que-hacen\/"},"wordCount":999,"publisher":{"@id":"https:\/\/www.pressenza.com\/es\/#organization"},"image":{"@id":"https:\/\/www.pressenza.com\/es\/2025\/04\/no-saben-lo-que-hacen\/#primaryimage"},"thumbnailUrl":"https:\/\/www.pressenza.com\/wp-content\/uploads\/2025\/04\/images-7.jpeg","keywords":["Chile","Salvador Allende"],"articleSection":["Contenido Original","Opiniones","Pol\u00edtica","Sudam\u00e9rica"],"inLanguage":"es"},{"@type":"WebPage","@id":"https:\/\/www.pressenza.com\/es\/2025\/04\/no-saben-lo-que-hacen\/","url":"https:\/\/www.pressenza.com\/es\/2025\/04\/no-saben-lo-que-hacen\/","name":"No saben lo que hacen\u2026","isPartOf":{"@id":"https:\/\/www.pressenza.com\/es\/#website"},"primaryImageOfPage":{"@id":"https:\/\/www.pressenza.com\/es\/2025\/04\/no-saben-lo-que-hacen\/#primaryimage"},"image":{"@id":"https:\/\/www.pressenza.com\/es\/2025\/04\/no-saben-lo-que-hacen\/#primaryimage"},"thumbnailUrl":"https:\/\/www.pressenza.com\/wp-content\/uploads\/2025\/04\/images-7.jpeg","datePublished":"2025-04-08T15:32:05+00:00","description":"No habr\u00eda por qu\u00e9 pensar que mintieron la senadora Isabel Allende y la ministra Maya Fern\u00e1ndez. Cada uno es libre de creer lo que quiera, pero mejor","breadcrumb":{"@id":"https:\/\/www.pressenza.com\/es\/2025\/04\/no-saben-lo-que-hacen\/#breadcrumb"},"inLanguage":"es","potentialAction":[{"@type":"ReadAction","target":["https:\/\/www.pressenza.com\/es\/2025\/04\/no-saben-lo-que-hacen\/"]}]},{"@type":"ImageObject","inLanguage":"es","@id":"https:\/\/www.pressenza.com\/es\/2025\/04\/no-saben-lo-que-hacen\/#primaryimage","url":"https:\/\/www.pressenza.com\/wp-content\/uploads\/2025\/04\/images-7.jpeg","contentUrl":"https:\/\/www.pressenza.com\/wp-content\/uploads\/2025\/04\/images-7.jpeg","width":648,"height":472},{"@type":"BreadcrumbList","@id":"https:\/\/www.pressenza.com\/es\/2025\/04\/no-saben-lo-que-hacen\/#breadcrumb","itemListElement":[{"@type":"ListItem","position":1,"name":"Accueil","item":"https:\/\/www.pressenza.com\/es\/"},{"@type":"ListItem","position":2,"name":"No saben lo que hacen\u2026"}]},{"@type":"WebSite","@id":"https:\/\/www.pressenza.com\/es\/#website","url":"https:\/\/www.pressenza.com\/es\/","name":"Pressenza","description":"International Press Agency","publisher":{"@id":"https:\/\/www.pressenza.com\/es\/#organization"},"potentialAction":[{"@type":"SearchAction","target":{"@type":"EntryPoint","urlTemplate":"https:\/\/www.pressenza.com\/es\/?s={search_term_string}"},"query-input":{"@type":"PropertyValueSpecification","valueRequired":true,"valueName":"search_term_string"}}],"inLanguage":"es"},{"@type":"Organization","@id":"https:\/\/www.pressenza.com\/es\/#organization","name":"Pressenza","url":"https:\/\/www.pressenza.com\/es\/","logo":{"@type":"ImageObject","inLanguage":"es","@id":"https:\/\/www.pressenza.com\/es\/#\/schema\/logo\/image\/","url":"https:\/\/www.pressenza.com\/wp-content\/uploads\/2022\/10\/pressenza_logo_200x200.jpg","contentUrl":"https:\/\/www.pressenza.com\/wp-content\/uploads\/2022\/10\/pressenza_logo_200x200.jpg","width":200,"height":200,"caption":"Pressenza"},"image":{"@id":"https:\/\/www.pressenza.com\/es\/#\/schema\/logo\/image\/"},"sameAs":["https:\/\/www.facebook.com\/PressenzaItalia","https:\/\/x.com\/PressenzaIPA"]},{"@type":"Person","@id":"https:\/\/www.pressenza.com\/es\/#\/schema\/person\/d72a7c8c014dcbfa2ef9e9976103ea0d","name":"Juan Pablo C\u00e1rdenas","description":"Juan Pablo C\u00e1rdenas Squella es un periodista y profesor universitario de vasta trayectoria. En el 2005 recibi\u00f3 en premio nacional de Periodismo y, antes, la Pluma de Oro de la Libertad, otorgada por la Federaci\u00f3n Mundial de la Prensa. Tambi\u00e9n obtuvo el Premio Latinoamericano de Periodismo, la Houten Camara de Holanda (1989) entre otras m\u00faltiples distinciones nacionales y extranjeras. Forma parte de los sesenta periodistas del mundo considerados H\u00e9roes de la Libertad de Expresi\u00f3n, reconocimiento hecho por la Federaci\u00f3n Internacional de Periodistas. Ha sido director y columnista de las revistas Debate Universitario, An\u00e1lisis y Los Tiempos, as\u00ed como del diario electr\u00f3nico primeral\u00ednea.cl. Tambi\u00e9n fue por m\u00e1s 18 a\u00f1os director de la Radio Universidad de Chile y de su diario digital. Se ha desempe\u00f1ado como profesor de varias escuelas de periodismo de Santiago y Valpara\u00edso y en la Universidad de Chile alcanz\u00f3 el grado de profesor titular y senador universitario.","url":"https:\/\/www.pressenza.com\/es\/author\/juan-pablo-cardenas\/"}]}},"place":"Santiago de Chile","original_article_url":"","_links":{"self":[{"href":"https:\/\/www.pressenza.com\/es\/wp-json\/wp\/v2\/posts\/2596139","targetHints":{"allow":["GET"]}}],"collection":[{"href":"https:\/\/www.pressenza.com\/es\/wp-json\/wp\/v2\/posts"}],"about":[{"href":"https:\/\/www.pressenza.com\/es\/wp-json\/wp\/v2\/types\/post"}],"author":[{"embeddable":true,"href":"https:\/\/www.pressenza.com\/es\/wp-json\/wp\/v2\/users\/1739"}],"replies":[{"embeddable":true,"href":"https:\/\/www.pressenza.com\/es\/wp-json\/wp\/v2\/comments?post=2596139"}],"version-history":[{"count":0,"href":"https:\/\/www.pressenza.com\/es\/wp-json\/wp\/v2\/posts\/2596139\/revisions"}],"wp:featuredmedia":[{"embeddable":true,"href":"https:\/\/www.pressenza.com\/es\/wp-json\/wp\/v2\/media\/2596146"}],"wp:attachment":[{"href":"https:\/\/www.pressenza.com\/es\/wp-json\/wp\/v2\/media?parent=2596139"}],"wp:term":[{"taxonomy":"category","embeddable":true,"href":"https:\/\/www.pressenza.com\/es\/wp-json\/wp\/v2\/categories?post=2596139"},{"taxonomy":"post_tag","embeddable":true,"href":"https:\/\/www.pressenza.com\/es\/wp-json\/wp\/v2\/tags?post=2596139"}],"curies":[{"name":"wp","href":"https:\/\/api.w.org\/{rel}","templated":true}]}}