{"id":2595415,"date":"2025-04-06T03:14:05","date_gmt":"2025-04-06T02:14:05","guid":{"rendered":"https:\/\/www.pressenza.com\/?p=2595415"},"modified":"2025-04-06T04:35:22","modified_gmt":"2025-04-06T03:35:22","slug":"demagogia-punitiva-y-la-baja-de-imputabilidad-a-los-13-anos-en-argenguenza","status":"publish","type":"post","link":"https:\/\/www.pressenza.com\/es\/2025\/04\/demagogia-punitiva-y-la-baja-de-imputabilidad-a-los-13-anos-en-argenguenza\/","title":{"rendered":"Demagogia punitiva y la baja de imputabilidad a los 13 a\u00f1os en Argeng\u00fcenza"},"content":{"rendered":"<p>La tragedia que estamos padeciendo los argentinos es tan enorme, que requerir\u00eda un trabajo sistem\u00e1tico y sostenido para su descripci\u00f3n. La posolog\u00eda cat\u00e1rtica que tienen la contadas cr\u00f3nicas que logro escribir en los intervalos entre las obligaciones de supervivencia no alcanzan para dimensionar, ni para vislumbrar salidas a esta encerrona que viene acentu\u00e1ndose desde hace una d\u00e9cada.<\/p>\n<p>El regodeo de los criminales que andan sueltos es tan grande y obsceno, que no queda m\u00e1s remedio que contestarles modestamente en algunas l\u00edneas.<\/p>\n<p>Quien arruinara la existencia de las mayor\u00edas en la Argentina en 2001, entre 2015 y 2019 y ahora con mayor ah\u00ednco, Federico Sturzenegger, favorecido por prescripciones judiciales o encajonamiento de denuncias de sus cr\u00edmenes, se jactaba ayer del ahorro generado para las arcas del Estado de un 8,2 % relativos a los sueldos que ya no se pagan a quienes fueron despedidos.<\/p>\n<p>Creo que no hace falta enumerar quienes han sido v\u00edctimas de la motosierra de este gobierno, en el que \u201cSturze\u201d funge como ministro de Desregulaci\u00f3n y Transformaci\u00f3n del Estado de la Naci\u00f3n Argentina. Porque las \u00e1reas m\u00e1s diezmadas tienen que ver con discapacidad, ni\u00f1ez, mujeres, \u00f3rganos de control e inspecci\u00f3n, el listado es gigante porque se trata de m\u00e1s de 42 mil despidos del Estado nacional.<\/p>\n<p>Lo cierto es que cuenta con la complicidad de los medios de comunicaci\u00f3n y el benepl\u00e1cito de un alto porcentaje de la poblaci\u00f3n que de tan mal que viv\u00edan, cre\u00edan que no se pod\u00eda estar peor. O, en su defecto, consideraban que quienes todav\u00eda no la estaban pasando tan mal como ellos, merec\u00edan morder el mismo polvo.<\/p>\n<p>No me interesa detenerme en ese constructo social de \u201cs\u00e1lvese qui\u00e9n pueda\u201d, casualmente los mismos t\u00f3picos sobre los que escrib\u00eda cuando arranqu\u00e9 en el periodismo a los 14, 15 a\u00f1os. El chiste de esos a\u00f1os era \u201cNo al monumento a Videla\u201d, despu\u00e9s de los actos por el 2 de abril de esta semana, ese monumento est\u00e1 volviendo a erigirse.<\/p>\n<p>Me voy por las ramas. Dec\u00eda, no quiero ensayar entender lo que lleva al pueblo argentino (extensivo a casi todo Occidente) a estos autoboicoteos sucesivos. Me detengo, eso s\u00ed, en estado de alerta, frente al regocijo de muchos ante la posibilidad de que se apruebe una ley que baje la edad de imputabilidad de 16 a los 13 o 14 a\u00f1os.<\/p>\n<p>Insistir\u00e1n poni\u00e9ndonos en bucle a toda hora im\u00e1genes en las que se vean a ni\u00f1os cometiendo delitos, nos hablar\u00e1n de los que llevan armas a las escuelas, los que planifican masacres a lo Columbine, las puertas giratorias de la justicia, la drogodependencia. Es decir, la misma medicina con la que lograron que la sociedad avale las pol\u00edticas represivas. Una magistral soluci\u00f3n que termin\u00f3 con la inseguridad en ning\u00fan lado.<\/p>\n<p>El manique\u00edsmo en boga, asociado a las hordas canceladoras a la usanza de este siglo invalida cualquier debate, castiga a quien ose \u201cdefender a delincuentes\u201d o trate de aportar informaci\u00f3n contrastada frente a la ola desinformativa.<\/p>\n<p>Desinformativa y deformativa, porque tambi\u00e9n la cultura monstrualiza a nuestros j\u00f3venes y ni\u00f1os. Los convierte en asesinos psic\u00f3patas que defraudan y sorprenden a los adultos de su entorno. D\u00e9cadas y d\u00e9cadas de fracasos. D\u00e9cadas y d\u00e9cadas de insistir en tropezarse con las mismas piedras. Y no me refiero solamente a que vuelvan a gobernarnos Sturzenegger, Bullrich, Caputo o la figurita que usted guste pegar ac\u00e1.<\/p>\n<p>Cuando se present\u00f3 en el Congreso el proyecto del \u201cR\u00e9gimen Penal Juvenil\u201d, el Centro de Estudios de Pol\u00edtica Criminal y Derechos Humanos (CEPOC) elabor\u00f3 un documento dando sus razones para oponerse a dicho mamotreto demag\u00f3gico.<\/p>\n<p>Lo primero es pensar que se trata del sector de la poblaci\u00f3n con mayor pobreza, m\u00e1s de un mill\u00f3n de ni\u00f1os y adolescentes no cenan en la Argentina desde hace bastante tiempo. Por eso se intent\u00f3 bajar la edad de imputabilidad a los 14 a\u00f1os en 2017, a los 15 en 2019 y ahora van a por los 13 a\u00f1os.<\/p>\n<p>Puede indigestarse ley\u00e9ndolo ac\u00e1: <a href=\"https:\/\/drive.google.com\/file\/d\/1mqqemCztCAeHeaS6zvaEjZIhKG1kYAtm\/view\">https:\/\/drive.google.com\/file\/d\/1mqqemCztCAeHeaS6zvaEjZIhKG1kYAtm\/view<\/a><\/p>\n<p>El CEPOC entiende que el proyecto no logra fundamentar por qu\u00e9 deber\u00eda bajarse la edad de imputabilidad, adem\u00e1s lo califica de regresivo y recuerda que en 1921 se establec\u00eda a los 14 a\u00f1os y fue durante el peronismo que se lo elev\u00f3 a los 16 (1954) con una ley dirigida a defender los derechos de la infancia. Durante la \u00faltima dictadura se volvi\u00f3 a llevar a los 14 y tras la vuelta de la democracia en 1983 volvi\u00f3 a retrotraerse.<\/p>\n<p>De hecho la Argentina es ejemplo mundial por la edad de imputabilidad seg\u00fan el Comit\u00e9 de Derechos del Ni\u00f1o de Naciones Unidas. Por otro lado los delitos cometidos por ni\u00f1os de 13, 14 y 15 a\u00f1os es \u00ednfima, seg\u00fan el censo de 2022, hab\u00eda 44 menores de 16 a\u00f1os detenidos.<\/p>\n<p>Que los chicos y chicas de 13 a 15 a\u00f1os que no eran punibles, pasen de golpe a tener posibles penas de 20 a\u00f1os de reclusi\u00f3n es una aberraci\u00f3n. Hasta ahora se los trata como inimputables, cuando la legislaci\u00f3n argentina en realidad establece la obligatoriedad del patronato y no deber\u00edan ser juzgados por Estado Penal, sino acompa\u00f1ados por el Estado Social ya que no son punibles.<\/p>\n<p>El proyecto viola los siguientes derechos de los ni\u00f1os: pena de prisi\u00f3n como \u00faltimo recurso y por el plazo m\u00e1s breve que proceda, trato diferenciado, revisi\u00f3n peri\u00f3dica de las penas y sistema de justicia especializado.<\/p>\n<p>A su vez el CEPOC advierte que \u201ccasi siempre que un adolescente est\u00e1 inmerso en una situaci\u00f3n violenta, es porque alguien con m\u00e1s edad y con m\u00e1s poder, lo ha utilizado\u201d, incluso el gobierno reconoce que esto es as\u00ed, pero en vez \u201cde protegerlos, en tanto v\u00edctimas de esa utilizaci\u00f3n, propone castigarlos por ser vulnerables y utilizables\u201d.<\/p>\n<p>\u201cDescargar sobre ellos el encierro y la c\u00e1rcel, es volver a incumplir las obligaciones b\u00e1sicas que el Estado tiene para la infancia. Usarlos como herramienta para encontrar qui\u00e9n los manda a delinquir es quitarles sus derechos como ni\u00f1os y transformarlos de modo perverso en un instrumento de la polic\u00eda y del aparato judicial, adem\u00e1s de ponerlos en peligro frente a los adultos que los utilizan\u201d denuncia el documento elaborado por CEPOC.<\/p>\n<p>El documento completo puede encontrarse aqu\u00ed: <a href=\"https:\/\/cepoc-cepoc.blogspot.com\/2024\/08\/10-motivos-para-decir-no-al-proyecto-de.html?m=1&amp;s=08\">https:\/\/cepoc-cepoc.blogspot.com\/2024\/08\/10-motivos-para-decir-no-al-proyecto-de.html?m=1&amp;s=08<\/a><\/p>\n<p>Se amplifican, una vez m\u00e1s, las voces estridentes de quienes se escandalizan por la violencia que nos rodea, como si esa violencia les fuera ajena, como si se tratara de un mar en el que est\u00e1n flotando como si fueran corchos (si pensaron en otra materia flotante es cosa suya). Este proyecto delega la violencia, el castigo, el abuso al Estado Penal y nos aleja cada vez m\u00e1s de esos ni\u00f1os, ni\u00f1as y adolescentes. Los tiramos como un juguete roto, objetos, desechos. Deshechos por una sociedad cada vez m\u00e1s infanticida y cruel.<\/p>\n<p>Debemos mantenernos alertas porque Argentina est\u00e1 siendo gobernada por gente insensible, que hace pocos meses intent\u00f3 despenalizar el comercio de ni\u00f1os, que insiste con habilitar la venta de \u00f3rganos, que desfinancia todas las dependencias estatales que tienen jurisdicci\u00f3n en el cuidado de los menores. Recientemente la Subsecretaria de Seguridad Social puntualiz\u00f3 que en noviembre de 2024 se pagaron casi 900.000 Asignaciones Familiares por Hijo menos que las que se pagaban en noviembre de 2023. Los jubilados, los enfermos, las personas con discapacidad y los ni\u00f1os se han convertido en el blanco preferido del gobierno de Javier Milei. Nada sorprendente.<\/p>\n","protected":false},"excerpt":{"rendered":"<p>La tragedia que estamos padeciendo los argentinos es tan enorme, que requerir\u00eda un trabajo sistem\u00e1tico y sostenido para su descripci\u00f3n. La posolog\u00eda cat\u00e1rtica que tienen la contadas cr\u00f3nicas que logro escribir en los intervalos entre las obligaciones de supervivencia no&hellip;<\/p>\n","protected":false},"author":96,"featured_media":2595416,"comment_status":"closed","ping_status":"closed","sticky":false,"template":"","format":"standard","meta":{"footnotes":""},"categories":[11389,79,161,74,67],"tags":[26,135145,135146,123458,95115,398,28309,4754],"class_list":["post-2595415","post","type-post","status-publish","format-standard","has-post-thumbnail","hentry","category-contenido-original","category-derechos-humanos","category-opiniones","category-politica-es","category-sudamerica","tag-argentina","tag-edad-de-imputabilidad","tag-federico-sturzenegger","tag-infancias","tag-javier-milei","tag-justicia","tag-ninez","tag-ninos"],"yoast_head":"<!-- This site is optimized with the Yoast SEO plugin v27.1.1 - https:\/\/yoast.com\/product\/yoast-seo-wordpress\/ -->\n<title>Demagogia punitiva y la baja de imputabilidad a los 13 a\u00f1os en Argeng\u00fcenza<\/title>\n<meta name=\"description\" content=\"La tragedia que estamos padeciendo los argentinos es tan enorme, que requerir\u00eda un trabajo sistem\u00e1tico y sostenido para su descripci\u00f3n. La posolog\u00eda\" \/>\n<meta name=\"robots\" content=\"index, follow, max-snippet:-1, max-image-preview:large, max-video-preview:-1\" \/>\n<link rel=\"canonical\" href=\"https:\/\/www.pressenza.com\/es\/2025\/04\/demagogia-punitiva-y-la-baja-de-imputabilidad-a-los-13-anos-en-argenguenza\/\" \/>\n<meta property=\"og:locale\" content=\"es_ES\" \/>\n<meta property=\"og:type\" content=\"article\" \/>\n<meta property=\"og:title\" content=\"Demagogia punitiva y la baja de imputabilidad a los 13 a\u00f1os en Argeng\u00fcenza\" \/>\n<meta property=\"og:description\" content=\"La tragedia que estamos padeciendo los argentinos es tan enorme, que requerir\u00eda un trabajo sistem\u00e1tico y sostenido para su descripci\u00f3n. La posolog\u00eda\" \/>\n<meta property=\"og:url\" content=\"https:\/\/www.pressenza.com\/es\/2025\/04\/demagogia-punitiva-y-la-baja-de-imputabilidad-a-los-13-anos-en-argenguenza\/\" \/>\n<meta property=\"og:site_name\" content=\"Pressenza\" \/>\n<meta property=\"article:publisher\" content=\"https:\/\/www.facebook.com\/PressenzaItalia\" \/>\n<meta property=\"article:author\" content=\"https:\/\/www.facebook.com\/mariano.quiroga.779\" \/>\n<meta property=\"article:published_time\" content=\"2025-04-06T02:14:05+00:00\" \/>\n<meta property=\"article:modified_time\" content=\"2025-04-06T03:35:22+00:00\" \/>\n<meta property=\"og:image\" content=\"https:\/\/www.pressenza.com\/wp-content\/uploads\/2025\/04\/WhatsApp-Image-2025-04-05-at-19.57.21.jpeg\" \/>\n\t<meta property=\"og:image:width\" content=\"720\" \/>\n\t<meta property=\"og:image:height\" content=\"540\" \/>\n\t<meta property=\"og:image:type\" content=\"image\/jpeg\" \/>\n<meta name=\"author\" content=\"Mariano Quiroga\" \/>\n<meta name=\"twitter:card\" content=\"summary_large_image\" \/>\n<meta name=\"twitter:creator\" content=\"@MaruchoQuiroga\" \/>\n<meta name=\"twitter:site\" content=\"@PressenzaIPA\" \/>\n<meta name=\"twitter:label1\" content=\"Escrito por\" \/>\n\t<meta name=\"twitter:data1\" content=\"Mariano Quiroga\" \/>\n\t<meta name=\"twitter:label2\" content=\"Tiempo de lectura\" \/>\n\t<meta name=\"twitter:data2\" content=\"6 minutos\" \/>\n<script type=\"application\/ld+json\" class=\"yoast-schema-graph\">{\"@context\":\"https:\/\/schema.org\",\"@graph\":[{\"@type\":\"Article\",\"@id\":\"https:\/\/www.pressenza.com\/es\/2025\/04\/demagogia-punitiva-y-la-baja-de-imputabilidad-a-los-13-anos-en-argenguenza\/#article\",\"isPartOf\":{\"@id\":\"https:\/\/www.pressenza.com\/es\/2025\/04\/demagogia-punitiva-y-la-baja-de-imputabilidad-a-los-13-anos-en-argenguenza\/\"},\"author\":{\"name\":\"Mariano Quiroga\",\"@id\":\"https:\/\/www.pressenza.com\/es\/#\/schema\/person\/a0856fe41d8234b92503e6b28dc2585e\"},\"headline\":\"Demagogia punitiva y la baja de imputabilidad a los 13 a\u00f1os en Argeng\u00fcenza\",\"datePublished\":\"2025-04-06T02:14:05+00:00\",\"dateModified\":\"2025-04-06T03:35:22+00:00\",\"mainEntityOfPage\":{\"@id\":\"https:\/\/www.pressenza.com\/es\/2025\/04\/demagogia-punitiva-y-la-baja-de-imputabilidad-a-los-13-anos-en-argenguenza\/\"},\"wordCount\":1318,\"publisher\":{\"@id\":\"https:\/\/www.pressenza.com\/es\/#organization\"},\"image\":{\"@id\":\"https:\/\/www.pressenza.com\/es\/2025\/04\/demagogia-punitiva-y-la-baja-de-imputabilidad-a-los-13-anos-en-argenguenza\/#primaryimage\"},\"thumbnailUrl\":\"https:\/\/www.pressenza.com\/wp-content\/uploads\/2025\/04\/WhatsApp-Image-2025-04-05-at-19.57.21.jpeg\",\"keywords\":[\"Argentina\",\"edad de imputabilidad\",\"Federico Sturzenegger\",\"infancias\",\"Javier Milei\",\"justicia\",\"ni\u00f1ez\",\"NI\u00d1OS\"],\"articleSection\":[\"Contenido Original\",\"Derechos Humanos\",\"Opiniones\",\"Pol\u00edtica\",\"Sudam\u00e9rica\"],\"inLanguage\":\"es\"},{\"@type\":\"WebPage\",\"@id\":\"https:\/\/www.pressenza.com\/es\/2025\/04\/demagogia-punitiva-y-la-baja-de-imputabilidad-a-los-13-anos-en-argenguenza\/\",\"url\":\"https:\/\/www.pressenza.com\/es\/2025\/04\/demagogia-punitiva-y-la-baja-de-imputabilidad-a-los-13-anos-en-argenguenza\/\",\"name\":\"Demagogia punitiva y la baja de imputabilidad a los 13 a\u00f1os en Argeng\u00fcenza\",\"isPartOf\":{\"@id\":\"https:\/\/www.pressenza.com\/es\/#website\"},\"primaryImageOfPage\":{\"@id\":\"https:\/\/www.pressenza.com\/es\/2025\/04\/demagogia-punitiva-y-la-baja-de-imputabilidad-a-los-13-anos-en-argenguenza\/#primaryimage\"},\"image\":{\"@id\":\"https:\/\/www.pressenza.com\/es\/2025\/04\/demagogia-punitiva-y-la-baja-de-imputabilidad-a-los-13-anos-en-argenguenza\/#primaryimage\"},\"thumbnailUrl\":\"https:\/\/www.pressenza.com\/wp-content\/uploads\/2025\/04\/WhatsApp-Image-2025-04-05-at-19.57.21.jpeg\",\"datePublished\":\"2025-04-06T02:14:05+00:00\",\"dateModified\":\"2025-04-06T03:35:22+00:00\",\"description\":\"La tragedia que estamos padeciendo los argentinos es tan enorme, que requerir\u00eda un trabajo sistem\u00e1tico y sostenido para su descripci\u00f3n. La posolog\u00eda\",\"breadcrumb\":{\"@id\":\"https:\/\/www.pressenza.com\/es\/2025\/04\/demagogia-punitiva-y-la-baja-de-imputabilidad-a-los-13-anos-en-argenguenza\/#breadcrumb\"},\"inLanguage\":\"es\",\"potentialAction\":[{\"@type\":\"ReadAction\",\"target\":[\"https:\/\/www.pressenza.com\/es\/2025\/04\/demagogia-punitiva-y-la-baja-de-imputabilidad-a-los-13-anos-en-argenguenza\/\"]}]},{\"@type\":\"ImageObject\",\"inLanguage\":\"es\",\"@id\":\"https:\/\/www.pressenza.com\/es\/2025\/04\/demagogia-punitiva-y-la-baja-de-imputabilidad-a-los-13-anos-en-argenguenza\/#primaryimage\",\"url\":\"https:\/\/www.pressenza.com\/wp-content\/uploads\/2025\/04\/WhatsApp-Image-2025-04-05-at-19.57.21.jpeg\",\"contentUrl\":\"https:\/\/www.pressenza.com\/wp-content\/uploads\/2025\/04\/WhatsApp-Image-2025-04-05-at-19.57.21.jpeg\",\"width\":720,\"height\":540},{\"@type\":\"BreadcrumbList\",\"@id\":\"https:\/\/www.pressenza.com\/es\/2025\/04\/demagogia-punitiva-y-la-baja-de-imputabilidad-a-los-13-anos-en-argenguenza\/#breadcrumb\",\"itemListElement\":[{\"@type\":\"ListItem\",\"position\":1,\"name\":\"Accueil\",\"item\":\"https:\/\/www.pressenza.com\/es\/\"},{\"@type\":\"ListItem\",\"position\":2,\"name\":\"Demagogia punitiva y la baja de imputabilidad a los 13 a\u00f1os en Argeng\u00fcenza\"}]},{\"@type\":\"WebSite\",\"@id\":\"https:\/\/www.pressenza.com\/es\/#website\",\"url\":\"https:\/\/www.pressenza.com\/es\/\",\"name\":\"Pressenza\",\"description\":\"International Press Agency\",\"publisher\":{\"@id\":\"https:\/\/www.pressenza.com\/es\/#organization\"},\"potentialAction\":[{\"@type\":\"SearchAction\",\"target\":{\"@type\":\"EntryPoint\",\"urlTemplate\":\"https:\/\/www.pressenza.com\/es\/?s={search_term_string}\"},\"query-input\":{\"@type\":\"PropertyValueSpecification\",\"valueRequired\":true,\"valueName\":\"search_term_string\"}}],\"inLanguage\":\"es\"},{\"@type\":\"Organization\",\"@id\":\"https:\/\/www.pressenza.com\/es\/#organization\",\"name\":\"Pressenza\",\"url\":\"https:\/\/www.pressenza.com\/es\/\",\"logo\":{\"@type\":\"ImageObject\",\"inLanguage\":\"es\",\"@id\":\"https:\/\/www.pressenza.com\/es\/#\/schema\/logo\/image\/\",\"url\":\"https:\/\/www.pressenza.com\/wp-content\/uploads\/2022\/10\/pressenza_logo_200x200.jpg\",\"contentUrl\":\"https:\/\/www.pressenza.com\/wp-content\/uploads\/2022\/10\/pressenza_logo_200x200.jpg\",\"width\":200,\"height\":200,\"caption\":\"Pressenza\"},\"image\":{\"@id\":\"https:\/\/www.pressenza.com\/es\/#\/schema\/logo\/image\/\"},\"sameAs\":[\"https:\/\/www.facebook.com\/PressenzaItalia\",\"https:\/\/x.com\/PressenzaIPA\"]},{\"@type\":\"Person\",\"@id\":\"https:\/\/www.pressenza.com\/es\/#\/schema\/person\/a0856fe41d8234b92503e6b28dc2585e\",\"name\":\"Mariano Quiroga\",\"description\":\"Born in Buenos Aires, Argentina, in 1976, Mariano is a journalist, poet and international editor for Pressenza. His career includes publications in different countries and languages. Currently he is presenter on radio programmes in Ecuador and Argentina. A humanist communicator specialising in international politics, his vocation has led him to seek to build bridges that allow relationships to be made between data, events, people and contexts in order to create an inclusive look that synthesises the noblest searches for social justice and humanisation of the planet.\",\"sameAs\":[\"https:\/\/www.facebook.com\/mariano.quiroga.779\",\"https:\/\/x.com\/MaruchoQuiroga\"],\"url\":\"https:\/\/www.pressenza.com\/es\/author\/mariano-quiroga\/\"}]}<\/script>\n<!-- \/ Yoast SEO plugin. -->","yoast_head_json":{"title":"Demagogia punitiva y la baja de imputabilidad a los 13 a\u00f1os en Argeng\u00fcenza","description":"La tragedia que estamos padeciendo los argentinos es tan enorme, que requerir\u00eda un trabajo sistem\u00e1tico y sostenido para su descripci\u00f3n. La posolog\u00eda","robots":{"index":"index","follow":"follow","max-snippet":"max-snippet:-1","max-image-preview":"max-image-preview:large","max-video-preview":"max-video-preview:-1"},"canonical":"https:\/\/www.pressenza.com\/es\/2025\/04\/demagogia-punitiva-y-la-baja-de-imputabilidad-a-los-13-anos-en-argenguenza\/","og_locale":"es_ES","og_type":"article","og_title":"Demagogia punitiva y la baja de imputabilidad a los 13 a\u00f1os en Argeng\u00fcenza","og_description":"La tragedia que estamos padeciendo los argentinos es tan enorme, que requerir\u00eda un trabajo sistem\u00e1tico y sostenido para su descripci\u00f3n. La posolog\u00eda","og_url":"https:\/\/www.pressenza.com\/es\/2025\/04\/demagogia-punitiva-y-la-baja-de-imputabilidad-a-los-13-anos-en-argenguenza\/","og_site_name":"Pressenza","article_publisher":"https:\/\/www.facebook.com\/PressenzaItalia","article_author":"https:\/\/www.facebook.com\/mariano.quiroga.779","article_published_time":"2025-04-06T02:14:05+00:00","article_modified_time":"2025-04-06T03:35:22+00:00","og_image":[{"width":720,"height":540,"url":"https:\/\/www.pressenza.com\/wp-content\/uploads\/2025\/04\/WhatsApp-Image-2025-04-05-at-19.57.21.jpeg","type":"image\/jpeg"}],"author":"Mariano Quiroga","twitter_card":"summary_large_image","twitter_creator":"@MaruchoQuiroga","twitter_site":"@PressenzaIPA","twitter_misc":{"Escrito por":"Mariano Quiroga","Tiempo de lectura":"6 minutos"},"schema":{"@context":"https:\/\/schema.org","@graph":[{"@type":"Article","@id":"https:\/\/www.pressenza.com\/es\/2025\/04\/demagogia-punitiva-y-la-baja-de-imputabilidad-a-los-13-anos-en-argenguenza\/#article","isPartOf":{"@id":"https:\/\/www.pressenza.com\/es\/2025\/04\/demagogia-punitiva-y-la-baja-de-imputabilidad-a-los-13-anos-en-argenguenza\/"},"author":{"name":"Mariano Quiroga","@id":"https:\/\/www.pressenza.com\/es\/#\/schema\/person\/a0856fe41d8234b92503e6b28dc2585e"},"headline":"Demagogia punitiva y la baja de imputabilidad a los 13 a\u00f1os en Argeng\u00fcenza","datePublished":"2025-04-06T02:14:05+00:00","dateModified":"2025-04-06T03:35:22+00:00","mainEntityOfPage":{"@id":"https:\/\/www.pressenza.com\/es\/2025\/04\/demagogia-punitiva-y-la-baja-de-imputabilidad-a-los-13-anos-en-argenguenza\/"},"wordCount":1318,"publisher":{"@id":"https:\/\/www.pressenza.com\/es\/#organization"},"image":{"@id":"https:\/\/www.pressenza.com\/es\/2025\/04\/demagogia-punitiva-y-la-baja-de-imputabilidad-a-los-13-anos-en-argenguenza\/#primaryimage"},"thumbnailUrl":"https:\/\/www.pressenza.com\/wp-content\/uploads\/2025\/04\/WhatsApp-Image-2025-04-05-at-19.57.21.jpeg","keywords":["Argentina","edad de imputabilidad","Federico Sturzenegger","infancias","Javier Milei","justicia","ni\u00f1ez","NI\u00d1OS"],"articleSection":["Contenido Original","Derechos Humanos","Opiniones","Pol\u00edtica","Sudam\u00e9rica"],"inLanguage":"es"},{"@type":"WebPage","@id":"https:\/\/www.pressenza.com\/es\/2025\/04\/demagogia-punitiva-y-la-baja-de-imputabilidad-a-los-13-anos-en-argenguenza\/","url":"https:\/\/www.pressenza.com\/es\/2025\/04\/demagogia-punitiva-y-la-baja-de-imputabilidad-a-los-13-anos-en-argenguenza\/","name":"Demagogia punitiva y la baja de imputabilidad a los 13 a\u00f1os en Argeng\u00fcenza","isPartOf":{"@id":"https:\/\/www.pressenza.com\/es\/#website"},"primaryImageOfPage":{"@id":"https:\/\/www.pressenza.com\/es\/2025\/04\/demagogia-punitiva-y-la-baja-de-imputabilidad-a-los-13-anos-en-argenguenza\/#primaryimage"},"image":{"@id":"https:\/\/www.pressenza.com\/es\/2025\/04\/demagogia-punitiva-y-la-baja-de-imputabilidad-a-los-13-anos-en-argenguenza\/#primaryimage"},"thumbnailUrl":"https:\/\/www.pressenza.com\/wp-content\/uploads\/2025\/04\/WhatsApp-Image-2025-04-05-at-19.57.21.jpeg","datePublished":"2025-04-06T02:14:05+00:00","dateModified":"2025-04-06T03:35:22+00:00","description":"La tragedia que estamos padeciendo los argentinos es tan enorme, que requerir\u00eda un trabajo sistem\u00e1tico y sostenido para su descripci\u00f3n. La posolog\u00eda","breadcrumb":{"@id":"https:\/\/www.pressenza.com\/es\/2025\/04\/demagogia-punitiva-y-la-baja-de-imputabilidad-a-los-13-anos-en-argenguenza\/#breadcrumb"},"inLanguage":"es","potentialAction":[{"@type":"ReadAction","target":["https:\/\/www.pressenza.com\/es\/2025\/04\/demagogia-punitiva-y-la-baja-de-imputabilidad-a-los-13-anos-en-argenguenza\/"]}]},{"@type":"ImageObject","inLanguage":"es","@id":"https:\/\/www.pressenza.com\/es\/2025\/04\/demagogia-punitiva-y-la-baja-de-imputabilidad-a-los-13-anos-en-argenguenza\/#primaryimage","url":"https:\/\/www.pressenza.com\/wp-content\/uploads\/2025\/04\/WhatsApp-Image-2025-04-05-at-19.57.21.jpeg","contentUrl":"https:\/\/www.pressenza.com\/wp-content\/uploads\/2025\/04\/WhatsApp-Image-2025-04-05-at-19.57.21.jpeg","width":720,"height":540},{"@type":"BreadcrumbList","@id":"https:\/\/www.pressenza.com\/es\/2025\/04\/demagogia-punitiva-y-la-baja-de-imputabilidad-a-los-13-anos-en-argenguenza\/#breadcrumb","itemListElement":[{"@type":"ListItem","position":1,"name":"Accueil","item":"https:\/\/www.pressenza.com\/es\/"},{"@type":"ListItem","position":2,"name":"Demagogia punitiva y la baja de imputabilidad a los 13 a\u00f1os en Argeng\u00fcenza"}]},{"@type":"WebSite","@id":"https:\/\/www.pressenza.com\/es\/#website","url":"https:\/\/www.pressenza.com\/es\/","name":"Pressenza","description":"International Press Agency","publisher":{"@id":"https:\/\/www.pressenza.com\/es\/#organization"},"potentialAction":[{"@type":"SearchAction","target":{"@type":"EntryPoint","urlTemplate":"https:\/\/www.pressenza.com\/es\/?s={search_term_string}"},"query-input":{"@type":"PropertyValueSpecification","valueRequired":true,"valueName":"search_term_string"}}],"inLanguage":"es"},{"@type":"Organization","@id":"https:\/\/www.pressenza.com\/es\/#organization","name":"Pressenza","url":"https:\/\/www.pressenza.com\/es\/","logo":{"@type":"ImageObject","inLanguage":"es","@id":"https:\/\/www.pressenza.com\/es\/#\/schema\/logo\/image\/","url":"https:\/\/www.pressenza.com\/wp-content\/uploads\/2022\/10\/pressenza_logo_200x200.jpg","contentUrl":"https:\/\/www.pressenza.com\/wp-content\/uploads\/2022\/10\/pressenza_logo_200x200.jpg","width":200,"height":200,"caption":"Pressenza"},"image":{"@id":"https:\/\/www.pressenza.com\/es\/#\/schema\/logo\/image\/"},"sameAs":["https:\/\/www.facebook.com\/PressenzaItalia","https:\/\/x.com\/PressenzaIPA"]},{"@type":"Person","@id":"https:\/\/www.pressenza.com\/es\/#\/schema\/person\/a0856fe41d8234b92503e6b28dc2585e","name":"Mariano Quiroga","description":"Born in Buenos Aires, Argentina, in 1976, Mariano is a journalist, poet and international editor for Pressenza. His career includes publications in different countries and languages. Currently he is presenter on radio programmes in Ecuador and Argentina. A humanist communicator specialising in international politics, his vocation has led him to seek to build bridges that allow relationships to be made between data, events, people and contexts in order to create an inclusive look that synthesises the noblest searches for social justice and humanisation of the planet.","sameAs":["https:\/\/www.facebook.com\/mariano.quiroga.779","https:\/\/x.com\/MaruchoQuiroga"],"url":"https:\/\/www.pressenza.com\/es\/author\/mariano-quiroga\/"}]}},"place":"Ciudad de Buenos Aires, Argentina","original_article_url":"","_links":{"self":[{"href":"https:\/\/www.pressenza.com\/es\/wp-json\/wp\/v2\/posts\/2595415","targetHints":{"allow":["GET"]}}],"collection":[{"href":"https:\/\/www.pressenza.com\/es\/wp-json\/wp\/v2\/posts"}],"about":[{"href":"https:\/\/www.pressenza.com\/es\/wp-json\/wp\/v2\/types\/post"}],"author":[{"embeddable":true,"href":"https:\/\/www.pressenza.com\/es\/wp-json\/wp\/v2\/users\/96"}],"replies":[{"embeddable":true,"href":"https:\/\/www.pressenza.com\/es\/wp-json\/wp\/v2\/comments?post=2595415"}],"version-history":[{"count":0,"href":"https:\/\/www.pressenza.com\/es\/wp-json\/wp\/v2\/posts\/2595415\/revisions"}],"wp:featuredmedia":[{"embeddable":true,"href":"https:\/\/www.pressenza.com\/es\/wp-json\/wp\/v2\/media\/2595416"}],"wp:attachment":[{"href":"https:\/\/www.pressenza.com\/es\/wp-json\/wp\/v2\/media?parent=2595415"}],"wp:term":[{"taxonomy":"category","embeddable":true,"href":"https:\/\/www.pressenza.com\/es\/wp-json\/wp\/v2\/categories?post=2595415"},{"taxonomy":"post_tag","embeddable":true,"href":"https:\/\/www.pressenza.com\/es\/wp-json\/wp\/v2\/tags?post=2595415"}],"curies":[{"name":"wp","href":"https:\/\/api.w.org\/{rel}","templated":true}]}}