{"id":2594085,"date":"2025-03-31T15:26:30","date_gmt":"2025-03-31T14:26:30","guid":{"rendered":"https:\/\/www.pressenza.com\/?p=2594085"},"modified":"2025-03-31T15:26:30","modified_gmt":"2025-03-31T14:26:30","slug":"estados-unidos-no-se-hara-de-groenlandia-sostiene-nielsen","status":"publish","type":"post","link":"https:\/\/www.pressenza.com\/es\/2025\/03\/estados-unidos-no-se-hara-de-groenlandia-sostiene-nielsen\/","title":{"rendered":"\u00abEstados Unidos no se har\u00e1 de Groenlandia\u00bb sostiene Nielsen"},"content":{"rendered":"<p>\u00abEl presidente Trump dice que Estados Unidos tendr\u00e1 Groenlandia. Lo dir\u00e9 claro: EE.UU. no la tendr\u00e1. No pertenecemos a otros. Nosotros mismos decidimos nuestro futuro\u00bb, escribi\u00f3 en su p\u00e1gina en la red social Facebook el pr\u00f3ximo presidente de Groenlandia, Jens-Frederik Nielsen. Estados Unidos \u00abno se har\u00e1\u00bb con este territorio aut\u00f3nomo dan\u00e9s, sostuvo en respuesta a las \u00faltimas declaraciones de Trump.<\/p>\n<p>Nielsen inst\u00f3 a no dejarse \u00absacudir\u00bb ni reaccionar con \u00abmiedo\u00bb, sino con tranquilidad, uni\u00f3n y aplomo \u00abpara mostrarle al Presidente norteamericano que Groenlandia es nuestra\u00bb. \u00abAs\u00ed era ayer, as\u00ed es hoy y as\u00ed ser\u00e1 en adelante\u00bb, se\u00f1al\u00f3 Nielsen, cuyo partido, el liberal Demokraatit, gan\u00f3 las elecciones auton\u00f3micas del pasado d\u00eda 11 de marzo.<\/p>\n<p>Una de las primeras tareas de Nielsen ser\u00e1 reunirse la pr\u00f3xima semana con la primera ministra danesa, Mette Frederiksen, que visitar\u00e1 la isla \u00e1rtica del 2 al 4 de abril para discutir \u00abla colaboraci\u00f3n entre Groenlandia y Dinamarca\u00bb, seg\u00fan un comunicado emitido ayer por su despacho.<\/p>\n<p>Estas declaraciones se dieron luego que el vicepresidente estadounidense, JD Vance, visitara el viernes pasado con su esposa y otros miembros de la administraci\u00f3n Trump la base estadounidense de Pittufik, en el noroeste de la isla.<\/p>\n","protected":false},"excerpt":{"rendered":"<p>\u00abEl presidente Trump dice que Estados Unidos tendr\u00e1 Groenlandia. Lo dir\u00e9 claro: EE.UU. no la tendr\u00e1. No pertenecemos a otros. Nosotros mismos decidimos nuestro futuro\u00bb, escribi\u00f3 en su p\u00e1gina en la red social Facebook el pr\u00f3ximo presidente de Groenlandia, Jens-Frederik&hellip;<\/p>\n","protected":false},"author":19,"featured_media":2594089,"comment_status":"closed","ping_status":"closed","sticky":false,"template":"","format":"standard","meta":{"footnotes":""},"categories":[76,11389,66,106739],"tags":[26187,28280],"class_list":["post-2594085","post","type-post","status-publish","format-standard","has-post-thumbnail","hentry","category-relaciones-exteriores","category-contenido-original","category-europa-es","category-noticia","tag-donald-trump-es","tag-groenlandia"],"yoast_head":"<!-- This site is optimized with the Yoast SEO plugin v27.1.1 - https:\/\/yoast.com\/product\/yoast-seo-wordpress\/ -->\n<title>&quot;Estados Unidos no se har\u00e1 de Groenlandia&quot; sostiene Nielsen<\/title>\n<meta name=\"description\" content=\"&quot;El presidente Trump dice que Estados Unidos tendr\u00e1 Groenlandia. Lo dir\u00e9 claro: EE.UU. no la tendr\u00e1. No pertenecemos a otros. Nosotros mismos decidimos\" \/>\n<meta name=\"robots\" content=\"index, follow, max-snippet:-1, max-image-preview:large, max-video-preview:-1\" \/>\n<link rel=\"canonical\" href=\"https:\/\/www.pressenza.com\/es\/2025\/03\/estados-unidos-no-se-hara-de-groenlandia-sostiene-nielsen\/\" \/>\n<meta property=\"og:locale\" content=\"es_ES\" \/>\n<meta property=\"og:type\" content=\"article\" \/>\n<meta property=\"og:title\" content=\"&quot;Estados Unidos no se har\u00e1 de Groenlandia&quot; sostiene Nielsen\" \/>\n<meta property=\"og:description\" content=\"&quot;El presidente Trump dice que Estados Unidos tendr\u00e1 Groenlandia. Lo dir\u00e9 claro: EE.UU. no la tendr\u00e1. No pertenecemos a otros. Nosotros mismos decidimos\" \/>\n<meta property=\"og:url\" content=\"https:\/\/www.pressenza.com\/es\/2025\/03\/estados-unidos-no-se-hara-de-groenlandia-sostiene-nielsen\/\" \/>\n<meta property=\"og:site_name\" content=\"Pressenza\" \/>\n<meta property=\"article:publisher\" content=\"https:\/\/www.facebook.com\/PressenzaItalia\" \/>\n<meta property=\"article:author\" content=\"https:\/\/www.facebook.com\/pressenza\" \/>\n<meta property=\"article:published_time\" content=\"2025-03-31T14:26:30+00:00\" \/>\n<meta property=\"og:image\" content=\"https:\/\/www.pressenza.com\/wp-content\/uploads\/2025\/03\/Jens_Nielsen.jpg\" \/>\n\t<meta property=\"og:image:width\" content=\"250\" \/>\n\t<meta property=\"og:image:height\" content=\"250\" \/>\n\t<meta property=\"og:image:type\" content=\"image\/jpeg\" \/>\n<meta name=\"author\" content=\"Pressenza IPA\" \/>\n<meta name=\"twitter:card\" content=\"summary_large_image\" \/>\n<meta name=\"twitter:creator\" content=\"@PressenzaIPA\" \/>\n<meta name=\"twitter:site\" content=\"@PressenzaIPA\" \/>\n<meta name=\"twitter:label1\" content=\"Escrito por\" \/>\n\t<meta name=\"twitter:data1\" content=\"Pressenza IPA\" \/>\n\t<meta name=\"twitter:label2\" content=\"Tiempo de lectura\" \/>\n\t<meta name=\"twitter:data2\" content=\"1 minuto\" \/>\n<script type=\"application\/ld+json\" class=\"yoast-schema-graph\">{\"@context\":\"https:\/\/schema.org\",\"@graph\":[{\"@type\":\"Article\",\"@id\":\"https:\/\/www.pressenza.com\/es\/2025\/03\/estados-unidos-no-se-hara-de-groenlandia-sostiene-nielsen\/#article\",\"isPartOf\":{\"@id\":\"https:\/\/www.pressenza.com\/es\/2025\/03\/estados-unidos-no-se-hara-de-groenlandia-sostiene-nielsen\/\"},\"author\":{\"name\":\"Pressenza IPA\",\"@id\":\"https:\/\/www.pressenza.com\/es\/#\/schema\/person\/010e5d02bcf40965427a1289a4cc8d75\"},\"headline\":\"\u00abEstados Unidos no se har\u00e1 de Groenlandia\u00bb sostiene Nielsen\",\"datePublished\":\"2025-03-31T14:26:30+00:00\",\"mainEntityOfPage\":{\"@id\":\"https:\/\/www.pressenza.com\/es\/2025\/03\/estados-unidos-no-se-hara-de-groenlandia-sostiene-nielsen\/\"},\"wordCount\":214,\"publisher\":{\"@id\":\"https:\/\/www.pressenza.com\/es\/#organization\"},\"image\":{\"@id\":\"https:\/\/www.pressenza.com\/es\/2025\/03\/estados-unidos-no-se-hara-de-groenlandia-sostiene-nielsen\/#primaryimage\"},\"thumbnailUrl\":\"https:\/\/www.pressenza.com\/wp-content\/uploads\/2025\/03\/Jens_Nielsen.jpg\",\"keywords\":[\"Donald Trump\",\"Groenlandia\"],\"articleSection\":[\"Asuntos internacionales\",\"Contenido Original\",\"Europa\",\"Noticia\"],\"inLanguage\":\"es\"},{\"@type\":\"WebPage\",\"@id\":\"https:\/\/www.pressenza.com\/es\/2025\/03\/estados-unidos-no-se-hara-de-groenlandia-sostiene-nielsen\/\",\"url\":\"https:\/\/www.pressenza.com\/es\/2025\/03\/estados-unidos-no-se-hara-de-groenlandia-sostiene-nielsen\/\",\"name\":\"\\\"Estados Unidos no se har\u00e1 de Groenlandia\\\" sostiene Nielsen\",\"isPartOf\":{\"@id\":\"https:\/\/www.pressenza.com\/es\/#website\"},\"primaryImageOfPage\":{\"@id\":\"https:\/\/www.pressenza.com\/es\/2025\/03\/estados-unidos-no-se-hara-de-groenlandia-sostiene-nielsen\/#primaryimage\"},\"image\":{\"@id\":\"https:\/\/www.pressenza.com\/es\/2025\/03\/estados-unidos-no-se-hara-de-groenlandia-sostiene-nielsen\/#primaryimage\"},\"thumbnailUrl\":\"https:\/\/www.pressenza.com\/wp-content\/uploads\/2025\/03\/Jens_Nielsen.jpg\",\"datePublished\":\"2025-03-31T14:26:30+00:00\",\"description\":\"\\\"El presidente Trump dice que Estados Unidos tendr\u00e1 Groenlandia. Lo dir\u00e9 claro: EE.UU. no la tendr\u00e1. No pertenecemos a otros. Nosotros mismos decidimos\",\"breadcrumb\":{\"@id\":\"https:\/\/www.pressenza.com\/es\/2025\/03\/estados-unidos-no-se-hara-de-groenlandia-sostiene-nielsen\/#breadcrumb\"},\"inLanguage\":\"es\",\"potentialAction\":[{\"@type\":\"ReadAction\",\"target\":[\"https:\/\/www.pressenza.com\/es\/2025\/03\/estados-unidos-no-se-hara-de-groenlandia-sostiene-nielsen\/\"]}]},{\"@type\":\"ImageObject\",\"inLanguage\":\"es\",\"@id\":\"https:\/\/www.pressenza.com\/es\/2025\/03\/estados-unidos-no-se-hara-de-groenlandia-sostiene-nielsen\/#primaryimage\",\"url\":\"https:\/\/www.pressenza.com\/wp-content\/uploads\/2025\/03\/Jens_Nielsen.jpg\",\"contentUrl\":\"https:\/\/www.pressenza.com\/wp-content\/uploads\/2025\/03\/Jens_Nielsen.jpg\",\"width\":250,\"height\":250},{\"@type\":\"BreadcrumbList\",\"@id\":\"https:\/\/www.pressenza.com\/es\/2025\/03\/estados-unidos-no-se-hara-de-groenlandia-sostiene-nielsen\/#breadcrumb\",\"itemListElement\":[{\"@type\":\"ListItem\",\"position\":1,\"name\":\"Accueil\",\"item\":\"https:\/\/www.pressenza.com\/es\/\"},{\"@type\":\"ListItem\",\"position\":2,\"name\":\"\u00abEstados Unidos no se har\u00e1 de Groenlandia\u00bb sostiene Nielsen\"}]},{\"@type\":\"WebSite\",\"@id\":\"https:\/\/www.pressenza.com\/es\/#website\",\"url\":\"https:\/\/www.pressenza.com\/es\/\",\"name\":\"Pressenza\",\"description\":\"International Press Agency\",\"publisher\":{\"@id\":\"https:\/\/www.pressenza.com\/es\/#organization\"},\"potentialAction\":[{\"@type\":\"SearchAction\",\"target\":{\"@type\":\"EntryPoint\",\"urlTemplate\":\"https:\/\/www.pressenza.com\/es\/?s={search_term_string}\"},\"query-input\":{\"@type\":\"PropertyValueSpecification\",\"valueRequired\":true,\"valueName\":\"search_term_string\"}}],\"inLanguage\":\"es\"},{\"@type\":\"Organization\",\"@id\":\"https:\/\/www.pressenza.com\/es\/#organization\",\"name\":\"Pressenza\",\"url\":\"https:\/\/www.pressenza.com\/es\/\",\"logo\":{\"@type\":\"ImageObject\",\"inLanguage\":\"es\",\"@id\":\"https:\/\/www.pressenza.com\/es\/#\/schema\/logo\/image\/\",\"url\":\"https:\/\/www.pressenza.com\/wp-content\/uploads\/2022\/10\/pressenza_logo_200x200.jpg\",\"contentUrl\":\"https:\/\/www.pressenza.com\/wp-content\/uploads\/2022\/10\/pressenza_logo_200x200.jpg\",\"width\":200,\"height\":200,\"caption\":\"Pressenza\"},\"image\":{\"@id\":\"https:\/\/www.pressenza.com\/es\/#\/schema\/logo\/image\/\"},\"sameAs\":[\"https:\/\/www.facebook.com\/PressenzaItalia\",\"https:\/\/x.com\/PressenzaIPA\"]},{\"@type\":\"Person\",\"@id\":\"https:\/\/www.pressenza.com\/es\/#\/schema\/person\/010e5d02bcf40965427a1289a4cc8d75\",\"name\":\"Pressenza IPA\",\"description\":\"News from Pressenza IPA correspondents\",\"sameAs\":[\"https:\/\/www.facebook.com\/pressenza\",\"https:\/\/x.com\/PressenzaIPA\"],\"url\":\"https:\/\/www.pressenza.com\/es\/author\/pressenza-ipa\/\"}]}<\/script>\n<!-- \/ Yoast SEO plugin. -->","yoast_head_json":{"title":"\"Estados Unidos no se har\u00e1 de Groenlandia\" sostiene Nielsen","description":"\"El presidente Trump dice que Estados Unidos tendr\u00e1 Groenlandia. Lo dir\u00e9 claro: EE.UU. no la tendr\u00e1. No pertenecemos a otros. Nosotros mismos decidimos","robots":{"index":"index","follow":"follow","max-snippet":"max-snippet:-1","max-image-preview":"max-image-preview:large","max-video-preview":"max-video-preview:-1"},"canonical":"https:\/\/www.pressenza.com\/es\/2025\/03\/estados-unidos-no-se-hara-de-groenlandia-sostiene-nielsen\/","og_locale":"es_ES","og_type":"article","og_title":"\"Estados Unidos no se har\u00e1 de Groenlandia\" sostiene Nielsen","og_description":"\"El presidente Trump dice que Estados Unidos tendr\u00e1 Groenlandia. Lo dir\u00e9 claro: EE.UU. no la tendr\u00e1. No pertenecemos a otros. Nosotros mismos decidimos","og_url":"https:\/\/www.pressenza.com\/es\/2025\/03\/estados-unidos-no-se-hara-de-groenlandia-sostiene-nielsen\/","og_site_name":"Pressenza","article_publisher":"https:\/\/www.facebook.com\/PressenzaItalia","article_author":"https:\/\/www.facebook.com\/pressenza","article_published_time":"2025-03-31T14:26:30+00:00","og_image":[{"width":250,"height":250,"url":"https:\/\/www.pressenza.com\/wp-content\/uploads\/2025\/03\/Jens_Nielsen.jpg","type":"image\/jpeg"}],"author":"Pressenza IPA","twitter_card":"summary_large_image","twitter_creator":"@PressenzaIPA","twitter_site":"@PressenzaIPA","twitter_misc":{"Escrito por":"Pressenza IPA","Tiempo de lectura":"1 minuto"},"schema":{"@context":"https:\/\/schema.org","@graph":[{"@type":"Article","@id":"https:\/\/www.pressenza.com\/es\/2025\/03\/estados-unidos-no-se-hara-de-groenlandia-sostiene-nielsen\/#article","isPartOf":{"@id":"https:\/\/www.pressenza.com\/es\/2025\/03\/estados-unidos-no-se-hara-de-groenlandia-sostiene-nielsen\/"},"author":{"name":"Pressenza IPA","@id":"https:\/\/www.pressenza.com\/es\/#\/schema\/person\/010e5d02bcf40965427a1289a4cc8d75"},"headline":"\u00abEstados Unidos no se har\u00e1 de Groenlandia\u00bb sostiene Nielsen","datePublished":"2025-03-31T14:26:30+00:00","mainEntityOfPage":{"@id":"https:\/\/www.pressenza.com\/es\/2025\/03\/estados-unidos-no-se-hara-de-groenlandia-sostiene-nielsen\/"},"wordCount":214,"publisher":{"@id":"https:\/\/www.pressenza.com\/es\/#organization"},"image":{"@id":"https:\/\/www.pressenza.com\/es\/2025\/03\/estados-unidos-no-se-hara-de-groenlandia-sostiene-nielsen\/#primaryimage"},"thumbnailUrl":"https:\/\/www.pressenza.com\/wp-content\/uploads\/2025\/03\/Jens_Nielsen.jpg","keywords":["Donald Trump","Groenlandia"],"articleSection":["Asuntos internacionales","Contenido Original","Europa","Noticia"],"inLanguage":"es"},{"@type":"WebPage","@id":"https:\/\/www.pressenza.com\/es\/2025\/03\/estados-unidos-no-se-hara-de-groenlandia-sostiene-nielsen\/","url":"https:\/\/www.pressenza.com\/es\/2025\/03\/estados-unidos-no-se-hara-de-groenlandia-sostiene-nielsen\/","name":"\"Estados Unidos no se har\u00e1 de Groenlandia\" sostiene Nielsen","isPartOf":{"@id":"https:\/\/www.pressenza.com\/es\/#website"},"primaryImageOfPage":{"@id":"https:\/\/www.pressenza.com\/es\/2025\/03\/estados-unidos-no-se-hara-de-groenlandia-sostiene-nielsen\/#primaryimage"},"image":{"@id":"https:\/\/www.pressenza.com\/es\/2025\/03\/estados-unidos-no-se-hara-de-groenlandia-sostiene-nielsen\/#primaryimage"},"thumbnailUrl":"https:\/\/www.pressenza.com\/wp-content\/uploads\/2025\/03\/Jens_Nielsen.jpg","datePublished":"2025-03-31T14:26:30+00:00","description":"\"El presidente Trump dice que Estados Unidos tendr\u00e1 Groenlandia. Lo dir\u00e9 claro: EE.UU. no la tendr\u00e1. No pertenecemos a otros. Nosotros mismos decidimos","breadcrumb":{"@id":"https:\/\/www.pressenza.com\/es\/2025\/03\/estados-unidos-no-se-hara-de-groenlandia-sostiene-nielsen\/#breadcrumb"},"inLanguage":"es","potentialAction":[{"@type":"ReadAction","target":["https:\/\/www.pressenza.com\/es\/2025\/03\/estados-unidos-no-se-hara-de-groenlandia-sostiene-nielsen\/"]}]},{"@type":"ImageObject","inLanguage":"es","@id":"https:\/\/www.pressenza.com\/es\/2025\/03\/estados-unidos-no-se-hara-de-groenlandia-sostiene-nielsen\/#primaryimage","url":"https:\/\/www.pressenza.com\/wp-content\/uploads\/2025\/03\/Jens_Nielsen.jpg","contentUrl":"https:\/\/www.pressenza.com\/wp-content\/uploads\/2025\/03\/Jens_Nielsen.jpg","width":250,"height":250},{"@type":"BreadcrumbList","@id":"https:\/\/www.pressenza.com\/es\/2025\/03\/estados-unidos-no-se-hara-de-groenlandia-sostiene-nielsen\/#breadcrumb","itemListElement":[{"@type":"ListItem","position":1,"name":"Accueil","item":"https:\/\/www.pressenza.com\/es\/"},{"@type":"ListItem","position":2,"name":"\u00abEstados Unidos no se har\u00e1 de Groenlandia\u00bb sostiene Nielsen"}]},{"@type":"WebSite","@id":"https:\/\/www.pressenza.com\/es\/#website","url":"https:\/\/www.pressenza.com\/es\/","name":"Pressenza","description":"International Press Agency","publisher":{"@id":"https:\/\/www.pressenza.com\/es\/#organization"},"potentialAction":[{"@type":"SearchAction","target":{"@type":"EntryPoint","urlTemplate":"https:\/\/www.pressenza.com\/es\/?s={search_term_string}"},"query-input":{"@type":"PropertyValueSpecification","valueRequired":true,"valueName":"search_term_string"}}],"inLanguage":"es"},{"@type":"Organization","@id":"https:\/\/www.pressenza.com\/es\/#organization","name":"Pressenza","url":"https:\/\/www.pressenza.com\/es\/","logo":{"@type":"ImageObject","inLanguage":"es","@id":"https:\/\/www.pressenza.com\/es\/#\/schema\/logo\/image\/","url":"https:\/\/www.pressenza.com\/wp-content\/uploads\/2022\/10\/pressenza_logo_200x200.jpg","contentUrl":"https:\/\/www.pressenza.com\/wp-content\/uploads\/2022\/10\/pressenza_logo_200x200.jpg","width":200,"height":200,"caption":"Pressenza"},"image":{"@id":"https:\/\/www.pressenza.com\/es\/#\/schema\/logo\/image\/"},"sameAs":["https:\/\/www.facebook.com\/PressenzaItalia","https:\/\/x.com\/PressenzaIPA"]},{"@type":"Person","@id":"https:\/\/www.pressenza.com\/es\/#\/schema\/person\/010e5d02bcf40965427a1289a4cc8d75","name":"Pressenza IPA","description":"News from Pressenza IPA correspondents","sameAs":["https:\/\/www.facebook.com\/pressenza","https:\/\/x.com\/PressenzaIPA"],"url":"https:\/\/www.pressenza.com\/es\/author\/pressenza-ipa\/"}]}},"place":"Groenlandia","original_article_url":"","_links":{"self":[{"href":"https:\/\/www.pressenza.com\/es\/wp-json\/wp\/v2\/posts\/2594085","targetHints":{"allow":["GET"]}}],"collection":[{"href":"https:\/\/www.pressenza.com\/es\/wp-json\/wp\/v2\/posts"}],"about":[{"href":"https:\/\/www.pressenza.com\/es\/wp-json\/wp\/v2\/types\/post"}],"author":[{"embeddable":true,"href":"https:\/\/www.pressenza.com\/es\/wp-json\/wp\/v2\/users\/19"}],"replies":[{"embeddable":true,"href":"https:\/\/www.pressenza.com\/es\/wp-json\/wp\/v2\/comments?post=2594085"}],"version-history":[{"count":0,"href":"https:\/\/www.pressenza.com\/es\/wp-json\/wp\/v2\/posts\/2594085\/revisions"}],"wp:featuredmedia":[{"embeddable":true,"href":"https:\/\/www.pressenza.com\/es\/wp-json\/wp\/v2\/media\/2594089"}],"wp:attachment":[{"href":"https:\/\/www.pressenza.com\/es\/wp-json\/wp\/v2\/media?parent=2594085"}],"wp:term":[{"taxonomy":"category","embeddable":true,"href":"https:\/\/www.pressenza.com\/es\/wp-json\/wp\/v2\/categories?post=2594085"},{"taxonomy":"post_tag","embeddable":true,"href":"https:\/\/www.pressenza.com\/es\/wp-json\/wp\/v2\/tags?post=2594085"}],"curies":[{"name":"wp","href":"https:\/\/api.w.org\/{rel}","templated":true}]}}