{"id":2591907,"date":"2025-03-22T13:49:00","date_gmt":"2025-03-22T13:49:00","guid":{"rendered":"https:\/\/www.pressenza.com\/?p=2591907"},"modified":"2025-03-22T13:52:04","modified_gmt":"2025-03-22T13:52:04","slug":"migrants-anti-racial-discrimination-rally-in-south-korea","status":"publish","type":"post","link":"https:\/\/www.pressenza.com\/es\/2025\/03\/migrants-anti-racial-discrimination-rally-in-south-korea\/","title":{"rendered":"Concentraci\u00f3n de migrantes contra la discriminaci\u00f3n racial en Corea del Sur"},"content":{"rendered":"<p>Para conmemorar el D\u00eda Internacional de la Eliminaci\u00f3n de la Discriminaci\u00f3n Racial, organizaciones de derechos humanos de los migrantes con sede en Corea del Sur organizaron una concentraci\u00f3n frente a las escaleras de la Plaza de la Estaci\u00f3n de Se\u00fal.<\/p>\n<p><img loading=\"lazy\" decoding=\"async\" class=\"aligncenter wp-image-2591813 size-large\" src=\"https:\/\/www.pressenza.com\/wp-content\/uploads\/2025\/03\/DSC_0768-820x547.jpg\" alt=\"\" width=\"820\" height=\"547\" srcset=\"https:\/\/www.pressenza.com\/wp-content\/uploads\/2025\/03\/DSC_0768-820x547.jpg 820w, https:\/\/www.pressenza.com\/wp-content\/uploads\/2025\/03\/DSC_0768-300x200.jpg 300w, https:\/\/www.pressenza.com\/wp-content\/uploads\/2025\/03\/DSC_0768.jpg 1920w\" sizes=\"auto, (max-width: 820px) 100vw, 820px\" \/><\/p>\n<p>Afirmaron una vez m\u00e1s crear un mundo sin odio ni discriminaci\u00f3n declarando que lo har\u00e1n realidad, aunque el cambio en la sociedad coreana siga siendo dolorosamente lento.<\/p>\n<p>Los organizadores mencionaron que, a pesar de las reiteradas recomendaciones de los organismos de derechos humanos de la ONU, incluido el Comit\u00e9 para la Eliminaci\u00f3n de la Discriminaci\u00f3n Racial (CERD), Corea del Sur no ha promulgado ni la m\u00e1s b\u00e1sica ley contra la discriminaci\u00f3n. Desde 2009, el gobierno surcoreano ha ignorado 12 recomendaciones internacionales para establecer una legislaci\u00f3n integral contra la discriminaci\u00f3n. Es una realidad vergonzosa.<\/p>\n<p>En una declaraci\u00f3n conjunta, los organizadores piden al gobierno coreano que respete la dignidad de los migrantes y garantice la igualdad de trato en todos los aspectos laborales, sanitarios y de seguridad social. Aqu\u00ed puede leer el extracto de la declaraci\u00f3n con los nueve puntos exigidos.<\/p>\n<p>\u00abLlevamos mucho tiempo luchando y solidariz\u00e1ndonos contra la discriminaci\u00f3n racial. La situaci\u00f3n mundial sigue deterior\u00e1ndose y el cambio dentro de la sociedad coreana sigue siendo dolorosamente lento. Sin embargo, nos negamos a rendirnos a la impotencia. Hoy nos reunimos de nuevo para afirmar nuestra exigencia colectiva de justicia. Nos unimos para reclamar nuestros derechos como ciudadanos, imaginar soluciones concretas y luchar por un futuro de libertad, igualdad y democracia.<\/p>\n<p>Exigimos la abolici\u00f3n de todas las formas de discriminaci\u00f3n racial. El gobierno surcoreano debe respetar la dignidad de los migrantes y garantizar la igualdad de trato en todos los aspectos laborales, sanitarios y de seguridad social. Debe poner fin a la violencia de las medidas represivas, las deportaciones y las detenciones, y garantizar el derecho de los migrantes a permanecer, sobrevivir y disfrutar de los derechos fundamentales. El gobierno debe castigar estrictamente a los grupos de odio de extrema derecha por incitar a la discriminaci\u00f3n y la clase pol\u00edtica debe cesar inmediatamente su complicidad con ellos. Todos merecemos vivir con seguridad y alegr\u00eda en nuestra vida cotidiana. Con motivo del D\u00eda Internacional de la Eliminaci\u00f3n de la Discriminaci\u00f3n Racial 2025, exigimos una vez m\u00e1s justicia\u00bb.<\/p>\n<p>\u00a1Garantizar el derecho de los trabajadores migrantes a cambiar libremente de lugar de trabajo!<\/p>\n<p>\u00a1Acabar con la concentraci\u00f3n de trabajos peligrosos en los migrantes y garantizar la seguridad industrial!<\/p>\n<p>Eliminar la violencia de g\u00e9nero y garantizar el derecho de residencia.<\/p>\n<p>Ampliar el reconocimiento de los refugiados y garantizar el derecho a quedarse a vivir.<\/p>\n<p>Abolir la discriminaci\u00f3n contra los coreanos \u00e9tnicos y los inmigrantes, y poner fin al odio contra las personas de nacionalidad china.<\/p>\n<p>Garantizar los derechos b\u00e1sicos de los ni\u00f1os y j\u00f3venes migrantes y establecer medidas de legalizaci\u00f3n permanente.<\/p>\n<p>Poner fin a la represi\u00f3n violenta y a las expulsiones de inmigrantes indocumentados, y garantizar su derecho a permanecer en el pa\u00eds.<\/p>\n<p>Establecer medidas para erradicar la explotaci\u00f3n laboral por parte de intermediarios y agencias de contrataci\u00f3n.<\/p>\n<p>\u00a1Abolir la discriminaci\u00f3n racial y promulgar una ley antidiscriminaci\u00f3n!<\/p>\n<p><em>Aqu\u00ed las fotos de la manifestaci\u00f3n de migrantes contra la discriminaci\u00f3n racial. Todas las fotos fueron tomadas por Bereket Alemayehu, el 16 de marzo de 2025, en la ciudad de Se\u00fal. <\/em><\/p>\n<p><img loading=\"lazy\" decoding=\"async\" class=\"aligncenter size-medium wp-image-2591838\" src=\"https:\/\/www.pressenza.com\/wp-content\/uploads\/2025\/03\/DSC_1022-1-300x200.jpg\" alt=\"\" width=\"300\" height=\"200\" srcset=\"https:\/\/www.pressenza.com\/wp-content\/uploads\/2025\/03\/DSC_1022-1-300x200.jpg 300w, https:\/\/www.pressenza.com\/wp-content\/uploads\/2025\/03\/DSC_1022-1-820x547.jpg 820w, https:\/\/www.pressenza.com\/wp-content\/uploads\/2025\/03\/DSC_1022-1.jpg 1920w\" sizes=\"auto, (max-width: 300px) 100vw, 300px\" \/><\/p>\n<p><img loading=\"lazy\" decoding=\"async\" class=\"aligncenter size-medium wp-image-2591837\" src=\"https:\/\/www.pressenza.com\/wp-content\/uploads\/2025\/03\/DSC_1083-4-300x200.jpg\" alt=\"\" width=\"300\" height=\"200\" srcset=\"https:\/\/www.pressenza.com\/wp-content\/uploads\/2025\/03\/DSC_1083-4-300x200.jpg 300w, https:\/\/www.pressenza.com\/wp-content\/uploads\/2025\/03\/DSC_1083-4-820x547.jpg 820w, https:\/\/www.pressenza.com\/wp-content\/uploads\/2025\/03\/DSC_1083-4.jpg 1920w\" sizes=\"auto, (max-width: 300px) 100vw, 300px\" \/><\/p>\n<p><img loading=\"lazy\" decoding=\"async\" class=\"aligncenter size-medium wp-image-2591823\" src=\"https:\/\/www.pressenza.com\/wp-content\/uploads\/2025\/03\/DSC_0930-300x200.jpg\" alt=\"\" width=\"300\" height=\"200\" srcset=\"https:\/\/www.pressenza.com\/wp-content\/uploads\/2025\/03\/DSC_0930-300x200.jpg 300w, https:\/\/www.pressenza.com\/wp-content\/uploads\/2025\/03\/DSC_0930-820x547.jpg 820w, https:\/\/www.pressenza.com\/wp-content\/uploads\/2025\/03\/DSC_0930.jpg 1920w\" sizes=\"auto, (max-width: 300px) 100vw, 300px\" \/><\/p>\n<p><img loading=\"lazy\" decoding=\"async\" class=\"aligncenter size-medium wp-image-2591817\" src=\"https:\/\/www.pressenza.com\/wp-content\/uploads\/2025\/03\/DSC_0700-300x200.jpg\" alt=\"\" width=\"300\" height=\"200\" srcset=\"https:\/\/www.pressenza.com\/wp-content\/uploads\/2025\/03\/DSC_0700-300x200.jpg 300w, https:\/\/www.pressenza.com\/wp-content\/uploads\/2025\/03\/DSC_0700-820x547.jpg 820w, https:\/\/www.pressenza.com\/wp-content\/uploads\/2025\/03\/DSC_0700.jpg 1920w\" sizes=\"auto, (max-width: 300px) 100vw, 300px\" \/><\/p>\n<p><img loading=\"lazy\" decoding=\"async\" class=\"aligncenter size-medium wp-image-2591822\" src=\"https:\/\/www.pressenza.com\/wp-content\/uploads\/2025\/03\/DSC_0854-300x200.jpg\" alt=\"\" width=\"300\" height=\"200\" srcset=\"https:\/\/www.pressenza.com\/wp-content\/uploads\/2025\/03\/DSC_0854-300x200.jpg 300w, https:\/\/www.pressenza.com\/wp-content\/uploads\/2025\/03\/DSC_0854-820x547.jpg 820w, https:\/\/www.pressenza.com\/wp-content\/uploads\/2025\/03\/DSC_0854.jpg 1920w\" sizes=\"auto, (max-width: 300px) 100vw, 300px\" \/><\/p>\n<p><img loading=\"lazy\" decoding=\"async\" class=\"aligncenter size-medium wp-image-2591842\" src=\"https:\/\/www.pressenza.com\/wp-content\/uploads\/2025\/03\/DSC_1011-1-300x200.jpg\" alt=\"\" width=\"300\" height=\"200\" srcset=\"https:\/\/www.pressenza.com\/wp-content\/uploads\/2025\/03\/DSC_1011-1-300x200.jpg 300w, https:\/\/www.pressenza.com\/wp-content\/uploads\/2025\/03\/DSC_1011-1-820x547.jpg 820w, https:\/\/www.pressenza.com\/wp-content\/uploads\/2025\/03\/DSC_1011-1.jpg 1920w\" sizes=\"auto, (max-width: 300px) 100vw, 300px\" \/><\/p>\n<p><img loading=\"lazy\" decoding=\"async\" class=\"aligncenter size-medium wp-image-2591821\" src=\"https:\/\/www.pressenza.com\/wp-content\/uploads\/2025\/03\/DSC_0837-300x200.jpg\" alt=\"\" width=\"300\" height=\"200\" srcset=\"https:\/\/www.pressenza.com\/wp-content\/uploads\/2025\/03\/DSC_0837-300x200.jpg 300w, https:\/\/www.pressenza.com\/wp-content\/uploads\/2025\/03\/DSC_0837-820x547.jpg 820w, https:\/\/www.pressenza.com\/wp-content\/uploads\/2025\/03\/DSC_0837.jpg 1920w\" sizes=\"auto, (max-width: 300px) 100vw, 300px\" \/><\/p>\n","protected":false},"excerpt":{"rendered":"<p>Para conmemorar el D\u00eda Internacional de la Eliminaci\u00f3n de la Discriminaci\u00f3n Racial, organizaciones de derechos humanos de los migrantes con sede en Corea del Sur organizaron una concentraci\u00f3n frente a las escaleras de la Plaza de la Estaci\u00f3n de Se\u00fal.&hellip;<\/p>\n","protected":false},"author":1950,"featured_media":2591914,"comment_status":"closed","ping_status":"closed","sticky":false,"template":"","format":"standard","meta":{"footnotes":""},"categories":[65,76,11389,5667],"tags":[111853,769],"class_list":["post-2591907","post","type-post","status-publish","format-standard","has-post-thumbnail","hentry","category-asia-es","category-relaciones-exteriores","category-contenido-original","category-foto-reportajes","tag-dia-de-la-eliminacion-de-la-discriminacion-racial","tag-no-discriminacion"],"yoast_head":"<!-- This site is optimized with the Yoast SEO plugin v27.1.1 - https:\/\/yoast.com\/product\/yoast-seo-wordpress\/ -->\n<title>Concentraci\u00f3n de migrantes contra la discriminaci\u00f3n racial en Corea del Sur<\/title>\n<meta name=\"description\" content=\"Para conmemorar el D\u00eda Internacional de la Eliminaci\u00f3n de la Discriminaci\u00f3n Racial, organizaciones de derechos humanos de los migrantes con sede en Corea\" \/>\n<meta name=\"robots\" content=\"index, follow, max-snippet:-1, max-image-preview:large, max-video-preview:-1\" \/>\n<link rel=\"canonical\" href=\"https:\/\/www.pressenza.com\/es\/2025\/03\/migrants-anti-racial-discrimination-rally-in-south-korea\/\" \/>\n<meta property=\"og:locale\" content=\"es_ES\" \/>\n<meta property=\"og:type\" content=\"article\" \/>\n<meta property=\"og:title\" content=\"Concentraci\u00f3n de migrantes contra la discriminaci\u00f3n racial en Corea del Sur\" \/>\n<meta property=\"og:description\" content=\"Para conmemorar el D\u00eda Internacional de la Eliminaci\u00f3n de la Discriminaci\u00f3n Racial, organizaciones de derechos humanos de los migrantes con sede en Corea\" \/>\n<meta property=\"og:url\" content=\"https:\/\/www.pressenza.com\/es\/2025\/03\/migrants-anti-racial-discrimination-rally-in-south-korea\/\" \/>\n<meta property=\"og:site_name\" content=\"Pressenza\" \/>\n<meta property=\"article:publisher\" content=\"https:\/\/www.facebook.com\/PressenzaItalia\" \/>\n<meta property=\"article:published_time\" content=\"2025-03-22T13:49:00+00:00\" \/>\n<meta property=\"article:modified_time\" content=\"2025-03-22T13:52:04+00:00\" \/>\n<meta property=\"og:image\" content=\"https:\/\/www.pressenza.com\/wp-content\/uploads\/2025\/03\/DSC_0642.jpg\" \/>\n\t<meta property=\"og:image:width\" content=\"1920\" \/>\n\t<meta property=\"og:image:height\" content=\"1614\" \/>\n\t<meta property=\"og:image:type\" content=\"image\/jpeg\" \/>\n<meta name=\"author\" content=\"Bereket Alemayehu\" \/>\n<meta name=\"twitter:card\" content=\"summary_large_image\" \/>\n<meta name=\"twitter:creator\" content=\"@PressenzaIPA\" \/>\n<meta name=\"twitter:site\" content=\"@PressenzaIPA\" \/>\n<meta name=\"twitter:label1\" content=\"Escrito por\" \/>\n\t<meta name=\"twitter:data1\" content=\"Bereket Alemayehu\" \/>\n\t<meta name=\"twitter:label2\" content=\"Tiempo de lectura\" \/>\n\t<meta name=\"twitter:data2\" content=\"5 minutos\" \/>\n<script type=\"application\/ld+json\" class=\"yoast-schema-graph\">{\"@context\":\"https:\/\/schema.org\",\"@graph\":[{\"@type\":\"Article\",\"@id\":\"https:\/\/www.pressenza.com\/es\/2025\/03\/migrants-anti-racial-discrimination-rally-in-south-korea\/#article\",\"isPartOf\":{\"@id\":\"https:\/\/www.pressenza.com\/es\/2025\/03\/migrants-anti-racial-discrimination-rally-in-south-korea\/\"},\"author\":{\"name\":\"Bereket Alemayehu\",\"@id\":\"https:\/\/www.pressenza.com\/es\/#\/schema\/person\/c8092895cb2c38469e329fcd71711178\"},\"headline\":\"Concentraci\u00f3n de migrantes contra la discriminaci\u00f3n racial en Corea del Sur\",\"datePublished\":\"2025-03-22T13:49:00+00:00\",\"dateModified\":\"2025-03-22T13:52:04+00:00\",\"mainEntityOfPage\":{\"@id\":\"https:\/\/www.pressenza.com\/es\/2025\/03\/migrants-anti-racial-discrimination-rally-in-south-korea\/\"},\"wordCount\":596,\"publisher\":{\"@id\":\"https:\/\/www.pressenza.com\/es\/#organization\"},\"image\":{\"@id\":\"https:\/\/www.pressenza.com\/es\/2025\/03\/migrants-anti-racial-discrimination-rally-in-south-korea\/#primaryimage\"},\"thumbnailUrl\":\"https:\/\/www.pressenza.com\/wp-content\/uploads\/2025\/03\/DSC_0642.jpg\",\"keywords\":[\"D\u00eda de la Eliminaci\u00f3n de la Discriminaci\u00f3n Racial\",\"No Discriminaci\u00f3n\"],\"articleSection\":[\"Asia\",\"Asuntos internacionales\",\"Contenido Original\",\"Fotorreportajes\"],\"inLanguage\":\"es\"},{\"@type\":\"WebPage\",\"@id\":\"https:\/\/www.pressenza.com\/es\/2025\/03\/migrants-anti-racial-discrimination-rally-in-south-korea\/\",\"url\":\"https:\/\/www.pressenza.com\/es\/2025\/03\/migrants-anti-racial-discrimination-rally-in-south-korea\/\",\"name\":\"Concentraci\u00f3n de migrantes contra la discriminaci\u00f3n racial en Corea del Sur\",\"isPartOf\":{\"@id\":\"https:\/\/www.pressenza.com\/es\/#website\"},\"primaryImageOfPage\":{\"@id\":\"https:\/\/www.pressenza.com\/es\/2025\/03\/migrants-anti-racial-discrimination-rally-in-south-korea\/#primaryimage\"},\"image\":{\"@id\":\"https:\/\/www.pressenza.com\/es\/2025\/03\/migrants-anti-racial-discrimination-rally-in-south-korea\/#primaryimage\"},\"thumbnailUrl\":\"https:\/\/www.pressenza.com\/wp-content\/uploads\/2025\/03\/DSC_0642.jpg\",\"datePublished\":\"2025-03-22T13:49:00+00:00\",\"dateModified\":\"2025-03-22T13:52:04+00:00\",\"description\":\"Para conmemorar el D\u00eda Internacional de la Eliminaci\u00f3n de la Discriminaci\u00f3n Racial, organizaciones de derechos humanos de los migrantes con sede en Corea\",\"breadcrumb\":{\"@id\":\"https:\/\/www.pressenza.com\/es\/2025\/03\/migrants-anti-racial-discrimination-rally-in-south-korea\/#breadcrumb\"},\"inLanguage\":\"es\",\"potentialAction\":[{\"@type\":\"ReadAction\",\"target\":[\"https:\/\/www.pressenza.com\/es\/2025\/03\/migrants-anti-racial-discrimination-rally-in-south-korea\/\"]}]},{\"@type\":\"ImageObject\",\"inLanguage\":\"es\",\"@id\":\"https:\/\/www.pressenza.com\/es\/2025\/03\/migrants-anti-racial-discrimination-rally-in-south-korea\/#primaryimage\",\"url\":\"https:\/\/www.pressenza.com\/wp-content\/uploads\/2025\/03\/DSC_0642.jpg\",\"contentUrl\":\"https:\/\/www.pressenza.com\/wp-content\/uploads\/2025\/03\/DSC_0642.jpg\",\"width\":1920,\"height\":1614},{\"@type\":\"BreadcrumbList\",\"@id\":\"https:\/\/www.pressenza.com\/es\/2025\/03\/migrants-anti-racial-discrimination-rally-in-south-korea\/#breadcrumb\",\"itemListElement\":[{\"@type\":\"ListItem\",\"position\":1,\"name\":\"Accueil\",\"item\":\"https:\/\/www.pressenza.com\/es\/\"},{\"@type\":\"ListItem\",\"position\":2,\"name\":\"Concentraci\u00f3n de migrantes contra la discriminaci\u00f3n racial en Corea del Sur\"}]},{\"@type\":\"WebSite\",\"@id\":\"https:\/\/www.pressenza.com\/es\/#website\",\"url\":\"https:\/\/www.pressenza.com\/es\/\",\"name\":\"Pressenza\",\"description\":\"International Press Agency\",\"publisher\":{\"@id\":\"https:\/\/www.pressenza.com\/es\/#organization\"},\"potentialAction\":[{\"@type\":\"SearchAction\",\"target\":{\"@type\":\"EntryPoint\",\"urlTemplate\":\"https:\/\/www.pressenza.com\/es\/?s={search_term_string}\"},\"query-input\":{\"@type\":\"PropertyValueSpecification\",\"valueRequired\":true,\"valueName\":\"search_term_string\"}}],\"inLanguage\":\"es\"},{\"@type\":\"Organization\",\"@id\":\"https:\/\/www.pressenza.com\/es\/#organization\",\"name\":\"Pressenza\",\"url\":\"https:\/\/www.pressenza.com\/es\/\",\"logo\":{\"@type\":\"ImageObject\",\"inLanguage\":\"es\",\"@id\":\"https:\/\/www.pressenza.com\/es\/#\/schema\/logo\/image\/\",\"url\":\"https:\/\/www.pressenza.com\/wp-content\/uploads\/2022\/10\/pressenza_logo_200x200.jpg\",\"contentUrl\":\"https:\/\/www.pressenza.com\/wp-content\/uploads\/2022\/10\/pressenza_logo_200x200.jpg\",\"width\":200,\"height\":200,\"caption\":\"Pressenza\"},\"image\":{\"@id\":\"https:\/\/www.pressenza.com\/es\/#\/schema\/logo\/image\/\"},\"sameAs\":[\"https:\/\/www.facebook.com\/PressenzaItalia\",\"https:\/\/x.com\/PressenzaIPA\"]},{\"@type\":\"Person\",\"@id\":\"https:\/\/www.pressenza.com\/es\/#\/schema\/person\/c8092895cb2c38469e329fcd71711178\",\"name\":\"Bereket Alemayehu\",\"description\":\"Photo artist, social activist &amp; writer based in Seoul, South Korea\",\"url\":\"https:\/\/www.pressenza.com\/es\/author\/bereket-alemayehu\/\"}]}<\/script>\n<!-- \/ Yoast SEO plugin. -->","yoast_head_json":{"title":"Concentraci\u00f3n de migrantes contra la discriminaci\u00f3n racial en Corea del Sur","description":"Para conmemorar el D\u00eda Internacional de la Eliminaci\u00f3n de la Discriminaci\u00f3n Racial, organizaciones de derechos humanos de los migrantes con sede en Corea","robots":{"index":"index","follow":"follow","max-snippet":"max-snippet:-1","max-image-preview":"max-image-preview:large","max-video-preview":"max-video-preview:-1"},"canonical":"https:\/\/www.pressenza.com\/es\/2025\/03\/migrants-anti-racial-discrimination-rally-in-south-korea\/","og_locale":"es_ES","og_type":"article","og_title":"Concentraci\u00f3n de migrantes contra la discriminaci\u00f3n racial en Corea del Sur","og_description":"Para conmemorar el D\u00eda Internacional de la Eliminaci\u00f3n de la Discriminaci\u00f3n Racial, organizaciones de derechos humanos de los migrantes con sede en Corea","og_url":"https:\/\/www.pressenza.com\/es\/2025\/03\/migrants-anti-racial-discrimination-rally-in-south-korea\/","og_site_name":"Pressenza","article_publisher":"https:\/\/www.facebook.com\/PressenzaItalia","article_published_time":"2025-03-22T13:49:00+00:00","article_modified_time":"2025-03-22T13:52:04+00:00","og_image":[{"width":1920,"height":1614,"url":"https:\/\/www.pressenza.com\/wp-content\/uploads\/2025\/03\/DSC_0642.jpg","type":"image\/jpeg"}],"author":"Bereket Alemayehu","twitter_card":"summary_large_image","twitter_creator":"@PressenzaIPA","twitter_site":"@PressenzaIPA","twitter_misc":{"Escrito por":"Bereket Alemayehu","Tiempo de lectura":"5 minutos"},"schema":{"@context":"https:\/\/schema.org","@graph":[{"@type":"Article","@id":"https:\/\/www.pressenza.com\/es\/2025\/03\/migrants-anti-racial-discrimination-rally-in-south-korea\/#article","isPartOf":{"@id":"https:\/\/www.pressenza.com\/es\/2025\/03\/migrants-anti-racial-discrimination-rally-in-south-korea\/"},"author":{"name":"Bereket Alemayehu","@id":"https:\/\/www.pressenza.com\/es\/#\/schema\/person\/c8092895cb2c38469e329fcd71711178"},"headline":"Concentraci\u00f3n de migrantes contra la discriminaci\u00f3n racial en Corea del Sur","datePublished":"2025-03-22T13:49:00+00:00","dateModified":"2025-03-22T13:52:04+00:00","mainEntityOfPage":{"@id":"https:\/\/www.pressenza.com\/es\/2025\/03\/migrants-anti-racial-discrimination-rally-in-south-korea\/"},"wordCount":596,"publisher":{"@id":"https:\/\/www.pressenza.com\/es\/#organization"},"image":{"@id":"https:\/\/www.pressenza.com\/es\/2025\/03\/migrants-anti-racial-discrimination-rally-in-south-korea\/#primaryimage"},"thumbnailUrl":"https:\/\/www.pressenza.com\/wp-content\/uploads\/2025\/03\/DSC_0642.jpg","keywords":["D\u00eda de la Eliminaci\u00f3n de la Discriminaci\u00f3n Racial","No Discriminaci\u00f3n"],"articleSection":["Asia","Asuntos internacionales","Contenido Original","Fotorreportajes"],"inLanguage":"es"},{"@type":"WebPage","@id":"https:\/\/www.pressenza.com\/es\/2025\/03\/migrants-anti-racial-discrimination-rally-in-south-korea\/","url":"https:\/\/www.pressenza.com\/es\/2025\/03\/migrants-anti-racial-discrimination-rally-in-south-korea\/","name":"Concentraci\u00f3n de migrantes contra la discriminaci\u00f3n racial en Corea del Sur","isPartOf":{"@id":"https:\/\/www.pressenza.com\/es\/#website"},"primaryImageOfPage":{"@id":"https:\/\/www.pressenza.com\/es\/2025\/03\/migrants-anti-racial-discrimination-rally-in-south-korea\/#primaryimage"},"image":{"@id":"https:\/\/www.pressenza.com\/es\/2025\/03\/migrants-anti-racial-discrimination-rally-in-south-korea\/#primaryimage"},"thumbnailUrl":"https:\/\/www.pressenza.com\/wp-content\/uploads\/2025\/03\/DSC_0642.jpg","datePublished":"2025-03-22T13:49:00+00:00","dateModified":"2025-03-22T13:52:04+00:00","description":"Para conmemorar el D\u00eda Internacional de la Eliminaci\u00f3n de la Discriminaci\u00f3n Racial, organizaciones de derechos humanos de los migrantes con sede en Corea","breadcrumb":{"@id":"https:\/\/www.pressenza.com\/es\/2025\/03\/migrants-anti-racial-discrimination-rally-in-south-korea\/#breadcrumb"},"inLanguage":"es","potentialAction":[{"@type":"ReadAction","target":["https:\/\/www.pressenza.com\/es\/2025\/03\/migrants-anti-racial-discrimination-rally-in-south-korea\/"]}]},{"@type":"ImageObject","inLanguage":"es","@id":"https:\/\/www.pressenza.com\/es\/2025\/03\/migrants-anti-racial-discrimination-rally-in-south-korea\/#primaryimage","url":"https:\/\/www.pressenza.com\/wp-content\/uploads\/2025\/03\/DSC_0642.jpg","contentUrl":"https:\/\/www.pressenza.com\/wp-content\/uploads\/2025\/03\/DSC_0642.jpg","width":1920,"height":1614},{"@type":"BreadcrumbList","@id":"https:\/\/www.pressenza.com\/es\/2025\/03\/migrants-anti-racial-discrimination-rally-in-south-korea\/#breadcrumb","itemListElement":[{"@type":"ListItem","position":1,"name":"Accueil","item":"https:\/\/www.pressenza.com\/es\/"},{"@type":"ListItem","position":2,"name":"Concentraci\u00f3n de migrantes contra la discriminaci\u00f3n racial en Corea del Sur"}]},{"@type":"WebSite","@id":"https:\/\/www.pressenza.com\/es\/#website","url":"https:\/\/www.pressenza.com\/es\/","name":"Pressenza","description":"International Press Agency","publisher":{"@id":"https:\/\/www.pressenza.com\/es\/#organization"},"potentialAction":[{"@type":"SearchAction","target":{"@type":"EntryPoint","urlTemplate":"https:\/\/www.pressenza.com\/es\/?s={search_term_string}"},"query-input":{"@type":"PropertyValueSpecification","valueRequired":true,"valueName":"search_term_string"}}],"inLanguage":"es"},{"@type":"Organization","@id":"https:\/\/www.pressenza.com\/es\/#organization","name":"Pressenza","url":"https:\/\/www.pressenza.com\/es\/","logo":{"@type":"ImageObject","inLanguage":"es","@id":"https:\/\/www.pressenza.com\/es\/#\/schema\/logo\/image\/","url":"https:\/\/www.pressenza.com\/wp-content\/uploads\/2022\/10\/pressenza_logo_200x200.jpg","contentUrl":"https:\/\/www.pressenza.com\/wp-content\/uploads\/2022\/10\/pressenza_logo_200x200.jpg","width":200,"height":200,"caption":"Pressenza"},"image":{"@id":"https:\/\/www.pressenza.com\/es\/#\/schema\/logo\/image\/"},"sameAs":["https:\/\/www.facebook.com\/PressenzaItalia","https:\/\/x.com\/PressenzaIPA"]},{"@type":"Person","@id":"https:\/\/www.pressenza.com\/es\/#\/schema\/person\/c8092895cb2c38469e329fcd71711178","name":"Bereket Alemayehu","description":"Photo artist, social activist &amp; writer based in Seoul, South Korea","url":"https:\/\/www.pressenza.com\/es\/author\/bereket-alemayehu\/"}]}},"place":"Se\u00fal, Corea del Sur","original_article_url":"","_links":{"self":[{"href":"https:\/\/www.pressenza.com\/es\/wp-json\/wp\/v2\/posts\/2591907","targetHints":{"allow":["GET"]}}],"collection":[{"href":"https:\/\/www.pressenza.com\/es\/wp-json\/wp\/v2\/posts"}],"about":[{"href":"https:\/\/www.pressenza.com\/es\/wp-json\/wp\/v2\/types\/post"}],"author":[{"embeddable":true,"href":"https:\/\/www.pressenza.com\/es\/wp-json\/wp\/v2\/users\/1950"}],"replies":[{"embeddable":true,"href":"https:\/\/www.pressenza.com\/es\/wp-json\/wp\/v2\/comments?post=2591907"}],"version-history":[{"count":0,"href":"https:\/\/www.pressenza.com\/es\/wp-json\/wp\/v2\/posts\/2591907\/revisions"}],"wp:featuredmedia":[{"embeddable":true,"href":"https:\/\/www.pressenza.com\/es\/wp-json\/wp\/v2\/media\/2591914"}],"wp:attachment":[{"href":"https:\/\/www.pressenza.com\/es\/wp-json\/wp\/v2\/media?parent=2591907"}],"wp:term":[{"taxonomy":"category","embeddable":true,"href":"https:\/\/www.pressenza.com\/es\/wp-json\/wp\/v2\/categories?post=2591907"},{"taxonomy":"post_tag","embeddable":true,"href":"https:\/\/www.pressenza.com\/es\/wp-json\/wp\/v2\/tags?post=2591907"}],"curies":[{"name":"wp","href":"https:\/\/api.w.org\/{rel}","templated":true}]}}