{"id":2590828,"date":"2025-03-18T15:48:13","date_gmt":"2025-03-18T15:48:13","guid":{"rendered":"https:\/\/www.pressenza.com\/?p=2590828"},"modified":"2025-03-18T15:48:13","modified_gmt":"2025-03-18T15:48:13","slug":"trump-y-el-nuevo-desorden-mundial","status":"publish","type":"post","link":"https:\/\/www.pressenza.com\/es\/2025\/03\/trump-y-el-nuevo-desorden-mundial\/","title":{"rendered":"Trump y el nuevo desorden mundial"},"content":{"rendered":"<p><b>por Ahmet T. Kuru<\/b><\/p>\n<p>La disputa entre el presidente de Estados Unidos, Donald Trump, y el presidente de Ucrania, Volodymyr Zelensky, en la Casa Blanca no ocurri\u00f3 por casualidad. Al contrario, fue una calculada jugada, dise\u00f1ada para se\u00f1alar a todos, especialmente a las \u00e9lites del Partido Republicano, el tipo de pol\u00edtica exterior que Trump pretende impulsar durante los pr\u00f3ximos cuatro a\u00f1os.<\/p>\n<p><b>\u00bfAislacionismo o globalismo?<\/b><\/p>\n<p>La tensi\u00f3n entre las tendencias aislacionistas y globalistas en la pol\u00edtica exterior de EE. UU. ha existido durante m\u00e1s de un siglo. Una de las expresiones m\u00e1s significativas de las aspiraciones globalistas se produjo en 1918, cuando el presidente Woodrow Wilson esboz\u00f3 sus Catorce Puntos, abogando por un nuevo orden mundial despu\u00e9s de la Primera Guerra Mundial y proponiendo la creaci\u00f3n de la Liga de Naciones. Sin embargo, cuando esta se form\u00f3, el Senado de EE. UU. se neg\u00f3 a unirse, lo que mostr\u00f3 el fuerte reflejo aislacionista de Estados Unidos.<\/p>\n<p>Los estadounidenses tienen sus razones para apoyar el aislacionismo. El pa\u00eds est\u00e1 protegido geogr\u00e1ficamente por dos oc\u00e9anos y solo comparte fronteras con Canad\u00e1 y M\u00e9xico, lo que le proporciona seguridad. Adem\u00e1s, su ubicaci\u00f3n lo mantiene alejado de Europa y Asia, lo que refuerza la inclinaci\u00f3n a evitar enredarse en conflictos extranjeros. Otra raz\u00f3n para un aislacionismo introspectivo es el gran tama\u00f1o y la diversidad interna de Estados Unidos. Al consistir su pa\u00eds en una federaci\u00f3n compuesta por 50 estados y poseer una masa continental casi 40 veces mayor que el Reino Unido, los estadounidenses a menudo consideran que su territorio es suficiente para el desarrollo y la exploraci\u00f3n, lo que reduce la necesidad de viajar al resto del mundo.<\/p>\n<p>A pesar de todas estas condiciones, Estados Unidos adopt\u00f3 una pol\u00edtica exterior globalista despu\u00e9s de la Segunda Guerra Mundial. Derrot\u00f3 a Jap\u00f3n y Alemania y luego aplic\u00f3 una pol\u00edtica de contenci\u00f3n global contra la Uni\u00f3n Sovi\u00e9tica. Durante este per\u00edodo, Estados Unidos fue responsable de casi el 40 % de la producci\u00f3n econ\u00f3mica mundial. La necesidad de las empresas estadounidenses de nuevos mercados internacionales y la creciente dependencia de las importaciones de petr\u00f3leo hicieron de las pol\u00edticas globalistas un imperativo econ\u00f3mico.<\/p>\n<p>Con el colapso de la Uni\u00f3n Sovi\u00e9tica, la Guerra Fr\u00eda lleg\u00f3 a su fin. Sin embargo, una d\u00e9cada despu\u00e9s, los atentados del 11 de septiembre de 2001 marcaron el comienzo de una nueva prioridad mundial: la guerra contra el terrorismo. La administraci\u00f3n de George W. Bush invadi\u00f3 Irak y Afganist\u00e1n. Aunque Barack Obama consider\u00f3 estas invasiones como errores estrat\u00e9gicos, su administraci\u00f3n mantuvo en gran medida las pol\u00edticas globalistas. Trump, por el contrario, gan\u00f3 las elecciones con el lema \u00abAm\u00e9rica primero\u00bb en su primer mandato, lo que indica un giro hacia el aislacionismo. Sin embargo, su presidencia experiment\u00f3 pocos cambios sustanciales en pol\u00edtica exterior. Despu\u00e9s de Trump, la administraci\u00f3n de Joe Biden reafirm\u00f3 la alianza occidental bajo el liderazgo de EE.UU. en respuesta a la invasi\u00f3n de Rusia a Ucrania.<\/p>\n<p><b>Caos en casa, caos en el mundo<\/b><\/p>\n<p>Inmediatamente despu\u00e9s de su reelecci\u00f3n, el presidente Trump tom\u00f3 medidas para cortar el apoyo a Ucrania, utilizando una ret\u00f3rica prorrusa para separar a EE.UU. del bloque occidental y abandonar su papel percibido de garante del orden mundial.<\/p>\n<p>La postura de Trump en dos importantes zonas de conflictos b\u00e9licos refleja un patr\u00f3n constante: ponerse del lado de los fuertes contra los d\u00e9biles. En Gaza, sugiere abiertamente expulsar a los palestinos, una idea que incluso Israel se hab\u00eda abstenido de afirmar abiertamente. En Ucrania, plantea falsamente que Zelensky es un dictador impopular que inici\u00f3 la guerra, una acusaci\u00f3n tan extrema que ni siquiera Rusia se hab\u00eda atrevido a hacer.<\/p>\n<p>En el extranjero, Trump ha seguido una pol\u00edtica de confrontaci\u00f3n con China, que ha llevado a una escalada de tensiones en el Mar de China Meridional.<\/p>\n<p>La sugerencia de Trump sobre Gaza contradice el derecho internacional y numerosas decisiones de la ONU. Sus acciones hacia Ucrania ignoran los tratados internacionales que Estados Unidos y Rusia firmaron para garantizar la integridad territorial de Ucrania a cambio de la entrega de sus armas nucleares. Sin embargo, para Trump tales compromisos no son importantes. Su \u00fanico principio rector es el poder.<\/p>\n<p>Trump tiene el poder de hacer lo que quiera en el corto plazo. Es poco probable que los republicanos en el Congreso y la Corte Suprema de mayor\u00eda conservadora desaf\u00eden a un presidente republicano reci\u00e9n electo. Pero, \u00bftendr\u00e1 \u00e9xito a largo plazo? Tres factores importantes empa\u00f1an sus perspectivas.<\/p>\n<p>En primer lugar, Trump gan\u00f3 las elecciones con el apoyo de solo la mitad del electorado, y sus \u00edndices de aprobaci\u00f3n ya han ca\u00eddo por debajo del 50 por ciento. Sus dos principales pol\u00edticas econ\u00f3micas \u2014aumentar los aranceles y deportar a un gran n\u00famero de inmigrantes\u2014 har\u00e1n subir los precios y la inflaci\u00f3n. Sin embargo, hizo campa\u00f1a para reducir los costes y, a diferencia de otras sociedades, los estadounidenses tienen poca tolerancia al estancamiento econ\u00f3mico.<\/p>\n<p>En segundo lugar, Trump no tiene amigos en pol\u00edtica internacional, aparte de Rusia e Israel. En solo un mes, ha conseguido tensar las relaciones con el vecino m\u00e1s cercano de Estados Unidos, Canad\u00e1, y con socios europeos clave. El aislamiento en pol\u00edtica exterior tendr\u00e1 un coste econ\u00f3mico para las empresas estadounidenses. Es imposible seguir disfrutando de los beneficios econ\u00f3micos del orden global mientras se intenta destruir este mismo orden.<\/p>\n<p>La disminuci\u00f3n de las ventas de Tesla en Europa y la ca\u00edda de los precios de las acciones durante el \u00faltimo mes indican que las consecuencias econ\u00f3micas ya han comenzado.<\/p>\n<p>Tercero, Trump est\u00e1 asumiendo estos riesgos geopol\u00edticos en un momento de agitaci\u00f3n interna. Su decisi\u00f3n de nombrar a Elon Musk para dirigir una nueva agencia de reducci\u00f3n de costes ha provocado despidos masivos de empleados federales, y Musk se ha burlado p\u00fablicamente de los bur\u00f3cratas en general. Esto alimenta la percepci\u00f3n de que la administraci\u00f3n busca la confrontaci\u00f3n, tanto en el pa\u00eds como en el extranjero.<\/p>\n<p>El \u00e9xito final de Trump sigue siendo incierto. Pero una cosa est\u00e1 clara: el orden mundial que Estados Unidos lider\u00f3 en su d\u00eda ha sido desmantelado, nada menos que por su propio presidente.<\/p>\n<p><strong>Ahmet T. Kuru es profesor de Ciencias Pol\u00edticas en Estados Unidos y autor de <em>Islam, Authoritarianism, and Underdevelopment <\/em>(Islam, autoritarismo y subdesarrollo)<em>.<\/em><\/strong><\/p>\n","protected":false},"excerpt":{"rendered":"<p>por Ahmet T. Kuru La disputa entre el presidente de Estados Unidos, Donald Trump, y el presidente de Ucrania, Volodymyr Zelensky, en la Casa Blanca no ocurri\u00f3 por casualidad. Al contrario, fue una calculada jugada, dise\u00f1ada para se\u00f1alar a todos,&hellip;<\/p>\n","protected":false},"author":19,"featured_media":2590812,"comment_status":"closed","ping_status":"closed","sticky":false,"template":"","format":"standard","meta":{"footnotes":""},"categories":[76,11389,79,39,161],"tags":[134205,134206,1495,107623,134207,134204,134203],"class_list":["post-2590828","post","type-post","status-publish","format-standard","has-post-thumbnail","hentry","category-relaciones-exteriores","category-contenido-original","category-derechos-humanos","category-internacional","category-opiniones","tag-aislacionismo","tag-alza-de-aranceles","tag-gaza-es","tag-guerra-de-ucrania","tag-negacionismo-del-cambio-climatico","tag-reunion-con-zelensky","tag-segundo-mandato-de-trump"],"yoast_head":"<!-- This site is optimized with the Yoast SEO plugin v27.1.1 - https:\/\/yoast.com\/product\/yoast-seo-wordpress\/ -->\n<title>Trump y el nuevo desorden mundial<\/title>\n<meta name=\"description\" content=\"por Ahmet T. Kuru La disputa entre el presidente de Estados Unidos, Donald Trump, y el presidente de Ucrania, Volodymyr Zelensky, en la Casa Blanca no\" \/>\n<meta name=\"robots\" content=\"index, follow, max-snippet:-1, max-image-preview:large, max-video-preview:-1\" \/>\n<link rel=\"canonical\" href=\"https:\/\/www.pressenza.com\/es\/2025\/03\/trump-y-el-nuevo-desorden-mundial\/\" \/>\n<meta property=\"og:locale\" content=\"es_ES\" \/>\n<meta property=\"og:type\" content=\"article\" \/>\n<meta property=\"og:title\" content=\"Trump y el nuevo desorden mundial\" \/>\n<meta property=\"og:description\" content=\"por Ahmet T. Kuru La disputa entre el presidente de Estados Unidos, Donald Trump, y el presidente de Ucrania, Volodymyr Zelensky, en la Casa Blanca no\" \/>\n<meta property=\"og:url\" content=\"https:\/\/www.pressenza.com\/es\/2025\/03\/trump-y-el-nuevo-desorden-mundial\/\" \/>\n<meta property=\"og:site_name\" content=\"Pressenza\" \/>\n<meta property=\"article:publisher\" content=\"https:\/\/www.facebook.com\/PressenzaItalia\" \/>\n<meta property=\"article:author\" content=\"https:\/\/www.facebook.com\/pressenza\" \/>\n<meta property=\"article:published_time\" content=\"2025-03-18T15:48:13+00:00\" \/>\n<meta property=\"og:image\" content=\"https:\/\/www.pressenza.com\/wp-content\/uploads\/2025\/03\/President_Trump_and_Ukrainian_President_Zelenskyy_Clash_During_Meeting_in_Oval_Office_Feb._28_2025.jpg\" \/>\n\t<meta property=\"og:image:width\" content=\"1200\" \/>\n\t<meta property=\"og:image:height\" content=\"675\" \/>\n\t<meta property=\"og:image:type\" content=\"image\/jpeg\" \/>\n<meta name=\"author\" content=\"Pressenza IPA\" \/>\n<meta name=\"twitter:card\" content=\"summary_large_image\" \/>\n<meta name=\"twitter:creator\" content=\"@PressenzaIPA\" \/>\n<meta name=\"twitter:site\" content=\"@PressenzaIPA\" \/>\n<meta name=\"twitter:label1\" content=\"Escrito por\" \/>\n\t<meta name=\"twitter:data1\" content=\"Pressenza IPA\" \/>\n\t<meta name=\"twitter:label2\" content=\"Tiempo de lectura\" \/>\n\t<meta name=\"twitter:data2\" content=\"5 minutos\" \/>\n<script type=\"application\/ld+json\" class=\"yoast-schema-graph\">{\"@context\":\"https:\/\/schema.org\",\"@graph\":[{\"@type\":\"Article\",\"@id\":\"https:\/\/www.pressenza.com\/es\/2025\/03\/trump-y-el-nuevo-desorden-mundial\/#article\",\"isPartOf\":{\"@id\":\"https:\/\/www.pressenza.com\/es\/2025\/03\/trump-y-el-nuevo-desorden-mundial\/\"},\"author\":{\"name\":\"Pressenza IPA\",\"@id\":\"https:\/\/www.pressenza.com\/es\/#\/schema\/person\/010e5d02bcf40965427a1289a4cc8d75\"},\"headline\":\"Trump y el nuevo desorden mundial\",\"datePublished\":\"2025-03-18T15:48:13+00:00\",\"mainEntityOfPage\":{\"@id\":\"https:\/\/www.pressenza.com\/es\/2025\/03\/trump-y-el-nuevo-desorden-mundial\/\"},\"wordCount\":1123,\"publisher\":{\"@id\":\"https:\/\/www.pressenza.com\/es\/#organization\"},\"image\":{\"@id\":\"https:\/\/www.pressenza.com\/es\/2025\/03\/trump-y-el-nuevo-desorden-mundial\/#primaryimage\"},\"thumbnailUrl\":\"https:\/\/www.pressenza.com\/wp-content\/uploads\/2025\/03\/President_Trump_and_Ukrainian_President_Zelenskyy_Clash_During_Meeting_in_Oval_Office_Feb._28_2025.jpg\",\"keywords\":[\"aislacionismo\",\"alza de aranceles\",\"Gaza\",\"guerra de Ucrania\",\"negacionismo del cambio clim\u00e1tico\",\"reuni\u00f3n con Zelensky\",\"segundo mandato de Trump\"],\"articleSection\":[\"Asuntos internacionales\",\"Contenido Original\",\"Derechos Humanos\",\"Internacional\",\"Opiniones\"],\"inLanguage\":\"es\"},{\"@type\":\"WebPage\",\"@id\":\"https:\/\/www.pressenza.com\/es\/2025\/03\/trump-y-el-nuevo-desorden-mundial\/\",\"url\":\"https:\/\/www.pressenza.com\/es\/2025\/03\/trump-y-el-nuevo-desorden-mundial\/\",\"name\":\"Trump y el nuevo desorden mundial\",\"isPartOf\":{\"@id\":\"https:\/\/www.pressenza.com\/es\/#website\"},\"primaryImageOfPage\":{\"@id\":\"https:\/\/www.pressenza.com\/es\/2025\/03\/trump-y-el-nuevo-desorden-mundial\/#primaryimage\"},\"image\":{\"@id\":\"https:\/\/www.pressenza.com\/es\/2025\/03\/trump-y-el-nuevo-desorden-mundial\/#primaryimage\"},\"thumbnailUrl\":\"https:\/\/www.pressenza.com\/wp-content\/uploads\/2025\/03\/President_Trump_and_Ukrainian_President_Zelenskyy_Clash_During_Meeting_in_Oval_Office_Feb._28_2025.jpg\",\"datePublished\":\"2025-03-18T15:48:13+00:00\",\"description\":\"por Ahmet T. Kuru La disputa entre el presidente de Estados Unidos, Donald Trump, y el presidente de Ucrania, Volodymyr Zelensky, en la Casa Blanca no\",\"breadcrumb\":{\"@id\":\"https:\/\/www.pressenza.com\/es\/2025\/03\/trump-y-el-nuevo-desorden-mundial\/#breadcrumb\"},\"inLanguage\":\"es\",\"potentialAction\":[{\"@type\":\"ReadAction\",\"target\":[\"https:\/\/www.pressenza.com\/es\/2025\/03\/trump-y-el-nuevo-desorden-mundial\/\"]}]},{\"@type\":\"ImageObject\",\"inLanguage\":\"es\",\"@id\":\"https:\/\/www.pressenza.com\/es\/2025\/03\/trump-y-el-nuevo-desorden-mundial\/#primaryimage\",\"url\":\"https:\/\/www.pressenza.com\/wp-content\/uploads\/2025\/03\/President_Trump_and_Ukrainian_President_Zelenskyy_Clash_During_Meeting_in_Oval_Office_Feb._28_2025.jpg\",\"contentUrl\":\"https:\/\/www.pressenza.com\/wp-content\/uploads\/2025\/03\/President_Trump_and_Ukrainian_President_Zelenskyy_Clash_During_Meeting_in_Oval_Office_Feb._28_2025.jpg\",\"width\":1200,\"height\":675},{\"@type\":\"BreadcrumbList\",\"@id\":\"https:\/\/www.pressenza.com\/es\/2025\/03\/trump-y-el-nuevo-desorden-mundial\/#breadcrumb\",\"itemListElement\":[{\"@type\":\"ListItem\",\"position\":1,\"name\":\"Accueil\",\"item\":\"https:\/\/www.pressenza.com\/es\/\"},{\"@type\":\"ListItem\",\"position\":2,\"name\":\"Trump y el nuevo desorden mundial\"}]},{\"@type\":\"WebSite\",\"@id\":\"https:\/\/www.pressenza.com\/es\/#website\",\"url\":\"https:\/\/www.pressenza.com\/es\/\",\"name\":\"Pressenza\",\"description\":\"International Press Agency\",\"publisher\":{\"@id\":\"https:\/\/www.pressenza.com\/es\/#organization\"},\"potentialAction\":[{\"@type\":\"SearchAction\",\"target\":{\"@type\":\"EntryPoint\",\"urlTemplate\":\"https:\/\/www.pressenza.com\/es\/?s={search_term_string}\"},\"query-input\":{\"@type\":\"PropertyValueSpecification\",\"valueRequired\":true,\"valueName\":\"search_term_string\"}}],\"inLanguage\":\"es\"},{\"@type\":\"Organization\",\"@id\":\"https:\/\/www.pressenza.com\/es\/#organization\",\"name\":\"Pressenza\",\"url\":\"https:\/\/www.pressenza.com\/es\/\",\"logo\":{\"@type\":\"ImageObject\",\"inLanguage\":\"es\",\"@id\":\"https:\/\/www.pressenza.com\/es\/#\/schema\/logo\/image\/\",\"url\":\"https:\/\/www.pressenza.com\/wp-content\/uploads\/2022\/10\/pressenza_logo_200x200.jpg\",\"contentUrl\":\"https:\/\/www.pressenza.com\/wp-content\/uploads\/2022\/10\/pressenza_logo_200x200.jpg\",\"width\":200,\"height\":200,\"caption\":\"Pressenza\"},\"image\":{\"@id\":\"https:\/\/www.pressenza.com\/es\/#\/schema\/logo\/image\/\"},\"sameAs\":[\"https:\/\/www.facebook.com\/PressenzaItalia\",\"https:\/\/x.com\/PressenzaIPA\"]},{\"@type\":\"Person\",\"@id\":\"https:\/\/www.pressenza.com\/es\/#\/schema\/person\/010e5d02bcf40965427a1289a4cc8d75\",\"name\":\"Pressenza IPA\",\"description\":\"News from Pressenza IPA correspondents\",\"sameAs\":[\"https:\/\/www.facebook.com\/pressenza\",\"https:\/\/x.com\/PressenzaIPA\"],\"url\":\"https:\/\/www.pressenza.com\/es\/author\/pressenza-ipa\/\"}]}<\/script>\n<!-- \/ Yoast SEO plugin. -->","yoast_head_json":{"title":"Trump y el nuevo desorden mundial","description":"por Ahmet T. Kuru La disputa entre el presidente de Estados Unidos, Donald Trump, y el presidente de Ucrania, Volodymyr Zelensky, en la Casa Blanca no","robots":{"index":"index","follow":"follow","max-snippet":"max-snippet:-1","max-image-preview":"max-image-preview:large","max-video-preview":"max-video-preview:-1"},"canonical":"https:\/\/www.pressenza.com\/es\/2025\/03\/trump-y-el-nuevo-desorden-mundial\/","og_locale":"es_ES","og_type":"article","og_title":"Trump y el nuevo desorden mundial","og_description":"por Ahmet T. Kuru La disputa entre el presidente de Estados Unidos, Donald Trump, y el presidente de Ucrania, Volodymyr Zelensky, en la Casa Blanca no","og_url":"https:\/\/www.pressenza.com\/es\/2025\/03\/trump-y-el-nuevo-desorden-mundial\/","og_site_name":"Pressenza","article_publisher":"https:\/\/www.facebook.com\/PressenzaItalia","article_author":"https:\/\/www.facebook.com\/pressenza","article_published_time":"2025-03-18T15:48:13+00:00","og_image":[{"width":1200,"height":675,"url":"https:\/\/www.pressenza.com\/wp-content\/uploads\/2025\/03\/President_Trump_and_Ukrainian_President_Zelenskyy_Clash_During_Meeting_in_Oval_Office_Feb._28_2025.jpg","type":"image\/jpeg"}],"author":"Pressenza IPA","twitter_card":"summary_large_image","twitter_creator":"@PressenzaIPA","twitter_site":"@PressenzaIPA","twitter_misc":{"Escrito por":"Pressenza IPA","Tiempo de lectura":"5 minutos"},"schema":{"@context":"https:\/\/schema.org","@graph":[{"@type":"Article","@id":"https:\/\/www.pressenza.com\/es\/2025\/03\/trump-y-el-nuevo-desorden-mundial\/#article","isPartOf":{"@id":"https:\/\/www.pressenza.com\/es\/2025\/03\/trump-y-el-nuevo-desorden-mundial\/"},"author":{"name":"Pressenza IPA","@id":"https:\/\/www.pressenza.com\/es\/#\/schema\/person\/010e5d02bcf40965427a1289a4cc8d75"},"headline":"Trump y el nuevo desorden mundial","datePublished":"2025-03-18T15:48:13+00:00","mainEntityOfPage":{"@id":"https:\/\/www.pressenza.com\/es\/2025\/03\/trump-y-el-nuevo-desorden-mundial\/"},"wordCount":1123,"publisher":{"@id":"https:\/\/www.pressenza.com\/es\/#organization"},"image":{"@id":"https:\/\/www.pressenza.com\/es\/2025\/03\/trump-y-el-nuevo-desorden-mundial\/#primaryimage"},"thumbnailUrl":"https:\/\/www.pressenza.com\/wp-content\/uploads\/2025\/03\/President_Trump_and_Ukrainian_President_Zelenskyy_Clash_During_Meeting_in_Oval_Office_Feb._28_2025.jpg","keywords":["aislacionismo","alza de aranceles","Gaza","guerra de Ucrania","negacionismo del cambio clim\u00e1tico","reuni\u00f3n con Zelensky","segundo mandato de Trump"],"articleSection":["Asuntos internacionales","Contenido Original","Derechos Humanos","Internacional","Opiniones"],"inLanguage":"es"},{"@type":"WebPage","@id":"https:\/\/www.pressenza.com\/es\/2025\/03\/trump-y-el-nuevo-desorden-mundial\/","url":"https:\/\/www.pressenza.com\/es\/2025\/03\/trump-y-el-nuevo-desorden-mundial\/","name":"Trump y el nuevo desorden mundial","isPartOf":{"@id":"https:\/\/www.pressenza.com\/es\/#website"},"primaryImageOfPage":{"@id":"https:\/\/www.pressenza.com\/es\/2025\/03\/trump-y-el-nuevo-desorden-mundial\/#primaryimage"},"image":{"@id":"https:\/\/www.pressenza.com\/es\/2025\/03\/trump-y-el-nuevo-desorden-mundial\/#primaryimage"},"thumbnailUrl":"https:\/\/www.pressenza.com\/wp-content\/uploads\/2025\/03\/President_Trump_and_Ukrainian_President_Zelenskyy_Clash_During_Meeting_in_Oval_Office_Feb._28_2025.jpg","datePublished":"2025-03-18T15:48:13+00:00","description":"por Ahmet T. Kuru La disputa entre el presidente de Estados Unidos, Donald Trump, y el presidente de Ucrania, Volodymyr Zelensky, en la Casa Blanca no","breadcrumb":{"@id":"https:\/\/www.pressenza.com\/es\/2025\/03\/trump-y-el-nuevo-desorden-mundial\/#breadcrumb"},"inLanguage":"es","potentialAction":[{"@type":"ReadAction","target":["https:\/\/www.pressenza.com\/es\/2025\/03\/trump-y-el-nuevo-desorden-mundial\/"]}]},{"@type":"ImageObject","inLanguage":"es","@id":"https:\/\/www.pressenza.com\/es\/2025\/03\/trump-y-el-nuevo-desorden-mundial\/#primaryimage","url":"https:\/\/www.pressenza.com\/wp-content\/uploads\/2025\/03\/President_Trump_and_Ukrainian_President_Zelenskyy_Clash_During_Meeting_in_Oval_Office_Feb._28_2025.jpg","contentUrl":"https:\/\/www.pressenza.com\/wp-content\/uploads\/2025\/03\/President_Trump_and_Ukrainian_President_Zelenskyy_Clash_During_Meeting_in_Oval_Office_Feb._28_2025.jpg","width":1200,"height":675},{"@type":"BreadcrumbList","@id":"https:\/\/www.pressenza.com\/es\/2025\/03\/trump-y-el-nuevo-desorden-mundial\/#breadcrumb","itemListElement":[{"@type":"ListItem","position":1,"name":"Accueil","item":"https:\/\/www.pressenza.com\/es\/"},{"@type":"ListItem","position":2,"name":"Trump y el nuevo desorden mundial"}]},{"@type":"WebSite","@id":"https:\/\/www.pressenza.com\/es\/#website","url":"https:\/\/www.pressenza.com\/es\/","name":"Pressenza","description":"International Press Agency","publisher":{"@id":"https:\/\/www.pressenza.com\/es\/#organization"},"potentialAction":[{"@type":"SearchAction","target":{"@type":"EntryPoint","urlTemplate":"https:\/\/www.pressenza.com\/es\/?s={search_term_string}"},"query-input":{"@type":"PropertyValueSpecification","valueRequired":true,"valueName":"search_term_string"}}],"inLanguage":"es"},{"@type":"Organization","@id":"https:\/\/www.pressenza.com\/es\/#organization","name":"Pressenza","url":"https:\/\/www.pressenza.com\/es\/","logo":{"@type":"ImageObject","inLanguage":"es","@id":"https:\/\/www.pressenza.com\/es\/#\/schema\/logo\/image\/","url":"https:\/\/www.pressenza.com\/wp-content\/uploads\/2022\/10\/pressenza_logo_200x200.jpg","contentUrl":"https:\/\/www.pressenza.com\/wp-content\/uploads\/2022\/10\/pressenza_logo_200x200.jpg","width":200,"height":200,"caption":"Pressenza"},"image":{"@id":"https:\/\/www.pressenza.com\/es\/#\/schema\/logo\/image\/"},"sameAs":["https:\/\/www.facebook.com\/PressenzaItalia","https:\/\/x.com\/PressenzaIPA"]},{"@type":"Person","@id":"https:\/\/www.pressenza.com\/es\/#\/schema\/person\/010e5d02bcf40965427a1289a4cc8d75","name":"Pressenza IPA","description":"News from Pressenza IPA correspondents","sameAs":["https:\/\/www.facebook.com\/pressenza","https:\/\/x.com\/PressenzaIPA"],"url":"https:\/\/www.pressenza.com\/es\/author\/pressenza-ipa\/"}]}},"place":"Internacional","original_article_url":"","_links":{"self":[{"href":"https:\/\/www.pressenza.com\/es\/wp-json\/wp\/v2\/posts\/2590828","targetHints":{"allow":["GET"]}}],"collection":[{"href":"https:\/\/www.pressenza.com\/es\/wp-json\/wp\/v2\/posts"}],"about":[{"href":"https:\/\/www.pressenza.com\/es\/wp-json\/wp\/v2\/types\/post"}],"author":[{"embeddable":true,"href":"https:\/\/www.pressenza.com\/es\/wp-json\/wp\/v2\/users\/19"}],"replies":[{"embeddable":true,"href":"https:\/\/www.pressenza.com\/es\/wp-json\/wp\/v2\/comments?post=2590828"}],"version-history":[{"count":0,"href":"https:\/\/www.pressenza.com\/es\/wp-json\/wp\/v2\/posts\/2590828\/revisions"}],"wp:featuredmedia":[{"embeddable":true,"href":"https:\/\/www.pressenza.com\/es\/wp-json\/wp\/v2\/media\/2590812"}],"wp:attachment":[{"href":"https:\/\/www.pressenza.com\/es\/wp-json\/wp\/v2\/media?parent=2590828"}],"wp:term":[{"taxonomy":"category","embeddable":true,"href":"https:\/\/www.pressenza.com\/es\/wp-json\/wp\/v2\/categories?post=2590828"},{"taxonomy":"post_tag","embeddable":true,"href":"https:\/\/www.pressenza.com\/es\/wp-json\/wp\/v2\/tags?post=2590828"}],"curies":[{"name":"wp","href":"https:\/\/api.w.org\/{rel}","templated":true}]}}