{"id":2587620,"date":"2025-03-07T02:25:47","date_gmt":"2025-03-07T02:25:47","guid":{"rendered":"https:\/\/www.pressenza.com\/?p=2587620"},"modified":"2025-03-06T11:13:11","modified_gmt":"2025-03-06T11:13:11","slug":"reconstruir-los-cimientos","status":"publish","type":"post","link":"https:\/\/www.pressenza.com\/es\/2025\/03\/reconstruir-los-cimientos\/","title":{"rendered":"Reconstruir los cimientos"},"content":{"rendered":"<p><span style=\"color: #808080;\"><em>4 de marzo 2025, El Espectador<\/em><\/span><\/p>\n<p class=\"font--secondary\">Entiendo que estemos agobiados. Hay en el mundo demasiadas din\u00e1micas disfuncionales, grietas que parecen empeorar con el paso del tiempo, mientras cancerberos con poder insisten en decretar no un alto al fuego sino un alto a la esperanza; entiendo la tentaci\u00f3n de cerrar los ojos y pretender que la realidad no es lo que sucede, sino la pesadilla de alg\u00fan monstruo sin oficio.<\/p>\n<p class=\"font--secondary\">Lo que no he logrado descifrar es por qu\u00e9 tantos analistas \u2013investigadores, polit\u00f3logos y \u201c<i>paz\u00f3logos<\/i>\u201d que en aulas y libros hacen disertaciones sobre la soberan\u00eda de los pueblos\u2013 han guardado silencio frente a la reciente acci\u00f3n de una poderosa amalgama de la Fiscal\u00eda de Colombia con la DEA; una mixtura de fuerzas que pas\u00f3 por encima de disposiciones del Estado colombiano y en pleno marco de las negociaciones de paz retuvo en la capital del pa\u00eds a un delegado a la mesa, hoy lo tiene prisionero y ya ha sido notificada la solicitud de extradici\u00f3n.<\/p>\n<p>Pedir (\u00bfexigir?) que se respete una mesa de paz y se les cumpla la palabra dada a los negociadores, no es \u2013como alg\u00fan medio desinformativo pretendi\u00f3 presentarlo\u2013 obstaculizar la tarea de instituciones nacionales o extranjeras, ni buscar tratamientos privilegiados. Es simplemente cumplir con el derecho y el deber de explicar cuantas veces sea necesario que los delegados vinieron a Bogot\u00e1 porque confiaron en la institucionalidad; creyeron (cre\u00edmos) en el poder de un decreto presidencial y de una resoluci\u00f3n de la Fiscal\u00eda. Ambas delegaciones pensamos que ellos podr\u00edan venir y regresar a sus territorios, completos, sanos y salvos. Pero la noche del 12 de febrero en medio de la m\u00e1s dolorosa impotencia, una acci\u00f3n biling\u00fce nos tumb\u00f3 los cimientos. Ahora debemos reconstruirlos, y no ser\u00e1 f\u00e1cil.<\/p>\n<p class=\"font--secondary\">Imaginen las cuatro patas que sostienen una mesa de paz: no son de hierro, acero ni madera; son de un material sensible, dif\u00edcil de labrar y forjar; se llama\u00a0<i>confianza<\/i> y, as\u00ed como el cari\u00f1o verdadero, ni se compra ni se vende. Es maravilloso pero fr\u00e1gil, y exige que a lado, todos los d\u00edas, haya evidencias de comportamientos y compromisos veraces y coherentes.<\/p>\n<p class=\"font--secondary\">Ahora: se\u00f1alar el efecto extremadamente adverso de meter preso a un interlocutor en pleno ejercicio de la negociaci\u00f3n, no implica \u2013ni mucho menos\u2013 defender sus conductas delictivas. Defendemos la palabra, su rol en la agenda de una soluci\u00f3n concertada y la dimensi\u00f3n nacional e internacional que debe tener un negociador de paz; defendemos la mesa como instancia y como decisi\u00f3n pol\u00edtica; una mesa plural, que desde el primer d\u00eda ha tenido respaldo legal y jur\u00eddico, veedores militares, voceros civiles, acompa\u00f1amiento internacional, de la Conferencia Episcopal y Naciones Unidas.<\/p>\n<p class=\"font--secondary\">Ante algunas falacias y delirios de medios opositores, vale decir que trabajar por el sentido, los procesos y los resultados de una mesa de paz es resguardar la \u00faltima opci\u00f3n sensata de cerrar la llave del desangre; apostarle a la posibilidad de lograr que sin disparar m\u00e1s tiros, se cambien por cultivos l\u00edcitos las miles de hect\u00e1reas que hoy contribuyen a satisfacer el consumo de coca\u00edna de 23 millones de personas en el mundo (Undoc, 2024); es crear las condiciones para que las comunidades habiten territorios respetuosos de la gente, de la naturaleza y las leyes, y que no sea el miedo el amo y se\u00f1or que domine a vivos y muertos.<\/p>\n<p class=\"font--secondary\">Trabajar en las mesas \u2013aun sabiendo el costo social y pol\u00edtico que ello implica\u2013 es honrar la capacidad humana de resolver los conflictos con algo distinto a un disparo; es no resignarnos a que la violencia se convierta en el \u00fanico lenguaje de convergencia, porque un pa\u00eds que solo se encuentra para matarse, est\u00e1 perdido.<\/p>\n","protected":false},"excerpt":{"rendered":"<p>4 de marzo 2025, El Espectador Entiendo que estemos agobiados. Hay en el mundo demasiadas din\u00e1micas disfuncionales, grietas que parecen empeorar con el paso del tiempo, mientras cancerberos con poder insisten en decretar no un alto al fuego sino un&hellip;<\/p>\n","protected":false},"author":1897,"featured_media":2587626,"comment_status":"closed","ping_status":"closed","sticky":false,"template":"","format":"standard","meta":{"footnotes":""},"categories":[79,1242,161,1243,67],"tags":[78568,30949,129787,84939,124450],"class_list":["post-2587620","post","type-post","status-publish","format-standard","has-post-thumbnail","hentry","category-derechos-humanos","category-noviolencia-tema","category-opiniones","category-paz-desarme","category-sudamerica","tag-lahuelladeloslideres","tag-acuerdos-de-paz","tag-colombia-es","tag-dea-es","tag-paz-es"],"yoast_head":"<!-- This site is optimized with the Yoast SEO plugin v27.1.1 - https:\/\/yoast.com\/product\/yoast-seo-wordpress\/ -->\n<title>Reconstruir los cimientos<\/title>\n<meta name=\"description\" content=\"4 de marzo 2025, El Espectador Entiendo que estemos agobiados. Hay en el mundo demasiadas din\u00e1micas disfuncionales, grietas que parecen empeorar con el\" \/>\n<meta name=\"robots\" content=\"index, follow, max-snippet:-1, max-image-preview:large, max-video-preview:-1\" \/>\n<link rel=\"canonical\" href=\"https:\/\/www.pressenza.com\/es\/2025\/03\/reconstruir-los-cimientos\/\" \/>\n<meta property=\"og:locale\" content=\"es_ES\" \/>\n<meta property=\"og:type\" content=\"article\" \/>\n<meta property=\"og:title\" content=\"Reconstruir los cimientos\" \/>\n<meta property=\"og:description\" content=\"4 de marzo 2025, El Espectador Entiendo que estemos agobiados. Hay en el mundo demasiadas din\u00e1micas disfuncionales, grietas que parecen empeorar con el\" \/>\n<meta property=\"og:url\" content=\"https:\/\/www.pressenza.com\/es\/2025\/03\/reconstruir-los-cimientos\/\" \/>\n<meta property=\"og:site_name\" content=\"Pressenza\" \/>\n<meta property=\"article:publisher\" content=\"https:\/\/www.facebook.com\/PressenzaItalia\" \/>\n<meta property=\"article:published_time\" content=\"2025-03-07T02:25:47+00:00\" \/>\n<meta property=\"og:image\" content=\"https:\/\/www.pressenza.com\/wp-content\/uploads\/2025\/03\/10607704-Freepik.jpg\" \/>\n\t<meta property=\"og:image:width\" content=\"1000\" \/>\n\t<meta property=\"og:image:height\" content=\"562\" \/>\n\t<meta property=\"og:image:type\" content=\"image\/jpeg\" \/>\n<meta name=\"author\" content=\"Gloria Arias Nieto\" \/>\n<meta name=\"twitter:card\" content=\"summary_large_image\" \/>\n<meta name=\"twitter:creator\" content=\"@gloriariasnieto\" \/>\n<meta name=\"twitter:site\" content=\"@PressenzaIPA\" \/>\n<meta name=\"twitter:label1\" content=\"Escrito por\" \/>\n\t<meta name=\"twitter:data1\" content=\"Gloria Arias Nieto\" \/>\n\t<meta name=\"twitter:label2\" content=\"Tiempo de lectura\" \/>\n\t<meta name=\"twitter:data2\" content=\"3 minutos\" \/>\n<script type=\"application\/ld+json\" class=\"yoast-schema-graph\">{\"@context\":\"https:\/\/schema.org\",\"@graph\":[{\"@type\":\"Article\",\"@id\":\"https:\/\/www.pressenza.com\/es\/2025\/03\/reconstruir-los-cimientos\/#article\",\"isPartOf\":{\"@id\":\"https:\/\/www.pressenza.com\/es\/2025\/03\/reconstruir-los-cimientos\/\"},\"author\":{\"name\":\"Gloria Arias Nieto\",\"@id\":\"https:\/\/www.pressenza.com\/es\/#\/schema\/person\/476779c5c0c262f919761226ef961a29\"},\"headline\":\"Reconstruir los cimientos\",\"datePublished\":\"2025-03-07T02:25:47+00:00\",\"mainEntityOfPage\":{\"@id\":\"https:\/\/www.pressenza.com\/es\/2025\/03\/reconstruir-los-cimientos\/\"},\"wordCount\":645,\"publisher\":{\"@id\":\"https:\/\/www.pressenza.com\/es\/#organization\"},\"image\":{\"@id\":\"https:\/\/www.pressenza.com\/es\/2025\/03\/reconstruir-los-cimientos\/#primaryimage\"},\"thumbnailUrl\":\"https:\/\/www.pressenza.com\/wp-content\/uploads\/2025\/03\/10607704-Freepik.jpg\",\"keywords\":[\"#LaHuellaDeLosLideres\",\"Acuerdos de Paz\",\"Colombia\",\"Dea\",\"Paz\"],\"articleSection\":[\"Derechos Humanos\",\"Noviolencia\",\"Opiniones\",\"Paz y Desarme\",\"Sudam\u00e9rica\"],\"inLanguage\":\"es\"},{\"@type\":\"WebPage\",\"@id\":\"https:\/\/www.pressenza.com\/es\/2025\/03\/reconstruir-los-cimientos\/\",\"url\":\"https:\/\/www.pressenza.com\/es\/2025\/03\/reconstruir-los-cimientos\/\",\"name\":\"Reconstruir los cimientos\",\"isPartOf\":{\"@id\":\"https:\/\/www.pressenza.com\/es\/#website\"},\"primaryImageOfPage\":{\"@id\":\"https:\/\/www.pressenza.com\/es\/2025\/03\/reconstruir-los-cimientos\/#primaryimage\"},\"image\":{\"@id\":\"https:\/\/www.pressenza.com\/es\/2025\/03\/reconstruir-los-cimientos\/#primaryimage\"},\"thumbnailUrl\":\"https:\/\/www.pressenza.com\/wp-content\/uploads\/2025\/03\/10607704-Freepik.jpg\",\"datePublished\":\"2025-03-07T02:25:47+00:00\",\"description\":\"4 de marzo 2025, El Espectador Entiendo que estemos agobiados. Hay en el mundo demasiadas din\u00e1micas disfuncionales, grietas que parecen empeorar con el\",\"breadcrumb\":{\"@id\":\"https:\/\/www.pressenza.com\/es\/2025\/03\/reconstruir-los-cimientos\/#breadcrumb\"},\"inLanguage\":\"es\",\"potentialAction\":[{\"@type\":\"ReadAction\",\"target\":[\"https:\/\/www.pressenza.com\/es\/2025\/03\/reconstruir-los-cimientos\/\"]}]},{\"@type\":\"ImageObject\",\"inLanguage\":\"es\",\"@id\":\"https:\/\/www.pressenza.com\/es\/2025\/03\/reconstruir-los-cimientos\/#primaryimage\",\"url\":\"https:\/\/www.pressenza.com\/wp-content\/uploads\/2025\/03\/10607704-Freepik.jpg\",\"contentUrl\":\"https:\/\/www.pressenza.com\/wp-content\/uploads\/2025\/03\/10607704-Freepik.jpg\",\"width\":1000,\"height\":562},{\"@type\":\"BreadcrumbList\",\"@id\":\"https:\/\/www.pressenza.com\/es\/2025\/03\/reconstruir-los-cimientos\/#breadcrumb\",\"itemListElement\":[{\"@type\":\"ListItem\",\"position\":1,\"name\":\"Accueil\",\"item\":\"https:\/\/www.pressenza.com\/es\/\"},{\"@type\":\"ListItem\",\"position\":2,\"name\":\"Reconstruir los cimientos\"}]},{\"@type\":\"WebSite\",\"@id\":\"https:\/\/www.pressenza.com\/es\/#website\",\"url\":\"https:\/\/www.pressenza.com\/es\/\",\"name\":\"Pressenza\",\"description\":\"International Press Agency\",\"publisher\":{\"@id\":\"https:\/\/www.pressenza.com\/es\/#organization\"},\"potentialAction\":[{\"@type\":\"SearchAction\",\"target\":{\"@type\":\"EntryPoint\",\"urlTemplate\":\"https:\/\/www.pressenza.com\/es\/?s={search_term_string}\"},\"query-input\":{\"@type\":\"PropertyValueSpecification\",\"valueRequired\":true,\"valueName\":\"search_term_string\"}}],\"inLanguage\":\"es\"},{\"@type\":\"Organization\",\"@id\":\"https:\/\/www.pressenza.com\/es\/#organization\",\"name\":\"Pressenza\",\"url\":\"https:\/\/www.pressenza.com\/es\/\",\"logo\":{\"@type\":\"ImageObject\",\"inLanguage\":\"es\",\"@id\":\"https:\/\/www.pressenza.com\/es\/#\/schema\/logo\/image\/\",\"url\":\"https:\/\/www.pressenza.com\/wp-content\/uploads\/2022\/10\/pressenza_logo_200x200.jpg\",\"contentUrl\":\"https:\/\/www.pressenza.com\/wp-content\/uploads\/2022\/10\/pressenza_logo_200x200.jpg\",\"width\":200,\"height\":200,\"caption\":\"Pressenza\"},\"image\":{\"@id\":\"https:\/\/www.pressenza.com\/es\/#\/schema\/logo\/image\/\"},\"sameAs\":[\"https:\/\/www.facebook.com\/PressenzaItalia\",\"https:\/\/x.com\/PressenzaIPA\"]},{\"@type\":\"Person\",\"@id\":\"https:\/\/www.pressenza.com\/es\/#\/schema\/person\/476779c5c0c262f919761226ef961a29\",\"name\":\"Gloria Arias Nieto\",\"description\":\"M\u00e9dica y periodista, columnista de El Espectador. Promotora de procesos de paz y reconciliaci\u00f3n. Miembro del movimiento Defendamos la Paz (DLP) @gloriariasnieto\",\"sameAs\":[\"https:\/\/x.com\/gloriariasnieto\"],\"url\":\"https:\/\/www.pressenza.com\/es\/author\/gloria-arias-nieto\/\"}]}<\/script>\n<!-- \/ Yoast SEO plugin. -->","yoast_head_json":{"title":"Reconstruir los cimientos","description":"4 de marzo 2025, El Espectador Entiendo que estemos agobiados. Hay en el mundo demasiadas din\u00e1micas disfuncionales, grietas que parecen empeorar con el","robots":{"index":"index","follow":"follow","max-snippet":"max-snippet:-1","max-image-preview":"max-image-preview:large","max-video-preview":"max-video-preview:-1"},"canonical":"https:\/\/www.pressenza.com\/es\/2025\/03\/reconstruir-los-cimientos\/","og_locale":"es_ES","og_type":"article","og_title":"Reconstruir los cimientos","og_description":"4 de marzo 2025, El Espectador Entiendo que estemos agobiados. Hay en el mundo demasiadas din\u00e1micas disfuncionales, grietas que parecen empeorar con el","og_url":"https:\/\/www.pressenza.com\/es\/2025\/03\/reconstruir-los-cimientos\/","og_site_name":"Pressenza","article_publisher":"https:\/\/www.facebook.com\/PressenzaItalia","article_published_time":"2025-03-07T02:25:47+00:00","og_image":[{"width":1000,"height":562,"url":"https:\/\/www.pressenza.com\/wp-content\/uploads\/2025\/03\/10607704-Freepik.jpg","type":"image\/jpeg"}],"author":"Gloria Arias Nieto","twitter_card":"summary_large_image","twitter_creator":"@gloriariasnieto","twitter_site":"@PressenzaIPA","twitter_misc":{"Escrito por":"Gloria Arias Nieto","Tiempo de lectura":"3 minutos"},"schema":{"@context":"https:\/\/schema.org","@graph":[{"@type":"Article","@id":"https:\/\/www.pressenza.com\/es\/2025\/03\/reconstruir-los-cimientos\/#article","isPartOf":{"@id":"https:\/\/www.pressenza.com\/es\/2025\/03\/reconstruir-los-cimientos\/"},"author":{"name":"Gloria Arias Nieto","@id":"https:\/\/www.pressenza.com\/es\/#\/schema\/person\/476779c5c0c262f919761226ef961a29"},"headline":"Reconstruir los cimientos","datePublished":"2025-03-07T02:25:47+00:00","mainEntityOfPage":{"@id":"https:\/\/www.pressenza.com\/es\/2025\/03\/reconstruir-los-cimientos\/"},"wordCount":645,"publisher":{"@id":"https:\/\/www.pressenza.com\/es\/#organization"},"image":{"@id":"https:\/\/www.pressenza.com\/es\/2025\/03\/reconstruir-los-cimientos\/#primaryimage"},"thumbnailUrl":"https:\/\/www.pressenza.com\/wp-content\/uploads\/2025\/03\/10607704-Freepik.jpg","keywords":["#LaHuellaDeLosLideres","Acuerdos de Paz","Colombia","Dea","Paz"],"articleSection":["Derechos Humanos","Noviolencia","Opiniones","Paz y Desarme","Sudam\u00e9rica"],"inLanguage":"es"},{"@type":"WebPage","@id":"https:\/\/www.pressenza.com\/es\/2025\/03\/reconstruir-los-cimientos\/","url":"https:\/\/www.pressenza.com\/es\/2025\/03\/reconstruir-los-cimientos\/","name":"Reconstruir los cimientos","isPartOf":{"@id":"https:\/\/www.pressenza.com\/es\/#website"},"primaryImageOfPage":{"@id":"https:\/\/www.pressenza.com\/es\/2025\/03\/reconstruir-los-cimientos\/#primaryimage"},"image":{"@id":"https:\/\/www.pressenza.com\/es\/2025\/03\/reconstruir-los-cimientos\/#primaryimage"},"thumbnailUrl":"https:\/\/www.pressenza.com\/wp-content\/uploads\/2025\/03\/10607704-Freepik.jpg","datePublished":"2025-03-07T02:25:47+00:00","description":"4 de marzo 2025, El Espectador Entiendo que estemos agobiados. Hay en el mundo demasiadas din\u00e1micas disfuncionales, grietas que parecen empeorar con el","breadcrumb":{"@id":"https:\/\/www.pressenza.com\/es\/2025\/03\/reconstruir-los-cimientos\/#breadcrumb"},"inLanguage":"es","potentialAction":[{"@type":"ReadAction","target":["https:\/\/www.pressenza.com\/es\/2025\/03\/reconstruir-los-cimientos\/"]}]},{"@type":"ImageObject","inLanguage":"es","@id":"https:\/\/www.pressenza.com\/es\/2025\/03\/reconstruir-los-cimientos\/#primaryimage","url":"https:\/\/www.pressenza.com\/wp-content\/uploads\/2025\/03\/10607704-Freepik.jpg","contentUrl":"https:\/\/www.pressenza.com\/wp-content\/uploads\/2025\/03\/10607704-Freepik.jpg","width":1000,"height":562},{"@type":"BreadcrumbList","@id":"https:\/\/www.pressenza.com\/es\/2025\/03\/reconstruir-los-cimientos\/#breadcrumb","itemListElement":[{"@type":"ListItem","position":1,"name":"Accueil","item":"https:\/\/www.pressenza.com\/es\/"},{"@type":"ListItem","position":2,"name":"Reconstruir los cimientos"}]},{"@type":"WebSite","@id":"https:\/\/www.pressenza.com\/es\/#website","url":"https:\/\/www.pressenza.com\/es\/","name":"Pressenza","description":"International Press Agency","publisher":{"@id":"https:\/\/www.pressenza.com\/es\/#organization"},"potentialAction":[{"@type":"SearchAction","target":{"@type":"EntryPoint","urlTemplate":"https:\/\/www.pressenza.com\/es\/?s={search_term_string}"},"query-input":{"@type":"PropertyValueSpecification","valueRequired":true,"valueName":"search_term_string"}}],"inLanguage":"es"},{"@type":"Organization","@id":"https:\/\/www.pressenza.com\/es\/#organization","name":"Pressenza","url":"https:\/\/www.pressenza.com\/es\/","logo":{"@type":"ImageObject","inLanguage":"es","@id":"https:\/\/www.pressenza.com\/es\/#\/schema\/logo\/image\/","url":"https:\/\/www.pressenza.com\/wp-content\/uploads\/2022\/10\/pressenza_logo_200x200.jpg","contentUrl":"https:\/\/www.pressenza.com\/wp-content\/uploads\/2022\/10\/pressenza_logo_200x200.jpg","width":200,"height":200,"caption":"Pressenza"},"image":{"@id":"https:\/\/www.pressenza.com\/es\/#\/schema\/logo\/image\/"},"sameAs":["https:\/\/www.facebook.com\/PressenzaItalia","https:\/\/x.com\/PressenzaIPA"]},{"@type":"Person","@id":"https:\/\/www.pressenza.com\/es\/#\/schema\/person\/476779c5c0c262f919761226ef961a29","name":"Gloria Arias Nieto","description":"M\u00e9dica y periodista, columnista de El Espectador. Promotora de procesos de paz y reconciliaci\u00f3n. Miembro del movimiento Defendamos la Paz (DLP) @gloriariasnieto","sameAs":["https:\/\/x.com\/gloriariasnieto"],"url":"https:\/\/www.pressenza.com\/es\/author\/gloria-arias-nieto\/"}]}},"place":"Bogot\u00e1, Colombia","original_article_url":"https:\/\/www.elespectador.com\/opinion\/columnistas\/gloria-arias-nieto\/reconstruir-los-cimientos\/","_links":{"self":[{"href":"https:\/\/www.pressenza.com\/es\/wp-json\/wp\/v2\/posts\/2587620","targetHints":{"allow":["GET"]}}],"collection":[{"href":"https:\/\/www.pressenza.com\/es\/wp-json\/wp\/v2\/posts"}],"about":[{"href":"https:\/\/www.pressenza.com\/es\/wp-json\/wp\/v2\/types\/post"}],"author":[{"embeddable":true,"href":"https:\/\/www.pressenza.com\/es\/wp-json\/wp\/v2\/users\/1897"}],"replies":[{"embeddable":true,"href":"https:\/\/www.pressenza.com\/es\/wp-json\/wp\/v2\/comments?post=2587620"}],"version-history":[{"count":0,"href":"https:\/\/www.pressenza.com\/es\/wp-json\/wp\/v2\/posts\/2587620\/revisions"}],"wp:featuredmedia":[{"embeddable":true,"href":"https:\/\/www.pressenza.com\/es\/wp-json\/wp\/v2\/media\/2587626"}],"wp:attachment":[{"href":"https:\/\/www.pressenza.com\/es\/wp-json\/wp\/v2\/media?parent=2587620"}],"wp:term":[{"taxonomy":"category","embeddable":true,"href":"https:\/\/www.pressenza.com\/es\/wp-json\/wp\/v2\/categories?post=2587620"},{"taxonomy":"post_tag","embeddable":true,"href":"https:\/\/www.pressenza.com\/es\/wp-json\/wp\/v2\/tags?post=2587620"}],"curies":[{"name":"wp","href":"https:\/\/api.w.org\/{rel}","templated":true}]}}