{"id":2586665,"date":"2025-03-02T19:26:11","date_gmt":"2025-03-02T19:26:11","guid":{"rendered":"https:\/\/www.pressenza.com\/?p=2586665"},"modified":"2025-03-02T19:28:22","modified_gmt":"2025-03-02T19:28:22","slug":"fin","status":"publish","type":"post","link":"https:\/\/www.pressenza.com\/es\/2025\/03\/fin\/","title":{"rendered":"Fin."},"content":{"rendered":"<p>Se dir\u00e1 que el discurso del presidente argentino Javier Milei este s\u00e1bado en el Congreso era para iniciar el a\u00f1o legislativo, pero la verdad que son\u00f3 a despedida. No porque se estuviera despidiendo, sino porque exudaba la ausencia total de propuestas y logros de quien ha fracasado en todo lo que emprendi\u00f3. Y si bien veamos un Poder Ejecutivo que carga contra los trabajadores a diario, convirtiendo sus vidas, ya dif\u00edciles, en miserables y afecte la institucionalidad y el funcionamiento del Estado quiz\u00e1s de manera letal e irreversible, eso no puede ser celebrado sin ser coronado como el rey de los c\u00ednicos y de los hijos de puta.<\/p>\n<p>Un Congreso casi tan vac\u00edo como su discurso aplaudi\u00f3 a Milei, cada una de esas frases que le costaba leer y que en algunos momentos quedaba claro que ni siquiera lograba descifrar, mucho menos quienes lo escuch\u00e1bamos. Pero obsecuentes y alcahuetes que viven y aplauden a sus jefes siempre se consiguen y en una empresa tan grande como la vig\u00e9sima econom\u00eda del mundo no pod\u00edan faltar.<\/p>\n<p>Si bien los m\u00e1ximos elogios se los llev\u00f3 el ministro de Econom\u00eda, Luis Caputo, su semblante denotaba que era consciente de que toda esa fanfarria tiene el tiempo agotado y m\u00e1s temprano que tarde deber\u00e1 volver a saltar en movimiento de un tren que corre a estrellarse.<\/p>\n<p>Comportamiento similar podemos distinguir entre los grandes empresarios que ponen jueces con la bragueta abierta para instalar sus negocios en tiempo r\u00e9cord, antes de que la libertad de no cumplir con las leyes y la Constituci\u00f3n se agote.<\/p>\n<p>La ovaci\u00f3n de la noche fue para Patricia Bullrich, ministra de la represi\u00f3n y el esperpento. Convertidora de las fuerzas de seguridad en maquinaria de muerte y falsificaci\u00f3n. Los aplausos y v\u00edtores acompa\u00f1ados por una manada de diputados que se pusieron de pie para felicitarla por los servicios prestados, mostraba a c\u00fapula abierta, que sin toda su lista de sacrificados toda esta mega estafa empobrecedora nunca se podr\u00eda haber realizado.<\/p>\n<p>Les dec\u00eda que Milei no tiene m\u00e1s remedio que irse. Intentar\u00e1 trocar esa suerte apelando a generar mayores peleas y desconcierto, ganar\u00e1 d\u00edas, semanas, meses, lo que dure el shock, la apat\u00eda y los rencores entre unos y otros.<\/p>\n<p>Seguiremos mir\u00e1ndonos binariamente, de cada cosa haremos un debate, nos contaremos las costillas, repasaremos prontuarios, derrotas, cu\u00e1ntas cacas pisamos y esas cosas que nos facilitan tanto la mancomunidad. Nuestras soledades tienen un gustito a nosotros mismos que no soportamos que se diluyan en la palabra pueblo. Por eso los pol\u00edticos prueban con otras: ciudadanos, vecinos, patriotas, trabajadores\u2026<\/p>\n<p>El pueblo argentino tiene la posibilidad con la ca\u00edda en desgracia de su presidente de volver a construirse, deshilachados como estamos, tomemos cuerpo, consolidemos una unidad donde podamos diluir nuestros egos un poquito y reconozcamos que el futuro o es de todos o no es de nadie. Estamos hablando de supervivencia.<\/p>\n","protected":false},"excerpt":{"rendered":"<p>Se dir\u00e1 que el discurso del presidente argentino Javier Milei este s\u00e1bado en el Congreso era para iniciar el a\u00f1o legislativo, pero la verdad que son\u00f3 a despedida. No porque se estuviera despidiendo, sino porque exudaba la ausencia total de&hellip;<\/p>\n","protected":false},"author":96,"featured_media":2586670,"comment_status":"closed","ping_status":"closed","sticky":false,"template":"","format":"standard","meta":{"footnotes":""},"categories":[11389,161,74,67],"tags":[26,21194,95115,1613,43751,16353],"class_list":["post-2586665","post","type-post","status-publish","format-standard","has-post-thumbnail","hentry","category-contenido-original","category-opiniones","category-politica-es","category-sudamerica","tag-argentina","tag-congreso","tag-javier-milei","tag-politica-es","tag-pueblo","tag-pueblo-argentino"],"yoast_head":"<!-- This site is optimized with the Yoast SEO plugin v27.1.1 - https:\/\/yoast.com\/product\/yoast-seo-wordpress\/ -->\n<title>Fin.<\/title>\n<meta name=\"description\" content=\"Se dir\u00e1 que el discurso del presidente argentino Javier Milei este s\u00e1bado en el Congreso era para iniciar el a\u00f1o legislativo, pero la verdad que son\u00f3 a\" \/>\n<meta name=\"robots\" content=\"index, follow, max-snippet:-1, max-image-preview:large, max-video-preview:-1\" \/>\n<link rel=\"canonical\" href=\"https:\/\/www.pressenza.com\/es\/2025\/03\/fin\/\" \/>\n<meta property=\"og:locale\" content=\"es_ES\" \/>\n<meta property=\"og:type\" content=\"article\" \/>\n<meta property=\"og:title\" content=\"Fin.\" \/>\n<meta property=\"og:description\" content=\"Se dir\u00e1 que el discurso del presidente argentino Javier Milei este s\u00e1bado en el Congreso era para iniciar el a\u00f1o legislativo, pero la verdad que son\u00f3 a\" \/>\n<meta property=\"og:url\" content=\"https:\/\/www.pressenza.com\/es\/2025\/03\/fin\/\" \/>\n<meta property=\"og:site_name\" content=\"Pressenza\" \/>\n<meta property=\"article:publisher\" content=\"https:\/\/www.facebook.com\/PressenzaItalia\" \/>\n<meta property=\"article:author\" content=\"https:\/\/www.facebook.com\/mariano.quiroga.779\" \/>\n<meta property=\"article:published_time\" content=\"2025-03-02T19:26:11+00:00\" \/>\n<meta property=\"article:modified_time\" content=\"2025-03-02T19:28:22+00:00\" \/>\n<meta property=\"og:image\" content=\"https:\/\/www.pressenza.com\/wp-content\/uploads\/2025\/03\/image1.jpg\" \/>\n\t<meta property=\"og:image:width\" content=\"1024\" \/>\n\t<meta property=\"og:image:height\" content=\"768\" \/>\n\t<meta property=\"og:image:type\" content=\"image\/jpeg\" \/>\n<meta name=\"author\" content=\"Mariano Quiroga\" \/>\n<meta name=\"twitter:card\" content=\"summary_large_image\" \/>\n<meta name=\"twitter:creator\" content=\"@MaruchoQuiroga\" \/>\n<meta name=\"twitter:site\" content=\"@PressenzaIPA\" \/>\n<meta name=\"twitter:label1\" content=\"Escrito por\" \/>\n\t<meta name=\"twitter:data1\" content=\"Mariano Quiroga\" \/>\n\t<meta name=\"twitter:label2\" content=\"Tiempo de lectura\" \/>\n\t<meta name=\"twitter:data2\" content=\"3 minutos\" \/>\n<script type=\"application\/ld+json\" class=\"yoast-schema-graph\">{\"@context\":\"https:\/\/schema.org\",\"@graph\":[{\"@type\":\"Article\",\"@id\":\"https:\/\/www.pressenza.com\/es\/2025\/03\/fin\/#article\",\"isPartOf\":{\"@id\":\"https:\/\/www.pressenza.com\/es\/2025\/03\/fin\/\"},\"author\":{\"name\":\"Mariano Quiroga\",\"@id\":\"https:\/\/www.pressenza.com\/es\/#\/schema\/person\/a0856fe41d8234b92503e6b28dc2585e\"},\"headline\":\"Fin.\",\"datePublished\":\"2025-03-02T19:26:11+00:00\",\"dateModified\":\"2025-03-02T19:28:22+00:00\",\"mainEntityOfPage\":{\"@id\":\"https:\/\/www.pressenza.com\/es\/2025\/03\/fin\/\"},\"wordCount\":507,\"publisher\":{\"@id\":\"https:\/\/www.pressenza.com\/es\/#organization\"},\"image\":{\"@id\":\"https:\/\/www.pressenza.com\/es\/2025\/03\/fin\/#primaryimage\"},\"thumbnailUrl\":\"https:\/\/www.pressenza.com\/wp-content\/uploads\/2025\/03\/image1.jpg\",\"keywords\":[\"Argentina\",\"Congreso\",\"Javier Milei\",\"pol\u00edtica\",\"pueblo\",\"Pueblo argentino\"],\"articleSection\":[\"Contenido Original\",\"Opiniones\",\"Pol\u00edtica\",\"Sudam\u00e9rica\"],\"inLanguage\":\"es\"},{\"@type\":\"WebPage\",\"@id\":\"https:\/\/www.pressenza.com\/es\/2025\/03\/fin\/\",\"url\":\"https:\/\/www.pressenza.com\/es\/2025\/03\/fin\/\",\"name\":\"Fin.\",\"isPartOf\":{\"@id\":\"https:\/\/www.pressenza.com\/es\/#website\"},\"primaryImageOfPage\":{\"@id\":\"https:\/\/www.pressenza.com\/es\/2025\/03\/fin\/#primaryimage\"},\"image\":{\"@id\":\"https:\/\/www.pressenza.com\/es\/2025\/03\/fin\/#primaryimage\"},\"thumbnailUrl\":\"https:\/\/www.pressenza.com\/wp-content\/uploads\/2025\/03\/image1.jpg\",\"datePublished\":\"2025-03-02T19:26:11+00:00\",\"dateModified\":\"2025-03-02T19:28:22+00:00\",\"description\":\"Se dir\u00e1 que el discurso del presidente argentino Javier Milei este s\u00e1bado en el Congreso era para iniciar el a\u00f1o legislativo, pero la verdad que son\u00f3 a\",\"breadcrumb\":{\"@id\":\"https:\/\/www.pressenza.com\/es\/2025\/03\/fin\/#breadcrumb\"},\"inLanguage\":\"es\",\"potentialAction\":[{\"@type\":\"ReadAction\",\"target\":[\"https:\/\/www.pressenza.com\/es\/2025\/03\/fin\/\"]}]},{\"@type\":\"ImageObject\",\"inLanguage\":\"es\",\"@id\":\"https:\/\/www.pressenza.com\/es\/2025\/03\/fin\/#primaryimage\",\"url\":\"https:\/\/www.pressenza.com\/wp-content\/uploads\/2025\/03\/image1.jpg\",\"contentUrl\":\"https:\/\/www.pressenza.com\/wp-content\/uploads\/2025\/03\/image1.jpg\",\"width\":1024,\"height\":768},{\"@type\":\"BreadcrumbList\",\"@id\":\"https:\/\/www.pressenza.com\/es\/2025\/03\/fin\/#breadcrumb\",\"itemListElement\":[{\"@type\":\"ListItem\",\"position\":1,\"name\":\"Accueil\",\"item\":\"https:\/\/www.pressenza.com\/es\/\"},{\"@type\":\"ListItem\",\"position\":2,\"name\":\"Fin.\"}]},{\"@type\":\"WebSite\",\"@id\":\"https:\/\/www.pressenza.com\/es\/#website\",\"url\":\"https:\/\/www.pressenza.com\/es\/\",\"name\":\"Pressenza\",\"description\":\"International Press Agency\",\"publisher\":{\"@id\":\"https:\/\/www.pressenza.com\/es\/#organization\"},\"potentialAction\":[{\"@type\":\"SearchAction\",\"target\":{\"@type\":\"EntryPoint\",\"urlTemplate\":\"https:\/\/www.pressenza.com\/es\/?s={search_term_string}\"},\"query-input\":{\"@type\":\"PropertyValueSpecification\",\"valueRequired\":true,\"valueName\":\"search_term_string\"}}],\"inLanguage\":\"es\"},{\"@type\":\"Organization\",\"@id\":\"https:\/\/www.pressenza.com\/es\/#organization\",\"name\":\"Pressenza\",\"url\":\"https:\/\/www.pressenza.com\/es\/\",\"logo\":{\"@type\":\"ImageObject\",\"inLanguage\":\"es\",\"@id\":\"https:\/\/www.pressenza.com\/es\/#\/schema\/logo\/image\/\",\"url\":\"https:\/\/www.pressenza.com\/wp-content\/uploads\/2022\/10\/pressenza_logo_200x200.jpg\",\"contentUrl\":\"https:\/\/www.pressenza.com\/wp-content\/uploads\/2022\/10\/pressenza_logo_200x200.jpg\",\"width\":200,\"height\":200,\"caption\":\"Pressenza\"},\"image\":{\"@id\":\"https:\/\/www.pressenza.com\/es\/#\/schema\/logo\/image\/\"},\"sameAs\":[\"https:\/\/www.facebook.com\/PressenzaItalia\",\"https:\/\/x.com\/PressenzaIPA\"]},{\"@type\":\"Person\",\"@id\":\"https:\/\/www.pressenza.com\/es\/#\/schema\/person\/a0856fe41d8234b92503e6b28dc2585e\",\"name\":\"Mariano Quiroga\",\"description\":\"Born in Buenos Aires, Argentina, in 1976, Mariano is a journalist, poet and international editor for Pressenza. His career includes publications in different countries and languages. Currently he is presenter on radio programmes in Ecuador and Argentina. A humanist communicator specialising in international politics, his vocation has led him to seek to build bridges that allow relationships to be made between data, events, people and contexts in order to create an inclusive look that synthesises the noblest searches for social justice and humanisation of the planet.\",\"sameAs\":[\"https:\/\/www.facebook.com\/mariano.quiroga.779\",\"https:\/\/x.com\/MaruchoQuiroga\"],\"url\":\"https:\/\/www.pressenza.com\/es\/author\/mariano-quiroga\/\"}]}<\/script>\n<!-- \/ Yoast SEO plugin. -->","yoast_head_json":{"title":"Fin.","description":"Se dir\u00e1 que el discurso del presidente argentino Javier Milei este s\u00e1bado en el Congreso era para iniciar el a\u00f1o legislativo, pero la verdad que son\u00f3 a","robots":{"index":"index","follow":"follow","max-snippet":"max-snippet:-1","max-image-preview":"max-image-preview:large","max-video-preview":"max-video-preview:-1"},"canonical":"https:\/\/www.pressenza.com\/es\/2025\/03\/fin\/","og_locale":"es_ES","og_type":"article","og_title":"Fin.","og_description":"Se dir\u00e1 que el discurso del presidente argentino Javier Milei este s\u00e1bado en el Congreso era para iniciar el a\u00f1o legislativo, pero la verdad que son\u00f3 a","og_url":"https:\/\/www.pressenza.com\/es\/2025\/03\/fin\/","og_site_name":"Pressenza","article_publisher":"https:\/\/www.facebook.com\/PressenzaItalia","article_author":"https:\/\/www.facebook.com\/mariano.quiroga.779","article_published_time":"2025-03-02T19:26:11+00:00","article_modified_time":"2025-03-02T19:28:22+00:00","og_image":[{"width":1024,"height":768,"url":"https:\/\/www.pressenza.com\/wp-content\/uploads\/2025\/03\/image1.jpg","type":"image\/jpeg"}],"author":"Mariano Quiroga","twitter_card":"summary_large_image","twitter_creator":"@MaruchoQuiroga","twitter_site":"@PressenzaIPA","twitter_misc":{"Escrito por":"Mariano Quiroga","Tiempo de lectura":"3 minutos"},"schema":{"@context":"https:\/\/schema.org","@graph":[{"@type":"Article","@id":"https:\/\/www.pressenza.com\/es\/2025\/03\/fin\/#article","isPartOf":{"@id":"https:\/\/www.pressenza.com\/es\/2025\/03\/fin\/"},"author":{"name":"Mariano Quiroga","@id":"https:\/\/www.pressenza.com\/es\/#\/schema\/person\/a0856fe41d8234b92503e6b28dc2585e"},"headline":"Fin.","datePublished":"2025-03-02T19:26:11+00:00","dateModified":"2025-03-02T19:28:22+00:00","mainEntityOfPage":{"@id":"https:\/\/www.pressenza.com\/es\/2025\/03\/fin\/"},"wordCount":507,"publisher":{"@id":"https:\/\/www.pressenza.com\/es\/#organization"},"image":{"@id":"https:\/\/www.pressenza.com\/es\/2025\/03\/fin\/#primaryimage"},"thumbnailUrl":"https:\/\/www.pressenza.com\/wp-content\/uploads\/2025\/03\/image1.jpg","keywords":["Argentina","Congreso","Javier Milei","pol\u00edtica","pueblo","Pueblo argentino"],"articleSection":["Contenido Original","Opiniones","Pol\u00edtica","Sudam\u00e9rica"],"inLanguage":"es"},{"@type":"WebPage","@id":"https:\/\/www.pressenza.com\/es\/2025\/03\/fin\/","url":"https:\/\/www.pressenza.com\/es\/2025\/03\/fin\/","name":"Fin.","isPartOf":{"@id":"https:\/\/www.pressenza.com\/es\/#website"},"primaryImageOfPage":{"@id":"https:\/\/www.pressenza.com\/es\/2025\/03\/fin\/#primaryimage"},"image":{"@id":"https:\/\/www.pressenza.com\/es\/2025\/03\/fin\/#primaryimage"},"thumbnailUrl":"https:\/\/www.pressenza.com\/wp-content\/uploads\/2025\/03\/image1.jpg","datePublished":"2025-03-02T19:26:11+00:00","dateModified":"2025-03-02T19:28:22+00:00","description":"Se dir\u00e1 que el discurso del presidente argentino Javier Milei este s\u00e1bado en el Congreso era para iniciar el a\u00f1o legislativo, pero la verdad que son\u00f3 a","breadcrumb":{"@id":"https:\/\/www.pressenza.com\/es\/2025\/03\/fin\/#breadcrumb"},"inLanguage":"es","potentialAction":[{"@type":"ReadAction","target":["https:\/\/www.pressenza.com\/es\/2025\/03\/fin\/"]}]},{"@type":"ImageObject","inLanguage":"es","@id":"https:\/\/www.pressenza.com\/es\/2025\/03\/fin\/#primaryimage","url":"https:\/\/www.pressenza.com\/wp-content\/uploads\/2025\/03\/image1.jpg","contentUrl":"https:\/\/www.pressenza.com\/wp-content\/uploads\/2025\/03\/image1.jpg","width":1024,"height":768},{"@type":"BreadcrumbList","@id":"https:\/\/www.pressenza.com\/es\/2025\/03\/fin\/#breadcrumb","itemListElement":[{"@type":"ListItem","position":1,"name":"Accueil","item":"https:\/\/www.pressenza.com\/es\/"},{"@type":"ListItem","position":2,"name":"Fin."}]},{"@type":"WebSite","@id":"https:\/\/www.pressenza.com\/es\/#website","url":"https:\/\/www.pressenza.com\/es\/","name":"Pressenza","description":"International Press Agency","publisher":{"@id":"https:\/\/www.pressenza.com\/es\/#organization"},"potentialAction":[{"@type":"SearchAction","target":{"@type":"EntryPoint","urlTemplate":"https:\/\/www.pressenza.com\/es\/?s={search_term_string}"},"query-input":{"@type":"PropertyValueSpecification","valueRequired":true,"valueName":"search_term_string"}}],"inLanguage":"es"},{"@type":"Organization","@id":"https:\/\/www.pressenza.com\/es\/#organization","name":"Pressenza","url":"https:\/\/www.pressenza.com\/es\/","logo":{"@type":"ImageObject","inLanguage":"es","@id":"https:\/\/www.pressenza.com\/es\/#\/schema\/logo\/image\/","url":"https:\/\/www.pressenza.com\/wp-content\/uploads\/2022\/10\/pressenza_logo_200x200.jpg","contentUrl":"https:\/\/www.pressenza.com\/wp-content\/uploads\/2022\/10\/pressenza_logo_200x200.jpg","width":200,"height":200,"caption":"Pressenza"},"image":{"@id":"https:\/\/www.pressenza.com\/es\/#\/schema\/logo\/image\/"},"sameAs":["https:\/\/www.facebook.com\/PressenzaItalia","https:\/\/x.com\/PressenzaIPA"]},{"@type":"Person","@id":"https:\/\/www.pressenza.com\/es\/#\/schema\/person\/a0856fe41d8234b92503e6b28dc2585e","name":"Mariano Quiroga","description":"Born in Buenos Aires, Argentina, in 1976, Mariano is a journalist, poet and international editor for Pressenza. His career includes publications in different countries and languages. Currently he is presenter on radio programmes in Ecuador and Argentina. A humanist communicator specialising in international politics, his vocation has led him to seek to build bridges that allow relationships to be made between data, events, people and contexts in order to create an inclusive look that synthesises the noblest searches for social justice and humanisation of the planet.","sameAs":["https:\/\/www.facebook.com\/mariano.quiroga.779","https:\/\/x.com\/MaruchoQuiroga"],"url":"https:\/\/www.pressenza.com\/es\/author\/mariano-quiroga\/"}]}},"place":"Ciudad de Buenos Aires, Argentina","original_article_url":"","_links":{"self":[{"href":"https:\/\/www.pressenza.com\/es\/wp-json\/wp\/v2\/posts\/2586665","targetHints":{"allow":["GET"]}}],"collection":[{"href":"https:\/\/www.pressenza.com\/es\/wp-json\/wp\/v2\/posts"}],"about":[{"href":"https:\/\/www.pressenza.com\/es\/wp-json\/wp\/v2\/types\/post"}],"author":[{"embeddable":true,"href":"https:\/\/www.pressenza.com\/es\/wp-json\/wp\/v2\/users\/96"}],"replies":[{"embeddable":true,"href":"https:\/\/www.pressenza.com\/es\/wp-json\/wp\/v2\/comments?post=2586665"}],"version-history":[{"count":0,"href":"https:\/\/www.pressenza.com\/es\/wp-json\/wp\/v2\/posts\/2586665\/revisions"}],"wp:featuredmedia":[{"embeddable":true,"href":"https:\/\/www.pressenza.com\/es\/wp-json\/wp\/v2\/media\/2586670"}],"wp:attachment":[{"href":"https:\/\/www.pressenza.com\/es\/wp-json\/wp\/v2\/media?parent=2586665"}],"wp:term":[{"taxonomy":"category","embeddable":true,"href":"https:\/\/www.pressenza.com\/es\/wp-json\/wp\/v2\/categories?post=2586665"},{"taxonomy":"post_tag","embeddable":true,"href":"https:\/\/www.pressenza.com\/es\/wp-json\/wp\/v2\/tags?post=2586665"}],"curies":[{"name":"wp","href":"https:\/\/api.w.org\/{rel}","templated":true}]}}