{"id":2585962,"date":"2025-02-27T14:01:48","date_gmt":"2025-02-27T14:01:48","guid":{"rendered":"https:\/\/www.pressenza.com\/?p=2585962"},"modified":"2025-02-27T14:01:48","modified_gmt":"2025-02-27T14:01:48","slug":"mercenarios-y-contratistas-civiles-el-negocio-sucio-de-las-guerras","status":"publish","type":"post","link":"https:\/\/www.pressenza.com\/es\/2025\/02\/mercenarios-y-contratistas-civiles-el-negocio-sucio-de-las-guerras\/","title":{"rendered":"Mercenarios y contratistas civiles: el negocio sucio de las guerras"},"content":{"rendered":"<p>Primera Parte<\/p>\n<p><strong>\u00bfQui\u00e9n se hace cargo de ellos cuando termina la guerra y vuelven a sus pa\u00edses de origen?<\/strong><\/p>\n<p>El ejemplo de Colombia, es un camino que deber\u00edan comenzar a pensar los distintos pa\u00edses que proveen de esta mano de obra para la guerra. Crear leyes para una problem\u00e1tica de hoy y del futuro.<\/p>\n<p>Colombia es un ejemplo que nos gustar\u00eda que siguieran muchas naciones que son exportadores de combatientes, pa\u00eds en el que desde hace algunos a\u00f1os se est\u00e1 buscando una soluci\u00f3n para el grave problema de los mercenarios y las empresas militares y de seguridad privada (EMSP). El a\u00f1o pasado, el presidente Gustavo Petro present\u00f3 una ley para impedir el reclutamiento de mercenarios en su pa\u00eds. El proyecto tiene como objetivo principal evitar el reclutamiento y la participaci\u00f3n de ciudadanos colombianos en actividades mercenarias: tipificando el delito de mercenarismo, prohibiendo el entrenamiento paramilitar para fines mercenarios, apuntando a la cooperaci\u00f3n internacional y dando protecci\u00f3n a los veteranos.<\/p>\n<p>Colombia ha sido por a\u00f1os uno de los principales proveedores de mercenarios, lo que se debe fundamentalmente a la alta capacitaci\u00f3n militar, falta de oportunidades econ\u00f3micas y una importante demanda global. M\u00e1s de 4000 ex militares colombianos han sido contratados para servir en conflictos internacionales, principalmente en Oriente Medio y \u00c1frica, lo que demuestra tambi\u00e9n c\u00f3mo el capital humano entrenado con recursos estatales se est\u00e1 usando para producir utilidades privadas.<\/p>\n<p>Es evidente que el mercado de los mercenarios y contratistas privados, como les gusta hacerse llamar, crea problemas tanto internos como externos. La participaci\u00f3n de ellos en conflictos ajenos puede da\u00f1ar la imagen y la reputaci\u00f3n internacional de un pa\u00eds, adem\u00e1s de ser una forma involuntaria de exportaci\u00f3n de violencia y criminalidad.<\/p>\n<p>El mercenarismo debe prohibirse y se deben establecer mecanismos internacionales efectivos que controlen, persigan y castiguen a las empresas militares y de seguridad privada que reclutan personas e intervienen de manera poco transparente a lo largo de todo el planeta.<\/p>\n<p>Aplaudimos el esfuerzo de Colombia, y esperamos que inspire a otros pa\u00edses como Chile, donde algunos diputados nos comentaron en off the record que no hay iniciativas ni proyectos en ese sentido. Esto nos preocupa, y nos preocupa de verdad, porque vemos c\u00f3mo la inseguridad se hace parte de nuestra sociedad, y curiosamente hace un a\u00f1o fuimos testigos, a trav\u00e9s de los informativos de TV, del actuar de un grupo de choque paramilitar, con armamento sofisticado, chalecos antibalas y uniformes, secuestrando a un ex militar venezolano desde un edificio de Santiago, para posteriormente asesinarlo y hacerlo desaparecer. No cualquiera tiene la capacidad de realizar una operaci\u00f3n militar de esa envergadura.\u00a0 El secuestro del coronel venezolano fue estudiado y planificado con mucha antelaci\u00f3n y podr\u00edamos pensar que los que actuaron, podr\u00edan entrar perfectamente en el perfil de mercenarios ahora convertidos en delincuentes.<\/p>\n<p><strong>El compromiso con la paz y la legalidad no puede encenderse y apagarse a conveniencia<\/strong><\/p>\n<p>A pesar de la falta de regulaci\u00f3n y de los problemas \u00e9ticos y pol\u00edticos que comporta, el mercado de las empresas militares y de seguridad privada contin\u00faa creciendo viento en popa, con grandes beneficios econ\u00f3micos para las compa\u00f1\u00edas, que obtienen mucha de su mano de obra desde \u00c1frica y Latinoam\u00e9rica, mano de obra, mejor dicho, carne de ca\u00f1\u00f3n. S\u00ed, porque en general, las posiciones especializadas son cubiertas por expertos de los ej\u00e9rcitos oficiales, y al frente de batalla, van, m\u00e1s o menos preparados los pseudo-soldados, que por unos cuantos d\u00f3lares arriesgan sus vidas en conflictos lejanos, muy lejanos.<\/p>\n<p>Seg\u00fan el Centro de Ginebra para la Gobernanza del Sector de la Seguridad (DCAF), se calcula que actualmente existen m\u00e1s de 450 compa\u00f1\u00edas militares privadas que operan en m\u00e1s de 50 pa\u00edses, empleando a 5 millones de personas en \u00c1frica, 2,5 millones en Am\u00e9rica Latina y el Caribe y a 2 millones en Europa, aunque es dif\u00edcil estimar un n\u00famero exacto ya que existen muchos operadores que act\u00faan en zonas grises o negras del mercado. Econ\u00f3micamente, el valor de este negocio asciende conservadoramente a unos 244.000 millones de d\u00f3lares.<\/p>\n<p>Los cuatro pa\u00edses que encabezan esta \u201cindustria\u201d, con aproximadamente el 70% del mercado son Estados Unidos, Reino Unido, China y Sud\u00e1frica, l\u00f3gicamente en Estados Unidos se concentran las mayores EMSP siendo tambi\u00e9n un importante cliente de ellas.<\/p>\n<p><strong>\u00bfY d\u00f3nde est\u00e1 el problema?<\/strong><\/p>\n<p>La participaci\u00f3n de este tipo de empresas en conflictos armados no es nueva ni novedosa, aunque por muchos a\u00f1os haya pasado desapercibida a la opini\u00f3n p\u00fablica. Las guerras de Irak y Afganist\u00e1n fueron el punto de inflexi\u00f3n para su crecimiento acelerado. Miles de soldados privados fueron contratados por Estados Unidos para \u201capoyar\u201d sus operaciones militares.<\/p>\n<p>El problema est\u00e1 en lo que se ha denominado \u201cprivatizaci\u00f3n\u201d de la guerra, las EMPS est\u00e1n asumiendo cada vez m\u00e1s roles y funciones en los conflictos en desmedro de la soberan\u00eda de los Estados y su monopolio sobre el uso de la fuerza, con contratistas que en demasiadas ocasiones han demostrado falta de \u00e9tica y respeto hacia los derechos humanos.<\/p>\n<p>Dentro de las actividades oficialmente declaradas por estas compa\u00f1\u00edas se encuentran, por ejemplo, apoyo log\u00edstico, mantenimiento del armamento y los sistemas de defensa, inteligencia, desminado y limpieza de Elementos Explosivos Sin Detonar (UXO\u00b4s), asesor\u00edas y consultor\u00edas en \u00e1reas tan diversas como reconstrucci\u00f3n, estabilizaci\u00f3n, reorganizaci\u00f3n de fuerzas armadas y policiales, entrenamiento en capacidades espec\u00edficas y quiz\u00e1s las m\u00e1s pol\u00e9micas, la\u00a0 seguridad para la protecci\u00f3n de instalaciones y personas y la participaci\u00f3n en combates.<\/p>\n<p>Y qui\u00e9nes son los contratistas que llevan a cabo estas funciones, en general, las EMSP utilizan una fuerza de trabajo flexible que seleccionan de acuerdo a sus habilidades. Muchos son ex militares, en ocasiones de grupos especiales, con experiencia en temas de seguridad, amantes de las armas y la disciplina militar.<\/p>\n<p>Como ejemplo, seg\u00fan un art\u00edculo publicado por Izquierda Revolucionaria durante la guerra de Irak hab\u00eda 122 ex militares chilenos \u201cque sirvieron a las \u00f3rdenes de Pinochet, los reclutaron\u00a0 a trav\u00e9s de un anuncio aparecido en el peri\u00f3dico chileno El Mercurio (12\/10\/03) en el que se invitaba a ex-militares, preferentemente con experiencia en instrucci\u00f3n de comandos y dominio del ingl\u00e9s, para prestar sus servicios de seguridad en el exterior cobrando 18.000 d\u00f3lares por seis meses de trabajo, al anuncio respondieron 400 infantes de marina y antiguos \u201cboinas negras\u201d (fuerzas especiales del ej\u00e9rcito chileno). Estos mercenarios fueron contratados por una de las principales empresas del sector, Blackwater Security, filial de Halliburton (vinculada al vicepresidente estadounidense Cheney)\u201d.<\/p>\n<p>Por decir lo menos, siniestro.<\/p>\n<p>Esta historia continuar\u00e1\u2026\u2026..<\/p>\n","protected":false},"excerpt":{"rendered":"<p>Primera Parte \u00bfQui\u00e9n se hace cargo de ellos cuando termina la guerra y vuelven a sus pa\u00edses de origen? El ejemplo de Colombia, es un camino que deber\u00edan comenzar a pensar los distintos pa\u00edses que proveen de esta mano de&hellip;<\/p>\n","protected":false},"author":2392,"featured_media":2585963,"comment_status":"closed","ping_status":"closed","sticky":false,"template":"","format":"standard","meta":{"footnotes":""},"categories":[11389,161,1243,67],"tags":[129787,11597,74999],"class_list":["post-2585962","post","type-post","status-publish","format-standard","has-post-thumbnail","hentry","category-contenido-original","category-opiniones","category-paz-desarme","category-sudamerica","tag-colombia-es","tag-guerras","tag-mercenarios"],"yoast_head":"<!-- This site is optimized with the Yoast SEO plugin v27.1.1 - https:\/\/yoast.com\/product\/yoast-seo-wordpress\/ -->\n<title>Mercenarios y contratistas civiles: el negocio sucio de las guerras<\/title>\n<meta name=\"description\" content=\"Primera Parte \u00bfQui\u00e9n se hace cargo de ellos cuando termina la guerra y vuelven a sus pa\u00edses de origen? El ejemplo de Colombia, es un camino que deber\u00edan\" \/>\n<meta name=\"robots\" content=\"index, follow, max-snippet:-1, max-image-preview:large, max-video-preview:-1\" \/>\n<link rel=\"canonical\" href=\"https:\/\/www.pressenza.com\/es\/2025\/02\/mercenarios-y-contratistas-civiles-el-negocio-sucio-de-las-guerras\/\" \/>\n<meta property=\"og:locale\" content=\"es_ES\" \/>\n<meta property=\"og:type\" content=\"article\" \/>\n<meta property=\"og:title\" content=\"Mercenarios y contratistas civiles: el negocio sucio de las guerras\" \/>\n<meta property=\"og:description\" content=\"Primera Parte \u00bfQui\u00e9n se hace cargo de ellos cuando termina la guerra y vuelven a sus pa\u00edses de origen? El ejemplo de Colombia, es un camino que deber\u00edan\" \/>\n<meta property=\"og:url\" content=\"https:\/\/www.pressenza.com\/es\/2025\/02\/mercenarios-y-contratistas-civiles-el-negocio-sucio-de-las-guerras\/\" \/>\n<meta property=\"og:site_name\" content=\"Pressenza\" \/>\n<meta property=\"article:publisher\" content=\"https:\/\/www.facebook.com\/PressenzaItalia\" \/>\n<meta property=\"article:published_time\" content=\"2025-02-27T14:01:48+00:00\" \/>\n<meta property=\"og:image\" content=\"https:\/\/www.pressenza.com\/wp-content\/uploads\/2025\/02\/DALL\u00b7E-2025-02-27-09.54.15-A-group-of-heavily-armed-mercenaries-wearing-tactical-gear-and-military-uniforms.-They-are-counting-stacks-of-US-dollar-bills-on-a-table-with-some-ho.webp\" \/>\n\t<meta property=\"og:image:width\" content=\"1024\" \/>\n\t<meta property=\"og:image:height\" content=\"1024\" \/>\n\t<meta property=\"og:image:type\" content=\"image\/webp\" \/>\n<meta name=\"author\" content=\"F\u00e9lix Madariaga Leiva\" \/>\n<meta name=\"twitter:card\" content=\"summary_large_image\" \/>\n<meta name=\"twitter:creator\" content=\"@PressenzaIPA\" \/>\n<meta name=\"twitter:site\" content=\"@PressenzaIPA\" \/>\n<meta name=\"twitter:label1\" content=\"Escrito por\" \/>\n\t<meta name=\"twitter:data1\" content=\"F\u00e9lix Madariaga Leiva\" \/>\n\t<meta name=\"twitter:label2\" content=\"Tiempo de lectura\" \/>\n\t<meta name=\"twitter:data2\" content=\"5 minutos\" \/>\n<script type=\"application\/ld+json\" class=\"yoast-schema-graph\">{\"@context\":\"https:\/\/schema.org\",\"@graph\":[{\"@type\":\"Article\",\"@id\":\"https:\/\/www.pressenza.com\/es\/2025\/02\/mercenarios-y-contratistas-civiles-el-negocio-sucio-de-las-guerras\/#article\",\"isPartOf\":{\"@id\":\"https:\/\/www.pressenza.com\/es\/2025\/02\/mercenarios-y-contratistas-civiles-el-negocio-sucio-de-las-guerras\/\"},\"author\":{\"name\":\"F\u00e9lix Madariaga Leiva\",\"@id\":\"https:\/\/www.pressenza.com\/es\/#\/schema\/person\/e8c218643b99a83d4b0e7c4b95daf942\"},\"headline\":\"Mercenarios y contratistas civiles: el negocio sucio de las guerras\",\"datePublished\":\"2025-02-27T14:01:48+00:00\",\"mainEntityOfPage\":{\"@id\":\"https:\/\/www.pressenza.com\/es\/2025\/02\/mercenarios-y-contratistas-civiles-el-negocio-sucio-de-las-guerras\/\"},\"wordCount\":1158,\"publisher\":{\"@id\":\"https:\/\/www.pressenza.com\/es\/#organization\"},\"image\":{\"@id\":\"https:\/\/www.pressenza.com\/es\/2025\/02\/mercenarios-y-contratistas-civiles-el-negocio-sucio-de-las-guerras\/#primaryimage\"},\"thumbnailUrl\":\"https:\/\/www.pressenza.com\/wp-content\/uploads\/2025\/02\/DALL\u00b7E-2025-02-27-09.54.15-A-group-of-heavily-armed-mercenaries-wearing-tactical-gear-and-military-uniforms.-They-are-counting-stacks-of-US-dollar-bills-on-a-table-with-some-ho.webp\",\"keywords\":[\"Colombia\",\"guerras\",\"mercenarios\"],\"articleSection\":[\"Contenido Original\",\"Opiniones\",\"Paz y Desarme\",\"Sudam\u00e9rica\"],\"inLanguage\":\"es\"},{\"@type\":\"WebPage\",\"@id\":\"https:\/\/www.pressenza.com\/es\/2025\/02\/mercenarios-y-contratistas-civiles-el-negocio-sucio-de-las-guerras\/\",\"url\":\"https:\/\/www.pressenza.com\/es\/2025\/02\/mercenarios-y-contratistas-civiles-el-negocio-sucio-de-las-guerras\/\",\"name\":\"Mercenarios y contratistas civiles: el negocio sucio de las guerras\",\"isPartOf\":{\"@id\":\"https:\/\/www.pressenza.com\/es\/#website\"},\"primaryImageOfPage\":{\"@id\":\"https:\/\/www.pressenza.com\/es\/2025\/02\/mercenarios-y-contratistas-civiles-el-negocio-sucio-de-las-guerras\/#primaryimage\"},\"image\":{\"@id\":\"https:\/\/www.pressenza.com\/es\/2025\/02\/mercenarios-y-contratistas-civiles-el-negocio-sucio-de-las-guerras\/#primaryimage\"},\"thumbnailUrl\":\"https:\/\/www.pressenza.com\/wp-content\/uploads\/2025\/02\/DALL\u00b7E-2025-02-27-09.54.15-A-group-of-heavily-armed-mercenaries-wearing-tactical-gear-and-military-uniforms.-They-are-counting-stacks-of-US-dollar-bills-on-a-table-with-some-ho.webp\",\"datePublished\":\"2025-02-27T14:01:48+00:00\",\"description\":\"Primera Parte \u00bfQui\u00e9n se hace cargo de ellos cuando termina la guerra y vuelven a sus pa\u00edses de origen? El ejemplo de Colombia, es un camino que deber\u00edan\",\"breadcrumb\":{\"@id\":\"https:\/\/www.pressenza.com\/es\/2025\/02\/mercenarios-y-contratistas-civiles-el-negocio-sucio-de-las-guerras\/#breadcrumb\"},\"inLanguage\":\"es\",\"potentialAction\":[{\"@type\":\"ReadAction\",\"target\":[\"https:\/\/www.pressenza.com\/es\/2025\/02\/mercenarios-y-contratistas-civiles-el-negocio-sucio-de-las-guerras\/\"]}]},{\"@type\":\"ImageObject\",\"inLanguage\":\"es\",\"@id\":\"https:\/\/www.pressenza.com\/es\/2025\/02\/mercenarios-y-contratistas-civiles-el-negocio-sucio-de-las-guerras\/#primaryimage\",\"url\":\"https:\/\/www.pressenza.com\/wp-content\/uploads\/2025\/02\/DALL\u00b7E-2025-02-27-09.54.15-A-group-of-heavily-armed-mercenaries-wearing-tactical-gear-and-military-uniforms.-They-are-counting-stacks-of-US-dollar-bills-on-a-table-with-some-ho.webp\",\"contentUrl\":\"https:\/\/www.pressenza.com\/wp-content\/uploads\/2025\/02\/DALL\u00b7E-2025-02-27-09.54.15-A-group-of-heavily-armed-mercenaries-wearing-tactical-gear-and-military-uniforms.-They-are-counting-stacks-of-US-dollar-bills-on-a-table-with-some-ho.webp\",\"width\":1024,\"height\":1024},{\"@type\":\"BreadcrumbList\",\"@id\":\"https:\/\/www.pressenza.com\/es\/2025\/02\/mercenarios-y-contratistas-civiles-el-negocio-sucio-de-las-guerras\/#breadcrumb\",\"itemListElement\":[{\"@type\":\"ListItem\",\"position\":1,\"name\":\"Accueil\",\"item\":\"https:\/\/www.pressenza.com\/es\/\"},{\"@type\":\"ListItem\",\"position\":2,\"name\":\"Mercenarios y contratistas civiles: el negocio sucio de las guerras\"}]},{\"@type\":\"WebSite\",\"@id\":\"https:\/\/www.pressenza.com\/es\/#website\",\"url\":\"https:\/\/www.pressenza.com\/es\/\",\"name\":\"Pressenza\",\"description\":\"International Press Agency\",\"publisher\":{\"@id\":\"https:\/\/www.pressenza.com\/es\/#organization\"},\"potentialAction\":[{\"@type\":\"SearchAction\",\"target\":{\"@type\":\"EntryPoint\",\"urlTemplate\":\"https:\/\/www.pressenza.com\/es\/?s={search_term_string}\"},\"query-input\":{\"@type\":\"PropertyValueSpecification\",\"valueRequired\":true,\"valueName\":\"search_term_string\"}}],\"inLanguage\":\"es\"},{\"@type\":\"Organization\",\"@id\":\"https:\/\/www.pressenza.com\/es\/#organization\",\"name\":\"Pressenza\",\"url\":\"https:\/\/www.pressenza.com\/es\/\",\"logo\":{\"@type\":\"ImageObject\",\"inLanguage\":\"es\",\"@id\":\"https:\/\/www.pressenza.com\/es\/#\/schema\/logo\/image\/\",\"url\":\"https:\/\/www.pressenza.com\/wp-content\/uploads\/2022\/10\/pressenza_logo_200x200.jpg\",\"contentUrl\":\"https:\/\/www.pressenza.com\/wp-content\/uploads\/2022\/10\/pressenza_logo_200x200.jpg\",\"width\":200,\"height\":200,\"caption\":\"Pressenza\"},\"image\":{\"@id\":\"https:\/\/www.pressenza.com\/es\/#\/schema\/logo\/image\/\"},\"sameAs\":[\"https:\/\/www.facebook.com\/PressenzaItalia\",\"https:\/\/x.com\/PressenzaIPA\"]},{\"@type\":\"Person\",\"@id\":\"https:\/\/www.pressenza.com\/es\/#\/schema\/person\/e8c218643b99a83d4b0e7c4b95daf942\",\"name\":\"F\u00e9lix Madariaga Leiva\",\"url\":\"https:\/\/www.pressenza.com\/es\/author\/felix-madariaga-leiva\/\"}]}<\/script>\n<!-- \/ Yoast SEO plugin. -->","yoast_head_json":{"title":"Mercenarios y contratistas civiles: el negocio sucio de las guerras","description":"Primera Parte \u00bfQui\u00e9n se hace cargo de ellos cuando termina la guerra y vuelven a sus pa\u00edses de origen? El ejemplo de Colombia, es un camino que deber\u00edan","robots":{"index":"index","follow":"follow","max-snippet":"max-snippet:-1","max-image-preview":"max-image-preview:large","max-video-preview":"max-video-preview:-1"},"canonical":"https:\/\/www.pressenza.com\/es\/2025\/02\/mercenarios-y-contratistas-civiles-el-negocio-sucio-de-las-guerras\/","og_locale":"es_ES","og_type":"article","og_title":"Mercenarios y contratistas civiles: el negocio sucio de las guerras","og_description":"Primera Parte \u00bfQui\u00e9n se hace cargo de ellos cuando termina la guerra y vuelven a sus pa\u00edses de origen? El ejemplo de Colombia, es un camino que deber\u00edan","og_url":"https:\/\/www.pressenza.com\/es\/2025\/02\/mercenarios-y-contratistas-civiles-el-negocio-sucio-de-las-guerras\/","og_site_name":"Pressenza","article_publisher":"https:\/\/www.facebook.com\/PressenzaItalia","article_published_time":"2025-02-27T14:01:48+00:00","og_image":[{"width":1024,"height":1024,"url":"https:\/\/www.pressenza.com\/wp-content\/uploads\/2025\/02\/DALL\u00b7E-2025-02-27-09.54.15-A-group-of-heavily-armed-mercenaries-wearing-tactical-gear-and-military-uniforms.-They-are-counting-stacks-of-US-dollar-bills-on-a-table-with-some-ho.webp","type":"image\/webp"}],"author":"F\u00e9lix Madariaga Leiva","twitter_card":"summary_large_image","twitter_creator":"@PressenzaIPA","twitter_site":"@PressenzaIPA","twitter_misc":{"Escrito por":"F\u00e9lix Madariaga Leiva","Tiempo de lectura":"5 minutos"},"schema":{"@context":"https:\/\/schema.org","@graph":[{"@type":"Article","@id":"https:\/\/www.pressenza.com\/es\/2025\/02\/mercenarios-y-contratistas-civiles-el-negocio-sucio-de-las-guerras\/#article","isPartOf":{"@id":"https:\/\/www.pressenza.com\/es\/2025\/02\/mercenarios-y-contratistas-civiles-el-negocio-sucio-de-las-guerras\/"},"author":{"name":"F\u00e9lix Madariaga Leiva","@id":"https:\/\/www.pressenza.com\/es\/#\/schema\/person\/e8c218643b99a83d4b0e7c4b95daf942"},"headline":"Mercenarios y contratistas civiles: el negocio sucio de las guerras","datePublished":"2025-02-27T14:01:48+00:00","mainEntityOfPage":{"@id":"https:\/\/www.pressenza.com\/es\/2025\/02\/mercenarios-y-contratistas-civiles-el-negocio-sucio-de-las-guerras\/"},"wordCount":1158,"publisher":{"@id":"https:\/\/www.pressenza.com\/es\/#organization"},"image":{"@id":"https:\/\/www.pressenza.com\/es\/2025\/02\/mercenarios-y-contratistas-civiles-el-negocio-sucio-de-las-guerras\/#primaryimage"},"thumbnailUrl":"https:\/\/www.pressenza.com\/wp-content\/uploads\/2025\/02\/DALL\u00b7E-2025-02-27-09.54.15-A-group-of-heavily-armed-mercenaries-wearing-tactical-gear-and-military-uniforms.-They-are-counting-stacks-of-US-dollar-bills-on-a-table-with-some-ho.webp","keywords":["Colombia","guerras","mercenarios"],"articleSection":["Contenido Original","Opiniones","Paz y Desarme","Sudam\u00e9rica"],"inLanguage":"es"},{"@type":"WebPage","@id":"https:\/\/www.pressenza.com\/es\/2025\/02\/mercenarios-y-contratistas-civiles-el-negocio-sucio-de-las-guerras\/","url":"https:\/\/www.pressenza.com\/es\/2025\/02\/mercenarios-y-contratistas-civiles-el-negocio-sucio-de-las-guerras\/","name":"Mercenarios y contratistas civiles: el negocio sucio de las guerras","isPartOf":{"@id":"https:\/\/www.pressenza.com\/es\/#website"},"primaryImageOfPage":{"@id":"https:\/\/www.pressenza.com\/es\/2025\/02\/mercenarios-y-contratistas-civiles-el-negocio-sucio-de-las-guerras\/#primaryimage"},"image":{"@id":"https:\/\/www.pressenza.com\/es\/2025\/02\/mercenarios-y-contratistas-civiles-el-negocio-sucio-de-las-guerras\/#primaryimage"},"thumbnailUrl":"https:\/\/www.pressenza.com\/wp-content\/uploads\/2025\/02\/DALL\u00b7E-2025-02-27-09.54.15-A-group-of-heavily-armed-mercenaries-wearing-tactical-gear-and-military-uniforms.-They-are-counting-stacks-of-US-dollar-bills-on-a-table-with-some-ho.webp","datePublished":"2025-02-27T14:01:48+00:00","description":"Primera Parte \u00bfQui\u00e9n se hace cargo de ellos cuando termina la guerra y vuelven a sus pa\u00edses de origen? El ejemplo de Colombia, es un camino que deber\u00edan","breadcrumb":{"@id":"https:\/\/www.pressenza.com\/es\/2025\/02\/mercenarios-y-contratistas-civiles-el-negocio-sucio-de-las-guerras\/#breadcrumb"},"inLanguage":"es","potentialAction":[{"@type":"ReadAction","target":["https:\/\/www.pressenza.com\/es\/2025\/02\/mercenarios-y-contratistas-civiles-el-negocio-sucio-de-las-guerras\/"]}]},{"@type":"ImageObject","inLanguage":"es","@id":"https:\/\/www.pressenza.com\/es\/2025\/02\/mercenarios-y-contratistas-civiles-el-negocio-sucio-de-las-guerras\/#primaryimage","url":"https:\/\/www.pressenza.com\/wp-content\/uploads\/2025\/02\/DALL\u00b7E-2025-02-27-09.54.15-A-group-of-heavily-armed-mercenaries-wearing-tactical-gear-and-military-uniforms.-They-are-counting-stacks-of-US-dollar-bills-on-a-table-with-some-ho.webp","contentUrl":"https:\/\/www.pressenza.com\/wp-content\/uploads\/2025\/02\/DALL\u00b7E-2025-02-27-09.54.15-A-group-of-heavily-armed-mercenaries-wearing-tactical-gear-and-military-uniforms.-They-are-counting-stacks-of-US-dollar-bills-on-a-table-with-some-ho.webp","width":1024,"height":1024},{"@type":"BreadcrumbList","@id":"https:\/\/www.pressenza.com\/es\/2025\/02\/mercenarios-y-contratistas-civiles-el-negocio-sucio-de-las-guerras\/#breadcrumb","itemListElement":[{"@type":"ListItem","position":1,"name":"Accueil","item":"https:\/\/www.pressenza.com\/es\/"},{"@type":"ListItem","position":2,"name":"Mercenarios y contratistas civiles: el negocio sucio de las guerras"}]},{"@type":"WebSite","@id":"https:\/\/www.pressenza.com\/es\/#website","url":"https:\/\/www.pressenza.com\/es\/","name":"Pressenza","description":"International Press Agency","publisher":{"@id":"https:\/\/www.pressenza.com\/es\/#organization"},"potentialAction":[{"@type":"SearchAction","target":{"@type":"EntryPoint","urlTemplate":"https:\/\/www.pressenza.com\/es\/?s={search_term_string}"},"query-input":{"@type":"PropertyValueSpecification","valueRequired":true,"valueName":"search_term_string"}}],"inLanguage":"es"},{"@type":"Organization","@id":"https:\/\/www.pressenza.com\/es\/#organization","name":"Pressenza","url":"https:\/\/www.pressenza.com\/es\/","logo":{"@type":"ImageObject","inLanguage":"es","@id":"https:\/\/www.pressenza.com\/es\/#\/schema\/logo\/image\/","url":"https:\/\/www.pressenza.com\/wp-content\/uploads\/2022\/10\/pressenza_logo_200x200.jpg","contentUrl":"https:\/\/www.pressenza.com\/wp-content\/uploads\/2022\/10\/pressenza_logo_200x200.jpg","width":200,"height":200,"caption":"Pressenza"},"image":{"@id":"https:\/\/www.pressenza.com\/es\/#\/schema\/logo\/image\/"},"sameAs":["https:\/\/www.facebook.com\/PressenzaItalia","https:\/\/x.com\/PressenzaIPA"]},{"@type":"Person","@id":"https:\/\/www.pressenza.com\/es\/#\/schema\/person\/e8c218643b99a83d4b0e7c4b95daf942","name":"F\u00e9lix Madariaga Leiva","url":"https:\/\/www.pressenza.com\/es\/author\/felix-madariaga-leiva\/"}]}},"place":"Santiago de Chile","original_article_url":"","_links":{"self":[{"href":"https:\/\/www.pressenza.com\/es\/wp-json\/wp\/v2\/posts\/2585962","targetHints":{"allow":["GET"]}}],"collection":[{"href":"https:\/\/www.pressenza.com\/es\/wp-json\/wp\/v2\/posts"}],"about":[{"href":"https:\/\/www.pressenza.com\/es\/wp-json\/wp\/v2\/types\/post"}],"author":[{"embeddable":true,"href":"https:\/\/www.pressenza.com\/es\/wp-json\/wp\/v2\/users\/2392"}],"replies":[{"embeddable":true,"href":"https:\/\/www.pressenza.com\/es\/wp-json\/wp\/v2\/comments?post=2585962"}],"version-history":[{"count":0,"href":"https:\/\/www.pressenza.com\/es\/wp-json\/wp\/v2\/posts\/2585962\/revisions"}],"wp:featuredmedia":[{"embeddable":true,"href":"https:\/\/www.pressenza.com\/es\/wp-json\/wp\/v2\/media\/2585963"}],"wp:attachment":[{"href":"https:\/\/www.pressenza.com\/es\/wp-json\/wp\/v2\/media?parent=2585962"}],"wp:term":[{"taxonomy":"category","embeddable":true,"href":"https:\/\/www.pressenza.com\/es\/wp-json\/wp\/v2\/categories?post=2585962"},{"taxonomy":"post_tag","embeddable":true,"href":"https:\/\/www.pressenza.com\/es\/wp-json\/wp\/v2\/tags?post=2585962"}],"curies":[{"name":"wp","href":"https:\/\/api.w.org\/{rel}","templated":true}]}}