{"id":2584305,"date":"2025-02-19T09:44:30","date_gmt":"2025-02-19T09:44:30","guid":{"rendered":"https:\/\/www.pressenza.com\/?p=2584305"},"modified":"2025-02-19T09:44:30","modified_gmt":"2025-02-19T09:44:30","slug":"ecos-del-silencio","status":"publish","type":"post","link":"https:\/\/www.pressenza.com\/es\/2025\/02\/ecos-del-silencio\/","title":{"rendered":"Ecos del silencio"},"content":{"rendered":"<p>Los delfines, orcas y belugas son criaturas de una inteligencia extraordinaria, con sociedades complejas, comunicaci\u00f3n avanzada y una profunda conexi\u00f3n con su entorno marino. Sin embargo, durante d\u00e9cadas han sido confinados en diminutas piscinas, lejos de los oc\u00e9anos que les dieron vida, forzados a realizar espect\u00e1culos circenses para el entretenimiento humano. Esta pr\u00e1ctica, lejos de ser educativa o cultural, representa una forma de explotaci\u00f3n que atenta contra su bienestar f\u00edsico y psicol\u00f3gico.<\/p>\n<p>Los cet\u00e1ceos en cautiverio sufren innumerables problemas derivados de su confinamiento. Su esperanza de vida se reduce dr\u00e1sticamente, padecen enfermedades derivadas del estr\u00e9s y la inactividad, y presentan comportamientos anormales como la agresi\u00f3n, la apat\u00eda y la automutilaci\u00f3n. Los espacios artificiales de los delfinarios y orcarios no pueden replicar la vastedad del oc\u00e9ano ni proporcionar la estimulaci\u00f3n cognitiva que estos animales necesitan. Privados de sus lazos familiares y de la oportunidad de desarrollar sus habilidades naturales de caza y exploraci\u00f3n, pierden la esencia de lo que son.<\/p>\n<div id=\"attachment_2584307\" class=\"wp-caption alignnone\"><img loading=\"lazy\" decoding=\"async\" aria-describedby=\"caption-attachment-2584307\" class=\"wp-image-2584307\" src=\"https:\/\/www.pressenza.com\/wp-content\/uploads\/2025\/02\/20250219_092217-300x146.jpg\" alt=\"\" width=\"723\" height=\"352\" srcset=\"https:\/\/www.pressenza.com\/wp-content\/uploads\/2025\/02\/20250219_092217-300x146.jpg 300w, https:\/\/www.pressenza.com\/wp-content\/uploads\/2025\/02\/20250219_092217-820x400.jpg 820w, https:\/\/www.pressenza.com\/wp-content\/uploads\/2025\/02\/20250219_092217.jpg 1920w\" sizes=\"auto, (max-width: 723px) 100vw, 723px\" \/><p id=\"caption-attachment-2584307\" class=\"wp-caption-text\">Imagen Pedro Pozas Terrados<\/p><\/div>\n<p>En lugar de perpetuar la crueldad del cautiverio, es imperativo la creaci\u00f3n de santuarios costeros marinos donde los cet\u00e1ceos rescatados puedan vivir en condiciones m\u00e1s naturales, con la posibilidad de rehabilitarse y, cuando sea posible, ser liberados nuevamente en su h\u00e1bitat. Algunos casos han demostrado que la liberaci\u00f3n es viable:<\/p>\n<ul>\n<li><em>Keiko<\/em>, la orca protagonista de <em>Liberen a Willy<\/em>, fue trasladada a un santuario marino en Islandia y aunque su reintegraci\u00f3n a la vida salvaje no fue completa, pudo experimentar la libertad y el contacto con otros cet\u00e1ceos.<\/li>\n<li><em>Springer<\/em>, una orca rescatada en el Pac\u00edfico Norte, fue rehabilitada y reintroducida con \u00e9xito a su grupo familiar.<\/li>\n<li><em>Little Grey y Little White<\/em>, dos belugas rescatadas de un acuario en China, fueron trasladadas a un santuario marino en Islandia para vivir en mejores condiciones.<\/li>\n<\/ul>\n<p>Estos ejemplos demuestran que, con esfuerzo y compromiso, podemos revertir parte del da\u00f1o causado por el cautiverio y darles una oportunidad real de vida.<\/p>\n<p>Es fundamental que la poblaci\u00f3n comprenda que asistir a espect\u00e1culos con cet\u00e1ceos en cautiverio no es cultura ni educaci\u00f3n, sino explotaci\u00f3n. La educaci\u00f3n en las escuelas debe enfocarse en ense\u00f1ar respeto por la vida silvestre y en mostrar a los ni\u00f1os que los animales no est\u00e1n en este mundo para entretenernos. Los zool\u00f3gicos y acuarios deben evolucionar y reconvertirse en verdaderos centros educativos y de conservaci\u00f3n, sin animales en cautiverio, ofreciendo experiencias interactivas mediante tecnolog\u00eda avanzada como realidad virtual y documentales inmersivos que permitan conocer la vida marina sin comprometer su bienestar.<\/p>\n<div id=\"attachment_2584308\" class=\"wp-caption alignnone\"><img loading=\"lazy\" decoding=\"async\" aria-describedby=\"caption-attachment-2584308\" class=\"wp-image-2584308\" src=\"https:\/\/www.pressenza.com\/wp-content\/uploads\/2025\/02\/20250219_092232-300x225.jpg\" alt=\"\" width=\"763\" height=\"572\" srcset=\"https:\/\/www.pressenza.com\/wp-content\/uploads\/2025\/02\/20250219_092232-300x225.jpg 300w, https:\/\/www.pressenza.com\/wp-content\/uploads\/2025\/02\/20250219_092232-820x615.jpg 820w, https:\/\/www.pressenza.com\/wp-content\/uploads\/2025\/02\/20250219_092232.jpg 1920w\" sizes=\"auto, (max-width: 763px) 100vw, 763px\" \/><p id=\"caption-attachment-2584308\" class=\"wp-caption-text\">Imagen Pedro Pozas Terrados<\/p><\/div>\n<p>Estudios cient\u00edficos han demostrado que los cet\u00e1ceos poseen un alto nivel de inteligencia, comparable con la de los grandes simios y, en algunos aspectos, con la humana. Se comunican con complejos sistemas de sonidos, muestran altruismo, reconocen su reflejo en un espejo (indicio de autoconciencia) y forman estructuras sociales s\u00f3lidas. Incluso se ha comprobado que las orcas tienen dialectos propios seg\u00fan su grupo social y que los delfines poseen nombres individuales para identificarse entre s\u00ed.<\/p>\n<p>Si reconocemos su avanzada inteligencia y capacidad de sufrimiento, debemos otorgarles el respeto que merecen. No podemos seguir justificando su cautiverio bajo el pretexto del entretenimiento o la educaci\u00f3n. Es momento de que la humanidad se aleje de la explotaci\u00f3n animal y camine hacia una relaci\u00f3n de respeto con las dem\u00e1s especies del planeta.<\/p>\n<p><strong>\u00a1Basta ya!<\/strong><\/p>\n<p>Es hora de decir basta. No asistamos a espect\u00e1culos con delfines, orcas o belugas en cautiverio. No financiemos la explotaci\u00f3n disfrazada de entretenimiento. Exijamos el cierre de los delfinarios y la transformaci\u00f3n de estos espacios en centros culturales y educativos que realmente aporten valor a la sociedad sin sacrificar la vida y la dignidad de seres sintientes.<\/p>\n<div id=\"attachment_2584309\" class=\"wp-caption alignnone\"><img loading=\"lazy\" decoding=\"async\" aria-describedby=\"caption-attachment-2584309\" class=\"wp-image-2584309\" src=\"https:\/\/www.pressenza.com\/wp-content\/uploads\/2025\/02\/20250219_092313-300x198.jpg\" alt=\"\" width=\"758\" height=\"500\" srcset=\"https:\/\/www.pressenza.com\/wp-content\/uploads\/2025\/02\/20250219_092313-300x198.jpg 300w, https:\/\/www.pressenza.com\/wp-content\/uploads\/2025\/02\/20250219_092313-820x541.jpg 820w, https:\/\/www.pressenza.com\/wp-content\/uploads\/2025\/02\/20250219_092313.jpg 1920w\" sizes=\"auto, (max-width: 758px) 100vw, 758px\" \/><p id=\"caption-attachment-2584309\" class=\"wp-caption-text\">Imagen Pedro Pozas Terrados. Los delfines son adiestrados para con sus hocicos desde el interior de la piscina, levantar a toda velocidad al cuidador hacia la superficie y realizar de esta forma un gran salto, poniendo en peligro posibles raspaduras en su piel.<\/p><\/div>\n<p>La libertad es un derecho, no un privilegio. Y los cet\u00e1ceos, al igual que nosotros, la merecen<\/p>\n<p>Diversos estudios cient\u00edficos han abordado los efectos negativos del cautiverio en delfines y otras especies de cet\u00e1ceos, especialmente en relaci\u00f3n con su participaci\u00f3n en espect\u00e1culos:<\/p>\n<ol>\n<li><a href=\"https:\/\/bvearmb.do\/handle\/123456789\/5376?utm_source=chatgpt.com\"><strong>\u00abEl caso contra mam\u00edferos marinos en cautiverio\u00bb<\/strong><\/a><strong> (6\u00aa edici\u00f3n)<\/strong>:\n<ul>\n<li><strong>Autores<\/strong>: Naomi A. Rose, Ph.D., y otros colaboradores.<\/li>\n<li><strong>Conclusiones<\/strong>: Este informe argumenta que los mam\u00edferos marinos en cautiverio llevan vidas empobrecidas y que los espect\u00e1culos circenses en los que participan no reflejan su comportamiento natural. Adem\u00e1s, se\u00f1ala que estas pr\u00e1cticas pueden insensibilizar al p\u00fablico sobre el sufrimiento inherente al cautiverio.<\/li>\n<\/ul>\n<\/li>\n<li><a href=\"https:\/\/awionline.org\/sites\/default\/files\/uploads\/documents\/AWI-ML-CAMMIC-5th-edition-Spanish.pdf?utm_source=chatgpt.com\"><strong>\u00abLos mam\u00edferos marinos en cautiverio\u00bb<\/strong><\/a>:\n<ul>\n<li><strong>Autor<\/strong>: Animal Welfare Institute.<\/li>\n<li><strong>Conclusiones<\/strong>: El informe destaca que la captura y el mantenimiento de mam\u00edferos marinos en cautiverio son procedimientos traum\u00e1ticos que afectan negativamente su bienestar f\u00edsico y psicol\u00f3gico. Adem\u00e1s, critica que los espect\u00e1culos y programas interactivos no proporcionan una educaci\u00f3n efectiva sobre la conservaci\u00f3n de estas especies.<\/li>\n<\/ul>\n<\/li>\n<li><a href=\"https:\/\/uk.whales.org\/wp-content\/uploads\/sites\/6\/2021\/04\/El-cautiverio-de-cetaceos-en-Latinoamerica-y-el-Caribe.pdf?utm_source=chatgpt.com\"><strong>\u00abEl cautiverio de cet\u00e1ceos en Latinoam\u00e9rica y el Caribe\u00bb<\/strong><\/a>:\n<ul>\n<li><strong>Autores<\/strong>: World Animal Protection y otras organizaciones.<\/li>\n<li><strong>Conclusiones<\/strong>: Este documento se\u00f1ala que no existen investigaciones cient\u00edficas actuales que avalen la eficacia de las terapias asistidas por delfines y que estas pr\u00e1cticas presentan problem\u00e1ticas similares a las de los programas de nado con delfines, incluyendo el estr\u00e9s adicional para los animales.<\/li>\n<\/ul>\n<\/li>\n<li><a href=\"https:\/\/faada.org\/userfiles\/Dolphinaria_Report_final_spanish.pdf?utm_source=chatgpt.com\"><strong>\u00abDelfinarios: Revisi\u00f3n del mantenimiento de cet\u00e1ceos\u00bb<\/strong>:<\/a>\n<ul>\n<li><strong>Autor<\/strong>: FAADA (Fundaci\u00f3n para el Asesoramiento y Acci\u00f3n en Defensa de los Animales).<\/li>\n<li><strong>Conclusiones<\/strong>: El informe critica la pr\u00e1ctica de mantener cet\u00e1ceos en cautiverio para espect\u00e1culos y programas interactivos, se\u00f1alando que estas actividades no reflejan el comportamiento natural de los animales y pueden causarles estr\u00e9s y sufrimiento.<\/li>\n<\/ul>\n<\/li>\n<li><a href=\"https:\/\/www.jornada.com.mx\/2018\/09\/05\/ciencias\/a02n1cie?utm_source=chatgpt.com\"><strong>\u00abEl estr\u00e9s afecta la salud de delfines en cautiverio, se\u00f1ala investigaci\u00f3n\u00bb<\/strong>:<\/a>\n<ul>\n<li><strong>Fuente<\/strong>: La Jornada.<\/li>\n<li><strong>Conclusiones<\/strong>: Este art\u00edculo destaca que el estr\u00e9s mental, emocional y f\u00edsico que sufren los delfines en cautiverio puede debilitar su sistema inmunol\u00f3gico, haci\u00e9ndolos m\u00e1s propensos a enfermedades y reduciendo su esperanza de vida en comparaci\u00f3n con sus contrapartes en libertad.<\/li>\n<\/ul>\n<\/li>\n<\/ol>\n<div id=\"attachment_2584310\" class=\"wp-caption alignnone\"><img loading=\"lazy\" decoding=\"async\" aria-describedby=\"caption-attachment-2584310\" class=\"wp-image-2584310\" src=\"https:\/\/www.pressenza.com\/wp-content\/uploads\/2025\/02\/20250219_092418-300x172.jpg\" alt=\"\" width=\"740\" height=\"424\" srcset=\"https:\/\/www.pressenza.com\/wp-content\/uploads\/2025\/02\/20250219_092418-300x172.jpg 300w, https:\/\/www.pressenza.com\/wp-content\/uploads\/2025\/02\/20250219_092418-820x470.jpg 820w, https:\/\/www.pressenza.com\/wp-content\/uploads\/2025\/02\/20250219_092418.jpg 1920w\" sizes=\"auto, (max-width: 740px) 100vw, 740px\" \/><p id=\"caption-attachment-2584310\" class=\"wp-caption-text\">Imagen Pedro Pozas Terrados<\/p><\/div>\n<p>Estos informes y estudios subrayan las consecuencias negativas del cautiverio y la participaci\u00f3n de delfines en espect\u00e1culos, enfatizando la necesidad de reconsiderar estas pr\u00e1cticas y promover alternativas que respeten el bienestar de estos animales.<\/p>\n<p>Poco a poco, los pa\u00edses se est\u00e1n dando cuenta que el ciudadano en general ve que los delfinarios no son lugares educativos\u00a0\u00a0 y por la presi\u00f3n continuada de los grupos animalistas, bi\u00f3logos y conservacionistas, los delfinarios est\u00e1n cerrando sus piscinas. El \u00faltimo ha sido el \u00a0del zoo de Madrid, que han llevado a los ocho delfines a un acuario de China y aunque no es el <a href=\"https:\/\/proyectogransimio.org\/noticias\/ultimas-noticias\/pgs-solicita-cierre-definitivo-del-delfinario-del-zoo-de-madrid\">lugar adecuado<\/a>, ya que deber\u00edan haber sido llevados a un santuario costero, al menos un delfinario m\u00e1s queda cerrado y esperamos que para siempre. Recientemente se ha cerrado tambi\u00e9n el \u201cMarineland\u201d en Antibes (Francia) y en B\u00e9lgica cierra por ley los delfinarios y proh\u00edbe su exhibici\u00f3n. Chipre, Eslovenia, Croacia, Costa Rica, Chile y la India est\u00e1n prohibidos, llegando incluso en este \u00faltimo pa\u00eds a ser considerados \u201cpersonas no humanas\u201d En Suiza y Hungr\u00eda proh\u00edben la importaci\u00f3n de cet\u00e1ceos y la construcci\u00f3n de nuevos delfinarios. En Brasil, Reino Unido, Noruega y Polonia son ya dif\u00edciles conseguir autorizaciones. Se han denegado permisos de construcci\u00f3n en Islandia, Rep\u00fablica Checa, Eslovaquia, Estonia, Irlanda, Letonia o Luxemburgo. En Grecia, aunque existe un delfinario, los espect\u00e1culos circenses con ellos est\u00e1n prohibidos y en Bulgaria, donde solo hay uno, se considera un circo. A todo esto, Espa\u00f1a tiene el mayor n\u00famero de <a href=\"https:\/\/www.informacion.es\/medio-ambiente\/2024\/11\/28\/belgica-cuarto-pais-europeo-prohibe-112135869.html\">delfinarios de Europa<\/a>.<\/p>\n<div id=\"attachment_2584311\" class=\"wp-caption alignnone\"><img loading=\"lazy\" decoding=\"async\" aria-describedby=\"caption-attachment-2584311\" class=\"wp-image-2584311\" src=\"https:\/\/www.pressenza.com\/wp-content\/uploads\/2025\/02\/20250219_093915-300x145.jpg\" alt=\"\" width=\"720\" height=\"348\" srcset=\"https:\/\/www.pressenza.com\/wp-content\/uploads\/2025\/02\/20250219_093915-300x145.jpg 300w, https:\/\/www.pressenza.com\/wp-content\/uploads\/2025\/02\/20250219_093915-820x396.jpg 820w, https:\/\/www.pressenza.com\/wp-content\/uploads\/2025\/02\/20250219_093915.jpg 1920w\" sizes=\"auto, (max-width: 720px) 100vw, 720px\" \/><p id=\"caption-attachment-2584311\" class=\"wp-caption-text\">Imagen Pedro Pozas Terrados. Una ni\u00f1a del p\u00fablico se monta en una barca que posteriormente mediante unos aros, que se introducen en sus hocicos, los delfines realizan varias vueltas a la piscina llevando la barquita.<\/p><\/div>\n<p>La reciente ley aprobada de bienestar animal en Espa\u00f1a, propon\u00eda el cese de los espect\u00e1culos circenses en los delfinarios y orcarios, pero el art\u00edculo fue vetado en el Senado al igual que los perros de caza que quedaron fuera de la Ley.<\/p>\n<p>\u00bfPara cu\u00e1ndo Espa\u00f1a podr\u00e1 seguir los pasos de los pa\u00edses europeos? Sin duda cuando los ciudadanos no vayan a estos espect\u00e1culos donde se utilizan a estos seres tan especiales. La sociedad debe darse cuenta de la crueldad innecesaria de mantener cet\u00e1ceos en piscinas diminutas para el mero hecho de divertir y entretener como antiguamente se hac\u00eda en circos romanos. Espa\u00f1a debe abrir los ojos para cuestionar esta pr\u00e1ctica que solo busca el factor econ\u00f3mico y para nada el cultural o la protecci\u00f3n.<\/p>\n<p>Para la bi\u00f3loga Andrea Torres , coordinadora del \u00e1rea de Animales Salvajes de la Fundaci\u00f3n para el Asesoramiento y Acci\u00f3n en Defensa de los Animales, en declaraciones realizadas en Radio Cope en el Programa <a href=\"https:\/\/www.cope.es\/programas\/la-tarde\/audios\/cerrando-gran-parte-delfinarios-europa-biologa-marina-explica-verdadero-motivo-20250217_3097484.html#google_vignette\">\u201cLa Tarde\u201d<\/a>, explicaba claramente que algunas de estas empresas de Acuarios \u201ctienen sus programas de conservaci\u00f3n, pero no para liberar estos animales, sino que son de reproducci\u00f3n para poder seguir teniendo animales y seguir lucr\u00e1ndose de ellos\u201d.<\/p>\n<div id=\"attachment_2584312\" class=\"wp-caption alignnone\"><img loading=\"lazy\" decoding=\"async\" aria-describedby=\"caption-attachment-2584312\" class=\"wp-image-2584312\" src=\"https:\/\/www.pressenza.com\/wp-content\/uploads\/2025\/02\/20250219_092825-300x166.jpg\" alt=\"\" width=\"716\" height=\"396\" srcset=\"https:\/\/www.pressenza.com\/wp-content\/uploads\/2025\/02\/20250219_092825-300x166.jpg 300w, https:\/\/www.pressenza.com\/wp-content\/uploads\/2025\/02\/20250219_092825-820x453.jpg 820w, https:\/\/www.pressenza.com\/wp-content\/uploads\/2025\/02\/20250219_092825.jpg 1920w\" sizes=\"auto, (max-width: 716px) 100vw, 716px\" \/><p id=\"caption-attachment-2584312\" class=\"wp-caption-text\">Imagen Pedro Pozas Terrados<\/p><\/div>\n<p><strong>El caso de\u00a0 Richard \u00abRic\u00bb O&#8217;Barry<\/strong><\/p>\n<p>Richard \u00abRic\u00bb O&#8217;Barry naci\u00f3 el 14 de octubre de 1939 en Florida, Estados Unidos. Durante la d\u00e9cada de 1960, trabaj\u00f3 como entrenador de delfines en el Miami Seaquarium, donde captur\u00f3 y entren\u00f3 a los cinco delfines que interpretaron a \u00abFlipper\u00bb en la popular serie de televisi\u00f3n del mismo nombre. Este trabajo le brind\u00f3 fama y \u00e9xito, pero tambi\u00e9n lo llev\u00f3 a cuestionar profundamente la \u00e9tica del cautiverio de estos animales.<\/p>\n<p>El punto de inflexi\u00f3n en la vida de O&#8217;Barry ocurri\u00f3 cuando Kathy, la delf\u00edn que m\u00e1s frecuentemente interpretaba a \u00abFlipper\u00bb, muri\u00f3 en sus brazos. O&#8217;Barry interpret\u00f3 este suceso como un acto de suicidio, ya que los delfines pueden controlar su respiraci\u00f3n y, seg\u00fan \u00e9l, Kathy decidi\u00f3 dejar de respirar debido a la depresi\u00f3n causada por el cautiverio. Este evento lo llev\u00f3 a reconsiderar su carrera y a convertirse en un ferviente defensor de la liberaci\u00f3n de los delfines.<\/p>\n<p>Tras este incidente, O&#8217;Barry fund\u00f3 en 1970 el \u00abDolphin Project\u00bb, una organizaci\u00f3n dedicada a educar al p\u00fablico sobre los problemas del cautiverio de delfines y a promover su rehabilitaci\u00f3n y liberaci\u00f3n en el medio natural. Desde entonces, ha trabajado incansablemente para liberar a delfines cautivos en diversos pa\u00edses, incluyendo Hait\u00ed, Colombia, Guatemala, Nicaragua, Brasil, Bahamas y Estados Unidos.<\/p>\n<div id=\"attachment_2584313\" class=\"wp-caption alignnone\"><img loading=\"lazy\" decoding=\"async\" aria-describedby=\"caption-attachment-2584313\" class=\"wp-image-2584313\" src=\"https:\/\/www.pressenza.com\/wp-content\/uploads\/2025\/02\/20250219_093905-300x159.jpg\" alt=\"\" width=\"706\" height=\"374\" srcset=\"https:\/\/www.pressenza.com\/wp-content\/uploads\/2025\/02\/20250219_093905-300x159.jpg 300w, https:\/\/www.pressenza.com\/wp-content\/uploads\/2025\/02\/20250219_093905-820x435.jpg 820w, https:\/\/www.pressenza.com\/wp-content\/uploads\/2025\/02\/20250219_093905.jpg 1920w\" sizes=\"auto, (max-width: 706px) 100vw, 706px\" \/><p id=\"caption-attachment-2584313\" class=\"wp-caption-text\">Imagen Pedro Pozas Terrados<\/p><\/div>\n<p>En su lucha contra el cautiverio, O&#8217;Barry ha enfrentado desaf\u00edos legales. Fue arrestado en m\u00faltiples ocasiones, una de ellas por intentar liberar a un delf\u00edn en Bimini, lo que marc\u00f3 el inicio de su activismo directo. Adem\u00e1s, ha sido una voz cr\u00edtica contra la caza de delfines en Taiji, Jap\u00f3n, y fue una figura central en el documental \u00abThe Cove\u00bb (2009), que expone la matanza anual de delfines en esa localidad.<\/p>\n<p>O&#8217;Barry tambi\u00e9n ha compartido sus experiencias y reflexiones a trav\u00e9s de la escritura. Es autor de los libros \u00abBehind the Dolphin Smile\u00bb y \u00abTo Free a Dolphin\u00bb, donde narra su transformaci\u00f3n de entrenador a activista y aboga por el fin del cautiverio de delfines.<\/p>\n<p>A lo largo de su vida, Ric O&#8217;Barry ha pasado de ser un entrenador de delfines en la industria del entretenimiento a convertirse en uno de los principales defensores de estos animales, dedicando su vida a luchar contra su cautiverio y promoviendo su bienestar y libertad.<\/p>\n<p>Richard O&#8217;Barry ha compartido sus experiencias y su transformaci\u00f3n de entrenador de delfines a activista en defensa de estos animales a trav\u00e9s de varias publicaciones. La m\u00e1s destacada\u00a0 se titula<strong>\u00abTras la sonrisa del delf\u00edn\u00bb (1989)<\/strong>, donde\u00a0 O&#8217;Barry relata su trayectoria desde sus inicios como entrenador del famoso delf\u00edn \u00abFlipper\u00bb hasta su conversi\u00f3n en un ferviente defensor de la liberaci\u00f3n de los delfines en cautiverio. Narra las experiencias que lo llevaron a cuestionar la \u00e9tica del cautiverio y su decisi\u00f3n de dedicar su vida a la protecci\u00f3n de estos mam\u00edferos marinos.<\/p>\n<p><strong>Origen de los delfines en delfinarios<\/strong><\/p>\n<p>Los delfines en cautiverio provienen de tres fuentes principales:<\/p>\n<ol>\n<li><strong>Captura en la naturaleza<\/strong>: Algunos delfines <a href=\"https:\/\/sosdelfines.org\/informacion-origen?utm_source=chatgpt.com\">son capturados<\/a> directamente de su h\u00e1bitat natural. Por ejemplo, en Espa\u00f1a, 34 delfines en delfinarios fueron capturados en estado salvaje, principalmente de Cuba y Florida.<\/li>\n<li><strong>Traslado desde otros zool\u00f3gicos o acuarios<\/strong>: Delfines que nacieron en cautiverio pueden ser trasladados entre diferentes instalaciones.<\/li>\n<li><strong>Nacidos en cautiverio<\/strong>: Muchos delfines en delfinarios han nacido en estos centros como parte de programas de cr\u00eda.<\/li>\n<\/ol>\n<p>&nbsp;<\/p>\n<p>Existen informes y estudios que abordan la captura de delfines en libertad para su exhibici\u00f3n en delfinarios.\u00a0 Algunos destacados son:<\/p>\n<ol>\n<li><a href=\"https:\/\/burica.wordpress.com\/wp-content\/uploads\/2007\/03\/delfinarios-en-mexico.pdf?utm_source=chatgpt.com\">Informe<\/a><strong> \u00abDelfinarios en M\u00e9xico: Un Informe Cr\u00edtico\u00bb (1999)<\/strong>: Este documento analiza la industria de los delfinarios en M\u00e9xico, detallando las pr\u00e1cticas de captura de delfines en estado salvaje, las condiciones de cautiverio y las implicaciones \u00e9ticas y legales. El informe destaca la falta de normativas adecuadas en ese momento y se\u00f1ala casos espec\u00edficos de capturas en la Laguna Yalahau, Quintana Roo.<\/li>\n<li><a href=\"https:\/\/faada.org\/userfiles\/Dolphinaria_Report_final_spanish.pdf?utm_source=chatgpt.com\">Informe<\/a><strong> \u00abDelfinarios: Revisi\u00f3n del mantenimiento de cet\u00e1ceos en cautiverio\u00bb (2010)<\/strong>: Publicado por la Fundaci\u00f3n para el Asesoramiento y Acci\u00f3n en Defensa de los Animales (FAADA), este informe eval\u00faa el estado de los delfinarios en la Uni\u00f3n Europea. Aunque se centra en el mantenimiento de cet\u00e1ceos en cautiverio, tambi\u00e9n aborda la procedencia de estos animales, se\u00f1alando que muchos fueron capturados en la naturaleza y resaltando las deficiencias en el cumplimiento de las normativas europeas.<\/li>\n<li><a href=\"https:\/\/www.jornada.com.mx\/2007\/08\/27\/index.php?article=042n1soc&amp;section=sociedad&amp;utm_source=chatgpt.com\">Libro<\/a><strong> \u00abDelfinarios\u00bb (2007)<\/strong>: Escrito por Laura Rojas y Yolanda Alaniz, este libro es resultado de siete a\u00f1os de investigaci\u00f3n en los delfinarios de M\u00e9xico. Documenta las condiciones de cautiverio, las pr\u00e1cticas de captura y las enfermedades que padecen los delfines en estas instalaciones. Las autoras critican la explotaci\u00f3n comercial de estos mam\u00edferos y se\u00f1alan violaciones a la Ley General de Vida Silvestre.<\/li>\n<\/ol>\n<p>Estos informes y estudios proporcionan una visi\u00f3n detallada de las pr\u00e1cticas de captura de delfines en libertad para su uso en delfinarios, as\u00ed como de las condiciones en que se mantienen y las implicaciones \u00e9ticas y legales asociadas.<\/p>\n<p>Actualmente, la captura de delfines en la naturaleza para su exhibici\u00f3n est\u00e1 prohibida en muchos pa\u00edses debido a preocupaciones \u00e9ticas y de conservaci\u00f3n. Sin embargo, a\u00fan se <a href=\"https:\/\/sosdelfines.org\/informacion-origen?utm_source=chatgpt.com\">realizan capturas<\/a> en pa\u00edses como Cuba, Jap\u00f3n y Rusia. Estas pr\u00e1cticas son controvertidas y han generado debates internacionales sobre el bienestar animal y la sostenibilidad de las poblaciones silvestres.<\/p>\n<div id=\"attachment_2584314\" class=\"wp-caption alignnone\"><img loading=\"lazy\" decoding=\"async\" aria-describedby=\"caption-attachment-2584314\" class=\"wp-image-2584314\" src=\"https:\/\/www.pressenza.com\/wp-content\/uploads\/2025\/02\/20250219_093923-300x140.jpg\" alt=\"\" width=\"735\" height=\"343\" srcset=\"https:\/\/www.pressenza.com\/wp-content\/uploads\/2025\/02\/20250219_093923-300x140.jpg 300w, https:\/\/www.pressenza.com\/wp-content\/uploads\/2025\/02\/20250219_093923-820x383.jpg 820w, https:\/\/www.pressenza.com\/wp-content\/uploads\/2025\/02\/20250219_093923.jpg 1920w\" sizes=\"auto, (max-width: 735px) 100vw, 735px\" \/><p id=\"caption-attachment-2584314\" class=\"wp-caption-text\">Imagen Pedro Pozas Terrados. Delfines en una peque\u00f1a piscina aislados de la principal.<\/p><\/div>\n<p>&nbsp;<\/p>\n<p><strong>Santuarios costeros para la readaptaci\u00f3n<\/strong><\/p>\n<p>La reintroducci\u00f3n de delfines capturados en la naturaleza al oc\u00e9ano es un proceso complejo y desafiante. Aunque podr\u00eda parecer m\u00e1s sencillo para aquellos que alguna vez vivieron en libertad, estos delfines pueden haber perdido habilidades esenciales para sobrevivir, como la caza y la navegaci\u00f3n en mar abierto. Adem\u00e1s, la adaptaci\u00f3n social a grupos silvestres puede ser dif\u00edcil, pero si es necesario intentarlo y buscar las formas para que al menos puedan vivir en semi libertad lo mejor posible hasta el fin de sus d\u00edas.<\/p>\n<p>Los santuarios costeros se proponen como una soluci\u00f3n intermedia para delfines que no pueden ser liberados directamente en el oc\u00e9ano. Estos santuarios deben ofrecer un entorno m\u00e1s natural que los delfinarios tradicionales, permitiendo a los delfines experimentar el mar abierto en \u00e1reas controladas y seguras. Aqu\u00ed, pueden readquirir habilidades esenciales y adaptarse gradualmente a su entorno natural. Adem\u00e1s, los santuarios pueden servir como lugares de rehabilitaci\u00f3n y estudio, promoviendo el bienestar de los delfines y la educaci\u00f3n p\u00fablica sobre su conservaci\u00f3n.<\/p>\n<p>Es importante destacar que la creaci\u00f3n y gesti\u00f3n de estos santuarios requieren consideraciones cuidadosas, incluyendo la selecci\u00f3n de ubicaciones adecuadas, la garant\u00eda de seguridad tanto para los delfines como para los humanos, y la provisi\u00f3n de atenci\u00f3n veterinaria especializada.<\/p>\n<p>La reintroducci\u00f3n de delfines que han vivido en cautiverio requiere <a href=\"https:\/\/www.dolphinproject.com\/espanol\/liberando-los-delfines-cautivos\/?utm_source=chatgpt.com\">una planificaci\u00f3n<\/a> meticulosa. Es fundamental evaluar la salud f\u00edsica y mental de cada individuo, as\u00ed como su capacidad para cazar y socializar en el medio silvestre. El uso de santuarios costeros proporciona un entorno controlado donde los delfines pueden readaptarse gradualmente al oc\u00e9ano. Equipar a estos delfines con transmisores satelitales permite a los investigadores monitorear su progreso y tomar decisiones informadas sobre su liberaci\u00f3n definitiva.<\/p>\n<p>El Proyecto Gran Simio y el Corredor Biol\u00f3gico Mundial, ha lanzado <a href=\"https:\/\/www.pressenza.com\/es\/2024\/11\/cetaceos-los-grandes-simios-del-oceano-y-su-manifiesto\/\">un manifiesto<\/a> en defensa de los cet\u00e1ceos y <a href=\"https:\/\/www.change.org\/p\/reconozcamos-a-los-cet%C3%A1ceos-como-seres-esenciales-con-personalidad-jur%C3%ADdica\">una recog\u00eda de firmas<\/a> para reconocer a los cet\u00e1ceos como seres esenciales con personalidad jur\u00eddica.<\/p>\n<p>Que los ecos en las piscinas de los delfinarios queden para siempre en silencio, que se vac\u00eden de la inconsciencia humana, de la explotaci\u00f3n sin sentido y los gritos de libertad lleguen a los oc\u00e9anos del mundo, al sentido com\u00fan y a la dignidad humana.<\/p>\n<div id=\"attachment_2584316\" class=\"wp-caption aligncenter\"><img loading=\"lazy\" decoding=\"async\" aria-describedby=\"caption-attachment-2584316\" class=\"wp-image-2584316\" src=\"https:\/\/www.pressenza.com\/wp-content\/uploads\/2025\/02\/dolphin_leaping_earth-300x300.jpg\" alt=\"\" width=\"691\" height=\"691\" srcset=\"https:\/\/www.pressenza.com\/wp-content\/uploads\/2025\/02\/dolphin_leaping_earth-300x300.jpg 300w, https:\/\/www.pressenza.com\/wp-content\/uploads\/2025\/02\/dolphin_leaping_earth-820x820.jpg 820w, https:\/\/www.pressenza.com\/wp-content\/uploads\/2025\/02\/dolphin_leaping_earth-150x150.jpg 150w, https:\/\/www.pressenza.com\/wp-content\/uploads\/2025\/02\/dolphin_leaping_earth.jpg 1024w\" sizes=\"auto, (max-width: 691px) 100vw, 691px\" \/><p id=\"caption-attachment-2584316\" class=\"wp-caption-text\">Dibujo Pedro Pozas Terrados<\/p><\/div>\n<p style=\"text-align: center;\"><strong>En su memoria y en su defensa<\/strong><\/p>\n<p style=\"text-align: center;\">En vastos oc\u00e9anos sol\u00edan danzar, delfines libres, en azul sin final.<\/p>\n<p style=\"text-align: center;\">Hoy, tras cristales, su canto es pesar, prisioneros de un mundo artificial.<\/p>\n<p style=\"text-align: center;\">Sus ojos reflejan nostalgias de mar, de olas, de brisas, de libertad.<\/p>\n<p style=\"text-align: center;\">En c\u00edrculos nadan, sin rumbo, sin par, so\u00f1ando con aguas de inmensidad.<\/p>\n<p style=\"text-align: center;\">Sonrisas que enga\u00f1an, disfrazan dolor, trucos que ocultan su triste verdad.<\/p>\n<p style=\"text-align: center;\">Cautivos de un mundo sin sol, sin color, anhelan el d\u00eda de su libertad.<\/p>\n<p style=\"text-align: center;\">Que vuelvan al viento, al salado hogar, que rompan las cadenas de la humanidad.<\/p>\n<p style=\"text-align: center;\">Dejemos que el mar los vuelva a abrazar, cet\u00e1ceos libres, en su realidad.<\/p>\n<div id=\"attachment_2584317\" class=\"wp-caption aligncenter\"><img loading=\"lazy\" decoding=\"async\" aria-describedby=\"caption-attachment-2584317\" class=\"wp-image-2584317\" src=\"https:\/\/www.pressenza.com\/wp-content\/uploads\/2025\/02\/dolphin_group_logo-300x300.jpg\" alt=\"\" width=\"723\" height=\"723\" srcset=\"https:\/\/www.pressenza.com\/wp-content\/uploads\/2025\/02\/dolphin_group_logo-300x300.jpg 300w, https:\/\/www.pressenza.com\/wp-content\/uploads\/2025\/02\/dolphin_group_logo-820x820.jpg 820w, https:\/\/www.pressenza.com\/wp-content\/uploads\/2025\/02\/dolphin_group_logo-150x150.jpg 150w, https:\/\/www.pressenza.com\/wp-content\/uploads\/2025\/02\/dolphin_group_logo.jpg 1024w\" sizes=\"auto, (max-width: 723px) 100vw, 723px\" \/><p id=\"caption-attachment-2584317\" class=\"wp-caption-text\">Dibujo Pedro Pozas Terrados<\/p><\/div>\n","protected":false},"excerpt":{"rendered":"<p>Los delfines, orcas y belugas son criaturas de una inteligencia extraordinaria, con sociedades complejas, comunicaci\u00f3n avanzada y una profunda conexi\u00f3n con su entorno marino. Sin embargo, durante d\u00e9cadas han sido confinados en diminutas piscinas, lejos de los oc\u00e9anos que les&hellip;<\/p>\n","protected":false},"author":2023,"featured_media":2584306,"comment_status":"closed","ping_status":"closed","sticky":false,"template":"","format":"standard","meta":{"footnotes":""},"categories":[78],"tags":[132854,132852,95547,132856,14796,132853,132855],"class_list":["post-2584305","post","type-post","status-publish","format-standard","has-post-thumbnail","hentry","category-medio-ambiente-ecologia","tag-belugas","tag-delfinarios","tag-delfines","tag-fin-de-los-delfinarios","tag-libertad","tag-orcarios","tag-orcas"],"yoast_head":"<!-- This site is optimized with the Yoast SEO plugin v27.1.1 - https:\/\/yoast.com\/product\/yoast-seo-wordpress\/ -->\n<title>Ecos del silencio<\/title>\n<meta name=\"description\" content=\"Los delfines, orcas y belugas son criaturas de una inteligencia extraordinaria, con sociedades complejas, comunicaci\u00f3n avanzada y una profunda conexi\u00f3n\" \/>\n<meta name=\"robots\" content=\"index, follow, max-snippet:-1, max-image-preview:large, max-video-preview:-1\" \/>\n<link rel=\"canonical\" href=\"https:\/\/www.pressenza.com\/es\/2025\/02\/ecos-del-silencio\/\" \/>\n<meta property=\"og:locale\" content=\"es_ES\" \/>\n<meta property=\"og:type\" content=\"article\" \/>\n<meta property=\"og:title\" content=\"Ecos del silencio\" \/>\n<meta property=\"og:description\" content=\"Los delfines, orcas y belugas son criaturas de una inteligencia extraordinaria, con sociedades complejas, comunicaci\u00f3n avanzada y una profunda conexi\u00f3n\" \/>\n<meta property=\"og:url\" content=\"https:\/\/www.pressenza.com\/es\/2025\/02\/ecos-del-silencio\/\" \/>\n<meta property=\"og:site_name\" content=\"Pressenza\" \/>\n<meta property=\"article:publisher\" content=\"https:\/\/www.facebook.com\/PressenzaItalia\" \/>\n<meta property=\"article:published_time\" content=\"2025-02-19T09:44:30+00:00\" \/>\n<meta property=\"og:image\" content=\"https:\/\/www.pressenza.com\/wp-content\/uploads\/2025\/02\/20250219_092245.jpg\" \/>\n\t<meta property=\"og:image:width\" content=\"1920\" \/>\n\t<meta property=\"og:image:height\" content=\"1440\" \/>\n\t<meta property=\"og:image:type\" content=\"image\/jpeg\" \/>\n<meta name=\"author\" content=\"Pedro Pozas Terrados\" \/>\n<meta name=\"twitter:card\" content=\"summary_large_image\" \/>\n<meta name=\"twitter:creator\" content=\"@PressenzaIPA\" \/>\n<meta name=\"twitter:site\" content=\"@PressenzaIPA\" \/>\n<meta name=\"twitter:label1\" content=\"Escrito por\" \/>\n\t<meta name=\"twitter:data1\" content=\"Pedro Pozas Terrados\" \/>\n\t<meta name=\"twitter:label2\" content=\"Tiempo de lectura\" \/>\n\t<meta name=\"twitter:data2\" content=\"15 minutos\" \/>\n<script type=\"application\/ld+json\" class=\"yoast-schema-graph\">{\"@context\":\"https:\/\/schema.org\",\"@graph\":[{\"@type\":\"Article\",\"@id\":\"https:\/\/www.pressenza.com\/es\/2025\/02\/ecos-del-silencio\/#article\",\"isPartOf\":{\"@id\":\"https:\/\/www.pressenza.com\/es\/2025\/02\/ecos-del-silencio\/\"},\"author\":{\"name\":\"Pedro Pozas Terrados\",\"@id\":\"https:\/\/www.pressenza.com\/es\/#\/schema\/person\/3e3dc7faa4424387772733d19e115974\"},\"headline\":\"Ecos del silencio\",\"datePublished\":\"2025-02-19T09:44:30+00:00\",\"mainEntityOfPage\":{\"@id\":\"https:\/\/www.pressenza.com\/es\/2025\/02\/ecos-del-silencio\/\"},\"wordCount\":3140,\"publisher\":{\"@id\":\"https:\/\/www.pressenza.com\/es\/#organization\"},\"image\":{\"@id\":\"https:\/\/www.pressenza.com\/es\/2025\/02\/ecos-del-silencio\/#primaryimage\"},\"thumbnailUrl\":\"https:\/\/www.pressenza.com\/wp-content\/uploads\/2025\/02\/20250219_092245.jpg\",\"keywords\":[\"belugas\",\"Delfinarios\",\"delfines\",\"fin de los delfinarios\",\"Libertad\",\"orcarios\",\"orcas\"],\"articleSection\":[\"Ecolog\u00eda y Medio Ambiente\"],\"inLanguage\":\"es\"},{\"@type\":\"WebPage\",\"@id\":\"https:\/\/www.pressenza.com\/es\/2025\/02\/ecos-del-silencio\/\",\"url\":\"https:\/\/www.pressenza.com\/es\/2025\/02\/ecos-del-silencio\/\",\"name\":\"Ecos del silencio\",\"isPartOf\":{\"@id\":\"https:\/\/www.pressenza.com\/es\/#website\"},\"primaryImageOfPage\":{\"@id\":\"https:\/\/www.pressenza.com\/es\/2025\/02\/ecos-del-silencio\/#primaryimage\"},\"image\":{\"@id\":\"https:\/\/www.pressenza.com\/es\/2025\/02\/ecos-del-silencio\/#primaryimage\"},\"thumbnailUrl\":\"https:\/\/www.pressenza.com\/wp-content\/uploads\/2025\/02\/20250219_092245.jpg\",\"datePublished\":\"2025-02-19T09:44:30+00:00\",\"description\":\"Los delfines, orcas y belugas son criaturas de una inteligencia extraordinaria, con sociedades complejas, comunicaci\u00f3n avanzada y una profunda conexi\u00f3n\",\"breadcrumb\":{\"@id\":\"https:\/\/www.pressenza.com\/es\/2025\/02\/ecos-del-silencio\/#breadcrumb\"},\"inLanguage\":\"es\",\"potentialAction\":[{\"@type\":\"ReadAction\",\"target\":[\"https:\/\/www.pressenza.com\/es\/2025\/02\/ecos-del-silencio\/\"]}]},{\"@type\":\"ImageObject\",\"inLanguage\":\"es\",\"@id\":\"https:\/\/www.pressenza.com\/es\/2025\/02\/ecos-del-silencio\/#primaryimage\",\"url\":\"https:\/\/www.pressenza.com\/wp-content\/uploads\/2025\/02\/20250219_092245.jpg\",\"contentUrl\":\"https:\/\/www.pressenza.com\/wp-content\/uploads\/2025\/02\/20250219_092245.jpg\",\"width\":1920,\"height\":1440},{\"@type\":\"BreadcrumbList\",\"@id\":\"https:\/\/www.pressenza.com\/es\/2025\/02\/ecos-del-silencio\/#breadcrumb\",\"itemListElement\":[{\"@type\":\"ListItem\",\"position\":1,\"name\":\"Accueil\",\"item\":\"https:\/\/www.pressenza.com\/es\/\"},{\"@type\":\"ListItem\",\"position\":2,\"name\":\"Ecos del silencio\"}]},{\"@type\":\"WebSite\",\"@id\":\"https:\/\/www.pressenza.com\/es\/#website\",\"url\":\"https:\/\/www.pressenza.com\/es\/\",\"name\":\"Pressenza\",\"description\":\"International Press Agency\",\"publisher\":{\"@id\":\"https:\/\/www.pressenza.com\/es\/#organization\"},\"potentialAction\":[{\"@type\":\"SearchAction\",\"target\":{\"@type\":\"EntryPoint\",\"urlTemplate\":\"https:\/\/www.pressenza.com\/es\/?s={search_term_string}\"},\"query-input\":{\"@type\":\"PropertyValueSpecification\",\"valueRequired\":true,\"valueName\":\"search_term_string\"}}],\"inLanguage\":\"es\"},{\"@type\":\"Organization\",\"@id\":\"https:\/\/www.pressenza.com\/es\/#organization\",\"name\":\"Pressenza\",\"url\":\"https:\/\/www.pressenza.com\/es\/\",\"logo\":{\"@type\":\"ImageObject\",\"inLanguage\":\"es\",\"@id\":\"https:\/\/www.pressenza.com\/es\/#\/schema\/logo\/image\/\",\"url\":\"https:\/\/www.pressenza.com\/wp-content\/uploads\/2022\/10\/pressenza_logo_200x200.jpg\",\"contentUrl\":\"https:\/\/www.pressenza.com\/wp-content\/uploads\/2022\/10\/pressenza_logo_200x200.jpg\",\"width\":200,\"height\":200,\"caption\":\"Pressenza\"},\"image\":{\"@id\":\"https:\/\/www.pressenza.com\/es\/#\/schema\/logo\/image\/\"},\"sameAs\":[\"https:\/\/www.facebook.com\/PressenzaItalia\",\"https:\/\/x.com\/PressenzaIPA\"]},{\"@type\":\"Person\",\"@id\":\"https:\/\/www.pressenza.com\/es\/#\/schema\/person\/3e3dc7faa4424387772733d19e115974\",\"name\":\"Pedro Pozas Terrados\",\"description\":\"Escritor, naturalista, poeta, amante de la vida y defensor de la madre Tierra, investigador, cr\u00edtico y aventurero Profesionalmente ha trabajado 37 a\u00f1os en la defensa del medio ambiente como funcionario del Ministerio del Interior. De forma altruista es el Director Ejecutivo del Proyecto Gran Simio, una Organizaci\u00f3n que desde hace m\u00e1s de dos d\u00e9cadas lucha por los derechos b\u00e1sicos de los grandes simios, la conservaci\u00f3n de su h\u00e1bitat y la protecci\u00f3n de los pueblos ind\u00edgenas, verdaderos guardianes de nuestro planeta. Dibujante a l\u00e1piz y acuarela, con m\u00e1s de 300 l\u00e1minas de temas naturalistas y 12 cuadernos de campo. Es autor de 13 libros y coautor de ocho m\u00e1s. Descubridor de varias cuevas, una de ellas catalogada por la Comunidad de Castilla La Mancha de inter\u00e9s hist\u00f3rico y etnogr\u00e1fico con hallazgo en la misma de inscripciones de cronolog\u00eda antigua medieval.\",\"url\":\"https:\/\/www.pressenza.com\/es\/author\/pedro-pozas-terrado\/\"}]}<\/script>\n<!-- \/ Yoast SEO plugin. -->","yoast_head_json":{"title":"Ecos del silencio","description":"Los delfines, orcas y belugas son criaturas de una inteligencia extraordinaria, con sociedades complejas, comunicaci\u00f3n avanzada y una profunda conexi\u00f3n","robots":{"index":"index","follow":"follow","max-snippet":"max-snippet:-1","max-image-preview":"max-image-preview:large","max-video-preview":"max-video-preview:-1"},"canonical":"https:\/\/www.pressenza.com\/es\/2025\/02\/ecos-del-silencio\/","og_locale":"es_ES","og_type":"article","og_title":"Ecos del silencio","og_description":"Los delfines, orcas y belugas son criaturas de una inteligencia extraordinaria, con sociedades complejas, comunicaci\u00f3n avanzada y una profunda conexi\u00f3n","og_url":"https:\/\/www.pressenza.com\/es\/2025\/02\/ecos-del-silencio\/","og_site_name":"Pressenza","article_publisher":"https:\/\/www.facebook.com\/PressenzaItalia","article_published_time":"2025-02-19T09:44:30+00:00","og_image":[{"width":1920,"height":1440,"url":"https:\/\/www.pressenza.com\/wp-content\/uploads\/2025\/02\/20250219_092245.jpg","type":"image\/jpeg"}],"author":"Pedro Pozas Terrados","twitter_card":"summary_large_image","twitter_creator":"@PressenzaIPA","twitter_site":"@PressenzaIPA","twitter_misc":{"Escrito por":"Pedro Pozas Terrados","Tiempo de lectura":"15 minutos"},"schema":{"@context":"https:\/\/schema.org","@graph":[{"@type":"Article","@id":"https:\/\/www.pressenza.com\/es\/2025\/02\/ecos-del-silencio\/#article","isPartOf":{"@id":"https:\/\/www.pressenza.com\/es\/2025\/02\/ecos-del-silencio\/"},"author":{"name":"Pedro Pozas Terrados","@id":"https:\/\/www.pressenza.com\/es\/#\/schema\/person\/3e3dc7faa4424387772733d19e115974"},"headline":"Ecos del silencio","datePublished":"2025-02-19T09:44:30+00:00","mainEntityOfPage":{"@id":"https:\/\/www.pressenza.com\/es\/2025\/02\/ecos-del-silencio\/"},"wordCount":3140,"publisher":{"@id":"https:\/\/www.pressenza.com\/es\/#organization"},"image":{"@id":"https:\/\/www.pressenza.com\/es\/2025\/02\/ecos-del-silencio\/#primaryimage"},"thumbnailUrl":"https:\/\/www.pressenza.com\/wp-content\/uploads\/2025\/02\/20250219_092245.jpg","keywords":["belugas","Delfinarios","delfines","fin de los delfinarios","Libertad","orcarios","orcas"],"articleSection":["Ecolog\u00eda y Medio Ambiente"],"inLanguage":"es"},{"@type":"WebPage","@id":"https:\/\/www.pressenza.com\/es\/2025\/02\/ecos-del-silencio\/","url":"https:\/\/www.pressenza.com\/es\/2025\/02\/ecos-del-silencio\/","name":"Ecos del silencio","isPartOf":{"@id":"https:\/\/www.pressenza.com\/es\/#website"},"primaryImageOfPage":{"@id":"https:\/\/www.pressenza.com\/es\/2025\/02\/ecos-del-silencio\/#primaryimage"},"image":{"@id":"https:\/\/www.pressenza.com\/es\/2025\/02\/ecos-del-silencio\/#primaryimage"},"thumbnailUrl":"https:\/\/www.pressenza.com\/wp-content\/uploads\/2025\/02\/20250219_092245.jpg","datePublished":"2025-02-19T09:44:30+00:00","description":"Los delfines, orcas y belugas son criaturas de una inteligencia extraordinaria, con sociedades complejas, comunicaci\u00f3n avanzada y una profunda conexi\u00f3n","breadcrumb":{"@id":"https:\/\/www.pressenza.com\/es\/2025\/02\/ecos-del-silencio\/#breadcrumb"},"inLanguage":"es","potentialAction":[{"@type":"ReadAction","target":["https:\/\/www.pressenza.com\/es\/2025\/02\/ecos-del-silencio\/"]}]},{"@type":"ImageObject","inLanguage":"es","@id":"https:\/\/www.pressenza.com\/es\/2025\/02\/ecos-del-silencio\/#primaryimage","url":"https:\/\/www.pressenza.com\/wp-content\/uploads\/2025\/02\/20250219_092245.jpg","contentUrl":"https:\/\/www.pressenza.com\/wp-content\/uploads\/2025\/02\/20250219_092245.jpg","width":1920,"height":1440},{"@type":"BreadcrumbList","@id":"https:\/\/www.pressenza.com\/es\/2025\/02\/ecos-del-silencio\/#breadcrumb","itemListElement":[{"@type":"ListItem","position":1,"name":"Accueil","item":"https:\/\/www.pressenza.com\/es\/"},{"@type":"ListItem","position":2,"name":"Ecos del silencio"}]},{"@type":"WebSite","@id":"https:\/\/www.pressenza.com\/es\/#website","url":"https:\/\/www.pressenza.com\/es\/","name":"Pressenza","description":"International Press Agency","publisher":{"@id":"https:\/\/www.pressenza.com\/es\/#organization"},"potentialAction":[{"@type":"SearchAction","target":{"@type":"EntryPoint","urlTemplate":"https:\/\/www.pressenza.com\/es\/?s={search_term_string}"},"query-input":{"@type":"PropertyValueSpecification","valueRequired":true,"valueName":"search_term_string"}}],"inLanguage":"es"},{"@type":"Organization","@id":"https:\/\/www.pressenza.com\/es\/#organization","name":"Pressenza","url":"https:\/\/www.pressenza.com\/es\/","logo":{"@type":"ImageObject","inLanguage":"es","@id":"https:\/\/www.pressenza.com\/es\/#\/schema\/logo\/image\/","url":"https:\/\/www.pressenza.com\/wp-content\/uploads\/2022\/10\/pressenza_logo_200x200.jpg","contentUrl":"https:\/\/www.pressenza.com\/wp-content\/uploads\/2022\/10\/pressenza_logo_200x200.jpg","width":200,"height":200,"caption":"Pressenza"},"image":{"@id":"https:\/\/www.pressenza.com\/es\/#\/schema\/logo\/image\/"},"sameAs":["https:\/\/www.facebook.com\/PressenzaItalia","https:\/\/x.com\/PressenzaIPA"]},{"@type":"Person","@id":"https:\/\/www.pressenza.com\/es\/#\/schema\/person\/3e3dc7faa4424387772733d19e115974","name":"Pedro Pozas Terrados","description":"Escritor, naturalista, poeta, amante de la vida y defensor de la madre Tierra, investigador, cr\u00edtico y aventurero Profesionalmente ha trabajado 37 a\u00f1os en la defensa del medio ambiente como funcionario del Ministerio del Interior. De forma altruista es el Director Ejecutivo del Proyecto Gran Simio, una Organizaci\u00f3n que desde hace m\u00e1s de dos d\u00e9cadas lucha por los derechos b\u00e1sicos de los grandes simios, la conservaci\u00f3n de su h\u00e1bitat y la protecci\u00f3n de los pueblos ind\u00edgenas, verdaderos guardianes de nuestro planeta. Dibujante a l\u00e1piz y acuarela, con m\u00e1s de 300 l\u00e1minas de temas naturalistas y 12 cuadernos de campo. Es autor de 13 libros y coautor de ocho m\u00e1s. Descubridor de varias cuevas, una de ellas catalogada por la Comunidad de Castilla La Mancha de inter\u00e9s hist\u00f3rico y etnogr\u00e1fico con hallazgo en la misma de inscripciones de cronolog\u00eda antigua medieval.","url":"https:\/\/www.pressenza.com\/es\/author\/pedro-pozas-terrado\/"}]}},"place":"Madrid- Espa\u00f1a","original_article_url":"","_links":{"self":[{"href":"https:\/\/www.pressenza.com\/es\/wp-json\/wp\/v2\/posts\/2584305","targetHints":{"allow":["GET"]}}],"collection":[{"href":"https:\/\/www.pressenza.com\/es\/wp-json\/wp\/v2\/posts"}],"about":[{"href":"https:\/\/www.pressenza.com\/es\/wp-json\/wp\/v2\/types\/post"}],"author":[{"embeddable":true,"href":"https:\/\/www.pressenza.com\/es\/wp-json\/wp\/v2\/users\/2023"}],"replies":[{"embeddable":true,"href":"https:\/\/www.pressenza.com\/es\/wp-json\/wp\/v2\/comments?post=2584305"}],"version-history":[{"count":0,"href":"https:\/\/www.pressenza.com\/es\/wp-json\/wp\/v2\/posts\/2584305\/revisions"}],"wp:featuredmedia":[{"embeddable":true,"href":"https:\/\/www.pressenza.com\/es\/wp-json\/wp\/v2\/media\/2584306"}],"wp:attachment":[{"href":"https:\/\/www.pressenza.com\/es\/wp-json\/wp\/v2\/media?parent=2584305"}],"wp:term":[{"taxonomy":"category","embeddable":true,"href":"https:\/\/www.pressenza.com\/es\/wp-json\/wp\/v2\/categories?post=2584305"},{"taxonomy":"post_tag","embeddable":true,"href":"https:\/\/www.pressenza.com\/es\/wp-json\/wp\/v2\/tags?post=2584305"}],"curies":[{"name":"wp","href":"https:\/\/api.w.org\/{rel}","templated":true}]}}